{"id":83684,"date":"2026-03-16T20:33:08","date_gmt":"2026-03-16T19:33:08","guid":{"rendered":"https:\/\/lasentinelle.dz\/?p=83684"},"modified":"2026-03-16T20:52:17","modified_gmt":"2026-03-16T19:52:17","slug":"approvisionnement-du-marche-national-linvestissement-productif-pour-desserrer-letau-de-limportation","status":"publish","type":"post","link":"https:\/\/lasentinelle.dz\/index.php\/2026\/03\/16\/approvisionnement-du-marche-national-linvestissement-productif-pour-desserrer-letau-de-limportation\/","title":{"rendered":"Approvisionnement du march\u00e9 national\u00a0: L&rsquo;investissement productif pour desserrer l&rsquo;\u00e9tau de l&rsquo;importation"},"content":{"rendered":"\n<p>La ministre du Commerce int\u00e9rieur et de la R\u00e9gulation du march\u00e9 national, Amel Abdellatif, et le directeur g\u00e9n\u00e9ral de l&rsquo;Agence alg\u00e9rienne de promotion de l&rsquo;investissement (AAPI), Omar Rekkache, ont tenu dimanche \u00e0 Alger une r\u00e9union de coordination strat\u00e9gique consacr\u00e9e aux projets d&rsquo;investissement destin\u00e9s \u00e0 renforcer les capacit\u00e9s de production et d&rsquo;approvisionnement du march\u00e9 national, selon un communiqu\u00e9 du minist\u00e8re.<\/p>\n\n\n\n<p>La rencontre, qui intervient dans un contexte o\u00f9 l&rsquo;Alg\u00e9rie acc\u00e9l\u00e8re sa strat\u00e9gie de substitution aux importations, marque une volont\u00e9 affich\u00e9e de mieux articuler la politique commerciale int\u00e9rieure avec le dispositif national de promotion de l&rsquo;investissement. L&rsquo;enjeu est de taille : il s&rsquo;agit de transformer en profondeur les circuits d&rsquo;approvisionnement du march\u00e9 domestique en orientant les flux d&rsquo;investissement vers les segments productifs les plus critiques, afin de r\u00e9duire la vuln\u00e9rabilit\u00e9 de l&rsquo;\u00e9conomie nationale face \u00e0 la d\u00e9pendance aux produits import\u00e9s. Selon le communiqu\u00e9 du minist\u00e8re, la r\u00e9union, tenue en pr\u00e9sence des cadres des deux institutions, a port\u00e9 sur \u00ab les moyens de renforcer les m\u00e9canismes de prospective et de veille pr\u00e9coce pour la r\u00e9gulation du march\u00e9 national, et de consolider la coordination institutionnelle bilat\u00e9rale \u00bb. Concr\u00e8tement, il a \u00e9t\u00e9 question de transmettre \u00e0 l&rsquo;AAPI les besoins r\u00e9els du secteur, qu&rsquo;il s&rsquo;agisse de plateformes logistiques, de projets li\u00e9s au renforcement des r\u00e9seaux de distribution ou encore de l&rsquo;encouragement au d\u00e9veloppement des grandes surfaces de vente, autant de leviers jug\u00e9s d\u00e9terminants pour structurer et organiser l&rsquo;activit\u00e9 commerciale sur l&rsquo;ensemble du territoire. La ministre Abdellatif a insist\u00e9, lors de cette rencontre, sur \u00ab l&rsquo;importance de renforcer la coordination institutionnelle entre le minist\u00e8re et l&rsquo;AAPI afin d&rsquo;orienter les projets d&rsquo;investissement conform\u00e9ment aux besoins du march\u00e9 national, et de soutenir les initiatives renfor\u00e7ant la production locale pour r\u00e9duire la d\u00e9pendance \u00e0 l&rsquo;importation \u00bb, pr\u00e9cise la m\u00eame source. Un signal clair en direction des op\u00e9rateurs \u00e9conomiques : les pouvoirs publics entendent d\u00e9sormais conditionner l&rsquo;accompagnement des investisseurs \u00e0 leur capacit\u00e9 \u00e0 r\u00e9pondre aux d\u00e9ficits identifi\u00e9s sur le march\u00e9 int\u00e9rieur. De son c\u00f4t\u00e9, Omar Rekkache a mis en relief le r\u00f4le de l&rsquo;AAPI dans l&rsquo;accompagnement des projets d&rsquo;investissement dans le domaine de l&rsquo;approvisionnement du march\u00e9, \u00ab en vue de renforcer les capacit\u00e9s de production et de distribution, et de soutenir la dynamique \u00e9conomique et l&rsquo;investissement productif dans le secteur du Commerce int\u00e9rieur \u00bb, selon le communiqu\u00e9.<\/p>\n\n\n\n<p>Cette initiative s&rsquo;inscrit dans une dynamique plus large de refonte de la gouvernance \u00e9conomique nationale, o\u00f9 la coordination interinstitutionnelle devient un imp\u00e9ratif pour garantir la coh\u00e9rence entre les objectifs de r\u00e9gulation du march\u00e9 et les incitations \u00e0 l&rsquo;investissement. Le d\u00e9veloppement de plateformes logistiques modernes et de grandes surfaces commerciales constitue un maillon essentiel pour fluidifier les circuits de distribution, r\u00e9duire les interm\u00e9diaires et, in fine, contenir les tensions sur les prix qui p\u00e8sent sur le pouvoir d&rsquo;achat des m\u00e9nages. En alignant les priorit\u00e9s de l&rsquo;investissement sur les besoins r\u00e9els du march\u00e9, les autorit\u00e9s ambitionnent de b\u00e2tir un appareil productif national capable de s\u00e9curiser durablement l&rsquo;approvisionnement du consommateur alg\u00e9rien, des r\u00e9duire la facture de l\u2019import, mais aussi de se lib\u00e9rer de l\u2019emprise des chaines d\u2019approvisionnement internationales dans un monde plus en plus volatil.<\/p>\n\n\n\n<p>Sabrina Aziouez<\/p>\n","protected":false},"excerpt":{"rendered":"<p>La ministre du Commerce int\u00e9rieur et de la R\u00e9gulation du march\u00e9 national, Amel Abdellatif, et le directeur g\u00e9n\u00e9ral de l&rsquo;Agence<\/p>\n","protected":false},"author":6,"featured_media":83685,"comment_status":"open","ping_status":"closed","sticky":false,"template":"","format":"standard","meta":{"colormag_page_container_layout":"default_layout","colormag_page_sidebar_layout":"default_layout","om_disable_all_campaigns":false,"_monsterinsights_skip_tracking":false,"_monsterinsights_sitenote_active":false,"_monsterinsights_sitenote_note":"","_monsterinsights_sitenote_category":0,"footnotes":"","_wpscppro_dont_share_socialmedia":false,"_wpscppro_custom_social_share_image":0,"_facebook_share_type":"default","_twitter_share_type":"default","_linkedin_share_type":"default","_pinterest_share_type":"default","_linkedin_share_type_page":"","_instagram_share_type":"default","_medium_share_type":"default","_threads_share_type":"default","_google_business_share_type":"default","_selected_social_profile":[],"_wpsp_enable_custom_social_template":false,"_wpsp_social_scheduling":{"enabled":false,"datetime":null,"platforms":[],"status":"template_only","dateOption":"today","timeOption":"now","customDays":"","customHours":"","customDate":"","customTime":"","schedulingType":"absolute"},"_wpsp_active_default_template":true},"categories":[29],"tags":[],"class_list":["post-83684","post","type-post","status-publish","format-standard","has-post-thumbnail","hentry","category-economie"],"aioseo_notices":[],"yoast_head":"<!-- This site is optimized with the Yoast SEO plugin v27.5 - https:\/\/yoast.com\/product\/yoast-seo-wordpress\/ -->\n<title>Approvisionnement du march\u00e9 national\u00a0: L&rsquo;investissement productif pour desserrer l&rsquo;\u00e9tau de l&rsquo;importation - La Sentinelle<\/title>\n<meta name=\"robots\" content=\"index, follow, max-snippet:-1, max-image-preview:large, max-video-preview:-1\" \/>\n<link rel=\"canonical\" href=\"https:\/\/lasentinelle.dz\/index.php\/2026\/03\/16\/approvisionnement-du-marche-national-linvestissement-productif-pour-desserrer-letau-de-limportation\/\" \/>\n<meta property=\"og:locale\" content=\"fr_FR\" \/>\n<meta property=\"og:type\" content=\"article\" \/>\n<meta property=\"og:title\" content=\"Approvisionnement du march\u00e9 national\u00a0: L&rsquo;investissement productif pour desserrer l&rsquo;\u00e9tau de l&rsquo;importation - La Sentinelle\" \/>\n<meta property=\"og:description\" content=\"La ministre du Commerce int\u00e9rieur et de la R\u00e9gulation du march\u00e9 national, Amel Abdellatif, et le directeur g\u00e9n\u00e9ral de l&rsquo;Agence\" \/>\n<meta property=\"og:url\" content=\"https:\/\/lasentinelle.dz\/index.php\/2026\/03\/16\/approvisionnement-du-marche-national-linvestissement-productif-pour-desserrer-letau-de-limportation\/\" \/>\n<meta property=\"og:site_name\" content=\"La Sentinelle\" \/>\n<meta property=\"article:publisher\" content=\"https:\/\/www.facebook.com\/La-Sentinelle-104059864394773\" \/>\n<meta property=\"article:published_time\" content=\"2026-03-16T19:33:08+00:00\" \/>\n<meta property=\"article:modified_time\" content=\"2026-03-16T19:52:17+00:00\" \/>\n<meta property=\"og:image\" content=\"https:\/\/lasentinelle.dz\/wp-content\/uploads\/2026\/03\/AAPI-commerce.jpg\" \/>\n\t<meta property=\"og:image:width\" content=\"2048\" \/>\n\t<meta property=\"og:image:height\" content=\"1536\" \/>\n\t<meta property=\"og:image:type\" content=\"image\/jpeg\" \/>\n<meta name=\"author\" content=\"admin\" \/>\n<meta name=\"twitter:card\" content=\"summary_large_image\" \/>\n<meta name=\"twitter:label1\" content=\"\u00c9crit par\" \/>\n\t<meta name=\"twitter:data1\" content=\"admin\" \/>\n\t<meta name=\"twitter:label2\" content=\"Dur\u00e9e de lecture estim\u00e9e\" \/>\n\t<meta name=\"twitter:data2\" content=\"3 minutes\" \/>\n<script type=\"application\/ld+json\" class=\"yoast-schema-graph\">{\"@context\":\"https:\\\/\\\/schema.org\",\"@graph\":[{\"@type\":\"Article\",\"@id\":\"https:\\\/\\\/lasentinelle.dz\\\/index.php\\\/2026\\\/03\\\/16\\\/approvisionnement-du-marche-national-linvestissement-productif-pour-desserrer-letau-de-limportation\\\/#article\",\"isPartOf\":{\"@id\":\"https:\\\/\\\/lasentinelle.dz\\\/index.php\\\/2026\\\/03\\\/16\\\/approvisionnement-du-marche-national-linvestissement-productif-pour-desserrer-letau-de-limportation\\\/\"},\"author\":{\"name\":\"admin\",\"@id\":\"https:\\\/\\\/lasentinelle.dz\\\/#\\\/schema\\\/person\\\/729ee0024f24e0b8c5ec17232f8e8b41\"},\"headline\":\"Approvisionnement du march\u00e9 national\u00a0: L&rsquo;investissement productif pour desserrer l&rsquo;\u00e9tau de l&rsquo;importation\",\"datePublished\":\"2026-03-16T19:33:08+00:00\",\"dateModified\":\"2026-03-16T19:52:17+00:00\",\"mainEntityOfPage\":{\"@id\":\"https:\\\/\\\/lasentinelle.dz\\\/index.php\\\/2026\\\/03\\\/16\\\/approvisionnement-du-marche-national-linvestissement-productif-pour-desserrer-letau-de-limportation\\\/\"},\"wordCount\":615,\"commentCount\":0,\"publisher\":{\"@id\":\"https:\\\/\\\/lasentinelle.dz\\\/#organization\"},\"image\":{\"@id\":\"https:\\\/\\\/lasentinelle.dz\\\/index.php\\\/2026\\\/03\\\/16\\\/approvisionnement-du-marche-national-linvestissement-productif-pour-desserrer-letau-de-limportation\\\/#primaryimage\"},\"thumbnailUrl\":\"https:\\\/\\\/lasentinelle.dz\\\/wp-content\\\/uploads\\\/2026\\\/03\\\/AAPI-commerce.jpg\",\"articleSection\":[\"\u00c9conomie\"],\"inLanguage\":\"fr-FR\",\"potentialAction\":[{\"@type\":\"CommentAction\",\"name\":\"Comment\",\"target\":[\"https:\\\/\\\/lasentinelle.dz\\\/index.php\\\/2026\\\/03\\\/16\\\/approvisionnement-du-marche-national-linvestissement-productif-pour-desserrer-letau-de-limportation\\\/#respond\"]}]},{\"@type\":\"WebPage\",\"@id\":\"https:\\\/\\\/lasentinelle.dz\\\/index.php\\\/2026\\\/03\\\/16\\\/approvisionnement-du-marche-national-linvestissement-productif-pour-desserrer-letau-de-limportation\\\/\",\"url\":\"https:\\\/\\\/lasentinelle.dz\\\/index.php\\\/2026\\\/03\\\/16\\\/approvisionnement-du-marche-national-linvestissement-productif-pour-desserrer-letau-de-limportation\\\/\",\"name\":\"Approvisionnement du march\u00e9 national\u00a0: L&rsquo;investissement productif pour desserrer l&rsquo;\u00e9tau de l&rsquo;importation - La Sentinelle\",\"isPartOf\":{\"@id\":\"https:\\\/\\\/lasentinelle.dz\\\/#website\"},\"primaryImageOfPage\":{\"@id\":\"https:\\\/\\\/lasentinelle.dz\\\/index.php\\\/2026\\\/03\\\/16\\\/approvisionnement-du-marche-national-linvestissement-productif-pour-desserrer-letau-de-limportation\\\/#primaryimage\"},\"image\":{\"@id\":\"https:\\\/\\\/lasentinelle.dz\\\/index.php\\\/2026\\\/03\\\/16\\\/approvisionnement-du-marche-national-linvestissement-productif-pour-desserrer-letau-de-limportation\\\/#primaryimage\"},\"thumbnailUrl\":\"https:\\\/\\\/lasentinelle.dz\\\/wp-content\\\/uploads\\\/2026\\\/03\\\/AAPI-commerce.jpg\",\"datePublished\":\"2026-03-16T19:33:08+00:00\",\"dateModified\":\"2026-03-16T19:52:17+00:00\",\"breadcrumb\":{\"@id\":\"https:\\\/\\\/lasentinelle.dz\\\/index.php\\\/2026\\\/03\\\/16\\\/approvisionnement-du-marche-national-linvestissement-productif-pour-desserrer-letau-de-limportation\\\/#breadcrumb\"},\"inLanguage\":\"fr-FR\",\"potentialAction\":[{\"@type\":\"ReadAction\",\"target\":[\"https:\\\/\\\/lasentinelle.dz\\\/index.php\\\/2026\\\/03\\\/16\\\/approvisionnement-du-marche-national-linvestissement-productif-pour-desserrer-letau-de-limportation\\\/\"]}]},{\"@type\":\"ImageObject\",\"inLanguage\":\"fr-FR\",\"@id\":\"https:\\\/\\\/lasentinelle.dz\\\/index.php\\\/2026\\\/03\\\/16\\\/approvisionnement-du-marche-national-linvestissement-productif-pour-desserrer-letau-de-limportation\\\/#primaryimage\",\"url\":\"https:\\\/\\\/lasentinelle.dz\\\/wp-content\\\/uploads\\\/2026\\\/03\\\/AAPI-commerce.jpg\",\"contentUrl\":\"https:\\\/\\\/lasentinelle.dz\\\/wp-content\\\/uploads\\\/2026\\\/03\\\/AAPI-commerce.jpg\",\"width\":2048,\"height\":1536},{\"@type\":\"BreadcrumbList\",\"@id\":\"https:\\\/\\\/lasentinelle.dz\\\/index.php\\\/2026\\\/03\\\/16\\\/approvisionnement-du-marche-national-linvestissement-productif-pour-desserrer-letau-de-limportation\\\/#breadcrumb\",\"itemListElement\":[{\"@type\":\"ListItem\",\"position\":1,\"name\":\"Accueil\",\"item\":\"https:\\\/\\\/lasentinelle.dz\\\/\"},{\"@type\":\"ListItem\",\"position\":2,\"name\":\"Approvisionnement du march\u00e9 national\u00a0: L&rsquo;investissement productif pour desserrer l&rsquo;\u00e9tau de l&rsquo;importation\"}]},{\"@type\":\"WebSite\",\"@id\":\"https:\\\/\\\/lasentinelle.dz\\\/#website\",\"url\":\"https:\\\/\\\/lasentinelle.dz\\\/\",\"name\":\"La Sentinelle\",\"description\":\"Quotidien national d&#039;information\",\"publisher\":{\"@id\":\"https:\\\/\\\/lasentinelle.dz\\\/#organization\"},\"potentialAction\":[{\"@type\":\"SearchAction\",\"target\":{\"@type\":\"EntryPoint\",\"urlTemplate\":\"https:\\\/\\\/lasentinelle.dz\\\/?s={search_term_string}\"},\"query-input\":{\"@type\":\"PropertyValueSpecification\",\"valueRequired\":true,\"valueName\":\"search_term_string\"}}],\"inLanguage\":\"fr-FR\"},{\"@type\":\"Organization\",\"@id\":\"https:\\\/\\\/lasentinelle.dz\\\/#organization\",\"name\":\"Quotidien La Sentinelle\",\"url\":\"https:\\\/\\\/lasentinelle.dz\\\/\",\"logo\":{\"@type\":\"ImageObject\",\"inLanguage\":\"fr-FR\",\"@id\":\"https:\\\/\\\/lasentinelle.dz\\\/#\\\/schema\\\/logo\\\/image\\\/\",\"url\":\"https:\\\/\\\/lasentinelle.dz\\\/wp-content\\\/uploads\\\/2021\\\/09\\\/logo-sentinelleSLOGAN-1.png\",\"contentUrl\":\"https:\\\/\\\/lasentinelle.dz\\\/wp-content\\\/uploads\\\/2021\\\/09\\\/logo-sentinelleSLOGAN-1.png\",\"width\":615,\"height\":142,\"caption\":\"Quotidien La Sentinelle\"},\"image\":{\"@id\":\"https:\\\/\\\/lasentinelle.dz\\\/#\\\/schema\\\/logo\\\/image\\\/\"},\"sameAs\":[\"https:\\\/\\\/www.facebook.com\\\/La-Sentinelle-104059864394773\"]},{\"@type\":\"Person\",\"@id\":\"https:\\\/\\\/lasentinelle.dz\\\/#\\\/schema\\\/person\\\/729ee0024f24e0b8c5ec17232f8e8b41\",\"name\":\"admin\",\"image\":{\"@type\":\"ImageObject\",\"inLanguage\":\"fr-FR\",\"@id\":\"https:\\\/\\\/secure.gravatar.com\\\/avatar\\\/4c81fed838786e9b53f540bf46533e750f5d292099ae3b66cfc6fb1982e29df7?s=96&d=mm&r=g\",\"url\":\"https:\\\/\\\/secure.gravatar.com\\\/avatar\\\/4c81fed838786e9b53f540bf46533e750f5d292099ae3b66cfc6fb1982e29df7?s=96&d=mm&r=g\",\"contentUrl\":\"https:\\\/\\\/secure.gravatar.com\\\/avatar\\\/4c81fed838786e9b53f540bf46533e750f5d292099ae3b66cfc6fb1982e29df7?s=96&d=mm&r=g\",\"caption\":\"admin\"},\"description\":\"admin\",\"url\":\"https:\\\/\\\/lasentinelle.dz\\\/author\\\/admin\\\/\"}]}<\/script>\n<!-- \/ Yoast SEO plugin. -->","yoast_head_json":{"title":"Approvisionnement du march\u00e9 national\u00a0: L&rsquo;investissement productif pour desserrer l&rsquo;\u00e9tau de l&rsquo;importation - La Sentinelle","robots":{"index":"index","follow":"follow","max-snippet":"max-snippet:-1","max-image-preview":"max-image-preview:large","max-video-preview":"max-video-preview:-1"},"canonical":"https:\/\/lasentinelle.dz\/index.php\/2026\/03\/16\/approvisionnement-du-marche-national-linvestissement-productif-pour-desserrer-letau-de-limportation\/","og_locale":"fr_FR","og_type":"article","og_title":"Approvisionnement du march\u00e9 national\u00a0: L&rsquo;investissement productif pour desserrer l&rsquo;\u00e9tau de l&rsquo;importation - La Sentinelle","og_description":"La ministre du Commerce int\u00e9rieur et de la R\u00e9gulation du march\u00e9 national, Amel Abdellatif, et le directeur g\u00e9n\u00e9ral de l&rsquo;Agence","og_url":"https:\/\/lasentinelle.dz\/index.php\/2026\/03\/16\/approvisionnement-du-marche-national-linvestissement-productif-pour-desserrer-letau-de-limportation\/","og_site_name":"La Sentinelle","article_publisher":"https:\/\/www.facebook.com\/La-Sentinelle-104059864394773","article_published_time":"2026-03-16T19:33:08+00:00","article_modified_time":"2026-03-16T19:52:17+00:00","og_image":[{"width":2048,"height":1536,"url":"https:\/\/lasentinelle.dz\/wp-content\/uploads\/2026\/03\/AAPI-commerce.jpg","type":"image\/jpeg"}],"author":"admin","twitter_card":"summary_large_image","twitter_misc":{"\u00c9crit par":"admin","Dur\u00e9e de lecture estim\u00e9e":"3 minutes"},"schema":{"@context":"https:\/\/schema.org","@graph":[{"@type":"Article","@id":"https:\/\/lasentinelle.dz\/index.php\/2026\/03\/16\/approvisionnement-du-marche-national-linvestissement-productif-pour-desserrer-letau-de-limportation\/#article","isPartOf":{"@id":"https:\/\/lasentinelle.dz\/index.php\/2026\/03\/16\/approvisionnement-du-marche-national-linvestissement-productif-pour-desserrer-letau-de-limportation\/"},"author":{"name":"admin","@id":"https:\/\/lasentinelle.dz\/#\/schema\/person\/729ee0024f24e0b8c5ec17232f8e8b41"},"headline":"Approvisionnement du march\u00e9 national\u00a0: L&rsquo;investissement productif pour desserrer l&rsquo;\u00e9tau de l&rsquo;importation","datePublished":"2026-03-16T19:33:08+00:00","dateModified":"2026-03-16T19:52:17+00:00","mainEntityOfPage":{"@id":"https:\/\/lasentinelle.dz\/index.php\/2026\/03\/16\/approvisionnement-du-marche-national-linvestissement-productif-pour-desserrer-letau-de-limportation\/"},"wordCount":615,"commentCount":0,"publisher":{"@id":"https:\/\/lasentinelle.dz\/#organization"},"image":{"@id":"https:\/\/lasentinelle.dz\/index.php\/2026\/03\/16\/approvisionnement-du-marche-national-linvestissement-productif-pour-desserrer-letau-de-limportation\/#primaryimage"},"thumbnailUrl":"https:\/\/lasentinelle.dz\/wp-content\/uploads\/2026\/03\/AAPI-commerce.jpg","articleSection":["\u00c9conomie"],"inLanguage":"fr-FR","potentialAction":[{"@type":"CommentAction","name":"Comment","target":["https:\/\/lasentinelle.dz\/index.php\/2026\/03\/16\/approvisionnement-du-marche-national-linvestissement-productif-pour-desserrer-letau-de-limportation\/#respond"]}]},{"@type":"WebPage","@id":"https:\/\/lasentinelle.dz\/index.php\/2026\/03\/16\/approvisionnement-du-marche-national-linvestissement-productif-pour-desserrer-letau-de-limportation\/","url":"https:\/\/lasentinelle.dz\/index.php\/2026\/03\/16\/approvisionnement-du-marche-national-linvestissement-productif-pour-desserrer-letau-de-limportation\/","name":"Approvisionnement du march\u00e9 national\u00a0: L&rsquo;investissement productif pour desserrer l&rsquo;\u00e9tau de l&rsquo;importation - La Sentinelle","isPartOf":{"@id":"https:\/\/lasentinelle.dz\/#website"},"primaryImageOfPage":{"@id":"https:\/\/lasentinelle.dz\/index.php\/2026\/03\/16\/approvisionnement-du-marche-national-linvestissement-productif-pour-desserrer-letau-de-limportation\/#primaryimage"},"image":{"@id":"https:\/\/lasentinelle.dz\/index.php\/2026\/03\/16\/approvisionnement-du-marche-national-linvestissement-productif-pour-desserrer-letau-de-limportation\/#primaryimage"},"thumbnailUrl":"https:\/\/lasentinelle.dz\/wp-content\/uploads\/2026\/03\/AAPI-commerce.jpg","datePublished":"2026-03-16T19:33:08+00:00","dateModified":"2026-03-16T19:52:17+00:00","breadcrumb":{"@id":"https:\/\/lasentinelle.dz\/index.php\/2026\/03\/16\/approvisionnement-du-marche-national-linvestissement-productif-pour-desserrer-letau-de-limportation\/#breadcrumb"},"inLanguage":"fr-FR","potentialAction":[{"@type":"ReadAction","target":["https:\/\/lasentinelle.dz\/index.php\/2026\/03\/16\/approvisionnement-du-marche-national-linvestissement-productif-pour-desserrer-letau-de-limportation\/"]}]},{"@type":"ImageObject","inLanguage":"fr-FR","@id":"https:\/\/lasentinelle.dz\/index.php\/2026\/03\/16\/approvisionnement-du-marche-national-linvestissement-productif-pour-desserrer-letau-de-limportation\/#primaryimage","url":"https:\/\/lasentinelle.dz\/wp-content\/uploads\/2026\/03\/AAPI-commerce.jpg","contentUrl":"https:\/\/lasentinelle.dz\/wp-content\/uploads\/2026\/03\/AAPI-commerce.jpg","width":2048,"height":1536},{"@type":"BreadcrumbList","@id":"https:\/\/lasentinelle.dz\/index.php\/2026\/03\/16\/approvisionnement-du-marche-national-linvestissement-productif-pour-desserrer-letau-de-limportation\/#breadcrumb","itemListElement":[{"@type":"ListItem","position":1,"name":"Accueil","item":"https:\/\/lasentinelle.dz\/"},{"@type":"ListItem","position":2,"name":"Approvisionnement du march\u00e9 national\u00a0: L&rsquo;investissement productif pour desserrer l&rsquo;\u00e9tau de l&rsquo;importation"}]},{"@type":"WebSite","@id":"https:\/\/lasentinelle.dz\/#website","url":"https:\/\/lasentinelle.dz\/","name":"La Sentinelle","description":"Quotidien national d&#039;information","publisher":{"@id":"https:\/\/lasentinelle.dz\/#organization"},"potentialAction":[{"@type":"SearchAction","target":{"@type":"EntryPoint","urlTemplate":"https:\/\/lasentinelle.dz\/?s={search_term_string}"},"query-input":{"@type":"PropertyValueSpecification","valueRequired":true,"valueName":"search_term_string"}}],"inLanguage":"fr-FR"},{"@type":"Organization","@id":"https:\/\/lasentinelle.dz\/#organization","name":"Quotidien La Sentinelle","url":"https:\/\/lasentinelle.dz\/","logo":{"@type":"ImageObject","inLanguage":"fr-FR","@id":"https:\/\/lasentinelle.dz\/#\/schema\/logo\/image\/","url":"https:\/\/lasentinelle.dz\/wp-content\/uploads\/2021\/09\/logo-sentinelleSLOGAN-1.png","contentUrl":"https:\/\/lasentinelle.dz\/wp-content\/uploads\/2021\/09\/logo-sentinelleSLOGAN-1.png","width":615,"height":142,"caption":"Quotidien La Sentinelle"},"image":{"@id":"https:\/\/lasentinelle.dz\/#\/schema\/logo\/image\/"},"sameAs":["https:\/\/www.facebook.com\/La-Sentinelle-104059864394773"]},{"@type":"Person","@id":"https:\/\/lasentinelle.dz\/#\/schema\/person\/729ee0024f24e0b8c5ec17232f8e8b41","name":"admin","image":{"@type":"ImageObject","inLanguage":"fr-FR","@id":"https:\/\/secure.gravatar.com\/avatar\/4c81fed838786e9b53f540bf46533e750f5d292099ae3b66cfc6fb1982e29df7?s=96&d=mm&r=g","url":"https:\/\/secure.gravatar.com\/avatar\/4c81fed838786e9b53f540bf46533e750f5d292099ae3b66cfc6fb1982e29df7?s=96&d=mm&r=g","contentUrl":"https:\/\/secure.gravatar.com\/avatar\/4c81fed838786e9b53f540bf46533e750f5d292099ae3b66cfc6fb1982e29df7?s=96&d=mm&r=g","caption":"admin"},"description":"admin","url":"https:\/\/lasentinelle.dz\/author\/admin\/"}]}},"_links":{"self":[{"href":"https:\/\/lasentinelle.dz\/index.php\/wp-json\/wp\/v2\/posts\/83684","targetHints":{"allow":["GET"]}}],"collection":[{"href":"https:\/\/lasentinelle.dz\/index.php\/wp-json\/wp\/v2\/posts"}],"about":[{"href":"https:\/\/lasentinelle.dz\/index.php\/wp-json\/wp\/v2\/types\/post"}],"author":[{"embeddable":true,"href":"https:\/\/lasentinelle.dz\/index.php\/wp-json\/wp\/v2\/users\/6"}],"replies":[{"embeddable":true,"href":"https:\/\/lasentinelle.dz\/index.php\/wp-json\/wp\/v2\/comments?post=83684"}],"version-history":[{"count":2,"href":"https:\/\/lasentinelle.dz\/index.php\/wp-json\/wp\/v2\/posts\/83684\/revisions"}],"predecessor-version":[{"id":83687,"href":"https:\/\/lasentinelle.dz\/index.php\/wp-json\/wp\/v2\/posts\/83684\/revisions\/83687"}],"wp:featuredmedia":[{"embeddable":true,"href":"https:\/\/lasentinelle.dz\/index.php\/wp-json\/wp\/v2\/media\/83685"}],"wp:attachment":[{"href":"https:\/\/lasentinelle.dz\/index.php\/wp-json\/wp\/v2\/media?parent=83684"}],"wp:term":[{"taxonomy":"category","embeddable":true,"href":"https:\/\/lasentinelle.dz\/index.php\/wp-json\/wp\/v2\/categories?post=83684"},{"taxonomy":"post_tag","embeddable":true,"href":"https:\/\/lasentinelle.dz\/index.php\/wp-json\/wp\/v2\/tags?post=83684"}],"curies":[{"name":"wp","href":"https:\/\/api.w.org\/{rel}","templated":true}]}}