{"id":83688,"date":"2026-03-16T20:34:10","date_gmt":"2026-03-16T19:34:10","guid":{"rendered":"https:\/\/lasentinelle.dz\/?p=83688"},"modified":"2026-03-16T20:34:11","modified_gmt":"2026-03-16T19:34:11","slug":"electrification-de-ses-quais-le-port-dannaba-sengage-dans-la-transition-energetique","status":"publish","type":"post","link":"https:\/\/lasentinelle.dz\/index.php\/2026\/03\/16\/electrification-de-ses-quais-le-port-dannaba-sengage-dans-la-transition-energetique\/","title":{"rendered":"\u00c9lectrification de ses quais\u00a0: Le port d&rsquo;Annaba s&rsquo;engage dans la transition \u00e9nerg\u00e9tique"},"content":{"rendered":"\n<p>Le port d&rsquo;Annaba franchit une \u00e9tape d\u00e9cisive dans sa strat\u00e9gie de transition \u00e9nerg\u00e9tique. Lundi, l&rsquo;entreprise portuaire de la wilaya a sign\u00e9 une convention d&rsquo;entente avec le Centre de recherche en environnement (CRE) local pour lancer un projet d&rsquo;\u00e9lectrification des quais, permettant aux navires \u00e0 quai de s&rsquo;alimenter directement en \u00e9lectricit\u00e9 et d&rsquo;arr\u00eater leurs moteurs thermiques pendant l&rsquo;accostage. Cette initiative s&rsquo;inscrit dans la politique nationale de transition \u00e9nerg\u00e9tique port\u00e9e par le pr\u00e9sident Abdelmadjid Tebboune. La convention a \u00e9t\u00e9 paraph\u00e9e par Ali Boulares, directeur g\u00e9n\u00e9ral de l&rsquo;entreprise portuaire d&rsquo;Annaba, et Zihad Bouslama, directrice du Centre de recherche en environnement, en pr\u00e9sence de cadres et chercheurs des deux \u00e9tablissements, a indiqu\u00e9 l&rsquo;entreprise portuaire dans un communiqu\u00e9. Le projet repose sur \u00ab\u00a0une technologie innovante d\u00e9velopp\u00e9e par des chercheurs du CRE pour permettre aux navires en rade de s&rsquo;alimenter en \u00e9nergie \u00e9lectrique directement des quais\u00a0\u00bb, a pr\u00e9cis\u00e9 la m\u00eame source. Cette installation vise \u00e0 am\u00e9liorer l&rsquo;efficience \u00e9nerg\u00e9tique du port tout en r\u00e9duisant significativement son empreinte environnementale. Actuellement, les navires \u00e0 quai maintiennent leurs moteurs thermiques en marche pour assurer l&rsquo;alimentation \u00e9lectrique n\u00e9cessaire \u00e0 leurs op\u00e9rations, g\u00e9n\u00e9rant pollution sonore et \u00e9missions atmosph\u00e9riques au c\u0153ur m\u00eame des bassins portuaires. L&rsquo;\u00e9lectrification des quais permettra d&rsquo;\u00e9liminer ces nuisances pendant toute la dur\u00e9e d&rsquo;accostage des b\u00e2timents. Le projet s&rsquo;inscrit dans \u00ab\u00a0le cadre de la politique de transition \u00e9nerg\u00e9tique engag\u00e9e par le pr\u00e9sident de la R\u00e9publique, M. Abdelmadjid Tebboune\u00a0\u00bb, selon le communiqu\u00e9, et r\u00e9pond aux instructions du ministre de l&rsquo;Int\u00e9rieur, des Collectivit\u00e9s locales et des Transports \u00ab\u00a0relatives \u00e0 l&rsquo;alimentation des navires en \u00e9nergie \u00e9lectrique au niveau des quais en vue d&rsquo;am\u00e9liorer l&rsquo;efficience \u00e9nerg\u00e9tique des ports nationaux et r\u00e9duire les \u00e9manations polluantes\u00a0\u00bb. L&rsquo;enjeu environnemental est majeur pour les infrastructures portuaires alg\u00e9riennes. Le document officiel souligne que le projet \u00ab\u00a0rentre dans le cadre des efforts de r\u00e9duction de la pollution sonore et des \u00e9manations des gaz polluants, notamment le dioxyde de carbone \u00e9mis par les navires \u00e0 l&rsquo;int\u00e9rieur des bassins portuaires\u00a0\u00bb. Cette probl\u00e9matique concerne l&rsquo;ensemble des ports m\u00e9diterran\u00e9ens, o\u00f9 la concentration des activit\u00e9s maritimes dans des espaces confin\u00e9s amplifie l&rsquo;impact des \u00e9missions. Au-del\u00e0 de ses b\u00e9n\u00e9fices \u00e9cologiques imm\u00e9diats, cette initiative illustre une ambition plus large de modernisation des infrastructures strat\u00e9giques du pays. L&rsquo;entreprise portuaire pr\u00e9cise que le projet s&rsquo;inscrit \u00e9galement dans \u00ab\u00a0le cadre des efforts de d\u00e9veloppement des infrastructures de base strat\u00e9giques du pays et leur consolidation par les technologies modernes adopt\u00e9es \u00e0 l&rsquo;\u00e9chelle mondiale outre le soutien du processus de transition \u00e9nerg\u00e9tique vers les \u00e9nergies propres et renouvelables\u00a0\u00bb.<\/p>\n\n\n\n<p>Le recours \u00e0 une technologie d\u00e9velopp\u00e9e localement par le CRE d&rsquo;Annaba constitue un \u00e9l\u00e9ment notable de cette op\u00e9ration, valorisant les capacit\u00e9s nationales de recherche et d&rsquo;innovation dans le domaine environnemental. Cette collaboration entre une entreprise portuaire et un centre de recherche public pourrait servir de mod\u00e8le pour d&rsquo;autres ports alg\u00e9riens confront\u00e9s aux m\u00eames d\u00e9fis de transition \u00e9nerg\u00e9tique et de conformit\u00e9 aux normes environnementales internationales de plus en plus strictes dans le secteur maritime.<\/p>\n\n\n\n<p>R.E.<\/p>\n","protected":false},"excerpt":{"rendered":"<p>Le port d&rsquo;Annaba franchit une \u00e9tape d\u00e9cisive dans sa strat\u00e9gie de transition \u00e9nerg\u00e9tique. Lundi, l&rsquo;entreprise portuaire de la wilaya a<\/p>\n","protected":false},"author":6,"featured_media":22266,"comment_status":"open","ping_status":"closed","sticky":false,"template":"","format":"standard","meta":{"colormag_page_container_layout":"default_layout","colormag_page_sidebar_layout":"default_layout","om_disable_all_campaigns":false,"_monsterinsights_skip_tracking":false,"_monsterinsights_sitenote_active":false,"_monsterinsights_sitenote_note":"","_monsterinsights_sitenote_category":0,"footnotes":"","_wpscppro_dont_share_socialmedia":false,"_wpscppro_custom_social_share_image":0,"_facebook_share_type":"default","_twitter_share_type":"default","_linkedin_share_type":"default","_pinterest_share_type":"default","_linkedin_share_type_page":"","_instagram_share_type":"default","_medium_share_type":"default","_threads_share_type":"default","_google_business_share_type":"default","_selected_social_profile":[],"_wpsp_enable_custom_social_template":false,"_wpsp_social_scheduling":{"enabled":false,"datetime":null,"platforms":[],"status":"template_only","dateOption":"today","timeOption":"now","customDays":"","customHours":"","customDate":"","customTime":"","schedulingType":"absolute"},"_wpsp_active_default_template":true},"categories":[29],"tags":[],"class_list":["post-83688","post","type-post","status-publish","format-standard","has-post-thumbnail","hentry","category-economie"],"aioseo_notices":[],"yoast_head":"<!-- This site is optimized with the Yoast SEO plugin v27.5 - https:\/\/yoast.com\/product\/yoast-seo-wordpress\/ -->\n<title>\u00c9lectrification de ses quais\u00a0: Le port d&rsquo;Annaba s&rsquo;engage dans la transition \u00e9nerg\u00e9tique - La Sentinelle<\/title>\n<meta name=\"robots\" content=\"index, follow, max-snippet:-1, max-image-preview:large, max-video-preview:-1\" \/>\n<link rel=\"canonical\" href=\"https:\/\/lasentinelle.dz\/index.php\/2026\/03\/16\/electrification-de-ses-quais-le-port-dannaba-sengage-dans-la-transition-energetique\/\" \/>\n<meta property=\"og:locale\" content=\"fr_FR\" \/>\n<meta property=\"og:type\" content=\"article\" \/>\n<meta property=\"og:title\" content=\"\u00c9lectrification de ses quais\u00a0: Le port d&rsquo;Annaba s&rsquo;engage dans la transition \u00e9nerg\u00e9tique - La Sentinelle\" \/>\n<meta property=\"og:description\" content=\"Le port d&rsquo;Annaba franchit une \u00e9tape d\u00e9cisive dans sa strat\u00e9gie de transition \u00e9nerg\u00e9tique. Lundi, l&rsquo;entreprise portuaire de la wilaya a\" \/>\n<meta property=\"og:url\" content=\"https:\/\/lasentinelle.dz\/index.php\/2026\/03\/16\/electrification-de-ses-quais-le-port-dannaba-sengage-dans-la-transition-energetique\/\" \/>\n<meta property=\"og:site_name\" content=\"La Sentinelle\" \/>\n<meta property=\"article:publisher\" content=\"https:\/\/www.facebook.com\/La-Sentinelle-104059864394773\" \/>\n<meta property=\"article:published_time\" content=\"2026-03-16T19:34:10+00:00\" \/>\n<meta property=\"article:modified_time\" content=\"2026-03-16T19:34:11+00:00\" \/>\n<meta property=\"og:image\" content=\"https:\/\/lasentinelle.dz\/wp-content\/uploads\/2022\/06\/port-dannaba.png\" \/>\n\t<meta property=\"og:image:width\" content=\"1200\" \/>\n\t<meta property=\"og:image:height\" content=\"900\" \/>\n\t<meta property=\"og:image:type\" content=\"image\/png\" \/>\n<meta name=\"author\" content=\"admin\" \/>\n<meta name=\"twitter:card\" content=\"summary_large_image\" \/>\n<meta name=\"twitter:label1\" content=\"\u00c9crit par\" \/>\n\t<meta name=\"twitter:data1\" content=\"admin\" \/>\n\t<meta name=\"twitter:label2\" content=\"Dur\u00e9e de lecture estim\u00e9e\" \/>\n\t<meta name=\"twitter:data2\" content=\"3 minutes\" \/>\n<script type=\"application\/ld+json\" class=\"yoast-schema-graph\">{\"@context\":\"https:\\\/\\\/schema.org\",\"@graph\":[{\"@type\":\"Article\",\"@id\":\"https:\\\/\\\/lasentinelle.dz\\\/index.php\\\/2026\\\/03\\\/16\\\/electrification-de-ses-quais-le-port-dannaba-sengage-dans-la-transition-energetique\\\/#article\",\"isPartOf\":{\"@id\":\"https:\\\/\\\/lasentinelle.dz\\\/index.php\\\/2026\\\/03\\\/16\\\/electrification-de-ses-quais-le-port-dannaba-sengage-dans-la-transition-energetique\\\/\"},\"author\":{\"name\":\"admin\",\"@id\":\"https:\\\/\\\/lasentinelle.dz\\\/#\\\/schema\\\/person\\\/729ee0024f24e0b8c5ec17232f8e8b41\"},\"headline\":\"\u00c9lectrification de ses quais\u00a0: Le port d&rsquo;Annaba s&rsquo;engage dans la transition \u00e9nerg\u00e9tique\",\"datePublished\":\"2026-03-16T19:34:10+00:00\",\"dateModified\":\"2026-03-16T19:34:11+00:00\",\"mainEntityOfPage\":{\"@id\":\"https:\\\/\\\/lasentinelle.dz\\\/index.php\\\/2026\\\/03\\\/16\\\/electrification-de-ses-quais-le-port-dannaba-sengage-dans-la-transition-energetique\\\/\"},\"wordCount\":587,\"commentCount\":0,\"publisher\":{\"@id\":\"https:\\\/\\\/lasentinelle.dz\\\/#organization\"},\"image\":{\"@id\":\"https:\\\/\\\/lasentinelle.dz\\\/index.php\\\/2026\\\/03\\\/16\\\/electrification-de-ses-quais-le-port-dannaba-sengage-dans-la-transition-energetique\\\/#primaryimage\"},\"thumbnailUrl\":\"https:\\\/\\\/lasentinelle.dz\\\/wp-content\\\/uploads\\\/2022\\\/06\\\/port-dannaba.png\",\"articleSection\":[\"\u00c9conomie\"],\"inLanguage\":\"fr-FR\",\"potentialAction\":[{\"@type\":\"CommentAction\",\"name\":\"Comment\",\"target\":[\"https:\\\/\\\/lasentinelle.dz\\\/index.php\\\/2026\\\/03\\\/16\\\/electrification-de-ses-quais-le-port-dannaba-sengage-dans-la-transition-energetique\\\/#respond\"]}]},{\"@type\":\"WebPage\",\"@id\":\"https:\\\/\\\/lasentinelle.dz\\\/index.php\\\/2026\\\/03\\\/16\\\/electrification-de-ses-quais-le-port-dannaba-sengage-dans-la-transition-energetique\\\/\",\"url\":\"https:\\\/\\\/lasentinelle.dz\\\/index.php\\\/2026\\\/03\\\/16\\\/electrification-de-ses-quais-le-port-dannaba-sengage-dans-la-transition-energetique\\\/\",\"name\":\"\u00c9lectrification de ses quais\u00a0: Le port d&rsquo;Annaba s&rsquo;engage dans la transition \u00e9nerg\u00e9tique - La Sentinelle\",\"isPartOf\":{\"@id\":\"https:\\\/\\\/lasentinelle.dz\\\/#website\"},\"primaryImageOfPage\":{\"@id\":\"https:\\\/\\\/lasentinelle.dz\\\/index.php\\\/2026\\\/03\\\/16\\\/electrification-de-ses-quais-le-port-dannaba-sengage-dans-la-transition-energetique\\\/#primaryimage\"},\"image\":{\"@id\":\"https:\\\/\\\/lasentinelle.dz\\\/index.php\\\/2026\\\/03\\\/16\\\/electrification-de-ses-quais-le-port-dannaba-sengage-dans-la-transition-energetique\\\/#primaryimage\"},\"thumbnailUrl\":\"https:\\\/\\\/lasentinelle.dz\\\/wp-content\\\/uploads\\\/2022\\\/06\\\/port-dannaba.png\",\"datePublished\":\"2026-03-16T19:34:10+00:00\",\"dateModified\":\"2026-03-16T19:34:11+00:00\",\"breadcrumb\":{\"@id\":\"https:\\\/\\\/lasentinelle.dz\\\/index.php\\\/2026\\\/03\\\/16\\\/electrification-de-ses-quais-le-port-dannaba-sengage-dans-la-transition-energetique\\\/#breadcrumb\"},\"inLanguage\":\"fr-FR\",\"potentialAction\":[{\"@type\":\"ReadAction\",\"target\":[\"https:\\\/\\\/lasentinelle.dz\\\/index.php\\\/2026\\\/03\\\/16\\\/electrification-de-ses-quais-le-port-dannaba-sengage-dans-la-transition-energetique\\\/\"]}]},{\"@type\":\"ImageObject\",\"inLanguage\":\"fr-FR\",\"@id\":\"https:\\\/\\\/lasentinelle.dz\\\/index.php\\\/2026\\\/03\\\/16\\\/electrification-de-ses-quais-le-port-dannaba-sengage-dans-la-transition-energetique\\\/#primaryimage\",\"url\":\"https:\\\/\\\/lasentinelle.dz\\\/wp-content\\\/uploads\\\/2022\\\/06\\\/port-dannaba.png\",\"contentUrl\":\"https:\\\/\\\/lasentinelle.dz\\\/wp-content\\\/uploads\\\/2022\\\/06\\\/port-dannaba.png\",\"width\":1200,\"height\":900},{\"@type\":\"BreadcrumbList\",\"@id\":\"https:\\\/\\\/lasentinelle.dz\\\/index.php\\\/2026\\\/03\\\/16\\\/electrification-de-ses-quais-le-port-dannaba-sengage-dans-la-transition-energetique\\\/#breadcrumb\",\"itemListElement\":[{\"@type\":\"ListItem\",\"position\":1,\"name\":\"Accueil\",\"item\":\"https:\\\/\\\/lasentinelle.dz\\\/\"},{\"@type\":\"ListItem\",\"position\":2,\"name\":\"\u00c9lectrification de ses quais\u00a0: Le port d&rsquo;Annaba s&rsquo;engage dans la transition \u00e9nerg\u00e9tique\"}]},{\"@type\":\"WebSite\",\"@id\":\"https:\\\/\\\/lasentinelle.dz\\\/#website\",\"url\":\"https:\\\/\\\/lasentinelle.dz\\\/\",\"name\":\"La Sentinelle\",\"description\":\"Quotidien national d&#039;information\",\"publisher\":{\"@id\":\"https:\\\/\\\/lasentinelle.dz\\\/#organization\"},\"potentialAction\":[{\"@type\":\"SearchAction\",\"target\":{\"@type\":\"EntryPoint\",\"urlTemplate\":\"https:\\\/\\\/lasentinelle.dz\\\/?s={search_term_string}\"},\"query-input\":{\"@type\":\"PropertyValueSpecification\",\"valueRequired\":true,\"valueName\":\"search_term_string\"}}],\"inLanguage\":\"fr-FR\"},{\"@type\":\"Organization\",\"@id\":\"https:\\\/\\\/lasentinelle.dz\\\/#organization\",\"name\":\"Quotidien La Sentinelle\",\"url\":\"https:\\\/\\\/lasentinelle.dz\\\/\",\"logo\":{\"@type\":\"ImageObject\",\"inLanguage\":\"fr-FR\",\"@id\":\"https:\\\/\\\/lasentinelle.dz\\\/#\\\/schema\\\/logo\\\/image\\\/\",\"url\":\"https:\\\/\\\/lasentinelle.dz\\\/wp-content\\\/uploads\\\/2021\\\/09\\\/logo-sentinelleSLOGAN-1.png\",\"contentUrl\":\"https:\\\/\\\/lasentinelle.dz\\\/wp-content\\\/uploads\\\/2021\\\/09\\\/logo-sentinelleSLOGAN-1.png\",\"width\":615,\"height\":142,\"caption\":\"Quotidien La Sentinelle\"},\"image\":{\"@id\":\"https:\\\/\\\/lasentinelle.dz\\\/#\\\/schema\\\/logo\\\/image\\\/\"},\"sameAs\":[\"https:\\\/\\\/www.facebook.com\\\/La-Sentinelle-104059864394773\"]},{\"@type\":\"Person\",\"@id\":\"https:\\\/\\\/lasentinelle.dz\\\/#\\\/schema\\\/person\\\/729ee0024f24e0b8c5ec17232f8e8b41\",\"name\":\"admin\",\"image\":{\"@type\":\"ImageObject\",\"inLanguage\":\"fr-FR\",\"@id\":\"https:\\\/\\\/secure.gravatar.com\\\/avatar\\\/4c81fed838786e9b53f540bf46533e750f5d292099ae3b66cfc6fb1982e29df7?s=96&d=mm&r=g\",\"url\":\"https:\\\/\\\/secure.gravatar.com\\\/avatar\\\/4c81fed838786e9b53f540bf46533e750f5d292099ae3b66cfc6fb1982e29df7?s=96&d=mm&r=g\",\"contentUrl\":\"https:\\\/\\\/secure.gravatar.com\\\/avatar\\\/4c81fed838786e9b53f540bf46533e750f5d292099ae3b66cfc6fb1982e29df7?s=96&d=mm&r=g\",\"caption\":\"admin\"},\"description\":\"admin\",\"url\":\"https:\\\/\\\/lasentinelle.dz\\\/author\\\/admin\\\/\"}]}<\/script>\n<!-- \/ Yoast SEO plugin. -->","yoast_head_json":{"title":"\u00c9lectrification de ses quais\u00a0: Le port d&rsquo;Annaba s&rsquo;engage dans la transition \u00e9nerg\u00e9tique - La Sentinelle","robots":{"index":"index","follow":"follow","max-snippet":"max-snippet:-1","max-image-preview":"max-image-preview:large","max-video-preview":"max-video-preview:-1"},"canonical":"https:\/\/lasentinelle.dz\/index.php\/2026\/03\/16\/electrification-de-ses-quais-le-port-dannaba-sengage-dans-la-transition-energetique\/","og_locale":"fr_FR","og_type":"article","og_title":"\u00c9lectrification de ses quais\u00a0: Le port d&rsquo;Annaba s&rsquo;engage dans la transition \u00e9nerg\u00e9tique - La Sentinelle","og_description":"Le port d&rsquo;Annaba franchit une \u00e9tape d\u00e9cisive dans sa strat\u00e9gie de transition \u00e9nerg\u00e9tique. Lundi, l&rsquo;entreprise portuaire de la wilaya a","og_url":"https:\/\/lasentinelle.dz\/index.php\/2026\/03\/16\/electrification-de-ses-quais-le-port-dannaba-sengage-dans-la-transition-energetique\/","og_site_name":"La Sentinelle","article_publisher":"https:\/\/www.facebook.com\/La-Sentinelle-104059864394773","article_published_time":"2026-03-16T19:34:10+00:00","article_modified_time":"2026-03-16T19:34:11+00:00","og_image":[{"width":1200,"height":900,"url":"https:\/\/lasentinelle.dz\/wp-content\/uploads\/2022\/06\/port-dannaba.png","type":"image\/png"}],"author":"admin","twitter_card":"summary_large_image","twitter_misc":{"\u00c9crit par":"admin","Dur\u00e9e de lecture estim\u00e9e":"3 minutes"},"schema":{"@context":"https:\/\/schema.org","@graph":[{"@type":"Article","@id":"https:\/\/lasentinelle.dz\/index.php\/2026\/03\/16\/electrification-de-ses-quais-le-port-dannaba-sengage-dans-la-transition-energetique\/#article","isPartOf":{"@id":"https:\/\/lasentinelle.dz\/index.php\/2026\/03\/16\/electrification-de-ses-quais-le-port-dannaba-sengage-dans-la-transition-energetique\/"},"author":{"name":"admin","@id":"https:\/\/lasentinelle.dz\/#\/schema\/person\/729ee0024f24e0b8c5ec17232f8e8b41"},"headline":"\u00c9lectrification de ses quais\u00a0: Le port d&rsquo;Annaba s&rsquo;engage dans la transition \u00e9nerg\u00e9tique","datePublished":"2026-03-16T19:34:10+00:00","dateModified":"2026-03-16T19:34:11+00:00","mainEntityOfPage":{"@id":"https:\/\/lasentinelle.dz\/index.php\/2026\/03\/16\/electrification-de-ses-quais-le-port-dannaba-sengage-dans-la-transition-energetique\/"},"wordCount":587,"commentCount":0,"publisher":{"@id":"https:\/\/lasentinelle.dz\/#organization"},"image":{"@id":"https:\/\/lasentinelle.dz\/index.php\/2026\/03\/16\/electrification-de-ses-quais-le-port-dannaba-sengage-dans-la-transition-energetique\/#primaryimage"},"thumbnailUrl":"https:\/\/lasentinelle.dz\/wp-content\/uploads\/2022\/06\/port-dannaba.png","articleSection":["\u00c9conomie"],"inLanguage":"fr-FR","potentialAction":[{"@type":"CommentAction","name":"Comment","target":["https:\/\/lasentinelle.dz\/index.php\/2026\/03\/16\/electrification-de-ses-quais-le-port-dannaba-sengage-dans-la-transition-energetique\/#respond"]}]},{"@type":"WebPage","@id":"https:\/\/lasentinelle.dz\/index.php\/2026\/03\/16\/electrification-de-ses-quais-le-port-dannaba-sengage-dans-la-transition-energetique\/","url":"https:\/\/lasentinelle.dz\/index.php\/2026\/03\/16\/electrification-de-ses-quais-le-port-dannaba-sengage-dans-la-transition-energetique\/","name":"\u00c9lectrification de ses quais\u00a0: Le port d&rsquo;Annaba s&rsquo;engage dans la transition \u00e9nerg\u00e9tique - La Sentinelle","isPartOf":{"@id":"https:\/\/lasentinelle.dz\/#website"},"primaryImageOfPage":{"@id":"https:\/\/lasentinelle.dz\/index.php\/2026\/03\/16\/electrification-de-ses-quais-le-port-dannaba-sengage-dans-la-transition-energetique\/#primaryimage"},"image":{"@id":"https:\/\/lasentinelle.dz\/index.php\/2026\/03\/16\/electrification-de-ses-quais-le-port-dannaba-sengage-dans-la-transition-energetique\/#primaryimage"},"thumbnailUrl":"https:\/\/lasentinelle.dz\/wp-content\/uploads\/2022\/06\/port-dannaba.png","datePublished":"2026-03-16T19:34:10+00:00","dateModified":"2026-03-16T19:34:11+00:00","breadcrumb":{"@id":"https:\/\/lasentinelle.dz\/index.php\/2026\/03\/16\/electrification-de-ses-quais-le-port-dannaba-sengage-dans-la-transition-energetique\/#breadcrumb"},"inLanguage":"fr-FR","potentialAction":[{"@type":"ReadAction","target":["https:\/\/lasentinelle.dz\/index.php\/2026\/03\/16\/electrification-de-ses-quais-le-port-dannaba-sengage-dans-la-transition-energetique\/"]}]},{"@type":"ImageObject","inLanguage":"fr-FR","@id":"https:\/\/lasentinelle.dz\/index.php\/2026\/03\/16\/electrification-de-ses-quais-le-port-dannaba-sengage-dans-la-transition-energetique\/#primaryimage","url":"https:\/\/lasentinelle.dz\/wp-content\/uploads\/2022\/06\/port-dannaba.png","contentUrl":"https:\/\/lasentinelle.dz\/wp-content\/uploads\/2022\/06\/port-dannaba.png","width":1200,"height":900},{"@type":"BreadcrumbList","@id":"https:\/\/lasentinelle.dz\/index.php\/2026\/03\/16\/electrification-de-ses-quais-le-port-dannaba-sengage-dans-la-transition-energetique\/#breadcrumb","itemListElement":[{"@type":"ListItem","position":1,"name":"Accueil","item":"https:\/\/lasentinelle.dz\/"},{"@type":"ListItem","position":2,"name":"\u00c9lectrification de ses quais\u00a0: Le port d&rsquo;Annaba s&rsquo;engage dans la transition \u00e9nerg\u00e9tique"}]},{"@type":"WebSite","@id":"https:\/\/lasentinelle.dz\/#website","url":"https:\/\/lasentinelle.dz\/","name":"La Sentinelle","description":"Quotidien national d&#039;information","publisher":{"@id":"https:\/\/lasentinelle.dz\/#organization"},"potentialAction":[{"@type":"SearchAction","target":{"@type":"EntryPoint","urlTemplate":"https:\/\/lasentinelle.dz\/?s={search_term_string}"},"query-input":{"@type":"PropertyValueSpecification","valueRequired":true,"valueName":"search_term_string"}}],"inLanguage":"fr-FR"},{"@type":"Organization","@id":"https:\/\/lasentinelle.dz\/#organization","name":"Quotidien La Sentinelle","url":"https:\/\/lasentinelle.dz\/","logo":{"@type":"ImageObject","inLanguage":"fr-FR","@id":"https:\/\/lasentinelle.dz\/#\/schema\/logo\/image\/","url":"https:\/\/lasentinelle.dz\/wp-content\/uploads\/2021\/09\/logo-sentinelleSLOGAN-1.png","contentUrl":"https:\/\/lasentinelle.dz\/wp-content\/uploads\/2021\/09\/logo-sentinelleSLOGAN-1.png","width":615,"height":142,"caption":"Quotidien La Sentinelle"},"image":{"@id":"https:\/\/lasentinelle.dz\/#\/schema\/logo\/image\/"},"sameAs":["https:\/\/www.facebook.com\/La-Sentinelle-104059864394773"]},{"@type":"Person","@id":"https:\/\/lasentinelle.dz\/#\/schema\/person\/729ee0024f24e0b8c5ec17232f8e8b41","name":"admin","image":{"@type":"ImageObject","inLanguage":"fr-FR","@id":"https:\/\/secure.gravatar.com\/avatar\/4c81fed838786e9b53f540bf46533e750f5d292099ae3b66cfc6fb1982e29df7?s=96&d=mm&r=g","url":"https:\/\/secure.gravatar.com\/avatar\/4c81fed838786e9b53f540bf46533e750f5d292099ae3b66cfc6fb1982e29df7?s=96&d=mm&r=g","contentUrl":"https:\/\/secure.gravatar.com\/avatar\/4c81fed838786e9b53f540bf46533e750f5d292099ae3b66cfc6fb1982e29df7?s=96&d=mm&r=g","caption":"admin"},"description":"admin","url":"https:\/\/lasentinelle.dz\/author\/admin\/"}]}},"_links":{"self":[{"href":"https:\/\/lasentinelle.dz\/index.php\/wp-json\/wp\/v2\/posts\/83688","targetHints":{"allow":["GET"]}}],"collection":[{"href":"https:\/\/lasentinelle.dz\/index.php\/wp-json\/wp\/v2\/posts"}],"about":[{"href":"https:\/\/lasentinelle.dz\/index.php\/wp-json\/wp\/v2\/types\/post"}],"author":[{"embeddable":true,"href":"https:\/\/lasentinelle.dz\/index.php\/wp-json\/wp\/v2\/users\/6"}],"replies":[{"embeddable":true,"href":"https:\/\/lasentinelle.dz\/index.php\/wp-json\/wp\/v2\/comments?post=83688"}],"version-history":[{"count":2,"href":"https:\/\/lasentinelle.dz\/index.php\/wp-json\/wp\/v2\/posts\/83688\/revisions"}],"predecessor-version":[{"id":83690,"href":"https:\/\/lasentinelle.dz\/index.php\/wp-json\/wp\/v2\/posts\/83688\/revisions\/83690"}],"wp:featuredmedia":[{"embeddable":true,"href":"https:\/\/lasentinelle.dz\/index.php\/wp-json\/wp\/v2\/media\/22266"}],"wp:attachment":[{"href":"https:\/\/lasentinelle.dz\/index.php\/wp-json\/wp\/v2\/media?parent=83688"}],"wp:term":[{"taxonomy":"category","embeddable":true,"href":"https:\/\/lasentinelle.dz\/index.php\/wp-json\/wp\/v2\/categories?post=83688"},{"taxonomy":"post_tag","embeddable":true,"href":"https:\/\/lasentinelle.dz\/index.php\/wp-json\/wp\/v2\/tags?post=83688"}],"curies":[{"name":"wp","href":"https:\/\/api.w.org\/{rel}","templated":true}]}}