{"id":83691,"date":"2026-03-16T20:36:00","date_gmt":"2026-03-16T19:36:00","guid":{"rendered":"https:\/\/lasentinelle.dz\/?p=83691"},"modified":"2026-03-16T20:36:01","modified_gmt":"2026-03-16T19:36:01","slug":"agriculture-de-precision-lalgerie-developpe-ses-propres-technologies","status":"publish","type":"post","link":"https:\/\/lasentinelle.dz\/index.php\/2026\/03\/16\/agriculture-de-precision-lalgerie-developpe-ses-propres-technologies\/","title":{"rendered":"Agriculture de pr\u00e9cision\u00a0: L&rsquo;Alg\u00e9rie d\u00e9veloppe ses propres technologies"},"content":{"rendered":"\n<p>Deux conventions de coop\u00e9ration ont \u00e9t\u00e9 sign\u00e9es lundi \u00e0 Alger entre le Centre de recherche en technologies industrielles \u2014 le CRTI \u2014 et deux institutions de premier plan : l&rsquo;entreprise de production de mat\u00e9riel agricole et l&rsquo;\u00c9cole nationale sup\u00e9rieure d&rsquo;agronomie. Un acte symbolique autant que concret, paraph\u00e9 sous l&rsquo;\u00e9gide du ministre de l&rsquo;Enseignement sup\u00e9rieur et de la Recherche scientifique, Kamal Baddari. La c\u00e9r\u00e9monie de signature n&rsquo;a pas \u00e9t\u00e9 un simple exercice protocolaire. Le ministre Baddari en a profit\u00e9 pour passer en revue une s\u00e9rie de projets innovants con\u00e7us et fabriqu\u00e9s au sein du CRTI, qui s&rsquo;inscrivent dans la strat\u00e9gie sectorielle plac\u00e9e sous le slogan \u00ab Innover en Alg\u00e9rie \u00bb. Des prototypes qui, pour la premi\u00e8re fois, donnent corps \u00e0 une ambition r\u00e9p\u00e9t\u00e9e depuis des ann\u00e9es : doter l&rsquo;agriculture alg\u00e9rienne d&rsquo;outils technologiques nationaux, plut\u00f4t que de continuer \u00e0 d\u00e9pendre ind\u00e9finiment de l&rsquo;importation d&rsquo;\u00e9quipements \u00e9trangers. Le ministre n&rsquo;a pas m\u00e9nag\u00e9 ses mots pour souligner la port\u00e9e de ces travaux. Il a affirm\u00e9 que ces innovations \u00ab auront un effet r\u00e9el sur l&rsquo;\u00e9conomie nationale et renforceront la souverainet\u00e9 alimentaire et industrielle nationale, qui figure parmi les priorit\u00e9s du gouvernement \u00bb. Une d\u00e9claration qui ancre explicitement la recherche technologique dans le projet politique d&rsquo;ind\u00e9pendance \u00e9conomique port\u00e9 par les autorit\u00e9s alg\u00e9riennes, et conf\u00e8re \u00e0 ces conventions une dimension qui d\u00e9passe le simple cadre acad\u00e9mique. Les solutions d\u00e9velopp\u00e9es par le CRTI couvrent un spectre large et r\u00e9pondent \u00e0 des besoins concrets du secteur agricole. Parmi les r\u00e9alisations pr\u00e9sent\u00e9es figurent un prototype de machine de d\u00e9pi\u00e9geage \u2014 con\u00e7u pour d\u00e9barrasser les terres agricoles des pierres qui freinent la m\u00e9canisation \u2014, une station m\u00e9t\u00e9orologique d\u00e9di\u00e9e au suivi des cultures de bl\u00e9, un robot agricole op\u00e9rant directement dans les espaces cultiv\u00e9s, ainsi qu&rsquo;un drone sp\u00e9cialement guid\u00e9 pour le traitement phytosanitaire des grandes surfaces agricoles. Des dispositifs pens\u00e9s pour r\u00e9pondre aux contraintes sp\u00e9cifiques du contexte alg\u00e9rien, des vastes \u00e9tendues des hauts plateaux c\u00e9r\u00e9aliers aux serres de mara\u00eechage intensif. L&rsquo;impact attendu de ces outils est \u00e0 la fois technique et \u00e9conomique. Selon les concepteurs, ces projets de recherche sont de nature \u00e0 \u00ab am\u00e9liorer le rendement agricole et \u00e0 optimiser la gestion de l&rsquo;irrigation, tout en permettant la d\u00e9tection pr\u00e9coce des maladies affectant les cultures de bl\u00e9 et les plantes, notamment \u00e0 l&rsquo;int\u00e9rieur des serres \u00bb. Des gains de productivit\u00e9 qui, s&rsquo;ils sont d\u00e9ploy\u00e9s \u00e0 grande \u00e9chelle, pourraient contribuer significativement \u00e0 la s\u00e9curit\u00e9 alimentaire nationale, dans un contexte o\u00f9 l&rsquo;Alg\u00e9rie continue d&rsquo;importer des quantit\u00e9s consid\u00e9rables de c\u00e9r\u00e9ales et de produits alimentaires transform\u00e9s.<\/p>\n\n\n\n<p>C&rsquo;est pr\u00e9cis\u00e9ment pour acc\u00e9l\u00e9rer ce passage du laboratoire au terrain que Kamal Baddari a lanc\u00e9 un appel direct aux op\u00e9rateurs \u00e9conomiques. Il a exhort\u00e9 les acteurs et investisseurs des fili\u00e8res agricoles et agronomiques \u00e0 \u00ab s&rsquo;appuyer sur ces solutions pr\u00eates \u00e0 l&#8217;emploi \u00bb, leur signifiant que les technologies existent d\u00e9sormais et n&rsquo;attendent que des partenaires priv\u00e9s pour \u00eatre industrialis\u00e9es et commercialis\u00e9es. Une invitation \u00e0 boucler le cycle vertueux entre recherche publique et investissement productif \u2014 un maillon qui a souvent manqu\u00e9 dans l&rsquo;histoire r\u00e9cente de la politique scientifique alg\u00e9rienne.<\/p>\n\n\n\n<p>S.A.<\/p>\n","protected":false},"excerpt":{"rendered":"<p>Deux conventions de coop\u00e9ration ont \u00e9t\u00e9 sign\u00e9es lundi \u00e0 Alger entre le Centre de recherche en technologies industrielles \u2014 le<\/p>\n","protected":false},"author":6,"featured_media":83692,"comment_status":"open","ping_status":"closed","sticky":false,"template":"","format":"standard","meta":{"colormag_page_container_layout":"default_layout","colormag_page_sidebar_layout":"default_layout","om_disable_all_campaigns":false,"_monsterinsights_skip_tracking":false,"_monsterinsights_sitenote_active":false,"_monsterinsights_sitenote_note":"","_monsterinsights_sitenote_category":0,"footnotes":"","_wpscppro_dont_share_socialmedia":false,"_wpscppro_custom_social_share_image":0,"_facebook_share_type":"default","_twitter_share_type":"default","_linkedin_share_type":"default","_pinterest_share_type":"default","_linkedin_share_type_page":"","_instagram_share_type":"default","_medium_share_type":"default","_threads_share_type":"default","_google_business_share_type":"default","_selected_social_profile":[],"_wpsp_enable_custom_social_template":false,"_wpsp_social_scheduling":{"enabled":false,"datetime":null,"platforms":[],"status":"template_only","dateOption":"today","timeOption":"now","customDays":"","customHours":"","customDate":"","customTime":"","schedulingType":"absolute"},"_wpsp_active_default_template":true},"categories":[29],"tags":[],"class_list":["post-83691","post","type-post","status-publish","format-standard","has-post-thumbnail","hentry","category-economie"],"aioseo_notices":[],"yoast_head":"<!-- This site is optimized with the Yoast SEO plugin v27.5 - https:\/\/yoast.com\/product\/yoast-seo-wordpress\/ -->\n<title>Agriculture de pr\u00e9cision\u00a0: L&rsquo;Alg\u00e9rie d\u00e9veloppe ses propres technologies - La Sentinelle<\/title>\n<meta name=\"robots\" content=\"index, follow, max-snippet:-1, max-image-preview:large, max-video-preview:-1\" \/>\n<link rel=\"canonical\" href=\"https:\/\/lasentinelle.dz\/index.php\/2026\/03\/16\/agriculture-de-precision-lalgerie-developpe-ses-propres-technologies\/\" \/>\n<meta property=\"og:locale\" content=\"fr_FR\" \/>\n<meta property=\"og:type\" content=\"article\" \/>\n<meta property=\"og:title\" content=\"Agriculture de pr\u00e9cision\u00a0: L&rsquo;Alg\u00e9rie d\u00e9veloppe ses propres technologies - La Sentinelle\" \/>\n<meta property=\"og:description\" content=\"Deux conventions de coop\u00e9ration ont \u00e9t\u00e9 sign\u00e9es lundi \u00e0 Alger entre le Centre de recherche en technologies industrielles \u2014 le\" \/>\n<meta property=\"og:url\" content=\"https:\/\/lasentinelle.dz\/index.php\/2026\/03\/16\/agriculture-de-precision-lalgerie-developpe-ses-propres-technologies\/\" \/>\n<meta property=\"og:site_name\" content=\"La Sentinelle\" \/>\n<meta property=\"article:publisher\" content=\"https:\/\/www.facebook.com\/La-Sentinelle-104059864394773\" \/>\n<meta property=\"article:published_time\" content=\"2026-03-16T19:36:00+00:00\" \/>\n<meta property=\"article:modified_time\" content=\"2026-03-16T19:36:01+00:00\" \/>\n<meta property=\"og:image\" content=\"https:\/\/lasentinelle.dz\/wp-content\/uploads\/2026\/03\/653869529_911816488363787_4333471020033793303_n.jpg.webp\" \/>\n\t<meta property=\"og:image:width\" content=\"1400\" \/>\n\t<meta property=\"og:image:height\" content=\"1050\" \/>\n\t<meta property=\"og:image:type\" content=\"image\/webp\" \/>\n<meta name=\"author\" content=\"admin\" \/>\n<meta name=\"twitter:card\" content=\"summary_large_image\" \/>\n<meta name=\"twitter:label1\" content=\"\u00c9crit par\" \/>\n\t<meta name=\"twitter:data1\" content=\"admin\" \/>\n\t<meta name=\"twitter:label2\" content=\"Dur\u00e9e de lecture estim\u00e9e\" \/>\n\t<meta name=\"twitter:data2\" content=\"3 minutes\" \/>\n<script type=\"application\/ld+json\" class=\"yoast-schema-graph\">{\"@context\":\"https:\\\/\\\/schema.org\",\"@graph\":[{\"@type\":\"Article\",\"@id\":\"https:\\\/\\\/lasentinelle.dz\\\/index.php\\\/2026\\\/03\\\/16\\\/agriculture-de-precision-lalgerie-developpe-ses-propres-technologies\\\/#article\",\"isPartOf\":{\"@id\":\"https:\\\/\\\/lasentinelle.dz\\\/index.php\\\/2026\\\/03\\\/16\\\/agriculture-de-precision-lalgerie-developpe-ses-propres-technologies\\\/\"},\"author\":{\"name\":\"admin\",\"@id\":\"https:\\\/\\\/lasentinelle.dz\\\/#\\\/schema\\\/person\\\/729ee0024f24e0b8c5ec17232f8e8b41\"},\"headline\":\"Agriculture de pr\u00e9cision\u00a0: L&rsquo;Alg\u00e9rie d\u00e9veloppe ses propres technologies\",\"datePublished\":\"2026-03-16T19:36:00+00:00\",\"dateModified\":\"2026-03-16T19:36:01+00:00\",\"mainEntityOfPage\":{\"@id\":\"https:\\\/\\\/lasentinelle.dz\\\/index.php\\\/2026\\\/03\\\/16\\\/agriculture-de-precision-lalgerie-developpe-ses-propres-technologies\\\/\"},\"wordCount\":596,\"commentCount\":0,\"publisher\":{\"@id\":\"https:\\\/\\\/lasentinelle.dz\\\/#organization\"},\"image\":{\"@id\":\"https:\\\/\\\/lasentinelle.dz\\\/index.php\\\/2026\\\/03\\\/16\\\/agriculture-de-precision-lalgerie-developpe-ses-propres-technologies\\\/#primaryimage\"},\"thumbnailUrl\":\"https:\\\/\\\/lasentinelle.dz\\\/wp-content\\\/uploads\\\/2026\\\/03\\\/653869529_911816488363787_4333471020033793303_n.jpg.webp\",\"articleSection\":[\"\u00c9conomie\"],\"inLanguage\":\"fr-FR\",\"potentialAction\":[{\"@type\":\"CommentAction\",\"name\":\"Comment\",\"target\":[\"https:\\\/\\\/lasentinelle.dz\\\/index.php\\\/2026\\\/03\\\/16\\\/agriculture-de-precision-lalgerie-developpe-ses-propres-technologies\\\/#respond\"]}]},{\"@type\":\"WebPage\",\"@id\":\"https:\\\/\\\/lasentinelle.dz\\\/index.php\\\/2026\\\/03\\\/16\\\/agriculture-de-precision-lalgerie-developpe-ses-propres-technologies\\\/\",\"url\":\"https:\\\/\\\/lasentinelle.dz\\\/index.php\\\/2026\\\/03\\\/16\\\/agriculture-de-precision-lalgerie-developpe-ses-propres-technologies\\\/\",\"name\":\"Agriculture de pr\u00e9cision\u00a0: L&rsquo;Alg\u00e9rie d\u00e9veloppe ses propres technologies - La Sentinelle\",\"isPartOf\":{\"@id\":\"https:\\\/\\\/lasentinelle.dz\\\/#website\"},\"primaryImageOfPage\":{\"@id\":\"https:\\\/\\\/lasentinelle.dz\\\/index.php\\\/2026\\\/03\\\/16\\\/agriculture-de-precision-lalgerie-developpe-ses-propres-technologies\\\/#primaryimage\"},\"image\":{\"@id\":\"https:\\\/\\\/lasentinelle.dz\\\/index.php\\\/2026\\\/03\\\/16\\\/agriculture-de-precision-lalgerie-developpe-ses-propres-technologies\\\/#primaryimage\"},\"thumbnailUrl\":\"https:\\\/\\\/lasentinelle.dz\\\/wp-content\\\/uploads\\\/2026\\\/03\\\/653869529_911816488363787_4333471020033793303_n.jpg.webp\",\"datePublished\":\"2026-03-16T19:36:00+00:00\",\"dateModified\":\"2026-03-16T19:36:01+00:00\",\"breadcrumb\":{\"@id\":\"https:\\\/\\\/lasentinelle.dz\\\/index.php\\\/2026\\\/03\\\/16\\\/agriculture-de-precision-lalgerie-developpe-ses-propres-technologies\\\/#breadcrumb\"},\"inLanguage\":\"fr-FR\",\"potentialAction\":[{\"@type\":\"ReadAction\",\"target\":[\"https:\\\/\\\/lasentinelle.dz\\\/index.php\\\/2026\\\/03\\\/16\\\/agriculture-de-precision-lalgerie-developpe-ses-propres-technologies\\\/\"]}]},{\"@type\":\"ImageObject\",\"inLanguage\":\"fr-FR\",\"@id\":\"https:\\\/\\\/lasentinelle.dz\\\/index.php\\\/2026\\\/03\\\/16\\\/agriculture-de-precision-lalgerie-developpe-ses-propres-technologies\\\/#primaryimage\",\"url\":\"https:\\\/\\\/lasentinelle.dz\\\/wp-content\\\/uploads\\\/2026\\\/03\\\/653869529_911816488363787_4333471020033793303_n.jpg.webp\",\"contentUrl\":\"https:\\\/\\\/lasentinelle.dz\\\/wp-content\\\/uploads\\\/2026\\\/03\\\/653869529_911816488363787_4333471020033793303_n.jpg.webp\",\"width\":1400,\"height\":1050},{\"@type\":\"BreadcrumbList\",\"@id\":\"https:\\\/\\\/lasentinelle.dz\\\/index.php\\\/2026\\\/03\\\/16\\\/agriculture-de-precision-lalgerie-developpe-ses-propres-technologies\\\/#breadcrumb\",\"itemListElement\":[{\"@type\":\"ListItem\",\"position\":1,\"name\":\"Accueil\",\"item\":\"https:\\\/\\\/lasentinelle.dz\\\/\"},{\"@type\":\"ListItem\",\"position\":2,\"name\":\"Agriculture de pr\u00e9cision\u00a0: L&rsquo;Alg\u00e9rie d\u00e9veloppe ses propres technologies\"}]},{\"@type\":\"WebSite\",\"@id\":\"https:\\\/\\\/lasentinelle.dz\\\/#website\",\"url\":\"https:\\\/\\\/lasentinelle.dz\\\/\",\"name\":\"La Sentinelle\",\"description\":\"Quotidien national d&#039;information\",\"publisher\":{\"@id\":\"https:\\\/\\\/lasentinelle.dz\\\/#organization\"},\"potentialAction\":[{\"@type\":\"SearchAction\",\"target\":{\"@type\":\"EntryPoint\",\"urlTemplate\":\"https:\\\/\\\/lasentinelle.dz\\\/?s={search_term_string}\"},\"query-input\":{\"@type\":\"PropertyValueSpecification\",\"valueRequired\":true,\"valueName\":\"search_term_string\"}}],\"inLanguage\":\"fr-FR\"},{\"@type\":\"Organization\",\"@id\":\"https:\\\/\\\/lasentinelle.dz\\\/#organization\",\"name\":\"Quotidien La Sentinelle\",\"url\":\"https:\\\/\\\/lasentinelle.dz\\\/\",\"logo\":{\"@type\":\"ImageObject\",\"inLanguage\":\"fr-FR\",\"@id\":\"https:\\\/\\\/lasentinelle.dz\\\/#\\\/schema\\\/logo\\\/image\\\/\",\"url\":\"https:\\\/\\\/lasentinelle.dz\\\/wp-content\\\/uploads\\\/2021\\\/09\\\/logo-sentinelleSLOGAN-1.png\",\"contentUrl\":\"https:\\\/\\\/lasentinelle.dz\\\/wp-content\\\/uploads\\\/2021\\\/09\\\/logo-sentinelleSLOGAN-1.png\",\"width\":615,\"height\":142,\"caption\":\"Quotidien La Sentinelle\"},\"image\":{\"@id\":\"https:\\\/\\\/lasentinelle.dz\\\/#\\\/schema\\\/logo\\\/image\\\/\"},\"sameAs\":[\"https:\\\/\\\/www.facebook.com\\\/La-Sentinelle-104059864394773\"]},{\"@type\":\"Person\",\"@id\":\"https:\\\/\\\/lasentinelle.dz\\\/#\\\/schema\\\/person\\\/729ee0024f24e0b8c5ec17232f8e8b41\",\"name\":\"admin\",\"image\":{\"@type\":\"ImageObject\",\"inLanguage\":\"fr-FR\",\"@id\":\"https:\\\/\\\/secure.gravatar.com\\\/avatar\\\/4c81fed838786e9b53f540bf46533e750f5d292099ae3b66cfc6fb1982e29df7?s=96&d=mm&r=g\",\"url\":\"https:\\\/\\\/secure.gravatar.com\\\/avatar\\\/4c81fed838786e9b53f540bf46533e750f5d292099ae3b66cfc6fb1982e29df7?s=96&d=mm&r=g\",\"contentUrl\":\"https:\\\/\\\/secure.gravatar.com\\\/avatar\\\/4c81fed838786e9b53f540bf46533e750f5d292099ae3b66cfc6fb1982e29df7?s=96&d=mm&r=g\",\"caption\":\"admin\"},\"description\":\"admin\",\"url\":\"https:\\\/\\\/lasentinelle.dz\\\/author\\\/admin\\\/\"}]}<\/script>\n<!-- \/ Yoast SEO plugin. -->","yoast_head_json":{"title":"Agriculture de pr\u00e9cision\u00a0: L&rsquo;Alg\u00e9rie d\u00e9veloppe ses propres technologies - La Sentinelle","robots":{"index":"index","follow":"follow","max-snippet":"max-snippet:-1","max-image-preview":"max-image-preview:large","max-video-preview":"max-video-preview:-1"},"canonical":"https:\/\/lasentinelle.dz\/index.php\/2026\/03\/16\/agriculture-de-precision-lalgerie-developpe-ses-propres-technologies\/","og_locale":"fr_FR","og_type":"article","og_title":"Agriculture de pr\u00e9cision\u00a0: L&rsquo;Alg\u00e9rie d\u00e9veloppe ses propres technologies - La Sentinelle","og_description":"Deux conventions de coop\u00e9ration ont \u00e9t\u00e9 sign\u00e9es lundi \u00e0 Alger entre le Centre de recherche en technologies industrielles \u2014 le","og_url":"https:\/\/lasentinelle.dz\/index.php\/2026\/03\/16\/agriculture-de-precision-lalgerie-developpe-ses-propres-technologies\/","og_site_name":"La Sentinelle","article_publisher":"https:\/\/www.facebook.com\/La-Sentinelle-104059864394773","article_published_time":"2026-03-16T19:36:00+00:00","article_modified_time":"2026-03-16T19:36:01+00:00","og_image":[{"width":1400,"height":1050,"url":"https:\/\/lasentinelle.dz\/wp-content\/uploads\/2026\/03\/653869529_911816488363787_4333471020033793303_n.jpg.webp","type":"image\/webp"}],"author":"admin","twitter_card":"summary_large_image","twitter_misc":{"\u00c9crit par":"admin","Dur\u00e9e de lecture estim\u00e9e":"3 minutes"},"schema":{"@context":"https:\/\/schema.org","@graph":[{"@type":"Article","@id":"https:\/\/lasentinelle.dz\/index.php\/2026\/03\/16\/agriculture-de-precision-lalgerie-developpe-ses-propres-technologies\/#article","isPartOf":{"@id":"https:\/\/lasentinelle.dz\/index.php\/2026\/03\/16\/agriculture-de-precision-lalgerie-developpe-ses-propres-technologies\/"},"author":{"name":"admin","@id":"https:\/\/lasentinelle.dz\/#\/schema\/person\/729ee0024f24e0b8c5ec17232f8e8b41"},"headline":"Agriculture de pr\u00e9cision\u00a0: L&rsquo;Alg\u00e9rie d\u00e9veloppe ses propres technologies","datePublished":"2026-03-16T19:36:00+00:00","dateModified":"2026-03-16T19:36:01+00:00","mainEntityOfPage":{"@id":"https:\/\/lasentinelle.dz\/index.php\/2026\/03\/16\/agriculture-de-precision-lalgerie-developpe-ses-propres-technologies\/"},"wordCount":596,"commentCount":0,"publisher":{"@id":"https:\/\/lasentinelle.dz\/#organization"},"image":{"@id":"https:\/\/lasentinelle.dz\/index.php\/2026\/03\/16\/agriculture-de-precision-lalgerie-developpe-ses-propres-technologies\/#primaryimage"},"thumbnailUrl":"https:\/\/lasentinelle.dz\/wp-content\/uploads\/2026\/03\/653869529_911816488363787_4333471020033793303_n.jpg.webp","articleSection":["\u00c9conomie"],"inLanguage":"fr-FR","potentialAction":[{"@type":"CommentAction","name":"Comment","target":["https:\/\/lasentinelle.dz\/index.php\/2026\/03\/16\/agriculture-de-precision-lalgerie-developpe-ses-propres-technologies\/#respond"]}]},{"@type":"WebPage","@id":"https:\/\/lasentinelle.dz\/index.php\/2026\/03\/16\/agriculture-de-precision-lalgerie-developpe-ses-propres-technologies\/","url":"https:\/\/lasentinelle.dz\/index.php\/2026\/03\/16\/agriculture-de-precision-lalgerie-developpe-ses-propres-technologies\/","name":"Agriculture de pr\u00e9cision\u00a0: L&rsquo;Alg\u00e9rie d\u00e9veloppe ses propres technologies - La Sentinelle","isPartOf":{"@id":"https:\/\/lasentinelle.dz\/#website"},"primaryImageOfPage":{"@id":"https:\/\/lasentinelle.dz\/index.php\/2026\/03\/16\/agriculture-de-precision-lalgerie-developpe-ses-propres-technologies\/#primaryimage"},"image":{"@id":"https:\/\/lasentinelle.dz\/index.php\/2026\/03\/16\/agriculture-de-precision-lalgerie-developpe-ses-propres-technologies\/#primaryimage"},"thumbnailUrl":"https:\/\/lasentinelle.dz\/wp-content\/uploads\/2026\/03\/653869529_911816488363787_4333471020033793303_n.jpg.webp","datePublished":"2026-03-16T19:36:00+00:00","dateModified":"2026-03-16T19:36:01+00:00","breadcrumb":{"@id":"https:\/\/lasentinelle.dz\/index.php\/2026\/03\/16\/agriculture-de-precision-lalgerie-developpe-ses-propres-technologies\/#breadcrumb"},"inLanguage":"fr-FR","potentialAction":[{"@type":"ReadAction","target":["https:\/\/lasentinelle.dz\/index.php\/2026\/03\/16\/agriculture-de-precision-lalgerie-developpe-ses-propres-technologies\/"]}]},{"@type":"ImageObject","inLanguage":"fr-FR","@id":"https:\/\/lasentinelle.dz\/index.php\/2026\/03\/16\/agriculture-de-precision-lalgerie-developpe-ses-propres-technologies\/#primaryimage","url":"https:\/\/lasentinelle.dz\/wp-content\/uploads\/2026\/03\/653869529_911816488363787_4333471020033793303_n.jpg.webp","contentUrl":"https:\/\/lasentinelle.dz\/wp-content\/uploads\/2026\/03\/653869529_911816488363787_4333471020033793303_n.jpg.webp","width":1400,"height":1050},{"@type":"BreadcrumbList","@id":"https:\/\/lasentinelle.dz\/index.php\/2026\/03\/16\/agriculture-de-precision-lalgerie-developpe-ses-propres-technologies\/#breadcrumb","itemListElement":[{"@type":"ListItem","position":1,"name":"Accueil","item":"https:\/\/lasentinelle.dz\/"},{"@type":"ListItem","position":2,"name":"Agriculture de pr\u00e9cision\u00a0: L&rsquo;Alg\u00e9rie d\u00e9veloppe ses propres technologies"}]},{"@type":"WebSite","@id":"https:\/\/lasentinelle.dz\/#website","url":"https:\/\/lasentinelle.dz\/","name":"La Sentinelle","description":"Quotidien national d&#039;information","publisher":{"@id":"https:\/\/lasentinelle.dz\/#organization"},"potentialAction":[{"@type":"SearchAction","target":{"@type":"EntryPoint","urlTemplate":"https:\/\/lasentinelle.dz\/?s={search_term_string}"},"query-input":{"@type":"PropertyValueSpecification","valueRequired":true,"valueName":"search_term_string"}}],"inLanguage":"fr-FR"},{"@type":"Organization","@id":"https:\/\/lasentinelle.dz\/#organization","name":"Quotidien La Sentinelle","url":"https:\/\/lasentinelle.dz\/","logo":{"@type":"ImageObject","inLanguage":"fr-FR","@id":"https:\/\/lasentinelle.dz\/#\/schema\/logo\/image\/","url":"https:\/\/lasentinelle.dz\/wp-content\/uploads\/2021\/09\/logo-sentinelleSLOGAN-1.png","contentUrl":"https:\/\/lasentinelle.dz\/wp-content\/uploads\/2021\/09\/logo-sentinelleSLOGAN-1.png","width":615,"height":142,"caption":"Quotidien La Sentinelle"},"image":{"@id":"https:\/\/lasentinelle.dz\/#\/schema\/logo\/image\/"},"sameAs":["https:\/\/www.facebook.com\/La-Sentinelle-104059864394773"]},{"@type":"Person","@id":"https:\/\/lasentinelle.dz\/#\/schema\/person\/729ee0024f24e0b8c5ec17232f8e8b41","name":"admin","image":{"@type":"ImageObject","inLanguage":"fr-FR","@id":"https:\/\/secure.gravatar.com\/avatar\/4c81fed838786e9b53f540bf46533e750f5d292099ae3b66cfc6fb1982e29df7?s=96&d=mm&r=g","url":"https:\/\/secure.gravatar.com\/avatar\/4c81fed838786e9b53f540bf46533e750f5d292099ae3b66cfc6fb1982e29df7?s=96&d=mm&r=g","contentUrl":"https:\/\/secure.gravatar.com\/avatar\/4c81fed838786e9b53f540bf46533e750f5d292099ae3b66cfc6fb1982e29df7?s=96&d=mm&r=g","caption":"admin"},"description":"admin","url":"https:\/\/lasentinelle.dz\/author\/admin\/"}]}},"_links":{"self":[{"href":"https:\/\/lasentinelle.dz\/index.php\/wp-json\/wp\/v2\/posts\/83691","targetHints":{"allow":["GET"]}}],"collection":[{"href":"https:\/\/lasentinelle.dz\/index.php\/wp-json\/wp\/v2\/posts"}],"about":[{"href":"https:\/\/lasentinelle.dz\/index.php\/wp-json\/wp\/v2\/types\/post"}],"author":[{"embeddable":true,"href":"https:\/\/lasentinelle.dz\/index.php\/wp-json\/wp\/v2\/users\/6"}],"replies":[{"embeddable":true,"href":"https:\/\/lasentinelle.dz\/index.php\/wp-json\/wp\/v2\/comments?post=83691"}],"version-history":[{"count":2,"href":"https:\/\/lasentinelle.dz\/index.php\/wp-json\/wp\/v2\/posts\/83691\/revisions"}],"predecessor-version":[{"id":83694,"href":"https:\/\/lasentinelle.dz\/index.php\/wp-json\/wp\/v2\/posts\/83691\/revisions\/83694"}],"wp:featuredmedia":[{"embeddable":true,"href":"https:\/\/lasentinelle.dz\/index.php\/wp-json\/wp\/v2\/media\/83692"}],"wp:attachment":[{"href":"https:\/\/lasentinelle.dz\/index.php\/wp-json\/wp\/v2\/media?parent=83691"}],"wp:term":[{"taxonomy":"category","embeddable":true,"href":"https:\/\/lasentinelle.dz\/index.php\/wp-json\/wp\/v2\/categories?post=83691"},{"taxonomy":"post_tag","embeddable":true,"href":"https:\/\/lasentinelle.dz\/index.php\/wp-json\/wp\/v2\/tags?post=83691"}],"curies":[{"name":"wp","href":"https:\/\/api.w.org\/{rel}","templated":true}]}}