{"id":83701,"date":"2026-03-16T20:45:31","date_gmt":"2026-03-16T19:45:31","guid":{"rendered":"https:\/\/lasentinelle.dz\/?p=83701"},"modified":"2026-03-16T20:45:32","modified_gmt":"2026-03-16T19:45:32","slug":"date-de-laid-el-fitr-lassociation-sirius-prevoit-deux-scenarios","status":"publish","type":"post","link":"https:\/\/lasentinelle.dz\/index.php\/2026\/03\/16\/date-de-laid-el-fitr-lassociation-sirius-prevoit-deux-scenarios\/","title":{"rendered":"Date de l\u2019A\u00efd el-Fitr\u00a0: L\u2019association Sirius pr\u00e9voit deux scenarios"},"content":{"rendered":"\n<p>\u00c0 quelques jours de la fin du Ramadan, l&rsquo;association alg\u00e9rienne d&rsquo;astronomie Sirius a publi\u00e9 ses pr\u00e9visions concernant l&rsquo;apparition du croissant lunaire du mois de Chaoual 1447, dont l&rsquo;observation d\u00e9terminera la date exacte de la f\u00eate de l&rsquo;A\u00efd el-Fitr. Deux sc\u00e9narios restent ouverts : le vendredi 20 ou le samedi 21 mars. Avant de livrer ses calculs, l&rsquo;association tient \u00e0 rappeler un point de droit religieux fondamental : en Alg\u00e9rie, seul le Comit\u00e9 des croissants lunaires du minist\u00e8re des Affaires religieuses et des Wakfs est \u00ab habilit\u00e9 \u00e0 se prononcer sur la date effective de l&rsquo;A\u00efd \u00bb. La nuit du doute est fix\u00e9e, rappelons-le au jeudi 19 mars. Ce soir-l\u00e0, la conjonction lunaire sera d\u00e9j\u00e0 pass\u00e9e depuis la nuit pr\u00e9c\u00e9dente, \u00ab le jeudi 19 mars \u00e0 02h23 du matin heure d&rsquo;Alg\u00e9rie \u00bb, pr\u00e9cise l&rsquo;association. Mais la question de la visibilit\u00e9 du croissant reste d\u00e9licate : Sirius le d\u00e9crit comme \u00ab marginalement visible \u00e0 l&rsquo;\u0153il nu ce soir-l\u00e0 et difficilement visible avec des instruments optiques \u00bb, avec une altitude au-dessus de l&rsquo;horizon d&rsquo;environ 8 degr\u00e9s et une \u00e9longation angulaire du m\u00eame ordre. L&rsquo;association souligne que cette valeur est \u00ab juste au-dessus de la limite de Danjon \u2014 environ 7 degr\u00e9s \u2014 n\u00e9cessaire pour qu&rsquo;un croissant existe g\u00e9om\u00e9triquement \u00bb, ce qui rend son observation \u00ab possible \u00e0 l&rsquo;\u0153il nu, mais pas \u00e9vidente \u00bb. De cette incertitude d\u00e9coulent deux hypoth\u00e8ses. Si le croissant est effectivement observ\u00e9 jeudi soir sur le territoire national, \u00ab la f\u00eate de l&rsquo;A\u00efd el-Fitr 2026 devrait \u00eatre c\u00e9l\u00e9br\u00e9e le vendredi 20 mars \u00bb. Dans le cas contraire, le mois de Ramadan serait port\u00e9 \u00e0 trente jours et \u00ab l&rsquo;A\u00efd serait alors pour le samedi 21 mars \u00bb, indique Sirius. \u00c0 l&rsquo;\u00e9chelle mondiale, la situation n&rsquo;est gu\u00e8re plus tranch\u00e9e. L&rsquo;association souligne \u00ab l&rsquo;impossibilit\u00e9 de voir le croissant le jeudi 19 mars dans de vastes r\u00e9gions du monde musulman, en particulier en Asie jusqu&rsquo;au Proche-Orient \u00bb. Elle anticipe que ces pays, qui ont majoritairement commenc\u00e9 le je\u00fbne avec l&rsquo;Alg\u00e9rie, \u00ab annonceront que la vision du croissant n&rsquo;aura pas \u00e9t\u00e9 confirm\u00e9e ce soir-l\u00e0, faisant ainsi du samedi 21 mars le jour de l&rsquo;A\u00efd el-Fitr \u00bb. Les pays arabes du Machrek, qui ont entam\u00e9 le Ramadan un jour plus t\u00f4t, c\u00e9l\u00e9breront pour leur part la f\u00eate d\u00e8s le vendredi 20 mars, apr\u00e8s avoir compl\u00e9t\u00e9 trente jours de je\u00fbne. En Am\u00e9rique du Nord, o\u00f9 la visibilit\u00e9 du croissant est jug\u00e9e \u00ab possible \u00e0 l&rsquo;\u0153il nu sans trop de difficult\u00e9 \u00bb, c&rsquo;est \u00e9galement le vendredi qui est attendu. Pour les pays \u2014 dont la Turquie, les Balkans et certaines communaut\u00e9s en Europe \u2014 qui fondent leur calendrier sur le calcul astronomique plut\u00f4t que sur l&rsquo;observation directe, la r\u00e9ponse est d\u00e9j\u00e0 connue : \u00ab le vendredi 20 mars sera le jour de l&rsquo;A\u00efd el-Fitr \u00bb, tranche Sirius. \u00ab S&rsquo;ils ont commenc\u00e9 avant nous, comme beaucoup de musulmans en France, l&rsquo;A\u00efd sera n\u00e9cessairement le vendredi \u00bb, ajoute l&rsquo;association.<\/p>\n\n\n\n<p>Malik Meziane<\/p>\n","protected":false},"excerpt":{"rendered":"<p>\u00c0 quelques jours de la fin du Ramadan, l&rsquo;association alg\u00e9rienne d&rsquo;astronomie Sirius a publi\u00e9 ses pr\u00e9visions concernant l&rsquo;apparition du croissant<\/p>\n","protected":false},"author":6,"featured_media":79717,"comment_status":"open","ping_status":"closed","sticky":false,"template":"","format":"standard","meta":{"colormag_page_container_layout":"default_layout","colormag_page_sidebar_layout":"default_layout","om_disable_all_campaigns":false,"_monsterinsights_skip_tracking":false,"_monsterinsights_sitenote_active":false,"_monsterinsights_sitenote_note":"","_monsterinsights_sitenote_category":0,"footnotes":"","_wpscppro_dont_share_socialmedia":false,"_wpscppro_custom_social_share_image":0,"_facebook_share_type":"default","_twitter_share_type":"default","_linkedin_share_type":"default","_pinterest_share_type":"default","_linkedin_share_type_page":"","_instagram_share_type":"default","_medium_share_type":"default","_threads_share_type":"default","_google_business_share_type":"default","_selected_social_profile":[],"_wpsp_enable_custom_social_template":false,"_wpsp_social_scheduling":{"enabled":false,"datetime":null,"platforms":[],"status":"template_only","dateOption":"today","timeOption":"now","customDays":"","customHours":"","customDate":"","customTime":"","schedulingType":"absolute"},"_wpsp_active_default_template":true},"categories":[27],"tags":[],"class_list":["post-83701","post","type-post","status-publish","format-standard","has-post-thumbnail","hentry","category-actualite"],"aioseo_notices":[],"yoast_head":"<!-- This site is optimized with the Yoast SEO plugin v27.5 - https:\/\/yoast.com\/product\/yoast-seo-wordpress\/ -->\n<title>Date de l\u2019A\u00efd el-Fitr\u00a0: L\u2019association Sirius pr\u00e9voit deux scenarios - La Sentinelle<\/title>\n<meta name=\"robots\" content=\"index, follow, max-snippet:-1, max-image-preview:large, max-video-preview:-1\" \/>\n<link rel=\"canonical\" href=\"https:\/\/lasentinelle.dz\/index.php\/2026\/03\/16\/date-de-laid-el-fitr-lassociation-sirius-prevoit-deux-scenarios\/\" \/>\n<meta property=\"og:locale\" content=\"fr_FR\" \/>\n<meta property=\"og:type\" content=\"article\" \/>\n<meta property=\"og:title\" content=\"Date de l\u2019A\u00efd el-Fitr\u00a0: L\u2019association Sirius pr\u00e9voit deux scenarios - La Sentinelle\" \/>\n<meta property=\"og:description\" content=\"\u00c0 quelques jours de la fin du Ramadan, l&rsquo;association alg\u00e9rienne d&rsquo;astronomie Sirius a publi\u00e9 ses pr\u00e9visions concernant l&rsquo;apparition du croissant\" \/>\n<meta property=\"og:url\" content=\"https:\/\/lasentinelle.dz\/index.php\/2026\/03\/16\/date-de-laid-el-fitr-lassociation-sirius-prevoit-deux-scenarios\/\" \/>\n<meta property=\"og:site_name\" content=\"La Sentinelle\" \/>\n<meta property=\"article:publisher\" content=\"https:\/\/www.facebook.com\/La-Sentinelle-104059864394773\" \/>\n<meta property=\"article:published_time\" content=\"2026-03-16T19:45:31+00:00\" \/>\n<meta property=\"article:modified_time\" content=\"2026-03-16T19:45:32+00:00\" \/>\n<meta property=\"og:image\" content=\"https:\/\/lasentinelle.dz\/wp-content\/uploads\/2026\/01\/Lune-scaled-e1768907283762.jpeg\" \/>\n\t<meta property=\"og:image:width\" content=\"1706\" \/>\n\t<meta property=\"og:image:height\" content=\"1045\" \/>\n\t<meta property=\"og:image:type\" content=\"image\/jpeg\" \/>\n<meta name=\"author\" content=\"admin\" \/>\n<meta name=\"twitter:card\" content=\"summary_large_image\" \/>\n<meta name=\"twitter:label1\" content=\"\u00c9crit par\" \/>\n\t<meta name=\"twitter:data1\" content=\"admin\" \/>\n\t<meta name=\"twitter:label2\" content=\"Dur\u00e9e de lecture estim\u00e9e\" \/>\n\t<meta name=\"twitter:data2\" content=\"3 minutes\" \/>\n<script type=\"application\/ld+json\" class=\"yoast-schema-graph\">{\"@context\":\"https:\\\/\\\/schema.org\",\"@graph\":[{\"@type\":\"Article\",\"@id\":\"https:\\\/\\\/lasentinelle.dz\\\/index.php\\\/2026\\\/03\\\/16\\\/date-de-laid-el-fitr-lassociation-sirius-prevoit-deux-scenarios\\\/#article\",\"isPartOf\":{\"@id\":\"https:\\\/\\\/lasentinelle.dz\\\/index.php\\\/2026\\\/03\\\/16\\\/date-de-laid-el-fitr-lassociation-sirius-prevoit-deux-scenarios\\\/\"},\"author\":{\"name\":\"admin\",\"@id\":\"https:\\\/\\\/lasentinelle.dz\\\/#\\\/schema\\\/person\\\/729ee0024f24e0b8c5ec17232f8e8b41\"},\"headline\":\"Date de l\u2019A\u00efd el-Fitr\u00a0: L\u2019association Sirius pr\u00e9voit deux scenarios\",\"datePublished\":\"2026-03-16T19:45:31+00:00\",\"dateModified\":\"2026-03-16T19:45:32+00:00\",\"mainEntityOfPage\":{\"@id\":\"https:\\\/\\\/lasentinelle.dz\\\/index.php\\\/2026\\\/03\\\/16\\\/date-de-laid-el-fitr-lassociation-sirius-prevoit-deux-scenarios\\\/\"},\"wordCount\":528,\"commentCount\":0,\"publisher\":{\"@id\":\"https:\\\/\\\/lasentinelle.dz\\\/#organization\"},\"image\":{\"@id\":\"https:\\\/\\\/lasentinelle.dz\\\/index.php\\\/2026\\\/03\\\/16\\\/date-de-laid-el-fitr-lassociation-sirius-prevoit-deux-scenarios\\\/#primaryimage\"},\"thumbnailUrl\":\"https:\\\/\\\/lasentinelle.dz\\\/wp-content\\\/uploads\\\/2026\\\/01\\\/Lune-scaled-e1768907283762.jpeg\",\"articleSection\":[\"Actualit\u00e9\"],\"inLanguage\":\"fr-FR\",\"potentialAction\":[{\"@type\":\"CommentAction\",\"name\":\"Comment\",\"target\":[\"https:\\\/\\\/lasentinelle.dz\\\/index.php\\\/2026\\\/03\\\/16\\\/date-de-laid-el-fitr-lassociation-sirius-prevoit-deux-scenarios\\\/#respond\"]}]},{\"@type\":\"WebPage\",\"@id\":\"https:\\\/\\\/lasentinelle.dz\\\/index.php\\\/2026\\\/03\\\/16\\\/date-de-laid-el-fitr-lassociation-sirius-prevoit-deux-scenarios\\\/\",\"url\":\"https:\\\/\\\/lasentinelle.dz\\\/index.php\\\/2026\\\/03\\\/16\\\/date-de-laid-el-fitr-lassociation-sirius-prevoit-deux-scenarios\\\/\",\"name\":\"Date de l\u2019A\u00efd el-Fitr\u00a0: L\u2019association Sirius pr\u00e9voit deux scenarios - La Sentinelle\",\"isPartOf\":{\"@id\":\"https:\\\/\\\/lasentinelle.dz\\\/#website\"},\"primaryImageOfPage\":{\"@id\":\"https:\\\/\\\/lasentinelle.dz\\\/index.php\\\/2026\\\/03\\\/16\\\/date-de-laid-el-fitr-lassociation-sirius-prevoit-deux-scenarios\\\/#primaryimage\"},\"image\":{\"@id\":\"https:\\\/\\\/lasentinelle.dz\\\/index.php\\\/2026\\\/03\\\/16\\\/date-de-laid-el-fitr-lassociation-sirius-prevoit-deux-scenarios\\\/#primaryimage\"},\"thumbnailUrl\":\"https:\\\/\\\/lasentinelle.dz\\\/wp-content\\\/uploads\\\/2026\\\/01\\\/Lune-scaled-e1768907283762.jpeg\",\"datePublished\":\"2026-03-16T19:45:31+00:00\",\"dateModified\":\"2026-03-16T19:45:32+00:00\",\"breadcrumb\":{\"@id\":\"https:\\\/\\\/lasentinelle.dz\\\/index.php\\\/2026\\\/03\\\/16\\\/date-de-laid-el-fitr-lassociation-sirius-prevoit-deux-scenarios\\\/#breadcrumb\"},\"inLanguage\":\"fr-FR\",\"potentialAction\":[{\"@type\":\"ReadAction\",\"target\":[\"https:\\\/\\\/lasentinelle.dz\\\/index.php\\\/2026\\\/03\\\/16\\\/date-de-laid-el-fitr-lassociation-sirius-prevoit-deux-scenarios\\\/\"]}]},{\"@type\":\"ImageObject\",\"inLanguage\":\"fr-FR\",\"@id\":\"https:\\\/\\\/lasentinelle.dz\\\/index.php\\\/2026\\\/03\\\/16\\\/date-de-laid-el-fitr-lassociation-sirius-prevoit-deux-scenarios\\\/#primaryimage\",\"url\":\"https:\\\/\\\/lasentinelle.dz\\\/wp-content\\\/uploads\\\/2026\\\/01\\\/Lune-scaled-e1768907283762.jpeg\",\"contentUrl\":\"https:\\\/\\\/lasentinelle.dz\\\/wp-content\\\/uploads\\\/2026\\\/01\\\/Lune-scaled-e1768907283762.jpeg\",\"width\":1706,\"height\":1045},{\"@type\":\"BreadcrumbList\",\"@id\":\"https:\\\/\\\/lasentinelle.dz\\\/index.php\\\/2026\\\/03\\\/16\\\/date-de-laid-el-fitr-lassociation-sirius-prevoit-deux-scenarios\\\/#breadcrumb\",\"itemListElement\":[{\"@type\":\"ListItem\",\"position\":1,\"name\":\"Accueil\",\"item\":\"https:\\\/\\\/lasentinelle.dz\\\/\"},{\"@type\":\"ListItem\",\"position\":2,\"name\":\"Date de l\u2019A\u00efd el-Fitr\u00a0: L\u2019association Sirius pr\u00e9voit deux scenarios\"}]},{\"@type\":\"WebSite\",\"@id\":\"https:\\\/\\\/lasentinelle.dz\\\/#website\",\"url\":\"https:\\\/\\\/lasentinelle.dz\\\/\",\"name\":\"La Sentinelle\",\"description\":\"Quotidien national d&#039;information\",\"publisher\":{\"@id\":\"https:\\\/\\\/lasentinelle.dz\\\/#organization\"},\"potentialAction\":[{\"@type\":\"SearchAction\",\"target\":{\"@type\":\"EntryPoint\",\"urlTemplate\":\"https:\\\/\\\/lasentinelle.dz\\\/?s={search_term_string}\"},\"query-input\":{\"@type\":\"PropertyValueSpecification\",\"valueRequired\":true,\"valueName\":\"search_term_string\"}}],\"inLanguage\":\"fr-FR\"},{\"@type\":\"Organization\",\"@id\":\"https:\\\/\\\/lasentinelle.dz\\\/#organization\",\"name\":\"Quotidien La Sentinelle\",\"url\":\"https:\\\/\\\/lasentinelle.dz\\\/\",\"logo\":{\"@type\":\"ImageObject\",\"inLanguage\":\"fr-FR\",\"@id\":\"https:\\\/\\\/lasentinelle.dz\\\/#\\\/schema\\\/logo\\\/image\\\/\",\"url\":\"https:\\\/\\\/lasentinelle.dz\\\/wp-content\\\/uploads\\\/2021\\\/09\\\/logo-sentinelleSLOGAN-1.png\",\"contentUrl\":\"https:\\\/\\\/lasentinelle.dz\\\/wp-content\\\/uploads\\\/2021\\\/09\\\/logo-sentinelleSLOGAN-1.png\",\"width\":615,\"height\":142,\"caption\":\"Quotidien La Sentinelle\"},\"image\":{\"@id\":\"https:\\\/\\\/lasentinelle.dz\\\/#\\\/schema\\\/logo\\\/image\\\/\"},\"sameAs\":[\"https:\\\/\\\/www.facebook.com\\\/La-Sentinelle-104059864394773\"]},{\"@type\":\"Person\",\"@id\":\"https:\\\/\\\/lasentinelle.dz\\\/#\\\/schema\\\/person\\\/729ee0024f24e0b8c5ec17232f8e8b41\",\"name\":\"admin\",\"image\":{\"@type\":\"ImageObject\",\"inLanguage\":\"fr-FR\",\"@id\":\"https:\\\/\\\/secure.gravatar.com\\\/avatar\\\/4c81fed838786e9b53f540bf46533e750f5d292099ae3b66cfc6fb1982e29df7?s=96&d=mm&r=g\",\"url\":\"https:\\\/\\\/secure.gravatar.com\\\/avatar\\\/4c81fed838786e9b53f540bf46533e750f5d292099ae3b66cfc6fb1982e29df7?s=96&d=mm&r=g\",\"contentUrl\":\"https:\\\/\\\/secure.gravatar.com\\\/avatar\\\/4c81fed838786e9b53f540bf46533e750f5d292099ae3b66cfc6fb1982e29df7?s=96&d=mm&r=g\",\"caption\":\"admin\"},\"description\":\"admin\",\"url\":\"https:\\\/\\\/lasentinelle.dz\\\/author\\\/admin\\\/\"}]}<\/script>\n<!-- \/ Yoast SEO plugin. -->","yoast_head_json":{"title":"Date de l\u2019A\u00efd el-Fitr\u00a0: L\u2019association Sirius pr\u00e9voit deux scenarios - La Sentinelle","robots":{"index":"index","follow":"follow","max-snippet":"max-snippet:-1","max-image-preview":"max-image-preview:large","max-video-preview":"max-video-preview:-1"},"canonical":"https:\/\/lasentinelle.dz\/index.php\/2026\/03\/16\/date-de-laid-el-fitr-lassociation-sirius-prevoit-deux-scenarios\/","og_locale":"fr_FR","og_type":"article","og_title":"Date de l\u2019A\u00efd el-Fitr\u00a0: L\u2019association Sirius pr\u00e9voit deux scenarios - La Sentinelle","og_description":"\u00c0 quelques jours de la fin du Ramadan, l&rsquo;association alg\u00e9rienne d&rsquo;astronomie Sirius a publi\u00e9 ses pr\u00e9visions concernant l&rsquo;apparition du croissant","og_url":"https:\/\/lasentinelle.dz\/index.php\/2026\/03\/16\/date-de-laid-el-fitr-lassociation-sirius-prevoit-deux-scenarios\/","og_site_name":"La Sentinelle","article_publisher":"https:\/\/www.facebook.com\/La-Sentinelle-104059864394773","article_published_time":"2026-03-16T19:45:31+00:00","article_modified_time":"2026-03-16T19:45:32+00:00","og_image":[{"width":1706,"height":1045,"url":"https:\/\/lasentinelle.dz\/wp-content\/uploads\/2026\/01\/Lune-scaled-e1768907283762.jpeg","type":"image\/jpeg"}],"author":"admin","twitter_card":"summary_large_image","twitter_misc":{"\u00c9crit par":"admin","Dur\u00e9e de lecture estim\u00e9e":"3 minutes"},"schema":{"@context":"https:\/\/schema.org","@graph":[{"@type":"Article","@id":"https:\/\/lasentinelle.dz\/index.php\/2026\/03\/16\/date-de-laid-el-fitr-lassociation-sirius-prevoit-deux-scenarios\/#article","isPartOf":{"@id":"https:\/\/lasentinelle.dz\/index.php\/2026\/03\/16\/date-de-laid-el-fitr-lassociation-sirius-prevoit-deux-scenarios\/"},"author":{"name":"admin","@id":"https:\/\/lasentinelle.dz\/#\/schema\/person\/729ee0024f24e0b8c5ec17232f8e8b41"},"headline":"Date de l\u2019A\u00efd el-Fitr\u00a0: L\u2019association Sirius pr\u00e9voit deux scenarios","datePublished":"2026-03-16T19:45:31+00:00","dateModified":"2026-03-16T19:45:32+00:00","mainEntityOfPage":{"@id":"https:\/\/lasentinelle.dz\/index.php\/2026\/03\/16\/date-de-laid-el-fitr-lassociation-sirius-prevoit-deux-scenarios\/"},"wordCount":528,"commentCount":0,"publisher":{"@id":"https:\/\/lasentinelle.dz\/#organization"},"image":{"@id":"https:\/\/lasentinelle.dz\/index.php\/2026\/03\/16\/date-de-laid-el-fitr-lassociation-sirius-prevoit-deux-scenarios\/#primaryimage"},"thumbnailUrl":"https:\/\/lasentinelle.dz\/wp-content\/uploads\/2026\/01\/Lune-scaled-e1768907283762.jpeg","articleSection":["Actualit\u00e9"],"inLanguage":"fr-FR","potentialAction":[{"@type":"CommentAction","name":"Comment","target":["https:\/\/lasentinelle.dz\/index.php\/2026\/03\/16\/date-de-laid-el-fitr-lassociation-sirius-prevoit-deux-scenarios\/#respond"]}]},{"@type":"WebPage","@id":"https:\/\/lasentinelle.dz\/index.php\/2026\/03\/16\/date-de-laid-el-fitr-lassociation-sirius-prevoit-deux-scenarios\/","url":"https:\/\/lasentinelle.dz\/index.php\/2026\/03\/16\/date-de-laid-el-fitr-lassociation-sirius-prevoit-deux-scenarios\/","name":"Date de l\u2019A\u00efd el-Fitr\u00a0: L\u2019association Sirius pr\u00e9voit deux scenarios - La Sentinelle","isPartOf":{"@id":"https:\/\/lasentinelle.dz\/#website"},"primaryImageOfPage":{"@id":"https:\/\/lasentinelle.dz\/index.php\/2026\/03\/16\/date-de-laid-el-fitr-lassociation-sirius-prevoit-deux-scenarios\/#primaryimage"},"image":{"@id":"https:\/\/lasentinelle.dz\/index.php\/2026\/03\/16\/date-de-laid-el-fitr-lassociation-sirius-prevoit-deux-scenarios\/#primaryimage"},"thumbnailUrl":"https:\/\/lasentinelle.dz\/wp-content\/uploads\/2026\/01\/Lune-scaled-e1768907283762.jpeg","datePublished":"2026-03-16T19:45:31+00:00","dateModified":"2026-03-16T19:45:32+00:00","breadcrumb":{"@id":"https:\/\/lasentinelle.dz\/index.php\/2026\/03\/16\/date-de-laid-el-fitr-lassociation-sirius-prevoit-deux-scenarios\/#breadcrumb"},"inLanguage":"fr-FR","potentialAction":[{"@type":"ReadAction","target":["https:\/\/lasentinelle.dz\/index.php\/2026\/03\/16\/date-de-laid-el-fitr-lassociation-sirius-prevoit-deux-scenarios\/"]}]},{"@type":"ImageObject","inLanguage":"fr-FR","@id":"https:\/\/lasentinelle.dz\/index.php\/2026\/03\/16\/date-de-laid-el-fitr-lassociation-sirius-prevoit-deux-scenarios\/#primaryimage","url":"https:\/\/lasentinelle.dz\/wp-content\/uploads\/2026\/01\/Lune-scaled-e1768907283762.jpeg","contentUrl":"https:\/\/lasentinelle.dz\/wp-content\/uploads\/2026\/01\/Lune-scaled-e1768907283762.jpeg","width":1706,"height":1045},{"@type":"BreadcrumbList","@id":"https:\/\/lasentinelle.dz\/index.php\/2026\/03\/16\/date-de-laid-el-fitr-lassociation-sirius-prevoit-deux-scenarios\/#breadcrumb","itemListElement":[{"@type":"ListItem","position":1,"name":"Accueil","item":"https:\/\/lasentinelle.dz\/"},{"@type":"ListItem","position":2,"name":"Date de l\u2019A\u00efd el-Fitr\u00a0: L\u2019association Sirius pr\u00e9voit deux scenarios"}]},{"@type":"WebSite","@id":"https:\/\/lasentinelle.dz\/#website","url":"https:\/\/lasentinelle.dz\/","name":"La Sentinelle","description":"Quotidien national d&#039;information","publisher":{"@id":"https:\/\/lasentinelle.dz\/#organization"},"potentialAction":[{"@type":"SearchAction","target":{"@type":"EntryPoint","urlTemplate":"https:\/\/lasentinelle.dz\/?s={search_term_string}"},"query-input":{"@type":"PropertyValueSpecification","valueRequired":true,"valueName":"search_term_string"}}],"inLanguage":"fr-FR"},{"@type":"Organization","@id":"https:\/\/lasentinelle.dz\/#organization","name":"Quotidien La Sentinelle","url":"https:\/\/lasentinelle.dz\/","logo":{"@type":"ImageObject","inLanguage":"fr-FR","@id":"https:\/\/lasentinelle.dz\/#\/schema\/logo\/image\/","url":"https:\/\/lasentinelle.dz\/wp-content\/uploads\/2021\/09\/logo-sentinelleSLOGAN-1.png","contentUrl":"https:\/\/lasentinelle.dz\/wp-content\/uploads\/2021\/09\/logo-sentinelleSLOGAN-1.png","width":615,"height":142,"caption":"Quotidien La Sentinelle"},"image":{"@id":"https:\/\/lasentinelle.dz\/#\/schema\/logo\/image\/"},"sameAs":["https:\/\/www.facebook.com\/La-Sentinelle-104059864394773"]},{"@type":"Person","@id":"https:\/\/lasentinelle.dz\/#\/schema\/person\/729ee0024f24e0b8c5ec17232f8e8b41","name":"admin","image":{"@type":"ImageObject","inLanguage":"fr-FR","@id":"https:\/\/secure.gravatar.com\/avatar\/4c81fed838786e9b53f540bf46533e750f5d292099ae3b66cfc6fb1982e29df7?s=96&d=mm&r=g","url":"https:\/\/secure.gravatar.com\/avatar\/4c81fed838786e9b53f540bf46533e750f5d292099ae3b66cfc6fb1982e29df7?s=96&d=mm&r=g","contentUrl":"https:\/\/secure.gravatar.com\/avatar\/4c81fed838786e9b53f540bf46533e750f5d292099ae3b66cfc6fb1982e29df7?s=96&d=mm&r=g","caption":"admin"},"description":"admin","url":"https:\/\/lasentinelle.dz\/author\/admin\/"}]}},"_links":{"self":[{"href":"https:\/\/lasentinelle.dz\/index.php\/wp-json\/wp\/v2\/posts\/83701","targetHints":{"allow":["GET"]}}],"collection":[{"href":"https:\/\/lasentinelle.dz\/index.php\/wp-json\/wp\/v2\/posts"}],"about":[{"href":"https:\/\/lasentinelle.dz\/index.php\/wp-json\/wp\/v2\/types\/post"}],"author":[{"embeddable":true,"href":"https:\/\/lasentinelle.dz\/index.php\/wp-json\/wp\/v2\/users\/6"}],"replies":[{"embeddable":true,"href":"https:\/\/lasentinelle.dz\/index.php\/wp-json\/wp\/v2\/comments?post=83701"}],"version-history":[{"count":1,"href":"https:\/\/lasentinelle.dz\/index.php\/wp-json\/wp\/v2\/posts\/83701\/revisions"}],"predecessor-version":[{"id":83702,"href":"https:\/\/lasentinelle.dz\/index.php\/wp-json\/wp\/v2\/posts\/83701\/revisions\/83702"}],"wp:featuredmedia":[{"embeddable":true,"href":"https:\/\/lasentinelle.dz\/index.php\/wp-json\/wp\/v2\/media\/79717"}],"wp:attachment":[{"href":"https:\/\/lasentinelle.dz\/index.php\/wp-json\/wp\/v2\/media?parent=83701"}],"wp:term":[{"taxonomy":"category","embeddable":true,"href":"https:\/\/lasentinelle.dz\/index.php\/wp-json\/wp\/v2\/categories?post=83701"},{"taxonomy":"post_tag","embeddable":true,"href":"https:\/\/lasentinelle.dz\/index.php\/wp-json\/wp\/v2\/tags?post=83701"}],"curies":[{"name":"wp","href":"https:\/\/api.w.org\/{rel}","templated":true}]}}