{"id":83703,"date":"2026-03-16T20:46:11","date_gmt":"2026-03-16T19:46:11","guid":{"rendered":"https:\/\/lasentinelle.dz\/?p=83703"},"modified":"2026-03-16T20:46:12","modified_gmt":"2026-03-16T19:46:12","slug":"letusa-met-en-place-un-programme-de-transport-special-a-alger","status":"publish","type":"post","link":"https:\/\/lasentinelle.dz\/index.php\/2026\/03\/16\/letusa-met-en-place-un-programme-de-transport-special-a-alger\/","title":{"rendered":"L&rsquo;Etusa met en place un programme de transport sp\u00e9cial \u00e0 Alger"},"content":{"rendered":"\n<p>L&rsquo;Etablissement public de transport urbain et suburbain d&rsquo;Alger (Etusa) a annonc\u00e9, lundi dans un communiqu\u00e9, la mise en place d&rsquo;un programme d&rsquo;exploitation sp\u00e9cial \u00e0 l&rsquo;occasion de l&rsquo;A\u00efd El Fitr, afin de faciliter les d\u00e9placements des citoyens dans la capitale durant cette f\u00eate religieuse. Ce dispositif comprend \u00e9galement un programme de transport vers Djama\u00e2 El-Djaza\u00efr pour permettre aux fid\u00e8les d&rsquo;accomplir la pri\u00e8re de l&rsquo;A\u00efd, un programme \u00ab\u00a0Tarahom\u00a0\u00bb de navettes \u00e0 destination des cimeti\u00e8res, ainsi que des dessertes sp\u00e9ciales vers la promenade des Sablettes. Le programme g\u00e9n\u00e9ral de transport sera assur\u00e9 de 6h30 \u00e0 19h00 pour les brigades de jour et de 19h00 \u00e0 00h40 pour les brigades de nuit. L&rsquo;Etusa assurera 187 lignes durant la journ\u00e9e et 23 lignes pour le service de nuit, selon la m\u00eame source. Concernant le programme de transport vers Djama\u00e2 El-Djaza\u00efr, les premiers d\u00e9parts sont pr\u00e9vus \u00e0 5h30, tandis que les retours seront assur\u00e9s \u00e0 la fin de la pri\u00e8re de l&rsquo;A\u00efd. Les points de d\u00e9part sont programm\u00e9s \u00e0 partir des stations 1er Mai, Les Fusill\u00e9s (Ruisseau), Audin, Place des Martyrs, Kouba, Baraki, Eucalyptus, Ouled Moussa (via R\u00e9gha\u00efa, Rouiba et El Hamiz), Khemis El Khechna (via Hamadi), ainsi que Sidi Abdellah et Douera. S&rsquo;agissant du programme \u00ab\u00a0Tarahom\u00a0\u00bb, d\u00e9di\u00e9 aux visites des cimeti\u00e8res, les navettes seront assur\u00e9es de 07h00 \u00e0 13h40 durant les deux premiers jours de l&rsquo;A\u00efd. Ces dessertes relieront notamment 1er Mai au cimeti\u00e8re d&rsquo;El Alia, la Place des Martyrs au cimeti\u00e8re d&rsquo;El Alia, Chevalley au cimeti\u00e8re de Dely Brahim, Bachdjarah au cimeti\u00e8re de Sidi Rezine via Baraki, ainsi que El Harrach au cimeti\u00e8re d&rsquo;El Alia via Bachdjarah, El Harrach et Sidi Tayeb, ajoute la m\u00eame source.Par ailleurs, des navettes sp\u00e9ciales vers la promenade des Sablettes seront mises en service de 10h00 \u00e0 18h00 durant les deux jours de l&rsquo;A\u00efd El Fitr, \u00e0 partir des stations 1er Mai, Place des Martyrs, Baraki, Eucalyptus, Khemis El Khechna et Ouled Moussa.<\/p>\n\n\n\n<p>APS<\/p>\n","protected":false},"excerpt":{"rendered":"<p>L&rsquo;Etablissement public de transport urbain et suburbain d&rsquo;Alger (Etusa) a annonc\u00e9, lundi dans un communiqu\u00e9, la mise en place d&rsquo;un<\/p>\n","protected":false},"author":6,"featured_media":83705,"comment_status":"open","ping_status":"closed","sticky":false,"template":"","format":"standard","meta":{"colormag_page_container_layout":"default_layout","colormag_page_sidebar_layout":"default_layout","om_disable_all_campaigns":false,"_monsterinsights_skip_tracking":false,"_monsterinsights_sitenote_active":false,"_monsterinsights_sitenote_note":"","_monsterinsights_sitenote_category":0,"footnotes":"","_wpscppro_dont_share_socialmedia":false,"_wpscppro_custom_social_share_image":0,"_facebook_share_type":"default","_twitter_share_type":"default","_linkedin_share_type":"default","_pinterest_share_type":"default","_linkedin_share_type_page":"","_instagram_share_type":"default","_medium_share_type":"default","_threads_share_type":"default","_google_business_share_type":"default","_selected_social_profile":[],"_wpsp_enable_custom_social_template":false,"_wpsp_social_scheduling":{"enabled":false,"datetime":null,"platforms":[],"status":"template_only","dateOption":"today","timeOption":"now","customDays":"","customHours":"","customDate":"","customTime":"","schedulingType":"absolute"},"_wpsp_active_default_template":true},"categories":[27],"tags":[],"class_list":["post-83703","post","type-post","status-publish","format-standard","has-post-thumbnail","hentry","category-actualite"],"aioseo_notices":[],"yoast_head":"<!-- This site is optimized with the Yoast SEO plugin v27.5 - https:\/\/yoast.com\/product\/yoast-seo-wordpress\/ -->\n<title>L&rsquo;Etusa met en place un programme de transport sp\u00e9cial \u00e0 Alger - La Sentinelle<\/title>\n<meta name=\"robots\" content=\"index, follow, max-snippet:-1, max-image-preview:large, max-video-preview:-1\" \/>\n<link rel=\"canonical\" href=\"https:\/\/lasentinelle.dz\/index.php\/2026\/03\/16\/letusa-met-en-place-un-programme-de-transport-special-a-alger\/\" \/>\n<meta property=\"og:locale\" content=\"fr_FR\" \/>\n<meta property=\"og:type\" content=\"article\" \/>\n<meta property=\"og:title\" content=\"L&rsquo;Etusa met en place un programme de transport sp\u00e9cial \u00e0 Alger - La Sentinelle\" \/>\n<meta property=\"og:description\" content=\"L&rsquo;Etablissement public de transport urbain et suburbain d&rsquo;Alger (Etusa) a annonc\u00e9, lundi dans un communiqu\u00e9, la mise en place d&rsquo;un\" \/>\n<meta property=\"og:url\" content=\"https:\/\/lasentinelle.dz\/index.php\/2026\/03\/16\/letusa-met-en-place-un-programme-de-transport-special-a-alger\/\" \/>\n<meta property=\"og:site_name\" content=\"La Sentinelle\" \/>\n<meta property=\"article:publisher\" content=\"https:\/\/www.facebook.com\/La-Sentinelle-104059864394773\" \/>\n<meta property=\"article:published_time\" content=\"2026-03-16T19:46:11+00:00\" \/>\n<meta property=\"article:modified_time\" content=\"2026-03-16T19:46:12+00:00\" \/>\n<meta property=\"og:image\" content=\"https:\/\/lasentinelle.dz\/wp-content\/uploads\/2026\/03\/etusa.webp\" \/>\n\t<meta property=\"og:image:width\" content=\"1400\" \/>\n\t<meta property=\"og:image:height\" content=\"1050\" \/>\n\t<meta property=\"og:image:type\" content=\"image\/webp\" \/>\n<meta name=\"author\" content=\"admin\" \/>\n<meta name=\"twitter:card\" content=\"summary_large_image\" \/>\n<meta name=\"twitter:label1\" content=\"\u00c9crit par\" \/>\n\t<meta name=\"twitter:data1\" content=\"admin\" \/>\n\t<meta name=\"twitter:label2\" content=\"Dur\u00e9e de lecture estim\u00e9e\" \/>\n\t<meta name=\"twitter:data2\" content=\"2 minutes\" \/>\n<script type=\"application\/ld+json\" class=\"yoast-schema-graph\">{\"@context\":\"https:\\\/\\\/schema.org\",\"@graph\":[{\"@type\":\"Article\",\"@id\":\"https:\\\/\\\/lasentinelle.dz\\\/index.php\\\/2026\\\/03\\\/16\\\/letusa-met-en-place-un-programme-de-transport-special-a-alger\\\/#article\",\"isPartOf\":{\"@id\":\"https:\\\/\\\/lasentinelle.dz\\\/index.php\\\/2026\\\/03\\\/16\\\/letusa-met-en-place-un-programme-de-transport-special-a-alger\\\/\"},\"author\":{\"name\":\"admin\",\"@id\":\"https:\\\/\\\/lasentinelle.dz\\\/#\\\/schema\\\/person\\\/729ee0024f24e0b8c5ec17232f8e8b41\"},\"headline\":\"L&rsquo;Etusa met en place un programme de transport sp\u00e9cial \u00e0 Alger\",\"datePublished\":\"2026-03-16T19:46:11+00:00\",\"dateModified\":\"2026-03-16T19:46:12+00:00\",\"mainEntityOfPage\":{\"@id\":\"https:\\\/\\\/lasentinelle.dz\\\/index.php\\\/2026\\\/03\\\/16\\\/letusa-met-en-place-un-programme-de-transport-special-a-alger\\\/\"},\"wordCount\":370,\"commentCount\":0,\"publisher\":{\"@id\":\"https:\\\/\\\/lasentinelle.dz\\\/#organization\"},\"image\":{\"@id\":\"https:\\\/\\\/lasentinelle.dz\\\/index.php\\\/2026\\\/03\\\/16\\\/letusa-met-en-place-un-programme-de-transport-special-a-alger\\\/#primaryimage\"},\"thumbnailUrl\":\"https:\\\/\\\/lasentinelle.dz\\\/wp-content\\\/uploads\\\/2026\\\/03\\\/etusa.webp\",\"articleSection\":[\"Actualit\u00e9\"],\"inLanguage\":\"fr-FR\",\"potentialAction\":[{\"@type\":\"CommentAction\",\"name\":\"Comment\",\"target\":[\"https:\\\/\\\/lasentinelle.dz\\\/index.php\\\/2026\\\/03\\\/16\\\/letusa-met-en-place-un-programme-de-transport-special-a-alger\\\/#respond\"]}]},{\"@type\":\"WebPage\",\"@id\":\"https:\\\/\\\/lasentinelle.dz\\\/index.php\\\/2026\\\/03\\\/16\\\/letusa-met-en-place-un-programme-de-transport-special-a-alger\\\/\",\"url\":\"https:\\\/\\\/lasentinelle.dz\\\/index.php\\\/2026\\\/03\\\/16\\\/letusa-met-en-place-un-programme-de-transport-special-a-alger\\\/\",\"name\":\"L&rsquo;Etusa met en place un programme de transport sp\u00e9cial \u00e0 Alger - La Sentinelle\",\"isPartOf\":{\"@id\":\"https:\\\/\\\/lasentinelle.dz\\\/#website\"},\"primaryImageOfPage\":{\"@id\":\"https:\\\/\\\/lasentinelle.dz\\\/index.php\\\/2026\\\/03\\\/16\\\/letusa-met-en-place-un-programme-de-transport-special-a-alger\\\/#primaryimage\"},\"image\":{\"@id\":\"https:\\\/\\\/lasentinelle.dz\\\/index.php\\\/2026\\\/03\\\/16\\\/letusa-met-en-place-un-programme-de-transport-special-a-alger\\\/#primaryimage\"},\"thumbnailUrl\":\"https:\\\/\\\/lasentinelle.dz\\\/wp-content\\\/uploads\\\/2026\\\/03\\\/etusa.webp\",\"datePublished\":\"2026-03-16T19:46:11+00:00\",\"dateModified\":\"2026-03-16T19:46:12+00:00\",\"breadcrumb\":{\"@id\":\"https:\\\/\\\/lasentinelle.dz\\\/index.php\\\/2026\\\/03\\\/16\\\/letusa-met-en-place-un-programme-de-transport-special-a-alger\\\/#breadcrumb\"},\"inLanguage\":\"fr-FR\",\"potentialAction\":[{\"@type\":\"ReadAction\",\"target\":[\"https:\\\/\\\/lasentinelle.dz\\\/index.php\\\/2026\\\/03\\\/16\\\/letusa-met-en-place-un-programme-de-transport-special-a-alger\\\/\"]}]},{\"@type\":\"ImageObject\",\"inLanguage\":\"fr-FR\",\"@id\":\"https:\\\/\\\/lasentinelle.dz\\\/index.php\\\/2026\\\/03\\\/16\\\/letusa-met-en-place-un-programme-de-transport-special-a-alger\\\/#primaryimage\",\"url\":\"https:\\\/\\\/lasentinelle.dz\\\/wp-content\\\/uploads\\\/2026\\\/03\\\/etusa.webp\",\"contentUrl\":\"https:\\\/\\\/lasentinelle.dz\\\/wp-content\\\/uploads\\\/2026\\\/03\\\/etusa.webp\",\"width\":1400,\"height\":1050},{\"@type\":\"BreadcrumbList\",\"@id\":\"https:\\\/\\\/lasentinelle.dz\\\/index.php\\\/2026\\\/03\\\/16\\\/letusa-met-en-place-un-programme-de-transport-special-a-alger\\\/#breadcrumb\",\"itemListElement\":[{\"@type\":\"ListItem\",\"position\":1,\"name\":\"Accueil\",\"item\":\"https:\\\/\\\/lasentinelle.dz\\\/\"},{\"@type\":\"ListItem\",\"position\":2,\"name\":\"L&rsquo;Etusa met en place un programme de transport sp\u00e9cial \u00e0 Alger\"}]},{\"@type\":\"WebSite\",\"@id\":\"https:\\\/\\\/lasentinelle.dz\\\/#website\",\"url\":\"https:\\\/\\\/lasentinelle.dz\\\/\",\"name\":\"La Sentinelle\",\"description\":\"Quotidien national d&#039;information\",\"publisher\":{\"@id\":\"https:\\\/\\\/lasentinelle.dz\\\/#organization\"},\"potentialAction\":[{\"@type\":\"SearchAction\",\"target\":{\"@type\":\"EntryPoint\",\"urlTemplate\":\"https:\\\/\\\/lasentinelle.dz\\\/?s={search_term_string}\"},\"query-input\":{\"@type\":\"PropertyValueSpecification\",\"valueRequired\":true,\"valueName\":\"search_term_string\"}}],\"inLanguage\":\"fr-FR\"},{\"@type\":\"Organization\",\"@id\":\"https:\\\/\\\/lasentinelle.dz\\\/#organization\",\"name\":\"Quotidien La Sentinelle\",\"url\":\"https:\\\/\\\/lasentinelle.dz\\\/\",\"logo\":{\"@type\":\"ImageObject\",\"inLanguage\":\"fr-FR\",\"@id\":\"https:\\\/\\\/lasentinelle.dz\\\/#\\\/schema\\\/logo\\\/image\\\/\",\"url\":\"https:\\\/\\\/lasentinelle.dz\\\/wp-content\\\/uploads\\\/2021\\\/09\\\/logo-sentinelleSLOGAN-1.png\",\"contentUrl\":\"https:\\\/\\\/lasentinelle.dz\\\/wp-content\\\/uploads\\\/2021\\\/09\\\/logo-sentinelleSLOGAN-1.png\",\"width\":615,\"height\":142,\"caption\":\"Quotidien La Sentinelle\"},\"image\":{\"@id\":\"https:\\\/\\\/lasentinelle.dz\\\/#\\\/schema\\\/logo\\\/image\\\/\"},\"sameAs\":[\"https:\\\/\\\/www.facebook.com\\\/La-Sentinelle-104059864394773\"]},{\"@type\":\"Person\",\"@id\":\"https:\\\/\\\/lasentinelle.dz\\\/#\\\/schema\\\/person\\\/729ee0024f24e0b8c5ec17232f8e8b41\",\"name\":\"admin\",\"image\":{\"@type\":\"ImageObject\",\"inLanguage\":\"fr-FR\",\"@id\":\"https:\\\/\\\/secure.gravatar.com\\\/avatar\\\/4c81fed838786e9b53f540bf46533e750f5d292099ae3b66cfc6fb1982e29df7?s=96&d=mm&r=g\",\"url\":\"https:\\\/\\\/secure.gravatar.com\\\/avatar\\\/4c81fed838786e9b53f540bf46533e750f5d292099ae3b66cfc6fb1982e29df7?s=96&d=mm&r=g\",\"contentUrl\":\"https:\\\/\\\/secure.gravatar.com\\\/avatar\\\/4c81fed838786e9b53f540bf46533e750f5d292099ae3b66cfc6fb1982e29df7?s=96&d=mm&r=g\",\"caption\":\"admin\"},\"description\":\"admin\",\"url\":\"https:\\\/\\\/lasentinelle.dz\\\/author\\\/admin\\\/\"}]}<\/script>\n<!-- \/ Yoast SEO plugin. -->","yoast_head_json":{"title":"L&rsquo;Etusa met en place un programme de transport sp\u00e9cial \u00e0 Alger - La Sentinelle","robots":{"index":"index","follow":"follow","max-snippet":"max-snippet:-1","max-image-preview":"max-image-preview:large","max-video-preview":"max-video-preview:-1"},"canonical":"https:\/\/lasentinelle.dz\/index.php\/2026\/03\/16\/letusa-met-en-place-un-programme-de-transport-special-a-alger\/","og_locale":"fr_FR","og_type":"article","og_title":"L&rsquo;Etusa met en place un programme de transport sp\u00e9cial \u00e0 Alger - La Sentinelle","og_description":"L&rsquo;Etablissement public de transport urbain et suburbain d&rsquo;Alger (Etusa) a annonc\u00e9, lundi dans un communiqu\u00e9, la mise en place d&rsquo;un","og_url":"https:\/\/lasentinelle.dz\/index.php\/2026\/03\/16\/letusa-met-en-place-un-programme-de-transport-special-a-alger\/","og_site_name":"La Sentinelle","article_publisher":"https:\/\/www.facebook.com\/La-Sentinelle-104059864394773","article_published_time":"2026-03-16T19:46:11+00:00","article_modified_time":"2026-03-16T19:46:12+00:00","og_image":[{"width":1400,"height":1050,"url":"https:\/\/lasentinelle.dz\/wp-content\/uploads\/2026\/03\/etusa.webp","type":"image\/webp"}],"author":"admin","twitter_card":"summary_large_image","twitter_misc":{"\u00c9crit par":"admin","Dur\u00e9e de lecture estim\u00e9e":"2 minutes"},"schema":{"@context":"https:\/\/schema.org","@graph":[{"@type":"Article","@id":"https:\/\/lasentinelle.dz\/index.php\/2026\/03\/16\/letusa-met-en-place-un-programme-de-transport-special-a-alger\/#article","isPartOf":{"@id":"https:\/\/lasentinelle.dz\/index.php\/2026\/03\/16\/letusa-met-en-place-un-programme-de-transport-special-a-alger\/"},"author":{"name":"admin","@id":"https:\/\/lasentinelle.dz\/#\/schema\/person\/729ee0024f24e0b8c5ec17232f8e8b41"},"headline":"L&rsquo;Etusa met en place un programme de transport sp\u00e9cial \u00e0 Alger","datePublished":"2026-03-16T19:46:11+00:00","dateModified":"2026-03-16T19:46:12+00:00","mainEntityOfPage":{"@id":"https:\/\/lasentinelle.dz\/index.php\/2026\/03\/16\/letusa-met-en-place-un-programme-de-transport-special-a-alger\/"},"wordCount":370,"commentCount":0,"publisher":{"@id":"https:\/\/lasentinelle.dz\/#organization"},"image":{"@id":"https:\/\/lasentinelle.dz\/index.php\/2026\/03\/16\/letusa-met-en-place-un-programme-de-transport-special-a-alger\/#primaryimage"},"thumbnailUrl":"https:\/\/lasentinelle.dz\/wp-content\/uploads\/2026\/03\/etusa.webp","articleSection":["Actualit\u00e9"],"inLanguage":"fr-FR","potentialAction":[{"@type":"CommentAction","name":"Comment","target":["https:\/\/lasentinelle.dz\/index.php\/2026\/03\/16\/letusa-met-en-place-un-programme-de-transport-special-a-alger\/#respond"]}]},{"@type":"WebPage","@id":"https:\/\/lasentinelle.dz\/index.php\/2026\/03\/16\/letusa-met-en-place-un-programme-de-transport-special-a-alger\/","url":"https:\/\/lasentinelle.dz\/index.php\/2026\/03\/16\/letusa-met-en-place-un-programme-de-transport-special-a-alger\/","name":"L&rsquo;Etusa met en place un programme de transport sp\u00e9cial \u00e0 Alger - La Sentinelle","isPartOf":{"@id":"https:\/\/lasentinelle.dz\/#website"},"primaryImageOfPage":{"@id":"https:\/\/lasentinelle.dz\/index.php\/2026\/03\/16\/letusa-met-en-place-un-programme-de-transport-special-a-alger\/#primaryimage"},"image":{"@id":"https:\/\/lasentinelle.dz\/index.php\/2026\/03\/16\/letusa-met-en-place-un-programme-de-transport-special-a-alger\/#primaryimage"},"thumbnailUrl":"https:\/\/lasentinelle.dz\/wp-content\/uploads\/2026\/03\/etusa.webp","datePublished":"2026-03-16T19:46:11+00:00","dateModified":"2026-03-16T19:46:12+00:00","breadcrumb":{"@id":"https:\/\/lasentinelle.dz\/index.php\/2026\/03\/16\/letusa-met-en-place-un-programme-de-transport-special-a-alger\/#breadcrumb"},"inLanguage":"fr-FR","potentialAction":[{"@type":"ReadAction","target":["https:\/\/lasentinelle.dz\/index.php\/2026\/03\/16\/letusa-met-en-place-un-programme-de-transport-special-a-alger\/"]}]},{"@type":"ImageObject","inLanguage":"fr-FR","@id":"https:\/\/lasentinelle.dz\/index.php\/2026\/03\/16\/letusa-met-en-place-un-programme-de-transport-special-a-alger\/#primaryimage","url":"https:\/\/lasentinelle.dz\/wp-content\/uploads\/2026\/03\/etusa.webp","contentUrl":"https:\/\/lasentinelle.dz\/wp-content\/uploads\/2026\/03\/etusa.webp","width":1400,"height":1050},{"@type":"BreadcrumbList","@id":"https:\/\/lasentinelle.dz\/index.php\/2026\/03\/16\/letusa-met-en-place-un-programme-de-transport-special-a-alger\/#breadcrumb","itemListElement":[{"@type":"ListItem","position":1,"name":"Accueil","item":"https:\/\/lasentinelle.dz\/"},{"@type":"ListItem","position":2,"name":"L&rsquo;Etusa met en place un programme de transport sp\u00e9cial \u00e0 Alger"}]},{"@type":"WebSite","@id":"https:\/\/lasentinelle.dz\/#website","url":"https:\/\/lasentinelle.dz\/","name":"La Sentinelle","description":"Quotidien national d&#039;information","publisher":{"@id":"https:\/\/lasentinelle.dz\/#organization"},"potentialAction":[{"@type":"SearchAction","target":{"@type":"EntryPoint","urlTemplate":"https:\/\/lasentinelle.dz\/?s={search_term_string}"},"query-input":{"@type":"PropertyValueSpecification","valueRequired":true,"valueName":"search_term_string"}}],"inLanguage":"fr-FR"},{"@type":"Organization","@id":"https:\/\/lasentinelle.dz\/#organization","name":"Quotidien La Sentinelle","url":"https:\/\/lasentinelle.dz\/","logo":{"@type":"ImageObject","inLanguage":"fr-FR","@id":"https:\/\/lasentinelle.dz\/#\/schema\/logo\/image\/","url":"https:\/\/lasentinelle.dz\/wp-content\/uploads\/2021\/09\/logo-sentinelleSLOGAN-1.png","contentUrl":"https:\/\/lasentinelle.dz\/wp-content\/uploads\/2021\/09\/logo-sentinelleSLOGAN-1.png","width":615,"height":142,"caption":"Quotidien La Sentinelle"},"image":{"@id":"https:\/\/lasentinelle.dz\/#\/schema\/logo\/image\/"},"sameAs":["https:\/\/www.facebook.com\/La-Sentinelle-104059864394773"]},{"@type":"Person","@id":"https:\/\/lasentinelle.dz\/#\/schema\/person\/729ee0024f24e0b8c5ec17232f8e8b41","name":"admin","image":{"@type":"ImageObject","inLanguage":"fr-FR","@id":"https:\/\/secure.gravatar.com\/avatar\/4c81fed838786e9b53f540bf46533e750f5d292099ae3b66cfc6fb1982e29df7?s=96&d=mm&r=g","url":"https:\/\/secure.gravatar.com\/avatar\/4c81fed838786e9b53f540bf46533e750f5d292099ae3b66cfc6fb1982e29df7?s=96&d=mm&r=g","contentUrl":"https:\/\/secure.gravatar.com\/avatar\/4c81fed838786e9b53f540bf46533e750f5d292099ae3b66cfc6fb1982e29df7?s=96&d=mm&r=g","caption":"admin"},"description":"admin","url":"https:\/\/lasentinelle.dz\/author\/admin\/"}]}},"_links":{"self":[{"href":"https:\/\/lasentinelle.dz\/index.php\/wp-json\/wp\/v2\/posts\/83703","targetHints":{"allow":["GET"]}}],"collection":[{"href":"https:\/\/lasentinelle.dz\/index.php\/wp-json\/wp\/v2\/posts"}],"about":[{"href":"https:\/\/lasentinelle.dz\/index.php\/wp-json\/wp\/v2\/types\/post"}],"author":[{"embeddable":true,"href":"https:\/\/lasentinelle.dz\/index.php\/wp-json\/wp\/v2\/users\/6"}],"replies":[{"embeddable":true,"href":"https:\/\/lasentinelle.dz\/index.php\/wp-json\/wp\/v2\/comments?post=83703"}],"version-history":[{"count":2,"href":"https:\/\/lasentinelle.dz\/index.php\/wp-json\/wp\/v2\/posts\/83703\/revisions"}],"predecessor-version":[{"id":83707,"href":"https:\/\/lasentinelle.dz\/index.php\/wp-json\/wp\/v2\/posts\/83703\/revisions\/83707"}],"wp:featuredmedia":[{"embeddable":true,"href":"https:\/\/lasentinelle.dz\/index.php\/wp-json\/wp\/v2\/media\/83705"}],"wp:attachment":[{"href":"https:\/\/lasentinelle.dz\/index.php\/wp-json\/wp\/v2\/media?parent=83703"}],"wp:term":[{"taxonomy":"category","embeddable":true,"href":"https:\/\/lasentinelle.dz\/index.php\/wp-json\/wp\/v2\/categories?post=83703"},{"taxonomy":"post_tag","embeddable":true,"href":"https:\/\/lasentinelle.dz\/index.php\/wp-json\/wp\/v2\/tags?post=83703"}],"curies":[{"name":"wp","href":"https:\/\/api.w.org\/{rel}","templated":true}]}}