{"id":83708,"date":"2026-03-16T20:46:56","date_gmt":"2026-03-16T19:46:56","guid":{"rendered":"https:\/\/lasentinelle.dz\/?p=83708"},"modified":"2026-03-16T20:46:57","modified_gmt":"2026-03-16T19:46:57","slug":"permanence-durant-laid-el-fitr-plus-de-55-000-commercants-sur-le-pont","status":"publish","type":"post","link":"https:\/\/lasentinelle.dz\/index.php\/2026\/03\/16\/permanence-durant-laid-el-fitr-plus-de-55-000-commercants-sur-le-pont\/","title":{"rendered":"Permanence durant l\u2019A\u00efd El-Fitr\u00a0: Plus de 55 000 commer\u00e7ants sur le pont"},"content":{"rendered":"\n<p>Le minist\u00e8re du Commerce int\u00e9rieur et de la R\u00e9gulation du march\u00e9 national a mobilis\u00e9 55\/743 commer\u00e7ants, 546 unit\u00e9s de production et 2.865 agents de contr\u00f4le \u00e0 travers l&rsquo;ensemble du territoire national pour assurer la permanence commerciale durant les jours de l&rsquo;A\u00efd El-Fitr, \u00e0 l&rsquo;issue d&rsquo;une r\u00e9union de coordination pr\u00e9sid\u00e9e dimanche \u00e0 Alger par la ministre Amel Abdellatif avec les directeurs r\u00e9gionaux du commerce.<\/p>\n\n\n\n<p>Le dispositif, d\u00e9ploy\u00e9 conform\u00e9ment aux dispositions de l&rsquo;article 8 de la loi 13-06 du 23 juillet 2013, vise \u00e0 garantir un approvisionnement r\u00e9gulier des citoyens en produits et services de large consommation pendant cette f\u00eate religieuse. Parmi les commer\u00e7ants mobilis\u00e9s, 6 617 exercent dans le secteur de la boulangerie, 30 538 dans l&rsquo;alimentation g\u00e9n\u00e9rale et les fruits et l\u00e9gumes, et 18 042 rel\u00e8vent de diverses autres activit\u00e9s. L&rsquo;appareil productif est \u00e9galement mis \u00e0 contribution avec 154 laiteries, 345 minoteries et 47 unit\u00e9s de production d&rsquo;eau min\u00e9rale maintenues en activit\u00e9 pour r\u00e9pondre aux besoins des consommateurs. Lors de la r\u00e9union minist\u00e9rielle, en pr\u00e9sence des cadres de l&rsquo;administration centrale, les directeurs r\u00e9gionaux ont pr\u00e9sent\u00e9 des expos\u00e9s d\u00e9taill\u00e9s sur les mesures prises dans chaque wilaya pour assurer l&rsquo;approvisionnement du march\u00e9, notamment en ce qui concerne les boulangeries, les magasins d&rsquo;alimentation g\u00e9n\u00e9rale et les services essentiels. La ministre a insist\u00e9 sur la n\u00e9cessit\u00e9 d&rsquo;une pr\u00e9sence effective sur le terrain, du suivi rigoureux du syst\u00e8me de permanence et de la garantie d&rsquo;une reprise normale de l&rsquo;activit\u00e9 commerciale pendant et apr\u00e8s la f\u00eate. Elle a \u00e9galement donn\u00e9 des instructions aux responsables de l&rsquo;entreprise Magros pour que l&rsquo;ensemble des march\u00e9s de gros de fruits et l\u00e9gumes restent ouverts et pleinement op\u00e9rationnels tout au long de la p\u00e9riode.<\/p>\n\n\n\n<p><strong>Le num\u00e9rique au service du consommateur<\/strong><\/p>\n\n\n\n<p>L&rsquo;un des axes majeurs de ce dispositif r\u00e9side dans la digitalisation de l&rsquo;information destin\u00e9e au citoyen. La ministre a soulign\u00e9 l&rsquo;importance de sensibiliser le public \u00e0 l&rsquo;utilisation de l&rsquo;application \u00e9lectronique \u00ab Morafik Com \u00bb, un guide num\u00e9rique permettant aux consommateurs d&rsquo;identifier et de localiser facilement les commer\u00e7ants de permanence dans leur zone de r\u00e9sidence. Mme Abdellatif a appel\u00e9, dans ce cadre, \u00e0 diffuser largement la culture du signalement aupr\u00e8s des citoyens, afin de renforcer le contr\u00f4le participatif et de lutter contre d&rsquo;\u00e9ventuels manquements. Les 2 865 agents de contr\u00f4le d\u00e9ploy\u00e9s \u00e0 travers les wilayas sont charg\u00e9s de veiller au respect du programme et au bon d\u00e9roulement des activit\u00e9s commerciales durant toute la dur\u00e9e de l&rsquo;A\u00efd. Le minist\u00e8re a par ailleurs rappel\u00e9 l&rsquo;obligation l\u00e9gale pour l&rsquo;ensemble des op\u00e9rateurs \u00e9conomiques de reprendre l&rsquo;activit\u00e9 commerciale imm\u00e9diatement apr\u00e8s le cong\u00e9, conform\u00e9ment aux dispositions r\u00e9gissant les cong\u00e9s durant les f\u00eates nationales et religieuses, afin de pr\u00e9venir toute rupture dans la cha\u00eene d&rsquo;approvisionnement du march\u00e9 national.<\/p>\n\n\n\n<p><strong>L&rsquo;UGCAA en renfort<\/strong><\/p>\n\n\n\n<p>L&rsquo;Union g\u00e9n\u00e9rale des commer\u00e7ants et artisans alg\u00e9riens a joint sa voix \u00e0 celle du minist\u00e8re en lan\u00e7ant un appel solennel aux commer\u00e7ants, artisans, transporteurs et chauffeurs de taxi de toutes les wilayas du pays pour qu&rsquo;ils respectent strictement le syst\u00e8me de permanence \u00e9tabli. L&rsquo;organisation patronale a exhort\u00e9 les commer\u00e7ants non concern\u00e9s par la permanence \u00e0 se porter volontaires pour ouvrir leurs locaux, estimant que cette d\u00e9marche contribue au renforcement du service public et facilite l&rsquo;acc\u00e8s des citoyens aux produits de premi\u00e8re n\u00e9cessit\u00e9. L&rsquo;UGCAA a salu\u00e9 \u00ab l&rsquo;esprit de citoyennet\u00e9 sinc\u00e8re, le sens civique et la conscience professionnelle \u00bb dont ont fait preuve les commer\u00e7ants et les op\u00e9rateurs \u00e9conomiques durant le mois de Ramadhan, louant leur discipline dans l&rsquo;approvisionnement des march\u00e9s et les \u00e9lans de solidarit\u00e9 incarn\u00e9s par de nombreuses initiatives caritatives. La ministre a elle aussi tenu \u00e0 rendre hommage \u00e0 \u00ab l&rsquo;esprit de responsabilit\u00e9 manifest\u00e9 par les commer\u00e7ants et leur accompagnement des consommateurs durant les f\u00eates et occasions sp\u00e9ciales \u00bb. L&rsquo;Union a r\u00e9affirm\u00e9 son engagement \u00e0 poursuivre la coordination avec les autorit\u00e9s publiques et l&rsquo;ensemble des partenaires pour consolider la stabilit\u00e9 du march\u00e9 national, au service du citoyen et de l&rsquo;\u00e9conomie du pays. Un mot d&rsquo;ordre commun se d\u00e9gage ainsi de cette mobilisation g\u00e9n\u00e9rale : faire en sorte que la joie de l&rsquo;A\u00efd ne soit ternie par aucune p\u00e9nurie ni aucune perturbation dans l&rsquo;acc\u00e8s aux produits essentiels.<\/p>\n\n\n\n<p>Chokri Hafed<\/p>\n","protected":false},"excerpt":{"rendered":"<p>Le minist\u00e8re du Commerce int\u00e9rieur et de la R\u00e9gulation du march\u00e9 national a mobilis\u00e9 55\/743 commer\u00e7ants, 546 unit\u00e9s de production<\/p>\n","protected":false},"author":6,"featured_media":83709,"comment_status":"open","ping_status":"closed","sticky":false,"template":"","format":"standard","meta":{"colormag_page_container_layout":"default_layout","colormag_page_sidebar_layout":"default_layout","om_disable_all_campaigns":false,"_monsterinsights_skip_tracking":false,"_monsterinsights_sitenote_active":false,"_monsterinsights_sitenote_note":"","_monsterinsights_sitenote_category":0,"footnotes":"","_wpscppro_dont_share_socialmedia":false,"_wpscppro_custom_social_share_image":0,"_facebook_share_type":"default","_twitter_share_type":"default","_linkedin_share_type":"default","_pinterest_share_type":"default","_linkedin_share_type_page":"","_instagram_share_type":"default","_medium_share_type":"default","_threads_share_type":"default","_google_business_share_type":"default","_selected_social_profile":[],"_wpsp_enable_custom_social_template":false,"_wpsp_social_scheduling":{"enabled":false,"datetime":null,"platforms":[],"status":"template_only","dateOption":"today","timeOption":"now","customDays":"","customHours":"","customDate":"","customTime":"","schedulingType":"absolute"},"_wpsp_active_default_template":true},"categories":[52,27],"tags":[],"class_list":["post-83708","post","type-post","status-publish","format-standard","has-post-thumbnail","hentry","category-a-la-une","category-actualite"],"aioseo_notices":[],"yoast_head":"<!-- This site is optimized with the Yoast SEO plugin v27.5 - https:\/\/yoast.com\/product\/yoast-seo-wordpress\/ -->\n<title>Permanence durant l\u2019A\u00efd El-Fitr\u00a0: Plus de 55 000 commer\u00e7ants sur le pont - La Sentinelle<\/title>\n<meta name=\"robots\" content=\"index, follow, max-snippet:-1, max-image-preview:large, max-video-preview:-1\" \/>\n<link rel=\"canonical\" href=\"https:\/\/lasentinelle.dz\/index.php\/2026\/03\/16\/permanence-durant-laid-el-fitr-plus-de-55-000-commercants-sur-le-pont\/\" \/>\n<meta property=\"og:locale\" content=\"fr_FR\" \/>\n<meta property=\"og:type\" content=\"article\" \/>\n<meta property=\"og:title\" content=\"Permanence durant l\u2019A\u00efd El-Fitr\u00a0: Plus de 55 000 commer\u00e7ants sur le pont - La Sentinelle\" \/>\n<meta property=\"og:description\" content=\"Le minist\u00e8re du Commerce int\u00e9rieur et de la R\u00e9gulation du march\u00e9 national a mobilis\u00e9 55\/743 commer\u00e7ants, 546 unit\u00e9s de production\" \/>\n<meta property=\"og:url\" content=\"https:\/\/lasentinelle.dz\/index.php\/2026\/03\/16\/permanence-durant-laid-el-fitr-plus-de-55-000-commercants-sur-le-pont\/\" \/>\n<meta property=\"og:site_name\" content=\"La Sentinelle\" \/>\n<meta property=\"article:publisher\" content=\"https:\/\/www.facebook.com\/La-Sentinelle-104059864394773\" \/>\n<meta property=\"article:published_time\" content=\"2026-03-16T19:46:56+00:00\" \/>\n<meta property=\"article:modified_time\" content=\"2026-03-16T19:46:57+00:00\" \/>\n<meta property=\"og:image\" content=\"https:\/\/lasentinelle.dz\/wp-content\/uploads\/2026\/03\/commerces.png\" \/>\n\t<meta property=\"og:image:width\" content=\"853\" \/>\n\t<meta property=\"og:image:height\" content=\"626\" \/>\n\t<meta property=\"og:image:type\" content=\"image\/png\" \/>\n<meta name=\"author\" content=\"admin\" \/>\n<meta name=\"twitter:card\" content=\"summary_large_image\" \/>\n<meta name=\"twitter:label1\" content=\"\u00c9crit par\" \/>\n\t<meta name=\"twitter:data1\" content=\"admin\" \/>\n\t<meta name=\"twitter:label2\" content=\"Dur\u00e9e de lecture estim\u00e9e\" \/>\n\t<meta name=\"twitter:data2\" content=\"4 minutes\" \/>\n<script type=\"application\/ld+json\" class=\"yoast-schema-graph\">{\"@context\":\"https:\\\/\\\/schema.org\",\"@graph\":[{\"@type\":\"Article\",\"@id\":\"https:\\\/\\\/lasentinelle.dz\\\/index.php\\\/2026\\\/03\\\/16\\\/permanence-durant-laid-el-fitr-plus-de-55-000-commercants-sur-le-pont\\\/#article\",\"isPartOf\":{\"@id\":\"https:\\\/\\\/lasentinelle.dz\\\/index.php\\\/2026\\\/03\\\/16\\\/permanence-durant-laid-el-fitr-plus-de-55-000-commercants-sur-le-pont\\\/\"},\"author\":{\"name\":\"admin\",\"@id\":\"https:\\\/\\\/lasentinelle.dz\\\/#\\\/schema\\\/person\\\/729ee0024f24e0b8c5ec17232f8e8b41\"},\"headline\":\"Permanence durant l\u2019A\u00efd El-Fitr\u00a0: Plus de 55 000 commer\u00e7ants sur le pont\",\"datePublished\":\"2026-03-16T19:46:56+00:00\",\"dateModified\":\"2026-03-16T19:46:57+00:00\",\"mainEntityOfPage\":{\"@id\":\"https:\\\/\\\/lasentinelle.dz\\\/index.php\\\/2026\\\/03\\\/16\\\/permanence-durant-laid-el-fitr-plus-de-55-000-commercants-sur-le-pont\\\/\"},\"wordCount\":792,\"commentCount\":0,\"publisher\":{\"@id\":\"https:\\\/\\\/lasentinelle.dz\\\/#organization\"},\"image\":{\"@id\":\"https:\\\/\\\/lasentinelle.dz\\\/index.php\\\/2026\\\/03\\\/16\\\/permanence-durant-laid-el-fitr-plus-de-55-000-commercants-sur-le-pont\\\/#primaryimage\"},\"thumbnailUrl\":\"https:\\\/\\\/lasentinelle.dz\\\/wp-content\\\/uploads\\\/2026\\\/03\\\/commerces.png\",\"articleSection\":[\"\u00c0 la Une\",\"Actualit\u00e9\"],\"inLanguage\":\"fr-FR\",\"potentialAction\":[{\"@type\":\"CommentAction\",\"name\":\"Comment\",\"target\":[\"https:\\\/\\\/lasentinelle.dz\\\/index.php\\\/2026\\\/03\\\/16\\\/permanence-durant-laid-el-fitr-plus-de-55-000-commercants-sur-le-pont\\\/#respond\"]}]},{\"@type\":\"WebPage\",\"@id\":\"https:\\\/\\\/lasentinelle.dz\\\/index.php\\\/2026\\\/03\\\/16\\\/permanence-durant-laid-el-fitr-plus-de-55-000-commercants-sur-le-pont\\\/\",\"url\":\"https:\\\/\\\/lasentinelle.dz\\\/index.php\\\/2026\\\/03\\\/16\\\/permanence-durant-laid-el-fitr-plus-de-55-000-commercants-sur-le-pont\\\/\",\"name\":\"Permanence durant l\u2019A\u00efd El-Fitr\u00a0: Plus de 55 000 commer\u00e7ants sur le pont - La Sentinelle\",\"isPartOf\":{\"@id\":\"https:\\\/\\\/lasentinelle.dz\\\/#website\"},\"primaryImageOfPage\":{\"@id\":\"https:\\\/\\\/lasentinelle.dz\\\/index.php\\\/2026\\\/03\\\/16\\\/permanence-durant-laid-el-fitr-plus-de-55-000-commercants-sur-le-pont\\\/#primaryimage\"},\"image\":{\"@id\":\"https:\\\/\\\/lasentinelle.dz\\\/index.php\\\/2026\\\/03\\\/16\\\/permanence-durant-laid-el-fitr-plus-de-55-000-commercants-sur-le-pont\\\/#primaryimage\"},\"thumbnailUrl\":\"https:\\\/\\\/lasentinelle.dz\\\/wp-content\\\/uploads\\\/2026\\\/03\\\/commerces.png\",\"datePublished\":\"2026-03-16T19:46:56+00:00\",\"dateModified\":\"2026-03-16T19:46:57+00:00\",\"breadcrumb\":{\"@id\":\"https:\\\/\\\/lasentinelle.dz\\\/index.php\\\/2026\\\/03\\\/16\\\/permanence-durant-laid-el-fitr-plus-de-55-000-commercants-sur-le-pont\\\/#breadcrumb\"},\"inLanguage\":\"fr-FR\",\"potentialAction\":[{\"@type\":\"ReadAction\",\"target\":[\"https:\\\/\\\/lasentinelle.dz\\\/index.php\\\/2026\\\/03\\\/16\\\/permanence-durant-laid-el-fitr-plus-de-55-000-commercants-sur-le-pont\\\/\"]}]},{\"@type\":\"ImageObject\",\"inLanguage\":\"fr-FR\",\"@id\":\"https:\\\/\\\/lasentinelle.dz\\\/index.php\\\/2026\\\/03\\\/16\\\/permanence-durant-laid-el-fitr-plus-de-55-000-commercants-sur-le-pont\\\/#primaryimage\",\"url\":\"https:\\\/\\\/lasentinelle.dz\\\/wp-content\\\/uploads\\\/2026\\\/03\\\/commerces.png\",\"contentUrl\":\"https:\\\/\\\/lasentinelle.dz\\\/wp-content\\\/uploads\\\/2026\\\/03\\\/commerces.png\",\"width\":853,\"height\":626},{\"@type\":\"BreadcrumbList\",\"@id\":\"https:\\\/\\\/lasentinelle.dz\\\/index.php\\\/2026\\\/03\\\/16\\\/permanence-durant-laid-el-fitr-plus-de-55-000-commercants-sur-le-pont\\\/#breadcrumb\",\"itemListElement\":[{\"@type\":\"ListItem\",\"position\":1,\"name\":\"Accueil\",\"item\":\"https:\\\/\\\/lasentinelle.dz\\\/\"},{\"@type\":\"ListItem\",\"position\":2,\"name\":\"Permanence durant l\u2019A\u00efd El-Fitr\u00a0: Plus de 55 000 commer\u00e7ants sur le pont\"}]},{\"@type\":\"WebSite\",\"@id\":\"https:\\\/\\\/lasentinelle.dz\\\/#website\",\"url\":\"https:\\\/\\\/lasentinelle.dz\\\/\",\"name\":\"La Sentinelle\",\"description\":\"Quotidien national d&#039;information\",\"publisher\":{\"@id\":\"https:\\\/\\\/lasentinelle.dz\\\/#organization\"},\"potentialAction\":[{\"@type\":\"SearchAction\",\"target\":{\"@type\":\"EntryPoint\",\"urlTemplate\":\"https:\\\/\\\/lasentinelle.dz\\\/?s={search_term_string}\"},\"query-input\":{\"@type\":\"PropertyValueSpecification\",\"valueRequired\":true,\"valueName\":\"search_term_string\"}}],\"inLanguage\":\"fr-FR\"},{\"@type\":\"Organization\",\"@id\":\"https:\\\/\\\/lasentinelle.dz\\\/#organization\",\"name\":\"Quotidien La Sentinelle\",\"url\":\"https:\\\/\\\/lasentinelle.dz\\\/\",\"logo\":{\"@type\":\"ImageObject\",\"inLanguage\":\"fr-FR\",\"@id\":\"https:\\\/\\\/lasentinelle.dz\\\/#\\\/schema\\\/logo\\\/image\\\/\",\"url\":\"https:\\\/\\\/lasentinelle.dz\\\/wp-content\\\/uploads\\\/2021\\\/09\\\/logo-sentinelleSLOGAN-1.png\",\"contentUrl\":\"https:\\\/\\\/lasentinelle.dz\\\/wp-content\\\/uploads\\\/2021\\\/09\\\/logo-sentinelleSLOGAN-1.png\",\"width\":615,\"height\":142,\"caption\":\"Quotidien La Sentinelle\"},\"image\":{\"@id\":\"https:\\\/\\\/lasentinelle.dz\\\/#\\\/schema\\\/logo\\\/image\\\/\"},\"sameAs\":[\"https:\\\/\\\/www.facebook.com\\\/La-Sentinelle-104059864394773\"]},{\"@type\":\"Person\",\"@id\":\"https:\\\/\\\/lasentinelle.dz\\\/#\\\/schema\\\/person\\\/729ee0024f24e0b8c5ec17232f8e8b41\",\"name\":\"admin\",\"image\":{\"@type\":\"ImageObject\",\"inLanguage\":\"fr-FR\",\"@id\":\"https:\\\/\\\/secure.gravatar.com\\\/avatar\\\/4c81fed838786e9b53f540bf46533e750f5d292099ae3b66cfc6fb1982e29df7?s=96&d=mm&r=g\",\"url\":\"https:\\\/\\\/secure.gravatar.com\\\/avatar\\\/4c81fed838786e9b53f540bf46533e750f5d292099ae3b66cfc6fb1982e29df7?s=96&d=mm&r=g\",\"contentUrl\":\"https:\\\/\\\/secure.gravatar.com\\\/avatar\\\/4c81fed838786e9b53f540bf46533e750f5d292099ae3b66cfc6fb1982e29df7?s=96&d=mm&r=g\",\"caption\":\"admin\"},\"description\":\"admin\",\"url\":\"https:\\\/\\\/lasentinelle.dz\\\/author\\\/admin\\\/\"}]}<\/script>\n<!-- \/ Yoast SEO plugin. -->","yoast_head_json":{"title":"Permanence durant l\u2019A\u00efd El-Fitr\u00a0: Plus de 55 000 commer\u00e7ants sur le pont - La Sentinelle","robots":{"index":"index","follow":"follow","max-snippet":"max-snippet:-1","max-image-preview":"max-image-preview:large","max-video-preview":"max-video-preview:-1"},"canonical":"https:\/\/lasentinelle.dz\/index.php\/2026\/03\/16\/permanence-durant-laid-el-fitr-plus-de-55-000-commercants-sur-le-pont\/","og_locale":"fr_FR","og_type":"article","og_title":"Permanence durant l\u2019A\u00efd El-Fitr\u00a0: Plus de 55 000 commer\u00e7ants sur le pont - La Sentinelle","og_description":"Le minist\u00e8re du Commerce int\u00e9rieur et de la R\u00e9gulation du march\u00e9 national a mobilis\u00e9 55\/743 commer\u00e7ants, 546 unit\u00e9s de production","og_url":"https:\/\/lasentinelle.dz\/index.php\/2026\/03\/16\/permanence-durant-laid-el-fitr-plus-de-55-000-commercants-sur-le-pont\/","og_site_name":"La Sentinelle","article_publisher":"https:\/\/www.facebook.com\/La-Sentinelle-104059864394773","article_published_time":"2026-03-16T19:46:56+00:00","article_modified_time":"2026-03-16T19:46:57+00:00","og_image":[{"width":853,"height":626,"url":"https:\/\/lasentinelle.dz\/wp-content\/uploads\/2026\/03\/commerces.png","type":"image\/png"}],"author":"admin","twitter_card":"summary_large_image","twitter_misc":{"\u00c9crit par":"admin","Dur\u00e9e de lecture estim\u00e9e":"4 minutes"},"schema":{"@context":"https:\/\/schema.org","@graph":[{"@type":"Article","@id":"https:\/\/lasentinelle.dz\/index.php\/2026\/03\/16\/permanence-durant-laid-el-fitr-plus-de-55-000-commercants-sur-le-pont\/#article","isPartOf":{"@id":"https:\/\/lasentinelle.dz\/index.php\/2026\/03\/16\/permanence-durant-laid-el-fitr-plus-de-55-000-commercants-sur-le-pont\/"},"author":{"name":"admin","@id":"https:\/\/lasentinelle.dz\/#\/schema\/person\/729ee0024f24e0b8c5ec17232f8e8b41"},"headline":"Permanence durant l\u2019A\u00efd El-Fitr\u00a0: Plus de 55 000 commer\u00e7ants sur le pont","datePublished":"2026-03-16T19:46:56+00:00","dateModified":"2026-03-16T19:46:57+00:00","mainEntityOfPage":{"@id":"https:\/\/lasentinelle.dz\/index.php\/2026\/03\/16\/permanence-durant-laid-el-fitr-plus-de-55-000-commercants-sur-le-pont\/"},"wordCount":792,"commentCount":0,"publisher":{"@id":"https:\/\/lasentinelle.dz\/#organization"},"image":{"@id":"https:\/\/lasentinelle.dz\/index.php\/2026\/03\/16\/permanence-durant-laid-el-fitr-plus-de-55-000-commercants-sur-le-pont\/#primaryimage"},"thumbnailUrl":"https:\/\/lasentinelle.dz\/wp-content\/uploads\/2026\/03\/commerces.png","articleSection":["\u00c0 la Une","Actualit\u00e9"],"inLanguage":"fr-FR","potentialAction":[{"@type":"CommentAction","name":"Comment","target":["https:\/\/lasentinelle.dz\/index.php\/2026\/03\/16\/permanence-durant-laid-el-fitr-plus-de-55-000-commercants-sur-le-pont\/#respond"]}]},{"@type":"WebPage","@id":"https:\/\/lasentinelle.dz\/index.php\/2026\/03\/16\/permanence-durant-laid-el-fitr-plus-de-55-000-commercants-sur-le-pont\/","url":"https:\/\/lasentinelle.dz\/index.php\/2026\/03\/16\/permanence-durant-laid-el-fitr-plus-de-55-000-commercants-sur-le-pont\/","name":"Permanence durant l\u2019A\u00efd El-Fitr\u00a0: Plus de 55 000 commer\u00e7ants sur le pont - La Sentinelle","isPartOf":{"@id":"https:\/\/lasentinelle.dz\/#website"},"primaryImageOfPage":{"@id":"https:\/\/lasentinelle.dz\/index.php\/2026\/03\/16\/permanence-durant-laid-el-fitr-plus-de-55-000-commercants-sur-le-pont\/#primaryimage"},"image":{"@id":"https:\/\/lasentinelle.dz\/index.php\/2026\/03\/16\/permanence-durant-laid-el-fitr-plus-de-55-000-commercants-sur-le-pont\/#primaryimage"},"thumbnailUrl":"https:\/\/lasentinelle.dz\/wp-content\/uploads\/2026\/03\/commerces.png","datePublished":"2026-03-16T19:46:56+00:00","dateModified":"2026-03-16T19:46:57+00:00","breadcrumb":{"@id":"https:\/\/lasentinelle.dz\/index.php\/2026\/03\/16\/permanence-durant-laid-el-fitr-plus-de-55-000-commercants-sur-le-pont\/#breadcrumb"},"inLanguage":"fr-FR","potentialAction":[{"@type":"ReadAction","target":["https:\/\/lasentinelle.dz\/index.php\/2026\/03\/16\/permanence-durant-laid-el-fitr-plus-de-55-000-commercants-sur-le-pont\/"]}]},{"@type":"ImageObject","inLanguage":"fr-FR","@id":"https:\/\/lasentinelle.dz\/index.php\/2026\/03\/16\/permanence-durant-laid-el-fitr-plus-de-55-000-commercants-sur-le-pont\/#primaryimage","url":"https:\/\/lasentinelle.dz\/wp-content\/uploads\/2026\/03\/commerces.png","contentUrl":"https:\/\/lasentinelle.dz\/wp-content\/uploads\/2026\/03\/commerces.png","width":853,"height":626},{"@type":"BreadcrumbList","@id":"https:\/\/lasentinelle.dz\/index.php\/2026\/03\/16\/permanence-durant-laid-el-fitr-plus-de-55-000-commercants-sur-le-pont\/#breadcrumb","itemListElement":[{"@type":"ListItem","position":1,"name":"Accueil","item":"https:\/\/lasentinelle.dz\/"},{"@type":"ListItem","position":2,"name":"Permanence durant l\u2019A\u00efd El-Fitr\u00a0: Plus de 55 000 commer\u00e7ants sur le pont"}]},{"@type":"WebSite","@id":"https:\/\/lasentinelle.dz\/#website","url":"https:\/\/lasentinelle.dz\/","name":"La Sentinelle","description":"Quotidien national d&#039;information","publisher":{"@id":"https:\/\/lasentinelle.dz\/#organization"},"potentialAction":[{"@type":"SearchAction","target":{"@type":"EntryPoint","urlTemplate":"https:\/\/lasentinelle.dz\/?s={search_term_string}"},"query-input":{"@type":"PropertyValueSpecification","valueRequired":true,"valueName":"search_term_string"}}],"inLanguage":"fr-FR"},{"@type":"Organization","@id":"https:\/\/lasentinelle.dz\/#organization","name":"Quotidien La Sentinelle","url":"https:\/\/lasentinelle.dz\/","logo":{"@type":"ImageObject","inLanguage":"fr-FR","@id":"https:\/\/lasentinelle.dz\/#\/schema\/logo\/image\/","url":"https:\/\/lasentinelle.dz\/wp-content\/uploads\/2021\/09\/logo-sentinelleSLOGAN-1.png","contentUrl":"https:\/\/lasentinelle.dz\/wp-content\/uploads\/2021\/09\/logo-sentinelleSLOGAN-1.png","width":615,"height":142,"caption":"Quotidien La Sentinelle"},"image":{"@id":"https:\/\/lasentinelle.dz\/#\/schema\/logo\/image\/"},"sameAs":["https:\/\/www.facebook.com\/La-Sentinelle-104059864394773"]},{"@type":"Person","@id":"https:\/\/lasentinelle.dz\/#\/schema\/person\/729ee0024f24e0b8c5ec17232f8e8b41","name":"admin","image":{"@type":"ImageObject","inLanguage":"fr-FR","@id":"https:\/\/secure.gravatar.com\/avatar\/4c81fed838786e9b53f540bf46533e750f5d292099ae3b66cfc6fb1982e29df7?s=96&d=mm&r=g","url":"https:\/\/secure.gravatar.com\/avatar\/4c81fed838786e9b53f540bf46533e750f5d292099ae3b66cfc6fb1982e29df7?s=96&d=mm&r=g","contentUrl":"https:\/\/secure.gravatar.com\/avatar\/4c81fed838786e9b53f540bf46533e750f5d292099ae3b66cfc6fb1982e29df7?s=96&d=mm&r=g","caption":"admin"},"description":"admin","url":"https:\/\/lasentinelle.dz\/author\/admin\/"}]}},"_links":{"self":[{"href":"https:\/\/lasentinelle.dz\/index.php\/wp-json\/wp\/v2\/posts\/83708","targetHints":{"allow":["GET"]}}],"collection":[{"href":"https:\/\/lasentinelle.dz\/index.php\/wp-json\/wp\/v2\/posts"}],"about":[{"href":"https:\/\/lasentinelle.dz\/index.php\/wp-json\/wp\/v2\/types\/post"}],"author":[{"embeddable":true,"href":"https:\/\/lasentinelle.dz\/index.php\/wp-json\/wp\/v2\/users\/6"}],"replies":[{"embeddable":true,"href":"https:\/\/lasentinelle.dz\/index.php\/wp-json\/wp\/v2\/comments?post=83708"}],"version-history":[{"count":1,"href":"https:\/\/lasentinelle.dz\/index.php\/wp-json\/wp\/v2\/posts\/83708\/revisions"}],"predecessor-version":[{"id":83710,"href":"https:\/\/lasentinelle.dz\/index.php\/wp-json\/wp\/v2\/posts\/83708\/revisions\/83710"}],"wp:featuredmedia":[{"embeddable":true,"href":"https:\/\/lasentinelle.dz\/index.php\/wp-json\/wp\/v2\/media\/83709"}],"wp:attachment":[{"href":"https:\/\/lasentinelle.dz\/index.php\/wp-json\/wp\/v2\/media?parent=83708"}],"wp:term":[{"taxonomy":"category","embeddable":true,"href":"https:\/\/lasentinelle.dz\/index.php\/wp-json\/wp\/v2\/categories?post=83708"},{"taxonomy":"post_tag","embeddable":true,"href":"https:\/\/lasentinelle.dz\/index.php\/wp-json\/wp\/v2\/tags?post=83708"}],"curies":[{"name":"wp","href":"https:\/\/api.w.org\/{rel}","templated":true}]}}