{"id":83714,"date":"2026-03-16T20:49:15","date_gmt":"2026-03-16T19:49:15","guid":{"rendered":"https:\/\/lasentinelle.dz\/?p=83714"},"modified":"2026-03-16T20:49:16","modified_gmt":"2026-03-16T19:49:16","slug":"une-hausse-de-14-des-offres-demploi-en-2025-le-marche-du-travail-se-porte-bien","status":"publish","type":"post","link":"https:\/\/lasentinelle.dz\/index.php\/2026\/03\/16\/une-hausse-de-14-des-offres-demploi-en-2025-le-marche-du-travail-se-porte-bien\/","title":{"rendered":"Une hausse de 14 % des offres d\u2019emploi en 2025\u00a0: Le march\u00e9 du travail se porte bien"},"content":{"rendered":"\n<p>Le march\u00e9 du travail alg\u00e9rien affiche des indicateurs en nette am\u00e9lioration : plus de 608 000 offres d&#8217;emploi enregistr\u00e9es en 2025, soit une progression de 14 % par rapport \u00e0 l&rsquo;ann\u00e9e pr\u00e9c\u00e9dente, tandis que les autorit\u00e9s acc\u00e9l\u00e8rent la modernisation du cadre l\u00e9gislatif et la num\u00e9risation des services pour accompagner cette dynamique. Le directeur g\u00e9n\u00e9ral de l&#8217;emploi et de l&rsquo;insertion professionnelle, Malek Atailia, a d\u00e9voil\u00e9 ces chiffres lors de son passage, lundi, au Forum de la Radio nationale. Selon lui, ces r\u00e9sultats traduisent \u00ab un redressement notable du march\u00e9 du travail et une dynamique croissante de l&rsquo;activit\u00e9 \u00e9conomique nationale \u00bb. Le responsable a pr\u00e9cis\u00e9 que les placements effectifs ont eux aussi progress\u00e9 de 10 %, d\u00e9passant les 473 000 installations, ce qui confirme, \u00e0 ses yeux, \u00ab la vitalit\u00e9 qu&rsquo;a connue l&rsquo;\u00e9conomie nationale \u00bb. Dans un contexte o\u00f9 l&rsquo;Alg\u00e9rie s&rsquo;efforce de diversifier son \u00e9conomie et de r\u00e9duire la d\u00e9pendance aux hydrocarbures, ces performances rev\u00eatent une importance particuli\u00e8re. Malek Atailia a expos\u00e9 les quatre piliers sur lesquels repose la politique nationale de l&#8217;emploi : \u00ab la promotion du travail salari\u00e9, l&rsquo;encouragement de l&rsquo;esprit entrepreneurial, la valorisation des ressources humaines et la modernisation du service public de l&#8217;emploi \u00bb. Pour 2026, le secteur entend renforcer l&rsquo;articulation entre la sph\u00e8re \u00e9conomique et celle de l&#8217;emploi, tout en acc\u00e9l\u00e9rant la transformation num\u00e9rique afin de \u00ab garantir la transparence et am\u00e9liorer la qualit\u00e9 du service rendu aux citoyens \u00bb.<\/p>\n\n\n\n<p>Sur le volet r\u00e9glementaire, l&rsquo;inspecteur g\u00e9n\u00e9ral du travail au minist\u00e8re du Travail, de l&rsquo;Emploi et de la S\u00e9curit\u00e9 sociale, Amar Gomri, a indiqu\u00e9 que ses services proc\u00e8dent \u00e0 l&rsquo;actualisation de plusieurs textes l\u00e9gislatifs, notamment la loi 04-19 relative \u00e0 la gestion du march\u00e9 de l&#8217;emploi, promulgu\u00e9e il y a plus de vingt ans. \u00ab Cette mise \u00e0 jour se fait en concertation avec les op\u00e9rateurs \u00e9conomiques et les acteurs de la soci\u00e9t\u00e9 civile concern\u00e9s \u00bb, a-t-il soulign\u00e9, rappelant que le dossier de l&#8217;emploi demeure \u00ab une priorit\u00e9 nationale aux plans politique, \u00e9conomique et social \u00bb. En 2025, l&rsquo;inspection g\u00e9n\u00e9rale du travail a intensifi\u00e9 ses op\u00e9rations de contr\u00f4le avec plus de 225 000 visites d&rsquo;inspection, dont 40 % consacr\u00e9es \u00e0 la v\u00e9rification des d\u00e9clarations de travailleurs et de la main-d&rsquo;\u0153uvre \u00e9trang\u00e8re dans les entreprises publiques, priv\u00e9es et mixtes.<\/p>\n\n\n\n<p><strong>Allocation ch\u00f4mage&nbsp;: r\u00e9activation de 1,4 million de dossiers suspendus<\/strong><\/p>\n\n\n\n<p>Quant \u00e0 l&rsquo;accompagnement des demandeurs d&#8217;emploi, le directeur g\u00e9n\u00e9ral de l&rsquo;Agence nationale de l&#8217;emploi (ANEM), Abdelkader Djaber, a r\u00e9v\u00e9l\u00e9 le traitement de plus de 800 000 r\u00e9clamations d\u00e9pos\u00e9es par les b\u00e9n\u00e9ficiaires de l&rsquo;allocation ch\u00f4mage, ainsi que la r\u00e9activation de plus de 1,4 million de dossiers suspendus conform\u00e9ment au d\u00e9cret 22-70. \u00ab L&rsquo;agence s&rsquo;appuie de mani\u00e8re croissante sur les outils num\u00e9riques, notamment le syst\u00e8me d&rsquo;information El-Wassit, pour assurer la transparence dans le traitement des offres d&#8217;emploi \u00bb, a-t-il expliqu\u00e9. Il a ajout\u00e9 que l&rsquo;ANEM coordonne \u00e9troitement avec les secteurs de la formation professionnelle et de l&rsquo;enseignement sup\u00e9rieur pour adapter les qualifications des demandeurs d&#8217;emploi aux besoins r\u00e9els du march\u00e9, organisant des stages qualifiants destin\u00e9s \u00e0 am\u00e9liorer leur employabilit\u00e9. Un nombre significatif d&rsquo;allocataires du ch\u00f4mage sont \u00e9galement orient\u00e9s vers des formations professionnelles durant leur p\u00e9riode d&rsquo;indemnisation, a-t-il conclu. Ces r\u00e9sultats et ces r\u00e9formes engag\u00e9es simultan\u00e9ment sur les plans statistique, l\u00e9gislatif et num\u00e9rique dessinent les contours d&rsquo;une strat\u00e9gie globale visant \u00e0 transformer structurellement le march\u00e9 de l&#8217;emploi alg\u00e9rien, dans un pays o\u00f9 la jeunesse repr\u00e9sente une part consid\u00e9rable de la population active.<\/p>\n\n\n\n<p>Samir Benisid<\/p>\n","protected":false},"excerpt":{"rendered":"<p>Le march\u00e9 du travail alg\u00e9rien affiche des indicateurs en nette am\u00e9lioration : plus de 608 000 offres d&#8217;emploi enregistr\u00e9es en<\/p>\n","protected":false},"author":6,"featured_media":5133,"comment_status":"open","ping_status":"closed","sticky":false,"template":"","format":"standard","meta":{"colormag_page_container_layout":"default_layout","colormag_page_sidebar_layout":"default_layout","om_disable_all_campaigns":false,"_monsterinsights_skip_tracking":false,"_monsterinsights_sitenote_active":false,"_monsterinsights_sitenote_note":"","_monsterinsights_sitenote_category":0,"footnotes":"","_wpscppro_dont_share_socialmedia":false,"_wpscppro_custom_social_share_image":0,"_facebook_share_type":"default","_twitter_share_type":"default","_linkedin_share_type":"default","_pinterest_share_type":"default","_linkedin_share_type_page":"","_instagram_share_type":"default","_medium_share_type":"default","_threads_share_type":"default","_google_business_share_type":"default","_selected_social_profile":[],"_wpsp_enable_custom_social_template":false,"_wpsp_social_scheduling":{"enabled":false,"datetime":null,"platforms":[],"status":"template_only","dateOption":"today","timeOption":"now","customDays":"","customHours":"","customDate":"","customTime":"","schedulingType":"absolute"},"_wpsp_active_default_template":true},"categories":[27],"tags":[],"class_list":["post-83714","post","type-post","status-publish","format-standard","has-post-thumbnail","hentry","category-actualite"],"aioseo_notices":[],"yoast_head":"<!-- This site is optimized with the Yoast SEO plugin v27.5 - https:\/\/yoast.com\/product\/yoast-seo-wordpress\/ -->\n<title>Une hausse de 14 % des offres d\u2019emploi en 2025\u00a0: Le march\u00e9 du travail se porte bien - La Sentinelle<\/title>\n<meta name=\"robots\" content=\"index, follow, max-snippet:-1, max-image-preview:large, max-video-preview:-1\" \/>\n<link rel=\"canonical\" href=\"https:\/\/lasentinelle.dz\/index.php\/2026\/03\/16\/une-hausse-de-14-des-offres-demploi-en-2025-le-marche-du-travail-se-porte-bien\/\" \/>\n<meta property=\"og:locale\" content=\"fr_FR\" \/>\n<meta property=\"og:type\" content=\"article\" \/>\n<meta property=\"og:title\" content=\"Une hausse de 14 % des offres d\u2019emploi en 2025\u00a0: Le march\u00e9 du travail se porte bien - La Sentinelle\" \/>\n<meta property=\"og:description\" content=\"Le march\u00e9 du travail alg\u00e9rien affiche des indicateurs en nette am\u00e9lioration : plus de 608 000 offres d&#8217;emploi enregistr\u00e9es en\" \/>\n<meta property=\"og:url\" content=\"https:\/\/lasentinelle.dz\/index.php\/2026\/03\/16\/une-hausse-de-14-des-offres-demploi-en-2025-le-marche-du-travail-se-porte-bien\/\" \/>\n<meta property=\"og:site_name\" content=\"La Sentinelle\" \/>\n<meta property=\"article:publisher\" content=\"https:\/\/www.facebook.com\/La-Sentinelle-104059864394773\" \/>\n<meta property=\"article:published_time\" content=\"2026-03-16T19:49:15+00:00\" \/>\n<meta property=\"article:modified_time\" content=\"2026-03-16T19:49:16+00:00\" \/>\n<meta property=\"og:image\" content=\"https:\/\/lasentinelle.dz\/wp-content\/uploads\/2021\/08\/ministere-du-travail.png\" \/>\n\t<meta property=\"og:image:width\" content=\"1614\" \/>\n\t<meta property=\"og:image:height\" content=\"900\" \/>\n\t<meta property=\"og:image:type\" content=\"image\/png\" \/>\n<meta name=\"author\" content=\"admin\" \/>\n<meta name=\"twitter:card\" content=\"summary_large_image\" \/>\n<meta name=\"twitter:label1\" content=\"\u00c9crit par\" \/>\n\t<meta name=\"twitter:data1\" content=\"admin\" \/>\n\t<meta name=\"twitter:label2\" content=\"Dur\u00e9e de lecture estim\u00e9e\" \/>\n\t<meta name=\"twitter:data2\" content=\"3 minutes\" \/>\n<script type=\"application\/ld+json\" class=\"yoast-schema-graph\">{\"@context\":\"https:\\\/\\\/schema.org\",\"@graph\":[{\"@type\":\"Article\",\"@id\":\"https:\\\/\\\/lasentinelle.dz\\\/index.php\\\/2026\\\/03\\\/16\\\/une-hausse-de-14-des-offres-demploi-en-2025-le-marche-du-travail-se-porte-bien\\\/#article\",\"isPartOf\":{\"@id\":\"https:\\\/\\\/lasentinelle.dz\\\/index.php\\\/2026\\\/03\\\/16\\\/une-hausse-de-14-des-offres-demploi-en-2025-le-marche-du-travail-se-porte-bien\\\/\"},\"author\":{\"name\":\"admin\",\"@id\":\"https:\\\/\\\/lasentinelle.dz\\\/#\\\/schema\\\/person\\\/729ee0024f24e0b8c5ec17232f8e8b41\"},\"headline\":\"Une hausse de 14 % des offres d\u2019emploi en 2025\u00a0: Le march\u00e9 du travail se porte bien\",\"datePublished\":\"2026-03-16T19:49:15+00:00\",\"dateModified\":\"2026-03-16T19:49:16+00:00\",\"mainEntityOfPage\":{\"@id\":\"https:\\\/\\\/lasentinelle.dz\\\/index.php\\\/2026\\\/03\\\/16\\\/une-hausse-de-14-des-offres-demploi-en-2025-le-marche-du-travail-se-porte-bien\\\/\"},\"wordCount\":653,\"commentCount\":0,\"publisher\":{\"@id\":\"https:\\\/\\\/lasentinelle.dz\\\/#organization\"},\"image\":{\"@id\":\"https:\\\/\\\/lasentinelle.dz\\\/index.php\\\/2026\\\/03\\\/16\\\/une-hausse-de-14-des-offres-demploi-en-2025-le-marche-du-travail-se-porte-bien\\\/#primaryimage\"},\"thumbnailUrl\":\"https:\\\/\\\/lasentinelle.dz\\\/wp-content\\\/uploads\\\/2021\\\/08\\\/ministere-du-travail.png\",\"articleSection\":[\"Actualit\u00e9\"],\"inLanguage\":\"fr-FR\",\"potentialAction\":[{\"@type\":\"CommentAction\",\"name\":\"Comment\",\"target\":[\"https:\\\/\\\/lasentinelle.dz\\\/index.php\\\/2026\\\/03\\\/16\\\/une-hausse-de-14-des-offres-demploi-en-2025-le-marche-du-travail-se-porte-bien\\\/#respond\"]}]},{\"@type\":\"WebPage\",\"@id\":\"https:\\\/\\\/lasentinelle.dz\\\/index.php\\\/2026\\\/03\\\/16\\\/une-hausse-de-14-des-offres-demploi-en-2025-le-marche-du-travail-se-porte-bien\\\/\",\"url\":\"https:\\\/\\\/lasentinelle.dz\\\/index.php\\\/2026\\\/03\\\/16\\\/une-hausse-de-14-des-offres-demploi-en-2025-le-marche-du-travail-se-porte-bien\\\/\",\"name\":\"Une hausse de 14 % des offres d\u2019emploi en 2025\u00a0: Le march\u00e9 du travail se porte bien - La Sentinelle\",\"isPartOf\":{\"@id\":\"https:\\\/\\\/lasentinelle.dz\\\/#website\"},\"primaryImageOfPage\":{\"@id\":\"https:\\\/\\\/lasentinelle.dz\\\/index.php\\\/2026\\\/03\\\/16\\\/une-hausse-de-14-des-offres-demploi-en-2025-le-marche-du-travail-se-porte-bien\\\/#primaryimage\"},\"image\":{\"@id\":\"https:\\\/\\\/lasentinelle.dz\\\/index.php\\\/2026\\\/03\\\/16\\\/une-hausse-de-14-des-offres-demploi-en-2025-le-marche-du-travail-se-porte-bien\\\/#primaryimage\"},\"thumbnailUrl\":\"https:\\\/\\\/lasentinelle.dz\\\/wp-content\\\/uploads\\\/2021\\\/08\\\/ministere-du-travail.png\",\"datePublished\":\"2026-03-16T19:49:15+00:00\",\"dateModified\":\"2026-03-16T19:49:16+00:00\",\"breadcrumb\":{\"@id\":\"https:\\\/\\\/lasentinelle.dz\\\/index.php\\\/2026\\\/03\\\/16\\\/une-hausse-de-14-des-offres-demploi-en-2025-le-marche-du-travail-se-porte-bien\\\/#breadcrumb\"},\"inLanguage\":\"fr-FR\",\"potentialAction\":[{\"@type\":\"ReadAction\",\"target\":[\"https:\\\/\\\/lasentinelle.dz\\\/index.php\\\/2026\\\/03\\\/16\\\/une-hausse-de-14-des-offres-demploi-en-2025-le-marche-du-travail-se-porte-bien\\\/\"]}]},{\"@type\":\"ImageObject\",\"inLanguage\":\"fr-FR\",\"@id\":\"https:\\\/\\\/lasentinelle.dz\\\/index.php\\\/2026\\\/03\\\/16\\\/une-hausse-de-14-des-offres-demploi-en-2025-le-marche-du-travail-se-porte-bien\\\/#primaryimage\",\"url\":\"https:\\\/\\\/lasentinelle.dz\\\/wp-content\\\/uploads\\\/2021\\\/08\\\/ministere-du-travail.png\",\"contentUrl\":\"https:\\\/\\\/lasentinelle.dz\\\/wp-content\\\/uploads\\\/2021\\\/08\\\/ministere-du-travail.png\",\"width\":1614,\"height\":900},{\"@type\":\"BreadcrumbList\",\"@id\":\"https:\\\/\\\/lasentinelle.dz\\\/index.php\\\/2026\\\/03\\\/16\\\/une-hausse-de-14-des-offres-demploi-en-2025-le-marche-du-travail-se-porte-bien\\\/#breadcrumb\",\"itemListElement\":[{\"@type\":\"ListItem\",\"position\":1,\"name\":\"Accueil\",\"item\":\"https:\\\/\\\/lasentinelle.dz\\\/\"},{\"@type\":\"ListItem\",\"position\":2,\"name\":\"Une hausse de 14 % des offres d\u2019emploi en 2025\u00a0: Le march\u00e9 du travail se porte bien\"}]},{\"@type\":\"WebSite\",\"@id\":\"https:\\\/\\\/lasentinelle.dz\\\/#website\",\"url\":\"https:\\\/\\\/lasentinelle.dz\\\/\",\"name\":\"La Sentinelle\",\"description\":\"Quotidien national d&#039;information\",\"publisher\":{\"@id\":\"https:\\\/\\\/lasentinelle.dz\\\/#organization\"},\"potentialAction\":[{\"@type\":\"SearchAction\",\"target\":{\"@type\":\"EntryPoint\",\"urlTemplate\":\"https:\\\/\\\/lasentinelle.dz\\\/?s={search_term_string}\"},\"query-input\":{\"@type\":\"PropertyValueSpecification\",\"valueRequired\":true,\"valueName\":\"search_term_string\"}}],\"inLanguage\":\"fr-FR\"},{\"@type\":\"Organization\",\"@id\":\"https:\\\/\\\/lasentinelle.dz\\\/#organization\",\"name\":\"Quotidien La Sentinelle\",\"url\":\"https:\\\/\\\/lasentinelle.dz\\\/\",\"logo\":{\"@type\":\"ImageObject\",\"inLanguage\":\"fr-FR\",\"@id\":\"https:\\\/\\\/lasentinelle.dz\\\/#\\\/schema\\\/logo\\\/image\\\/\",\"url\":\"https:\\\/\\\/lasentinelle.dz\\\/wp-content\\\/uploads\\\/2021\\\/09\\\/logo-sentinelleSLOGAN-1.png\",\"contentUrl\":\"https:\\\/\\\/lasentinelle.dz\\\/wp-content\\\/uploads\\\/2021\\\/09\\\/logo-sentinelleSLOGAN-1.png\",\"width\":615,\"height\":142,\"caption\":\"Quotidien La Sentinelle\"},\"image\":{\"@id\":\"https:\\\/\\\/lasentinelle.dz\\\/#\\\/schema\\\/logo\\\/image\\\/\"},\"sameAs\":[\"https:\\\/\\\/www.facebook.com\\\/La-Sentinelle-104059864394773\"]},{\"@type\":\"Person\",\"@id\":\"https:\\\/\\\/lasentinelle.dz\\\/#\\\/schema\\\/person\\\/729ee0024f24e0b8c5ec17232f8e8b41\",\"name\":\"admin\",\"image\":{\"@type\":\"ImageObject\",\"inLanguage\":\"fr-FR\",\"@id\":\"https:\\\/\\\/secure.gravatar.com\\\/avatar\\\/4c81fed838786e9b53f540bf46533e750f5d292099ae3b66cfc6fb1982e29df7?s=96&d=mm&r=g\",\"url\":\"https:\\\/\\\/secure.gravatar.com\\\/avatar\\\/4c81fed838786e9b53f540bf46533e750f5d292099ae3b66cfc6fb1982e29df7?s=96&d=mm&r=g\",\"contentUrl\":\"https:\\\/\\\/secure.gravatar.com\\\/avatar\\\/4c81fed838786e9b53f540bf46533e750f5d292099ae3b66cfc6fb1982e29df7?s=96&d=mm&r=g\",\"caption\":\"admin\"},\"description\":\"admin\",\"url\":\"https:\\\/\\\/lasentinelle.dz\\\/author\\\/admin\\\/\"}]}<\/script>\n<!-- \/ Yoast SEO plugin. -->","yoast_head_json":{"title":"Une hausse de 14 % des offres d\u2019emploi en 2025\u00a0: Le march\u00e9 du travail se porte bien - La Sentinelle","robots":{"index":"index","follow":"follow","max-snippet":"max-snippet:-1","max-image-preview":"max-image-preview:large","max-video-preview":"max-video-preview:-1"},"canonical":"https:\/\/lasentinelle.dz\/index.php\/2026\/03\/16\/une-hausse-de-14-des-offres-demploi-en-2025-le-marche-du-travail-se-porte-bien\/","og_locale":"fr_FR","og_type":"article","og_title":"Une hausse de 14 % des offres d\u2019emploi en 2025\u00a0: Le march\u00e9 du travail se porte bien - La Sentinelle","og_description":"Le march\u00e9 du travail alg\u00e9rien affiche des indicateurs en nette am\u00e9lioration : plus de 608 000 offres d&#8217;emploi enregistr\u00e9es en","og_url":"https:\/\/lasentinelle.dz\/index.php\/2026\/03\/16\/une-hausse-de-14-des-offres-demploi-en-2025-le-marche-du-travail-se-porte-bien\/","og_site_name":"La Sentinelle","article_publisher":"https:\/\/www.facebook.com\/La-Sentinelle-104059864394773","article_published_time":"2026-03-16T19:49:15+00:00","article_modified_time":"2026-03-16T19:49:16+00:00","og_image":[{"width":1614,"height":900,"url":"https:\/\/lasentinelle.dz\/wp-content\/uploads\/2021\/08\/ministere-du-travail.png","type":"image\/png"}],"author":"admin","twitter_card":"summary_large_image","twitter_misc":{"\u00c9crit par":"admin","Dur\u00e9e de lecture estim\u00e9e":"3 minutes"},"schema":{"@context":"https:\/\/schema.org","@graph":[{"@type":"Article","@id":"https:\/\/lasentinelle.dz\/index.php\/2026\/03\/16\/une-hausse-de-14-des-offres-demploi-en-2025-le-marche-du-travail-se-porte-bien\/#article","isPartOf":{"@id":"https:\/\/lasentinelle.dz\/index.php\/2026\/03\/16\/une-hausse-de-14-des-offres-demploi-en-2025-le-marche-du-travail-se-porte-bien\/"},"author":{"name":"admin","@id":"https:\/\/lasentinelle.dz\/#\/schema\/person\/729ee0024f24e0b8c5ec17232f8e8b41"},"headline":"Une hausse de 14 % des offres d\u2019emploi en 2025\u00a0: Le march\u00e9 du travail se porte bien","datePublished":"2026-03-16T19:49:15+00:00","dateModified":"2026-03-16T19:49:16+00:00","mainEntityOfPage":{"@id":"https:\/\/lasentinelle.dz\/index.php\/2026\/03\/16\/une-hausse-de-14-des-offres-demploi-en-2025-le-marche-du-travail-se-porte-bien\/"},"wordCount":653,"commentCount":0,"publisher":{"@id":"https:\/\/lasentinelle.dz\/#organization"},"image":{"@id":"https:\/\/lasentinelle.dz\/index.php\/2026\/03\/16\/une-hausse-de-14-des-offres-demploi-en-2025-le-marche-du-travail-se-porte-bien\/#primaryimage"},"thumbnailUrl":"https:\/\/lasentinelle.dz\/wp-content\/uploads\/2021\/08\/ministere-du-travail.png","articleSection":["Actualit\u00e9"],"inLanguage":"fr-FR","potentialAction":[{"@type":"CommentAction","name":"Comment","target":["https:\/\/lasentinelle.dz\/index.php\/2026\/03\/16\/une-hausse-de-14-des-offres-demploi-en-2025-le-marche-du-travail-se-porte-bien\/#respond"]}]},{"@type":"WebPage","@id":"https:\/\/lasentinelle.dz\/index.php\/2026\/03\/16\/une-hausse-de-14-des-offres-demploi-en-2025-le-marche-du-travail-se-porte-bien\/","url":"https:\/\/lasentinelle.dz\/index.php\/2026\/03\/16\/une-hausse-de-14-des-offres-demploi-en-2025-le-marche-du-travail-se-porte-bien\/","name":"Une hausse de 14 % des offres d\u2019emploi en 2025\u00a0: Le march\u00e9 du travail se porte bien - La Sentinelle","isPartOf":{"@id":"https:\/\/lasentinelle.dz\/#website"},"primaryImageOfPage":{"@id":"https:\/\/lasentinelle.dz\/index.php\/2026\/03\/16\/une-hausse-de-14-des-offres-demploi-en-2025-le-marche-du-travail-se-porte-bien\/#primaryimage"},"image":{"@id":"https:\/\/lasentinelle.dz\/index.php\/2026\/03\/16\/une-hausse-de-14-des-offres-demploi-en-2025-le-marche-du-travail-se-porte-bien\/#primaryimage"},"thumbnailUrl":"https:\/\/lasentinelle.dz\/wp-content\/uploads\/2021\/08\/ministere-du-travail.png","datePublished":"2026-03-16T19:49:15+00:00","dateModified":"2026-03-16T19:49:16+00:00","breadcrumb":{"@id":"https:\/\/lasentinelle.dz\/index.php\/2026\/03\/16\/une-hausse-de-14-des-offres-demploi-en-2025-le-marche-du-travail-se-porte-bien\/#breadcrumb"},"inLanguage":"fr-FR","potentialAction":[{"@type":"ReadAction","target":["https:\/\/lasentinelle.dz\/index.php\/2026\/03\/16\/une-hausse-de-14-des-offres-demploi-en-2025-le-marche-du-travail-se-porte-bien\/"]}]},{"@type":"ImageObject","inLanguage":"fr-FR","@id":"https:\/\/lasentinelle.dz\/index.php\/2026\/03\/16\/une-hausse-de-14-des-offres-demploi-en-2025-le-marche-du-travail-se-porte-bien\/#primaryimage","url":"https:\/\/lasentinelle.dz\/wp-content\/uploads\/2021\/08\/ministere-du-travail.png","contentUrl":"https:\/\/lasentinelle.dz\/wp-content\/uploads\/2021\/08\/ministere-du-travail.png","width":1614,"height":900},{"@type":"BreadcrumbList","@id":"https:\/\/lasentinelle.dz\/index.php\/2026\/03\/16\/une-hausse-de-14-des-offres-demploi-en-2025-le-marche-du-travail-se-porte-bien\/#breadcrumb","itemListElement":[{"@type":"ListItem","position":1,"name":"Accueil","item":"https:\/\/lasentinelle.dz\/"},{"@type":"ListItem","position":2,"name":"Une hausse de 14 % des offres d\u2019emploi en 2025\u00a0: Le march\u00e9 du travail se porte bien"}]},{"@type":"WebSite","@id":"https:\/\/lasentinelle.dz\/#website","url":"https:\/\/lasentinelle.dz\/","name":"La Sentinelle","description":"Quotidien national d&#039;information","publisher":{"@id":"https:\/\/lasentinelle.dz\/#organization"},"potentialAction":[{"@type":"SearchAction","target":{"@type":"EntryPoint","urlTemplate":"https:\/\/lasentinelle.dz\/?s={search_term_string}"},"query-input":{"@type":"PropertyValueSpecification","valueRequired":true,"valueName":"search_term_string"}}],"inLanguage":"fr-FR"},{"@type":"Organization","@id":"https:\/\/lasentinelle.dz\/#organization","name":"Quotidien La Sentinelle","url":"https:\/\/lasentinelle.dz\/","logo":{"@type":"ImageObject","inLanguage":"fr-FR","@id":"https:\/\/lasentinelle.dz\/#\/schema\/logo\/image\/","url":"https:\/\/lasentinelle.dz\/wp-content\/uploads\/2021\/09\/logo-sentinelleSLOGAN-1.png","contentUrl":"https:\/\/lasentinelle.dz\/wp-content\/uploads\/2021\/09\/logo-sentinelleSLOGAN-1.png","width":615,"height":142,"caption":"Quotidien La Sentinelle"},"image":{"@id":"https:\/\/lasentinelle.dz\/#\/schema\/logo\/image\/"},"sameAs":["https:\/\/www.facebook.com\/La-Sentinelle-104059864394773"]},{"@type":"Person","@id":"https:\/\/lasentinelle.dz\/#\/schema\/person\/729ee0024f24e0b8c5ec17232f8e8b41","name":"admin","image":{"@type":"ImageObject","inLanguage":"fr-FR","@id":"https:\/\/secure.gravatar.com\/avatar\/4c81fed838786e9b53f540bf46533e750f5d292099ae3b66cfc6fb1982e29df7?s=96&d=mm&r=g","url":"https:\/\/secure.gravatar.com\/avatar\/4c81fed838786e9b53f540bf46533e750f5d292099ae3b66cfc6fb1982e29df7?s=96&d=mm&r=g","contentUrl":"https:\/\/secure.gravatar.com\/avatar\/4c81fed838786e9b53f540bf46533e750f5d292099ae3b66cfc6fb1982e29df7?s=96&d=mm&r=g","caption":"admin"},"description":"admin","url":"https:\/\/lasentinelle.dz\/author\/admin\/"}]}},"_links":{"self":[{"href":"https:\/\/lasentinelle.dz\/index.php\/wp-json\/wp\/v2\/posts\/83714","targetHints":{"allow":["GET"]}}],"collection":[{"href":"https:\/\/lasentinelle.dz\/index.php\/wp-json\/wp\/v2\/posts"}],"about":[{"href":"https:\/\/lasentinelle.dz\/index.php\/wp-json\/wp\/v2\/types\/post"}],"author":[{"embeddable":true,"href":"https:\/\/lasentinelle.dz\/index.php\/wp-json\/wp\/v2\/users\/6"}],"replies":[{"embeddable":true,"href":"https:\/\/lasentinelle.dz\/index.php\/wp-json\/wp\/v2\/comments?post=83714"}],"version-history":[{"count":1,"href":"https:\/\/lasentinelle.dz\/index.php\/wp-json\/wp\/v2\/posts\/83714\/revisions"}],"predecessor-version":[{"id":83715,"href":"https:\/\/lasentinelle.dz\/index.php\/wp-json\/wp\/v2\/posts\/83714\/revisions\/83715"}],"wp:featuredmedia":[{"embeddable":true,"href":"https:\/\/lasentinelle.dz\/index.php\/wp-json\/wp\/v2\/media\/5133"}],"wp:attachment":[{"href":"https:\/\/lasentinelle.dz\/index.php\/wp-json\/wp\/v2\/media?parent=83714"}],"wp:term":[{"taxonomy":"category","embeddable":true,"href":"https:\/\/lasentinelle.dz\/index.php\/wp-json\/wp\/v2\/categories?post=83714"},{"taxonomy":"post_tag","embeddable":true,"href":"https:\/\/lasentinelle.dz\/index.php\/wp-json\/wp\/v2\/tags?post=83714"}],"curies":[{"name":"wp","href":"https:\/\/api.w.org\/{rel}","templated":true}]}}