{"id":83723,"date":"2026-03-17T21:03:23","date_gmt":"2026-03-17T20:03:23","guid":{"rendered":"https:\/\/lasentinelle.dz\/?p=83723"},"modified":"2026-03-17T21:03:24","modified_gmt":"2026-03-17T20:03:24","slug":"aid-el-fitr-les-journees-du-1er-2-et-3-chaoual-chomees-et-payees","status":"publish","type":"post","link":"https:\/\/lasentinelle.dz\/index.php\/2026\/03\/17\/aid-el-fitr-les-journees-du-1er-2-et-3-chaoual-chomees-et-payees\/","title":{"rendered":"A\u00efd El-Fitr : les journ\u00e9es du 1er, 2 et 3 Chaoual ch\u00f4m\u00e9es et pay\u00e9es"},"content":{"rendered":"\n<p>Les journ\u00e9es du 1er, 2 et 3 Chaoual 1447 de l&rsquo;H\u00e9gire, correspondant \u00e0 la c\u00e9l\u00e9bration de la f\u00eate de l&rsquo;A\u00efd El Fitr, seront ch\u00f4m\u00e9es et pay\u00e9es pour l&rsquo;ensemble des personnels des institutions et administrations publiques, des \u00e9tablissements et offices publics et priv\u00e9s, ainsi qu&rsquo;aux personnels des entreprises publiques et priv\u00e9es, tous secteurs et statuts juridiques confondus, y compris les personnels pay\u00e9s \u00e0 l&rsquo;heure ou \u00e0 la journ\u00e9e, indique mardi un communiqu\u00e9 conjoint du minist\u00e8re du Travail, de l&rsquo;Emploi et de la S\u00e9curit\u00e9 sociale et de la Direction g\u00e9n\u00e9rale de la Fonction publique et de la R\u00e9forme administrative. Toutefois, \u00ab\u00a0les institutions, administrations, \u00e9tablissements, offices et entreprises pr\u00e9cit\u00e9s, sont tenus de prendre les mesures n\u00e9cessaires pour assurer la continuit\u00e9 des services organis\u00e9s en mode de travail post\u00e9\u00a0\u00bb, pr\u00e9cise le communiqu\u00e9. Cette disposition intervient conform\u00e9ment \u00e0 la loi du 26 juillet 1963, modifi\u00e9e et compl\u00e9t\u00e9e fixant la liste des f\u00eates l\u00e9gales.<\/p>\n\n\n\n<p>APS<\/p>\n","protected":false},"excerpt":{"rendered":"<p>Les journ\u00e9es du 1er, 2 et 3 Chaoual 1447 de l&rsquo;H\u00e9gire, correspondant \u00e0 la c\u00e9l\u00e9bration de la f\u00eate de l&rsquo;A\u00efd<\/p>\n","protected":false},"author":6,"featured_media":81519,"comment_status":"open","ping_status":"closed","sticky":false,"template":"","format":"standard","meta":{"colormag_page_container_layout":"default_layout","colormag_page_sidebar_layout":"default_layout","om_disable_all_campaigns":false,"_monsterinsights_skip_tracking":false,"_monsterinsights_sitenote_active":false,"_monsterinsights_sitenote_note":"","_monsterinsights_sitenote_category":0,"footnotes":"","_wpscppro_dont_share_socialmedia":false,"_wpscppro_custom_social_share_image":0,"_facebook_share_type":"default","_twitter_share_type":"default","_linkedin_share_type":"default","_pinterest_share_type":"default","_linkedin_share_type_page":"","_instagram_share_type":"default","_medium_share_type":"default","_threads_share_type":"default","_google_business_share_type":"default","_selected_social_profile":[],"_wpsp_enable_custom_social_template":false,"_wpsp_social_scheduling":{"enabled":false,"datetime":null,"platforms":[],"status":"template_only","dateOption":"today","timeOption":"now","customDays":"","customHours":"","customDate":"","customTime":"","schedulingType":"absolute"},"_wpsp_active_default_template":true},"categories":[27],"tags":[],"class_list":["post-83723","post","type-post","status-publish","format-standard","has-post-thumbnail","hentry","category-actualite"],"aioseo_notices":[],"yoast_head":"<!-- This site is optimized with the Yoast SEO plugin v27.5 - https:\/\/yoast.com\/product\/yoast-seo-wordpress\/ -->\n<title>A\u00efd El-Fitr : les journ\u00e9es du 1er, 2 et 3 Chaoual ch\u00f4m\u00e9es et pay\u00e9es - La Sentinelle<\/title>\n<meta name=\"robots\" content=\"index, follow, max-snippet:-1, max-image-preview:large, max-video-preview:-1\" \/>\n<link rel=\"canonical\" href=\"https:\/\/lasentinelle.dz\/index.php\/2026\/03\/17\/aid-el-fitr-les-journees-du-1er-2-et-3-chaoual-chomees-et-payees\/\" \/>\n<meta property=\"og:locale\" content=\"fr_FR\" \/>\n<meta property=\"og:type\" content=\"article\" \/>\n<meta property=\"og:title\" content=\"A\u00efd El-Fitr : les journ\u00e9es du 1er, 2 et 3 Chaoual ch\u00f4m\u00e9es et pay\u00e9es - La Sentinelle\" \/>\n<meta property=\"og:description\" content=\"Les journ\u00e9es du 1er, 2 et 3 Chaoual 1447 de l&rsquo;H\u00e9gire, correspondant \u00e0 la c\u00e9l\u00e9bration de la f\u00eate de l&rsquo;A\u00efd\" \/>\n<meta property=\"og:url\" content=\"https:\/\/lasentinelle.dz\/index.php\/2026\/03\/17\/aid-el-fitr-les-journees-du-1er-2-et-3-chaoual-chomees-et-payees\/\" \/>\n<meta property=\"og:site_name\" content=\"La Sentinelle\" \/>\n<meta property=\"article:publisher\" content=\"https:\/\/www.facebook.com\/La-Sentinelle-104059864394773\" \/>\n<meta property=\"article:published_time\" content=\"2026-03-17T20:03:23+00:00\" \/>\n<meta property=\"article:modified_time\" content=\"2026-03-17T20:03:24+00:00\" \/>\n<meta property=\"og:image\" content=\"https:\/\/lasentinelle.dz\/wp-content\/uploads\/2026\/02\/fonction-publique.webp\" \/>\n\t<meta property=\"og:image:width\" content=\"580\" \/>\n\t<meta property=\"og:image:height\" content=\"350\" \/>\n\t<meta property=\"og:image:type\" content=\"image\/webp\" \/>\n<meta name=\"author\" content=\"admin\" \/>\n<meta name=\"twitter:card\" content=\"summary_large_image\" \/>\n<meta name=\"twitter:label1\" content=\"\u00c9crit par\" \/>\n\t<meta name=\"twitter:data1\" content=\"admin\" \/>\n\t<meta name=\"twitter:label2\" content=\"Dur\u00e9e de lecture estim\u00e9e\" \/>\n\t<meta name=\"twitter:data2\" content=\"1 minute\" \/>\n<script type=\"application\/ld+json\" class=\"yoast-schema-graph\">{\"@context\":\"https:\\\/\\\/schema.org\",\"@graph\":[{\"@type\":\"Article\",\"@id\":\"https:\\\/\\\/lasentinelle.dz\\\/index.php\\\/2026\\\/03\\\/17\\\/aid-el-fitr-les-journees-du-1er-2-et-3-chaoual-chomees-et-payees\\\/#article\",\"isPartOf\":{\"@id\":\"https:\\\/\\\/lasentinelle.dz\\\/index.php\\\/2026\\\/03\\\/17\\\/aid-el-fitr-les-journees-du-1er-2-et-3-chaoual-chomees-et-payees\\\/\"},\"author\":{\"name\":\"admin\",\"@id\":\"https:\\\/\\\/lasentinelle.dz\\\/#\\\/schema\\\/person\\\/729ee0024f24e0b8c5ec17232f8e8b41\"},\"headline\":\"A\u00efd El-Fitr : les journ\u00e9es du 1er, 2 et 3 Chaoual ch\u00f4m\u00e9es et pay\u00e9es\",\"datePublished\":\"2026-03-17T20:03:23+00:00\",\"dateModified\":\"2026-03-17T20:03:24+00:00\",\"mainEntityOfPage\":{\"@id\":\"https:\\\/\\\/lasentinelle.dz\\\/index.php\\\/2026\\\/03\\\/17\\\/aid-el-fitr-les-journees-du-1er-2-et-3-chaoual-chomees-et-payees\\\/\"},\"wordCount\":191,\"commentCount\":0,\"publisher\":{\"@id\":\"https:\\\/\\\/lasentinelle.dz\\\/#organization\"},\"image\":{\"@id\":\"https:\\\/\\\/lasentinelle.dz\\\/index.php\\\/2026\\\/03\\\/17\\\/aid-el-fitr-les-journees-du-1er-2-et-3-chaoual-chomees-et-payees\\\/#primaryimage\"},\"thumbnailUrl\":\"https:\\\/\\\/lasentinelle.dz\\\/wp-content\\\/uploads\\\/2026\\\/02\\\/fonction-publique.webp\",\"articleSection\":[\"Actualit\u00e9\"],\"inLanguage\":\"fr-FR\",\"potentialAction\":[{\"@type\":\"CommentAction\",\"name\":\"Comment\",\"target\":[\"https:\\\/\\\/lasentinelle.dz\\\/index.php\\\/2026\\\/03\\\/17\\\/aid-el-fitr-les-journees-du-1er-2-et-3-chaoual-chomees-et-payees\\\/#respond\"]}]},{\"@type\":\"WebPage\",\"@id\":\"https:\\\/\\\/lasentinelle.dz\\\/index.php\\\/2026\\\/03\\\/17\\\/aid-el-fitr-les-journees-du-1er-2-et-3-chaoual-chomees-et-payees\\\/\",\"url\":\"https:\\\/\\\/lasentinelle.dz\\\/index.php\\\/2026\\\/03\\\/17\\\/aid-el-fitr-les-journees-du-1er-2-et-3-chaoual-chomees-et-payees\\\/\",\"name\":\"A\u00efd El-Fitr : les journ\u00e9es du 1er, 2 et 3 Chaoual ch\u00f4m\u00e9es et pay\u00e9es - La Sentinelle\",\"isPartOf\":{\"@id\":\"https:\\\/\\\/lasentinelle.dz\\\/#website\"},\"primaryImageOfPage\":{\"@id\":\"https:\\\/\\\/lasentinelle.dz\\\/index.php\\\/2026\\\/03\\\/17\\\/aid-el-fitr-les-journees-du-1er-2-et-3-chaoual-chomees-et-payees\\\/#primaryimage\"},\"image\":{\"@id\":\"https:\\\/\\\/lasentinelle.dz\\\/index.php\\\/2026\\\/03\\\/17\\\/aid-el-fitr-les-journees-du-1er-2-et-3-chaoual-chomees-et-payees\\\/#primaryimage\"},\"thumbnailUrl\":\"https:\\\/\\\/lasentinelle.dz\\\/wp-content\\\/uploads\\\/2026\\\/02\\\/fonction-publique.webp\",\"datePublished\":\"2026-03-17T20:03:23+00:00\",\"dateModified\":\"2026-03-17T20:03:24+00:00\",\"breadcrumb\":{\"@id\":\"https:\\\/\\\/lasentinelle.dz\\\/index.php\\\/2026\\\/03\\\/17\\\/aid-el-fitr-les-journees-du-1er-2-et-3-chaoual-chomees-et-payees\\\/#breadcrumb\"},\"inLanguage\":\"fr-FR\",\"potentialAction\":[{\"@type\":\"ReadAction\",\"target\":[\"https:\\\/\\\/lasentinelle.dz\\\/index.php\\\/2026\\\/03\\\/17\\\/aid-el-fitr-les-journees-du-1er-2-et-3-chaoual-chomees-et-payees\\\/\"]}]},{\"@type\":\"ImageObject\",\"inLanguage\":\"fr-FR\",\"@id\":\"https:\\\/\\\/lasentinelle.dz\\\/index.php\\\/2026\\\/03\\\/17\\\/aid-el-fitr-les-journees-du-1er-2-et-3-chaoual-chomees-et-payees\\\/#primaryimage\",\"url\":\"https:\\\/\\\/lasentinelle.dz\\\/wp-content\\\/uploads\\\/2026\\\/02\\\/fonction-publique.webp\",\"contentUrl\":\"https:\\\/\\\/lasentinelle.dz\\\/wp-content\\\/uploads\\\/2026\\\/02\\\/fonction-publique.webp\",\"width\":580,\"height\":350},{\"@type\":\"BreadcrumbList\",\"@id\":\"https:\\\/\\\/lasentinelle.dz\\\/index.php\\\/2026\\\/03\\\/17\\\/aid-el-fitr-les-journees-du-1er-2-et-3-chaoual-chomees-et-payees\\\/#breadcrumb\",\"itemListElement\":[{\"@type\":\"ListItem\",\"position\":1,\"name\":\"Accueil\",\"item\":\"https:\\\/\\\/lasentinelle.dz\\\/\"},{\"@type\":\"ListItem\",\"position\":2,\"name\":\"A\u00efd El-Fitr : les journ\u00e9es du 1er, 2 et 3 Chaoual ch\u00f4m\u00e9es et pay\u00e9es\"}]},{\"@type\":\"WebSite\",\"@id\":\"https:\\\/\\\/lasentinelle.dz\\\/#website\",\"url\":\"https:\\\/\\\/lasentinelle.dz\\\/\",\"name\":\"La Sentinelle\",\"description\":\"Quotidien national d&#039;information\",\"publisher\":{\"@id\":\"https:\\\/\\\/lasentinelle.dz\\\/#organization\"},\"potentialAction\":[{\"@type\":\"SearchAction\",\"target\":{\"@type\":\"EntryPoint\",\"urlTemplate\":\"https:\\\/\\\/lasentinelle.dz\\\/?s={search_term_string}\"},\"query-input\":{\"@type\":\"PropertyValueSpecification\",\"valueRequired\":true,\"valueName\":\"search_term_string\"}}],\"inLanguage\":\"fr-FR\"},{\"@type\":\"Organization\",\"@id\":\"https:\\\/\\\/lasentinelle.dz\\\/#organization\",\"name\":\"Quotidien La Sentinelle\",\"url\":\"https:\\\/\\\/lasentinelle.dz\\\/\",\"logo\":{\"@type\":\"ImageObject\",\"inLanguage\":\"fr-FR\",\"@id\":\"https:\\\/\\\/lasentinelle.dz\\\/#\\\/schema\\\/logo\\\/image\\\/\",\"url\":\"https:\\\/\\\/lasentinelle.dz\\\/wp-content\\\/uploads\\\/2021\\\/09\\\/logo-sentinelleSLOGAN-1.png\",\"contentUrl\":\"https:\\\/\\\/lasentinelle.dz\\\/wp-content\\\/uploads\\\/2021\\\/09\\\/logo-sentinelleSLOGAN-1.png\",\"width\":615,\"height\":142,\"caption\":\"Quotidien La Sentinelle\"},\"image\":{\"@id\":\"https:\\\/\\\/lasentinelle.dz\\\/#\\\/schema\\\/logo\\\/image\\\/\"},\"sameAs\":[\"https:\\\/\\\/www.facebook.com\\\/La-Sentinelle-104059864394773\"]},{\"@type\":\"Person\",\"@id\":\"https:\\\/\\\/lasentinelle.dz\\\/#\\\/schema\\\/person\\\/729ee0024f24e0b8c5ec17232f8e8b41\",\"name\":\"admin\",\"image\":{\"@type\":\"ImageObject\",\"inLanguage\":\"fr-FR\",\"@id\":\"https:\\\/\\\/secure.gravatar.com\\\/avatar\\\/4c81fed838786e9b53f540bf46533e750f5d292099ae3b66cfc6fb1982e29df7?s=96&d=mm&r=g\",\"url\":\"https:\\\/\\\/secure.gravatar.com\\\/avatar\\\/4c81fed838786e9b53f540bf46533e750f5d292099ae3b66cfc6fb1982e29df7?s=96&d=mm&r=g\",\"contentUrl\":\"https:\\\/\\\/secure.gravatar.com\\\/avatar\\\/4c81fed838786e9b53f540bf46533e750f5d292099ae3b66cfc6fb1982e29df7?s=96&d=mm&r=g\",\"caption\":\"admin\"},\"description\":\"admin\",\"url\":\"https:\\\/\\\/lasentinelle.dz\\\/author\\\/admin\\\/\"}]}<\/script>\n<!-- \/ Yoast SEO plugin. -->","yoast_head_json":{"title":"A\u00efd El-Fitr : les journ\u00e9es du 1er, 2 et 3 Chaoual ch\u00f4m\u00e9es et pay\u00e9es - La Sentinelle","robots":{"index":"index","follow":"follow","max-snippet":"max-snippet:-1","max-image-preview":"max-image-preview:large","max-video-preview":"max-video-preview:-1"},"canonical":"https:\/\/lasentinelle.dz\/index.php\/2026\/03\/17\/aid-el-fitr-les-journees-du-1er-2-et-3-chaoual-chomees-et-payees\/","og_locale":"fr_FR","og_type":"article","og_title":"A\u00efd El-Fitr : les journ\u00e9es du 1er, 2 et 3 Chaoual ch\u00f4m\u00e9es et pay\u00e9es - La Sentinelle","og_description":"Les journ\u00e9es du 1er, 2 et 3 Chaoual 1447 de l&rsquo;H\u00e9gire, correspondant \u00e0 la c\u00e9l\u00e9bration de la f\u00eate de l&rsquo;A\u00efd","og_url":"https:\/\/lasentinelle.dz\/index.php\/2026\/03\/17\/aid-el-fitr-les-journees-du-1er-2-et-3-chaoual-chomees-et-payees\/","og_site_name":"La Sentinelle","article_publisher":"https:\/\/www.facebook.com\/La-Sentinelle-104059864394773","article_published_time":"2026-03-17T20:03:23+00:00","article_modified_time":"2026-03-17T20:03:24+00:00","og_image":[{"width":580,"height":350,"url":"https:\/\/lasentinelle.dz\/wp-content\/uploads\/2026\/02\/fonction-publique.webp","type":"image\/webp"}],"author":"admin","twitter_card":"summary_large_image","twitter_misc":{"\u00c9crit par":"admin","Dur\u00e9e de lecture estim\u00e9e":"1 minute"},"schema":{"@context":"https:\/\/schema.org","@graph":[{"@type":"Article","@id":"https:\/\/lasentinelle.dz\/index.php\/2026\/03\/17\/aid-el-fitr-les-journees-du-1er-2-et-3-chaoual-chomees-et-payees\/#article","isPartOf":{"@id":"https:\/\/lasentinelle.dz\/index.php\/2026\/03\/17\/aid-el-fitr-les-journees-du-1er-2-et-3-chaoual-chomees-et-payees\/"},"author":{"name":"admin","@id":"https:\/\/lasentinelle.dz\/#\/schema\/person\/729ee0024f24e0b8c5ec17232f8e8b41"},"headline":"A\u00efd El-Fitr : les journ\u00e9es du 1er, 2 et 3 Chaoual ch\u00f4m\u00e9es et pay\u00e9es","datePublished":"2026-03-17T20:03:23+00:00","dateModified":"2026-03-17T20:03:24+00:00","mainEntityOfPage":{"@id":"https:\/\/lasentinelle.dz\/index.php\/2026\/03\/17\/aid-el-fitr-les-journees-du-1er-2-et-3-chaoual-chomees-et-payees\/"},"wordCount":191,"commentCount":0,"publisher":{"@id":"https:\/\/lasentinelle.dz\/#organization"},"image":{"@id":"https:\/\/lasentinelle.dz\/index.php\/2026\/03\/17\/aid-el-fitr-les-journees-du-1er-2-et-3-chaoual-chomees-et-payees\/#primaryimage"},"thumbnailUrl":"https:\/\/lasentinelle.dz\/wp-content\/uploads\/2026\/02\/fonction-publique.webp","articleSection":["Actualit\u00e9"],"inLanguage":"fr-FR","potentialAction":[{"@type":"CommentAction","name":"Comment","target":["https:\/\/lasentinelle.dz\/index.php\/2026\/03\/17\/aid-el-fitr-les-journees-du-1er-2-et-3-chaoual-chomees-et-payees\/#respond"]}]},{"@type":"WebPage","@id":"https:\/\/lasentinelle.dz\/index.php\/2026\/03\/17\/aid-el-fitr-les-journees-du-1er-2-et-3-chaoual-chomees-et-payees\/","url":"https:\/\/lasentinelle.dz\/index.php\/2026\/03\/17\/aid-el-fitr-les-journees-du-1er-2-et-3-chaoual-chomees-et-payees\/","name":"A\u00efd El-Fitr : les journ\u00e9es du 1er, 2 et 3 Chaoual ch\u00f4m\u00e9es et pay\u00e9es - La Sentinelle","isPartOf":{"@id":"https:\/\/lasentinelle.dz\/#website"},"primaryImageOfPage":{"@id":"https:\/\/lasentinelle.dz\/index.php\/2026\/03\/17\/aid-el-fitr-les-journees-du-1er-2-et-3-chaoual-chomees-et-payees\/#primaryimage"},"image":{"@id":"https:\/\/lasentinelle.dz\/index.php\/2026\/03\/17\/aid-el-fitr-les-journees-du-1er-2-et-3-chaoual-chomees-et-payees\/#primaryimage"},"thumbnailUrl":"https:\/\/lasentinelle.dz\/wp-content\/uploads\/2026\/02\/fonction-publique.webp","datePublished":"2026-03-17T20:03:23+00:00","dateModified":"2026-03-17T20:03:24+00:00","breadcrumb":{"@id":"https:\/\/lasentinelle.dz\/index.php\/2026\/03\/17\/aid-el-fitr-les-journees-du-1er-2-et-3-chaoual-chomees-et-payees\/#breadcrumb"},"inLanguage":"fr-FR","potentialAction":[{"@type":"ReadAction","target":["https:\/\/lasentinelle.dz\/index.php\/2026\/03\/17\/aid-el-fitr-les-journees-du-1er-2-et-3-chaoual-chomees-et-payees\/"]}]},{"@type":"ImageObject","inLanguage":"fr-FR","@id":"https:\/\/lasentinelle.dz\/index.php\/2026\/03\/17\/aid-el-fitr-les-journees-du-1er-2-et-3-chaoual-chomees-et-payees\/#primaryimage","url":"https:\/\/lasentinelle.dz\/wp-content\/uploads\/2026\/02\/fonction-publique.webp","contentUrl":"https:\/\/lasentinelle.dz\/wp-content\/uploads\/2026\/02\/fonction-publique.webp","width":580,"height":350},{"@type":"BreadcrumbList","@id":"https:\/\/lasentinelle.dz\/index.php\/2026\/03\/17\/aid-el-fitr-les-journees-du-1er-2-et-3-chaoual-chomees-et-payees\/#breadcrumb","itemListElement":[{"@type":"ListItem","position":1,"name":"Accueil","item":"https:\/\/lasentinelle.dz\/"},{"@type":"ListItem","position":2,"name":"A\u00efd El-Fitr : les journ\u00e9es du 1er, 2 et 3 Chaoual ch\u00f4m\u00e9es et pay\u00e9es"}]},{"@type":"WebSite","@id":"https:\/\/lasentinelle.dz\/#website","url":"https:\/\/lasentinelle.dz\/","name":"La Sentinelle","description":"Quotidien national d&#039;information","publisher":{"@id":"https:\/\/lasentinelle.dz\/#organization"},"potentialAction":[{"@type":"SearchAction","target":{"@type":"EntryPoint","urlTemplate":"https:\/\/lasentinelle.dz\/?s={search_term_string}"},"query-input":{"@type":"PropertyValueSpecification","valueRequired":true,"valueName":"search_term_string"}}],"inLanguage":"fr-FR"},{"@type":"Organization","@id":"https:\/\/lasentinelle.dz\/#organization","name":"Quotidien La Sentinelle","url":"https:\/\/lasentinelle.dz\/","logo":{"@type":"ImageObject","inLanguage":"fr-FR","@id":"https:\/\/lasentinelle.dz\/#\/schema\/logo\/image\/","url":"https:\/\/lasentinelle.dz\/wp-content\/uploads\/2021\/09\/logo-sentinelleSLOGAN-1.png","contentUrl":"https:\/\/lasentinelle.dz\/wp-content\/uploads\/2021\/09\/logo-sentinelleSLOGAN-1.png","width":615,"height":142,"caption":"Quotidien La Sentinelle"},"image":{"@id":"https:\/\/lasentinelle.dz\/#\/schema\/logo\/image\/"},"sameAs":["https:\/\/www.facebook.com\/La-Sentinelle-104059864394773"]},{"@type":"Person","@id":"https:\/\/lasentinelle.dz\/#\/schema\/person\/729ee0024f24e0b8c5ec17232f8e8b41","name":"admin","image":{"@type":"ImageObject","inLanguage":"fr-FR","@id":"https:\/\/secure.gravatar.com\/avatar\/4c81fed838786e9b53f540bf46533e750f5d292099ae3b66cfc6fb1982e29df7?s=96&d=mm&r=g","url":"https:\/\/secure.gravatar.com\/avatar\/4c81fed838786e9b53f540bf46533e750f5d292099ae3b66cfc6fb1982e29df7?s=96&d=mm&r=g","contentUrl":"https:\/\/secure.gravatar.com\/avatar\/4c81fed838786e9b53f540bf46533e750f5d292099ae3b66cfc6fb1982e29df7?s=96&d=mm&r=g","caption":"admin"},"description":"admin","url":"https:\/\/lasentinelle.dz\/author\/admin\/"}]}},"_links":{"self":[{"href":"https:\/\/lasentinelle.dz\/index.php\/wp-json\/wp\/v2\/posts\/83723","targetHints":{"allow":["GET"]}}],"collection":[{"href":"https:\/\/lasentinelle.dz\/index.php\/wp-json\/wp\/v2\/posts"}],"about":[{"href":"https:\/\/lasentinelle.dz\/index.php\/wp-json\/wp\/v2\/types\/post"}],"author":[{"embeddable":true,"href":"https:\/\/lasentinelle.dz\/index.php\/wp-json\/wp\/v2\/users\/6"}],"replies":[{"embeddable":true,"href":"https:\/\/lasentinelle.dz\/index.php\/wp-json\/wp\/v2\/comments?post=83723"}],"version-history":[{"count":1,"href":"https:\/\/lasentinelle.dz\/index.php\/wp-json\/wp\/v2\/posts\/83723\/revisions"}],"predecessor-version":[{"id":83724,"href":"https:\/\/lasentinelle.dz\/index.php\/wp-json\/wp\/v2\/posts\/83723\/revisions\/83724"}],"wp:featuredmedia":[{"embeddable":true,"href":"https:\/\/lasentinelle.dz\/index.php\/wp-json\/wp\/v2\/media\/81519"}],"wp:attachment":[{"href":"https:\/\/lasentinelle.dz\/index.php\/wp-json\/wp\/v2\/media?parent=83723"}],"wp:term":[{"taxonomy":"category","embeddable":true,"href":"https:\/\/lasentinelle.dz\/index.php\/wp-json\/wp\/v2\/categories?post=83723"},{"taxonomy":"post_tag","embeddable":true,"href":"https:\/\/lasentinelle.dz\/index.php\/wp-json\/wp\/v2\/tags?post=83723"}],"curies":[{"name":"wp","href":"https:\/\/api.w.org\/{rel}","templated":true}]}}