{"id":83727,"date":"2026-03-17T21:10:45","date_gmt":"2026-03-17T20:10:45","guid":{"rendered":"https:\/\/lasentinelle.dz\/?p=83727"},"modified":"2026-03-17T21:10:46","modified_gmt":"2026-03-17T20:10:46","slug":"lonu-tire-la-sonnette-dalarme-une-vague-croissante-dislamophobie-a-lechelle-mondiale","status":"publish","type":"post","link":"https:\/\/lasentinelle.dz\/index.php\/2026\/03\/17\/lonu-tire-la-sonnette-dalarme-une-vague-croissante-dislamophobie-a-lechelle-mondiale\/","title":{"rendered":"L&rsquo;ONU tire la sonnette d&rsquo;alarme\u00a0: Une \u00ab vague croissante \u00bb d&rsquo;islamophobie \u00e0 l&rsquo;\u00e9chelle mondiale"},"content":{"rendered":"\n<p>Les Nations unies ont lanc\u00e9 lundi depuis New York un avertissement solennel contre la multiplication des actes de discrimination et de violence visant les quelque deux milliards de musulmans \u00e0 travers le monde, dans un contexte international marqu\u00e9 par les guerres au Moyen-Orient et la prolif\u00e9ration des discours de haine sur les r\u00e9seaux sociaux. Lors d&rsquo;une r\u00e9union de l&rsquo;Assembl\u00e9e g\u00e9n\u00e9rale organis\u00e9e \u00e0 l&rsquo;occasion de la Journ\u00e9e internationale de lutte contre l&rsquo;islamophobie, c\u00e9l\u00e9br\u00e9e chaque ann\u00e9e le 15 mars, le secr\u00e9taire g\u00e9n\u00e9ral de l&rsquo;ONU, Antonio Guterres, a dress\u00e9 un tableau alarmant. \u00ab Nous sommes confront\u00e9s \u00e0 une mont\u00e9e de l&rsquo;intol\u00e9rance et de la haine antimusulmanes \u00bb, a-t-il d\u00e9plor\u00e9, d\u00e9taillant les formes multiples que rev\u00eat cette hostilit\u00e9 : \u00ab Discrimination institutionnelle, marginalisation socio-\u00e9conomique, restrictions migratoires g\u00e9n\u00e9ralis\u00e9es, surveillance et profilage injustifi\u00e9s. \u00bb Le chef de l&rsquo;ONU a toutefois tenu \u00e0 souligner que la violence la plus visible ne constitue que la partie \u00e9merg\u00e9e d&rsquo;un ph\u00e9nom\u00e8ne bien plus diffus. \u00ab Les pr\u00e9jug\u00e9s peuvent aussi \u00eatre subtils \u00bb, a-t-il averti, \u00e9voquant \u00ab des opportunit\u00e9s discr\u00e8tement refus\u00e9es, des suppositions laiss\u00e9es sans r\u00e9ponse, des questions empreintes de suspicion \u00bb, autant d&rsquo;exp\u00e9riences quotidiennes qui, accumul\u00e9es, \u00ab fa\u00e7onnent des vies enti\u00e8res \u00bb. Le Haut-Commissaire des Nations unies aux droits de l&rsquo;homme, Volker T\u00fcrk, a confirm\u00e9 cette tendance dans un message vid\u00e9o adress\u00e9 \u00e0 l&rsquo;Assembl\u00e9e, \u00e9voquant une \u00ab vague croissante \u00bb d&rsquo;islamophobie \u00e0 l&rsquo;\u00e9chelle mondiale. \u00ab Partout dans le monde, les actes de harc\u00e8lement, de discrimination et de violence visant les musulmans ont augment\u00e9 \u00bb, a-t-il constat\u00e9, pr\u00e9cisant que des musulmans \u00ab sont attaqu\u00e9s dans la rue et \u00e0 l&rsquo;\u00e9cole \u00bb, que des mosqu\u00e9es sont vandalis\u00e9es et que \u00ab les commentaires haineux prolif\u00e8rent sur les r\u00e9seaux sociaux \u00bb, ciblant souvent \u00ab les femmes et les filles qui portent le hijab \u00bb. Au-del\u00e0 des agressions physiques, le responsable onusien a soulign\u00e9 que les discriminations s&rsquo;infiltrent dans des domaines plus ordinaires tels que l&#8217;emploi, le logement et l&rsquo;acc\u00e8s aux soins, et que dans certains pays ces biais peuvent m\u00eame \u00eatre \u00ab inscrits dans la loi \u00bb. Il a \u00e9galement d\u00e9nonc\u00e9 l&rsquo;usage abusif de politiques antiterroristes servant \u00e0 \u00ab surveiller et d\u00e9tenir des musulmans \u00bb et le profilage syst\u00e9matique des voyageurs venant de pays \u00e0 majorit\u00e9 musulmane. Miguel Angel Moratinos, nomm\u00e9 en mai 2025 envoy\u00e9 sp\u00e9cial du secr\u00e9taire g\u00e9n\u00e9ral charg\u00e9 de coordonner l&rsquo;action internationale contre l&rsquo;islamophobie, a pour sa part estim\u00e9 que le danger principal ne r\u00e9side pas dans la sph\u00e8re num\u00e9rique mais dans l&rsquo;instrumentalisation politique de la haine. \u00ab L&rsquo;augmentation des actes islamophobes en Europe est tr\u00e8s, tr\u00e8s grave \u00bb, a-t-il d\u00e9clar\u00e9 devant l&rsquo;Assembl\u00e9e, avant d&rsquo;ajouter : \u00ab Le plus dangereux n&rsquo;est pas la plateforme num\u00e9rique, c&rsquo;est la plateforme politique. Ce sont des responsables qui encouragent leur \u00e9lectorat \u00e0 utiliser les r\u00e9seaux sociaux pour insulter et r\u00e9pandre la haine. \u00bb L&rsquo;ancien ministre espagnol a \u00e9galement point\u00e9 \u00ab la grande ignorance qui existe dans le monde occidental \u00e0 propos de l&rsquo;islam \u00bb, un d\u00e9ficit de connaissance qui nourrit selon lui les fantasmes et les amalgames, \u00e0 l&rsquo;heure o\u00f9 les conflits au Moyen-Orient alimentent une circulation massive de discours hostiles en ligne.<\/p>\n\n\n\n<p>Malik Meziane<\/p>\n","protected":false},"excerpt":{"rendered":"<p>Les Nations unies ont lanc\u00e9 lundi depuis New York un avertissement solennel contre la multiplication des actes de discrimination et<\/p>\n","protected":false},"author":6,"featured_media":73130,"comment_status":"open","ping_status":"closed","sticky":false,"template":"","format":"standard","meta":{"colormag_page_container_layout":"default_layout","colormag_page_sidebar_layout":"default_layout","om_disable_all_campaigns":false,"_monsterinsights_skip_tracking":false,"_monsterinsights_sitenote_active":false,"_monsterinsights_sitenote_note":"","_monsterinsights_sitenote_category":0,"footnotes":"","_wpscppro_dont_share_socialmedia":false,"_wpscppro_custom_social_share_image":0,"_facebook_share_type":"default","_twitter_share_type":"default","_linkedin_share_type":"default","_pinterest_share_type":"default","_linkedin_share_type_page":"","_instagram_share_type":"default","_medium_share_type":"default","_threads_share_type":"default","_google_business_share_type":"default","_selected_social_profile":[],"_wpsp_enable_custom_social_template":false,"_wpsp_social_scheduling":{"enabled":false,"datetime":null,"platforms":[],"status":"template_only","dateOption":"today","timeOption":"now","customDays":"","customHours":"","customDate":"","customTime":"","schedulingType":"absolute"},"_wpsp_active_default_template":true},"categories":[52,27],"tags":[],"class_list":["post-83727","post","type-post","status-publish","format-standard","has-post-thumbnail","hentry","category-a-la-une","category-actualite"],"aioseo_notices":[],"yoast_head":"<!-- This site is optimized with the Yoast SEO plugin v27.5 - https:\/\/yoast.com\/product\/yoast-seo-wordpress\/ -->\n<title>L&rsquo;ONU tire la sonnette d&rsquo;alarme\u00a0: Une \u00ab vague croissante \u00bb d&rsquo;islamophobie \u00e0 l&rsquo;\u00e9chelle mondiale - La Sentinelle<\/title>\n<meta name=\"robots\" content=\"index, follow, max-snippet:-1, max-image-preview:large, max-video-preview:-1\" \/>\n<link rel=\"canonical\" href=\"https:\/\/lasentinelle.dz\/index.php\/2026\/03\/17\/lonu-tire-la-sonnette-dalarme-une-vague-croissante-dislamophobie-a-lechelle-mondiale\/\" \/>\n<meta property=\"og:locale\" content=\"fr_FR\" \/>\n<meta property=\"og:type\" content=\"article\" \/>\n<meta property=\"og:title\" content=\"L&rsquo;ONU tire la sonnette d&rsquo;alarme\u00a0: Une \u00ab vague croissante \u00bb d&rsquo;islamophobie \u00e0 l&rsquo;\u00e9chelle mondiale - La Sentinelle\" \/>\n<meta property=\"og:description\" content=\"Les Nations unies ont lanc\u00e9 lundi depuis New York un avertissement solennel contre la multiplication des actes de discrimination et\" \/>\n<meta property=\"og:url\" content=\"https:\/\/lasentinelle.dz\/index.php\/2026\/03\/17\/lonu-tire-la-sonnette-dalarme-une-vague-croissante-dislamophobie-a-lechelle-mondiale\/\" \/>\n<meta property=\"og:site_name\" content=\"La Sentinelle\" \/>\n<meta property=\"article:publisher\" content=\"https:\/\/www.facebook.com\/La-Sentinelle-104059864394773\" \/>\n<meta property=\"article:published_time\" content=\"2026-03-17T20:10:45+00:00\" \/>\n<meta property=\"article:modified_time\" content=\"2026-03-17T20:10:46+00:00\" \/>\n<meta property=\"og:image\" content=\"https:\/\/lasentinelle.dz\/wp-content\/uploads\/2025\/09\/islamophobie.jpeg\" \/>\n\t<meta property=\"og:image:width\" content=\"512\" \/>\n\t<meta property=\"og:image:height\" content=\"341\" \/>\n\t<meta property=\"og:image:type\" content=\"image\/jpeg\" \/>\n<meta name=\"author\" content=\"admin\" \/>\n<meta name=\"twitter:card\" content=\"summary_large_image\" \/>\n<meta name=\"twitter:label1\" content=\"\u00c9crit par\" \/>\n\t<meta name=\"twitter:data1\" content=\"admin\" \/>\n\t<meta name=\"twitter:label2\" content=\"Dur\u00e9e de lecture estim\u00e9e\" \/>\n\t<meta name=\"twitter:data2\" content=\"3 minutes\" \/>\n<script type=\"application\/ld+json\" class=\"yoast-schema-graph\">{\"@context\":\"https:\\\/\\\/schema.org\",\"@graph\":[{\"@type\":\"Article\",\"@id\":\"https:\\\/\\\/lasentinelle.dz\\\/index.php\\\/2026\\\/03\\\/17\\\/lonu-tire-la-sonnette-dalarme-une-vague-croissante-dislamophobie-a-lechelle-mondiale\\\/#article\",\"isPartOf\":{\"@id\":\"https:\\\/\\\/lasentinelle.dz\\\/index.php\\\/2026\\\/03\\\/17\\\/lonu-tire-la-sonnette-dalarme-une-vague-croissante-dislamophobie-a-lechelle-mondiale\\\/\"},\"author\":{\"name\":\"admin\",\"@id\":\"https:\\\/\\\/lasentinelle.dz\\\/#\\\/schema\\\/person\\\/729ee0024f24e0b8c5ec17232f8e8b41\"},\"headline\":\"L&rsquo;ONU tire la sonnette d&rsquo;alarme\u00a0: Une \u00ab vague croissante \u00bb d&rsquo;islamophobie \u00e0 l&rsquo;\u00e9chelle mondiale\",\"datePublished\":\"2026-03-17T20:10:45+00:00\",\"dateModified\":\"2026-03-17T20:10:46+00:00\",\"mainEntityOfPage\":{\"@id\":\"https:\\\/\\\/lasentinelle.dz\\\/index.php\\\/2026\\\/03\\\/17\\\/lonu-tire-la-sonnette-dalarme-une-vague-croissante-dislamophobie-a-lechelle-mondiale\\\/\"},\"wordCount\":581,\"commentCount\":0,\"publisher\":{\"@id\":\"https:\\\/\\\/lasentinelle.dz\\\/#organization\"},\"image\":{\"@id\":\"https:\\\/\\\/lasentinelle.dz\\\/index.php\\\/2026\\\/03\\\/17\\\/lonu-tire-la-sonnette-dalarme-une-vague-croissante-dislamophobie-a-lechelle-mondiale\\\/#primaryimage\"},\"thumbnailUrl\":\"https:\\\/\\\/lasentinelle.dz\\\/wp-content\\\/uploads\\\/2025\\\/09\\\/islamophobie.jpeg\",\"articleSection\":[\"\u00c0 la Une\",\"Actualit\u00e9\"],\"inLanguage\":\"fr-FR\",\"potentialAction\":[{\"@type\":\"CommentAction\",\"name\":\"Comment\",\"target\":[\"https:\\\/\\\/lasentinelle.dz\\\/index.php\\\/2026\\\/03\\\/17\\\/lonu-tire-la-sonnette-dalarme-une-vague-croissante-dislamophobie-a-lechelle-mondiale\\\/#respond\"]}]},{\"@type\":\"WebPage\",\"@id\":\"https:\\\/\\\/lasentinelle.dz\\\/index.php\\\/2026\\\/03\\\/17\\\/lonu-tire-la-sonnette-dalarme-une-vague-croissante-dislamophobie-a-lechelle-mondiale\\\/\",\"url\":\"https:\\\/\\\/lasentinelle.dz\\\/index.php\\\/2026\\\/03\\\/17\\\/lonu-tire-la-sonnette-dalarme-une-vague-croissante-dislamophobie-a-lechelle-mondiale\\\/\",\"name\":\"L&rsquo;ONU tire la sonnette d&rsquo;alarme\u00a0: Une \u00ab vague croissante \u00bb d&rsquo;islamophobie \u00e0 l&rsquo;\u00e9chelle mondiale - La Sentinelle\",\"isPartOf\":{\"@id\":\"https:\\\/\\\/lasentinelle.dz\\\/#website\"},\"primaryImageOfPage\":{\"@id\":\"https:\\\/\\\/lasentinelle.dz\\\/index.php\\\/2026\\\/03\\\/17\\\/lonu-tire-la-sonnette-dalarme-une-vague-croissante-dislamophobie-a-lechelle-mondiale\\\/#primaryimage\"},\"image\":{\"@id\":\"https:\\\/\\\/lasentinelle.dz\\\/index.php\\\/2026\\\/03\\\/17\\\/lonu-tire-la-sonnette-dalarme-une-vague-croissante-dislamophobie-a-lechelle-mondiale\\\/#primaryimage\"},\"thumbnailUrl\":\"https:\\\/\\\/lasentinelle.dz\\\/wp-content\\\/uploads\\\/2025\\\/09\\\/islamophobie.jpeg\",\"datePublished\":\"2026-03-17T20:10:45+00:00\",\"dateModified\":\"2026-03-17T20:10:46+00:00\",\"breadcrumb\":{\"@id\":\"https:\\\/\\\/lasentinelle.dz\\\/index.php\\\/2026\\\/03\\\/17\\\/lonu-tire-la-sonnette-dalarme-une-vague-croissante-dislamophobie-a-lechelle-mondiale\\\/#breadcrumb\"},\"inLanguage\":\"fr-FR\",\"potentialAction\":[{\"@type\":\"ReadAction\",\"target\":[\"https:\\\/\\\/lasentinelle.dz\\\/index.php\\\/2026\\\/03\\\/17\\\/lonu-tire-la-sonnette-dalarme-une-vague-croissante-dislamophobie-a-lechelle-mondiale\\\/\"]}]},{\"@type\":\"ImageObject\",\"inLanguage\":\"fr-FR\",\"@id\":\"https:\\\/\\\/lasentinelle.dz\\\/index.php\\\/2026\\\/03\\\/17\\\/lonu-tire-la-sonnette-dalarme-une-vague-croissante-dislamophobie-a-lechelle-mondiale\\\/#primaryimage\",\"url\":\"https:\\\/\\\/lasentinelle.dz\\\/wp-content\\\/uploads\\\/2025\\\/09\\\/islamophobie.jpeg\",\"contentUrl\":\"https:\\\/\\\/lasentinelle.dz\\\/wp-content\\\/uploads\\\/2025\\\/09\\\/islamophobie.jpeg\",\"width\":512,\"height\":341},{\"@type\":\"BreadcrumbList\",\"@id\":\"https:\\\/\\\/lasentinelle.dz\\\/index.php\\\/2026\\\/03\\\/17\\\/lonu-tire-la-sonnette-dalarme-une-vague-croissante-dislamophobie-a-lechelle-mondiale\\\/#breadcrumb\",\"itemListElement\":[{\"@type\":\"ListItem\",\"position\":1,\"name\":\"Accueil\",\"item\":\"https:\\\/\\\/lasentinelle.dz\\\/\"},{\"@type\":\"ListItem\",\"position\":2,\"name\":\"L&rsquo;ONU tire la sonnette d&rsquo;alarme\u00a0: Une \u00ab vague croissante \u00bb d&rsquo;islamophobie \u00e0 l&rsquo;\u00e9chelle mondiale\"}]},{\"@type\":\"WebSite\",\"@id\":\"https:\\\/\\\/lasentinelle.dz\\\/#website\",\"url\":\"https:\\\/\\\/lasentinelle.dz\\\/\",\"name\":\"La Sentinelle\",\"description\":\"Quotidien national d&#039;information\",\"publisher\":{\"@id\":\"https:\\\/\\\/lasentinelle.dz\\\/#organization\"},\"potentialAction\":[{\"@type\":\"SearchAction\",\"target\":{\"@type\":\"EntryPoint\",\"urlTemplate\":\"https:\\\/\\\/lasentinelle.dz\\\/?s={search_term_string}\"},\"query-input\":{\"@type\":\"PropertyValueSpecification\",\"valueRequired\":true,\"valueName\":\"search_term_string\"}}],\"inLanguage\":\"fr-FR\"},{\"@type\":\"Organization\",\"@id\":\"https:\\\/\\\/lasentinelle.dz\\\/#organization\",\"name\":\"Quotidien La Sentinelle\",\"url\":\"https:\\\/\\\/lasentinelle.dz\\\/\",\"logo\":{\"@type\":\"ImageObject\",\"inLanguage\":\"fr-FR\",\"@id\":\"https:\\\/\\\/lasentinelle.dz\\\/#\\\/schema\\\/logo\\\/image\\\/\",\"url\":\"https:\\\/\\\/lasentinelle.dz\\\/wp-content\\\/uploads\\\/2021\\\/09\\\/logo-sentinelleSLOGAN-1.png\",\"contentUrl\":\"https:\\\/\\\/lasentinelle.dz\\\/wp-content\\\/uploads\\\/2021\\\/09\\\/logo-sentinelleSLOGAN-1.png\",\"width\":615,\"height\":142,\"caption\":\"Quotidien La Sentinelle\"},\"image\":{\"@id\":\"https:\\\/\\\/lasentinelle.dz\\\/#\\\/schema\\\/logo\\\/image\\\/\"},\"sameAs\":[\"https:\\\/\\\/www.facebook.com\\\/La-Sentinelle-104059864394773\"]},{\"@type\":\"Person\",\"@id\":\"https:\\\/\\\/lasentinelle.dz\\\/#\\\/schema\\\/person\\\/729ee0024f24e0b8c5ec17232f8e8b41\",\"name\":\"admin\",\"image\":{\"@type\":\"ImageObject\",\"inLanguage\":\"fr-FR\",\"@id\":\"https:\\\/\\\/secure.gravatar.com\\\/avatar\\\/4c81fed838786e9b53f540bf46533e750f5d292099ae3b66cfc6fb1982e29df7?s=96&d=mm&r=g\",\"url\":\"https:\\\/\\\/secure.gravatar.com\\\/avatar\\\/4c81fed838786e9b53f540bf46533e750f5d292099ae3b66cfc6fb1982e29df7?s=96&d=mm&r=g\",\"contentUrl\":\"https:\\\/\\\/secure.gravatar.com\\\/avatar\\\/4c81fed838786e9b53f540bf46533e750f5d292099ae3b66cfc6fb1982e29df7?s=96&d=mm&r=g\",\"caption\":\"admin\"},\"description\":\"admin\",\"url\":\"https:\\\/\\\/lasentinelle.dz\\\/author\\\/admin\\\/\"}]}<\/script>\n<!-- \/ Yoast SEO plugin. -->","yoast_head_json":{"title":"L&rsquo;ONU tire la sonnette d&rsquo;alarme\u00a0: Une \u00ab vague croissante \u00bb d&rsquo;islamophobie \u00e0 l&rsquo;\u00e9chelle mondiale - La Sentinelle","robots":{"index":"index","follow":"follow","max-snippet":"max-snippet:-1","max-image-preview":"max-image-preview:large","max-video-preview":"max-video-preview:-1"},"canonical":"https:\/\/lasentinelle.dz\/index.php\/2026\/03\/17\/lonu-tire-la-sonnette-dalarme-une-vague-croissante-dislamophobie-a-lechelle-mondiale\/","og_locale":"fr_FR","og_type":"article","og_title":"L&rsquo;ONU tire la sonnette d&rsquo;alarme\u00a0: Une \u00ab vague croissante \u00bb d&rsquo;islamophobie \u00e0 l&rsquo;\u00e9chelle mondiale - La Sentinelle","og_description":"Les Nations unies ont lanc\u00e9 lundi depuis New York un avertissement solennel contre la multiplication des actes de discrimination et","og_url":"https:\/\/lasentinelle.dz\/index.php\/2026\/03\/17\/lonu-tire-la-sonnette-dalarme-une-vague-croissante-dislamophobie-a-lechelle-mondiale\/","og_site_name":"La Sentinelle","article_publisher":"https:\/\/www.facebook.com\/La-Sentinelle-104059864394773","article_published_time":"2026-03-17T20:10:45+00:00","article_modified_time":"2026-03-17T20:10:46+00:00","og_image":[{"width":512,"height":341,"url":"https:\/\/lasentinelle.dz\/wp-content\/uploads\/2025\/09\/islamophobie.jpeg","type":"image\/jpeg"}],"author":"admin","twitter_card":"summary_large_image","twitter_misc":{"\u00c9crit par":"admin","Dur\u00e9e de lecture estim\u00e9e":"3 minutes"},"schema":{"@context":"https:\/\/schema.org","@graph":[{"@type":"Article","@id":"https:\/\/lasentinelle.dz\/index.php\/2026\/03\/17\/lonu-tire-la-sonnette-dalarme-une-vague-croissante-dislamophobie-a-lechelle-mondiale\/#article","isPartOf":{"@id":"https:\/\/lasentinelle.dz\/index.php\/2026\/03\/17\/lonu-tire-la-sonnette-dalarme-une-vague-croissante-dislamophobie-a-lechelle-mondiale\/"},"author":{"name":"admin","@id":"https:\/\/lasentinelle.dz\/#\/schema\/person\/729ee0024f24e0b8c5ec17232f8e8b41"},"headline":"L&rsquo;ONU tire la sonnette d&rsquo;alarme\u00a0: Une \u00ab vague croissante \u00bb d&rsquo;islamophobie \u00e0 l&rsquo;\u00e9chelle mondiale","datePublished":"2026-03-17T20:10:45+00:00","dateModified":"2026-03-17T20:10:46+00:00","mainEntityOfPage":{"@id":"https:\/\/lasentinelle.dz\/index.php\/2026\/03\/17\/lonu-tire-la-sonnette-dalarme-une-vague-croissante-dislamophobie-a-lechelle-mondiale\/"},"wordCount":581,"commentCount":0,"publisher":{"@id":"https:\/\/lasentinelle.dz\/#organization"},"image":{"@id":"https:\/\/lasentinelle.dz\/index.php\/2026\/03\/17\/lonu-tire-la-sonnette-dalarme-une-vague-croissante-dislamophobie-a-lechelle-mondiale\/#primaryimage"},"thumbnailUrl":"https:\/\/lasentinelle.dz\/wp-content\/uploads\/2025\/09\/islamophobie.jpeg","articleSection":["\u00c0 la Une","Actualit\u00e9"],"inLanguage":"fr-FR","potentialAction":[{"@type":"CommentAction","name":"Comment","target":["https:\/\/lasentinelle.dz\/index.php\/2026\/03\/17\/lonu-tire-la-sonnette-dalarme-une-vague-croissante-dislamophobie-a-lechelle-mondiale\/#respond"]}]},{"@type":"WebPage","@id":"https:\/\/lasentinelle.dz\/index.php\/2026\/03\/17\/lonu-tire-la-sonnette-dalarme-une-vague-croissante-dislamophobie-a-lechelle-mondiale\/","url":"https:\/\/lasentinelle.dz\/index.php\/2026\/03\/17\/lonu-tire-la-sonnette-dalarme-une-vague-croissante-dislamophobie-a-lechelle-mondiale\/","name":"L&rsquo;ONU tire la sonnette d&rsquo;alarme\u00a0: Une \u00ab vague croissante \u00bb d&rsquo;islamophobie \u00e0 l&rsquo;\u00e9chelle mondiale - La Sentinelle","isPartOf":{"@id":"https:\/\/lasentinelle.dz\/#website"},"primaryImageOfPage":{"@id":"https:\/\/lasentinelle.dz\/index.php\/2026\/03\/17\/lonu-tire-la-sonnette-dalarme-une-vague-croissante-dislamophobie-a-lechelle-mondiale\/#primaryimage"},"image":{"@id":"https:\/\/lasentinelle.dz\/index.php\/2026\/03\/17\/lonu-tire-la-sonnette-dalarme-une-vague-croissante-dislamophobie-a-lechelle-mondiale\/#primaryimage"},"thumbnailUrl":"https:\/\/lasentinelle.dz\/wp-content\/uploads\/2025\/09\/islamophobie.jpeg","datePublished":"2026-03-17T20:10:45+00:00","dateModified":"2026-03-17T20:10:46+00:00","breadcrumb":{"@id":"https:\/\/lasentinelle.dz\/index.php\/2026\/03\/17\/lonu-tire-la-sonnette-dalarme-une-vague-croissante-dislamophobie-a-lechelle-mondiale\/#breadcrumb"},"inLanguage":"fr-FR","potentialAction":[{"@type":"ReadAction","target":["https:\/\/lasentinelle.dz\/index.php\/2026\/03\/17\/lonu-tire-la-sonnette-dalarme-une-vague-croissante-dislamophobie-a-lechelle-mondiale\/"]}]},{"@type":"ImageObject","inLanguage":"fr-FR","@id":"https:\/\/lasentinelle.dz\/index.php\/2026\/03\/17\/lonu-tire-la-sonnette-dalarme-une-vague-croissante-dislamophobie-a-lechelle-mondiale\/#primaryimage","url":"https:\/\/lasentinelle.dz\/wp-content\/uploads\/2025\/09\/islamophobie.jpeg","contentUrl":"https:\/\/lasentinelle.dz\/wp-content\/uploads\/2025\/09\/islamophobie.jpeg","width":512,"height":341},{"@type":"BreadcrumbList","@id":"https:\/\/lasentinelle.dz\/index.php\/2026\/03\/17\/lonu-tire-la-sonnette-dalarme-une-vague-croissante-dislamophobie-a-lechelle-mondiale\/#breadcrumb","itemListElement":[{"@type":"ListItem","position":1,"name":"Accueil","item":"https:\/\/lasentinelle.dz\/"},{"@type":"ListItem","position":2,"name":"L&rsquo;ONU tire la sonnette d&rsquo;alarme\u00a0: Une \u00ab vague croissante \u00bb d&rsquo;islamophobie \u00e0 l&rsquo;\u00e9chelle mondiale"}]},{"@type":"WebSite","@id":"https:\/\/lasentinelle.dz\/#website","url":"https:\/\/lasentinelle.dz\/","name":"La Sentinelle","description":"Quotidien national d&#039;information","publisher":{"@id":"https:\/\/lasentinelle.dz\/#organization"},"potentialAction":[{"@type":"SearchAction","target":{"@type":"EntryPoint","urlTemplate":"https:\/\/lasentinelle.dz\/?s={search_term_string}"},"query-input":{"@type":"PropertyValueSpecification","valueRequired":true,"valueName":"search_term_string"}}],"inLanguage":"fr-FR"},{"@type":"Organization","@id":"https:\/\/lasentinelle.dz\/#organization","name":"Quotidien La Sentinelle","url":"https:\/\/lasentinelle.dz\/","logo":{"@type":"ImageObject","inLanguage":"fr-FR","@id":"https:\/\/lasentinelle.dz\/#\/schema\/logo\/image\/","url":"https:\/\/lasentinelle.dz\/wp-content\/uploads\/2021\/09\/logo-sentinelleSLOGAN-1.png","contentUrl":"https:\/\/lasentinelle.dz\/wp-content\/uploads\/2021\/09\/logo-sentinelleSLOGAN-1.png","width":615,"height":142,"caption":"Quotidien La Sentinelle"},"image":{"@id":"https:\/\/lasentinelle.dz\/#\/schema\/logo\/image\/"},"sameAs":["https:\/\/www.facebook.com\/La-Sentinelle-104059864394773"]},{"@type":"Person","@id":"https:\/\/lasentinelle.dz\/#\/schema\/person\/729ee0024f24e0b8c5ec17232f8e8b41","name":"admin","image":{"@type":"ImageObject","inLanguage":"fr-FR","@id":"https:\/\/secure.gravatar.com\/avatar\/4c81fed838786e9b53f540bf46533e750f5d292099ae3b66cfc6fb1982e29df7?s=96&d=mm&r=g","url":"https:\/\/secure.gravatar.com\/avatar\/4c81fed838786e9b53f540bf46533e750f5d292099ae3b66cfc6fb1982e29df7?s=96&d=mm&r=g","contentUrl":"https:\/\/secure.gravatar.com\/avatar\/4c81fed838786e9b53f540bf46533e750f5d292099ae3b66cfc6fb1982e29df7?s=96&d=mm&r=g","caption":"admin"},"description":"admin","url":"https:\/\/lasentinelle.dz\/author\/admin\/"}]}},"_links":{"self":[{"href":"https:\/\/lasentinelle.dz\/index.php\/wp-json\/wp\/v2\/posts\/83727","targetHints":{"allow":["GET"]}}],"collection":[{"href":"https:\/\/lasentinelle.dz\/index.php\/wp-json\/wp\/v2\/posts"}],"about":[{"href":"https:\/\/lasentinelle.dz\/index.php\/wp-json\/wp\/v2\/types\/post"}],"author":[{"embeddable":true,"href":"https:\/\/lasentinelle.dz\/index.php\/wp-json\/wp\/v2\/users\/6"}],"replies":[{"embeddable":true,"href":"https:\/\/lasentinelle.dz\/index.php\/wp-json\/wp\/v2\/comments?post=83727"}],"version-history":[{"count":2,"href":"https:\/\/lasentinelle.dz\/index.php\/wp-json\/wp\/v2\/posts\/83727\/revisions"}],"predecessor-version":[{"id":83729,"href":"https:\/\/lasentinelle.dz\/index.php\/wp-json\/wp\/v2\/posts\/83727\/revisions\/83729"}],"wp:featuredmedia":[{"embeddable":true,"href":"https:\/\/lasentinelle.dz\/index.php\/wp-json\/wp\/v2\/media\/73130"}],"wp:attachment":[{"href":"https:\/\/lasentinelle.dz\/index.php\/wp-json\/wp\/v2\/media?parent=83727"}],"wp:term":[{"taxonomy":"category","embeddable":true,"href":"https:\/\/lasentinelle.dz\/index.php\/wp-json\/wp\/v2\/categories?post=83727"},{"taxonomy":"post_tag","embeddable":true,"href":"https:\/\/lasentinelle.dz\/index.php\/wp-json\/wp\/v2\/tags?post=83727"}],"curies":[{"name":"wp","href":"https:\/\/api.w.org\/{rel}","templated":true}]}}