{"id":83730,"date":"2026-03-17T21:14:28","date_gmt":"2026-03-17T20:14:28","guid":{"rendered":"https:\/\/lasentinelle.dz\/?p=83730"},"modified":"2026-03-17T21:14:29","modified_gmt":"2026-03-17T20:14:29","slug":"muay-thai-anane-defie-le-thailandais-rambolek-chor","status":"publish","type":"post","link":"https:\/\/lasentinelle.dz\/index.php\/2026\/03\/17\/muay-thai-anane-defie-le-thailandais-rambolek-chor\/","title":{"rendered":"Muay thai : Anane d\u00e9fie le Tha\u00eflandais Rambolek Chor"},"content":{"rendered":"\n<p>Vendredi soir au Lumpinee Stadium de Bangkok, le temple mondial du muay thai, l&rsquo;Alg\u00e9rie sera doublement repr\u00e9sent\u00e9e dans l&rsquo;ar\u00e8ne. Nabil Anane, 21 ans, et son fr\u00e8re cadet Aonis, 18 ans, monteront tous deux sur le ring de la prestigieuse Ligue asiatique One Championship, dans ce qui constitue un \u00e9v\u00e9nement rarissime dans l&rsquo;histoire du sport de combat alg\u00e9rien : deux fr\u00e8res engag\u00e9s le m\u00eame soir, sur la m\u00eame sc\u00e8ne mondiale, \u00e0 des milliers de kilom\u00e8tres de leurs bases. C&rsquo;est Nabil qui portera le d\u00e9fi le plus lourd. Le kickboxer alg\u00e9rien affrontera le Tha\u00eflandais Rambolek Chor Ajalaboon dans un combat de muay thai en cat\u00e9gorie poids coq, avec \u00e0 la cl\u00e9 le titre mondial de la One Championship. L&rsquo;affiche est de celles qui font saliver les amateurs d&rsquo;arts martiaux : en face de lui, Anane ne trouvera pas un adversaire commode. Fort de sept victoires cons\u00e9cutives, le jeune Alg\u00e9rien aborde cette \u00e9ch\u00e9ance dans la meilleure dynamique de sa carri\u00e8re, mais Rambolek, qui en compte cinq d&rsquo;affil\u00e9e, se pr\u00e9sente comme un concurrent de tout premier ordre, rompu aux exigences d&rsquo;un ring tha\u00eflandais o\u00f9 les locaux \u00e9voluent en terrain conquis. Un duel entre deux combattants peu familiers de la d\u00e9faite, sur la sc\u00e8ne la plus intimidante qui soit pour un muay thai fighter : le Lumpinee Stadium, antre historique de la discipline, o\u00f9 le public tha\u00eflandais est r\u00e9put\u00e9 pour son \u0153il aiguis\u00e9 et sa ferveur redoutable. La soir\u00e9e ne s&rsquo;arr\u00eatera pas l\u00e0. Aonis Anane, le benjamin de la fratrie, fera lui aussi son entr\u00e9e dans l&rsquo;ar\u00e8ne face au Chinois Zhao Zhengdong, dans la cat\u00e9gorie strawweight, limit\u00e9e \u00e0 moins de 47,128 kg. D\u00e9j\u00e0 aur\u00e9ol\u00e9 de trois victoires depuis ses d\u00e9buts sur le circuit, le jeune combattant de 18 ans entend bien en inscrire une quatri\u00e8me \u00e0 son palmar\u00e8s pour confirmer un d\u00e9part prometteur, et marcher ainsi sur les traces de Nabil, qui avait lui-m\u00eame brillamment lanc\u00e9 sa carri\u00e8re au sein de la One Championship.<\/p>\n\n\n\n<p>R.S.<\/p>\n","protected":false},"excerpt":{"rendered":"<p>Vendredi soir au Lumpinee Stadium de Bangkok, le temple mondial du muay thai, l&rsquo;Alg\u00e9rie sera doublement repr\u00e9sent\u00e9e dans l&rsquo;ar\u00e8ne. Nabil<\/p>\n","protected":false},"author":6,"featured_media":64403,"comment_status":"open","ping_status":"closed","sticky":false,"template":"","format":"standard","meta":{"colormag_page_container_layout":"default_layout","colormag_page_sidebar_layout":"default_layout","om_disable_all_campaigns":false,"_monsterinsights_skip_tracking":false,"_monsterinsights_sitenote_active":false,"_monsterinsights_sitenote_note":"","_monsterinsights_sitenote_category":0,"footnotes":"","_wpscppro_dont_share_socialmedia":false,"_wpscppro_custom_social_share_image":0,"_facebook_share_type":"default","_twitter_share_type":"default","_linkedin_share_type":"default","_pinterest_share_type":"default","_linkedin_share_type_page":"","_instagram_share_type":"default","_medium_share_type":"default","_threads_share_type":"default","_google_business_share_type":"default","_selected_social_profile":[],"_wpsp_enable_custom_social_template":false,"_wpsp_social_scheduling":{"enabled":false,"datetime":null,"platforms":[],"status":"template_only","dateOption":"today","timeOption":"now","customDays":"","customHours":"","customDate":"","customTime":"","schedulingType":"absolute"},"_wpsp_active_default_template":true},"categories":[33],"tags":[],"class_list":["post-83730","post","type-post","status-publish","format-standard","has-post-thumbnail","hentry","category-sports"],"aioseo_notices":[],"yoast_head":"<!-- This site is optimized with the Yoast SEO plugin v27.5 - https:\/\/yoast.com\/product\/yoast-seo-wordpress\/ -->\n<title>Muay thai : Anane d\u00e9fie le Tha\u00eflandais Rambolek Chor - La Sentinelle<\/title>\n<meta name=\"robots\" content=\"index, follow, max-snippet:-1, max-image-preview:large, max-video-preview:-1\" \/>\n<link rel=\"canonical\" href=\"https:\/\/lasentinelle.dz\/index.php\/2026\/03\/17\/muay-thai-anane-defie-le-thailandais-rambolek-chor\/\" \/>\n<meta property=\"og:locale\" content=\"fr_FR\" \/>\n<meta property=\"og:type\" content=\"article\" \/>\n<meta property=\"og:title\" content=\"Muay thai : Anane d\u00e9fie le Tha\u00eflandais Rambolek Chor - La Sentinelle\" \/>\n<meta property=\"og:description\" content=\"Vendredi soir au Lumpinee Stadium de Bangkok, le temple mondial du muay thai, l&rsquo;Alg\u00e9rie sera doublement repr\u00e9sent\u00e9e dans l&rsquo;ar\u00e8ne. Nabil\" \/>\n<meta property=\"og:url\" content=\"https:\/\/lasentinelle.dz\/index.php\/2026\/03\/17\/muay-thai-anane-defie-le-thailandais-rambolek-chor\/\" \/>\n<meta property=\"og:site_name\" content=\"La Sentinelle\" \/>\n<meta property=\"article:publisher\" content=\"https:\/\/www.facebook.com\/La-Sentinelle-104059864394773\" \/>\n<meta property=\"article:published_time\" content=\"2026-03-17T20:14:28+00:00\" \/>\n<meta property=\"article:modified_time\" content=\"2026-03-17T20:14:29+00:00\" \/>\n<meta property=\"og:image\" content=\"https:\/\/lasentinelle.dz\/wp-content\/uploads\/2025\/03\/anane.jpg\" \/>\n\t<meta property=\"og:image:width\" content=\"580\" \/>\n\t<meta property=\"og:image:height\" content=\"350\" \/>\n\t<meta property=\"og:image:type\" content=\"image\/jpeg\" \/>\n<meta name=\"author\" content=\"admin\" \/>\n<meta name=\"twitter:card\" content=\"summary_large_image\" \/>\n<meta name=\"twitter:label1\" content=\"\u00c9crit par\" \/>\n\t<meta name=\"twitter:data1\" content=\"admin\" \/>\n\t<meta name=\"twitter:label2\" content=\"Dur\u00e9e de lecture estim\u00e9e\" \/>\n\t<meta name=\"twitter:data2\" content=\"2 minutes\" \/>\n<script type=\"application\/ld+json\" class=\"yoast-schema-graph\">{\"@context\":\"https:\\\/\\\/schema.org\",\"@graph\":[{\"@type\":\"Article\",\"@id\":\"https:\\\/\\\/lasentinelle.dz\\\/index.php\\\/2026\\\/03\\\/17\\\/muay-thai-anane-defie-le-thailandais-rambolek-chor\\\/#article\",\"isPartOf\":{\"@id\":\"https:\\\/\\\/lasentinelle.dz\\\/index.php\\\/2026\\\/03\\\/17\\\/muay-thai-anane-defie-le-thailandais-rambolek-chor\\\/\"},\"author\":{\"name\":\"admin\",\"@id\":\"https:\\\/\\\/lasentinelle.dz\\\/#\\\/schema\\\/person\\\/729ee0024f24e0b8c5ec17232f8e8b41\"},\"headline\":\"Muay thai : Anane d\u00e9fie le Tha\u00eflandais Rambolek Chor\",\"datePublished\":\"2026-03-17T20:14:28+00:00\",\"dateModified\":\"2026-03-17T20:14:29+00:00\",\"mainEntityOfPage\":{\"@id\":\"https:\\\/\\\/lasentinelle.dz\\\/index.php\\\/2026\\\/03\\\/17\\\/muay-thai-anane-defie-le-thailandais-rambolek-chor\\\/\"},\"wordCount\":372,\"commentCount\":0,\"publisher\":{\"@id\":\"https:\\\/\\\/lasentinelle.dz\\\/#organization\"},\"image\":{\"@id\":\"https:\\\/\\\/lasentinelle.dz\\\/index.php\\\/2026\\\/03\\\/17\\\/muay-thai-anane-defie-le-thailandais-rambolek-chor\\\/#primaryimage\"},\"thumbnailUrl\":\"https:\\\/\\\/lasentinelle.dz\\\/wp-content\\\/uploads\\\/2025\\\/03\\\/anane.jpg\",\"articleSection\":[\"Sports\"],\"inLanguage\":\"fr-FR\",\"potentialAction\":[{\"@type\":\"CommentAction\",\"name\":\"Comment\",\"target\":[\"https:\\\/\\\/lasentinelle.dz\\\/index.php\\\/2026\\\/03\\\/17\\\/muay-thai-anane-defie-le-thailandais-rambolek-chor\\\/#respond\"]}]},{\"@type\":\"WebPage\",\"@id\":\"https:\\\/\\\/lasentinelle.dz\\\/index.php\\\/2026\\\/03\\\/17\\\/muay-thai-anane-defie-le-thailandais-rambolek-chor\\\/\",\"url\":\"https:\\\/\\\/lasentinelle.dz\\\/index.php\\\/2026\\\/03\\\/17\\\/muay-thai-anane-defie-le-thailandais-rambolek-chor\\\/\",\"name\":\"Muay thai : Anane d\u00e9fie le Tha\u00eflandais Rambolek Chor - La Sentinelle\",\"isPartOf\":{\"@id\":\"https:\\\/\\\/lasentinelle.dz\\\/#website\"},\"primaryImageOfPage\":{\"@id\":\"https:\\\/\\\/lasentinelle.dz\\\/index.php\\\/2026\\\/03\\\/17\\\/muay-thai-anane-defie-le-thailandais-rambolek-chor\\\/#primaryimage\"},\"image\":{\"@id\":\"https:\\\/\\\/lasentinelle.dz\\\/index.php\\\/2026\\\/03\\\/17\\\/muay-thai-anane-defie-le-thailandais-rambolek-chor\\\/#primaryimage\"},\"thumbnailUrl\":\"https:\\\/\\\/lasentinelle.dz\\\/wp-content\\\/uploads\\\/2025\\\/03\\\/anane.jpg\",\"datePublished\":\"2026-03-17T20:14:28+00:00\",\"dateModified\":\"2026-03-17T20:14:29+00:00\",\"breadcrumb\":{\"@id\":\"https:\\\/\\\/lasentinelle.dz\\\/index.php\\\/2026\\\/03\\\/17\\\/muay-thai-anane-defie-le-thailandais-rambolek-chor\\\/#breadcrumb\"},\"inLanguage\":\"fr-FR\",\"potentialAction\":[{\"@type\":\"ReadAction\",\"target\":[\"https:\\\/\\\/lasentinelle.dz\\\/index.php\\\/2026\\\/03\\\/17\\\/muay-thai-anane-defie-le-thailandais-rambolek-chor\\\/\"]}]},{\"@type\":\"ImageObject\",\"inLanguage\":\"fr-FR\",\"@id\":\"https:\\\/\\\/lasentinelle.dz\\\/index.php\\\/2026\\\/03\\\/17\\\/muay-thai-anane-defie-le-thailandais-rambolek-chor\\\/#primaryimage\",\"url\":\"https:\\\/\\\/lasentinelle.dz\\\/wp-content\\\/uploads\\\/2025\\\/03\\\/anane.jpg\",\"contentUrl\":\"https:\\\/\\\/lasentinelle.dz\\\/wp-content\\\/uploads\\\/2025\\\/03\\\/anane.jpg\",\"width\":580,\"height\":350},{\"@type\":\"BreadcrumbList\",\"@id\":\"https:\\\/\\\/lasentinelle.dz\\\/index.php\\\/2026\\\/03\\\/17\\\/muay-thai-anane-defie-le-thailandais-rambolek-chor\\\/#breadcrumb\",\"itemListElement\":[{\"@type\":\"ListItem\",\"position\":1,\"name\":\"Accueil\",\"item\":\"https:\\\/\\\/lasentinelle.dz\\\/\"},{\"@type\":\"ListItem\",\"position\":2,\"name\":\"Muay thai : Anane d\u00e9fie le Tha\u00eflandais Rambolek Chor\"}]},{\"@type\":\"WebSite\",\"@id\":\"https:\\\/\\\/lasentinelle.dz\\\/#website\",\"url\":\"https:\\\/\\\/lasentinelle.dz\\\/\",\"name\":\"La Sentinelle\",\"description\":\"Quotidien national d&#039;information\",\"publisher\":{\"@id\":\"https:\\\/\\\/lasentinelle.dz\\\/#organization\"},\"potentialAction\":[{\"@type\":\"SearchAction\",\"target\":{\"@type\":\"EntryPoint\",\"urlTemplate\":\"https:\\\/\\\/lasentinelle.dz\\\/?s={search_term_string}\"},\"query-input\":{\"@type\":\"PropertyValueSpecification\",\"valueRequired\":true,\"valueName\":\"search_term_string\"}}],\"inLanguage\":\"fr-FR\"},{\"@type\":\"Organization\",\"@id\":\"https:\\\/\\\/lasentinelle.dz\\\/#organization\",\"name\":\"Quotidien La Sentinelle\",\"url\":\"https:\\\/\\\/lasentinelle.dz\\\/\",\"logo\":{\"@type\":\"ImageObject\",\"inLanguage\":\"fr-FR\",\"@id\":\"https:\\\/\\\/lasentinelle.dz\\\/#\\\/schema\\\/logo\\\/image\\\/\",\"url\":\"https:\\\/\\\/lasentinelle.dz\\\/wp-content\\\/uploads\\\/2021\\\/09\\\/logo-sentinelleSLOGAN-1.png\",\"contentUrl\":\"https:\\\/\\\/lasentinelle.dz\\\/wp-content\\\/uploads\\\/2021\\\/09\\\/logo-sentinelleSLOGAN-1.png\",\"width\":615,\"height\":142,\"caption\":\"Quotidien La Sentinelle\"},\"image\":{\"@id\":\"https:\\\/\\\/lasentinelle.dz\\\/#\\\/schema\\\/logo\\\/image\\\/\"},\"sameAs\":[\"https:\\\/\\\/www.facebook.com\\\/La-Sentinelle-104059864394773\"]},{\"@type\":\"Person\",\"@id\":\"https:\\\/\\\/lasentinelle.dz\\\/#\\\/schema\\\/person\\\/729ee0024f24e0b8c5ec17232f8e8b41\",\"name\":\"admin\",\"image\":{\"@type\":\"ImageObject\",\"inLanguage\":\"fr-FR\",\"@id\":\"https:\\\/\\\/secure.gravatar.com\\\/avatar\\\/4c81fed838786e9b53f540bf46533e750f5d292099ae3b66cfc6fb1982e29df7?s=96&d=mm&r=g\",\"url\":\"https:\\\/\\\/secure.gravatar.com\\\/avatar\\\/4c81fed838786e9b53f540bf46533e750f5d292099ae3b66cfc6fb1982e29df7?s=96&d=mm&r=g\",\"contentUrl\":\"https:\\\/\\\/secure.gravatar.com\\\/avatar\\\/4c81fed838786e9b53f540bf46533e750f5d292099ae3b66cfc6fb1982e29df7?s=96&d=mm&r=g\",\"caption\":\"admin\"},\"description\":\"admin\",\"url\":\"https:\\\/\\\/lasentinelle.dz\\\/author\\\/admin\\\/\"}]}<\/script>\n<!-- \/ Yoast SEO plugin. -->","yoast_head_json":{"title":"Muay thai : Anane d\u00e9fie le Tha\u00eflandais Rambolek Chor - La Sentinelle","robots":{"index":"index","follow":"follow","max-snippet":"max-snippet:-1","max-image-preview":"max-image-preview:large","max-video-preview":"max-video-preview:-1"},"canonical":"https:\/\/lasentinelle.dz\/index.php\/2026\/03\/17\/muay-thai-anane-defie-le-thailandais-rambolek-chor\/","og_locale":"fr_FR","og_type":"article","og_title":"Muay thai : Anane d\u00e9fie le Tha\u00eflandais Rambolek Chor - La Sentinelle","og_description":"Vendredi soir au Lumpinee Stadium de Bangkok, le temple mondial du muay thai, l&rsquo;Alg\u00e9rie sera doublement repr\u00e9sent\u00e9e dans l&rsquo;ar\u00e8ne. Nabil","og_url":"https:\/\/lasentinelle.dz\/index.php\/2026\/03\/17\/muay-thai-anane-defie-le-thailandais-rambolek-chor\/","og_site_name":"La Sentinelle","article_publisher":"https:\/\/www.facebook.com\/La-Sentinelle-104059864394773","article_published_time":"2026-03-17T20:14:28+00:00","article_modified_time":"2026-03-17T20:14:29+00:00","og_image":[{"width":580,"height":350,"url":"https:\/\/lasentinelle.dz\/wp-content\/uploads\/2025\/03\/anane.jpg","type":"image\/jpeg"}],"author":"admin","twitter_card":"summary_large_image","twitter_misc":{"\u00c9crit par":"admin","Dur\u00e9e de lecture estim\u00e9e":"2 minutes"},"schema":{"@context":"https:\/\/schema.org","@graph":[{"@type":"Article","@id":"https:\/\/lasentinelle.dz\/index.php\/2026\/03\/17\/muay-thai-anane-defie-le-thailandais-rambolek-chor\/#article","isPartOf":{"@id":"https:\/\/lasentinelle.dz\/index.php\/2026\/03\/17\/muay-thai-anane-defie-le-thailandais-rambolek-chor\/"},"author":{"name":"admin","@id":"https:\/\/lasentinelle.dz\/#\/schema\/person\/729ee0024f24e0b8c5ec17232f8e8b41"},"headline":"Muay thai : Anane d\u00e9fie le Tha\u00eflandais Rambolek Chor","datePublished":"2026-03-17T20:14:28+00:00","dateModified":"2026-03-17T20:14:29+00:00","mainEntityOfPage":{"@id":"https:\/\/lasentinelle.dz\/index.php\/2026\/03\/17\/muay-thai-anane-defie-le-thailandais-rambolek-chor\/"},"wordCount":372,"commentCount":0,"publisher":{"@id":"https:\/\/lasentinelle.dz\/#organization"},"image":{"@id":"https:\/\/lasentinelle.dz\/index.php\/2026\/03\/17\/muay-thai-anane-defie-le-thailandais-rambolek-chor\/#primaryimage"},"thumbnailUrl":"https:\/\/lasentinelle.dz\/wp-content\/uploads\/2025\/03\/anane.jpg","articleSection":["Sports"],"inLanguage":"fr-FR","potentialAction":[{"@type":"CommentAction","name":"Comment","target":["https:\/\/lasentinelle.dz\/index.php\/2026\/03\/17\/muay-thai-anane-defie-le-thailandais-rambolek-chor\/#respond"]}]},{"@type":"WebPage","@id":"https:\/\/lasentinelle.dz\/index.php\/2026\/03\/17\/muay-thai-anane-defie-le-thailandais-rambolek-chor\/","url":"https:\/\/lasentinelle.dz\/index.php\/2026\/03\/17\/muay-thai-anane-defie-le-thailandais-rambolek-chor\/","name":"Muay thai : Anane d\u00e9fie le Tha\u00eflandais Rambolek Chor - La Sentinelle","isPartOf":{"@id":"https:\/\/lasentinelle.dz\/#website"},"primaryImageOfPage":{"@id":"https:\/\/lasentinelle.dz\/index.php\/2026\/03\/17\/muay-thai-anane-defie-le-thailandais-rambolek-chor\/#primaryimage"},"image":{"@id":"https:\/\/lasentinelle.dz\/index.php\/2026\/03\/17\/muay-thai-anane-defie-le-thailandais-rambolek-chor\/#primaryimage"},"thumbnailUrl":"https:\/\/lasentinelle.dz\/wp-content\/uploads\/2025\/03\/anane.jpg","datePublished":"2026-03-17T20:14:28+00:00","dateModified":"2026-03-17T20:14:29+00:00","breadcrumb":{"@id":"https:\/\/lasentinelle.dz\/index.php\/2026\/03\/17\/muay-thai-anane-defie-le-thailandais-rambolek-chor\/#breadcrumb"},"inLanguage":"fr-FR","potentialAction":[{"@type":"ReadAction","target":["https:\/\/lasentinelle.dz\/index.php\/2026\/03\/17\/muay-thai-anane-defie-le-thailandais-rambolek-chor\/"]}]},{"@type":"ImageObject","inLanguage":"fr-FR","@id":"https:\/\/lasentinelle.dz\/index.php\/2026\/03\/17\/muay-thai-anane-defie-le-thailandais-rambolek-chor\/#primaryimage","url":"https:\/\/lasentinelle.dz\/wp-content\/uploads\/2025\/03\/anane.jpg","contentUrl":"https:\/\/lasentinelle.dz\/wp-content\/uploads\/2025\/03\/anane.jpg","width":580,"height":350},{"@type":"BreadcrumbList","@id":"https:\/\/lasentinelle.dz\/index.php\/2026\/03\/17\/muay-thai-anane-defie-le-thailandais-rambolek-chor\/#breadcrumb","itemListElement":[{"@type":"ListItem","position":1,"name":"Accueil","item":"https:\/\/lasentinelle.dz\/"},{"@type":"ListItem","position":2,"name":"Muay thai : Anane d\u00e9fie le Tha\u00eflandais Rambolek Chor"}]},{"@type":"WebSite","@id":"https:\/\/lasentinelle.dz\/#website","url":"https:\/\/lasentinelle.dz\/","name":"La Sentinelle","description":"Quotidien national d&#039;information","publisher":{"@id":"https:\/\/lasentinelle.dz\/#organization"},"potentialAction":[{"@type":"SearchAction","target":{"@type":"EntryPoint","urlTemplate":"https:\/\/lasentinelle.dz\/?s={search_term_string}"},"query-input":{"@type":"PropertyValueSpecification","valueRequired":true,"valueName":"search_term_string"}}],"inLanguage":"fr-FR"},{"@type":"Organization","@id":"https:\/\/lasentinelle.dz\/#organization","name":"Quotidien La Sentinelle","url":"https:\/\/lasentinelle.dz\/","logo":{"@type":"ImageObject","inLanguage":"fr-FR","@id":"https:\/\/lasentinelle.dz\/#\/schema\/logo\/image\/","url":"https:\/\/lasentinelle.dz\/wp-content\/uploads\/2021\/09\/logo-sentinelleSLOGAN-1.png","contentUrl":"https:\/\/lasentinelle.dz\/wp-content\/uploads\/2021\/09\/logo-sentinelleSLOGAN-1.png","width":615,"height":142,"caption":"Quotidien La Sentinelle"},"image":{"@id":"https:\/\/lasentinelle.dz\/#\/schema\/logo\/image\/"},"sameAs":["https:\/\/www.facebook.com\/La-Sentinelle-104059864394773"]},{"@type":"Person","@id":"https:\/\/lasentinelle.dz\/#\/schema\/person\/729ee0024f24e0b8c5ec17232f8e8b41","name":"admin","image":{"@type":"ImageObject","inLanguage":"fr-FR","@id":"https:\/\/secure.gravatar.com\/avatar\/4c81fed838786e9b53f540bf46533e750f5d292099ae3b66cfc6fb1982e29df7?s=96&d=mm&r=g","url":"https:\/\/secure.gravatar.com\/avatar\/4c81fed838786e9b53f540bf46533e750f5d292099ae3b66cfc6fb1982e29df7?s=96&d=mm&r=g","contentUrl":"https:\/\/secure.gravatar.com\/avatar\/4c81fed838786e9b53f540bf46533e750f5d292099ae3b66cfc6fb1982e29df7?s=96&d=mm&r=g","caption":"admin"},"description":"admin","url":"https:\/\/lasentinelle.dz\/author\/admin\/"}]}},"_links":{"self":[{"href":"https:\/\/lasentinelle.dz\/index.php\/wp-json\/wp\/v2\/posts\/83730","targetHints":{"allow":["GET"]}}],"collection":[{"href":"https:\/\/lasentinelle.dz\/index.php\/wp-json\/wp\/v2\/posts"}],"about":[{"href":"https:\/\/lasentinelle.dz\/index.php\/wp-json\/wp\/v2\/types\/post"}],"author":[{"embeddable":true,"href":"https:\/\/lasentinelle.dz\/index.php\/wp-json\/wp\/v2\/users\/6"}],"replies":[{"embeddable":true,"href":"https:\/\/lasentinelle.dz\/index.php\/wp-json\/wp\/v2\/comments?post=83730"}],"version-history":[{"count":1,"href":"https:\/\/lasentinelle.dz\/index.php\/wp-json\/wp\/v2\/posts\/83730\/revisions"}],"predecessor-version":[{"id":83731,"href":"https:\/\/lasentinelle.dz\/index.php\/wp-json\/wp\/v2\/posts\/83730\/revisions\/83731"}],"wp:featuredmedia":[{"embeddable":true,"href":"https:\/\/lasentinelle.dz\/index.php\/wp-json\/wp\/v2\/media\/64403"}],"wp:attachment":[{"href":"https:\/\/lasentinelle.dz\/index.php\/wp-json\/wp\/v2\/media?parent=83730"}],"wp:term":[{"taxonomy":"category","embeddable":true,"href":"https:\/\/lasentinelle.dz\/index.php\/wp-json\/wp\/v2\/categories?post=83730"},{"taxonomy":"post_tag","embeddable":true,"href":"https:\/\/lasentinelle.dz\/index.php\/wp-json\/wp\/v2\/tags?post=83730"}],"curies":[{"name":"wp","href":"https:\/\/api.w.org\/{rel}","templated":true}]}}