{"id":83736,"date":"2026-03-17T21:23:02","date_gmt":"2026-03-17T20:23:02","guid":{"rendered":"https:\/\/lasentinelle.dz\/?p=83736"},"modified":"2026-03-17T21:23:03","modified_gmt":"2026-03-17T20:23:03","slug":"licence-caf-a-la-faf-ouvre-les-candidatures-pour-former-lelite-des-entraineurs","status":"publish","type":"post","link":"https:\/\/lasentinelle.dz\/index.php\/2026\/03\/17\/licence-caf-a-la-faf-ouvre-les-candidatures-pour-former-lelite-des-entraineurs\/","title":{"rendered":"Licence CAF A\u00a0: La FAF ouvre les candidatures pour former l&rsquo;\u00e9lite des entra\u00eeneurs"},"content":{"rendered":"\n<p>La F\u00e9d\u00e9ration Alg\u00e9rienne de Football par la voix de sa Direction Technique Nationale, a annonc\u00e9 lundi l&rsquo;ouverture des candidatures au concours d&rsquo;acc\u00e8s \u00e0 la formation menant \u00e0 l&rsquo;obtention de la Licence CAF A, le dipl\u00f4me d&rsquo;entra\u00eeneur le plus prestigieux d\u00e9livr\u00e9 sous l&rsquo;\u00e9gide de la Conf\u00e9d\u00e9ration Africaine de Football. Les dossiers sont attendus jusqu&rsquo;au 31 mars 2026. Dans son communiqu\u00e9, la FAF indique que cette formation \u00ab s&rsquo;inscrit dans le cadre de la politique de d\u00e9veloppement et de professionnalisation de l&rsquo;encadrement technique national \u00bb et qu&rsquo;elle \u00ab a pour objectif de former des entra\u00eeneurs hautement qualifi\u00e9s, conform\u00e9ment aux standards et aux exigences de la Conf\u00e9d\u00e9ration Africaine de Football \u00bb. L&rsquo;acc\u00e8s au concours est conditionn\u00e9 \u00e0 la d\u00e9tention de la Licence CAF B, ou d&rsquo;un dipl\u00f4me \u00e9quivalent reconnu par l&rsquo;instance continentale, obtenu depuis au moins deux ans. Le candidat doit en outre \u00eatre en activit\u00e9 au sein d&rsquo;un club affili\u00e9 \u00e0 la FAF, une exigence qui garantit que les postulants disposent d&rsquo;une exp\u00e9rience de terrain effective et r\u00e9cente. Le dossier de candidature comprend, outre une copie de la Licence CAF B, un curriculum vitae sportif d\u00e9taill\u00e9, deux licences d&rsquo;activit\u00e9 d\u00e9livr\u00e9es par le club au cours des trois derni\u00e8res ann\u00e9es, ainsi qu&rsquo;une copie du passeport.<\/p>\n\n\n\n<p>La s\u00e9lection des candidats se d\u00e9roulera en deux temps. Dans un premier temps, les dossiers feront l&rsquo;objet d&rsquo;une \u00e9tude approfondie, \u00e0 l&rsquo;issue de laquelle seuls les profils retenus seront convoqu\u00e9s pour participer au concours proprement dit. Celui-ci comportera une \u00e9preuve \u00e9crite portant sur les aspects techniques, tactiques et m\u00e9thodologiques du football, compl\u00e9t\u00e9e par une \u00e9tude de carri\u00e8re du candidat, tant comme joueur que comme entra\u00eeneur. Les inscriptions s&rsquo;effectuent exclusivement en ligne, via la plateforme d\u00e9di\u00e9e de la FAF \u00e0 l&rsquo;adresse http:\/\/formation.faf.dz\/, et ce avant la date limite du 31 mars 2026. Les entra\u00eeneurs r\u00e9pondant aux crit\u00e8res sont invit\u00e9s \u00e0 ne pas tarder, le d\u00e9lai de d\u00e9p\u00f4t des dossiers ne laissant que quelques jours pour constituer et soumettre un dossier complet.<\/p>\n\n\n\n<p>M.D.<\/p>\n","protected":false},"excerpt":{"rendered":"<p>La F\u00e9d\u00e9ration Alg\u00e9rienne de Football par la voix de sa Direction Technique Nationale, a annonc\u00e9 lundi l&rsquo;ouverture des candidatures au<\/p>\n","protected":false},"author":6,"featured_media":49277,"comment_status":"open","ping_status":"closed","sticky":false,"template":"","format":"standard","meta":{"colormag_page_container_layout":"default_layout","colormag_page_sidebar_layout":"default_layout","om_disable_all_campaigns":false,"_monsterinsights_skip_tracking":false,"_monsterinsights_sitenote_active":false,"_monsterinsights_sitenote_note":"","_monsterinsights_sitenote_category":0,"footnotes":"","_wpscppro_dont_share_socialmedia":false,"_wpscppro_custom_social_share_image":0,"_facebook_share_type":"default","_twitter_share_type":"default","_linkedin_share_type":"default","_pinterest_share_type":"default","_linkedin_share_type_page":"","_instagram_share_type":"default","_medium_share_type":"default","_threads_share_type":"default","_google_business_share_type":"default","_selected_social_profile":[],"_wpsp_enable_custom_social_template":false,"_wpsp_social_scheduling":{"enabled":false,"datetime":null,"platforms":[],"status":"template_only","dateOption":"today","timeOption":"now","customDays":"","customHours":"","customDate":"","customTime":"","schedulingType":"absolute"},"_wpsp_active_default_template":true},"categories":[33],"tags":[],"class_list":["post-83736","post","type-post","status-publish","format-standard","has-post-thumbnail","hentry","category-sports"],"aioseo_notices":[],"yoast_head":"<!-- This site is optimized with the Yoast SEO plugin v27.5 - https:\/\/yoast.com\/product\/yoast-seo-wordpress\/ -->\n<title>Licence CAF A\u00a0: La FAF ouvre les candidatures pour former l&rsquo;\u00e9lite des entra\u00eeneurs - La Sentinelle<\/title>\n<meta name=\"robots\" content=\"index, follow, max-snippet:-1, max-image-preview:large, max-video-preview:-1\" \/>\n<link rel=\"canonical\" href=\"https:\/\/lasentinelle.dz\/index.php\/2026\/03\/17\/licence-caf-a-la-faf-ouvre-les-candidatures-pour-former-lelite-des-entraineurs\/\" \/>\n<meta property=\"og:locale\" content=\"fr_FR\" \/>\n<meta property=\"og:type\" content=\"article\" \/>\n<meta property=\"og:title\" content=\"Licence CAF A\u00a0: La FAF ouvre les candidatures pour former l&rsquo;\u00e9lite des entra\u00eeneurs - La Sentinelle\" \/>\n<meta property=\"og:description\" content=\"La F\u00e9d\u00e9ration Alg\u00e9rienne de Football par la voix de sa Direction Technique Nationale, a annonc\u00e9 lundi l&rsquo;ouverture des candidatures au\" \/>\n<meta property=\"og:url\" content=\"https:\/\/lasentinelle.dz\/index.php\/2026\/03\/17\/licence-caf-a-la-faf-ouvre-les-candidatures-pour-former-lelite-des-entraineurs\/\" \/>\n<meta property=\"og:site_name\" content=\"La Sentinelle\" \/>\n<meta property=\"article:publisher\" content=\"https:\/\/www.facebook.com\/La-Sentinelle-104059864394773\" \/>\n<meta property=\"article:published_time\" content=\"2026-03-17T20:23:02+00:00\" \/>\n<meta property=\"article:modified_time\" content=\"2026-03-17T20:23:03+00:00\" \/>\n<meta property=\"og:image\" content=\"https:\/\/lasentinelle.dz\/wp-content\/uploads\/2024\/02\/FAF.jpeg\" \/>\n\t<meta property=\"og:image:width\" content=\"900\" \/>\n\t<meta property=\"og:image:height\" content=\"675\" \/>\n\t<meta property=\"og:image:type\" content=\"image\/jpeg\" \/>\n<meta name=\"author\" content=\"admin\" \/>\n<meta name=\"twitter:card\" content=\"summary_large_image\" \/>\n<meta name=\"twitter:label1\" content=\"\u00c9crit par\" \/>\n\t<meta name=\"twitter:data1\" content=\"admin\" \/>\n\t<meta name=\"twitter:label2\" content=\"Dur\u00e9e de lecture estim\u00e9e\" \/>\n\t<meta name=\"twitter:data2\" content=\"2 minutes\" \/>\n<script type=\"application\/ld+json\" class=\"yoast-schema-graph\">{\"@context\":\"https:\\\/\\\/schema.org\",\"@graph\":[{\"@type\":\"Article\",\"@id\":\"https:\\\/\\\/lasentinelle.dz\\\/index.php\\\/2026\\\/03\\\/17\\\/licence-caf-a-la-faf-ouvre-les-candidatures-pour-former-lelite-des-entraineurs\\\/#article\",\"isPartOf\":{\"@id\":\"https:\\\/\\\/lasentinelle.dz\\\/index.php\\\/2026\\\/03\\\/17\\\/licence-caf-a-la-faf-ouvre-les-candidatures-pour-former-lelite-des-entraineurs\\\/\"},\"author\":{\"name\":\"admin\",\"@id\":\"https:\\\/\\\/lasentinelle.dz\\\/#\\\/schema\\\/person\\\/729ee0024f24e0b8c5ec17232f8e8b41\"},\"headline\":\"Licence CAF A\u00a0: La FAF ouvre les candidatures pour former l&rsquo;\u00e9lite des entra\u00eeneurs\",\"datePublished\":\"2026-03-17T20:23:02+00:00\",\"dateModified\":\"2026-03-17T20:23:03+00:00\",\"mainEntityOfPage\":{\"@id\":\"https:\\\/\\\/lasentinelle.dz\\\/index.php\\\/2026\\\/03\\\/17\\\/licence-caf-a-la-faf-ouvre-les-candidatures-pour-former-lelite-des-entraineurs\\\/\"},\"wordCount\":391,\"commentCount\":0,\"publisher\":{\"@id\":\"https:\\\/\\\/lasentinelle.dz\\\/#organization\"},\"image\":{\"@id\":\"https:\\\/\\\/lasentinelle.dz\\\/index.php\\\/2026\\\/03\\\/17\\\/licence-caf-a-la-faf-ouvre-les-candidatures-pour-former-lelite-des-entraineurs\\\/#primaryimage\"},\"thumbnailUrl\":\"https:\\\/\\\/lasentinelle.dz\\\/wp-content\\\/uploads\\\/2024\\\/02\\\/FAF.jpeg\",\"articleSection\":[\"Sports\"],\"inLanguage\":\"fr-FR\",\"potentialAction\":[{\"@type\":\"CommentAction\",\"name\":\"Comment\",\"target\":[\"https:\\\/\\\/lasentinelle.dz\\\/index.php\\\/2026\\\/03\\\/17\\\/licence-caf-a-la-faf-ouvre-les-candidatures-pour-former-lelite-des-entraineurs\\\/#respond\"]}]},{\"@type\":\"WebPage\",\"@id\":\"https:\\\/\\\/lasentinelle.dz\\\/index.php\\\/2026\\\/03\\\/17\\\/licence-caf-a-la-faf-ouvre-les-candidatures-pour-former-lelite-des-entraineurs\\\/\",\"url\":\"https:\\\/\\\/lasentinelle.dz\\\/index.php\\\/2026\\\/03\\\/17\\\/licence-caf-a-la-faf-ouvre-les-candidatures-pour-former-lelite-des-entraineurs\\\/\",\"name\":\"Licence CAF A\u00a0: La FAF ouvre les candidatures pour former l&rsquo;\u00e9lite des entra\u00eeneurs - La Sentinelle\",\"isPartOf\":{\"@id\":\"https:\\\/\\\/lasentinelle.dz\\\/#website\"},\"primaryImageOfPage\":{\"@id\":\"https:\\\/\\\/lasentinelle.dz\\\/index.php\\\/2026\\\/03\\\/17\\\/licence-caf-a-la-faf-ouvre-les-candidatures-pour-former-lelite-des-entraineurs\\\/#primaryimage\"},\"image\":{\"@id\":\"https:\\\/\\\/lasentinelle.dz\\\/index.php\\\/2026\\\/03\\\/17\\\/licence-caf-a-la-faf-ouvre-les-candidatures-pour-former-lelite-des-entraineurs\\\/#primaryimage\"},\"thumbnailUrl\":\"https:\\\/\\\/lasentinelle.dz\\\/wp-content\\\/uploads\\\/2024\\\/02\\\/FAF.jpeg\",\"datePublished\":\"2026-03-17T20:23:02+00:00\",\"dateModified\":\"2026-03-17T20:23:03+00:00\",\"breadcrumb\":{\"@id\":\"https:\\\/\\\/lasentinelle.dz\\\/index.php\\\/2026\\\/03\\\/17\\\/licence-caf-a-la-faf-ouvre-les-candidatures-pour-former-lelite-des-entraineurs\\\/#breadcrumb\"},\"inLanguage\":\"fr-FR\",\"potentialAction\":[{\"@type\":\"ReadAction\",\"target\":[\"https:\\\/\\\/lasentinelle.dz\\\/index.php\\\/2026\\\/03\\\/17\\\/licence-caf-a-la-faf-ouvre-les-candidatures-pour-former-lelite-des-entraineurs\\\/\"]}]},{\"@type\":\"ImageObject\",\"inLanguage\":\"fr-FR\",\"@id\":\"https:\\\/\\\/lasentinelle.dz\\\/index.php\\\/2026\\\/03\\\/17\\\/licence-caf-a-la-faf-ouvre-les-candidatures-pour-former-lelite-des-entraineurs\\\/#primaryimage\",\"url\":\"https:\\\/\\\/lasentinelle.dz\\\/wp-content\\\/uploads\\\/2024\\\/02\\\/FAF.jpeg\",\"contentUrl\":\"https:\\\/\\\/lasentinelle.dz\\\/wp-content\\\/uploads\\\/2024\\\/02\\\/FAF.jpeg\",\"width\":900,\"height\":675},{\"@type\":\"BreadcrumbList\",\"@id\":\"https:\\\/\\\/lasentinelle.dz\\\/index.php\\\/2026\\\/03\\\/17\\\/licence-caf-a-la-faf-ouvre-les-candidatures-pour-former-lelite-des-entraineurs\\\/#breadcrumb\",\"itemListElement\":[{\"@type\":\"ListItem\",\"position\":1,\"name\":\"Accueil\",\"item\":\"https:\\\/\\\/lasentinelle.dz\\\/\"},{\"@type\":\"ListItem\",\"position\":2,\"name\":\"Licence CAF A\u00a0: La FAF ouvre les candidatures pour former l&rsquo;\u00e9lite des entra\u00eeneurs\"}]},{\"@type\":\"WebSite\",\"@id\":\"https:\\\/\\\/lasentinelle.dz\\\/#website\",\"url\":\"https:\\\/\\\/lasentinelle.dz\\\/\",\"name\":\"La Sentinelle\",\"description\":\"Quotidien national d&#039;information\",\"publisher\":{\"@id\":\"https:\\\/\\\/lasentinelle.dz\\\/#organization\"},\"potentialAction\":[{\"@type\":\"SearchAction\",\"target\":{\"@type\":\"EntryPoint\",\"urlTemplate\":\"https:\\\/\\\/lasentinelle.dz\\\/?s={search_term_string}\"},\"query-input\":{\"@type\":\"PropertyValueSpecification\",\"valueRequired\":true,\"valueName\":\"search_term_string\"}}],\"inLanguage\":\"fr-FR\"},{\"@type\":\"Organization\",\"@id\":\"https:\\\/\\\/lasentinelle.dz\\\/#organization\",\"name\":\"Quotidien La Sentinelle\",\"url\":\"https:\\\/\\\/lasentinelle.dz\\\/\",\"logo\":{\"@type\":\"ImageObject\",\"inLanguage\":\"fr-FR\",\"@id\":\"https:\\\/\\\/lasentinelle.dz\\\/#\\\/schema\\\/logo\\\/image\\\/\",\"url\":\"https:\\\/\\\/lasentinelle.dz\\\/wp-content\\\/uploads\\\/2021\\\/09\\\/logo-sentinelleSLOGAN-1.png\",\"contentUrl\":\"https:\\\/\\\/lasentinelle.dz\\\/wp-content\\\/uploads\\\/2021\\\/09\\\/logo-sentinelleSLOGAN-1.png\",\"width\":615,\"height\":142,\"caption\":\"Quotidien La Sentinelle\"},\"image\":{\"@id\":\"https:\\\/\\\/lasentinelle.dz\\\/#\\\/schema\\\/logo\\\/image\\\/\"},\"sameAs\":[\"https:\\\/\\\/www.facebook.com\\\/La-Sentinelle-104059864394773\"]},{\"@type\":\"Person\",\"@id\":\"https:\\\/\\\/lasentinelle.dz\\\/#\\\/schema\\\/person\\\/729ee0024f24e0b8c5ec17232f8e8b41\",\"name\":\"admin\",\"image\":{\"@type\":\"ImageObject\",\"inLanguage\":\"fr-FR\",\"@id\":\"https:\\\/\\\/secure.gravatar.com\\\/avatar\\\/4c81fed838786e9b53f540bf46533e750f5d292099ae3b66cfc6fb1982e29df7?s=96&d=mm&r=g\",\"url\":\"https:\\\/\\\/secure.gravatar.com\\\/avatar\\\/4c81fed838786e9b53f540bf46533e750f5d292099ae3b66cfc6fb1982e29df7?s=96&d=mm&r=g\",\"contentUrl\":\"https:\\\/\\\/secure.gravatar.com\\\/avatar\\\/4c81fed838786e9b53f540bf46533e750f5d292099ae3b66cfc6fb1982e29df7?s=96&d=mm&r=g\",\"caption\":\"admin\"},\"description\":\"admin\",\"url\":\"https:\\\/\\\/lasentinelle.dz\\\/author\\\/admin\\\/\"}]}<\/script>\n<!-- \/ Yoast SEO plugin. -->","yoast_head_json":{"title":"Licence CAF A\u00a0: La FAF ouvre les candidatures pour former l&rsquo;\u00e9lite des entra\u00eeneurs - La Sentinelle","robots":{"index":"index","follow":"follow","max-snippet":"max-snippet:-1","max-image-preview":"max-image-preview:large","max-video-preview":"max-video-preview:-1"},"canonical":"https:\/\/lasentinelle.dz\/index.php\/2026\/03\/17\/licence-caf-a-la-faf-ouvre-les-candidatures-pour-former-lelite-des-entraineurs\/","og_locale":"fr_FR","og_type":"article","og_title":"Licence CAF A\u00a0: La FAF ouvre les candidatures pour former l&rsquo;\u00e9lite des entra\u00eeneurs - La Sentinelle","og_description":"La F\u00e9d\u00e9ration Alg\u00e9rienne de Football par la voix de sa Direction Technique Nationale, a annonc\u00e9 lundi l&rsquo;ouverture des candidatures au","og_url":"https:\/\/lasentinelle.dz\/index.php\/2026\/03\/17\/licence-caf-a-la-faf-ouvre-les-candidatures-pour-former-lelite-des-entraineurs\/","og_site_name":"La Sentinelle","article_publisher":"https:\/\/www.facebook.com\/La-Sentinelle-104059864394773","article_published_time":"2026-03-17T20:23:02+00:00","article_modified_time":"2026-03-17T20:23:03+00:00","og_image":[{"width":900,"height":675,"url":"https:\/\/lasentinelle.dz\/wp-content\/uploads\/2024\/02\/FAF.jpeg","type":"image\/jpeg"}],"author":"admin","twitter_card":"summary_large_image","twitter_misc":{"\u00c9crit par":"admin","Dur\u00e9e de lecture estim\u00e9e":"2 minutes"},"schema":{"@context":"https:\/\/schema.org","@graph":[{"@type":"Article","@id":"https:\/\/lasentinelle.dz\/index.php\/2026\/03\/17\/licence-caf-a-la-faf-ouvre-les-candidatures-pour-former-lelite-des-entraineurs\/#article","isPartOf":{"@id":"https:\/\/lasentinelle.dz\/index.php\/2026\/03\/17\/licence-caf-a-la-faf-ouvre-les-candidatures-pour-former-lelite-des-entraineurs\/"},"author":{"name":"admin","@id":"https:\/\/lasentinelle.dz\/#\/schema\/person\/729ee0024f24e0b8c5ec17232f8e8b41"},"headline":"Licence CAF A\u00a0: La FAF ouvre les candidatures pour former l&rsquo;\u00e9lite des entra\u00eeneurs","datePublished":"2026-03-17T20:23:02+00:00","dateModified":"2026-03-17T20:23:03+00:00","mainEntityOfPage":{"@id":"https:\/\/lasentinelle.dz\/index.php\/2026\/03\/17\/licence-caf-a-la-faf-ouvre-les-candidatures-pour-former-lelite-des-entraineurs\/"},"wordCount":391,"commentCount":0,"publisher":{"@id":"https:\/\/lasentinelle.dz\/#organization"},"image":{"@id":"https:\/\/lasentinelle.dz\/index.php\/2026\/03\/17\/licence-caf-a-la-faf-ouvre-les-candidatures-pour-former-lelite-des-entraineurs\/#primaryimage"},"thumbnailUrl":"https:\/\/lasentinelle.dz\/wp-content\/uploads\/2024\/02\/FAF.jpeg","articleSection":["Sports"],"inLanguage":"fr-FR","potentialAction":[{"@type":"CommentAction","name":"Comment","target":["https:\/\/lasentinelle.dz\/index.php\/2026\/03\/17\/licence-caf-a-la-faf-ouvre-les-candidatures-pour-former-lelite-des-entraineurs\/#respond"]}]},{"@type":"WebPage","@id":"https:\/\/lasentinelle.dz\/index.php\/2026\/03\/17\/licence-caf-a-la-faf-ouvre-les-candidatures-pour-former-lelite-des-entraineurs\/","url":"https:\/\/lasentinelle.dz\/index.php\/2026\/03\/17\/licence-caf-a-la-faf-ouvre-les-candidatures-pour-former-lelite-des-entraineurs\/","name":"Licence CAF A\u00a0: La FAF ouvre les candidatures pour former l&rsquo;\u00e9lite des entra\u00eeneurs - La Sentinelle","isPartOf":{"@id":"https:\/\/lasentinelle.dz\/#website"},"primaryImageOfPage":{"@id":"https:\/\/lasentinelle.dz\/index.php\/2026\/03\/17\/licence-caf-a-la-faf-ouvre-les-candidatures-pour-former-lelite-des-entraineurs\/#primaryimage"},"image":{"@id":"https:\/\/lasentinelle.dz\/index.php\/2026\/03\/17\/licence-caf-a-la-faf-ouvre-les-candidatures-pour-former-lelite-des-entraineurs\/#primaryimage"},"thumbnailUrl":"https:\/\/lasentinelle.dz\/wp-content\/uploads\/2024\/02\/FAF.jpeg","datePublished":"2026-03-17T20:23:02+00:00","dateModified":"2026-03-17T20:23:03+00:00","breadcrumb":{"@id":"https:\/\/lasentinelle.dz\/index.php\/2026\/03\/17\/licence-caf-a-la-faf-ouvre-les-candidatures-pour-former-lelite-des-entraineurs\/#breadcrumb"},"inLanguage":"fr-FR","potentialAction":[{"@type":"ReadAction","target":["https:\/\/lasentinelle.dz\/index.php\/2026\/03\/17\/licence-caf-a-la-faf-ouvre-les-candidatures-pour-former-lelite-des-entraineurs\/"]}]},{"@type":"ImageObject","inLanguage":"fr-FR","@id":"https:\/\/lasentinelle.dz\/index.php\/2026\/03\/17\/licence-caf-a-la-faf-ouvre-les-candidatures-pour-former-lelite-des-entraineurs\/#primaryimage","url":"https:\/\/lasentinelle.dz\/wp-content\/uploads\/2024\/02\/FAF.jpeg","contentUrl":"https:\/\/lasentinelle.dz\/wp-content\/uploads\/2024\/02\/FAF.jpeg","width":900,"height":675},{"@type":"BreadcrumbList","@id":"https:\/\/lasentinelle.dz\/index.php\/2026\/03\/17\/licence-caf-a-la-faf-ouvre-les-candidatures-pour-former-lelite-des-entraineurs\/#breadcrumb","itemListElement":[{"@type":"ListItem","position":1,"name":"Accueil","item":"https:\/\/lasentinelle.dz\/"},{"@type":"ListItem","position":2,"name":"Licence CAF A\u00a0: La FAF ouvre les candidatures pour former l&rsquo;\u00e9lite des entra\u00eeneurs"}]},{"@type":"WebSite","@id":"https:\/\/lasentinelle.dz\/#website","url":"https:\/\/lasentinelle.dz\/","name":"La Sentinelle","description":"Quotidien national d&#039;information","publisher":{"@id":"https:\/\/lasentinelle.dz\/#organization"},"potentialAction":[{"@type":"SearchAction","target":{"@type":"EntryPoint","urlTemplate":"https:\/\/lasentinelle.dz\/?s={search_term_string}"},"query-input":{"@type":"PropertyValueSpecification","valueRequired":true,"valueName":"search_term_string"}}],"inLanguage":"fr-FR"},{"@type":"Organization","@id":"https:\/\/lasentinelle.dz\/#organization","name":"Quotidien La Sentinelle","url":"https:\/\/lasentinelle.dz\/","logo":{"@type":"ImageObject","inLanguage":"fr-FR","@id":"https:\/\/lasentinelle.dz\/#\/schema\/logo\/image\/","url":"https:\/\/lasentinelle.dz\/wp-content\/uploads\/2021\/09\/logo-sentinelleSLOGAN-1.png","contentUrl":"https:\/\/lasentinelle.dz\/wp-content\/uploads\/2021\/09\/logo-sentinelleSLOGAN-1.png","width":615,"height":142,"caption":"Quotidien La Sentinelle"},"image":{"@id":"https:\/\/lasentinelle.dz\/#\/schema\/logo\/image\/"},"sameAs":["https:\/\/www.facebook.com\/La-Sentinelle-104059864394773"]},{"@type":"Person","@id":"https:\/\/lasentinelle.dz\/#\/schema\/person\/729ee0024f24e0b8c5ec17232f8e8b41","name":"admin","image":{"@type":"ImageObject","inLanguage":"fr-FR","@id":"https:\/\/secure.gravatar.com\/avatar\/4c81fed838786e9b53f540bf46533e750f5d292099ae3b66cfc6fb1982e29df7?s=96&d=mm&r=g","url":"https:\/\/secure.gravatar.com\/avatar\/4c81fed838786e9b53f540bf46533e750f5d292099ae3b66cfc6fb1982e29df7?s=96&d=mm&r=g","contentUrl":"https:\/\/secure.gravatar.com\/avatar\/4c81fed838786e9b53f540bf46533e750f5d292099ae3b66cfc6fb1982e29df7?s=96&d=mm&r=g","caption":"admin"},"description":"admin","url":"https:\/\/lasentinelle.dz\/author\/admin\/"}]}},"_links":{"self":[{"href":"https:\/\/lasentinelle.dz\/index.php\/wp-json\/wp\/v2\/posts\/83736","targetHints":{"allow":["GET"]}}],"collection":[{"href":"https:\/\/lasentinelle.dz\/index.php\/wp-json\/wp\/v2\/posts"}],"about":[{"href":"https:\/\/lasentinelle.dz\/index.php\/wp-json\/wp\/v2\/types\/post"}],"author":[{"embeddable":true,"href":"https:\/\/lasentinelle.dz\/index.php\/wp-json\/wp\/v2\/users\/6"}],"replies":[{"embeddable":true,"href":"https:\/\/lasentinelle.dz\/index.php\/wp-json\/wp\/v2\/comments?post=83736"}],"version-history":[{"count":2,"href":"https:\/\/lasentinelle.dz\/index.php\/wp-json\/wp\/v2\/posts\/83736\/revisions"}],"predecessor-version":[{"id":83738,"href":"https:\/\/lasentinelle.dz\/index.php\/wp-json\/wp\/v2\/posts\/83736\/revisions\/83738"}],"wp:featuredmedia":[{"embeddable":true,"href":"https:\/\/lasentinelle.dz\/index.php\/wp-json\/wp\/v2\/media\/49277"}],"wp:attachment":[{"href":"https:\/\/lasentinelle.dz\/index.php\/wp-json\/wp\/v2\/media?parent=83736"}],"wp:term":[{"taxonomy":"category","embeddable":true,"href":"https:\/\/lasentinelle.dz\/index.php\/wp-json\/wp\/v2\/categories?post=83736"},{"taxonomy":"post_tag","embeddable":true,"href":"https:\/\/lasentinelle.dz\/index.php\/wp-json\/wp\/v2\/tags?post=83736"}],"curies":[{"name":"wp","href":"https:\/\/api.w.org\/{rel}","templated":true}]}}