{"id":83742,"date":"2026-03-17T21:24:49","date_gmt":"2026-03-17T20:24:49","guid":{"rendered":"https:\/\/lasentinelle.dz\/?p=83742"},"modified":"2026-03-17T21:24:50","modified_gmt":"2026-03-17T20:24:50","slug":"la-jsk-lance-un-appel-pour-le-recrutement-dun-dts-la-nouvelle-direction-relance-le-chantier","status":"publish","type":"post","link":"https:\/\/lasentinelle.dz\/index.php\/2026\/03\/17\/la-jsk-lance-un-appel-pour-le-recrutement-dun-dts-la-nouvelle-direction-relance-le-chantier\/","title":{"rendered":"La JSK lance un appel pour le recrutement d\u2019un DTS\u00a0: La nouvelle direction relance le chantier"},"content":{"rendered":"\n<p>La JS Kabylie franchit une nouvelle \u00e9tape dans sa reconstruction. La direction de la SSPA JSK a publi\u00e9 lundi sur le site officiel du club un appel \u00e0 candidatures pour le poste de Directeur Technique Sportif (DTS), fixant au 25 mars la date limite de d\u00e9p\u00f4t des dossiers.<\/p>\n\n\n\n<p>Le communiqu\u00e9 officiel est explicite sur le cadre de cette d\u00e9marche : \u00ab Dans le cadre de la mise en \u0153uvre des d\u00e9cisions du Conseil d&rsquo;Administration de la SSPA JSK, et conform\u00e9ment aux actions annonc\u00e9es dans le communiqu\u00e9 du 3 f\u00e9vrier 2026 relatif \u00e0 la restructuration de l&rsquo;organisation sportive du club, la Direction de la SSPA JSK informe de l&rsquo;ouverture d&rsquo;un appel \u00e0 candidature pour le poste de Directeur Technique Sportif. \u00bb Une formulation qui renvoie directement aux engagements pris lors de la prise de fonction de la nouvelle direction conduite par le pr\u00e9sident du Conseil d&rsquo;Administration Adel Boudedja, qui avait lui-m\u00eame annonc\u00e9 en conf\u00e9rence de presse la nomination imminente d&rsquo;un DTS. Pr\u00e8s de 45 jours plus tard, l&rsquo;appel \u00e0 candidatures est enfin lanc\u00e9, comblant ainsi le vide laiss\u00e9 par le d\u00e9part de Hakim Medane.<\/p>\n\n\n\n<p>Ce qui frappe \u00e0 la lecture du communiqu\u00e9, c&rsquo;est la hauteur de la barre fix\u00e9e au nouveau DTS. Le futur DTS devra \u00eatre titulaire d&rsquo;un \u00ab dipl\u00f4me sup\u00e9rieur en management et sciences du sport \u00bb ainsi que d&rsquo;une \u00ab Licence CAF A \/ UEFA ou \u00e9quivalent \u00bb, et justifier d&rsquo;une \u00ab exp\u00e9rience confirm\u00e9e dans le football professionnel \u00bb, d&rsquo;une \u00ab connaissance du football national et continental \u00bb et d&rsquo;une \u00ab exp\u00e9rience dans le volet Formation \u00bb. Des exigences cumulatives qui, de fait, excluent la quasi-totalit\u00e9 des anciens joueurs du club. M\u00eame ceux qui d\u00e9tiennent le dipl\u00f4me CAF A ne disposent g\u00e9n\u00e9ralement pas du cursus en management sportif, et inversement. Au-del\u00e0 du profil acad\u00e9mique, la direction dessine un poste aux contours volontairement \u00e9largis. Le DTS ne sera pas un simple superviseur technique. Le communiqu\u00e9 pr\u00e9cise qu&rsquo;il devra \u00eatre \u00ab strat\u00e8ge, d\u00e9cideur, protecteur du projet sportif, interface entre terrain et gouvernance et communicateur \u00bb \u2014 cinq casquettes qui en font un v\u00e9ritable bras droit sportif du pr\u00e9sident, auquel il sera d&rsquo;ailleurs directement rattach\u00e9 hi\u00e9rarchiquement. Ses responsabilit\u00e9s couvrent l&rsquo;int\u00e9gralit\u00e9 de la cha\u00eene sportive : \u00e9laboration du projet sportif \u00e0 court, moyen et long terme, d\u00e9finition de la philosophie de jeu, supervision de l&rsquo;ensemble des staffs techniques, pilotage de la cellule de recrutement, politique de formation des jeunes cat\u00e9gories et d\u00e9tection des talents. Les objectifs fix\u00e9s sont tout aussi ambitieux : \u00ab performance et r\u00e9sultat d&rsquo;excellence en championnat, Coupes et toutes autres comp\u00e9titions \u00bb, int\u00e9gration des jeunes en \u00e9quipe premi\u00e8re, et repr\u00e9sentation du club en s\u00e9lections nationales dans diff\u00e9rentes cat\u00e9gories d&rsquo;\u00e2ge.<\/p>\n\n\n\n<p>Pour candidater, les postulants sont invit\u00e9s \u00e0 transmettre leur dossier exclusivement \u00e0 l&rsquo;adresse recrutement.dts@jskabylie-dz.com \u2014 \u00ab les candidatures transmises en dehors de ce canal ne seront pas prises en consid\u00e9ration \u00bb, pr\u00e9cise le communiqu\u00e9. Le dossier devra comprendre un CV d\u00e9taill\u00e9, une pr\u00e9sentation du projet sportif, la r\u00e9mun\u00e9ration cibl\u00e9e, les langues ma\u00eetris\u00e9es et les disponibilit\u00e9s envisag\u00e9es.<\/p>\n\n\n\n<p>Ce niveau d&rsquo;exigence, in\u00e9dit pour un club alg\u00e9rien, traduit une ambition claire : la JSK ne cherche pas un gestionnaire de l&rsquo;existant, mais un architecte d&rsquo;un projet \u00e0 long terme. Si le profil para\u00eet rare, voire introuvable dans l&rsquo;imm\u00e9diat, la direction affiche n\u00e9anmoins sa conviction qu&rsquo;il existe quelque part un candidat capable de r\u00e9pondre \u00e0 l&rsquo;ensemble de ces crit\u00e8res. La refondation du club mythique de Tizi-Ouzou passe manifestement par l\u00e0.<\/p>\n\n\n\n<p>Moncef Dahleb<\/p>\n","protected":false},"excerpt":{"rendered":"<p>La JS Kabylie franchit une nouvelle \u00e9tape dans sa reconstruction. La direction de la SSPA JSK a publi\u00e9 lundi sur<\/p>\n","protected":false},"author":6,"featured_media":83743,"comment_status":"open","ping_status":"closed","sticky":false,"template":"","format":"standard","meta":{"colormag_page_container_layout":"default_layout","colormag_page_sidebar_layout":"default_layout","om_disable_all_campaigns":false,"_monsterinsights_skip_tracking":false,"_monsterinsights_sitenote_active":false,"_monsterinsights_sitenote_note":"","_monsterinsights_sitenote_category":0,"footnotes":"","_wpscppro_dont_share_socialmedia":false,"_wpscppro_custom_social_share_image":0,"_facebook_share_type":"default","_twitter_share_type":"default","_linkedin_share_type":"default","_pinterest_share_type":"default","_linkedin_share_type_page":"","_instagram_share_type":"default","_medium_share_type":"default","_threads_share_type":"default","_google_business_share_type":"default","_selected_social_profile":[],"_wpsp_enable_custom_social_template":false,"_wpsp_social_scheduling":{"enabled":false,"datetime":null,"platforms":[],"status":"template_only","dateOption":"today","timeOption":"now","customDays":"","customHours":"","customDate":"","customTime":"","schedulingType":"absolute"},"_wpsp_active_default_template":true},"categories":[33],"tags":[],"class_list":["post-83742","post","type-post","status-publish","format-standard","has-post-thumbnail","hentry","category-sports"],"aioseo_notices":[],"yoast_head":"<!-- This site is optimized with the Yoast SEO plugin v27.5 - https:\/\/yoast.com\/product\/yoast-seo-wordpress\/ -->\n<title>La JSK lance un appel pour le recrutement d\u2019un DTS\u00a0: La nouvelle direction relance le chantier - La Sentinelle<\/title>\n<meta name=\"robots\" content=\"index, follow, max-snippet:-1, max-image-preview:large, max-video-preview:-1\" \/>\n<link rel=\"canonical\" href=\"https:\/\/lasentinelle.dz\/index.php\/2026\/03\/17\/la-jsk-lance-un-appel-pour-le-recrutement-dun-dts-la-nouvelle-direction-relance-le-chantier\/\" \/>\n<meta property=\"og:locale\" content=\"fr_FR\" \/>\n<meta property=\"og:type\" content=\"article\" \/>\n<meta property=\"og:title\" content=\"La JSK lance un appel pour le recrutement d\u2019un DTS\u00a0: La nouvelle direction relance le chantier - La Sentinelle\" \/>\n<meta property=\"og:description\" content=\"La JS Kabylie franchit une nouvelle \u00e9tape dans sa reconstruction. La direction de la SSPA JSK a publi\u00e9 lundi sur\" \/>\n<meta property=\"og:url\" content=\"https:\/\/lasentinelle.dz\/index.php\/2026\/03\/17\/la-jsk-lance-un-appel-pour-le-recrutement-dun-dts-la-nouvelle-direction-relance-le-chantier\/\" \/>\n<meta property=\"og:site_name\" content=\"La Sentinelle\" \/>\n<meta property=\"article:publisher\" content=\"https:\/\/www.facebook.com\/La-Sentinelle-104059864394773\" \/>\n<meta property=\"article:published_time\" content=\"2026-03-17T20:24:49+00:00\" \/>\n<meta property=\"article:modified_time\" content=\"2026-03-17T20:24:50+00:00\" \/>\n<meta property=\"og:image\" content=\"https:\/\/lasentinelle.dz\/wp-content\/uploads\/2026\/03\/Adel-Boudedja.jpg\" \/>\n\t<meta property=\"og:image:width\" content=\"1200\" \/>\n\t<meta property=\"og:image:height\" content=\"900\" \/>\n\t<meta property=\"og:image:type\" content=\"image\/jpeg\" \/>\n<meta name=\"author\" content=\"admin\" \/>\n<meta name=\"twitter:card\" content=\"summary_large_image\" \/>\n<meta name=\"twitter:label1\" content=\"\u00c9crit par\" \/>\n\t<meta name=\"twitter:data1\" content=\"admin\" \/>\n\t<meta name=\"twitter:label2\" content=\"Dur\u00e9e de lecture estim\u00e9e\" \/>\n\t<meta name=\"twitter:data2\" content=\"3 minutes\" \/>\n<script type=\"application\/ld+json\" class=\"yoast-schema-graph\">{\"@context\":\"https:\\\/\\\/schema.org\",\"@graph\":[{\"@type\":\"Article\",\"@id\":\"https:\\\/\\\/lasentinelle.dz\\\/index.php\\\/2026\\\/03\\\/17\\\/la-jsk-lance-un-appel-pour-le-recrutement-dun-dts-la-nouvelle-direction-relance-le-chantier\\\/#article\",\"isPartOf\":{\"@id\":\"https:\\\/\\\/lasentinelle.dz\\\/index.php\\\/2026\\\/03\\\/17\\\/la-jsk-lance-un-appel-pour-le-recrutement-dun-dts-la-nouvelle-direction-relance-le-chantier\\\/\"},\"author\":{\"name\":\"admin\",\"@id\":\"https:\\\/\\\/lasentinelle.dz\\\/#\\\/schema\\\/person\\\/729ee0024f24e0b8c5ec17232f8e8b41\"},\"headline\":\"La JSK lance un appel pour le recrutement d\u2019un DTS\u00a0: La nouvelle direction relance le chantier\",\"datePublished\":\"2026-03-17T20:24:49+00:00\",\"dateModified\":\"2026-03-17T20:24:50+00:00\",\"mainEntityOfPage\":{\"@id\":\"https:\\\/\\\/lasentinelle.dz\\\/index.php\\\/2026\\\/03\\\/17\\\/la-jsk-lance-un-appel-pour-le-recrutement-dun-dts-la-nouvelle-direction-relance-le-chantier\\\/\"},\"wordCount\":639,\"commentCount\":0,\"publisher\":{\"@id\":\"https:\\\/\\\/lasentinelle.dz\\\/#organization\"},\"image\":{\"@id\":\"https:\\\/\\\/lasentinelle.dz\\\/index.php\\\/2026\\\/03\\\/17\\\/la-jsk-lance-un-appel-pour-le-recrutement-dun-dts-la-nouvelle-direction-relance-le-chantier\\\/#primaryimage\"},\"thumbnailUrl\":\"https:\\\/\\\/lasentinelle.dz\\\/wp-content\\\/uploads\\\/2026\\\/03\\\/Adel-Boudedja.jpg\",\"articleSection\":[\"Sports\"],\"inLanguage\":\"fr-FR\",\"potentialAction\":[{\"@type\":\"CommentAction\",\"name\":\"Comment\",\"target\":[\"https:\\\/\\\/lasentinelle.dz\\\/index.php\\\/2026\\\/03\\\/17\\\/la-jsk-lance-un-appel-pour-le-recrutement-dun-dts-la-nouvelle-direction-relance-le-chantier\\\/#respond\"]}]},{\"@type\":\"WebPage\",\"@id\":\"https:\\\/\\\/lasentinelle.dz\\\/index.php\\\/2026\\\/03\\\/17\\\/la-jsk-lance-un-appel-pour-le-recrutement-dun-dts-la-nouvelle-direction-relance-le-chantier\\\/\",\"url\":\"https:\\\/\\\/lasentinelle.dz\\\/index.php\\\/2026\\\/03\\\/17\\\/la-jsk-lance-un-appel-pour-le-recrutement-dun-dts-la-nouvelle-direction-relance-le-chantier\\\/\",\"name\":\"La JSK lance un appel pour le recrutement d\u2019un DTS\u00a0: La nouvelle direction relance le chantier - La Sentinelle\",\"isPartOf\":{\"@id\":\"https:\\\/\\\/lasentinelle.dz\\\/#website\"},\"primaryImageOfPage\":{\"@id\":\"https:\\\/\\\/lasentinelle.dz\\\/index.php\\\/2026\\\/03\\\/17\\\/la-jsk-lance-un-appel-pour-le-recrutement-dun-dts-la-nouvelle-direction-relance-le-chantier\\\/#primaryimage\"},\"image\":{\"@id\":\"https:\\\/\\\/lasentinelle.dz\\\/index.php\\\/2026\\\/03\\\/17\\\/la-jsk-lance-un-appel-pour-le-recrutement-dun-dts-la-nouvelle-direction-relance-le-chantier\\\/#primaryimage\"},\"thumbnailUrl\":\"https:\\\/\\\/lasentinelle.dz\\\/wp-content\\\/uploads\\\/2026\\\/03\\\/Adel-Boudedja.jpg\",\"datePublished\":\"2026-03-17T20:24:49+00:00\",\"dateModified\":\"2026-03-17T20:24:50+00:00\",\"breadcrumb\":{\"@id\":\"https:\\\/\\\/lasentinelle.dz\\\/index.php\\\/2026\\\/03\\\/17\\\/la-jsk-lance-un-appel-pour-le-recrutement-dun-dts-la-nouvelle-direction-relance-le-chantier\\\/#breadcrumb\"},\"inLanguage\":\"fr-FR\",\"potentialAction\":[{\"@type\":\"ReadAction\",\"target\":[\"https:\\\/\\\/lasentinelle.dz\\\/index.php\\\/2026\\\/03\\\/17\\\/la-jsk-lance-un-appel-pour-le-recrutement-dun-dts-la-nouvelle-direction-relance-le-chantier\\\/\"]}]},{\"@type\":\"ImageObject\",\"inLanguage\":\"fr-FR\",\"@id\":\"https:\\\/\\\/lasentinelle.dz\\\/index.php\\\/2026\\\/03\\\/17\\\/la-jsk-lance-un-appel-pour-le-recrutement-dun-dts-la-nouvelle-direction-relance-le-chantier\\\/#primaryimage\",\"url\":\"https:\\\/\\\/lasentinelle.dz\\\/wp-content\\\/uploads\\\/2026\\\/03\\\/Adel-Boudedja.jpg\",\"contentUrl\":\"https:\\\/\\\/lasentinelle.dz\\\/wp-content\\\/uploads\\\/2026\\\/03\\\/Adel-Boudedja.jpg\",\"width\":1200,\"height\":900},{\"@type\":\"BreadcrumbList\",\"@id\":\"https:\\\/\\\/lasentinelle.dz\\\/index.php\\\/2026\\\/03\\\/17\\\/la-jsk-lance-un-appel-pour-le-recrutement-dun-dts-la-nouvelle-direction-relance-le-chantier\\\/#breadcrumb\",\"itemListElement\":[{\"@type\":\"ListItem\",\"position\":1,\"name\":\"Accueil\",\"item\":\"https:\\\/\\\/lasentinelle.dz\\\/\"},{\"@type\":\"ListItem\",\"position\":2,\"name\":\"La JSK lance un appel pour le recrutement d\u2019un DTS\u00a0: La nouvelle direction relance le chantier\"}]},{\"@type\":\"WebSite\",\"@id\":\"https:\\\/\\\/lasentinelle.dz\\\/#website\",\"url\":\"https:\\\/\\\/lasentinelle.dz\\\/\",\"name\":\"La Sentinelle\",\"description\":\"Quotidien national d&#039;information\",\"publisher\":{\"@id\":\"https:\\\/\\\/lasentinelle.dz\\\/#organization\"},\"potentialAction\":[{\"@type\":\"SearchAction\",\"target\":{\"@type\":\"EntryPoint\",\"urlTemplate\":\"https:\\\/\\\/lasentinelle.dz\\\/?s={search_term_string}\"},\"query-input\":{\"@type\":\"PropertyValueSpecification\",\"valueRequired\":true,\"valueName\":\"search_term_string\"}}],\"inLanguage\":\"fr-FR\"},{\"@type\":\"Organization\",\"@id\":\"https:\\\/\\\/lasentinelle.dz\\\/#organization\",\"name\":\"Quotidien La Sentinelle\",\"url\":\"https:\\\/\\\/lasentinelle.dz\\\/\",\"logo\":{\"@type\":\"ImageObject\",\"inLanguage\":\"fr-FR\",\"@id\":\"https:\\\/\\\/lasentinelle.dz\\\/#\\\/schema\\\/logo\\\/image\\\/\",\"url\":\"https:\\\/\\\/lasentinelle.dz\\\/wp-content\\\/uploads\\\/2021\\\/09\\\/logo-sentinelleSLOGAN-1.png\",\"contentUrl\":\"https:\\\/\\\/lasentinelle.dz\\\/wp-content\\\/uploads\\\/2021\\\/09\\\/logo-sentinelleSLOGAN-1.png\",\"width\":615,\"height\":142,\"caption\":\"Quotidien La Sentinelle\"},\"image\":{\"@id\":\"https:\\\/\\\/lasentinelle.dz\\\/#\\\/schema\\\/logo\\\/image\\\/\"},\"sameAs\":[\"https:\\\/\\\/www.facebook.com\\\/La-Sentinelle-104059864394773\"]},{\"@type\":\"Person\",\"@id\":\"https:\\\/\\\/lasentinelle.dz\\\/#\\\/schema\\\/person\\\/729ee0024f24e0b8c5ec17232f8e8b41\",\"name\":\"admin\",\"image\":{\"@type\":\"ImageObject\",\"inLanguage\":\"fr-FR\",\"@id\":\"https:\\\/\\\/secure.gravatar.com\\\/avatar\\\/4c81fed838786e9b53f540bf46533e750f5d292099ae3b66cfc6fb1982e29df7?s=96&d=mm&r=g\",\"url\":\"https:\\\/\\\/secure.gravatar.com\\\/avatar\\\/4c81fed838786e9b53f540bf46533e750f5d292099ae3b66cfc6fb1982e29df7?s=96&d=mm&r=g\",\"contentUrl\":\"https:\\\/\\\/secure.gravatar.com\\\/avatar\\\/4c81fed838786e9b53f540bf46533e750f5d292099ae3b66cfc6fb1982e29df7?s=96&d=mm&r=g\",\"caption\":\"admin\"},\"description\":\"admin\",\"url\":\"https:\\\/\\\/lasentinelle.dz\\\/author\\\/admin\\\/\"}]}<\/script>\n<!-- \/ Yoast SEO plugin. -->","yoast_head_json":{"title":"La JSK lance un appel pour le recrutement d\u2019un DTS\u00a0: La nouvelle direction relance le chantier - La Sentinelle","robots":{"index":"index","follow":"follow","max-snippet":"max-snippet:-1","max-image-preview":"max-image-preview:large","max-video-preview":"max-video-preview:-1"},"canonical":"https:\/\/lasentinelle.dz\/index.php\/2026\/03\/17\/la-jsk-lance-un-appel-pour-le-recrutement-dun-dts-la-nouvelle-direction-relance-le-chantier\/","og_locale":"fr_FR","og_type":"article","og_title":"La JSK lance un appel pour le recrutement d\u2019un DTS\u00a0: La nouvelle direction relance le chantier - La Sentinelle","og_description":"La JS Kabylie franchit une nouvelle \u00e9tape dans sa reconstruction. La direction de la SSPA JSK a publi\u00e9 lundi sur","og_url":"https:\/\/lasentinelle.dz\/index.php\/2026\/03\/17\/la-jsk-lance-un-appel-pour-le-recrutement-dun-dts-la-nouvelle-direction-relance-le-chantier\/","og_site_name":"La Sentinelle","article_publisher":"https:\/\/www.facebook.com\/La-Sentinelle-104059864394773","article_published_time":"2026-03-17T20:24:49+00:00","article_modified_time":"2026-03-17T20:24:50+00:00","og_image":[{"width":1200,"height":900,"url":"https:\/\/lasentinelle.dz\/wp-content\/uploads\/2026\/03\/Adel-Boudedja.jpg","type":"image\/jpeg"}],"author":"admin","twitter_card":"summary_large_image","twitter_misc":{"\u00c9crit par":"admin","Dur\u00e9e de lecture estim\u00e9e":"3 minutes"},"schema":{"@context":"https:\/\/schema.org","@graph":[{"@type":"Article","@id":"https:\/\/lasentinelle.dz\/index.php\/2026\/03\/17\/la-jsk-lance-un-appel-pour-le-recrutement-dun-dts-la-nouvelle-direction-relance-le-chantier\/#article","isPartOf":{"@id":"https:\/\/lasentinelle.dz\/index.php\/2026\/03\/17\/la-jsk-lance-un-appel-pour-le-recrutement-dun-dts-la-nouvelle-direction-relance-le-chantier\/"},"author":{"name":"admin","@id":"https:\/\/lasentinelle.dz\/#\/schema\/person\/729ee0024f24e0b8c5ec17232f8e8b41"},"headline":"La JSK lance un appel pour le recrutement d\u2019un DTS\u00a0: La nouvelle direction relance le chantier","datePublished":"2026-03-17T20:24:49+00:00","dateModified":"2026-03-17T20:24:50+00:00","mainEntityOfPage":{"@id":"https:\/\/lasentinelle.dz\/index.php\/2026\/03\/17\/la-jsk-lance-un-appel-pour-le-recrutement-dun-dts-la-nouvelle-direction-relance-le-chantier\/"},"wordCount":639,"commentCount":0,"publisher":{"@id":"https:\/\/lasentinelle.dz\/#organization"},"image":{"@id":"https:\/\/lasentinelle.dz\/index.php\/2026\/03\/17\/la-jsk-lance-un-appel-pour-le-recrutement-dun-dts-la-nouvelle-direction-relance-le-chantier\/#primaryimage"},"thumbnailUrl":"https:\/\/lasentinelle.dz\/wp-content\/uploads\/2026\/03\/Adel-Boudedja.jpg","articleSection":["Sports"],"inLanguage":"fr-FR","potentialAction":[{"@type":"CommentAction","name":"Comment","target":["https:\/\/lasentinelle.dz\/index.php\/2026\/03\/17\/la-jsk-lance-un-appel-pour-le-recrutement-dun-dts-la-nouvelle-direction-relance-le-chantier\/#respond"]}]},{"@type":"WebPage","@id":"https:\/\/lasentinelle.dz\/index.php\/2026\/03\/17\/la-jsk-lance-un-appel-pour-le-recrutement-dun-dts-la-nouvelle-direction-relance-le-chantier\/","url":"https:\/\/lasentinelle.dz\/index.php\/2026\/03\/17\/la-jsk-lance-un-appel-pour-le-recrutement-dun-dts-la-nouvelle-direction-relance-le-chantier\/","name":"La JSK lance un appel pour le recrutement d\u2019un DTS\u00a0: La nouvelle direction relance le chantier - La Sentinelle","isPartOf":{"@id":"https:\/\/lasentinelle.dz\/#website"},"primaryImageOfPage":{"@id":"https:\/\/lasentinelle.dz\/index.php\/2026\/03\/17\/la-jsk-lance-un-appel-pour-le-recrutement-dun-dts-la-nouvelle-direction-relance-le-chantier\/#primaryimage"},"image":{"@id":"https:\/\/lasentinelle.dz\/index.php\/2026\/03\/17\/la-jsk-lance-un-appel-pour-le-recrutement-dun-dts-la-nouvelle-direction-relance-le-chantier\/#primaryimage"},"thumbnailUrl":"https:\/\/lasentinelle.dz\/wp-content\/uploads\/2026\/03\/Adel-Boudedja.jpg","datePublished":"2026-03-17T20:24:49+00:00","dateModified":"2026-03-17T20:24:50+00:00","breadcrumb":{"@id":"https:\/\/lasentinelle.dz\/index.php\/2026\/03\/17\/la-jsk-lance-un-appel-pour-le-recrutement-dun-dts-la-nouvelle-direction-relance-le-chantier\/#breadcrumb"},"inLanguage":"fr-FR","potentialAction":[{"@type":"ReadAction","target":["https:\/\/lasentinelle.dz\/index.php\/2026\/03\/17\/la-jsk-lance-un-appel-pour-le-recrutement-dun-dts-la-nouvelle-direction-relance-le-chantier\/"]}]},{"@type":"ImageObject","inLanguage":"fr-FR","@id":"https:\/\/lasentinelle.dz\/index.php\/2026\/03\/17\/la-jsk-lance-un-appel-pour-le-recrutement-dun-dts-la-nouvelle-direction-relance-le-chantier\/#primaryimage","url":"https:\/\/lasentinelle.dz\/wp-content\/uploads\/2026\/03\/Adel-Boudedja.jpg","contentUrl":"https:\/\/lasentinelle.dz\/wp-content\/uploads\/2026\/03\/Adel-Boudedja.jpg","width":1200,"height":900},{"@type":"BreadcrumbList","@id":"https:\/\/lasentinelle.dz\/index.php\/2026\/03\/17\/la-jsk-lance-un-appel-pour-le-recrutement-dun-dts-la-nouvelle-direction-relance-le-chantier\/#breadcrumb","itemListElement":[{"@type":"ListItem","position":1,"name":"Accueil","item":"https:\/\/lasentinelle.dz\/"},{"@type":"ListItem","position":2,"name":"La JSK lance un appel pour le recrutement d\u2019un DTS\u00a0: La nouvelle direction relance le chantier"}]},{"@type":"WebSite","@id":"https:\/\/lasentinelle.dz\/#website","url":"https:\/\/lasentinelle.dz\/","name":"La Sentinelle","description":"Quotidien national d&#039;information","publisher":{"@id":"https:\/\/lasentinelle.dz\/#organization"},"potentialAction":[{"@type":"SearchAction","target":{"@type":"EntryPoint","urlTemplate":"https:\/\/lasentinelle.dz\/?s={search_term_string}"},"query-input":{"@type":"PropertyValueSpecification","valueRequired":true,"valueName":"search_term_string"}}],"inLanguage":"fr-FR"},{"@type":"Organization","@id":"https:\/\/lasentinelle.dz\/#organization","name":"Quotidien La Sentinelle","url":"https:\/\/lasentinelle.dz\/","logo":{"@type":"ImageObject","inLanguage":"fr-FR","@id":"https:\/\/lasentinelle.dz\/#\/schema\/logo\/image\/","url":"https:\/\/lasentinelle.dz\/wp-content\/uploads\/2021\/09\/logo-sentinelleSLOGAN-1.png","contentUrl":"https:\/\/lasentinelle.dz\/wp-content\/uploads\/2021\/09\/logo-sentinelleSLOGAN-1.png","width":615,"height":142,"caption":"Quotidien La Sentinelle"},"image":{"@id":"https:\/\/lasentinelle.dz\/#\/schema\/logo\/image\/"},"sameAs":["https:\/\/www.facebook.com\/La-Sentinelle-104059864394773"]},{"@type":"Person","@id":"https:\/\/lasentinelle.dz\/#\/schema\/person\/729ee0024f24e0b8c5ec17232f8e8b41","name":"admin","image":{"@type":"ImageObject","inLanguage":"fr-FR","@id":"https:\/\/secure.gravatar.com\/avatar\/4c81fed838786e9b53f540bf46533e750f5d292099ae3b66cfc6fb1982e29df7?s=96&d=mm&r=g","url":"https:\/\/secure.gravatar.com\/avatar\/4c81fed838786e9b53f540bf46533e750f5d292099ae3b66cfc6fb1982e29df7?s=96&d=mm&r=g","contentUrl":"https:\/\/secure.gravatar.com\/avatar\/4c81fed838786e9b53f540bf46533e750f5d292099ae3b66cfc6fb1982e29df7?s=96&d=mm&r=g","caption":"admin"},"description":"admin","url":"https:\/\/lasentinelle.dz\/author\/admin\/"}]}},"_links":{"self":[{"href":"https:\/\/lasentinelle.dz\/index.php\/wp-json\/wp\/v2\/posts\/83742","targetHints":{"allow":["GET"]}}],"collection":[{"href":"https:\/\/lasentinelle.dz\/index.php\/wp-json\/wp\/v2\/posts"}],"about":[{"href":"https:\/\/lasentinelle.dz\/index.php\/wp-json\/wp\/v2\/types\/post"}],"author":[{"embeddable":true,"href":"https:\/\/lasentinelle.dz\/index.php\/wp-json\/wp\/v2\/users\/6"}],"replies":[{"embeddable":true,"href":"https:\/\/lasentinelle.dz\/index.php\/wp-json\/wp\/v2\/comments?post=83742"}],"version-history":[{"count":1,"href":"https:\/\/lasentinelle.dz\/index.php\/wp-json\/wp\/v2\/posts\/83742\/revisions"}],"predecessor-version":[{"id":83744,"href":"https:\/\/lasentinelle.dz\/index.php\/wp-json\/wp\/v2\/posts\/83742\/revisions\/83744"}],"wp:featuredmedia":[{"embeddable":true,"href":"https:\/\/lasentinelle.dz\/index.php\/wp-json\/wp\/v2\/media\/83743"}],"wp:attachment":[{"href":"https:\/\/lasentinelle.dz\/index.php\/wp-json\/wp\/v2\/media?parent=83742"}],"wp:term":[{"taxonomy":"category","embeddable":true,"href":"https:\/\/lasentinelle.dz\/index.php\/wp-json\/wp\/v2\/categories?post=83742"},{"taxonomy":"post_tag","embeddable":true,"href":"https:\/\/lasentinelle.dz\/index.php\/wp-json\/wp\/v2\/tags?post=83742"}],"curies":[{"name":"wp","href":"https:\/\/api.w.org\/{rel}","templated":true}]}}