{"id":83745,"date":"2026-03-17T21:25:42","date_gmt":"2026-03-17T20:25:42","guid":{"rendered":"https:\/\/lasentinelle.dz\/?p=83745"},"modified":"2026-03-17T21:25:43","modified_gmt":"2026-03-17T20:25:43","slug":"prix-ali-maachi-les-delais-de-candidature-prolonges-jusquau-31-mars","status":"publish","type":"post","link":"https:\/\/lasentinelle.dz\/index.php\/2026\/03\/17\/prix-ali-maachi-les-delais-de-candidature-prolonges-jusquau-31-mars\/","title":{"rendered":"Prix \u00ab Ali Ma\u00e2chi \u00bb\u00a0: Les d\u00e9lais de candidature prolong\u00e9s jusqu&rsquo;au 31 mars"},"content":{"rendered":"\n<p>Le minist\u00e8re de la Culture et des Arts a annonc\u00e9 mardi la prolongation des d\u00e9lais de candidature au Prix du pr\u00e9sident de la R\u00e9publique pour les jeunes cr\u00e9ateurs \u00ab Ali Ma\u00e2chi \u00bb, \u00e9dition 2026. La date limite, initialement fix\u00e9e au 15 mars, est d\u00e9sormais repouss\u00e9e au 31 mars. Une d\u00e9cision motiv\u00e9e, selon le communiqu\u00e9 officiel, par le souci d&rsquo;\u00ab offrir l&rsquo;opportunit\u00e9 au plus grand nombre possible de cr\u00e9ateurs de d\u00e9poser leurs \u0153uvres \u00bb \u2014 une ouverture bienvenue pour les talents qui n&rsquo;auraient pas eu le temps de constituer leur dossier dans les d\u00e9lais initiaux. Cr\u00e9\u00e9 en 2006 par d\u00e9cret pr\u00e9sidentiel, ce prix annuel incarne depuis 20 ans l&rsquo;un des principaux leviers de la politique culturelle alg\u00e9rienne en faveur de la jeune cr\u00e9ation. Il s&rsquo;adresse aux candidats \u00e2g\u00e9s de 18 \u00e0 35 ans et embrasse un spectre artistique volontairement large, couvrant aussi bien les \u0153uvres litt\u00e9raires \u2014 roman, po\u00e9sie, texte th\u00e9\u00e2tral \u2014 que les cr\u00e9ations artistiques dans toute leur diversit\u00e9 : musique, chant et danse, cin\u00e9ma et arts audiovisuels, arts de la sc\u00e8ne et arts plastiques. Les laur\u00e9ats des trois premi\u00e8res places dans chaque cat\u00e9gorie sont r\u00e9compens\u00e9s chaque ann\u00e9e le 8 juin, \u00e0 l&rsquo;occasion de la Journ\u00e9e nationale de l&rsquo;artiste.<\/p>\n\n\n\n<p>Pour participer, les candidats doivent constituer un dossier comprenant une demande \u00e9crite de participation, une d\u00e9claration sur l&rsquo;honneur attestant de la propri\u00e9t\u00e9 de l&rsquo;\u0153uvre, un curriculum vit\u00e6 accompagn\u00e9 d&rsquo;un portfolio, une copie de l&rsquo;\u0153uvre soumise ainsi qu&rsquo;une fiche technique d\u00e9taill\u00e9e. Les dossiers peuvent \u00eatre d\u00e9pos\u00e9s aupr\u00e8s des directions de la culture de wilayas ou en ligne sur la plateforme officielle du minist\u00e8re, \u00e0 l&rsquo;adresse suivante : https:\/\/e-servicesculture.dz\/prix-ali-maachi.<\/p>\n\n\n\n<p>R.C.<\/p>\n","protected":false},"excerpt":{"rendered":"<p>Le minist\u00e8re de la Culture et des Arts a annonc\u00e9 mardi la prolongation des d\u00e9lais de candidature au Prix du<\/p>\n","protected":false},"author":6,"featured_media":53245,"comment_status":"open","ping_status":"closed","sticky":false,"template":"","format":"standard","meta":{"colormag_page_container_layout":"default_layout","colormag_page_sidebar_layout":"default_layout","om_disable_all_campaigns":false,"_monsterinsights_skip_tracking":false,"_monsterinsights_sitenote_active":false,"_monsterinsights_sitenote_note":"","_monsterinsights_sitenote_category":0,"footnotes":"","_wpscppro_dont_share_socialmedia":false,"_wpscppro_custom_social_share_image":0,"_facebook_share_type":"default","_twitter_share_type":"default","_linkedin_share_type":"default","_pinterest_share_type":"default","_linkedin_share_type_page":"","_instagram_share_type":"default","_medium_share_type":"default","_threads_share_type":"default","_google_business_share_type":"default","_selected_social_profile":[],"_wpsp_enable_custom_social_template":false,"_wpsp_social_scheduling":{"enabled":false,"datetime":null,"platforms":[],"status":"template_only","dateOption":"today","timeOption":"now","customDays":"","customHours":"","customDate":"","customTime":"","schedulingType":"absolute"},"_wpsp_active_default_template":true},"categories":[36],"tags":[],"class_list":["post-83745","post","type-post","status-publish","format-standard","has-post-thumbnail","hentry","category-culture"],"aioseo_notices":[],"yoast_head":"<!-- This site is optimized with the Yoast SEO plugin v27.5 - https:\/\/yoast.com\/product\/yoast-seo-wordpress\/ -->\n<title>Prix \u00ab Ali Ma\u00e2chi \u00bb\u00a0: Les d\u00e9lais de candidature prolong\u00e9s jusqu&rsquo;au 31 mars - La Sentinelle<\/title>\n<meta name=\"robots\" content=\"index, follow, max-snippet:-1, max-image-preview:large, max-video-preview:-1\" \/>\n<link rel=\"canonical\" href=\"https:\/\/lasentinelle.dz\/index.php\/2026\/03\/17\/prix-ali-maachi-les-delais-de-candidature-prolonges-jusquau-31-mars\/\" \/>\n<meta property=\"og:locale\" content=\"fr_FR\" \/>\n<meta property=\"og:type\" content=\"article\" \/>\n<meta property=\"og:title\" content=\"Prix \u00ab Ali Ma\u00e2chi \u00bb\u00a0: Les d\u00e9lais de candidature prolong\u00e9s jusqu&rsquo;au 31 mars - La Sentinelle\" \/>\n<meta property=\"og:description\" content=\"Le minist\u00e8re de la Culture et des Arts a annonc\u00e9 mardi la prolongation des d\u00e9lais de candidature au Prix du\" \/>\n<meta property=\"og:url\" content=\"https:\/\/lasentinelle.dz\/index.php\/2026\/03\/17\/prix-ali-maachi-les-delais-de-candidature-prolonges-jusquau-31-mars\/\" \/>\n<meta property=\"og:site_name\" content=\"La Sentinelle\" \/>\n<meta property=\"article:publisher\" content=\"https:\/\/www.facebook.com\/La-Sentinelle-104059864394773\" \/>\n<meta property=\"article:published_time\" content=\"2026-03-17T20:25:42+00:00\" \/>\n<meta property=\"article:modified_time\" content=\"2026-03-17T20:25:43+00:00\" \/>\n<meta property=\"og:image\" content=\"https:\/\/lasentinelle.dz\/wp-content\/uploads\/2024\/06\/Ali_Maachi.jpeg\" \/>\n\t<meta property=\"og:image:width\" content=\"426\" \/>\n\t<meta property=\"og:image:height\" content=\"632\" \/>\n\t<meta property=\"og:image:type\" content=\"image\/jpeg\" \/>\n<meta name=\"author\" content=\"admin\" \/>\n<meta name=\"twitter:card\" content=\"summary_large_image\" \/>\n<meta name=\"twitter:label1\" content=\"\u00c9crit par\" \/>\n\t<meta name=\"twitter:data1\" content=\"admin\" \/>\n\t<meta name=\"twitter:label2\" content=\"Dur\u00e9e de lecture estim\u00e9e\" \/>\n\t<meta name=\"twitter:data2\" content=\"2 minutes\" \/>\n<script type=\"application\/ld+json\" class=\"yoast-schema-graph\">{\"@context\":\"https:\\\/\\\/schema.org\",\"@graph\":[{\"@type\":\"Article\",\"@id\":\"https:\\\/\\\/lasentinelle.dz\\\/index.php\\\/2026\\\/03\\\/17\\\/prix-ali-maachi-les-delais-de-candidature-prolonges-jusquau-31-mars\\\/#article\",\"isPartOf\":{\"@id\":\"https:\\\/\\\/lasentinelle.dz\\\/index.php\\\/2026\\\/03\\\/17\\\/prix-ali-maachi-les-delais-de-candidature-prolonges-jusquau-31-mars\\\/\"},\"author\":{\"name\":\"admin\",\"@id\":\"https:\\\/\\\/lasentinelle.dz\\\/#\\\/schema\\\/person\\\/729ee0024f24e0b8c5ec17232f8e8b41\"},\"headline\":\"Prix \u00ab Ali Ma\u00e2chi \u00bb\u00a0: Les d\u00e9lais de candidature prolong\u00e9s jusqu&rsquo;au 31 mars\",\"datePublished\":\"2026-03-17T20:25:42+00:00\",\"dateModified\":\"2026-03-17T20:25:43+00:00\",\"mainEntityOfPage\":{\"@id\":\"https:\\\/\\\/lasentinelle.dz\\\/index.php\\\/2026\\\/03\\\/17\\\/prix-ali-maachi-les-delais-de-candidature-prolonges-jusquau-31-mars\\\/\"},\"wordCount\":319,\"commentCount\":0,\"publisher\":{\"@id\":\"https:\\\/\\\/lasentinelle.dz\\\/#organization\"},\"image\":{\"@id\":\"https:\\\/\\\/lasentinelle.dz\\\/index.php\\\/2026\\\/03\\\/17\\\/prix-ali-maachi-les-delais-de-candidature-prolonges-jusquau-31-mars\\\/#primaryimage\"},\"thumbnailUrl\":\"https:\\\/\\\/lasentinelle.dz\\\/wp-content\\\/uploads\\\/2024\\\/06\\\/Ali_Maachi.jpeg\",\"articleSection\":[\"Culture\"],\"inLanguage\":\"fr-FR\",\"potentialAction\":[{\"@type\":\"CommentAction\",\"name\":\"Comment\",\"target\":[\"https:\\\/\\\/lasentinelle.dz\\\/index.php\\\/2026\\\/03\\\/17\\\/prix-ali-maachi-les-delais-de-candidature-prolonges-jusquau-31-mars\\\/#respond\"]}]},{\"@type\":\"WebPage\",\"@id\":\"https:\\\/\\\/lasentinelle.dz\\\/index.php\\\/2026\\\/03\\\/17\\\/prix-ali-maachi-les-delais-de-candidature-prolonges-jusquau-31-mars\\\/\",\"url\":\"https:\\\/\\\/lasentinelle.dz\\\/index.php\\\/2026\\\/03\\\/17\\\/prix-ali-maachi-les-delais-de-candidature-prolonges-jusquau-31-mars\\\/\",\"name\":\"Prix \u00ab Ali Ma\u00e2chi \u00bb\u00a0: Les d\u00e9lais de candidature prolong\u00e9s jusqu&rsquo;au 31 mars - La Sentinelle\",\"isPartOf\":{\"@id\":\"https:\\\/\\\/lasentinelle.dz\\\/#website\"},\"primaryImageOfPage\":{\"@id\":\"https:\\\/\\\/lasentinelle.dz\\\/index.php\\\/2026\\\/03\\\/17\\\/prix-ali-maachi-les-delais-de-candidature-prolonges-jusquau-31-mars\\\/#primaryimage\"},\"image\":{\"@id\":\"https:\\\/\\\/lasentinelle.dz\\\/index.php\\\/2026\\\/03\\\/17\\\/prix-ali-maachi-les-delais-de-candidature-prolonges-jusquau-31-mars\\\/#primaryimage\"},\"thumbnailUrl\":\"https:\\\/\\\/lasentinelle.dz\\\/wp-content\\\/uploads\\\/2024\\\/06\\\/Ali_Maachi.jpeg\",\"datePublished\":\"2026-03-17T20:25:42+00:00\",\"dateModified\":\"2026-03-17T20:25:43+00:00\",\"breadcrumb\":{\"@id\":\"https:\\\/\\\/lasentinelle.dz\\\/index.php\\\/2026\\\/03\\\/17\\\/prix-ali-maachi-les-delais-de-candidature-prolonges-jusquau-31-mars\\\/#breadcrumb\"},\"inLanguage\":\"fr-FR\",\"potentialAction\":[{\"@type\":\"ReadAction\",\"target\":[\"https:\\\/\\\/lasentinelle.dz\\\/index.php\\\/2026\\\/03\\\/17\\\/prix-ali-maachi-les-delais-de-candidature-prolonges-jusquau-31-mars\\\/\"]}]},{\"@type\":\"ImageObject\",\"inLanguage\":\"fr-FR\",\"@id\":\"https:\\\/\\\/lasentinelle.dz\\\/index.php\\\/2026\\\/03\\\/17\\\/prix-ali-maachi-les-delais-de-candidature-prolonges-jusquau-31-mars\\\/#primaryimage\",\"url\":\"https:\\\/\\\/lasentinelle.dz\\\/wp-content\\\/uploads\\\/2024\\\/06\\\/Ali_Maachi.jpeg\",\"contentUrl\":\"https:\\\/\\\/lasentinelle.dz\\\/wp-content\\\/uploads\\\/2024\\\/06\\\/Ali_Maachi.jpeg\",\"width\":426,\"height\":632},{\"@type\":\"BreadcrumbList\",\"@id\":\"https:\\\/\\\/lasentinelle.dz\\\/index.php\\\/2026\\\/03\\\/17\\\/prix-ali-maachi-les-delais-de-candidature-prolonges-jusquau-31-mars\\\/#breadcrumb\",\"itemListElement\":[{\"@type\":\"ListItem\",\"position\":1,\"name\":\"Accueil\",\"item\":\"https:\\\/\\\/lasentinelle.dz\\\/\"},{\"@type\":\"ListItem\",\"position\":2,\"name\":\"Prix \u00ab Ali Ma\u00e2chi \u00bb\u00a0: Les d\u00e9lais de candidature prolong\u00e9s jusqu&rsquo;au 31 mars\"}]},{\"@type\":\"WebSite\",\"@id\":\"https:\\\/\\\/lasentinelle.dz\\\/#website\",\"url\":\"https:\\\/\\\/lasentinelle.dz\\\/\",\"name\":\"La Sentinelle\",\"description\":\"Quotidien national d&#039;information\",\"publisher\":{\"@id\":\"https:\\\/\\\/lasentinelle.dz\\\/#organization\"},\"potentialAction\":[{\"@type\":\"SearchAction\",\"target\":{\"@type\":\"EntryPoint\",\"urlTemplate\":\"https:\\\/\\\/lasentinelle.dz\\\/?s={search_term_string}\"},\"query-input\":{\"@type\":\"PropertyValueSpecification\",\"valueRequired\":true,\"valueName\":\"search_term_string\"}}],\"inLanguage\":\"fr-FR\"},{\"@type\":\"Organization\",\"@id\":\"https:\\\/\\\/lasentinelle.dz\\\/#organization\",\"name\":\"Quotidien La Sentinelle\",\"url\":\"https:\\\/\\\/lasentinelle.dz\\\/\",\"logo\":{\"@type\":\"ImageObject\",\"inLanguage\":\"fr-FR\",\"@id\":\"https:\\\/\\\/lasentinelle.dz\\\/#\\\/schema\\\/logo\\\/image\\\/\",\"url\":\"https:\\\/\\\/lasentinelle.dz\\\/wp-content\\\/uploads\\\/2021\\\/09\\\/logo-sentinelleSLOGAN-1.png\",\"contentUrl\":\"https:\\\/\\\/lasentinelle.dz\\\/wp-content\\\/uploads\\\/2021\\\/09\\\/logo-sentinelleSLOGAN-1.png\",\"width\":615,\"height\":142,\"caption\":\"Quotidien La Sentinelle\"},\"image\":{\"@id\":\"https:\\\/\\\/lasentinelle.dz\\\/#\\\/schema\\\/logo\\\/image\\\/\"},\"sameAs\":[\"https:\\\/\\\/www.facebook.com\\\/La-Sentinelle-104059864394773\"]},{\"@type\":\"Person\",\"@id\":\"https:\\\/\\\/lasentinelle.dz\\\/#\\\/schema\\\/person\\\/729ee0024f24e0b8c5ec17232f8e8b41\",\"name\":\"admin\",\"image\":{\"@type\":\"ImageObject\",\"inLanguage\":\"fr-FR\",\"@id\":\"https:\\\/\\\/secure.gravatar.com\\\/avatar\\\/4c81fed838786e9b53f540bf46533e750f5d292099ae3b66cfc6fb1982e29df7?s=96&d=mm&r=g\",\"url\":\"https:\\\/\\\/secure.gravatar.com\\\/avatar\\\/4c81fed838786e9b53f540bf46533e750f5d292099ae3b66cfc6fb1982e29df7?s=96&d=mm&r=g\",\"contentUrl\":\"https:\\\/\\\/secure.gravatar.com\\\/avatar\\\/4c81fed838786e9b53f540bf46533e750f5d292099ae3b66cfc6fb1982e29df7?s=96&d=mm&r=g\",\"caption\":\"admin\"},\"description\":\"admin\",\"url\":\"https:\\\/\\\/lasentinelle.dz\\\/author\\\/admin\\\/\"}]}<\/script>\n<!-- \/ Yoast SEO plugin. -->","yoast_head_json":{"title":"Prix \u00ab Ali Ma\u00e2chi \u00bb\u00a0: Les d\u00e9lais de candidature prolong\u00e9s jusqu&rsquo;au 31 mars - La Sentinelle","robots":{"index":"index","follow":"follow","max-snippet":"max-snippet:-1","max-image-preview":"max-image-preview:large","max-video-preview":"max-video-preview:-1"},"canonical":"https:\/\/lasentinelle.dz\/index.php\/2026\/03\/17\/prix-ali-maachi-les-delais-de-candidature-prolonges-jusquau-31-mars\/","og_locale":"fr_FR","og_type":"article","og_title":"Prix \u00ab Ali Ma\u00e2chi \u00bb\u00a0: Les d\u00e9lais de candidature prolong\u00e9s jusqu&rsquo;au 31 mars - La Sentinelle","og_description":"Le minist\u00e8re de la Culture et des Arts a annonc\u00e9 mardi la prolongation des d\u00e9lais de candidature au Prix du","og_url":"https:\/\/lasentinelle.dz\/index.php\/2026\/03\/17\/prix-ali-maachi-les-delais-de-candidature-prolonges-jusquau-31-mars\/","og_site_name":"La Sentinelle","article_publisher":"https:\/\/www.facebook.com\/La-Sentinelle-104059864394773","article_published_time":"2026-03-17T20:25:42+00:00","article_modified_time":"2026-03-17T20:25:43+00:00","og_image":[{"width":426,"height":632,"url":"https:\/\/lasentinelle.dz\/wp-content\/uploads\/2024\/06\/Ali_Maachi.jpeg","type":"image\/jpeg"}],"author":"admin","twitter_card":"summary_large_image","twitter_misc":{"\u00c9crit par":"admin","Dur\u00e9e de lecture estim\u00e9e":"2 minutes"},"schema":{"@context":"https:\/\/schema.org","@graph":[{"@type":"Article","@id":"https:\/\/lasentinelle.dz\/index.php\/2026\/03\/17\/prix-ali-maachi-les-delais-de-candidature-prolonges-jusquau-31-mars\/#article","isPartOf":{"@id":"https:\/\/lasentinelle.dz\/index.php\/2026\/03\/17\/prix-ali-maachi-les-delais-de-candidature-prolonges-jusquau-31-mars\/"},"author":{"name":"admin","@id":"https:\/\/lasentinelle.dz\/#\/schema\/person\/729ee0024f24e0b8c5ec17232f8e8b41"},"headline":"Prix \u00ab Ali Ma\u00e2chi \u00bb\u00a0: Les d\u00e9lais de candidature prolong\u00e9s jusqu&rsquo;au 31 mars","datePublished":"2026-03-17T20:25:42+00:00","dateModified":"2026-03-17T20:25:43+00:00","mainEntityOfPage":{"@id":"https:\/\/lasentinelle.dz\/index.php\/2026\/03\/17\/prix-ali-maachi-les-delais-de-candidature-prolonges-jusquau-31-mars\/"},"wordCount":319,"commentCount":0,"publisher":{"@id":"https:\/\/lasentinelle.dz\/#organization"},"image":{"@id":"https:\/\/lasentinelle.dz\/index.php\/2026\/03\/17\/prix-ali-maachi-les-delais-de-candidature-prolonges-jusquau-31-mars\/#primaryimage"},"thumbnailUrl":"https:\/\/lasentinelle.dz\/wp-content\/uploads\/2024\/06\/Ali_Maachi.jpeg","articleSection":["Culture"],"inLanguage":"fr-FR","potentialAction":[{"@type":"CommentAction","name":"Comment","target":["https:\/\/lasentinelle.dz\/index.php\/2026\/03\/17\/prix-ali-maachi-les-delais-de-candidature-prolonges-jusquau-31-mars\/#respond"]}]},{"@type":"WebPage","@id":"https:\/\/lasentinelle.dz\/index.php\/2026\/03\/17\/prix-ali-maachi-les-delais-de-candidature-prolonges-jusquau-31-mars\/","url":"https:\/\/lasentinelle.dz\/index.php\/2026\/03\/17\/prix-ali-maachi-les-delais-de-candidature-prolonges-jusquau-31-mars\/","name":"Prix \u00ab Ali Ma\u00e2chi \u00bb\u00a0: Les d\u00e9lais de candidature prolong\u00e9s jusqu&rsquo;au 31 mars - La Sentinelle","isPartOf":{"@id":"https:\/\/lasentinelle.dz\/#website"},"primaryImageOfPage":{"@id":"https:\/\/lasentinelle.dz\/index.php\/2026\/03\/17\/prix-ali-maachi-les-delais-de-candidature-prolonges-jusquau-31-mars\/#primaryimage"},"image":{"@id":"https:\/\/lasentinelle.dz\/index.php\/2026\/03\/17\/prix-ali-maachi-les-delais-de-candidature-prolonges-jusquau-31-mars\/#primaryimage"},"thumbnailUrl":"https:\/\/lasentinelle.dz\/wp-content\/uploads\/2024\/06\/Ali_Maachi.jpeg","datePublished":"2026-03-17T20:25:42+00:00","dateModified":"2026-03-17T20:25:43+00:00","breadcrumb":{"@id":"https:\/\/lasentinelle.dz\/index.php\/2026\/03\/17\/prix-ali-maachi-les-delais-de-candidature-prolonges-jusquau-31-mars\/#breadcrumb"},"inLanguage":"fr-FR","potentialAction":[{"@type":"ReadAction","target":["https:\/\/lasentinelle.dz\/index.php\/2026\/03\/17\/prix-ali-maachi-les-delais-de-candidature-prolonges-jusquau-31-mars\/"]}]},{"@type":"ImageObject","inLanguage":"fr-FR","@id":"https:\/\/lasentinelle.dz\/index.php\/2026\/03\/17\/prix-ali-maachi-les-delais-de-candidature-prolonges-jusquau-31-mars\/#primaryimage","url":"https:\/\/lasentinelle.dz\/wp-content\/uploads\/2024\/06\/Ali_Maachi.jpeg","contentUrl":"https:\/\/lasentinelle.dz\/wp-content\/uploads\/2024\/06\/Ali_Maachi.jpeg","width":426,"height":632},{"@type":"BreadcrumbList","@id":"https:\/\/lasentinelle.dz\/index.php\/2026\/03\/17\/prix-ali-maachi-les-delais-de-candidature-prolonges-jusquau-31-mars\/#breadcrumb","itemListElement":[{"@type":"ListItem","position":1,"name":"Accueil","item":"https:\/\/lasentinelle.dz\/"},{"@type":"ListItem","position":2,"name":"Prix \u00ab Ali Ma\u00e2chi \u00bb\u00a0: Les d\u00e9lais de candidature prolong\u00e9s jusqu&rsquo;au 31 mars"}]},{"@type":"WebSite","@id":"https:\/\/lasentinelle.dz\/#website","url":"https:\/\/lasentinelle.dz\/","name":"La Sentinelle","description":"Quotidien national d&#039;information","publisher":{"@id":"https:\/\/lasentinelle.dz\/#organization"},"potentialAction":[{"@type":"SearchAction","target":{"@type":"EntryPoint","urlTemplate":"https:\/\/lasentinelle.dz\/?s={search_term_string}"},"query-input":{"@type":"PropertyValueSpecification","valueRequired":true,"valueName":"search_term_string"}}],"inLanguage":"fr-FR"},{"@type":"Organization","@id":"https:\/\/lasentinelle.dz\/#organization","name":"Quotidien La Sentinelle","url":"https:\/\/lasentinelle.dz\/","logo":{"@type":"ImageObject","inLanguage":"fr-FR","@id":"https:\/\/lasentinelle.dz\/#\/schema\/logo\/image\/","url":"https:\/\/lasentinelle.dz\/wp-content\/uploads\/2021\/09\/logo-sentinelleSLOGAN-1.png","contentUrl":"https:\/\/lasentinelle.dz\/wp-content\/uploads\/2021\/09\/logo-sentinelleSLOGAN-1.png","width":615,"height":142,"caption":"Quotidien La Sentinelle"},"image":{"@id":"https:\/\/lasentinelle.dz\/#\/schema\/logo\/image\/"},"sameAs":["https:\/\/www.facebook.com\/La-Sentinelle-104059864394773"]},{"@type":"Person","@id":"https:\/\/lasentinelle.dz\/#\/schema\/person\/729ee0024f24e0b8c5ec17232f8e8b41","name":"admin","image":{"@type":"ImageObject","inLanguage":"fr-FR","@id":"https:\/\/secure.gravatar.com\/avatar\/4c81fed838786e9b53f540bf46533e750f5d292099ae3b66cfc6fb1982e29df7?s=96&d=mm&r=g","url":"https:\/\/secure.gravatar.com\/avatar\/4c81fed838786e9b53f540bf46533e750f5d292099ae3b66cfc6fb1982e29df7?s=96&d=mm&r=g","contentUrl":"https:\/\/secure.gravatar.com\/avatar\/4c81fed838786e9b53f540bf46533e750f5d292099ae3b66cfc6fb1982e29df7?s=96&d=mm&r=g","caption":"admin"},"description":"admin","url":"https:\/\/lasentinelle.dz\/author\/admin\/"}]}},"_links":{"self":[{"href":"https:\/\/lasentinelle.dz\/index.php\/wp-json\/wp\/v2\/posts\/83745","targetHints":{"allow":["GET"]}}],"collection":[{"href":"https:\/\/lasentinelle.dz\/index.php\/wp-json\/wp\/v2\/posts"}],"about":[{"href":"https:\/\/lasentinelle.dz\/index.php\/wp-json\/wp\/v2\/types\/post"}],"author":[{"embeddable":true,"href":"https:\/\/lasentinelle.dz\/index.php\/wp-json\/wp\/v2\/users\/6"}],"replies":[{"embeddable":true,"href":"https:\/\/lasentinelle.dz\/index.php\/wp-json\/wp\/v2\/comments?post=83745"}],"version-history":[{"count":2,"href":"https:\/\/lasentinelle.dz\/index.php\/wp-json\/wp\/v2\/posts\/83745\/revisions"}],"predecessor-version":[{"id":83747,"href":"https:\/\/lasentinelle.dz\/index.php\/wp-json\/wp\/v2\/posts\/83745\/revisions\/83747"}],"wp:featuredmedia":[{"embeddable":true,"href":"https:\/\/lasentinelle.dz\/index.php\/wp-json\/wp\/v2\/media\/53245"}],"wp:attachment":[{"href":"https:\/\/lasentinelle.dz\/index.php\/wp-json\/wp\/v2\/media?parent=83745"}],"wp:term":[{"taxonomy":"category","embeddable":true,"href":"https:\/\/lasentinelle.dz\/index.php\/wp-json\/wp\/v2\/categories?post=83745"},{"taxonomy":"post_tag","embeddable":true,"href":"https:\/\/lasentinelle.dz\/index.php\/wp-json\/wp\/v2\/tags?post=83745"}],"curies":[{"name":"wp","href":"https:\/\/api.w.org\/{rel}","templated":true}]}}