{"id":83748,"date":"2026-03-17T21:27:10","date_gmt":"2026-03-17T20:27:10","guid":{"rendered":"https:\/\/lasentinelle.dz\/?p=83748"},"modified":"2026-03-17T21:27:11","modified_gmt":"2026-03-17T20:27:11","slug":"a-loccasion-de-laylat-al-qadr-les-laureats-du-concours-de-recitation-du-saint-coran-distingues","status":"publish","type":"post","link":"https:\/\/lasentinelle.dz\/index.php\/2026\/03\/17\/a-loccasion-de-laylat-al-qadr-les-laureats-du-concours-de-recitation-du-saint-coran-distingues\/","title":{"rendered":"A l\u2019occasion de Laylat Al-Qadr\u00a0: Les laur\u00e9ats du concours de r\u00e9citation du Saint Coran distingu\u00e9s"},"content":{"rendered":"\n<p>C&rsquo;est dans le cadre majestueux de Djama\u00e2 El-Djazair, la Grande Mosqu\u00e9e d&rsquo;Alger, que l&rsquo;Alg\u00e9rie a c\u00e9l\u00e9br\u00e9, lundi soir, Laylat Al-Qadr, la nuit la plus sacr\u00e9e du calendrier islamique. \u00c0 cette occasion charg\u00e9e de ferveur spirituelle, le Premier ministre Sifi Ghrieb a pr\u00e9sid\u00e9 une c\u00e9r\u00e9monie de distinction des laur\u00e9ats du Prix d&rsquo;Alg\u00e9rie pour la r\u00e9citation du Saint Coran et la renaissance du patrimoine islamique, consacrant ainsi une tradition nationale qui fait de la ma\u00eetrise du Livre saint un id\u00e9al civique autant que religieux. Le Prix d&rsquo;Alg\u00e9rie, dont la c\u00e9r\u00e9monie constitue chaque ann\u00e9e l&rsquo;un des temps forts du Ramadhan, s&rsquo;articule autour de deux volets compl\u00e9mentaires : le concours national de r\u00e9citation, de psalmodie et d&rsquo;ex\u00e9g\u00e8se du Saint Coran, ouvert aux r\u00e9citants confirm\u00e9s, et le concours national d&rsquo;encouragement des jeunes r\u00e9citants, v\u00e9ritable p\u00e9pini\u00e8re de talents coraniques. Les laur\u00e9ats ont re\u00e7u des attestations honorifiques remises au nom du pr\u00e9sident de la R\u00e9publique, soulignant la dimension hautement symbolique d&rsquo;une distinction plac\u00e9e sous le patronage du chef de l&rsquo;\u00c9tat. Dans la cat\u00e9gorie r\u00e9serv\u00e9e aux jeunes r\u00e9citants, c&rsquo;est Guelil Aymen, originaire d&rsquo;Alger, qui a d\u00e9croch\u00e9 la premi\u00e8re place, devant Dilmi Assid de Constantine, laur\u00e9at du deuxi\u00e8me prix. Le troisi\u00e8me prix est revenu \u00e0 Benfatma Mohamed Anis, repr\u00e9sentant la wilaya d&rsquo;A\u00efn T\u00e9mouchent. Ces trois jeunes talents illustrent la vitalit\u00e9 d&rsquo;une tradition coranique qui se perp\u00e9tue et se renouvelle \u00e0 travers toutes les r\u00e9gions du pays. Le concours national de r\u00e9citation, de psalmodie et d&rsquo;ex\u00e9g\u00e8se, plus exigeant dans ses crit\u00e8res d&rsquo;\u00e9valuation, a quant \u00e0 lui consacr\u00e9 Samira Mehdab, de la wilaya de Jijel, qui a remport\u00e9 le premier prix, une distinction remarquable dans un domaine longtemps domin\u00e9 par les voix masculines. Zidani Omar, de Mostaganem, a obtenu le deuxi\u00e8me prix, tandis que le troisi\u00e8me est revenu \u00e0 Karboua Abdelaziz, originaire d&rsquo;Ouled Djellal. La c\u00e9r\u00e9monie a \u00e9galement rendu hommage aux membres du jury, dont la rigueur et la comp\u00e9tence garantissent la cr\u00e9dibilit\u00e9 de la comp\u00e9tition. Ce jury \u00e9tait pr\u00e9sid\u00e9 par le Dr Abdellah Aouissi, imam excellent \u00e0 la Direction des affaires religieuses et des wakfs de la wilaya d&rsquo;Alger, entour\u00e9 notamment du Dr Abdelkrim Hamadouche, enseignant universitaire et membre du Conseil Iqr\u00e2a \u00e0 la Direction des affaires religieuses et des wakfs de Blida, de M. Farid Aouchia, premier imam pr\u00eacheur \u00e0 la Direction des affaires religieuses et des wakfs de Tizi Ouzou, du Dr Nabil Deghfali, imam excellent \u00e0 Blida, ainsi que de M. Abdelkrim Allali, imam pr\u00e9dicateur \u00e0 Oum El Bouaghi. Le secr\u00e9tariat du jury a \u00e9t\u00e9 assur\u00e9 par Mme Samia Ayad, assistante ing\u00e9nieure en informatique, dont la contribution logistique a \u00e9t\u00e9 salu\u00e9e au m\u00eame titre que celle des membres scientifiques.<\/p>\n\n\n\n<p>M.S.<\/p>\n","protected":false},"excerpt":{"rendered":"<p>C&rsquo;est dans le cadre majestueux de Djama\u00e2 El-Djazair, la Grande Mosqu\u00e9e d&rsquo;Alger, que l&rsquo;Alg\u00e9rie a c\u00e9l\u00e9br\u00e9, lundi soir, Laylat Al-Qadr,<\/p>\n","protected":false},"author":6,"featured_media":83749,"comment_status":"open","ping_status":"closed","sticky":false,"template":"","format":"standard","meta":{"colormag_page_container_layout":"default_layout","colormag_page_sidebar_layout":"default_layout","om_disable_all_campaigns":false,"_monsterinsights_skip_tracking":false,"_monsterinsights_sitenote_active":false,"_monsterinsights_sitenote_note":"","_monsterinsights_sitenote_category":0,"footnotes":"","_wpscppro_dont_share_socialmedia":false,"_wpscppro_custom_social_share_image":0,"_facebook_share_type":"default","_twitter_share_type":"default","_linkedin_share_type":"default","_pinterest_share_type":"default","_linkedin_share_type_page":"","_instagram_share_type":"default","_medium_share_type":"default","_threads_share_type":"default","_google_business_share_type":"default","_selected_social_profile":[],"_wpsp_enable_custom_social_template":false,"_wpsp_social_scheduling":{"enabled":false,"datetime":null,"platforms":[],"status":"template_only","dateOption":"today","timeOption":"now","customDays":"","customHours":"","customDate":"","customTime":"","schedulingType":"absolute"},"_wpsp_active_default_template":true},"categories":[36],"tags":[],"class_list":["post-83748","post","type-post","status-publish","format-standard","has-post-thumbnail","hentry","category-culture"],"aioseo_notices":[],"yoast_head":"<!-- This site is optimized with the Yoast SEO plugin v27.5 - https:\/\/yoast.com\/product\/yoast-seo-wordpress\/ -->\n<title>A l\u2019occasion de Laylat Al-Qadr\u00a0: Les laur\u00e9ats du concours de r\u00e9citation du Saint Coran distingu\u00e9s - La Sentinelle<\/title>\n<meta name=\"robots\" content=\"index, follow, max-snippet:-1, max-image-preview:large, max-video-preview:-1\" \/>\n<link rel=\"canonical\" href=\"https:\/\/lasentinelle.dz\/index.php\/2026\/03\/17\/a-loccasion-de-laylat-al-qadr-les-laureats-du-concours-de-recitation-du-saint-coran-distingues\/\" \/>\n<meta property=\"og:locale\" content=\"fr_FR\" \/>\n<meta property=\"og:type\" content=\"article\" \/>\n<meta property=\"og:title\" content=\"A l\u2019occasion de Laylat Al-Qadr\u00a0: Les laur\u00e9ats du concours de r\u00e9citation du Saint Coran distingu\u00e9s - La Sentinelle\" \/>\n<meta property=\"og:description\" content=\"C&rsquo;est dans le cadre majestueux de Djama\u00e2 El-Djazair, la Grande Mosqu\u00e9e d&rsquo;Alger, que l&rsquo;Alg\u00e9rie a c\u00e9l\u00e9br\u00e9, lundi soir, Laylat Al-Qadr,\" \/>\n<meta property=\"og:url\" content=\"https:\/\/lasentinelle.dz\/index.php\/2026\/03\/17\/a-loccasion-de-laylat-al-qadr-les-laureats-du-concours-de-recitation-du-saint-coran-distingues\/\" \/>\n<meta property=\"og:site_name\" content=\"La Sentinelle\" \/>\n<meta property=\"article:publisher\" content=\"https:\/\/www.facebook.com\/La-Sentinelle-104059864394773\" \/>\n<meta property=\"article:published_time\" content=\"2026-03-17T20:27:10+00:00\" \/>\n<meta property=\"article:modified_time\" content=\"2026-03-17T20:27:11+00:00\" \/>\n<meta property=\"og:image\" content=\"https:\/\/lasentinelle.dz\/wp-content\/uploads\/2026\/03\/651897392_1233234102328232_2441062804939991179_n.jpg\" \/>\n\t<meta property=\"og:image:width\" content=\"1440\" \/>\n\t<meta property=\"og:image:height\" content=\"1038\" \/>\n\t<meta property=\"og:image:type\" content=\"image\/jpeg\" \/>\n<meta name=\"author\" content=\"admin\" \/>\n<meta name=\"twitter:card\" content=\"summary_large_image\" \/>\n<meta name=\"twitter:label1\" content=\"\u00c9crit par\" \/>\n\t<meta name=\"twitter:data1\" content=\"admin\" \/>\n\t<meta name=\"twitter:label2\" content=\"Dur\u00e9e de lecture estim\u00e9e\" \/>\n\t<meta name=\"twitter:data2\" content=\"3 minutes\" \/>\n<script type=\"application\/ld+json\" class=\"yoast-schema-graph\">{\"@context\":\"https:\\\/\\\/schema.org\",\"@graph\":[{\"@type\":\"Article\",\"@id\":\"https:\\\/\\\/lasentinelle.dz\\\/index.php\\\/2026\\\/03\\\/17\\\/a-loccasion-de-laylat-al-qadr-les-laureats-du-concours-de-recitation-du-saint-coran-distingues\\\/#article\",\"isPartOf\":{\"@id\":\"https:\\\/\\\/lasentinelle.dz\\\/index.php\\\/2026\\\/03\\\/17\\\/a-loccasion-de-laylat-al-qadr-les-laureats-du-concours-de-recitation-du-saint-coran-distingues\\\/\"},\"author\":{\"name\":\"admin\",\"@id\":\"https:\\\/\\\/lasentinelle.dz\\\/#\\\/schema\\\/person\\\/729ee0024f24e0b8c5ec17232f8e8b41\"},\"headline\":\"A l\u2019occasion de Laylat Al-Qadr\u00a0: Les laur\u00e9ats du concours de r\u00e9citation du Saint Coran distingu\u00e9s\",\"datePublished\":\"2026-03-17T20:27:10+00:00\",\"dateModified\":\"2026-03-17T20:27:11+00:00\",\"mainEntityOfPage\":{\"@id\":\"https:\\\/\\\/lasentinelle.dz\\\/index.php\\\/2026\\\/03\\\/17\\\/a-loccasion-de-laylat-al-qadr-les-laureats-du-concours-de-recitation-du-saint-coran-distingues\\\/\"},\"wordCount\":527,\"commentCount\":0,\"publisher\":{\"@id\":\"https:\\\/\\\/lasentinelle.dz\\\/#organization\"},\"image\":{\"@id\":\"https:\\\/\\\/lasentinelle.dz\\\/index.php\\\/2026\\\/03\\\/17\\\/a-loccasion-de-laylat-al-qadr-les-laureats-du-concours-de-recitation-du-saint-coran-distingues\\\/#primaryimage\"},\"thumbnailUrl\":\"https:\\\/\\\/lasentinelle.dz\\\/wp-content\\\/uploads\\\/2026\\\/03\\\/651897392_1233234102328232_2441062804939991179_n.jpg\",\"articleSection\":[\"Culture\"],\"inLanguage\":\"fr-FR\",\"potentialAction\":[{\"@type\":\"CommentAction\",\"name\":\"Comment\",\"target\":[\"https:\\\/\\\/lasentinelle.dz\\\/index.php\\\/2026\\\/03\\\/17\\\/a-loccasion-de-laylat-al-qadr-les-laureats-du-concours-de-recitation-du-saint-coran-distingues\\\/#respond\"]}]},{\"@type\":\"WebPage\",\"@id\":\"https:\\\/\\\/lasentinelle.dz\\\/index.php\\\/2026\\\/03\\\/17\\\/a-loccasion-de-laylat-al-qadr-les-laureats-du-concours-de-recitation-du-saint-coran-distingues\\\/\",\"url\":\"https:\\\/\\\/lasentinelle.dz\\\/index.php\\\/2026\\\/03\\\/17\\\/a-loccasion-de-laylat-al-qadr-les-laureats-du-concours-de-recitation-du-saint-coran-distingues\\\/\",\"name\":\"A l\u2019occasion de Laylat Al-Qadr\u00a0: Les laur\u00e9ats du concours de r\u00e9citation du Saint Coran distingu\u00e9s - La Sentinelle\",\"isPartOf\":{\"@id\":\"https:\\\/\\\/lasentinelle.dz\\\/#website\"},\"primaryImageOfPage\":{\"@id\":\"https:\\\/\\\/lasentinelle.dz\\\/index.php\\\/2026\\\/03\\\/17\\\/a-loccasion-de-laylat-al-qadr-les-laureats-du-concours-de-recitation-du-saint-coran-distingues\\\/#primaryimage\"},\"image\":{\"@id\":\"https:\\\/\\\/lasentinelle.dz\\\/index.php\\\/2026\\\/03\\\/17\\\/a-loccasion-de-laylat-al-qadr-les-laureats-du-concours-de-recitation-du-saint-coran-distingues\\\/#primaryimage\"},\"thumbnailUrl\":\"https:\\\/\\\/lasentinelle.dz\\\/wp-content\\\/uploads\\\/2026\\\/03\\\/651897392_1233234102328232_2441062804939991179_n.jpg\",\"datePublished\":\"2026-03-17T20:27:10+00:00\",\"dateModified\":\"2026-03-17T20:27:11+00:00\",\"breadcrumb\":{\"@id\":\"https:\\\/\\\/lasentinelle.dz\\\/index.php\\\/2026\\\/03\\\/17\\\/a-loccasion-de-laylat-al-qadr-les-laureats-du-concours-de-recitation-du-saint-coran-distingues\\\/#breadcrumb\"},\"inLanguage\":\"fr-FR\",\"potentialAction\":[{\"@type\":\"ReadAction\",\"target\":[\"https:\\\/\\\/lasentinelle.dz\\\/index.php\\\/2026\\\/03\\\/17\\\/a-loccasion-de-laylat-al-qadr-les-laureats-du-concours-de-recitation-du-saint-coran-distingues\\\/\"]}]},{\"@type\":\"ImageObject\",\"inLanguage\":\"fr-FR\",\"@id\":\"https:\\\/\\\/lasentinelle.dz\\\/index.php\\\/2026\\\/03\\\/17\\\/a-loccasion-de-laylat-al-qadr-les-laureats-du-concours-de-recitation-du-saint-coran-distingues\\\/#primaryimage\",\"url\":\"https:\\\/\\\/lasentinelle.dz\\\/wp-content\\\/uploads\\\/2026\\\/03\\\/651897392_1233234102328232_2441062804939991179_n.jpg\",\"contentUrl\":\"https:\\\/\\\/lasentinelle.dz\\\/wp-content\\\/uploads\\\/2026\\\/03\\\/651897392_1233234102328232_2441062804939991179_n.jpg\",\"width\":1440,\"height\":1038},{\"@type\":\"BreadcrumbList\",\"@id\":\"https:\\\/\\\/lasentinelle.dz\\\/index.php\\\/2026\\\/03\\\/17\\\/a-loccasion-de-laylat-al-qadr-les-laureats-du-concours-de-recitation-du-saint-coran-distingues\\\/#breadcrumb\",\"itemListElement\":[{\"@type\":\"ListItem\",\"position\":1,\"name\":\"Accueil\",\"item\":\"https:\\\/\\\/lasentinelle.dz\\\/\"},{\"@type\":\"ListItem\",\"position\":2,\"name\":\"A l\u2019occasion de Laylat Al-Qadr\u00a0: Les laur\u00e9ats du concours de r\u00e9citation du Saint Coran distingu\u00e9s\"}]},{\"@type\":\"WebSite\",\"@id\":\"https:\\\/\\\/lasentinelle.dz\\\/#website\",\"url\":\"https:\\\/\\\/lasentinelle.dz\\\/\",\"name\":\"La Sentinelle\",\"description\":\"Quotidien national d&#039;information\",\"publisher\":{\"@id\":\"https:\\\/\\\/lasentinelle.dz\\\/#organization\"},\"potentialAction\":[{\"@type\":\"SearchAction\",\"target\":{\"@type\":\"EntryPoint\",\"urlTemplate\":\"https:\\\/\\\/lasentinelle.dz\\\/?s={search_term_string}\"},\"query-input\":{\"@type\":\"PropertyValueSpecification\",\"valueRequired\":true,\"valueName\":\"search_term_string\"}}],\"inLanguage\":\"fr-FR\"},{\"@type\":\"Organization\",\"@id\":\"https:\\\/\\\/lasentinelle.dz\\\/#organization\",\"name\":\"Quotidien La Sentinelle\",\"url\":\"https:\\\/\\\/lasentinelle.dz\\\/\",\"logo\":{\"@type\":\"ImageObject\",\"inLanguage\":\"fr-FR\",\"@id\":\"https:\\\/\\\/lasentinelle.dz\\\/#\\\/schema\\\/logo\\\/image\\\/\",\"url\":\"https:\\\/\\\/lasentinelle.dz\\\/wp-content\\\/uploads\\\/2021\\\/09\\\/logo-sentinelleSLOGAN-1.png\",\"contentUrl\":\"https:\\\/\\\/lasentinelle.dz\\\/wp-content\\\/uploads\\\/2021\\\/09\\\/logo-sentinelleSLOGAN-1.png\",\"width\":615,\"height\":142,\"caption\":\"Quotidien La Sentinelle\"},\"image\":{\"@id\":\"https:\\\/\\\/lasentinelle.dz\\\/#\\\/schema\\\/logo\\\/image\\\/\"},\"sameAs\":[\"https:\\\/\\\/www.facebook.com\\\/La-Sentinelle-104059864394773\"]},{\"@type\":\"Person\",\"@id\":\"https:\\\/\\\/lasentinelle.dz\\\/#\\\/schema\\\/person\\\/729ee0024f24e0b8c5ec17232f8e8b41\",\"name\":\"admin\",\"image\":{\"@type\":\"ImageObject\",\"inLanguage\":\"fr-FR\",\"@id\":\"https:\\\/\\\/secure.gravatar.com\\\/avatar\\\/4c81fed838786e9b53f540bf46533e750f5d292099ae3b66cfc6fb1982e29df7?s=96&d=mm&r=g\",\"url\":\"https:\\\/\\\/secure.gravatar.com\\\/avatar\\\/4c81fed838786e9b53f540bf46533e750f5d292099ae3b66cfc6fb1982e29df7?s=96&d=mm&r=g\",\"contentUrl\":\"https:\\\/\\\/secure.gravatar.com\\\/avatar\\\/4c81fed838786e9b53f540bf46533e750f5d292099ae3b66cfc6fb1982e29df7?s=96&d=mm&r=g\",\"caption\":\"admin\"},\"description\":\"admin\",\"url\":\"https:\\\/\\\/lasentinelle.dz\\\/author\\\/admin\\\/\"}]}<\/script>\n<!-- \/ Yoast SEO plugin. -->","yoast_head_json":{"title":"A l\u2019occasion de Laylat Al-Qadr\u00a0: Les laur\u00e9ats du concours de r\u00e9citation du Saint Coran distingu\u00e9s - La Sentinelle","robots":{"index":"index","follow":"follow","max-snippet":"max-snippet:-1","max-image-preview":"max-image-preview:large","max-video-preview":"max-video-preview:-1"},"canonical":"https:\/\/lasentinelle.dz\/index.php\/2026\/03\/17\/a-loccasion-de-laylat-al-qadr-les-laureats-du-concours-de-recitation-du-saint-coran-distingues\/","og_locale":"fr_FR","og_type":"article","og_title":"A l\u2019occasion de Laylat Al-Qadr\u00a0: Les laur\u00e9ats du concours de r\u00e9citation du Saint Coran distingu\u00e9s - La Sentinelle","og_description":"C&rsquo;est dans le cadre majestueux de Djama\u00e2 El-Djazair, la Grande Mosqu\u00e9e d&rsquo;Alger, que l&rsquo;Alg\u00e9rie a c\u00e9l\u00e9br\u00e9, lundi soir, Laylat Al-Qadr,","og_url":"https:\/\/lasentinelle.dz\/index.php\/2026\/03\/17\/a-loccasion-de-laylat-al-qadr-les-laureats-du-concours-de-recitation-du-saint-coran-distingues\/","og_site_name":"La Sentinelle","article_publisher":"https:\/\/www.facebook.com\/La-Sentinelle-104059864394773","article_published_time":"2026-03-17T20:27:10+00:00","article_modified_time":"2026-03-17T20:27:11+00:00","og_image":[{"width":1440,"height":1038,"url":"https:\/\/lasentinelle.dz\/wp-content\/uploads\/2026\/03\/651897392_1233234102328232_2441062804939991179_n.jpg","type":"image\/jpeg"}],"author":"admin","twitter_card":"summary_large_image","twitter_misc":{"\u00c9crit par":"admin","Dur\u00e9e de lecture estim\u00e9e":"3 minutes"},"schema":{"@context":"https:\/\/schema.org","@graph":[{"@type":"Article","@id":"https:\/\/lasentinelle.dz\/index.php\/2026\/03\/17\/a-loccasion-de-laylat-al-qadr-les-laureats-du-concours-de-recitation-du-saint-coran-distingues\/#article","isPartOf":{"@id":"https:\/\/lasentinelle.dz\/index.php\/2026\/03\/17\/a-loccasion-de-laylat-al-qadr-les-laureats-du-concours-de-recitation-du-saint-coran-distingues\/"},"author":{"name":"admin","@id":"https:\/\/lasentinelle.dz\/#\/schema\/person\/729ee0024f24e0b8c5ec17232f8e8b41"},"headline":"A l\u2019occasion de Laylat Al-Qadr\u00a0: Les laur\u00e9ats du concours de r\u00e9citation du Saint Coran distingu\u00e9s","datePublished":"2026-03-17T20:27:10+00:00","dateModified":"2026-03-17T20:27:11+00:00","mainEntityOfPage":{"@id":"https:\/\/lasentinelle.dz\/index.php\/2026\/03\/17\/a-loccasion-de-laylat-al-qadr-les-laureats-du-concours-de-recitation-du-saint-coran-distingues\/"},"wordCount":527,"commentCount":0,"publisher":{"@id":"https:\/\/lasentinelle.dz\/#organization"},"image":{"@id":"https:\/\/lasentinelle.dz\/index.php\/2026\/03\/17\/a-loccasion-de-laylat-al-qadr-les-laureats-du-concours-de-recitation-du-saint-coran-distingues\/#primaryimage"},"thumbnailUrl":"https:\/\/lasentinelle.dz\/wp-content\/uploads\/2026\/03\/651897392_1233234102328232_2441062804939991179_n.jpg","articleSection":["Culture"],"inLanguage":"fr-FR","potentialAction":[{"@type":"CommentAction","name":"Comment","target":["https:\/\/lasentinelle.dz\/index.php\/2026\/03\/17\/a-loccasion-de-laylat-al-qadr-les-laureats-du-concours-de-recitation-du-saint-coran-distingues\/#respond"]}]},{"@type":"WebPage","@id":"https:\/\/lasentinelle.dz\/index.php\/2026\/03\/17\/a-loccasion-de-laylat-al-qadr-les-laureats-du-concours-de-recitation-du-saint-coran-distingues\/","url":"https:\/\/lasentinelle.dz\/index.php\/2026\/03\/17\/a-loccasion-de-laylat-al-qadr-les-laureats-du-concours-de-recitation-du-saint-coran-distingues\/","name":"A l\u2019occasion de Laylat Al-Qadr\u00a0: Les laur\u00e9ats du concours de r\u00e9citation du Saint Coran distingu\u00e9s - La Sentinelle","isPartOf":{"@id":"https:\/\/lasentinelle.dz\/#website"},"primaryImageOfPage":{"@id":"https:\/\/lasentinelle.dz\/index.php\/2026\/03\/17\/a-loccasion-de-laylat-al-qadr-les-laureats-du-concours-de-recitation-du-saint-coran-distingues\/#primaryimage"},"image":{"@id":"https:\/\/lasentinelle.dz\/index.php\/2026\/03\/17\/a-loccasion-de-laylat-al-qadr-les-laureats-du-concours-de-recitation-du-saint-coran-distingues\/#primaryimage"},"thumbnailUrl":"https:\/\/lasentinelle.dz\/wp-content\/uploads\/2026\/03\/651897392_1233234102328232_2441062804939991179_n.jpg","datePublished":"2026-03-17T20:27:10+00:00","dateModified":"2026-03-17T20:27:11+00:00","breadcrumb":{"@id":"https:\/\/lasentinelle.dz\/index.php\/2026\/03\/17\/a-loccasion-de-laylat-al-qadr-les-laureats-du-concours-de-recitation-du-saint-coran-distingues\/#breadcrumb"},"inLanguage":"fr-FR","potentialAction":[{"@type":"ReadAction","target":["https:\/\/lasentinelle.dz\/index.php\/2026\/03\/17\/a-loccasion-de-laylat-al-qadr-les-laureats-du-concours-de-recitation-du-saint-coran-distingues\/"]}]},{"@type":"ImageObject","inLanguage":"fr-FR","@id":"https:\/\/lasentinelle.dz\/index.php\/2026\/03\/17\/a-loccasion-de-laylat-al-qadr-les-laureats-du-concours-de-recitation-du-saint-coran-distingues\/#primaryimage","url":"https:\/\/lasentinelle.dz\/wp-content\/uploads\/2026\/03\/651897392_1233234102328232_2441062804939991179_n.jpg","contentUrl":"https:\/\/lasentinelle.dz\/wp-content\/uploads\/2026\/03\/651897392_1233234102328232_2441062804939991179_n.jpg","width":1440,"height":1038},{"@type":"BreadcrumbList","@id":"https:\/\/lasentinelle.dz\/index.php\/2026\/03\/17\/a-loccasion-de-laylat-al-qadr-les-laureats-du-concours-de-recitation-du-saint-coran-distingues\/#breadcrumb","itemListElement":[{"@type":"ListItem","position":1,"name":"Accueil","item":"https:\/\/lasentinelle.dz\/"},{"@type":"ListItem","position":2,"name":"A l\u2019occasion de Laylat Al-Qadr\u00a0: Les laur\u00e9ats du concours de r\u00e9citation du Saint Coran distingu\u00e9s"}]},{"@type":"WebSite","@id":"https:\/\/lasentinelle.dz\/#website","url":"https:\/\/lasentinelle.dz\/","name":"La Sentinelle","description":"Quotidien national d&#039;information","publisher":{"@id":"https:\/\/lasentinelle.dz\/#organization"},"potentialAction":[{"@type":"SearchAction","target":{"@type":"EntryPoint","urlTemplate":"https:\/\/lasentinelle.dz\/?s={search_term_string}"},"query-input":{"@type":"PropertyValueSpecification","valueRequired":true,"valueName":"search_term_string"}}],"inLanguage":"fr-FR"},{"@type":"Organization","@id":"https:\/\/lasentinelle.dz\/#organization","name":"Quotidien La Sentinelle","url":"https:\/\/lasentinelle.dz\/","logo":{"@type":"ImageObject","inLanguage":"fr-FR","@id":"https:\/\/lasentinelle.dz\/#\/schema\/logo\/image\/","url":"https:\/\/lasentinelle.dz\/wp-content\/uploads\/2021\/09\/logo-sentinelleSLOGAN-1.png","contentUrl":"https:\/\/lasentinelle.dz\/wp-content\/uploads\/2021\/09\/logo-sentinelleSLOGAN-1.png","width":615,"height":142,"caption":"Quotidien La Sentinelle"},"image":{"@id":"https:\/\/lasentinelle.dz\/#\/schema\/logo\/image\/"},"sameAs":["https:\/\/www.facebook.com\/La-Sentinelle-104059864394773"]},{"@type":"Person","@id":"https:\/\/lasentinelle.dz\/#\/schema\/person\/729ee0024f24e0b8c5ec17232f8e8b41","name":"admin","image":{"@type":"ImageObject","inLanguage":"fr-FR","@id":"https:\/\/secure.gravatar.com\/avatar\/4c81fed838786e9b53f540bf46533e750f5d292099ae3b66cfc6fb1982e29df7?s=96&d=mm&r=g","url":"https:\/\/secure.gravatar.com\/avatar\/4c81fed838786e9b53f540bf46533e750f5d292099ae3b66cfc6fb1982e29df7?s=96&d=mm&r=g","contentUrl":"https:\/\/secure.gravatar.com\/avatar\/4c81fed838786e9b53f540bf46533e750f5d292099ae3b66cfc6fb1982e29df7?s=96&d=mm&r=g","caption":"admin"},"description":"admin","url":"https:\/\/lasentinelle.dz\/author\/admin\/"}]}},"_links":{"self":[{"href":"https:\/\/lasentinelle.dz\/index.php\/wp-json\/wp\/v2\/posts\/83748","targetHints":{"allow":["GET"]}}],"collection":[{"href":"https:\/\/lasentinelle.dz\/index.php\/wp-json\/wp\/v2\/posts"}],"about":[{"href":"https:\/\/lasentinelle.dz\/index.php\/wp-json\/wp\/v2\/types\/post"}],"author":[{"embeddable":true,"href":"https:\/\/lasentinelle.dz\/index.php\/wp-json\/wp\/v2\/users\/6"}],"replies":[{"embeddable":true,"href":"https:\/\/lasentinelle.dz\/index.php\/wp-json\/wp\/v2\/comments?post=83748"}],"version-history":[{"count":1,"href":"https:\/\/lasentinelle.dz\/index.php\/wp-json\/wp\/v2\/posts\/83748\/revisions"}],"predecessor-version":[{"id":83750,"href":"https:\/\/lasentinelle.dz\/index.php\/wp-json\/wp\/v2\/posts\/83748\/revisions\/83750"}],"wp:featuredmedia":[{"embeddable":true,"href":"https:\/\/lasentinelle.dz\/index.php\/wp-json\/wp\/v2\/media\/83749"}],"wp:attachment":[{"href":"https:\/\/lasentinelle.dz\/index.php\/wp-json\/wp\/v2\/media?parent=83748"}],"wp:term":[{"taxonomy":"category","embeddable":true,"href":"https:\/\/lasentinelle.dz\/index.php\/wp-json\/wp\/v2\/categories?post=83748"},{"taxonomy":"post_tag","embeddable":true,"href":"https:\/\/lasentinelle.dz\/index.php\/wp-json\/wp\/v2\/tags?post=83748"}],"curies":[{"name":"wp","href":"https:\/\/api.w.org\/{rel}","templated":true}]}}