{"id":83757,"date":"2026-03-17T21:30:19","date_gmt":"2026-03-17T20:30:19","guid":{"rendered":"https:\/\/lasentinelle.dz\/?p=83757"},"modified":"2026-03-17T21:30:20","modified_gmt":"2026-03-17T20:30:20","slug":"lentite-sioniste-menace-le-liban-de-destruction-totale-lonu-denonce-des-menaces-dune-gravite-totalement-inacceptable","status":"publish","type":"post","link":"https:\/\/lasentinelle.dz\/index.php\/2026\/03\/17\/lentite-sioniste-menace-le-liban-de-destruction-totale-lonu-denonce-des-menaces-dune-gravite-totalement-inacceptable\/","title":{"rendered":"L\u2019entit\u00e9 sioniste menace le Liban de destruction totale\u00a0: L&rsquo;ONU d\u00e9nonce des menaces d&rsquo;une gravit\u00e9 \u00ab totalement inacceptable \u00bb"},"content":{"rendered":"\n<p>Le Bureau des droits de l&rsquo;Homme des Nations unies a hauss\u00e9 le ton mardi contre l\u2019entit\u00e9 sioniste. Face \u00e0 des d\u00e9clarations de responsables isra\u00e9liens \u00e9voquant la possibilit\u00e9 d&rsquo;infliger au Liban le m\u00eame niveau de destruction que celui subi par Gaza, le porte-parole Thameen Al-Kheetan a tranch\u00e9 sans d\u00e9tour : de tels propos sont \u00ab totalement inacceptables \u00bb. La mise en garde onusienne intervient alors que la situation humanitaire au Liban atteint un seuil critique, deux semaines apr\u00e8s la reprise d&rsquo;une campagne militaire massive qui a d\u00e9j\u00e0 contraint plus d&rsquo;un million de personnes \u00e0 fuir leurs foyers.<\/p>\n\n\n\n<p>\u00ab Une telle rh\u00e9torique, associ\u00e9e \u00e0 l&rsquo;annonce par l&rsquo;arm\u00e9e isra\u00e9lienne du d\u00e9ploiement de forces suppl\u00e9mentaires et de l&rsquo;\u00e9largissement de son incursion terrestre, accentue la peur et l&rsquo;anxi\u00e9t\u00e9 profondes parmi la population libanaise \u00bb, a pr\u00e9cis\u00e9 Al-Kheetan depuis Gen\u00e8ve. Derri\u00e8re la condamnation diplomatique se dessine une r\u00e9alit\u00e9 de terrain accablante : depuis le 2 mars, date du d\u00e9clenchement de la nouvelle aggression sioniste, 1.049.328 personnes se sont officiellement enregistr\u00e9es comme d\u00e9plac\u00e9es aupr\u00e8s du minist\u00e8re libanais des Affaires sociales. Parmi elles, 132.742 sont h\u00e9berg\u00e9es dans plus de 600 centres d&rsquo;accueil collectifs, souvent surpeupl\u00e9s, o\u00f9 l&rsquo;acc\u00e8s \u00e0 la nourriture, \u00e0 l&rsquo;eau potable et aux soins demeure insuffisant. Le bilan humain est lourd. Au moins 886 personnes, dont 111 enfants, ont \u00e9t\u00e9 tu\u00e9es depuis le d\u00e9but du mois de mars, selon les chiffres compil\u00e9s par le Bureau onusien des droits de l&rsquo;Homme. Des donn\u00e9es qui recoupent celles du minist\u00e8re libanais de la Sant\u00e9, qui fait \u00e9tat d&rsquo;au moins 850 morts, dont 107 enfants, sur la m\u00eame p\u00e9riode. Cette offensive se poursuit en d\u00e9pit d&rsquo;un accord de cessez-le-feu en vigueur depuis fin novembre 2024 \u2014 un accord que l&rsquo;arm\u00e9e isra\u00e9lienne continue de violer, selon les autorit\u00e9s libanaises.<\/p>\n\n\n\n<p>Face \u00e0 l&rsquo;ampleur de la catastrophe, le Haut-Commissaire des Nations unies aux droits de l&rsquo;Homme, Volker T\u00fcrk, a appel\u00e9 \u00e0 \u00ab une cessation imm\u00e9diate des hostilit\u00e9s \u00bb et exig\u00e9 que \u00ab toutes les violations fassent l&rsquo;objet de mesures de responsabilisation \u00bb. Il a par ailleurs exhort\u00e9 la communaut\u00e9 internationale \u00e0 renforcer son soutien \u00e0 la r\u00e9ponse humanitaire au Liban. Le porte-parole Al-Kheetan a pour sa part rappel\u00e9 que le droit international humanitaire prohibe les d\u00e9placements forc\u00e9s de populations civiles et garantit leur protection, en particulier celle des groupes les plus vuln\u00e9rables \u2014 une injonction que les faits, heure apr\u00e8s heure, semblent r\u00e9duire \u00e0 n\u00e9ant.<\/p>\n\n\n\n<p>R.I.<\/p>\n","protected":false},"excerpt":{"rendered":"<p>Le Bureau des droits de l&rsquo;Homme des Nations unies a hauss\u00e9 le ton mardi contre l\u2019entit\u00e9 sioniste. Face \u00e0 des<\/p>\n","protected":false},"author":6,"featured_media":83667,"comment_status":"open","ping_status":"closed","sticky":false,"template":"","format":"standard","meta":{"colormag_page_container_layout":"default_layout","colormag_page_sidebar_layout":"default_layout","om_disable_all_campaigns":false,"_monsterinsights_skip_tracking":false,"_monsterinsights_sitenote_active":false,"_monsterinsights_sitenote_note":"","_monsterinsights_sitenote_category":0,"footnotes":"","_wpscppro_dont_share_socialmedia":false,"_wpscppro_custom_social_share_image":0,"_facebook_share_type":"default","_twitter_share_type":"default","_linkedin_share_type":"default","_pinterest_share_type":"default","_linkedin_share_type_page":"","_instagram_share_type":"default","_medium_share_type":"default","_threads_share_type":"default","_google_business_share_type":"default","_selected_social_profile":[],"_wpsp_enable_custom_social_template":false,"_wpsp_social_scheduling":{"enabled":false,"datetime":null,"platforms":[],"status":"template_only","dateOption":"today","timeOption":"now","customDays":"","customHours":"","customDate":"","customTime":"","schedulingType":"absolute"},"_wpsp_active_default_template":true},"categories":[37],"tags":[],"class_list":["post-83757","post","type-post","status-publish","format-standard","has-post-thumbnail","hentry","category-monde"],"aioseo_notices":[],"yoast_head":"<!-- This site is optimized with the Yoast SEO plugin v27.5 - https:\/\/yoast.com\/product\/yoast-seo-wordpress\/ -->\n<title>L\u2019entit\u00e9 sioniste menace le Liban de destruction totale\u00a0: L&rsquo;ONU d\u00e9nonce des menaces d&rsquo;une gravit\u00e9 \u00ab totalement inacceptable \u00bb - La Sentinelle<\/title>\n<meta name=\"robots\" content=\"index, follow, max-snippet:-1, max-image-preview:large, max-video-preview:-1\" \/>\n<link rel=\"canonical\" href=\"https:\/\/lasentinelle.dz\/index.php\/2026\/03\/17\/lentite-sioniste-menace-le-liban-de-destruction-totale-lonu-denonce-des-menaces-dune-gravite-totalement-inacceptable\/\" \/>\n<meta property=\"og:locale\" content=\"fr_FR\" \/>\n<meta property=\"og:type\" content=\"article\" \/>\n<meta property=\"og:title\" content=\"L\u2019entit\u00e9 sioniste menace le Liban de destruction totale\u00a0: L&rsquo;ONU d\u00e9nonce des menaces d&rsquo;une gravit\u00e9 \u00ab totalement inacceptable \u00bb - La Sentinelle\" \/>\n<meta property=\"og:description\" content=\"Le Bureau des droits de l&rsquo;Homme des Nations unies a hauss\u00e9 le ton mardi contre l\u2019entit\u00e9 sioniste. Face \u00e0 des\" \/>\n<meta property=\"og:url\" content=\"https:\/\/lasentinelle.dz\/index.php\/2026\/03\/17\/lentite-sioniste-menace-le-liban-de-destruction-totale-lonu-denonce-des-menaces-dune-gravite-totalement-inacceptable\/\" \/>\n<meta property=\"og:site_name\" content=\"La Sentinelle\" \/>\n<meta property=\"article:publisher\" content=\"https:\/\/www.facebook.com\/La-Sentinelle-104059864394773\" \/>\n<meta property=\"article:published_time\" content=\"2026-03-17T20:30:19+00:00\" \/>\n<meta property=\"article:modified_time\" content=\"2026-03-17T20:30:20+00:00\" \/>\n<meta property=\"og:image\" content=\"https:\/\/lasentinelle.dz\/wp-content\/uploads\/2026\/03\/liban-1.jpg\" \/>\n\t<meta property=\"og:image:width\" content=\"640\" \/>\n\t<meta property=\"og:image:height\" content=\"340\" \/>\n\t<meta property=\"og:image:type\" content=\"image\/jpeg\" \/>\n<meta name=\"author\" content=\"admin\" \/>\n<meta name=\"twitter:card\" content=\"summary_large_image\" \/>\n<meta name=\"twitter:label1\" content=\"\u00c9crit par\" \/>\n\t<meta name=\"twitter:data1\" content=\"admin\" \/>\n\t<meta name=\"twitter:label2\" content=\"Dur\u00e9e de lecture estim\u00e9e\" \/>\n\t<meta name=\"twitter:data2\" content=\"3 minutes\" \/>\n<script type=\"application\/ld+json\" class=\"yoast-schema-graph\">{\"@context\":\"https:\\\/\\\/schema.org\",\"@graph\":[{\"@type\":\"Article\",\"@id\":\"https:\\\/\\\/lasentinelle.dz\\\/index.php\\\/2026\\\/03\\\/17\\\/lentite-sioniste-menace-le-liban-de-destruction-totale-lonu-denonce-des-menaces-dune-gravite-totalement-inacceptable\\\/#article\",\"isPartOf\":{\"@id\":\"https:\\\/\\\/lasentinelle.dz\\\/index.php\\\/2026\\\/03\\\/17\\\/lentite-sioniste-menace-le-liban-de-destruction-totale-lonu-denonce-des-menaces-dune-gravite-totalement-inacceptable\\\/\"},\"author\":{\"name\":\"admin\",\"@id\":\"https:\\\/\\\/lasentinelle.dz\\\/#\\\/schema\\\/person\\\/729ee0024f24e0b8c5ec17232f8e8b41\"},\"headline\":\"L\u2019entit\u00e9 sioniste menace le Liban de destruction totale\u00a0: L&rsquo;ONU d\u00e9nonce des menaces d&rsquo;une gravit\u00e9 \u00ab totalement inacceptable \u00bb\",\"datePublished\":\"2026-03-17T20:30:19+00:00\",\"dateModified\":\"2026-03-17T20:30:20+00:00\",\"mainEntityOfPage\":{\"@id\":\"https:\\\/\\\/lasentinelle.dz\\\/index.php\\\/2026\\\/03\\\/17\\\/lentite-sioniste-menace-le-liban-de-destruction-totale-lonu-denonce-des-menaces-dune-gravite-totalement-inacceptable\\\/\"},\"wordCount\":452,\"commentCount\":0,\"publisher\":{\"@id\":\"https:\\\/\\\/lasentinelle.dz\\\/#organization\"},\"image\":{\"@id\":\"https:\\\/\\\/lasentinelle.dz\\\/index.php\\\/2026\\\/03\\\/17\\\/lentite-sioniste-menace-le-liban-de-destruction-totale-lonu-denonce-des-menaces-dune-gravite-totalement-inacceptable\\\/#primaryimage\"},\"thumbnailUrl\":\"https:\\\/\\\/lasentinelle.dz\\\/wp-content\\\/uploads\\\/2026\\\/03\\\/liban-1.jpg\",\"articleSection\":[\"Monde\"],\"inLanguage\":\"fr-FR\",\"potentialAction\":[{\"@type\":\"CommentAction\",\"name\":\"Comment\",\"target\":[\"https:\\\/\\\/lasentinelle.dz\\\/index.php\\\/2026\\\/03\\\/17\\\/lentite-sioniste-menace-le-liban-de-destruction-totale-lonu-denonce-des-menaces-dune-gravite-totalement-inacceptable\\\/#respond\"]}]},{\"@type\":\"WebPage\",\"@id\":\"https:\\\/\\\/lasentinelle.dz\\\/index.php\\\/2026\\\/03\\\/17\\\/lentite-sioniste-menace-le-liban-de-destruction-totale-lonu-denonce-des-menaces-dune-gravite-totalement-inacceptable\\\/\",\"url\":\"https:\\\/\\\/lasentinelle.dz\\\/index.php\\\/2026\\\/03\\\/17\\\/lentite-sioniste-menace-le-liban-de-destruction-totale-lonu-denonce-des-menaces-dune-gravite-totalement-inacceptable\\\/\",\"name\":\"L\u2019entit\u00e9 sioniste menace le Liban de destruction totale\u00a0: L&rsquo;ONU d\u00e9nonce des menaces d&rsquo;une gravit\u00e9 \u00ab totalement inacceptable \u00bb - La Sentinelle\",\"isPartOf\":{\"@id\":\"https:\\\/\\\/lasentinelle.dz\\\/#website\"},\"primaryImageOfPage\":{\"@id\":\"https:\\\/\\\/lasentinelle.dz\\\/index.php\\\/2026\\\/03\\\/17\\\/lentite-sioniste-menace-le-liban-de-destruction-totale-lonu-denonce-des-menaces-dune-gravite-totalement-inacceptable\\\/#primaryimage\"},\"image\":{\"@id\":\"https:\\\/\\\/lasentinelle.dz\\\/index.php\\\/2026\\\/03\\\/17\\\/lentite-sioniste-menace-le-liban-de-destruction-totale-lonu-denonce-des-menaces-dune-gravite-totalement-inacceptable\\\/#primaryimage\"},\"thumbnailUrl\":\"https:\\\/\\\/lasentinelle.dz\\\/wp-content\\\/uploads\\\/2026\\\/03\\\/liban-1.jpg\",\"datePublished\":\"2026-03-17T20:30:19+00:00\",\"dateModified\":\"2026-03-17T20:30:20+00:00\",\"breadcrumb\":{\"@id\":\"https:\\\/\\\/lasentinelle.dz\\\/index.php\\\/2026\\\/03\\\/17\\\/lentite-sioniste-menace-le-liban-de-destruction-totale-lonu-denonce-des-menaces-dune-gravite-totalement-inacceptable\\\/#breadcrumb\"},\"inLanguage\":\"fr-FR\",\"potentialAction\":[{\"@type\":\"ReadAction\",\"target\":[\"https:\\\/\\\/lasentinelle.dz\\\/index.php\\\/2026\\\/03\\\/17\\\/lentite-sioniste-menace-le-liban-de-destruction-totale-lonu-denonce-des-menaces-dune-gravite-totalement-inacceptable\\\/\"]}]},{\"@type\":\"ImageObject\",\"inLanguage\":\"fr-FR\",\"@id\":\"https:\\\/\\\/lasentinelle.dz\\\/index.php\\\/2026\\\/03\\\/17\\\/lentite-sioniste-menace-le-liban-de-destruction-totale-lonu-denonce-des-menaces-dune-gravite-totalement-inacceptable\\\/#primaryimage\",\"url\":\"https:\\\/\\\/lasentinelle.dz\\\/wp-content\\\/uploads\\\/2026\\\/03\\\/liban-1.jpg\",\"contentUrl\":\"https:\\\/\\\/lasentinelle.dz\\\/wp-content\\\/uploads\\\/2026\\\/03\\\/liban-1.jpg\",\"width\":640,\"height\":340},{\"@type\":\"BreadcrumbList\",\"@id\":\"https:\\\/\\\/lasentinelle.dz\\\/index.php\\\/2026\\\/03\\\/17\\\/lentite-sioniste-menace-le-liban-de-destruction-totale-lonu-denonce-des-menaces-dune-gravite-totalement-inacceptable\\\/#breadcrumb\",\"itemListElement\":[{\"@type\":\"ListItem\",\"position\":1,\"name\":\"Accueil\",\"item\":\"https:\\\/\\\/lasentinelle.dz\\\/\"},{\"@type\":\"ListItem\",\"position\":2,\"name\":\"L\u2019entit\u00e9 sioniste menace le Liban de destruction totale\u00a0: L&rsquo;ONU d\u00e9nonce des menaces d&rsquo;une gravit\u00e9 \u00ab totalement inacceptable \u00bb\"}]},{\"@type\":\"WebSite\",\"@id\":\"https:\\\/\\\/lasentinelle.dz\\\/#website\",\"url\":\"https:\\\/\\\/lasentinelle.dz\\\/\",\"name\":\"La Sentinelle\",\"description\":\"Quotidien national d&#039;information\",\"publisher\":{\"@id\":\"https:\\\/\\\/lasentinelle.dz\\\/#organization\"},\"potentialAction\":[{\"@type\":\"SearchAction\",\"target\":{\"@type\":\"EntryPoint\",\"urlTemplate\":\"https:\\\/\\\/lasentinelle.dz\\\/?s={search_term_string}\"},\"query-input\":{\"@type\":\"PropertyValueSpecification\",\"valueRequired\":true,\"valueName\":\"search_term_string\"}}],\"inLanguage\":\"fr-FR\"},{\"@type\":\"Organization\",\"@id\":\"https:\\\/\\\/lasentinelle.dz\\\/#organization\",\"name\":\"Quotidien La Sentinelle\",\"url\":\"https:\\\/\\\/lasentinelle.dz\\\/\",\"logo\":{\"@type\":\"ImageObject\",\"inLanguage\":\"fr-FR\",\"@id\":\"https:\\\/\\\/lasentinelle.dz\\\/#\\\/schema\\\/logo\\\/image\\\/\",\"url\":\"https:\\\/\\\/lasentinelle.dz\\\/wp-content\\\/uploads\\\/2021\\\/09\\\/logo-sentinelleSLOGAN-1.png\",\"contentUrl\":\"https:\\\/\\\/lasentinelle.dz\\\/wp-content\\\/uploads\\\/2021\\\/09\\\/logo-sentinelleSLOGAN-1.png\",\"width\":615,\"height\":142,\"caption\":\"Quotidien La Sentinelle\"},\"image\":{\"@id\":\"https:\\\/\\\/lasentinelle.dz\\\/#\\\/schema\\\/logo\\\/image\\\/\"},\"sameAs\":[\"https:\\\/\\\/www.facebook.com\\\/La-Sentinelle-104059864394773\"]},{\"@type\":\"Person\",\"@id\":\"https:\\\/\\\/lasentinelle.dz\\\/#\\\/schema\\\/person\\\/729ee0024f24e0b8c5ec17232f8e8b41\",\"name\":\"admin\",\"image\":{\"@type\":\"ImageObject\",\"inLanguage\":\"fr-FR\",\"@id\":\"https:\\\/\\\/secure.gravatar.com\\\/avatar\\\/4c81fed838786e9b53f540bf46533e750f5d292099ae3b66cfc6fb1982e29df7?s=96&d=mm&r=g\",\"url\":\"https:\\\/\\\/secure.gravatar.com\\\/avatar\\\/4c81fed838786e9b53f540bf46533e750f5d292099ae3b66cfc6fb1982e29df7?s=96&d=mm&r=g\",\"contentUrl\":\"https:\\\/\\\/secure.gravatar.com\\\/avatar\\\/4c81fed838786e9b53f540bf46533e750f5d292099ae3b66cfc6fb1982e29df7?s=96&d=mm&r=g\",\"caption\":\"admin\"},\"description\":\"admin\",\"url\":\"https:\\\/\\\/lasentinelle.dz\\\/author\\\/admin\\\/\"}]}<\/script>\n<!-- \/ Yoast SEO plugin. -->","yoast_head_json":{"title":"L\u2019entit\u00e9 sioniste menace le Liban de destruction totale\u00a0: L&rsquo;ONU d\u00e9nonce des menaces d&rsquo;une gravit\u00e9 \u00ab totalement inacceptable \u00bb - La Sentinelle","robots":{"index":"index","follow":"follow","max-snippet":"max-snippet:-1","max-image-preview":"max-image-preview:large","max-video-preview":"max-video-preview:-1"},"canonical":"https:\/\/lasentinelle.dz\/index.php\/2026\/03\/17\/lentite-sioniste-menace-le-liban-de-destruction-totale-lonu-denonce-des-menaces-dune-gravite-totalement-inacceptable\/","og_locale":"fr_FR","og_type":"article","og_title":"L\u2019entit\u00e9 sioniste menace le Liban de destruction totale\u00a0: L&rsquo;ONU d\u00e9nonce des menaces d&rsquo;une gravit\u00e9 \u00ab totalement inacceptable \u00bb - La Sentinelle","og_description":"Le Bureau des droits de l&rsquo;Homme des Nations unies a hauss\u00e9 le ton mardi contre l\u2019entit\u00e9 sioniste. Face \u00e0 des","og_url":"https:\/\/lasentinelle.dz\/index.php\/2026\/03\/17\/lentite-sioniste-menace-le-liban-de-destruction-totale-lonu-denonce-des-menaces-dune-gravite-totalement-inacceptable\/","og_site_name":"La Sentinelle","article_publisher":"https:\/\/www.facebook.com\/La-Sentinelle-104059864394773","article_published_time":"2026-03-17T20:30:19+00:00","article_modified_time":"2026-03-17T20:30:20+00:00","og_image":[{"width":640,"height":340,"url":"https:\/\/lasentinelle.dz\/wp-content\/uploads\/2026\/03\/liban-1.jpg","type":"image\/jpeg"}],"author":"admin","twitter_card":"summary_large_image","twitter_misc":{"\u00c9crit par":"admin","Dur\u00e9e de lecture estim\u00e9e":"3 minutes"},"schema":{"@context":"https:\/\/schema.org","@graph":[{"@type":"Article","@id":"https:\/\/lasentinelle.dz\/index.php\/2026\/03\/17\/lentite-sioniste-menace-le-liban-de-destruction-totale-lonu-denonce-des-menaces-dune-gravite-totalement-inacceptable\/#article","isPartOf":{"@id":"https:\/\/lasentinelle.dz\/index.php\/2026\/03\/17\/lentite-sioniste-menace-le-liban-de-destruction-totale-lonu-denonce-des-menaces-dune-gravite-totalement-inacceptable\/"},"author":{"name":"admin","@id":"https:\/\/lasentinelle.dz\/#\/schema\/person\/729ee0024f24e0b8c5ec17232f8e8b41"},"headline":"L\u2019entit\u00e9 sioniste menace le Liban de destruction totale\u00a0: L&rsquo;ONU d\u00e9nonce des menaces d&rsquo;une gravit\u00e9 \u00ab totalement inacceptable \u00bb","datePublished":"2026-03-17T20:30:19+00:00","dateModified":"2026-03-17T20:30:20+00:00","mainEntityOfPage":{"@id":"https:\/\/lasentinelle.dz\/index.php\/2026\/03\/17\/lentite-sioniste-menace-le-liban-de-destruction-totale-lonu-denonce-des-menaces-dune-gravite-totalement-inacceptable\/"},"wordCount":452,"commentCount":0,"publisher":{"@id":"https:\/\/lasentinelle.dz\/#organization"},"image":{"@id":"https:\/\/lasentinelle.dz\/index.php\/2026\/03\/17\/lentite-sioniste-menace-le-liban-de-destruction-totale-lonu-denonce-des-menaces-dune-gravite-totalement-inacceptable\/#primaryimage"},"thumbnailUrl":"https:\/\/lasentinelle.dz\/wp-content\/uploads\/2026\/03\/liban-1.jpg","articleSection":["Monde"],"inLanguage":"fr-FR","potentialAction":[{"@type":"CommentAction","name":"Comment","target":["https:\/\/lasentinelle.dz\/index.php\/2026\/03\/17\/lentite-sioniste-menace-le-liban-de-destruction-totale-lonu-denonce-des-menaces-dune-gravite-totalement-inacceptable\/#respond"]}]},{"@type":"WebPage","@id":"https:\/\/lasentinelle.dz\/index.php\/2026\/03\/17\/lentite-sioniste-menace-le-liban-de-destruction-totale-lonu-denonce-des-menaces-dune-gravite-totalement-inacceptable\/","url":"https:\/\/lasentinelle.dz\/index.php\/2026\/03\/17\/lentite-sioniste-menace-le-liban-de-destruction-totale-lonu-denonce-des-menaces-dune-gravite-totalement-inacceptable\/","name":"L\u2019entit\u00e9 sioniste menace le Liban de destruction totale\u00a0: L&rsquo;ONU d\u00e9nonce des menaces d&rsquo;une gravit\u00e9 \u00ab totalement inacceptable \u00bb - La Sentinelle","isPartOf":{"@id":"https:\/\/lasentinelle.dz\/#website"},"primaryImageOfPage":{"@id":"https:\/\/lasentinelle.dz\/index.php\/2026\/03\/17\/lentite-sioniste-menace-le-liban-de-destruction-totale-lonu-denonce-des-menaces-dune-gravite-totalement-inacceptable\/#primaryimage"},"image":{"@id":"https:\/\/lasentinelle.dz\/index.php\/2026\/03\/17\/lentite-sioniste-menace-le-liban-de-destruction-totale-lonu-denonce-des-menaces-dune-gravite-totalement-inacceptable\/#primaryimage"},"thumbnailUrl":"https:\/\/lasentinelle.dz\/wp-content\/uploads\/2026\/03\/liban-1.jpg","datePublished":"2026-03-17T20:30:19+00:00","dateModified":"2026-03-17T20:30:20+00:00","breadcrumb":{"@id":"https:\/\/lasentinelle.dz\/index.php\/2026\/03\/17\/lentite-sioniste-menace-le-liban-de-destruction-totale-lonu-denonce-des-menaces-dune-gravite-totalement-inacceptable\/#breadcrumb"},"inLanguage":"fr-FR","potentialAction":[{"@type":"ReadAction","target":["https:\/\/lasentinelle.dz\/index.php\/2026\/03\/17\/lentite-sioniste-menace-le-liban-de-destruction-totale-lonu-denonce-des-menaces-dune-gravite-totalement-inacceptable\/"]}]},{"@type":"ImageObject","inLanguage":"fr-FR","@id":"https:\/\/lasentinelle.dz\/index.php\/2026\/03\/17\/lentite-sioniste-menace-le-liban-de-destruction-totale-lonu-denonce-des-menaces-dune-gravite-totalement-inacceptable\/#primaryimage","url":"https:\/\/lasentinelle.dz\/wp-content\/uploads\/2026\/03\/liban-1.jpg","contentUrl":"https:\/\/lasentinelle.dz\/wp-content\/uploads\/2026\/03\/liban-1.jpg","width":640,"height":340},{"@type":"BreadcrumbList","@id":"https:\/\/lasentinelle.dz\/index.php\/2026\/03\/17\/lentite-sioniste-menace-le-liban-de-destruction-totale-lonu-denonce-des-menaces-dune-gravite-totalement-inacceptable\/#breadcrumb","itemListElement":[{"@type":"ListItem","position":1,"name":"Accueil","item":"https:\/\/lasentinelle.dz\/"},{"@type":"ListItem","position":2,"name":"L\u2019entit\u00e9 sioniste menace le Liban de destruction totale\u00a0: L&rsquo;ONU d\u00e9nonce des menaces d&rsquo;une gravit\u00e9 \u00ab totalement inacceptable \u00bb"}]},{"@type":"WebSite","@id":"https:\/\/lasentinelle.dz\/#website","url":"https:\/\/lasentinelle.dz\/","name":"La Sentinelle","description":"Quotidien national d&#039;information","publisher":{"@id":"https:\/\/lasentinelle.dz\/#organization"},"potentialAction":[{"@type":"SearchAction","target":{"@type":"EntryPoint","urlTemplate":"https:\/\/lasentinelle.dz\/?s={search_term_string}"},"query-input":{"@type":"PropertyValueSpecification","valueRequired":true,"valueName":"search_term_string"}}],"inLanguage":"fr-FR"},{"@type":"Organization","@id":"https:\/\/lasentinelle.dz\/#organization","name":"Quotidien La Sentinelle","url":"https:\/\/lasentinelle.dz\/","logo":{"@type":"ImageObject","inLanguage":"fr-FR","@id":"https:\/\/lasentinelle.dz\/#\/schema\/logo\/image\/","url":"https:\/\/lasentinelle.dz\/wp-content\/uploads\/2021\/09\/logo-sentinelleSLOGAN-1.png","contentUrl":"https:\/\/lasentinelle.dz\/wp-content\/uploads\/2021\/09\/logo-sentinelleSLOGAN-1.png","width":615,"height":142,"caption":"Quotidien La Sentinelle"},"image":{"@id":"https:\/\/lasentinelle.dz\/#\/schema\/logo\/image\/"},"sameAs":["https:\/\/www.facebook.com\/La-Sentinelle-104059864394773"]},{"@type":"Person","@id":"https:\/\/lasentinelle.dz\/#\/schema\/person\/729ee0024f24e0b8c5ec17232f8e8b41","name":"admin","image":{"@type":"ImageObject","inLanguage":"fr-FR","@id":"https:\/\/secure.gravatar.com\/avatar\/4c81fed838786e9b53f540bf46533e750f5d292099ae3b66cfc6fb1982e29df7?s=96&d=mm&r=g","url":"https:\/\/secure.gravatar.com\/avatar\/4c81fed838786e9b53f540bf46533e750f5d292099ae3b66cfc6fb1982e29df7?s=96&d=mm&r=g","contentUrl":"https:\/\/secure.gravatar.com\/avatar\/4c81fed838786e9b53f540bf46533e750f5d292099ae3b66cfc6fb1982e29df7?s=96&d=mm&r=g","caption":"admin"},"description":"admin","url":"https:\/\/lasentinelle.dz\/author\/admin\/"}]}},"_links":{"self":[{"href":"https:\/\/lasentinelle.dz\/index.php\/wp-json\/wp\/v2\/posts\/83757","targetHints":{"allow":["GET"]}}],"collection":[{"href":"https:\/\/lasentinelle.dz\/index.php\/wp-json\/wp\/v2\/posts"}],"about":[{"href":"https:\/\/lasentinelle.dz\/index.php\/wp-json\/wp\/v2\/types\/post"}],"author":[{"embeddable":true,"href":"https:\/\/lasentinelle.dz\/index.php\/wp-json\/wp\/v2\/users\/6"}],"replies":[{"embeddable":true,"href":"https:\/\/lasentinelle.dz\/index.php\/wp-json\/wp\/v2\/comments?post=83757"}],"version-history":[{"count":2,"href":"https:\/\/lasentinelle.dz\/index.php\/wp-json\/wp\/v2\/posts\/83757\/revisions"}],"predecessor-version":[{"id":83759,"href":"https:\/\/lasentinelle.dz\/index.php\/wp-json\/wp\/v2\/posts\/83757\/revisions\/83759"}],"wp:featuredmedia":[{"embeddable":true,"href":"https:\/\/lasentinelle.dz\/index.php\/wp-json\/wp\/v2\/media\/83667"}],"wp:attachment":[{"href":"https:\/\/lasentinelle.dz\/index.php\/wp-json\/wp\/v2\/media?parent=83757"}],"wp:term":[{"taxonomy":"category","embeddable":true,"href":"https:\/\/lasentinelle.dz\/index.php\/wp-json\/wp\/v2\/categories?post=83757"},{"taxonomy":"post_tag","embeddable":true,"href":"https:\/\/lasentinelle.dz\/index.php\/wp-json\/wp\/v2\/tags?post=83757"}],"curies":[{"name":"wp","href":"https:\/\/api.w.org\/{rel}","templated":true}]}}