{"id":83760,"date":"2026-03-17T21:31:06","date_gmt":"2026-03-17T20:31:06","guid":{"rendered":"https:\/\/lasentinelle.dz\/?p=83760"},"modified":"2026-03-17T21:31:07","modified_gmt":"2026-03-17T20:31:07","slug":"le-pam-avertit-contre-le-prolongement-de-la-guerre-au-moyen-orient-vers-une-nouvelle-crise-alimentaire","status":"publish","type":"post","link":"https:\/\/lasentinelle.dz\/index.php\/2026\/03\/17\/le-pam-avertit-contre-le-prolongement-de-la-guerre-au-moyen-orient-vers-une-nouvelle-crise-alimentaire\/","title":{"rendered":"Le PAM avertit contre le prolongement de la guerre au Moyen-Orient\u00a0: Vers une nouvelle crise alimentaire\u00a0!"},"content":{"rendered":"\n<p>La guerre au Moyen-Orient menace de plonger 45 millions de personnes suppl\u00e9mentaires dans la faim tandis que les cours du p\u00e9trole s&rsquo;envolent.<\/p>\n\n\n\n<p>Au 18<sup>e<\/sup> jour du conflit d\u00e9clench\u00e9 le 28 f\u00e9vrier par l&rsquo;offensive militaire am\u00e9ricano-isra\u00e9lienne contre l&rsquo;Iran, la guerre au Moyen-Orient fait d\u00e9sormais peser une menace sans pr\u00e9c\u00e9dent sur la s\u00e9curit\u00e9 alimentaire mondiale et d\u00e9stabilise en profondeur les march\u00e9s de l&rsquo;\u00e9nergie. Le Programme alimentaire mondial (PAM) des Nations unies a lanc\u00e9 mardi depuis Gen\u00e8ve une alerte d&rsquo;une gravit\u00e9 exceptionnelle. Si le conflit se poursuit jusqu&rsquo;en juin et que le prix du p\u00e9trole reste sup\u00e9rieur \u00e0 100 dollars le baril, pr\u00e8s de 45 millions de personnes suppl\u00e9mentaires pourraient basculer dans l&rsquo;ins\u00e9curit\u00e9 alimentaire aigu\u00eb, s&rsquo;ajoutant aux quelque 320 millions d&rsquo;\u00eatres humains qui en souffrent d\u00e9j\u00e0 \u00e0 travers le monde. \u00ab Cela porterait les niveaux de faim dans le monde \u00e0 un record, et c&rsquo;est une perspective terrible \u00bb, a d\u00e9clar\u00e9 le directeur ex\u00e9cutif adjoint du PAM, Carl Skau, lors d&rsquo;un point de presse. Le responsable onusien a rappel\u00e9 que la pr\u00e9c\u00e9dente pouss\u00e9e record, provoqu\u00e9e par la guerre en Ukraine en 2022, avait touch\u00e9 349 millions de personnes. Si le conflit actuel ne concerne pas une r\u00e9gion c\u00e9r\u00e9ali\u00e8re mais une plaque tournante \u00e9nerg\u00e9tique mondiale, l&rsquo;impact potentiel est comparable, car les march\u00e9s de l&rsquo;\u00e9nergie et de l&rsquo;alimentation sont \u00e9troitement li\u00e9s, souligne le PAM. La fermeture de facto du d\u00e9troit d&rsquo;Ormuz par T\u00e9h\u00e9ran, en r\u00e9ponse \u00e0 l&rsquo;attaque am\u00e9ricano-isra\u00e9lienne, constitue le principal vecteur de cette crise. Ce passage maritime, par lequel transite environ un cinqui\u00e8me du volume mondial d&rsquo;hydrocarbures et de gaz naturel liqu\u00e9fi\u00e9, est devenu impraticable, provoquant une flamb\u00e9e des cours p\u00e9troliers. Mardi matin, le baril de Brent de la mer du Nord bondissait de 4,67 % \u00e0 104,88 dollars, tandis que le West Texas Intermediate (WTI) gagnait 5,16 % \u00e0 98,32 dollars. La d\u00e9gradation des installations \u00e9nerg\u00e9tiques du Golfe et les attaques r\u00e9p\u00e9t\u00e9es contre la zone industrielle p\u00e9troli\u00e8re de Fuja\u00efrah, sur la c\u00f4te est des \u00c9mirats arabes unis, ont pouss\u00e9 la compagnie nationale Adnoc \u00e0 suspendre ses chargements de brut. Au total, l&rsquo;Iran a tir\u00e9 plus de 1 900 missiles et drones sur les \u00c9mirats, davantage que sur tout autre pays cibl\u00e9, frappant a\u00e9roports, ports et installations p\u00e9troli\u00e8res afin de rendre insupportable le co\u00fbt de la guerre pour les alli\u00e9s de Washington dans la r\u00e9gion. Les risques croissants sur la navigation en mer Rouge aggravent encore la situation, rench\u00e9rissant le prix des engrais, du carburant et des denr\u00e9es alimentaires. Le PAM pr\u00e9voit une hausse de 21 % de l&rsquo;ins\u00e9curit\u00e9 alimentaire en Afrique de l&rsquo;Ouest et centrale, de 17 % en Afrique de l&rsquo;Est et australe, et de 24 % en Asie. Des pays comme la Somalie, le Kenya ou le Soudan, qui importe 80 % de son bl\u00e9, sont particuli\u00e8rement expos\u00e9s. \u00ab Nos cha\u00eenes d&rsquo;approvisionnement sont peut-\u00eatre au bord de la perturbation la plus grave depuis la COVID-19 \u00bb, a averti Carl Skau, pr\u00e9cisant que les frais de transport maritime du PAM avaient d\u00e9j\u00e0 augment\u00e9 de 18 %.<\/p>\n\n\n\n<p><strong>Ali Larijani tu\u00e9&nbsp;?<\/strong><\/p>\n\n\n\n<p>Sur le plan militaire, le ministre isra\u00e9lien de la D\u00e9fense, Isra\u00ebl Katz, a annonc\u00e9 mardi dans un message vid\u00e9o \u00ab l&rsquo;\u00e9limination \u00bb d&rsquo;Ali Larijani, chef du Conseil supr\u00eame de s\u00e9curit\u00e9 nationale iranien, ainsi que celle du g\u00e9n\u00e9ral Gholamr\u00e9za Soleimani, commandant de la milice du Bassidj. &nbsp;L\u2019information n\u2019a toutefois pas \u00e9t\u00e9 confirm\u00e9e au moment o\u00f9 nous mettons ous presse. Quelques jours plus t\u00f4t, le haut responsable \u00e9tait apparu publiquement \u00e0 un rassemblement \u00e0 T\u00e9h\u00e9ran, d\u00e9clarant \u00e0 la t\u00e9l\u00e9vision d&rsquo;\u00c9tat : \u00ab Le probl\u00e8me de Trump, c&rsquo;est qu&rsquo;il ne comprend pas que le peuple iranien est une nation courageuse, une nation forte, une nation d\u00e9termin\u00e9e. \u00bb T\u00e9h\u00e9ran n&rsquo;avait pas r\u00e9agi \u00e0 cette annonce au moment de la publication de cet article. Peu avant la d\u00e9claration isra\u00e9lienne, les comptes officiels de Larijani sur les r\u00e9seaux sociaux avaient publi\u00e9 une note manuscrite non dat\u00e9e rendant hommage \u00e0 84 soldats d\u00e9c\u00e9d\u00e9s sur une fr\u00e9gate coul\u00e9e par les \u00c9tats-Unis le 4 mars au large du Sri Lanka. Ali Khamenei et plusieurs personnalit\u00e9s de l&rsquo;appareil militaire et politique iranien avaient \u00e9t\u00e9 tu\u00e9s le 28 f\u00e9vrier dernier. Le fils de Khamenei, Mojtaba, d\u00e9sign\u00e9 comme successeur, n&rsquo;est toujours pas apparu en public et son \u00e9tat reste incertain. L&rsquo;ambassadeur iranien \u00e0 Moscou, Kazem Jalali, a d\u00e9menti les informations de m\u00e9dias kowe\u00eftiens selon lesquelles le nouveau guide supr\u00eame aurait \u00e9t\u00e9 secr\u00e8tement transf\u00e9r\u00e9 en Russie pour y recevoir des soins, qualifiant ces all\u00e9gations de \u00ab guerre psychologique \u00bb. Le porte-parole du Kremlin, Dmitri Peskov, a refus\u00e9 de commenter. Le conflit s&rsquo;est par ailleurs \u00e9tendu \u00e0 l&rsquo;Irak, aspir\u00e9 dans une guerre qu&rsquo;il cherchait \u00e0 \u00e9viter. \u00c0 Bagdad, quatre personnes ont \u00e9t\u00e9 tu\u00e9es dans une frappe visant un quartier qui, selon des sources proches des groupes arm\u00e9s pro-iraniens, h\u00e9bergeait des conseillers de T\u00e9h\u00e9ran. L&rsquo;ambassade des \u00c9tats-Unis a \u00e9t\u00e9 attaqu\u00e9e \u00e0 deux reprises. Au Liban, l&rsquo;aviation isra\u00e9lienne a bombard\u00e9 des quartiers de la banlieue sud de Beyrouth, tandis que le Hezbollah affirmait avoir attaqu\u00e9 des soldats et des chars isra\u00e9liens dans le sud du pays.<\/p>\n\n\n\n<p>Trump choqu\u00e9, un navire de guerre en route pour le Moyen-Orient<\/p>\n\n\n\n<p>\u00c0 Washington, le pr\u00e9sident Donald Trump a reconnu avoir \u00e9t\u00e9 \u00ab choqu\u00e9 \u00bb par l&rsquo;ampleur de la riposte iranienne, admettant que \u00ab personne ne pensait qu&rsquo;ils allaient frapper \u00bb dans le Golfe. Confront\u00e9 \u00e0 l&rsquo;isolement diplomatique, il peine \u00e0 convaincre ses alli\u00e9s de participer \u00e0 la s\u00e9curisation du d\u00e9troit d&rsquo;Ormuz : l&rsquo;Allemagne et la Grande-Bretagne excluent une op\u00e9ration de l&rsquo;OTAN, le Japon et l&rsquo;Australie ont \u00e9cart\u00e9 l&rsquo;envoi de navires. La Chine, sans prendre parti, a annonc\u00e9 l&rsquo;envoi d&rsquo;aide humanitaire \u00e0 l&rsquo;Iran, \u00e0 la Jordanie, au Liban et \u00e0 l&rsquo;Irak. Signe des fractures internes provoqu\u00e9es par ce conflit aux \u00c9tats-Unis m\u00eames, Joseph Kent, directeur du Centre national de lutte contre le terrorisme, a annonc\u00e9 sa d\u00e9mission, d\u00e9clarant dans une lettre ouverte au pr\u00e9sident : \u00ab Je ne peux, en toute conscience, soutenir la guerre qui se d\u00e9roule actuellement en Iran. \u00bb<\/p>\n\n\n\n<p>Cette guerre s\u2019enlise et s\u2019inscrit dans la dur\u00e9e. L\u2019envoi de troupes au sol est une option envisag\u00e9e par Washington. Un navire de guerre de la marine am\u00e9ricaine, suppos\u00e9 transporter des milliers de Marines et de marins, approche du d\u00e9troit de Malacca (situ\u00e9 entre la p\u00e9ninsule Malaise et l&rsquo;\u00eele indon\u00e9sienne de Sumatra), selon des donn\u00e9es de suivi maritime publi\u00e9es mardi. Des responsables am\u00e9ricains ont d\u00e9clar\u00e9 \u00e0 CNN que le navire \u00e9tait d\u00e9ploy\u00e9 dans la r\u00e9gion, sans pr\u00e9ciser sa destination exacte ni sa mission. T\u00e9h\u00e9ran affiche pour sa part da d\u00e9termination, estimant \u00eatre pr\u00e9par\u00e9 \u00e0 toute option.<\/p>\n\n\n\n<p>Lyes Sa\u00efdi<\/p>\n","protected":false},"excerpt":{"rendered":"<p>La guerre au Moyen-Orient menace de plonger 45 millions de personnes suppl\u00e9mentaires dans la faim tandis que les cours du<\/p>\n","protected":false},"author":6,"featured_media":68874,"comment_status":"open","ping_status":"closed","sticky":false,"template":"","format":"standard","meta":{"colormag_page_container_layout":"default_layout","colormag_page_sidebar_layout":"default_layout","om_disable_all_campaigns":false,"_monsterinsights_skip_tracking":false,"_monsterinsights_sitenote_active":false,"_monsterinsights_sitenote_note":"","_monsterinsights_sitenote_category":0,"footnotes":"","_wpscppro_dont_share_socialmedia":false,"_wpscppro_custom_social_share_image":0,"_facebook_share_type":"default","_twitter_share_type":"default","_linkedin_share_type":"default","_pinterest_share_type":"default","_linkedin_share_type_page":"","_instagram_share_type":"default","_medium_share_type":"default","_threads_share_type":"default","_google_business_share_type":"default","_selected_social_profile":[],"_wpsp_enable_custom_social_template":false,"_wpsp_social_scheduling":{"enabled":false,"datetime":null,"platforms":[],"status":"template_only","dateOption":"today","timeOption":"now","customDays":"","customHours":"","customDate":"","customTime":"","schedulingType":"absolute"},"_wpsp_active_default_template":true},"categories":[37],"tags":[],"class_list":["post-83760","post","type-post","status-publish","format-standard","has-post-thumbnail","hentry","category-monde"],"aioseo_notices":[],"yoast_head":"<!-- This site is optimized with the Yoast SEO plugin v27.5 - https:\/\/yoast.com\/product\/yoast-seo-wordpress\/ -->\n<title>Le PAM avertit contre le prolongement de la guerre au Moyen-Orient\u00a0: Vers une nouvelle crise alimentaire\u00a0! - La Sentinelle<\/title>\n<meta name=\"robots\" content=\"index, follow, max-snippet:-1, max-image-preview:large, max-video-preview:-1\" \/>\n<link rel=\"canonical\" href=\"https:\/\/lasentinelle.dz\/index.php\/2026\/03\/17\/le-pam-avertit-contre-le-prolongement-de-la-guerre-au-moyen-orient-vers-une-nouvelle-crise-alimentaire\/\" \/>\n<meta property=\"og:locale\" content=\"fr_FR\" \/>\n<meta property=\"og:type\" content=\"article\" \/>\n<meta property=\"og:title\" content=\"Le PAM avertit contre le prolongement de la guerre au Moyen-Orient\u00a0: Vers une nouvelle crise alimentaire\u00a0! - La Sentinelle\" \/>\n<meta property=\"og:description\" content=\"La guerre au Moyen-Orient menace de plonger 45 millions de personnes suppl\u00e9mentaires dans la faim tandis que les cours du\" \/>\n<meta property=\"og:url\" content=\"https:\/\/lasentinelle.dz\/index.php\/2026\/03\/17\/le-pam-avertit-contre-le-prolongement-de-la-guerre-au-moyen-orient-vers-une-nouvelle-crise-alimentaire\/\" \/>\n<meta property=\"og:site_name\" content=\"La Sentinelle\" \/>\n<meta property=\"article:publisher\" content=\"https:\/\/www.facebook.com\/La-Sentinelle-104059864394773\" \/>\n<meta property=\"article:published_time\" content=\"2026-03-17T20:31:06+00:00\" \/>\n<meta property=\"article:modified_time\" content=\"2026-03-17T20:31:07+00:00\" \/>\n<meta property=\"og:image\" content=\"https:\/\/lasentinelle.dz\/wp-content\/uploads\/2025\/06\/Iran.jpeg\" \/>\n\t<meta property=\"og:image:width\" content=\"900\" \/>\n\t<meta property=\"og:image:height\" content=\"675\" \/>\n\t<meta property=\"og:image:type\" content=\"image\/jpeg\" \/>\n<meta name=\"author\" content=\"admin\" \/>\n<meta name=\"twitter:card\" content=\"summary_large_image\" \/>\n<meta name=\"twitter:label1\" content=\"\u00c9crit par\" \/>\n\t<meta name=\"twitter:data1\" content=\"admin\" \/>\n\t<meta name=\"twitter:label2\" content=\"Dur\u00e9e de lecture estim\u00e9e\" \/>\n\t<meta name=\"twitter:data2\" content=\"6 minutes\" \/>\n<script type=\"application\/ld+json\" class=\"yoast-schema-graph\">{\"@context\":\"https:\\\/\\\/schema.org\",\"@graph\":[{\"@type\":\"Article\",\"@id\":\"https:\\\/\\\/lasentinelle.dz\\\/index.php\\\/2026\\\/03\\\/17\\\/le-pam-avertit-contre-le-prolongement-de-la-guerre-au-moyen-orient-vers-une-nouvelle-crise-alimentaire\\\/#article\",\"isPartOf\":{\"@id\":\"https:\\\/\\\/lasentinelle.dz\\\/index.php\\\/2026\\\/03\\\/17\\\/le-pam-avertit-contre-le-prolongement-de-la-guerre-au-moyen-orient-vers-une-nouvelle-crise-alimentaire\\\/\"},\"author\":{\"name\":\"admin\",\"@id\":\"https:\\\/\\\/lasentinelle.dz\\\/#\\\/schema\\\/person\\\/729ee0024f24e0b8c5ec17232f8e8b41\"},\"headline\":\"Le PAM avertit contre le prolongement de la guerre au Moyen-Orient\u00a0: Vers une nouvelle crise alimentaire\u00a0!\",\"datePublished\":\"2026-03-17T20:31:06+00:00\",\"dateModified\":\"2026-03-17T20:31:07+00:00\",\"mainEntityOfPage\":{\"@id\":\"https:\\\/\\\/lasentinelle.dz\\\/index.php\\\/2026\\\/03\\\/17\\\/le-pam-avertit-contre-le-prolongement-de-la-guerre-au-moyen-orient-vers-une-nouvelle-crise-alimentaire\\\/\"},\"wordCount\":1220,\"commentCount\":0,\"publisher\":{\"@id\":\"https:\\\/\\\/lasentinelle.dz\\\/#organization\"},\"image\":{\"@id\":\"https:\\\/\\\/lasentinelle.dz\\\/index.php\\\/2026\\\/03\\\/17\\\/le-pam-avertit-contre-le-prolongement-de-la-guerre-au-moyen-orient-vers-une-nouvelle-crise-alimentaire\\\/#primaryimage\"},\"thumbnailUrl\":\"https:\\\/\\\/lasentinelle.dz\\\/wp-content\\\/uploads\\\/2025\\\/06\\\/Iran.jpeg\",\"articleSection\":[\"Monde\"],\"inLanguage\":\"fr-FR\",\"potentialAction\":[{\"@type\":\"CommentAction\",\"name\":\"Comment\",\"target\":[\"https:\\\/\\\/lasentinelle.dz\\\/index.php\\\/2026\\\/03\\\/17\\\/le-pam-avertit-contre-le-prolongement-de-la-guerre-au-moyen-orient-vers-une-nouvelle-crise-alimentaire\\\/#respond\"]}]},{\"@type\":\"WebPage\",\"@id\":\"https:\\\/\\\/lasentinelle.dz\\\/index.php\\\/2026\\\/03\\\/17\\\/le-pam-avertit-contre-le-prolongement-de-la-guerre-au-moyen-orient-vers-une-nouvelle-crise-alimentaire\\\/\",\"url\":\"https:\\\/\\\/lasentinelle.dz\\\/index.php\\\/2026\\\/03\\\/17\\\/le-pam-avertit-contre-le-prolongement-de-la-guerre-au-moyen-orient-vers-une-nouvelle-crise-alimentaire\\\/\",\"name\":\"Le PAM avertit contre le prolongement de la guerre au Moyen-Orient\u00a0: Vers une nouvelle crise alimentaire\u00a0! - La Sentinelle\",\"isPartOf\":{\"@id\":\"https:\\\/\\\/lasentinelle.dz\\\/#website\"},\"primaryImageOfPage\":{\"@id\":\"https:\\\/\\\/lasentinelle.dz\\\/index.php\\\/2026\\\/03\\\/17\\\/le-pam-avertit-contre-le-prolongement-de-la-guerre-au-moyen-orient-vers-une-nouvelle-crise-alimentaire\\\/#primaryimage\"},\"image\":{\"@id\":\"https:\\\/\\\/lasentinelle.dz\\\/index.php\\\/2026\\\/03\\\/17\\\/le-pam-avertit-contre-le-prolongement-de-la-guerre-au-moyen-orient-vers-une-nouvelle-crise-alimentaire\\\/#primaryimage\"},\"thumbnailUrl\":\"https:\\\/\\\/lasentinelle.dz\\\/wp-content\\\/uploads\\\/2025\\\/06\\\/Iran.jpeg\",\"datePublished\":\"2026-03-17T20:31:06+00:00\",\"dateModified\":\"2026-03-17T20:31:07+00:00\",\"breadcrumb\":{\"@id\":\"https:\\\/\\\/lasentinelle.dz\\\/index.php\\\/2026\\\/03\\\/17\\\/le-pam-avertit-contre-le-prolongement-de-la-guerre-au-moyen-orient-vers-une-nouvelle-crise-alimentaire\\\/#breadcrumb\"},\"inLanguage\":\"fr-FR\",\"potentialAction\":[{\"@type\":\"ReadAction\",\"target\":[\"https:\\\/\\\/lasentinelle.dz\\\/index.php\\\/2026\\\/03\\\/17\\\/le-pam-avertit-contre-le-prolongement-de-la-guerre-au-moyen-orient-vers-une-nouvelle-crise-alimentaire\\\/\"]}]},{\"@type\":\"ImageObject\",\"inLanguage\":\"fr-FR\",\"@id\":\"https:\\\/\\\/lasentinelle.dz\\\/index.php\\\/2026\\\/03\\\/17\\\/le-pam-avertit-contre-le-prolongement-de-la-guerre-au-moyen-orient-vers-une-nouvelle-crise-alimentaire\\\/#primaryimage\",\"url\":\"https:\\\/\\\/lasentinelle.dz\\\/wp-content\\\/uploads\\\/2025\\\/06\\\/Iran.jpeg\",\"contentUrl\":\"https:\\\/\\\/lasentinelle.dz\\\/wp-content\\\/uploads\\\/2025\\\/06\\\/Iran.jpeg\",\"width\":900,\"height\":675},{\"@type\":\"BreadcrumbList\",\"@id\":\"https:\\\/\\\/lasentinelle.dz\\\/index.php\\\/2026\\\/03\\\/17\\\/le-pam-avertit-contre-le-prolongement-de-la-guerre-au-moyen-orient-vers-une-nouvelle-crise-alimentaire\\\/#breadcrumb\",\"itemListElement\":[{\"@type\":\"ListItem\",\"position\":1,\"name\":\"Accueil\",\"item\":\"https:\\\/\\\/lasentinelle.dz\\\/\"},{\"@type\":\"ListItem\",\"position\":2,\"name\":\"Le PAM avertit contre le prolongement de la guerre au Moyen-Orient\u00a0: Vers une nouvelle crise alimentaire\u00a0!\"}]},{\"@type\":\"WebSite\",\"@id\":\"https:\\\/\\\/lasentinelle.dz\\\/#website\",\"url\":\"https:\\\/\\\/lasentinelle.dz\\\/\",\"name\":\"La Sentinelle\",\"description\":\"Quotidien national d&#039;information\",\"publisher\":{\"@id\":\"https:\\\/\\\/lasentinelle.dz\\\/#organization\"},\"potentialAction\":[{\"@type\":\"SearchAction\",\"target\":{\"@type\":\"EntryPoint\",\"urlTemplate\":\"https:\\\/\\\/lasentinelle.dz\\\/?s={search_term_string}\"},\"query-input\":{\"@type\":\"PropertyValueSpecification\",\"valueRequired\":true,\"valueName\":\"search_term_string\"}}],\"inLanguage\":\"fr-FR\"},{\"@type\":\"Organization\",\"@id\":\"https:\\\/\\\/lasentinelle.dz\\\/#organization\",\"name\":\"Quotidien La Sentinelle\",\"url\":\"https:\\\/\\\/lasentinelle.dz\\\/\",\"logo\":{\"@type\":\"ImageObject\",\"inLanguage\":\"fr-FR\",\"@id\":\"https:\\\/\\\/lasentinelle.dz\\\/#\\\/schema\\\/logo\\\/image\\\/\",\"url\":\"https:\\\/\\\/lasentinelle.dz\\\/wp-content\\\/uploads\\\/2021\\\/09\\\/logo-sentinelleSLOGAN-1.png\",\"contentUrl\":\"https:\\\/\\\/lasentinelle.dz\\\/wp-content\\\/uploads\\\/2021\\\/09\\\/logo-sentinelleSLOGAN-1.png\",\"width\":615,\"height\":142,\"caption\":\"Quotidien La Sentinelle\"},\"image\":{\"@id\":\"https:\\\/\\\/lasentinelle.dz\\\/#\\\/schema\\\/logo\\\/image\\\/\"},\"sameAs\":[\"https:\\\/\\\/www.facebook.com\\\/La-Sentinelle-104059864394773\"]},{\"@type\":\"Person\",\"@id\":\"https:\\\/\\\/lasentinelle.dz\\\/#\\\/schema\\\/person\\\/729ee0024f24e0b8c5ec17232f8e8b41\",\"name\":\"admin\",\"image\":{\"@type\":\"ImageObject\",\"inLanguage\":\"fr-FR\",\"@id\":\"https:\\\/\\\/secure.gravatar.com\\\/avatar\\\/4c81fed838786e9b53f540bf46533e750f5d292099ae3b66cfc6fb1982e29df7?s=96&d=mm&r=g\",\"url\":\"https:\\\/\\\/secure.gravatar.com\\\/avatar\\\/4c81fed838786e9b53f540bf46533e750f5d292099ae3b66cfc6fb1982e29df7?s=96&d=mm&r=g\",\"contentUrl\":\"https:\\\/\\\/secure.gravatar.com\\\/avatar\\\/4c81fed838786e9b53f540bf46533e750f5d292099ae3b66cfc6fb1982e29df7?s=96&d=mm&r=g\",\"caption\":\"admin\"},\"description\":\"admin\",\"url\":\"https:\\\/\\\/lasentinelle.dz\\\/author\\\/admin\\\/\"}]}<\/script>\n<!-- \/ Yoast SEO plugin. -->","yoast_head_json":{"title":"Le PAM avertit contre le prolongement de la guerre au Moyen-Orient\u00a0: Vers une nouvelle crise alimentaire\u00a0! - La Sentinelle","robots":{"index":"index","follow":"follow","max-snippet":"max-snippet:-1","max-image-preview":"max-image-preview:large","max-video-preview":"max-video-preview:-1"},"canonical":"https:\/\/lasentinelle.dz\/index.php\/2026\/03\/17\/le-pam-avertit-contre-le-prolongement-de-la-guerre-au-moyen-orient-vers-une-nouvelle-crise-alimentaire\/","og_locale":"fr_FR","og_type":"article","og_title":"Le PAM avertit contre le prolongement de la guerre au Moyen-Orient\u00a0: Vers une nouvelle crise alimentaire\u00a0! - La Sentinelle","og_description":"La guerre au Moyen-Orient menace de plonger 45 millions de personnes suppl\u00e9mentaires dans la faim tandis que les cours du","og_url":"https:\/\/lasentinelle.dz\/index.php\/2026\/03\/17\/le-pam-avertit-contre-le-prolongement-de-la-guerre-au-moyen-orient-vers-une-nouvelle-crise-alimentaire\/","og_site_name":"La Sentinelle","article_publisher":"https:\/\/www.facebook.com\/La-Sentinelle-104059864394773","article_published_time":"2026-03-17T20:31:06+00:00","article_modified_time":"2026-03-17T20:31:07+00:00","og_image":[{"width":900,"height":675,"url":"https:\/\/lasentinelle.dz\/wp-content\/uploads\/2025\/06\/Iran.jpeg","type":"image\/jpeg"}],"author":"admin","twitter_card":"summary_large_image","twitter_misc":{"\u00c9crit par":"admin","Dur\u00e9e de lecture estim\u00e9e":"6 minutes"},"schema":{"@context":"https:\/\/schema.org","@graph":[{"@type":"Article","@id":"https:\/\/lasentinelle.dz\/index.php\/2026\/03\/17\/le-pam-avertit-contre-le-prolongement-de-la-guerre-au-moyen-orient-vers-une-nouvelle-crise-alimentaire\/#article","isPartOf":{"@id":"https:\/\/lasentinelle.dz\/index.php\/2026\/03\/17\/le-pam-avertit-contre-le-prolongement-de-la-guerre-au-moyen-orient-vers-une-nouvelle-crise-alimentaire\/"},"author":{"name":"admin","@id":"https:\/\/lasentinelle.dz\/#\/schema\/person\/729ee0024f24e0b8c5ec17232f8e8b41"},"headline":"Le PAM avertit contre le prolongement de la guerre au Moyen-Orient\u00a0: Vers une nouvelle crise alimentaire\u00a0!","datePublished":"2026-03-17T20:31:06+00:00","dateModified":"2026-03-17T20:31:07+00:00","mainEntityOfPage":{"@id":"https:\/\/lasentinelle.dz\/index.php\/2026\/03\/17\/le-pam-avertit-contre-le-prolongement-de-la-guerre-au-moyen-orient-vers-une-nouvelle-crise-alimentaire\/"},"wordCount":1220,"commentCount":0,"publisher":{"@id":"https:\/\/lasentinelle.dz\/#organization"},"image":{"@id":"https:\/\/lasentinelle.dz\/index.php\/2026\/03\/17\/le-pam-avertit-contre-le-prolongement-de-la-guerre-au-moyen-orient-vers-une-nouvelle-crise-alimentaire\/#primaryimage"},"thumbnailUrl":"https:\/\/lasentinelle.dz\/wp-content\/uploads\/2025\/06\/Iran.jpeg","articleSection":["Monde"],"inLanguage":"fr-FR","potentialAction":[{"@type":"CommentAction","name":"Comment","target":["https:\/\/lasentinelle.dz\/index.php\/2026\/03\/17\/le-pam-avertit-contre-le-prolongement-de-la-guerre-au-moyen-orient-vers-une-nouvelle-crise-alimentaire\/#respond"]}]},{"@type":"WebPage","@id":"https:\/\/lasentinelle.dz\/index.php\/2026\/03\/17\/le-pam-avertit-contre-le-prolongement-de-la-guerre-au-moyen-orient-vers-une-nouvelle-crise-alimentaire\/","url":"https:\/\/lasentinelle.dz\/index.php\/2026\/03\/17\/le-pam-avertit-contre-le-prolongement-de-la-guerre-au-moyen-orient-vers-une-nouvelle-crise-alimentaire\/","name":"Le PAM avertit contre le prolongement de la guerre au Moyen-Orient\u00a0: Vers une nouvelle crise alimentaire\u00a0! - La Sentinelle","isPartOf":{"@id":"https:\/\/lasentinelle.dz\/#website"},"primaryImageOfPage":{"@id":"https:\/\/lasentinelle.dz\/index.php\/2026\/03\/17\/le-pam-avertit-contre-le-prolongement-de-la-guerre-au-moyen-orient-vers-une-nouvelle-crise-alimentaire\/#primaryimage"},"image":{"@id":"https:\/\/lasentinelle.dz\/index.php\/2026\/03\/17\/le-pam-avertit-contre-le-prolongement-de-la-guerre-au-moyen-orient-vers-une-nouvelle-crise-alimentaire\/#primaryimage"},"thumbnailUrl":"https:\/\/lasentinelle.dz\/wp-content\/uploads\/2025\/06\/Iran.jpeg","datePublished":"2026-03-17T20:31:06+00:00","dateModified":"2026-03-17T20:31:07+00:00","breadcrumb":{"@id":"https:\/\/lasentinelle.dz\/index.php\/2026\/03\/17\/le-pam-avertit-contre-le-prolongement-de-la-guerre-au-moyen-orient-vers-une-nouvelle-crise-alimentaire\/#breadcrumb"},"inLanguage":"fr-FR","potentialAction":[{"@type":"ReadAction","target":["https:\/\/lasentinelle.dz\/index.php\/2026\/03\/17\/le-pam-avertit-contre-le-prolongement-de-la-guerre-au-moyen-orient-vers-une-nouvelle-crise-alimentaire\/"]}]},{"@type":"ImageObject","inLanguage":"fr-FR","@id":"https:\/\/lasentinelle.dz\/index.php\/2026\/03\/17\/le-pam-avertit-contre-le-prolongement-de-la-guerre-au-moyen-orient-vers-une-nouvelle-crise-alimentaire\/#primaryimage","url":"https:\/\/lasentinelle.dz\/wp-content\/uploads\/2025\/06\/Iran.jpeg","contentUrl":"https:\/\/lasentinelle.dz\/wp-content\/uploads\/2025\/06\/Iran.jpeg","width":900,"height":675},{"@type":"BreadcrumbList","@id":"https:\/\/lasentinelle.dz\/index.php\/2026\/03\/17\/le-pam-avertit-contre-le-prolongement-de-la-guerre-au-moyen-orient-vers-une-nouvelle-crise-alimentaire\/#breadcrumb","itemListElement":[{"@type":"ListItem","position":1,"name":"Accueil","item":"https:\/\/lasentinelle.dz\/"},{"@type":"ListItem","position":2,"name":"Le PAM avertit contre le prolongement de la guerre au Moyen-Orient\u00a0: Vers une nouvelle crise alimentaire\u00a0!"}]},{"@type":"WebSite","@id":"https:\/\/lasentinelle.dz\/#website","url":"https:\/\/lasentinelle.dz\/","name":"La Sentinelle","description":"Quotidien national d&#039;information","publisher":{"@id":"https:\/\/lasentinelle.dz\/#organization"},"potentialAction":[{"@type":"SearchAction","target":{"@type":"EntryPoint","urlTemplate":"https:\/\/lasentinelle.dz\/?s={search_term_string}"},"query-input":{"@type":"PropertyValueSpecification","valueRequired":true,"valueName":"search_term_string"}}],"inLanguage":"fr-FR"},{"@type":"Organization","@id":"https:\/\/lasentinelle.dz\/#organization","name":"Quotidien La Sentinelle","url":"https:\/\/lasentinelle.dz\/","logo":{"@type":"ImageObject","inLanguage":"fr-FR","@id":"https:\/\/lasentinelle.dz\/#\/schema\/logo\/image\/","url":"https:\/\/lasentinelle.dz\/wp-content\/uploads\/2021\/09\/logo-sentinelleSLOGAN-1.png","contentUrl":"https:\/\/lasentinelle.dz\/wp-content\/uploads\/2021\/09\/logo-sentinelleSLOGAN-1.png","width":615,"height":142,"caption":"Quotidien La Sentinelle"},"image":{"@id":"https:\/\/lasentinelle.dz\/#\/schema\/logo\/image\/"},"sameAs":["https:\/\/www.facebook.com\/La-Sentinelle-104059864394773"]},{"@type":"Person","@id":"https:\/\/lasentinelle.dz\/#\/schema\/person\/729ee0024f24e0b8c5ec17232f8e8b41","name":"admin","image":{"@type":"ImageObject","inLanguage":"fr-FR","@id":"https:\/\/secure.gravatar.com\/avatar\/4c81fed838786e9b53f540bf46533e750f5d292099ae3b66cfc6fb1982e29df7?s=96&d=mm&r=g","url":"https:\/\/secure.gravatar.com\/avatar\/4c81fed838786e9b53f540bf46533e750f5d292099ae3b66cfc6fb1982e29df7?s=96&d=mm&r=g","contentUrl":"https:\/\/secure.gravatar.com\/avatar\/4c81fed838786e9b53f540bf46533e750f5d292099ae3b66cfc6fb1982e29df7?s=96&d=mm&r=g","caption":"admin"},"description":"admin","url":"https:\/\/lasentinelle.dz\/author\/admin\/"}]}},"_links":{"self":[{"href":"https:\/\/lasentinelle.dz\/index.php\/wp-json\/wp\/v2\/posts\/83760","targetHints":{"allow":["GET"]}}],"collection":[{"href":"https:\/\/lasentinelle.dz\/index.php\/wp-json\/wp\/v2\/posts"}],"about":[{"href":"https:\/\/lasentinelle.dz\/index.php\/wp-json\/wp\/v2\/types\/post"}],"author":[{"embeddable":true,"href":"https:\/\/lasentinelle.dz\/index.php\/wp-json\/wp\/v2\/users\/6"}],"replies":[{"embeddable":true,"href":"https:\/\/lasentinelle.dz\/index.php\/wp-json\/wp\/v2\/comments?post=83760"}],"version-history":[{"count":1,"href":"https:\/\/lasentinelle.dz\/index.php\/wp-json\/wp\/v2\/posts\/83760\/revisions"}],"predecessor-version":[{"id":83761,"href":"https:\/\/lasentinelle.dz\/index.php\/wp-json\/wp\/v2\/posts\/83760\/revisions\/83761"}],"wp:featuredmedia":[{"embeddable":true,"href":"https:\/\/lasentinelle.dz\/index.php\/wp-json\/wp\/v2\/media\/68874"}],"wp:attachment":[{"href":"https:\/\/lasentinelle.dz\/index.php\/wp-json\/wp\/v2\/media?parent=83760"}],"wp:term":[{"taxonomy":"category","embeddable":true,"href":"https:\/\/lasentinelle.dz\/index.php\/wp-json\/wp\/v2\/categories?post=83760"},{"taxonomy":"post_tag","embeddable":true,"href":"https:\/\/lasentinelle.dz\/index.php\/wp-json\/wp\/v2\/tags?post=83760"}],"curies":[{"name":"wp","href":"https:\/\/api.w.org\/{rel}","templated":true}]}}