{"id":83765,"date":"2026-03-17T21:33:04","date_gmt":"2026-03-17T20:33:04","guid":{"rendered":"https:\/\/lasentinelle.dz\/?p=83765"},"modified":"2026-03-17T21:33:05","modified_gmt":"2026-03-17T20:33:05","slug":"la-journee-mondiale-des-droits-des-consommateurs-celebree-a-annaba-luniversite-et-le-commerce-scellent-un-partenariat","status":"publish","type":"post","link":"https:\/\/lasentinelle.dz\/index.php\/2026\/03\/17\/la-journee-mondiale-des-droits-des-consommateurs-celebree-a-annaba-luniversite-et-le-commerce-scellent-un-partenariat\/","title":{"rendered":"La Journ\u00e9e mondiale des droits des consommateurs c\u00e9l\u00e9br\u00e9e \u00e0 Annaba\u00a0: L&rsquo;universit\u00e9 et le commerce scellent un partenariat"},"content":{"rendered":"\n<p>\u00ab Produits s\u00fbrs, consommateurs confiants \u00bb : \u00e0 l&rsquo;occasion de la Journ\u00e9e mondiale des droits des consommateurs, la direction du Commerce de la wilaya d&rsquo;Annaba et l&rsquo;universit\u00e9 Badji Mokhtar (UBMA) ont officialis\u00e9, hier, leur rapprochement institutionnel en signant une convention de partenariat destin\u00e9e \u00e0 renforcer la coop\u00e9ration dans les domaines de la recherche scientifique, de la formation et de l&rsquo;\u00e9change d&rsquo;expertises. Selon les pr\u00e9cisions fournies par la direction de l&rsquo;universit\u00e9 Badji Mokhtar, cet accord vise \u00e0 consolider la coop\u00e9ration dans les domaines de la recherche scientifique, de la formation et de l&rsquo;\u00e9change d&rsquo;expertises li\u00e9es \u00e0 la protection du consommateur et \u00e0 l&rsquo;am\u00e9lioration de la qualit\u00e9 des produits. La signature de cette convention s&rsquo;est d\u00e9roul\u00e9e en marge d&rsquo;un colloque organis\u00e9 \u00e0 la Facult\u00e9 des sciences \u00e9conomiques, commerciales et des sciences de gestion de l&rsquo;universit\u00e9. L&rsquo;\u00e9v\u00e9nement s&rsquo;inscrit dans le cadre de la Journ\u00e9e mondiale des droits des consommateurs, dont la th\u00e9matique retenue pour cette ann\u00e9e est justement : \u00ab Produits s\u00fbrs\u2026 consommateurs confiants \u00bb. \u00c0 l&rsquo;occasion de cette rencontre, plusieurs communications scientifiques ont \u00e9t\u00e9 pr\u00e9sent\u00e9es par des sp\u00e9cialistes et des chercheurs. Les interventions ont notamment port\u00e9 sur le cadre l\u00e9gislatif r\u00e9gissant la conformit\u00e9 des produits alimentaires, ainsi que sur les m\u00e9canismes juridiques garantissant leur qualit\u00e9 et leur s\u00e9curit\u00e9. Les participants ont \u00e9galement abord\u00e9 le r\u00f4le de l&rsquo;intelligence artificielle (IA) dans le contr\u00f4le intelligent des emballages, une technologie susceptible de renforcer la surveillance et de garantir la mise sur le march\u00e9 de produits plus s\u00fbrs. Par ailleurs, dans un volet consacr\u00e9 aux questions financi\u00e8res, une communication a \u00e9t\u00e9 d\u00e9di\u00e9e \u00e0 l&rsquo;utilisation du cr\u00e9dit dans les moyens de paiement \u00e9lectroniques. L&rsquo;importance de ce m\u00e9canisme dans le d\u00e9veloppement des transactions num\u00e9riques et le renforcement de la confiance des consommateurs y a \u00e9t\u00e9 soulign\u00e9e.<\/p>\n\n\n\n<p>En cl\u00f4ture du colloque, les participants ont formul\u00e9, dans leurs recommandations, la n\u00e9cessit\u00e9 de promouvoir une culture de consommation responsable et de renforcer la coop\u00e9ration entre universit\u00e9s, autorit\u00e9s de contr\u00f4le et soci\u00e9t\u00e9 civile, afin d&rsquo;assurer une meilleure protection des consommateurs et de garantir la qualit\u00e9 des produits. Ont pris part \u00e0 cette rencontre le recteur de l&rsquo;universit\u00e9 Badji Mokhtar d&rsquo;Annaba, le directeur du Commerce de la wilaya, ainsi que des repr\u00e9sentants d&rsquo;institutions publiques, des services concern\u00e9s et des acteurs de la soci\u00e9t\u00e9 civile, notamment des associations locales de consommateurs.<\/p>\n\n\n\n<p><strong>Sofia Chahine<\/strong><\/p>\n","protected":false},"excerpt":{"rendered":"<p>\u00ab Produits s\u00fbrs, consommateurs confiants \u00bb : \u00e0 l&rsquo;occasion de la Journ\u00e9e mondiale des droits des consommateurs, la direction du<\/p>\n","protected":false},"author":6,"featured_media":68839,"comment_status":"open","ping_status":"closed","sticky":false,"template":"","format":"standard","meta":{"colormag_page_container_layout":"default_layout","colormag_page_sidebar_layout":"default_layout","om_disable_all_campaigns":false,"_monsterinsights_skip_tracking":false,"_monsterinsights_sitenote_active":false,"_monsterinsights_sitenote_note":"","_monsterinsights_sitenote_category":0,"footnotes":"","_wpscppro_dont_share_socialmedia":false,"_wpscppro_custom_social_share_image":0,"_facebook_share_type":"default","_twitter_share_type":"default","_linkedin_share_type":"default","_pinterest_share_type":"default","_linkedin_share_type_page":"","_instagram_share_type":"default","_medium_share_type":"default","_threads_share_type":"default","_google_business_share_type":"default","_selected_social_profile":[],"_wpsp_enable_custom_social_template":false,"_wpsp_social_scheduling":{"enabled":false,"datetime":null,"platforms":[],"status":"template_only","dateOption":"today","timeOption":"now","customDays":"","customHours":"","customDate":"","customTime":"","schedulingType":"absolute"},"_wpsp_active_default_template":true},"categories":[31],"tags":[],"class_list":["post-83765","post","type-post","status-publish","format-standard","has-post-thumbnail","hentry","category-regions"],"aioseo_notices":[],"yoast_head":"<!-- This site is optimized with the Yoast SEO plugin v27.5 - https:\/\/yoast.com\/product\/yoast-seo-wordpress\/ -->\n<title>La Journ\u00e9e mondiale des droits des consommateurs c\u00e9l\u00e9br\u00e9e \u00e0 Annaba\u00a0: L&rsquo;universit\u00e9 et le commerce scellent un partenariat - La Sentinelle<\/title>\n<meta name=\"robots\" content=\"index, follow, max-snippet:-1, max-image-preview:large, max-video-preview:-1\" \/>\n<link rel=\"canonical\" href=\"https:\/\/lasentinelle.dz\/index.php\/2026\/03\/17\/la-journee-mondiale-des-droits-des-consommateurs-celebree-a-annaba-luniversite-et-le-commerce-scellent-un-partenariat\/\" \/>\n<meta property=\"og:locale\" content=\"fr_FR\" \/>\n<meta property=\"og:type\" content=\"article\" \/>\n<meta property=\"og:title\" content=\"La Journ\u00e9e mondiale des droits des consommateurs c\u00e9l\u00e9br\u00e9e \u00e0 Annaba\u00a0: L&rsquo;universit\u00e9 et le commerce scellent un partenariat - La Sentinelle\" \/>\n<meta property=\"og:description\" content=\"\u00ab Produits s\u00fbrs, consommateurs confiants \u00bb : \u00e0 l&rsquo;occasion de la Journ\u00e9e mondiale des droits des consommateurs, la direction du\" \/>\n<meta property=\"og:url\" content=\"https:\/\/lasentinelle.dz\/index.php\/2026\/03\/17\/la-journee-mondiale-des-droits-des-consommateurs-celebree-a-annaba-luniversite-et-le-commerce-scellent-un-partenariat\/\" \/>\n<meta property=\"og:site_name\" content=\"La Sentinelle\" \/>\n<meta property=\"article:publisher\" content=\"https:\/\/www.facebook.com\/La-Sentinelle-104059864394773\" \/>\n<meta property=\"article:published_time\" content=\"2026-03-17T20:33:04+00:00\" \/>\n<meta property=\"article:modified_time\" content=\"2026-03-17T20:33:05+00:00\" \/>\n<meta property=\"og:image\" content=\"https:\/\/lasentinelle.dz\/wp-content\/uploads\/2025\/06\/UMBA.jpeg\" \/>\n\t<meta property=\"og:image:width\" content=\"1280\" \/>\n\t<meta property=\"og:image:height\" content=\"720\" \/>\n\t<meta property=\"og:image:type\" content=\"image\/jpeg\" \/>\n<meta name=\"author\" content=\"admin\" \/>\n<meta name=\"twitter:card\" content=\"summary_large_image\" \/>\n<meta name=\"twitter:label1\" content=\"\u00c9crit par\" \/>\n\t<meta name=\"twitter:data1\" content=\"admin\" \/>\n\t<meta name=\"twitter:label2\" content=\"Dur\u00e9e de lecture estim\u00e9e\" \/>\n\t<meta name=\"twitter:data2\" content=\"3 minutes\" \/>\n<script type=\"application\/ld+json\" class=\"yoast-schema-graph\">{\"@context\":\"https:\\\/\\\/schema.org\",\"@graph\":[{\"@type\":\"Article\",\"@id\":\"https:\\\/\\\/lasentinelle.dz\\\/index.php\\\/2026\\\/03\\\/17\\\/la-journee-mondiale-des-droits-des-consommateurs-celebree-a-annaba-luniversite-et-le-commerce-scellent-un-partenariat\\\/#article\",\"isPartOf\":{\"@id\":\"https:\\\/\\\/lasentinelle.dz\\\/index.php\\\/2026\\\/03\\\/17\\\/la-journee-mondiale-des-droits-des-consommateurs-celebree-a-annaba-luniversite-et-le-commerce-scellent-un-partenariat\\\/\"},\"author\":{\"name\":\"admin\",\"@id\":\"https:\\\/\\\/lasentinelle.dz\\\/#\\\/schema\\\/person\\\/729ee0024f24e0b8c5ec17232f8e8b41\"},\"headline\":\"La Journ\u00e9e mondiale des droits des consommateurs c\u00e9l\u00e9br\u00e9e \u00e0 Annaba\u00a0: L&rsquo;universit\u00e9 et le commerce scellent un partenariat\",\"datePublished\":\"2026-03-17T20:33:04+00:00\",\"dateModified\":\"2026-03-17T20:33:05+00:00\",\"mainEntityOfPage\":{\"@id\":\"https:\\\/\\\/lasentinelle.dz\\\/index.php\\\/2026\\\/03\\\/17\\\/la-journee-mondiale-des-droits-des-consommateurs-celebree-a-annaba-luniversite-et-le-commerce-scellent-un-partenariat\\\/\"},\"wordCount\":451,\"commentCount\":0,\"publisher\":{\"@id\":\"https:\\\/\\\/lasentinelle.dz\\\/#organization\"},\"image\":{\"@id\":\"https:\\\/\\\/lasentinelle.dz\\\/index.php\\\/2026\\\/03\\\/17\\\/la-journee-mondiale-des-droits-des-consommateurs-celebree-a-annaba-luniversite-et-le-commerce-scellent-un-partenariat\\\/#primaryimage\"},\"thumbnailUrl\":\"https:\\\/\\\/lasentinelle.dz\\\/wp-content\\\/uploads\\\/2025\\\/06\\\/UMBA.jpeg\",\"articleSection\":[\"R\u00e9gions\"],\"inLanguage\":\"fr-FR\",\"potentialAction\":[{\"@type\":\"CommentAction\",\"name\":\"Comment\",\"target\":[\"https:\\\/\\\/lasentinelle.dz\\\/index.php\\\/2026\\\/03\\\/17\\\/la-journee-mondiale-des-droits-des-consommateurs-celebree-a-annaba-luniversite-et-le-commerce-scellent-un-partenariat\\\/#respond\"]}]},{\"@type\":\"WebPage\",\"@id\":\"https:\\\/\\\/lasentinelle.dz\\\/index.php\\\/2026\\\/03\\\/17\\\/la-journee-mondiale-des-droits-des-consommateurs-celebree-a-annaba-luniversite-et-le-commerce-scellent-un-partenariat\\\/\",\"url\":\"https:\\\/\\\/lasentinelle.dz\\\/index.php\\\/2026\\\/03\\\/17\\\/la-journee-mondiale-des-droits-des-consommateurs-celebree-a-annaba-luniversite-et-le-commerce-scellent-un-partenariat\\\/\",\"name\":\"La Journ\u00e9e mondiale des droits des consommateurs c\u00e9l\u00e9br\u00e9e \u00e0 Annaba\u00a0: L&rsquo;universit\u00e9 et le commerce scellent un partenariat - La Sentinelle\",\"isPartOf\":{\"@id\":\"https:\\\/\\\/lasentinelle.dz\\\/#website\"},\"primaryImageOfPage\":{\"@id\":\"https:\\\/\\\/lasentinelle.dz\\\/index.php\\\/2026\\\/03\\\/17\\\/la-journee-mondiale-des-droits-des-consommateurs-celebree-a-annaba-luniversite-et-le-commerce-scellent-un-partenariat\\\/#primaryimage\"},\"image\":{\"@id\":\"https:\\\/\\\/lasentinelle.dz\\\/index.php\\\/2026\\\/03\\\/17\\\/la-journee-mondiale-des-droits-des-consommateurs-celebree-a-annaba-luniversite-et-le-commerce-scellent-un-partenariat\\\/#primaryimage\"},\"thumbnailUrl\":\"https:\\\/\\\/lasentinelle.dz\\\/wp-content\\\/uploads\\\/2025\\\/06\\\/UMBA.jpeg\",\"datePublished\":\"2026-03-17T20:33:04+00:00\",\"dateModified\":\"2026-03-17T20:33:05+00:00\",\"breadcrumb\":{\"@id\":\"https:\\\/\\\/lasentinelle.dz\\\/index.php\\\/2026\\\/03\\\/17\\\/la-journee-mondiale-des-droits-des-consommateurs-celebree-a-annaba-luniversite-et-le-commerce-scellent-un-partenariat\\\/#breadcrumb\"},\"inLanguage\":\"fr-FR\",\"potentialAction\":[{\"@type\":\"ReadAction\",\"target\":[\"https:\\\/\\\/lasentinelle.dz\\\/index.php\\\/2026\\\/03\\\/17\\\/la-journee-mondiale-des-droits-des-consommateurs-celebree-a-annaba-luniversite-et-le-commerce-scellent-un-partenariat\\\/\"]}]},{\"@type\":\"ImageObject\",\"inLanguage\":\"fr-FR\",\"@id\":\"https:\\\/\\\/lasentinelle.dz\\\/index.php\\\/2026\\\/03\\\/17\\\/la-journee-mondiale-des-droits-des-consommateurs-celebree-a-annaba-luniversite-et-le-commerce-scellent-un-partenariat\\\/#primaryimage\",\"url\":\"https:\\\/\\\/lasentinelle.dz\\\/wp-content\\\/uploads\\\/2025\\\/06\\\/UMBA.jpeg\",\"contentUrl\":\"https:\\\/\\\/lasentinelle.dz\\\/wp-content\\\/uploads\\\/2025\\\/06\\\/UMBA.jpeg\",\"width\":1280,\"height\":720},{\"@type\":\"BreadcrumbList\",\"@id\":\"https:\\\/\\\/lasentinelle.dz\\\/index.php\\\/2026\\\/03\\\/17\\\/la-journee-mondiale-des-droits-des-consommateurs-celebree-a-annaba-luniversite-et-le-commerce-scellent-un-partenariat\\\/#breadcrumb\",\"itemListElement\":[{\"@type\":\"ListItem\",\"position\":1,\"name\":\"Accueil\",\"item\":\"https:\\\/\\\/lasentinelle.dz\\\/\"},{\"@type\":\"ListItem\",\"position\":2,\"name\":\"La Journ\u00e9e mondiale des droits des consommateurs c\u00e9l\u00e9br\u00e9e \u00e0 Annaba\u00a0: L&rsquo;universit\u00e9 et le commerce scellent un partenariat\"}]},{\"@type\":\"WebSite\",\"@id\":\"https:\\\/\\\/lasentinelle.dz\\\/#website\",\"url\":\"https:\\\/\\\/lasentinelle.dz\\\/\",\"name\":\"La Sentinelle\",\"description\":\"Quotidien national d&#039;information\",\"publisher\":{\"@id\":\"https:\\\/\\\/lasentinelle.dz\\\/#organization\"},\"potentialAction\":[{\"@type\":\"SearchAction\",\"target\":{\"@type\":\"EntryPoint\",\"urlTemplate\":\"https:\\\/\\\/lasentinelle.dz\\\/?s={search_term_string}\"},\"query-input\":{\"@type\":\"PropertyValueSpecification\",\"valueRequired\":true,\"valueName\":\"search_term_string\"}}],\"inLanguage\":\"fr-FR\"},{\"@type\":\"Organization\",\"@id\":\"https:\\\/\\\/lasentinelle.dz\\\/#organization\",\"name\":\"Quotidien La Sentinelle\",\"url\":\"https:\\\/\\\/lasentinelle.dz\\\/\",\"logo\":{\"@type\":\"ImageObject\",\"inLanguage\":\"fr-FR\",\"@id\":\"https:\\\/\\\/lasentinelle.dz\\\/#\\\/schema\\\/logo\\\/image\\\/\",\"url\":\"https:\\\/\\\/lasentinelle.dz\\\/wp-content\\\/uploads\\\/2021\\\/09\\\/logo-sentinelleSLOGAN-1.png\",\"contentUrl\":\"https:\\\/\\\/lasentinelle.dz\\\/wp-content\\\/uploads\\\/2021\\\/09\\\/logo-sentinelleSLOGAN-1.png\",\"width\":615,\"height\":142,\"caption\":\"Quotidien La Sentinelle\"},\"image\":{\"@id\":\"https:\\\/\\\/lasentinelle.dz\\\/#\\\/schema\\\/logo\\\/image\\\/\"},\"sameAs\":[\"https:\\\/\\\/www.facebook.com\\\/La-Sentinelle-104059864394773\"]},{\"@type\":\"Person\",\"@id\":\"https:\\\/\\\/lasentinelle.dz\\\/#\\\/schema\\\/person\\\/729ee0024f24e0b8c5ec17232f8e8b41\",\"name\":\"admin\",\"image\":{\"@type\":\"ImageObject\",\"inLanguage\":\"fr-FR\",\"@id\":\"https:\\\/\\\/secure.gravatar.com\\\/avatar\\\/4c81fed838786e9b53f540bf46533e750f5d292099ae3b66cfc6fb1982e29df7?s=96&d=mm&r=g\",\"url\":\"https:\\\/\\\/secure.gravatar.com\\\/avatar\\\/4c81fed838786e9b53f540bf46533e750f5d292099ae3b66cfc6fb1982e29df7?s=96&d=mm&r=g\",\"contentUrl\":\"https:\\\/\\\/secure.gravatar.com\\\/avatar\\\/4c81fed838786e9b53f540bf46533e750f5d292099ae3b66cfc6fb1982e29df7?s=96&d=mm&r=g\",\"caption\":\"admin\"},\"description\":\"admin\",\"url\":\"https:\\\/\\\/lasentinelle.dz\\\/author\\\/admin\\\/\"}]}<\/script>\n<!-- \/ Yoast SEO plugin. -->","yoast_head_json":{"title":"La Journ\u00e9e mondiale des droits des consommateurs c\u00e9l\u00e9br\u00e9e \u00e0 Annaba\u00a0: L&rsquo;universit\u00e9 et le commerce scellent un partenariat - La Sentinelle","robots":{"index":"index","follow":"follow","max-snippet":"max-snippet:-1","max-image-preview":"max-image-preview:large","max-video-preview":"max-video-preview:-1"},"canonical":"https:\/\/lasentinelle.dz\/index.php\/2026\/03\/17\/la-journee-mondiale-des-droits-des-consommateurs-celebree-a-annaba-luniversite-et-le-commerce-scellent-un-partenariat\/","og_locale":"fr_FR","og_type":"article","og_title":"La Journ\u00e9e mondiale des droits des consommateurs c\u00e9l\u00e9br\u00e9e \u00e0 Annaba\u00a0: L&rsquo;universit\u00e9 et le commerce scellent un partenariat - La Sentinelle","og_description":"\u00ab Produits s\u00fbrs, consommateurs confiants \u00bb : \u00e0 l&rsquo;occasion de la Journ\u00e9e mondiale des droits des consommateurs, la direction du","og_url":"https:\/\/lasentinelle.dz\/index.php\/2026\/03\/17\/la-journee-mondiale-des-droits-des-consommateurs-celebree-a-annaba-luniversite-et-le-commerce-scellent-un-partenariat\/","og_site_name":"La Sentinelle","article_publisher":"https:\/\/www.facebook.com\/La-Sentinelle-104059864394773","article_published_time":"2026-03-17T20:33:04+00:00","article_modified_time":"2026-03-17T20:33:05+00:00","og_image":[{"width":1280,"height":720,"url":"https:\/\/lasentinelle.dz\/wp-content\/uploads\/2025\/06\/UMBA.jpeg","type":"image\/jpeg"}],"author":"admin","twitter_card":"summary_large_image","twitter_misc":{"\u00c9crit par":"admin","Dur\u00e9e de lecture estim\u00e9e":"3 minutes"},"schema":{"@context":"https:\/\/schema.org","@graph":[{"@type":"Article","@id":"https:\/\/lasentinelle.dz\/index.php\/2026\/03\/17\/la-journee-mondiale-des-droits-des-consommateurs-celebree-a-annaba-luniversite-et-le-commerce-scellent-un-partenariat\/#article","isPartOf":{"@id":"https:\/\/lasentinelle.dz\/index.php\/2026\/03\/17\/la-journee-mondiale-des-droits-des-consommateurs-celebree-a-annaba-luniversite-et-le-commerce-scellent-un-partenariat\/"},"author":{"name":"admin","@id":"https:\/\/lasentinelle.dz\/#\/schema\/person\/729ee0024f24e0b8c5ec17232f8e8b41"},"headline":"La Journ\u00e9e mondiale des droits des consommateurs c\u00e9l\u00e9br\u00e9e \u00e0 Annaba\u00a0: L&rsquo;universit\u00e9 et le commerce scellent un partenariat","datePublished":"2026-03-17T20:33:04+00:00","dateModified":"2026-03-17T20:33:05+00:00","mainEntityOfPage":{"@id":"https:\/\/lasentinelle.dz\/index.php\/2026\/03\/17\/la-journee-mondiale-des-droits-des-consommateurs-celebree-a-annaba-luniversite-et-le-commerce-scellent-un-partenariat\/"},"wordCount":451,"commentCount":0,"publisher":{"@id":"https:\/\/lasentinelle.dz\/#organization"},"image":{"@id":"https:\/\/lasentinelle.dz\/index.php\/2026\/03\/17\/la-journee-mondiale-des-droits-des-consommateurs-celebree-a-annaba-luniversite-et-le-commerce-scellent-un-partenariat\/#primaryimage"},"thumbnailUrl":"https:\/\/lasentinelle.dz\/wp-content\/uploads\/2025\/06\/UMBA.jpeg","articleSection":["R\u00e9gions"],"inLanguage":"fr-FR","potentialAction":[{"@type":"CommentAction","name":"Comment","target":["https:\/\/lasentinelle.dz\/index.php\/2026\/03\/17\/la-journee-mondiale-des-droits-des-consommateurs-celebree-a-annaba-luniversite-et-le-commerce-scellent-un-partenariat\/#respond"]}]},{"@type":"WebPage","@id":"https:\/\/lasentinelle.dz\/index.php\/2026\/03\/17\/la-journee-mondiale-des-droits-des-consommateurs-celebree-a-annaba-luniversite-et-le-commerce-scellent-un-partenariat\/","url":"https:\/\/lasentinelle.dz\/index.php\/2026\/03\/17\/la-journee-mondiale-des-droits-des-consommateurs-celebree-a-annaba-luniversite-et-le-commerce-scellent-un-partenariat\/","name":"La Journ\u00e9e mondiale des droits des consommateurs c\u00e9l\u00e9br\u00e9e \u00e0 Annaba\u00a0: L&rsquo;universit\u00e9 et le commerce scellent un partenariat - La Sentinelle","isPartOf":{"@id":"https:\/\/lasentinelle.dz\/#website"},"primaryImageOfPage":{"@id":"https:\/\/lasentinelle.dz\/index.php\/2026\/03\/17\/la-journee-mondiale-des-droits-des-consommateurs-celebree-a-annaba-luniversite-et-le-commerce-scellent-un-partenariat\/#primaryimage"},"image":{"@id":"https:\/\/lasentinelle.dz\/index.php\/2026\/03\/17\/la-journee-mondiale-des-droits-des-consommateurs-celebree-a-annaba-luniversite-et-le-commerce-scellent-un-partenariat\/#primaryimage"},"thumbnailUrl":"https:\/\/lasentinelle.dz\/wp-content\/uploads\/2025\/06\/UMBA.jpeg","datePublished":"2026-03-17T20:33:04+00:00","dateModified":"2026-03-17T20:33:05+00:00","breadcrumb":{"@id":"https:\/\/lasentinelle.dz\/index.php\/2026\/03\/17\/la-journee-mondiale-des-droits-des-consommateurs-celebree-a-annaba-luniversite-et-le-commerce-scellent-un-partenariat\/#breadcrumb"},"inLanguage":"fr-FR","potentialAction":[{"@type":"ReadAction","target":["https:\/\/lasentinelle.dz\/index.php\/2026\/03\/17\/la-journee-mondiale-des-droits-des-consommateurs-celebree-a-annaba-luniversite-et-le-commerce-scellent-un-partenariat\/"]}]},{"@type":"ImageObject","inLanguage":"fr-FR","@id":"https:\/\/lasentinelle.dz\/index.php\/2026\/03\/17\/la-journee-mondiale-des-droits-des-consommateurs-celebree-a-annaba-luniversite-et-le-commerce-scellent-un-partenariat\/#primaryimage","url":"https:\/\/lasentinelle.dz\/wp-content\/uploads\/2025\/06\/UMBA.jpeg","contentUrl":"https:\/\/lasentinelle.dz\/wp-content\/uploads\/2025\/06\/UMBA.jpeg","width":1280,"height":720},{"@type":"BreadcrumbList","@id":"https:\/\/lasentinelle.dz\/index.php\/2026\/03\/17\/la-journee-mondiale-des-droits-des-consommateurs-celebree-a-annaba-luniversite-et-le-commerce-scellent-un-partenariat\/#breadcrumb","itemListElement":[{"@type":"ListItem","position":1,"name":"Accueil","item":"https:\/\/lasentinelle.dz\/"},{"@type":"ListItem","position":2,"name":"La Journ\u00e9e mondiale des droits des consommateurs c\u00e9l\u00e9br\u00e9e \u00e0 Annaba\u00a0: L&rsquo;universit\u00e9 et le commerce scellent un partenariat"}]},{"@type":"WebSite","@id":"https:\/\/lasentinelle.dz\/#website","url":"https:\/\/lasentinelle.dz\/","name":"La Sentinelle","description":"Quotidien national d&#039;information","publisher":{"@id":"https:\/\/lasentinelle.dz\/#organization"},"potentialAction":[{"@type":"SearchAction","target":{"@type":"EntryPoint","urlTemplate":"https:\/\/lasentinelle.dz\/?s={search_term_string}"},"query-input":{"@type":"PropertyValueSpecification","valueRequired":true,"valueName":"search_term_string"}}],"inLanguage":"fr-FR"},{"@type":"Organization","@id":"https:\/\/lasentinelle.dz\/#organization","name":"Quotidien La Sentinelle","url":"https:\/\/lasentinelle.dz\/","logo":{"@type":"ImageObject","inLanguage":"fr-FR","@id":"https:\/\/lasentinelle.dz\/#\/schema\/logo\/image\/","url":"https:\/\/lasentinelle.dz\/wp-content\/uploads\/2021\/09\/logo-sentinelleSLOGAN-1.png","contentUrl":"https:\/\/lasentinelle.dz\/wp-content\/uploads\/2021\/09\/logo-sentinelleSLOGAN-1.png","width":615,"height":142,"caption":"Quotidien La Sentinelle"},"image":{"@id":"https:\/\/lasentinelle.dz\/#\/schema\/logo\/image\/"},"sameAs":["https:\/\/www.facebook.com\/La-Sentinelle-104059864394773"]},{"@type":"Person","@id":"https:\/\/lasentinelle.dz\/#\/schema\/person\/729ee0024f24e0b8c5ec17232f8e8b41","name":"admin","image":{"@type":"ImageObject","inLanguage":"fr-FR","@id":"https:\/\/secure.gravatar.com\/avatar\/4c81fed838786e9b53f540bf46533e750f5d292099ae3b66cfc6fb1982e29df7?s=96&d=mm&r=g","url":"https:\/\/secure.gravatar.com\/avatar\/4c81fed838786e9b53f540bf46533e750f5d292099ae3b66cfc6fb1982e29df7?s=96&d=mm&r=g","contentUrl":"https:\/\/secure.gravatar.com\/avatar\/4c81fed838786e9b53f540bf46533e750f5d292099ae3b66cfc6fb1982e29df7?s=96&d=mm&r=g","caption":"admin"},"description":"admin","url":"https:\/\/lasentinelle.dz\/author\/admin\/"}]}},"_links":{"self":[{"href":"https:\/\/lasentinelle.dz\/index.php\/wp-json\/wp\/v2\/posts\/83765","targetHints":{"allow":["GET"]}}],"collection":[{"href":"https:\/\/lasentinelle.dz\/index.php\/wp-json\/wp\/v2\/posts"}],"about":[{"href":"https:\/\/lasentinelle.dz\/index.php\/wp-json\/wp\/v2\/types\/post"}],"author":[{"embeddable":true,"href":"https:\/\/lasentinelle.dz\/index.php\/wp-json\/wp\/v2\/users\/6"}],"replies":[{"embeddable":true,"href":"https:\/\/lasentinelle.dz\/index.php\/wp-json\/wp\/v2\/comments?post=83765"}],"version-history":[{"count":2,"href":"https:\/\/lasentinelle.dz\/index.php\/wp-json\/wp\/v2\/posts\/83765\/revisions"}],"predecessor-version":[{"id":83767,"href":"https:\/\/lasentinelle.dz\/index.php\/wp-json\/wp\/v2\/posts\/83765\/revisions\/83767"}],"wp:featuredmedia":[{"embeddable":true,"href":"https:\/\/lasentinelle.dz\/index.php\/wp-json\/wp\/v2\/media\/68839"}],"wp:attachment":[{"href":"https:\/\/lasentinelle.dz\/index.php\/wp-json\/wp\/v2\/media?parent=83765"}],"wp:term":[{"taxonomy":"category","embeddable":true,"href":"https:\/\/lasentinelle.dz\/index.php\/wp-json\/wp\/v2\/categories?post=83765"},{"taxonomy":"post_tag","embeddable":true,"href":"https:\/\/lasentinelle.dz\/index.php\/wp-json\/wp\/v2\/tags?post=83765"}],"curies":[{"name":"wp","href":"https:\/\/api.w.org\/{rel}","templated":true}]}}