{"id":83768,"date":"2026-03-17T21:33:56","date_gmt":"2026-03-17T20:33:56","guid":{"rendered":"https:\/\/lasentinelle.dz\/?p=83768"},"modified":"2026-03-17T21:33:57","modified_gmt":"2026-03-17T20:33:57","slug":"constantine-lapc-adopte-un-plan-de-developpement-de-255-millions-da","status":"publish","type":"post","link":"https:\/\/lasentinelle.dz\/index.php\/2026\/03\/17\/constantine-lapc-adopte-un-plan-de-developpement-de-255-millions-da\/","title":{"rendered":"Constantine\u00a0: L&rsquo;APC adopte un plan de d\u00e9veloppement de 255 millions DA"},"content":{"rendered":"\n<p>R\u00e9unie en session extraordinaire lundi, l&rsquo;Assembl\u00e9e populaire communale de Constantine a approuv\u00e9 un plan d&rsquo;\u00e9quipement communal d&rsquo;un montant de plus de 25,5 milliards de centimes, soit 255 millions de dinars, financ\u00e9 sur fonds propres. Au programme : remplacement de l&rsquo;ascenseur de Sidi M&rsquo;cid, modernisation du parc de collecte des ordures m\u00e9nag\u00e8res, am\u00e9nagement urbain et r\u00e9habilitation des r\u00e9seaux d&rsquo;alimentation en eau potable.<\/p>\n\n\n\n<p>Selon une source parmi les \u00e9lus de l&rsquo;APC, le projet le plus important, aussi bien sur le plan financier que symbolique, demeure le remplacement de l&rsquo;ascenseur de Sidi M&rsquo;cid, pour lequel une enveloppe de 7,7 milliards de centimes a \u00e9t\u00e9 d\u00e9gag\u00e9e. Le renforcement du parc d&rsquo;\u00e9quipements destin\u00e9s \u00e0 la collecte des ordures m\u00e9nag\u00e8res figure \u00e9galement parmi les priorit\u00e9s retenues. \u00c0 cet effet, une enveloppe de quatre milliards de centimes a \u00e9t\u00e9 allou\u00e9e pour l&rsquo;acquisition de deux camions \u00e0 benne de 12 m\u00b3 et d&rsquo;un camion de transport de 15 tonnes, d&rsquo;un co\u00fbt de 2 milliards de centimes. Dans le m\u00eame ordre d&rsquo;id\u00e9es, le conseil a donn\u00e9 son aval pour l&rsquo;achat de trois camions de 6 tonnes, pour un montant de 1,5 milliard de centimes. En compl\u00e9ment, pas moins de 1,2 milliard de centimes a \u00e9t\u00e9 d\u00e9gag\u00e9 pour l&rsquo;acquisition de conteneurs \u00e0 ordures. Lors de la m\u00eame session, les \u00e9lus ont \u00e9galement valid\u00e9 plusieurs op\u00e9rations d&rsquo;am\u00e9nagement urbain. Ainsi, 1,2 milliard de centimes a \u00e9t\u00e9 consacr\u00e9 au bitumage de voiries dans le quartier Fr\u00e8res-Abbas, tandis qu&rsquo;une enveloppe de 600 millions de centimes a \u00e9t\u00e9 d\u00e9gag\u00e9e pour la finalisation des travaux de bitumage au niveau du quartier El-Mansoura. L&rsquo;am\u00e9nagement de la rue Za\u00e2mouche, aux abords du stade de p\u00e9tanque, a quant \u00e0 lui b\u00e9n\u00e9fici\u00e9 d&rsquo;une enveloppe de plus de 600 millions de centimes. Les trottoirs du quartier Kaddour-Boumedous, ex-Silloc, ont \u00e9galement \u00e9t\u00e9 inscrits dans ce programme pour un milliard de centimes. Par ailleurs, une enveloppe de 1,2 milliard de centimes a \u00e9t\u00e9 retenue pour la reconversion de l&rsquo;ancienne \u00e9cole \u00ab Yaoum El-Ilm \u00bb en si\u00e8ge administratif communal.<\/p>\n\n\n\n<p>S&rsquo;agissant de l&rsquo;alimentation en eau potable, et en pr\u00e9vision de la saison estivale, l&rsquo;APC a programm\u00e9 des op\u00e9rations de r\u00e9habilitation des r\u00e9seaux dans plusieurs quartiers, dont Boudjenana, Smiha et la rue des Maquisards, pour des enveloppes variant entre 600 millions et 1,2 milliard de centimes. L&#8217;embellissement de la ville n&rsquo;a pas non plus \u00e9t\u00e9 n\u00e9glig\u00e9 : des travaux de plantation d&rsquo;arbres et d&rsquo;am\u00e9nagement d&rsquo;espaces verts le long des voiries communales ont \u00e9t\u00e9 inscrits pour un montant d&rsquo;un milliard de centimes.<\/p>\n\n\n\n<p>La m\u00eame source a pr\u00e9cis\u00e9 que le conseil a proc\u00e9d\u00e9 \u00e0 l&rsquo;annulation de plusieurs op\u00e9rations ant\u00e9rieures non r\u00e9alis\u00e9es et \u00e0 la r\u00e9vision \u00e0 la baisse des dotations de certains projets, afin de r\u00e9orienter les cr\u00e9dits vers les priorit\u00e9s de d\u00e9veloppement local. Il est \u00e0 noter que le chef-lieu de la commune de Constantine conna\u00eet actuellement un d\u00e9veloppement urbain acc\u00e9l\u00e9r\u00e9, marqu\u00e9 par d&rsquo;importants projets de r\u00e9habilitation, une extension vers de nouveaux p\u00f4les tels que Sissaoui et A\u00efn Abid, ainsi qu&rsquo;une revalorisation du tissu urbain ancien. Les efforts se concentrent sur le logement, la modernisation des infrastructures \u2014 routes et r\u00e9seaux \u2014 et la pr\u00e9servation du patrimoine culturel et historique.<\/p>\n\n\n\n<p><strong>Sofia Chahine<\/strong><\/p>\n","protected":false},"excerpt":{"rendered":"<p>R\u00e9unie en session extraordinaire lundi, l&rsquo;Assembl\u00e9e populaire communale de Constantine a approuv\u00e9 un plan d&rsquo;\u00e9quipement communal d&rsquo;un montant de plus<\/p>\n","protected":false},"author":6,"featured_media":38530,"comment_status":"open","ping_status":"closed","sticky":false,"template":"","format":"standard","meta":{"colormag_page_container_layout":"default_layout","colormag_page_sidebar_layout":"default_layout","om_disable_all_campaigns":false,"_monsterinsights_skip_tracking":false,"_monsterinsights_sitenote_active":false,"_monsterinsights_sitenote_note":"","_monsterinsights_sitenote_category":0,"footnotes":"","_wpscppro_dont_share_socialmedia":false,"_wpscppro_custom_social_share_image":0,"_facebook_share_type":"default","_twitter_share_type":"default","_linkedin_share_type":"default","_pinterest_share_type":"default","_linkedin_share_type_page":"","_instagram_share_type":"default","_medium_share_type":"default","_threads_share_type":"default","_google_business_share_type":"default","_selected_social_profile":[],"_wpsp_enable_custom_social_template":false,"_wpsp_social_scheduling":{"enabled":false,"datetime":null,"platforms":[],"status":"template_only","dateOption":"today","timeOption":"now","customDays":"","customHours":"","customDate":"","customTime":"","schedulingType":"absolute"},"_wpsp_active_default_template":true},"categories":[31],"tags":[],"class_list":["post-83768","post","type-post","status-publish","format-standard","has-post-thumbnail","hentry","category-regions"],"aioseo_notices":[],"yoast_head":"<!-- This site is optimized with the Yoast SEO plugin v27.5 - https:\/\/yoast.com\/product\/yoast-seo-wordpress\/ -->\n<title>Constantine\u00a0: L&rsquo;APC adopte un plan de d\u00e9veloppement de 255 millions DA - La Sentinelle<\/title>\n<meta name=\"robots\" content=\"index, follow, max-snippet:-1, max-image-preview:large, max-video-preview:-1\" \/>\n<link rel=\"canonical\" href=\"https:\/\/lasentinelle.dz\/index.php\/2026\/03\/17\/constantine-lapc-adopte-un-plan-de-developpement-de-255-millions-da\/\" \/>\n<meta property=\"og:locale\" content=\"fr_FR\" \/>\n<meta property=\"og:type\" content=\"article\" \/>\n<meta property=\"og:title\" content=\"Constantine\u00a0: L&rsquo;APC adopte un plan de d\u00e9veloppement de 255 millions DA - La Sentinelle\" \/>\n<meta property=\"og:description\" content=\"R\u00e9unie en session extraordinaire lundi, l&rsquo;Assembl\u00e9e populaire communale de Constantine a approuv\u00e9 un plan d&rsquo;\u00e9quipement communal d&rsquo;un montant de plus\" \/>\n<meta property=\"og:url\" content=\"https:\/\/lasentinelle.dz\/index.php\/2026\/03\/17\/constantine-lapc-adopte-un-plan-de-developpement-de-255-millions-da\/\" \/>\n<meta property=\"og:site_name\" content=\"La Sentinelle\" \/>\n<meta property=\"article:publisher\" content=\"https:\/\/www.facebook.com\/La-Sentinelle-104059864394773\" \/>\n<meta property=\"article:published_time\" content=\"2026-03-17T20:33:56+00:00\" \/>\n<meta property=\"article:modified_time\" content=\"2026-03-17T20:33:57+00:00\" \/>\n<meta property=\"og:image\" content=\"https:\/\/lasentinelle.dz\/wp-content\/uploads\/2023\/03\/APC-de-Constantine.png\" \/>\n\t<meta property=\"og:image:width\" content=\"1594\" \/>\n\t<meta property=\"og:image:height\" content=\"900\" \/>\n\t<meta property=\"og:image:type\" content=\"image\/png\" \/>\n<meta name=\"author\" content=\"admin\" \/>\n<meta name=\"twitter:card\" content=\"summary_large_image\" \/>\n<meta name=\"twitter:label1\" content=\"\u00c9crit par\" \/>\n\t<meta name=\"twitter:data1\" content=\"admin\" \/>\n\t<meta name=\"twitter:label2\" content=\"Dur\u00e9e de lecture estim\u00e9e\" \/>\n\t<meta name=\"twitter:data2\" content=\"3 minutes\" \/>\n<script type=\"application\/ld+json\" class=\"yoast-schema-graph\">{\"@context\":\"https:\\\/\\\/schema.org\",\"@graph\":[{\"@type\":\"Article\",\"@id\":\"https:\\\/\\\/lasentinelle.dz\\\/index.php\\\/2026\\\/03\\\/17\\\/constantine-lapc-adopte-un-plan-de-developpement-de-255-millions-da\\\/#article\",\"isPartOf\":{\"@id\":\"https:\\\/\\\/lasentinelle.dz\\\/index.php\\\/2026\\\/03\\\/17\\\/constantine-lapc-adopte-un-plan-de-developpement-de-255-millions-da\\\/\"},\"author\":{\"name\":\"admin\",\"@id\":\"https:\\\/\\\/lasentinelle.dz\\\/#\\\/schema\\\/person\\\/729ee0024f24e0b8c5ec17232f8e8b41\"},\"headline\":\"Constantine\u00a0: L&rsquo;APC adopte un plan de d\u00e9veloppement de 255 millions DA\",\"datePublished\":\"2026-03-17T20:33:56+00:00\",\"dateModified\":\"2026-03-17T20:33:57+00:00\",\"mainEntityOfPage\":{\"@id\":\"https:\\\/\\\/lasentinelle.dz\\\/index.php\\\/2026\\\/03\\\/17\\\/constantine-lapc-adopte-un-plan-de-developpement-de-255-millions-da\\\/\"},\"wordCount\":589,\"commentCount\":0,\"publisher\":{\"@id\":\"https:\\\/\\\/lasentinelle.dz\\\/#organization\"},\"image\":{\"@id\":\"https:\\\/\\\/lasentinelle.dz\\\/index.php\\\/2026\\\/03\\\/17\\\/constantine-lapc-adopte-un-plan-de-developpement-de-255-millions-da\\\/#primaryimage\"},\"thumbnailUrl\":\"https:\\\/\\\/lasentinelle.dz\\\/wp-content\\\/uploads\\\/2023\\\/03\\\/APC-de-Constantine.png\",\"articleSection\":[\"R\u00e9gions\"],\"inLanguage\":\"fr-FR\",\"potentialAction\":[{\"@type\":\"CommentAction\",\"name\":\"Comment\",\"target\":[\"https:\\\/\\\/lasentinelle.dz\\\/index.php\\\/2026\\\/03\\\/17\\\/constantine-lapc-adopte-un-plan-de-developpement-de-255-millions-da\\\/#respond\"]}]},{\"@type\":\"WebPage\",\"@id\":\"https:\\\/\\\/lasentinelle.dz\\\/index.php\\\/2026\\\/03\\\/17\\\/constantine-lapc-adopte-un-plan-de-developpement-de-255-millions-da\\\/\",\"url\":\"https:\\\/\\\/lasentinelle.dz\\\/index.php\\\/2026\\\/03\\\/17\\\/constantine-lapc-adopte-un-plan-de-developpement-de-255-millions-da\\\/\",\"name\":\"Constantine\u00a0: L&rsquo;APC adopte un plan de d\u00e9veloppement de 255 millions DA - La Sentinelle\",\"isPartOf\":{\"@id\":\"https:\\\/\\\/lasentinelle.dz\\\/#website\"},\"primaryImageOfPage\":{\"@id\":\"https:\\\/\\\/lasentinelle.dz\\\/index.php\\\/2026\\\/03\\\/17\\\/constantine-lapc-adopte-un-plan-de-developpement-de-255-millions-da\\\/#primaryimage\"},\"image\":{\"@id\":\"https:\\\/\\\/lasentinelle.dz\\\/index.php\\\/2026\\\/03\\\/17\\\/constantine-lapc-adopte-un-plan-de-developpement-de-255-millions-da\\\/#primaryimage\"},\"thumbnailUrl\":\"https:\\\/\\\/lasentinelle.dz\\\/wp-content\\\/uploads\\\/2023\\\/03\\\/APC-de-Constantine.png\",\"datePublished\":\"2026-03-17T20:33:56+00:00\",\"dateModified\":\"2026-03-17T20:33:57+00:00\",\"breadcrumb\":{\"@id\":\"https:\\\/\\\/lasentinelle.dz\\\/index.php\\\/2026\\\/03\\\/17\\\/constantine-lapc-adopte-un-plan-de-developpement-de-255-millions-da\\\/#breadcrumb\"},\"inLanguage\":\"fr-FR\",\"potentialAction\":[{\"@type\":\"ReadAction\",\"target\":[\"https:\\\/\\\/lasentinelle.dz\\\/index.php\\\/2026\\\/03\\\/17\\\/constantine-lapc-adopte-un-plan-de-developpement-de-255-millions-da\\\/\"]}]},{\"@type\":\"ImageObject\",\"inLanguage\":\"fr-FR\",\"@id\":\"https:\\\/\\\/lasentinelle.dz\\\/index.php\\\/2026\\\/03\\\/17\\\/constantine-lapc-adopte-un-plan-de-developpement-de-255-millions-da\\\/#primaryimage\",\"url\":\"https:\\\/\\\/lasentinelle.dz\\\/wp-content\\\/uploads\\\/2023\\\/03\\\/APC-de-Constantine.png\",\"contentUrl\":\"https:\\\/\\\/lasentinelle.dz\\\/wp-content\\\/uploads\\\/2023\\\/03\\\/APC-de-Constantine.png\",\"width\":1594,\"height\":900},{\"@type\":\"BreadcrumbList\",\"@id\":\"https:\\\/\\\/lasentinelle.dz\\\/index.php\\\/2026\\\/03\\\/17\\\/constantine-lapc-adopte-un-plan-de-developpement-de-255-millions-da\\\/#breadcrumb\",\"itemListElement\":[{\"@type\":\"ListItem\",\"position\":1,\"name\":\"Accueil\",\"item\":\"https:\\\/\\\/lasentinelle.dz\\\/\"},{\"@type\":\"ListItem\",\"position\":2,\"name\":\"Constantine\u00a0: L&rsquo;APC adopte un plan de d\u00e9veloppement de 255 millions DA\"}]},{\"@type\":\"WebSite\",\"@id\":\"https:\\\/\\\/lasentinelle.dz\\\/#website\",\"url\":\"https:\\\/\\\/lasentinelle.dz\\\/\",\"name\":\"La Sentinelle\",\"description\":\"Quotidien national d&#039;information\",\"publisher\":{\"@id\":\"https:\\\/\\\/lasentinelle.dz\\\/#organization\"},\"potentialAction\":[{\"@type\":\"SearchAction\",\"target\":{\"@type\":\"EntryPoint\",\"urlTemplate\":\"https:\\\/\\\/lasentinelle.dz\\\/?s={search_term_string}\"},\"query-input\":{\"@type\":\"PropertyValueSpecification\",\"valueRequired\":true,\"valueName\":\"search_term_string\"}}],\"inLanguage\":\"fr-FR\"},{\"@type\":\"Organization\",\"@id\":\"https:\\\/\\\/lasentinelle.dz\\\/#organization\",\"name\":\"Quotidien La Sentinelle\",\"url\":\"https:\\\/\\\/lasentinelle.dz\\\/\",\"logo\":{\"@type\":\"ImageObject\",\"inLanguage\":\"fr-FR\",\"@id\":\"https:\\\/\\\/lasentinelle.dz\\\/#\\\/schema\\\/logo\\\/image\\\/\",\"url\":\"https:\\\/\\\/lasentinelle.dz\\\/wp-content\\\/uploads\\\/2021\\\/09\\\/logo-sentinelleSLOGAN-1.png\",\"contentUrl\":\"https:\\\/\\\/lasentinelle.dz\\\/wp-content\\\/uploads\\\/2021\\\/09\\\/logo-sentinelleSLOGAN-1.png\",\"width\":615,\"height\":142,\"caption\":\"Quotidien La Sentinelle\"},\"image\":{\"@id\":\"https:\\\/\\\/lasentinelle.dz\\\/#\\\/schema\\\/logo\\\/image\\\/\"},\"sameAs\":[\"https:\\\/\\\/www.facebook.com\\\/La-Sentinelle-104059864394773\"]},{\"@type\":\"Person\",\"@id\":\"https:\\\/\\\/lasentinelle.dz\\\/#\\\/schema\\\/person\\\/729ee0024f24e0b8c5ec17232f8e8b41\",\"name\":\"admin\",\"image\":{\"@type\":\"ImageObject\",\"inLanguage\":\"fr-FR\",\"@id\":\"https:\\\/\\\/secure.gravatar.com\\\/avatar\\\/4c81fed838786e9b53f540bf46533e750f5d292099ae3b66cfc6fb1982e29df7?s=96&d=mm&r=g\",\"url\":\"https:\\\/\\\/secure.gravatar.com\\\/avatar\\\/4c81fed838786e9b53f540bf46533e750f5d292099ae3b66cfc6fb1982e29df7?s=96&d=mm&r=g\",\"contentUrl\":\"https:\\\/\\\/secure.gravatar.com\\\/avatar\\\/4c81fed838786e9b53f540bf46533e750f5d292099ae3b66cfc6fb1982e29df7?s=96&d=mm&r=g\",\"caption\":\"admin\"},\"description\":\"admin\",\"url\":\"https:\\\/\\\/lasentinelle.dz\\\/author\\\/admin\\\/\"}]}<\/script>\n<!-- \/ Yoast SEO plugin. -->","yoast_head_json":{"title":"Constantine\u00a0: L&rsquo;APC adopte un plan de d\u00e9veloppement de 255 millions DA - La Sentinelle","robots":{"index":"index","follow":"follow","max-snippet":"max-snippet:-1","max-image-preview":"max-image-preview:large","max-video-preview":"max-video-preview:-1"},"canonical":"https:\/\/lasentinelle.dz\/index.php\/2026\/03\/17\/constantine-lapc-adopte-un-plan-de-developpement-de-255-millions-da\/","og_locale":"fr_FR","og_type":"article","og_title":"Constantine\u00a0: L&rsquo;APC adopte un plan de d\u00e9veloppement de 255 millions DA - La Sentinelle","og_description":"R\u00e9unie en session extraordinaire lundi, l&rsquo;Assembl\u00e9e populaire communale de Constantine a approuv\u00e9 un plan d&rsquo;\u00e9quipement communal d&rsquo;un montant de plus","og_url":"https:\/\/lasentinelle.dz\/index.php\/2026\/03\/17\/constantine-lapc-adopte-un-plan-de-developpement-de-255-millions-da\/","og_site_name":"La Sentinelle","article_publisher":"https:\/\/www.facebook.com\/La-Sentinelle-104059864394773","article_published_time":"2026-03-17T20:33:56+00:00","article_modified_time":"2026-03-17T20:33:57+00:00","og_image":[{"width":1594,"height":900,"url":"https:\/\/lasentinelle.dz\/wp-content\/uploads\/2023\/03\/APC-de-Constantine.png","type":"image\/png"}],"author":"admin","twitter_card":"summary_large_image","twitter_misc":{"\u00c9crit par":"admin","Dur\u00e9e de lecture estim\u00e9e":"3 minutes"},"schema":{"@context":"https:\/\/schema.org","@graph":[{"@type":"Article","@id":"https:\/\/lasentinelle.dz\/index.php\/2026\/03\/17\/constantine-lapc-adopte-un-plan-de-developpement-de-255-millions-da\/#article","isPartOf":{"@id":"https:\/\/lasentinelle.dz\/index.php\/2026\/03\/17\/constantine-lapc-adopte-un-plan-de-developpement-de-255-millions-da\/"},"author":{"name":"admin","@id":"https:\/\/lasentinelle.dz\/#\/schema\/person\/729ee0024f24e0b8c5ec17232f8e8b41"},"headline":"Constantine\u00a0: L&rsquo;APC adopte un plan de d\u00e9veloppement de 255 millions DA","datePublished":"2026-03-17T20:33:56+00:00","dateModified":"2026-03-17T20:33:57+00:00","mainEntityOfPage":{"@id":"https:\/\/lasentinelle.dz\/index.php\/2026\/03\/17\/constantine-lapc-adopte-un-plan-de-developpement-de-255-millions-da\/"},"wordCount":589,"commentCount":0,"publisher":{"@id":"https:\/\/lasentinelle.dz\/#organization"},"image":{"@id":"https:\/\/lasentinelle.dz\/index.php\/2026\/03\/17\/constantine-lapc-adopte-un-plan-de-developpement-de-255-millions-da\/#primaryimage"},"thumbnailUrl":"https:\/\/lasentinelle.dz\/wp-content\/uploads\/2023\/03\/APC-de-Constantine.png","articleSection":["R\u00e9gions"],"inLanguage":"fr-FR","potentialAction":[{"@type":"CommentAction","name":"Comment","target":["https:\/\/lasentinelle.dz\/index.php\/2026\/03\/17\/constantine-lapc-adopte-un-plan-de-developpement-de-255-millions-da\/#respond"]}]},{"@type":"WebPage","@id":"https:\/\/lasentinelle.dz\/index.php\/2026\/03\/17\/constantine-lapc-adopte-un-plan-de-developpement-de-255-millions-da\/","url":"https:\/\/lasentinelle.dz\/index.php\/2026\/03\/17\/constantine-lapc-adopte-un-plan-de-developpement-de-255-millions-da\/","name":"Constantine\u00a0: L&rsquo;APC adopte un plan de d\u00e9veloppement de 255 millions DA - La Sentinelle","isPartOf":{"@id":"https:\/\/lasentinelle.dz\/#website"},"primaryImageOfPage":{"@id":"https:\/\/lasentinelle.dz\/index.php\/2026\/03\/17\/constantine-lapc-adopte-un-plan-de-developpement-de-255-millions-da\/#primaryimage"},"image":{"@id":"https:\/\/lasentinelle.dz\/index.php\/2026\/03\/17\/constantine-lapc-adopte-un-plan-de-developpement-de-255-millions-da\/#primaryimage"},"thumbnailUrl":"https:\/\/lasentinelle.dz\/wp-content\/uploads\/2023\/03\/APC-de-Constantine.png","datePublished":"2026-03-17T20:33:56+00:00","dateModified":"2026-03-17T20:33:57+00:00","breadcrumb":{"@id":"https:\/\/lasentinelle.dz\/index.php\/2026\/03\/17\/constantine-lapc-adopte-un-plan-de-developpement-de-255-millions-da\/#breadcrumb"},"inLanguage":"fr-FR","potentialAction":[{"@type":"ReadAction","target":["https:\/\/lasentinelle.dz\/index.php\/2026\/03\/17\/constantine-lapc-adopte-un-plan-de-developpement-de-255-millions-da\/"]}]},{"@type":"ImageObject","inLanguage":"fr-FR","@id":"https:\/\/lasentinelle.dz\/index.php\/2026\/03\/17\/constantine-lapc-adopte-un-plan-de-developpement-de-255-millions-da\/#primaryimage","url":"https:\/\/lasentinelle.dz\/wp-content\/uploads\/2023\/03\/APC-de-Constantine.png","contentUrl":"https:\/\/lasentinelle.dz\/wp-content\/uploads\/2023\/03\/APC-de-Constantine.png","width":1594,"height":900},{"@type":"BreadcrumbList","@id":"https:\/\/lasentinelle.dz\/index.php\/2026\/03\/17\/constantine-lapc-adopte-un-plan-de-developpement-de-255-millions-da\/#breadcrumb","itemListElement":[{"@type":"ListItem","position":1,"name":"Accueil","item":"https:\/\/lasentinelle.dz\/"},{"@type":"ListItem","position":2,"name":"Constantine\u00a0: L&rsquo;APC adopte un plan de d\u00e9veloppement de 255 millions DA"}]},{"@type":"WebSite","@id":"https:\/\/lasentinelle.dz\/#website","url":"https:\/\/lasentinelle.dz\/","name":"La Sentinelle","description":"Quotidien national d&#039;information","publisher":{"@id":"https:\/\/lasentinelle.dz\/#organization"},"potentialAction":[{"@type":"SearchAction","target":{"@type":"EntryPoint","urlTemplate":"https:\/\/lasentinelle.dz\/?s={search_term_string}"},"query-input":{"@type":"PropertyValueSpecification","valueRequired":true,"valueName":"search_term_string"}}],"inLanguage":"fr-FR"},{"@type":"Organization","@id":"https:\/\/lasentinelle.dz\/#organization","name":"Quotidien La Sentinelle","url":"https:\/\/lasentinelle.dz\/","logo":{"@type":"ImageObject","inLanguage":"fr-FR","@id":"https:\/\/lasentinelle.dz\/#\/schema\/logo\/image\/","url":"https:\/\/lasentinelle.dz\/wp-content\/uploads\/2021\/09\/logo-sentinelleSLOGAN-1.png","contentUrl":"https:\/\/lasentinelle.dz\/wp-content\/uploads\/2021\/09\/logo-sentinelleSLOGAN-1.png","width":615,"height":142,"caption":"Quotidien La Sentinelle"},"image":{"@id":"https:\/\/lasentinelle.dz\/#\/schema\/logo\/image\/"},"sameAs":["https:\/\/www.facebook.com\/La-Sentinelle-104059864394773"]},{"@type":"Person","@id":"https:\/\/lasentinelle.dz\/#\/schema\/person\/729ee0024f24e0b8c5ec17232f8e8b41","name":"admin","image":{"@type":"ImageObject","inLanguage":"fr-FR","@id":"https:\/\/secure.gravatar.com\/avatar\/4c81fed838786e9b53f540bf46533e750f5d292099ae3b66cfc6fb1982e29df7?s=96&d=mm&r=g","url":"https:\/\/secure.gravatar.com\/avatar\/4c81fed838786e9b53f540bf46533e750f5d292099ae3b66cfc6fb1982e29df7?s=96&d=mm&r=g","contentUrl":"https:\/\/secure.gravatar.com\/avatar\/4c81fed838786e9b53f540bf46533e750f5d292099ae3b66cfc6fb1982e29df7?s=96&d=mm&r=g","caption":"admin"},"description":"admin","url":"https:\/\/lasentinelle.dz\/author\/admin\/"}]}},"_links":{"self":[{"href":"https:\/\/lasentinelle.dz\/index.php\/wp-json\/wp\/v2\/posts\/83768","targetHints":{"allow":["GET"]}}],"collection":[{"href":"https:\/\/lasentinelle.dz\/index.php\/wp-json\/wp\/v2\/posts"}],"about":[{"href":"https:\/\/lasentinelle.dz\/index.php\/wp-json\/wp\/v2\/types\/post"}],"author":[{"embeddable":true,"href":"https:\/\/lasentinelle.dz\/index.php\/wp-json\/wp\/v2\/users\/6"}],"replies":[{"embeddable":true,"href":"https:\/\/lasentinelle.dz\/index.php\/wp-json\/wp\/v2\/comments?post=83768"}],"version-history":[{"count":2,"href":"https:\/\/lasentinelle.dz\/index.php\/wp-json\/wp\/v2\/posts\/83768\/revisions"}],"predecessor-version":[{"id":83770,"href":"https:\/\/lasentinelle.dz\/index.php\/wp-json\/wp\/v2\/posts\/83768\/revisions\/83770"}],"wp:featuredmedia":[{"embeddable":true,"href":"https:\/\/lasentinelle.dz\/index.php\/wp-json\/wp\/v2\/media\/38530"}],"wp:attachment":[{"href":"https:\/\/lasentinelle.dz\/index.php\/wp-json\/wp\/v2\/media?parent=83768"}],"wp:term":[{"taxonomy":"category","embeddable":true,"href":"https:\/\/lasentinelle.dz\/index.php\/wp-json\/wp\/v2\/categories?post=83768"},{"taxonomy":"post_tag","embeddable":true,"href":"https:\/\/lasentinelle.dz\/index.php\/wp-json\/wp\/v2\/tags?post=83768"}],"curies":[{"name":"wp","href":"https:\/\/api.w.org\/{rel}","templated":true}]}}