{"id":83777,"date":"2026-03-17T21:36:24","date_gmt":"2026-03-17T20:36:24","guid":{"rendered":"https:\/\/lasentinelle.dz\/?p=83777"},"modified":"2026-03-17T21:36:25","modified_gmt":"2026-03-17T20:36:25","slug":"exportations-hors-hydrocarbures-vers-la-creation-dun-fichier-numerique-des-services-et-produits-en-algerie","status":"publish","type":"post","link":"https:\/\/lasentinelle.dz\/index.php\/2026\/03\/17\/exportations-hors-hydrocarbures-vers-la-creation-dun-fichier-numerique-des-services-et-produits-en-algerie\/","title":{"rendered":"Exportations hors-Hydrocarbures\u00a0: Vers la cr\u00e9ation d\u2019un fichier num\u00e9rique des services et produits en Alg\u00e9rie"},"content":{"rendered":"\n<p>Le minist\u00e8re du Commerce ext\u00e9rieur intensifie sa coordination intersectorielle pour doper les exportations hors-hydrocarbures. Mardi, le ministre Kamel Rezig a pr\u00e9sid\u00e9 au si\u00e8ge de son d\u00e9partement une r\u00e9union de coordination r\u00e9unissant les secr\u00e9taires g\u00e9n\u00e9raux et repr\u00e9sentants des diff\u00e9rents secteurs minist\u00e9riels. L&rsquo;ordre du jour portait sur un chantier d&rsquo;apparence technique mais aux implications strat\u00e9giques consid\u00e9rables : la constitution d&rsquo;un r\u00e9pertoire num\u00e9rique exhaustif de l&rsquo;offre nationale. Selon le communiqu\u00e9 du minist\u00e8re, \u00ab l&rsquo;accent a \u00e9t\u00e9 mis sur l&rsquo;importance de la cr\u00e9ation d&rsquo;un fichier num\u00e9rique national exhaustif, incluant l&rsquo;ensemble des services et des produits fabriqu\u00e9s en Alg\u00e9rie, de mani\u00e8re \u00e0 disposer d&rsquo;une base de donn\u00e9es pr\u00e9cise et actualis\u00e9e \u00e0 m\u00eame de soutenir l&rsquo;orientation de l&rsquo;offre nationale vers les march\u00e9s ext\u00e9rieurs et sa valorisation optimale \u00bb. La r\u00e9union a \u00e9galement mis en avant \u00ab l&rsquo;identification par les diff\u00e9rents secteurs de leurs besoins en biens et services \u00bb, posant ainsi les bases d&rsquo;une cartographie productive que les pouvoirs publics jugent indispensable \u00e0 toute strat\u00e9gie exportatrice coh\u00e9rente. L&rsquo;initiative r\u00e9pond \u00e0 un constat r\u00e9current : l&rsquo;absence d&rsquo;un inventaire centralis\u00e9 et fiable de la production nationale constitue un frein \u00e0 la prospection commerciale \u00e0 l&rsquo;\u00e9tranger. Sans visibilit\u00e9 sur ce que le pays est capable d&rsquo;offrir, les op\u00e9rateurs comme les institutions peinent \u00e0 construire une d\u00e9marche de promotion cr\u00e9dible sur les march\u00e9s tiers. En saluant \u00ab le niveau de coordination entre diff\u00e9rents secteurs minist\u00e9riels \u00bb tout en appelant \u00e0 \u00ab le renforcer et l&rsquo;intensifier \u00bb, Kamel Rezig a reconnu implicitement que les silos administratifs restent un obstacle \u00e0 la coh\u00e9rence de l&rsquo;action gouvernementale en mati\u00e8re de commerce ext\u00e9rieur.<\/p>\n\n\n\n<p>La veille, lundi, le m\u00eame ministre avait re\u00e7u une d\u00e9l\u00e9gation de la F\u00e9d\u00e9ration nationale de l&rsquo;h\u00f4tellerie et du tourisme, conduite par son pr\u00e9sident Abdelouahab Boulefkhad. L&rsquo;entretien portait sur un segment encore largement sous-exploit\u00e9 de l&rsquo;\u00e9conomie nationale : l&rsquo;exportation de services touristiques et h\u00f4teliers. Les deux parties ont \u00e9chang\u00e9 sur les moyens d&rsquo;\u00ab ouvrir de nouvelles perspectives pour l&rsquo;exportation des prestations, \u00e0 la lumi\u00e8re de l&rsquo;int\u00e9r\u00eat croissant pour la destination Alg\u00e9rie aux niveaux r\u00e9gional et international \u00bb, selon le communiqu\u00e9 minist\u00e9riel. Les professionnels du secteur ont par ailleurs exprim\u00e9 leurs pr\u00e9occupations quant aux m\u00e9canismes d&rsquo;accompagnement disponibles, jugeant insuffisant le soutien public \u00e0 leur mont\u00e9e en comp\u00e9titivit\u00e9.<\/p>\n\n\n\n<p>Le ministre a r\u00e9pondu en affirmant \u00ab la volont\u00e9 de son secteur de poursuivre la coordination et la concertation avec les diff\u00e9rents acteurs et professionnels et d&rsquo;encourager les initiatives \u00e0 m\u00eame de soutenir l&rsquo;exportation des prestations, dans le cadre des orientations nationales visant \u00e0 diversifier l&rsquo;\u00e9conomie nationale \u00bb. Ces deux s\u00e9quences, bien que distinctes dans leur objet, s&rsquo;articulent autour d&rsquo;une m\u00eame logique : mobiliser l&rsquo;ensemble des acteurs \u00e9conomiques \u2014 administrations, f\u00e9d\u00e9rations professionnelles, op\u00e9rateurs priv\u00e9s \u2014 pour b\u00e2tir une offre exportable diversifi\u00e9e et mieux structur\u00e9e. La cr\u00e9ation d&rsquo;un fichier num\u00e9rique de la production nationale en constituerait l&rsquo;un des piliers m\u00e9thodologiques, tandis que la valorisation du tourisme incarnerait l&rsquo;un des relais de croissance les plus imm\u00e9diatement accessibles, l&rsquo;Alg\u00e9rie disposant d&rsquo;un patrimoine naturel et culturel encore peu valoris\u00e9 sur la sc\u00e8ne internationale.<\/p>\n\n\n\n<p>Sabrina Aziouez<\/p>\n","protected":false},"excerpt":{"rendered":"<p>Le minist\u00e8re du Commerce ext\u00e9rieur intensifie sa coordination intersectorielle pour doper les exportations hors-hydrocarbures. Mardi, le ministre Kamel Rezig a<\/p>\n","protected":false},"author":6,"featured_media":32653,"comment_status":"open","ping_status":"closed","sticky":false,"template":"","format":"standard","meta":{"colormag_page_container_layout":"default_layout","colormag_page_sidebar_layout":"default_layout","om_disable_all_campaigns":false,"_monsterinsights_skip_tracking":false,"_monsterinsights_sitenote_active":false,"_monsterinsights_sitenote_note":"","_monsterinsights_sitenote_category":0,"footnotes":"","_wpscppro_dont_share_socialmedia":false,"_wpscppro_custom_social_share_image":0,"_facebook_share_type":"default","_twitter_share_type":"default","_linkedin_share_type":"default","_pinterest_share_type":"default","_linkedin_share_type_page":"","_instagram_share_type":"default","_medium_share_type":"default","_threads_share_type":"default","_google_business_share_type":"default","_selected_social_profile":[],"_wpsp_enable_custom_social_template":false,"_wpsp_social_scheduling":{"enabled":false,"datetime":null,"platforms":[],"status":"template_only","dateOption":"today","timeOption":"now","customDays":"","customHours":"","customDate":"","customTime":"","schedulingType":"absolute"},"_wpsp_active_default_template":true},"categories":[29],"tags":[],"class_list":["post-83777","post","type-post","status-publish","format-standard","has-post-thumbnail","hentry","category-economie"],"aioseo_notices":[],"yoast_head":"<!-- This site is optimized with the Yoast SEO plugin v27.5 - https:\/\/yoast.com\/product\/yoast-seo-wordpress\/ -->\n<title>Exportations hors-Hydrocarbures\u00a0: Vers la cr\u00e9ation d\u2019un fichier num\u00e9rique des services et produits en Alg\u00e9rie - La Sentinelle<\/title>\n<meta name=\"robots\" content=\"index, follow, max-snippet:-1, max-image-preview:large, max-video-preview:-1\" \/>\n<link rel=\"canonical\" href=\"https:\/\/lasentinelle.dz\/index.php\/2026\/03\/17\/exportations-hors-hydrocarbures-vers-la-creation-dun-fichier-numerique-des-services-et-produits-en-algerie\/\" \/>\n<meta property=\"og:locale\" content=\"fr_FR\" \/>\n<meta property=\"og:type\" content=\"article\" \/>\n<meta property=\"og:title\" content=\"Exportations hors-Hydrocarbures\u00a0: Vers la cr\u00e9ation d\u2019un fichier num\u00e9rique des services et produits en Alg\u00e9rie - La Sentinelle\" \/>\n<meta property=\"og:description\" content=\"Le minist\u00e8re du Commerce ext\u00e9rieur intensifie sa coordination intersectorielle pour doper les exportations hors-hydrocarbures. Mardi, le ministre Kamel Rezig a\" \/>\n<meta property=\"og:url\" content=\"https:\/\/lasentinelle.dz\/index.php\/2026\/03\/17\/exportations-hors-hydrocarbures-vers-la-creation-dun-fichier-numerique-des-services-et-produits-en-algerie\/\" \/>\n<meta property=\"og:site_name\" content=\"La Sentinelle\" \/>\n<meta property=\"article:publisher\" content=\"https:\/\/www.facebook.com\/La-Sentinelle-104059864394773\" \/>\n<meta property=\"article:published_time\" content=\"2026-03-17T20:36:24+00:00\" \/>\n<meta property=\"article:modified_time\" content=\"2026-03-17T20:36:25+00:00\" \/>\n<meta property=\"og:image\" content=\"https:\/\/lasentinelle.dz\/wp-content\/uploads\/2022\/12\/export.png\" \/>\n\t<meta property=\"og:image:width\" content=\"1600\" \/>\n\t<meta property=\"og:image:height\" content=\"900\" \/>\n\t<meta property=\"og:image:type\" content=\"image\/png\" \/>\n<meta name=\"author\" content=\"admin\" \/>\n<meta name=\"twitter:card\" content=\"summary_large_image\" \/>\n<meta name=\"twitter:label1\" content=\"\u00c9crit par\" \/>\n\t<meta name=\"twitter:data1\" content=\"admin\" \/>\n\t<meta name=\"twitter:label2\" content=\"Dur\u00e9e de lecture estim\u00e9e\" \/>\n\t<meta name=\"twitter:data2\" content=\"3 minutes\" \/>\n<script type=\"application\/ld+json\" class=\"yoast-schema-graph\">{\"@context\":\"https:\\\/\\\/schema.org\",\"@graph\":[{\"@type\":\"Article\",\"@id\":\"https:\\\/\\\/lasentinelle.dz\\\/index.php\\\/2026\\\/03\\\/17\\\/exportations-hors-hydrocarbures-vers-la-creation-dun-fichier-numerique-des-services-et-produits-en-algerie\\\/#article\",\"isPartOf\":{\"@id\":\"https:\\\/\\\/lasentinelle.dz\\\/index.php\\\/2026\\\/03\\\/17\\\/exportations-hors-hydrocarbures-vers-la-creation-dun-fichier-numerique-des-services-et-produits-en-algerie\\\/\"},\"author\":{\"name\":\"admin\",\"@id\":\"https:\\\/\\\/lasentinelle.dz\\\/#\\\/schema\\\/person\\\/729ee0024f24e0b8c5ec17232f8e8b41\"},\"headline\":\"Exportations hors-Hydrocarbures\u00a0: Vers la cr\u00e9ation d\u2019un fichier num\u00e9rique des services et produits en Alg\u00e9rie\",\"datePublished\":\"2026-03-17T20:36:24+00:00\",\"dateModified\":\"2026-03-17T20:36:25+00:00\",\"mainEntityOfPage\":{\"@id\":\"https:\\\/\\\/lasentinelle.dz\\\/index.php\\\/2026\\\/03\\\/17\\\/exportations-hors-hydrocarbures-vers-la-creation-dun-fichier-numerique-des-services-et-produits-en-algerie\\\/\"},\"wordCount\":602,\"commentCount\":0,\"publisher\":{\"@id\":\"https:\\\/\\\/lasentinelle.dz\\\/#organization\"},\"image\":{\"@id\":\"https:\\\/\\\/lasentinelle.dz\\\/index.php\\\/2026\\\/03\\\/17\\\/exportations-hors-hydrocarbures-vers-la-creation-dun-fichier-numerique-des-services-et-produits-en-algerie\\\/#primaryimage\"},\"thumbnailUrl\":\"https:\\\/\\\/lasentinelle.dz\\\/wp-content\\\/uploads\\\/2022\\\/12\\\/export.png\",\"articleSection\":[\"\u00c9conomie\"],\"inLanguage\":\"fr-FR\",\"potentialAction\":[{\"@type\":\"CommentAction\",\"name\":\"Comment\",\"target\":[\"https:\\\/\\\/lasentinelle.dz\\\/index.php\\\/2026\\\/03\\\/17\\\/exportations-hors-hydrocarbures-vers-la-creation-dun-fichier-numerique-des-services-et-produits-en-algerie\\\/#respond\"]}]},{\"@type\":\"WebPage\",\"@id\":\"https:\\\/\\\/lasentinelle.dz\\\/index.php\\\/2026\\\/03\\\/17\\\/exportations-hors-hydrocarbures-vers-la-creation-dun-fichier-numerique-des-services-et-produits-en-algerie\\\/\",\"url\":\"https:\\\/\\\/lasentinelle.dz\\\/index.php\\\/2026\\\/03\\\/17\\\/exportations-hors-hydrocarbures-vers-la-creation-dun-fichier-numerique-des-services-et-produits-en-algerie\\\/\",\"name\":\"Exportations hors-Hydrocarbures\u00a0: Vers la cr\u00e9ation d\u2019un fichier num\u00e9rique des services et produits en Alg\u00e9rie - La Sentinelle\",\"isPartOf\":{\"@id\":\"https:\\\/\\\/lasentinelle.dz\\\/#website\"},\"primaryImageOfPage\":{\"@id\":\"https:\\\/\\\/lasentinelle.dz\\\/index.php\\\/2026\\\/03\\\/17\\\/exportations-hors-hydrocarbures-vers-la-creation-dun-fichier-numerique-des-services-et-produits-en-algerie\\\/#primaryimage\"},\"image\":{\"@id\":\"https:\\\/\\\/lasentinelle.dz\\\/index.php\\\/2026\\\/03\\\/17\\\/exportations-hors-hydrocarbures-vers-la-creation-dun-fichier-numerique-des-services-et-produits-en-algerie\\\/#primaryimage\"},\"thumbnailUrl\":\"https:\\\/\\\/lasentinelle.dz\\\/wp-content\\\/uploads\\\/2022\\\/12\\\/export.png\",\"datePublished\":\"2026-03-17T20:36:24+00:00\",\"dateModified\":\"2026-03-17T20:36:25+00:00\",\"breadcrumb\":{\"@id\":\"https:\\\/\\\/lasentinelle.dz\\\/index.php\\\/2026\\\/03\\\/17\\\/exportations-hors-hydrocarbures-vers-la-creation-dun-fichier-numerique-des-services-et-produits-en-algerie\\\/#breadcrumb\"},\"inLanguage\":\"fr-FR\",\"potentialAction\":[{\"@type\":\"ReadAction\",\"target\":[\"https:\\\/\\\/lasentinelle.dz\\\/index.php\\\/2026\\\/03\\\/17\\\/exportations-hors-hydrocarbures-vers-la-creation-dun-fichier-numerique-des-services-et-produits-en-algerie\\\/\"]}]},{\"@type\":\"ImageObject\",\"inLanguage\":\"fr-FR\",\"@id\":\"https:\\\/\\\/lasentinelle.dz\\\/index.php\\\/2026\\\/03\\\/17\\\/exportations-hors-hydrocarbures-vers-la-creation-dun-fichier-numerique-des-services-et-produits-en-algerie\\\/#primaryimage\",\"url\":\"https:\\\/\\\/lasentinelle.dz\\\/wp-content\\\/uploads\\\/2022\\\/12\\\/export.png\",\"contentUrl\":\"https:\\\/\\\/lasentinelle.dz\\\/wp-content\\\/uploads\\\/2022\\\/12\\\/export.png\",\"width\":1600,\"height\":900},{\"@type\":\"BreadcrumbList\",\"@id\":\"https:\\\/\\\/lasentinelle.dz\\\/index.php\\\/2026\\\/03\\\/17\\\/exportations-hors-hydrocarbures-vers-la-creation-dun-fichier-numerique-des-services-et-produits-en-algerie\\\/#breadcrumb\",\"itemListElement\":[{\"@type\":\"ListItem\",\"position\":1,\"name\":\"Accueil\",\"item\":\"https:\\\/\\\/lasentinelle.dz\\\/\"},{\"@type\":\"ListItem\",\"position\":2,\"name\":\"Exportations hors-Hydrocarbures\u00a0: Vers la cr\u00e9ation d\u2019un fichier num\u00e9rique des services et produits en Alg\u00e9rie\"}]},{\"@type\":\"WebSite\",\"@id\":\"https:\\\/\\\/lasentinelle.dz\\\/#website\",\"url\":\"https:\\\/\\\/lasentinelle.dz\\\/\",\"name\":\"La Sentinelle\",\"description\":\"Quotidien national d&#039;information\",\"publisher\":{\"@id\":\"https:\\\/\\\/lasentinelle.dz\\\/#organization\"},\"potentialAction\":[{\"@type\":\"SearchAction\",\"target\":{\"@type\":\"EntryPoint\",\"urlTemplate\":\"https:\\\/\\\/lasentinelle.dz\\\/?s={search_term_string}\"},\"query-input\":{\"@type\":\"PropertyValueSpecification\",\"valueRequired\":true,\"valueName\":\"search_term_string\"}}],\"inLanguage\":\"fr-FR\"},{\"@type\":\"Organization\",\"@id\":\"https:\\\/\\\/lasentinelle.dz\\\/#organization\",\"name\":\"Quotidien La Sentinelle\",\"url\":\"https:\\\/\\\/lasentinelle.dz\\\/\",\"logo\":{\"@type\":\"ImageObject\",\"inLanguage\":\"fr-FR\",\"@id\":\"https:\\\/\\\/lasentinelle.dz\\\/#\\\/schema\\\/logo\\\/image\\\/\",\"url\":\"https:\\\/\\\/lasentinelle.dz\\\/wp-content\\\/uploads\\\/2021\\\/09\\\/logo-sentinelleSLOGAN-1.png\",\"contentUrl\":\"https:\\\/\\\/lasentinelle.dz\\\/wp-content\\\/uploads\\\/2021\\\/09\\\/logo-sentinelleSLOGAN-1.png\",\"width\":615,\"height\":142,\"caption\":\"Quotidien La Sentinelle\"},\"image\":{\"@id\":\"https:\\\/\\\/lasentinelle.dz\\\/#\\\/schema\\\/logo\\\/image\\\/\"},\"sameAs\":[\"https:\\\/\\\/www.facebook.com\\\/La-Sentinelle-104059864394773\"]},{\"@type\":\"Person\",\"@id\":\"https:\\\/\\\/lasentinelle.dz\\\/#\\\/schema\\\/person\\\/729ee0024f24e0b8c5ec17232f8e8b41\",\"name\":\"admin\",\"image\":{\"@type\":\"ImageObject\",\"inLanguage\":\"fr-FR\",\"@id\":\"https:\\\/\\\/secure.gravatar.com\\\/avatar\\\/4c81fed838786e9b53f540bf46533e750f5d292099ae3b66cfc6fb1982e29df7?s=96&d=mm&r=g\",\"url\":\"https:\\\/\\\/secure.gravatar.com\\\/avatar\\\/4c81fed838786e9b53f540bf46533e750f5d292099ae3b66cfc6fb1982e29df7?s=96&d=mm&r=g\",\"contentUrl\":\"https:\\\/\\\/secure.gravatar.com\\\/avatar\\\/4c81fed838786e9b53f540bf46533e750f5d292099ae3b66cfc6fb1982e29df7?s=96&d=mm&r=g\",\"caption\":\"admin\"},\"description\":\"admin\",\"url\":\"https:\\\/\\\/lasentinelle.dz\\\/author\\\/admin\\\/\"}]}<\/script>\n<!-- \/ Yoast SEO plugin. -->","yoast_head_json":{"title":"Exportations hors-Hydrocarbures\u00a0: Vers la cr\u00e9ation d\u2019un fichier num\u00e9rique des services et produits en Alg\u00e9rie - La Sentinelle","robots":{"index":"index","follow":"follow","max-snippet":"max-snippet:-1","max-image-preview":"max-image-preview:large","max-video-preview":"max-video-preview:-1"},"canonical":"https:\/\/lasentinelle.dz\/index.php\/2026\/03\/17\/exportations-hors-hydrocarbures-vers-la-creation-dun-fichier-numerique-des-services-et-produits-en-algerie\/","og_locale":"fr_FR","og_type":"article","og_title":"Exportations hors-Hydrocarbures\u00a0: Vers la cr\u00e9ation d\u2019un fichier num\u00e9rique des services et produits en Alg\u00e9rie - La Sentinelle","og_description":"Le minist\u00e8re du Commerce ext\u00e9rieur intensifie sa coordination intersectorielle pour doper les exportations hors-hydrocarbures. Mardi, le ministre Kamel Rezig a","og_url":"https:\/\/lasentinelle.dz\/index.php\/2026\/03\/17\/exportations-hors-hydrocarbures-vers-la-creation-dun-fichier-numerique-des-services-et-produits-en-algerie\/","og_site_name":"La Sentinelle","article_publisher":"https:\/\/www.facebook.com\/La-Sentinelle-104059864394773","article_published_time":"2026-03-17T20:36:24+00:00","article_modified_time":"2026-03-17T20:36:25+00:00","og_image":[{"width":1600,"height":900,"url":"https:\/\/lasentinelle.dz\/wp-content\/uploads\/2022\/12\/export.png","type":"image\/png"}],"author":"admin","twitter_card":"summary_large_image","twitter_misc":{"\u00c9crit par":"admin","Dur\u00e9e de lecture estim\u00e9e":"3 minutes"},"schema":{"@context":"https:\/\/schema.org","@graph":[{"@type":"Article","@id":"https:\/\/lasentinelle.dz\/index.php\/2026\/03\/17\/exportations-hors-hydrocarbures-vers-la-creation-dun-fichier-numerique-des-services-et-produits-en-algerie\/#article","isPartOf":{"@id":"https:\/\/lasentinelle.dz\/index.php\/2026\/03\/17\/exportations-hors-hydrocarbures-vers-la-creation-dun-fichier-numerique-des-services-et-produits-en-algerie\/"},"author":{"name":"admin","@id":"https:\/\/lasentinelle.dz\/#\/schema\/person\/729ee0024f24e0b8c5ec17232f8e8b41"},"headline":"Exportations hors-Hydrocarbures\u00a0: Vers la cr\u00e9ation d\u2019un fichier num\u00e9rique des services et produits en Alg\u00e9rie","datePublished":"2026-03-17T20:36:24+00:00","dateModified":"2026-03-17T20:36:25+00:00","mainEntityOfPage":{"@id":"https:\/\/lasentinelle.dz\/index.php\/2026\/03\/17\/exportations-hors-hydrocarbures-vers-la-creation-dun-fichier-numerique-des-services-et-produits-en-algerie\/"},"wordCount":602,"commentCount":0,"publisher":{"@id":"https:\/\/lasentinelle.dz\/#organization"},"image":{"@id":"https:\/\/lasentinelle.dz\/index.php\/2026\/03\/17\/exportations-hors-hydrocarbures-vers-la-creation-dun-fichier-numerique-des-services-et-produits-en-algerie\/#primaryimage"},"thumbnailUrl":"https:\/\/lasentinelle.dz\/wp-content\/uploads\/2022\/12\/export.png","articleSection":["\u00c9conomie"],"inLanguage":"fr-FR","potentialAction":[{"@type":"CommentAction","name":"Comment","target":["https:\/\/lasentinelle.dz\/index.php\/2026\/03\/17\/exportations-hors-hydrocarbures-vers-la-creation-dun-fichier-numerique-des-services-et-produits-en-algerie\/#respond"]}]},{"@type":"WebPage","@id":"https:\/\/lasentinelle.dz\/index.php\/2026\/03\/17\/exportations-hors-hydrocarbures-vers-la-creation-dun-fichier-numerique-des-services-et-produits-en-algerie\/","url":"https:\/\/lasentinelle.dz\/index.php\/2026\/03\/17\/exportations-hors-hydrocarbures-vers-la-creation-dun-fichier-numerique-des-services-et-produits-en-algerie\/","name":"Exportations hors-Hydrocarbures\u00a0: Vers la cr\u00e9ation d\u2019un fichier num\u00e9rique des services et produits en Alg\u00e9rie - La Sentinelle","isPartOf":{"@id":"https:\/\/lasentinelle.dz\/#website"},"primaryImageOfPage":{"@id":"https:\/\/lasentinelle.dz\/index.php\/2026\/03\/17\/exportations-hors-hydrocarbures-vers-la-creation-dun-fichier-numerique-des-services-et-produits-en-algerie\/#primaryimage"},"image":{"@id":"https:\/\/lasentinelle.dz\/index.php\/2026\/03\/17\/exportations-hors-hydrocarbures-vers-la-creation-dun-fichier-numerique-des-services-et-produits-en-algerie\/#primaryimage"},"thumbnailUrl":"https:\/\/lasentinelle.dz\/wp-content\/uploads\/2022\/12\/export.png","datePublished":"2026-03-17T20:36:24+00:00","dateModified":"2026-03-17T20:36:25+00:00","breadcrumb":{"@id":"https:\/\/lasentinelle.dz\/index.php\/2026\/03\/17\/exportations-hors-hydrocarbures-vers-la-creation-dun-fichier-numerique-des-services-et-produits-en-algerie\/#breadcrumb"},"inLanguage":"fr-FR","potentialAction":[{"@type":"ReadAction","target":["https:\/\/lasentinelle.dz\/index.php\/2026\/03\/17\/exportations-hors-hydrocarbures-vers-la-creation-dun-fichier-numerique-des-services-et-produits-en-algerie\/"]}]},{"@type":"ImageObject","inLanguage":"fr-FR","@id":"https:\/\/lasentinelle.dz\/index.php\/2026\/03\/17\/exportations-hors-hydrocarbures-vers-la-creation-dun-fichier-numerique-des-services-et-produits-en-algerie\/#primaryimage","url":"https:\/\/lasentinelle.dz\/wp-content\/uploads\/2022\/12\/export.png","contentUrl":"https:\/\/lasentinelle.dz\/wp-content\/uploads\/2022\/12\/export.png","width":1600,"height":900},{"@type":"BreadcrumbList","@id":"https:\/\/lasentinelle.dz\/index.php\/2026\/03\/17\/exportations-hors-hydrocarbures-vers-la-creation-dun-fichier-numerique-des-services-et-produits-en-algerie\/#breadcrumb","itemListElement":[{"@type":"ListItem","position":1,"name":"Accueil","item":"https:\/\/lasentinelle.dz\/"},{"@type":"ListItem","position":2,"name":"Exportations hors-Hydrocarbures\u00a0: Vers la cr\u00e9ation d\u2019un fichier num\u00e9rique des services et produits en Alg\u00e9rie"}]},{"@type":"WebSite","@id":"https:\/\/lasentinelle.dz\/#website","url":"https:\/\/lasentinelle.dz\/","name":"La Sentinelle","description":"Quotidien national d&#039;information","publisher":{"@id":"https:\/\/lasentinelle.dz\/#organization"},"potentialAction":[{"@type":"SearchAction","target":{"@type":"EntryPoint","urlTemplate":"https:\/\/lasentinelle.dz\/?s={search_term_string}"},"query-input":{"@type":"PropertyValueSpecification","valueRequired":true,"valueName":"search_term_string"}}],"inLanguage":"fr-FR"},{"@type":"Organization","@id":"https:\/\/lasentinelle.dz\/#organization","name":"Quotidien La Sentinelle","url":"https:\/\/lasentinelle.dz\/","logo":{"@type":"ImageObject","inLanguage":"fr-FR","@id":"https:\/\/lasentinelle.dz\/#\/schema\/logo\/image\/","url":"https:\/\/lasentinelle.dz\/wp-content\/uploads\/2021\/09\/logo-sentinelleSLOGAN-1.png","contentUrl":"https:\/\/lasentinelle.dz\/wp-content\/uploads\/2021\/09\/logo-sentinelleSLOGAN-1.png","width":615,"height":142,"caption":"Quotidien La Sentinelle"},"image":{"@id":"https:\/\/lasentinelle.dz\/#\/schema\/logo\/image\/"},"sameAs":["https:\/\/www.facebook.com\/La-Sentinelle-104059864394773"]},{"@type":"Person","@id":"https:\/\/lasentinelle.dz\/#\/schema\/person\/729ee0024f24e0b8c5ec17232f8e8b41","name":"admin","image":{"@type":"ImageObject","inLanguage":"fr-FR","@id":"https:\/\/secure.gravatar.com\/avatar\/4c81fed838786e9b53f540bf46533e750f5d292099ae3b66cfc6fb1982e29df7?s=96&d=mm&r=g","url":"https:\/\/secure.gravatar.com\/avatar\/4c81fed838786e9b53f540bf46533e750f5d292099ae3b66cfc6fb1982e29df7?s=96&d=mm&r=g","contentUrl":"https:\/\/secure.gravatar.com\/avatar\/4c81fed838786e9b53f540bf46533e750f5d292099ae3b66cfc6fb1982e29df7?s=96&d=mm&r=g","caption":"admin"},"description":"admin","url":"https:\/\/lasentinelle.dz\/author\/admin\/"}]}},"_links":{"self":[{"href":"https:\/\/lasentinelle.dz\/index.php\/wp-json\/wp\/v2\/posts\/83777","targetHints":{"allow":["GET"]}}],"collection":[{"href":"https:\/\/lasentinelle.dz\/index.php\/wp-json\/wp\/v2\/posts"}],"about":[{"href":"https:\/\/lasentinelle.dz\/index.php\/wp-json\/wp\/v2\/types\/post"}],"author":[{"embeddable":true,"href":"https:\/\/lasentinelle.dz\/index.php\/wp-json\/wp\/v2\/users\/6"}],"replies":[{"embeddable":true,"href":"https:\/\/lasentinelle.dz\/index.php\/wp-json\/wp\/v2\/comments?post=83777"}],"version-history":[{"count":1,"href":"https:\/\/lasentinelle.dz\/index.php\/wp-json\/wp\/v2\/posts\/83777\/revisions"}],"predecessor-version":[{"id":83778,"href":"https:\/\/lasentinelle.dz\/index.php\/wp-json\/wp\/v2\/posts\/83777\/revisions\/83778"}],"wp:featuredmedia":[{"embeddable":true,"href":"https:\/\/lasentinelle.dz\/index.php\/wp-json\/wp\/v2\/media\/32653"}],"wp:attachment":[{"href":"https:\/\/lasentinelle.dz\/index.php\/wp-json\/wp\/v2\/media?parent=83777"}],"wp:term":[{"taxonomy":"category","embeddable":true,"href":"https:\/\/lasentinelle.dz\/index.php\/wp-json\/wp\/v2\/categories?post=83777"},{"taxonomy":"post_tag","embeddable":true,"href":"https:\/\/lasentinelle.dz\/index.php\/wp-json\/wp\/v2\/tags?post=83777"}],"curies":[{"name":"wp","href":"https:\/\/api.w.org\/{rel}","templated":true}]}}