{"id":83787,"date":"2026-03-17T21:40:02","date_gmt":"2026-03-17T20:40:02","guid":{"rendered":"https:\/\/lasentinelle.dz\/?p=83787"},"modified":"2026-03-17T21:40:04","modified_gmt":"2026-03-17T20:40:04","slug":"agence-de-developpement-social-211-milliards-de-dinars-mobilises","status":"publish","type":"post","link":"https:\/\/lasentinelle.dz\/index.php\/2026\/03\/17\/agence-de-developpement-social-211-milliards-de-dinars-mobilises\/","title":{"rendered":"Agence de d\u00e9veloppement social\u00a0: 211 milliards de dinars mobilis\u00e9s"},"content":{"rendered":"\n<p>La ministre de la Solidarit\u00e9 nationale, de la Famille et de la Condition f\u00e9minine, Soraya Mouloudji, a pr\u00e9sid\u00e9 lundi une r\u00e9union de coordination avec les cadres centraux de l&rsquo;Agence de d\u00e9veloppement social (ADS), consacr\u00e9e \u00e0 l&rsquo;\u00e9valuation des programmes et projets inscrits au plan d&rsquo;action de l&rsquo;agence pour l&rsquo;ann\u00e9e en cours. Au c\u0153ur des d\u00e9bats, les moyens financiers engag\u00e9s pour honorer les engagements sociaux de l&rsquo;\u00c9tat. Selon le communiqu\u00e9 du minist\u00e8re, une enveloppe globale de <strong>211 milliards de dinars<\/strong> a \u00e9t\u00e9 allou\u00e9e en 2026 pour la prise en charge des diff\u00e9rents programmes de soutien g\u00e9r\u00e9s par l&rsquo;ADS. La part du lion revient \u00e0 l&rsquo;allocation forfaitaire de solidarit\u00e9, dot\u00e9e de <strong>179,4 milliards de dinars<\/strong>, tandis que l&rsquo;allocation scolaire sp\u00e9ciale b\u00e9n\u00e9ficie d&rsquo;une enveloppe de <strong>17,37 milliards de dinars<\/strong>.<\/p>\n\n\n\n<p>\u00c0 cette occasion, la ministre a insist\u00e9 sur la n\u00e9cessit\u00e9 de \u00ab veiller \u00e0 la prise en charge des demandeurs de l&rsquo;allocation forfaitaire de solidarit\u00e9, tout en proc\u00e9dant \u00e0 l&rsquo;assainissement p\u00e9riodique des listes de b\u00e9n\u00e9ficiaires ne remplissant pas les conditions d&rsquo;\u00e9ligibilit\u00e9 \u00bb, et sur l&rsquo;imp\u00e9ratif de \u00ab verser l&rsquo;allocation scolaire sp\u00e9ciale et de garantir que tous les parents d&rsquo;\u00e9l\u00e8ves concern\u00e9s en b\u00e9n\u00e9ficient avant la rentr\u00e9e scolaire 2026-2027 \u00bb. La ministre a \u00e9galement appel\u00e9 \u00e0 \u00ab renforcer les m\u00e9canismes de solidarit\u00e9 nationale \u00bb et \u00e0 mobiliser les cellules de proximit\u00e9 \u00e0 travers le territoire pour accompagner les populations concern\u00e9es. Cinquante nouvelles cellules de solidarit\u00e9 de proximit\u00e9 seront cr\u00e9\u00e9es \u00e0 cet effet.<\/p>\n\n\n\n<p>Sur le plan statutaire, une nouvelle convention collective approuv\u00e9e par le conseil d&rsquo;orientation de l&rsquo;ADS permettra aux agents de l&rsquo;agence d&rsquo;am\u00e9liorer leur parcours professionnel et de b\u00e9n\u00e9ficier d&rsquo;une revalorisation salariale \u00e0 compter du 1er janvier 2026, sa signature formelle \u00e9tant pr\u00e9vue en avril prochain.<\/p>\n\n\n\n<p>R.N.<\/p>\n","protected":false},"excerpt":{"rendered":"<p>La ministre de la Solidarit\u00e9 nationale, de la Famille et de la Condition f\u00e9minine, Soraya Mouloudji, a pr\u00e9sid\u00e9 lundi une<\/p>\n","protected":false},"author":6,"featured_media":74840,"comment_status":"open","ping_status":"closed","sticky":false,"template":"","format":"standard","meta":{"colormag_page_container_layout":"default_layout","colormag_page_sidebar_layout":"default_layout","om_disable_all_campaigns":false,"_monsterinsights_skip_tracking":false,"_monsterinsights_sitenote_active":false,"_monsterinsights_sitenote_note":"","_monsterinsights_sitenote_category":0,"footnotes":"","_wpscppro_dont_share_socialmedia":false,"_wpscppro_custom_social_share_image":0,"_facebook_share_type":"default","_twitter_share_type":"default","_linkedin_share_type":"default","_pinterest_share_type":"default","_linkedin_share_type_page":"","_instagram_share_type":"default","_medium_share_type":"default","_threads_share_type":"default","_google_business_share_type":"default","_selected_social_profile":[],"_wpsp_enable_custom_social_template":false,"_wpsp_social_scheduling":{"enabled":false,"datetime":null,"platforms":[],"status":"template_only","dateOption":"today","timeOption":"now","customDays":"","customHours":"","customDate":"","customTime":"","schedulingType":"absolute"},"_wpsp_active_default_template":true},"categories":[27],"tags":[],"class_list":["post-83787","post","type-post","status-publish","format-standard","has-post-thumbnail","hentry","category-actualite"],"aioseo_notices":[],"yoast_head":"<!-- This site is optimized with the Yoast SEO plugin v27.5 - https:\/\/yoast.com\/product\/yoast-seo-wordpress\/ -->\n<title>Agence de d\u00e9veloppement social\u00a0: 211 milliards de dinars mobilis\u00e9s - La Sentinelle<\/title>\n<meta name=\"robots\" content=\"index, follow, max-snippet:-1, max-image-preview:large, max-video-preview:-1\" \/>\n<link rel=\"canonical\" href=\"https:\/\/lasentinelle.dz\/index.php\/2026\/03\/17\/agence-de-developpement-social-211-milliards-de-dinars-mobilises\/\" \/>\n<meta property=\"og:locale\" content=\"fr_FR\" \/>\n<meta property=\"og:type\" content=\"article\" \/>\n<meta property=\"og:title\" content=\"Agence de d\u00e9veloppement social\u00a0: 211 milliards de dinars mobilis\u00e9s - La Sentinelle\" \/>\n<meta property=\"og:description\" content=\"La ministre de la Solidarit\u00e9 nationale, de la Famille et de la Condition f\u00e9minine, Soraya Mouloudji, a pr\u00e9sid\u00e9 lundi une\" \/>\n<meta property=\"og:url\" content=\"https:\/\/lasentinelle.dz\/index.php\/2026\/03\/17\/agence-de-developpement-social-211-milliards-de-dinars-mobilises\/\" \/>\n<meta property=\"og:site_name\" content=\"La Sentinelle\" \/>\n<meta property=\"article:publisher\" content=\"https:\/\/www.facebook.com\/La-Sentinelle-104059864394773\" \/>\n<meta property=\"article:published_time\" content=\"2026-03-17T20:40:02+00:00\" \/>\n<meta property=\"article:modified_time\" content=\"2026-03-17T20:40:04+00:00\" \/>\n<meta property=\"og:image\" content=\"https:\/\/lasentinelle.dz\/wp-content\/uploads\/2025\/10\/argent-1.webp\" \/>\n\t<meta property=\"og:image:width\" content=\"1580\" \/>\n\t<meta property=\"og:image:height\" content=\"888\" \/>\n\t<meta property=\"og:image:type\" content=\"image\/webp\" \/>\n<meta name=\"author\" content=\"admin\" \/>\n<meta name=\"twitter:card\" content=\"summary_large_image\" \/>\n<meta name=\"twitter:label1\" content=\"\u00c9crit par\" \/>\n\t<meta name=\"twitter:data1\" content=\"admin\" \/>\n\t<meta name=\"twitter:label2\" content=\"Dur\u00e9e de lecture estim\u00e9e\" \/>\n\t<meta name=\"twitter:data2\" content=\"2 minutes\" \/>\n<script type=\"application\/ld+json\" class=\"yoast-schema-graph\">{\"@context\":\"https:\\\/\\\/schema.org\",\"@graph\":[{\"@type\":\"Article\",\"@id\":\"https:\\\/\\\/lasentinelle.dz\\\/index.php\\\/2026\\\/03\\\/17\\\/agence-de-developpement-social-211-milliards-de-dinars-mobilises\\\/#article\",\"isPartOf\":{\"@id\":\"https:\\\/\\\/lasentinelle.dz\\\/index.php\\\/2026\\\/03\\\/17\\\/agence-de-developpement-social-211-milliards-de-dinars-mobilises\\\/\"},\"author\":{\"name\":\"admin\",\"@id\":\"https:\\\/\\\/lasentinelle.dz\\\/#\\\/schema\\\/person\\\/729ee0024f24e0b8c5ec17232f8e8b41\"},\"headline\":\"Agence de d\u00e9veloppement social\u00a0: 211 milliards de dinars mobilis\u00e9s\",\"datePublished\":\"2026-03-17T20:40:02+00:00\",\"dateModified\":\"2026-03-17T20:40:04+00:00\",\"mainEntityOfPage\":{\"@id\":\"https:\\\/\\\/lasentinelle.dz\\\/index.php\\\/2026\\\/03\\\/17\\\/agence-de-developpement-social-211-milliards-de-dinars-mobilises\\\/\"},\"wordCount\":329,\"commentCount\":0,\"publisher\":{\"@id\":\"https:\\\/\\\/lasentinelle.dz\\\/#organization\"},\"image\":{\"@id\":\"https:\\\/\\\/lasentinelle.dz\\\/index.php\\\/2026\\\/03\\\/17\\\/agence-de-developpement-social-211-milliards-de-dinars-mobilises\\\/#primaryimage\"},\"thumbnailUrl\":\"https:\\\/\\\/lasentinelle.dz\\\/wp-content\\\/uploads\\\/2025\\\/10\\\/argent-1.webp\",\"articleSection\":[\"Actualit\u00e9\"],\"inLanguage\":\"fr-FR\",\"potentialAction\":[{\"@type\":\"CommentAction\",\"name\":\"Comment\",\"target\":[\"https:\\\/\\\/lasentinelle.dz\\\/index.php\\\/2026\\\/03\\\/17\\\/agence-de-developpement-social-211-milliards-de-dinars-mobilises\\\/#respond\"]}]},{\"@type\":\"WebPage\",\"@id\":\"https:\\\/\\\/lasentinelle.dz\\\/index.php\\\/2026\\\/03\\\/17\\\/agence-de-developpement-social-211-milliards-de-dinars-mobilises\\\/\",\"url\":\"https:\\\/\\\/lasentinelle.dz\\\/index.php\\\/2026\\\/03\\\/17\\\/agence-de-developpement-social-211-milliards-de-dinars-mobilises\\\/\",\"name\":\"Agence de d\u00e9veloppement social\u00a0: 211 milliards de dinars mobilis\u00e9s - La Sentinelle\",\"isPartOf\":{\"@id\":\"https:\\\/\\\/lasentinelle.dz\\\/#website\"},\"primaryImageOfPage\":{\"@id\":\"https:\\\/\\\/lasentinelle.dz\\\/index.php\\\/2026\\\/03\\\/17\\\/agence-de-developpement-social-211-milliards-de-dinars-mobilises\\\/#primaryimage\"},\"image\":{\"@id\":\"https:\\\/\\\/lasentinelle.dz\\\/index.php\\\/2026\\\/03\\\/17\\\/agence-de-developpement-social-211-milliards-de-dinars-mobilises\\\/#primaryimage\"},\"thumbnailUrl\":\"https:\\\/\\\/lasentinelle.dz\\\/wp-content\\\/uploads\\\/2025\\\/10\\\/argent-1.webp\",\"datePublished\":\"2026-03-17T20:40:02+00:00\",\"dateModified\":\"2026-03-17T20:40:04+00:00\",\"breadcrumb\":{\"@id\":\"https:\\\/\\\/lasentinelle.dz\\\/index.php\\\/2026\\\/03\\\/17\\\/agence-de-developpement-social-211-milliards-de-dinars-mobilises\\\/#breadcrumb\"},\"inLanguage\":\"fr-FR\",\"potentialAction\":[{\"@type\":\"ReadAction\",\"target\":[\"https:\\\/\\\/lasentinelle.dz\\\/index.php\\\/2026\\\/03\\\/17\\\/agence-de-developpement-social-211-milliards-de-dinars-mobilises\\\/\"]}]},{\"@type\":\"ImageObject\",\"inLanguage\":\"fr-FR\",\"@id\":\"https:\\\/\\\/lasentinelle.dz\\\/index.php\\\/2026\\\/03\\\/17\\\/agence-de-developpement-social-211-milliards-de-dinars-mobilises\\\/#primaryimage\",\"url\":\"https:\\\/\\\/lasentinelle.dz\\\/wp-content\\\/uploads\\\/2025\\\/10\\\/argent-1.webp\",\"contentUrl\":\"https:\\\/\\\/lasentinelle.dz\\\/wp-content\\\/uploads\\\/2025\\\/10\\\/argent-1.webp\",\"width\":1580,\"height\":888},{\"@type\":\"BreadcrumbList\",\"@id\":\"https:\\\/\\\/lasentinelle.dz\\\/index.php\\\/2026\\\/03\\\/17\\\/agence-de-developpement-social-211-milliards-de-dinars-mobilises\\\/#breadcrumb\",\"itemListElement\":[{\"@type\":\"ListItem\",\"position\":1,\"name\":\"Accueil\",\"item\":\"https:\\\/\\\/lasentinelle.dz\\\/\"},{\"@type\":\"ListItem\",\"position\":2,\"name\":\"Agence de d\u00e9veloppement social\u00a0: 211 milliards de dinars mobilis\u00e9s\"}]},{\"@type\":\"WebSite\",\"@id\":\"https:\\\/\\\/lasentinelle.dz\\\/#website\",\"url\":\"https:\\\/\\\/lasentinelle.dz\\\/\",\"name\":\"La Sentinelle\",\"description\":\"Quotidien national d&#039;information\",\"publisher\":{\"@id\":\"https:\\\/\\\/lasentinelle.dz\\\/#organization\"},\"potentialAction\":[{\"@type\":\"SearchAction\",\"target\":{\"@type\":\"EntryPoint\",\"urlTemplate\":\"https:\\\/\\\/lasentinelle.dz\\\/?s={search_term_string}\"},\"query-input\":{\"@type\":\"PropertyValueSpecification\",\"valueRequired\":true,\"valueName\":\"search_term_string\"}}],\"inLanguage\":\"fr-FR\"},{\"@type\":\"Organization\",\"@id\":\"https:\\\/\\\/lasentinelle.dz\\\/#organization\",\"name\":\"Quotidien La Sentinelle\",\"url\":\"https:\\\/\\\/lasentinelle.dz\\\/\",\"logo\":{\"@type\":\"ImageObject\",\"inLanguage\":\"fr-FR\",\"@id\":\"https:\\\/\\\/lasentinelle.dz\\\/#\\\/schema\\\/logo\\\/image\\\/\",\"url\":\"https:\\\/\\\/lasentinelle.dz\\\/wp-content\\\/uploads\\\/2021\\\/09\\\/logo-sentinelleSLOGAN-1.png\",\"contentUrl\":\"https:\\\/\\\/lasentinelle.dz\\\/wp-content\\\/uploads\\\/2021\\\/09\\\/logo-sentinelleSLOGAN-1.png\",\"width\":615,\"height\":142,\"caption\":\"Quotidien La Sentinelle\"},\"image\":{\"@id\":\"https:\\\/\\\/lasentinelle.dz\\\/#\\\/schema\\\/logo\\\/image\\\/\"},\"sameAs\":[\"https:\\\/\\\/www.facebook.com\\\/La-Sentinelle-104059864394773\"]},{\"@type\":\"Person\",\"@id\":\"https:\\\/\\\/lasentinelle.dz\\\/#\\\/schema\\\/person\\\/729ee0024f24e0b8c5ec17232f8e8b41\",\"name\":\"admin\",\"image\":{\"@type\":\"ImageObject\",\"inLanguage\":\"fr-FR\",\"@id\":\"https:\\\/\\\/secure.gravatar.com\\\/avatar\\\/4c81fed838786e9b53f540bf46533e750f5d292099ae3b66cfc6fb1982e29df7?s=96&d=mm&r=g\",\"url\":\"https:\\\/\\\/secure.gravatar.com\\\/avatar\\\/4c81fed838786e9b53f540bf46533e750f5d292099ae3b66cfc6fb1982e29df7?s=96&d=mm&r=g\",\"contentUrl\":\"https:\\\/\\\/secure.gravatar.com\\\/avatar\\\/4c81fed838786e9b53f540bf46533e750f5d292099ae3b66cfc6fb1982e29df7?s=96&d=mm&r=g\",\"caption\":\"admin\"},\"description\":\"admin\",\"url\":\"https:\\\/\\\/lasentinelle.dz\\\/author\\\/admin\\\/\"}]}<\/script>\n<!-- \/ Yoast SEO plugin. -->","yoast_head_json":{"title":"Agence de d\u00e9veloppement social\u00a0: 211 milliards de dinars mobilis\u00e9s - La Sentinelle","robots":{"index":"index","follow":"follow","max-snippet":"max-snippet:-1","max-image-preview":"max-image-preview:large","max-video-preview":"max-video-preview:-1"},"canonical":"https:\/\/lasentinelle.dz\/index.php\/2026\/03\/17\/agence-de-developpement-social-211-milliards-de-dinars-mobilises\/","og_locale":"fr_FR","og_type":"article","og_title":"Agence de d\u00e9veloppement social\u00a0: 211 milliards de dinars mobilis\u00e9s - La Sentinelle","og_description":"La ministre de la Solidarit\u00e9 nationale, de la Famille et de la Condition f\u00e9minine, Soraya Mouloudji, a pr\u00e9sid\u00e9 lundi une","og_url":"https:\/\/lasentinelle.dz\/index.php\/2026\/03\/17\/agence-de-developpement-social-211-milliards-de-dinars-mobilises\/","og_site_name":"La Sentinelle","article_publisher":"https:\/\/www.facebook.com\/La-Sentinelle-104059864394773","article_published_time":"2026-03-17T20:40:02+00:00","article_modified_time":"2026-03-17T20:40:04+00:00","og_image":[{"width":1580,"height":888,"url":"https:\/\/lasentinelle.dz\/wp-content\/uploads\/2025\/10\/argent-1.webp","type":"image\/webp"}],"author":"admin","twitter_card":"summary_large_image","twitter_misc":{"\u00c9crit par":"admin","Dur\u00e9e de lecture estim\u00e9e":"2 minutes"},"schema":{"@context":"https:\/\/schema.org","@graph":[{"@type":"Article","@id":"https:\/\/lasentinelle.dz\/index.php\/2026\/03\/17\/agence-de-developpement-social-211-milliards-de-dinars-mobilises\/#article","isPartOf":{"@id":"https:\/\/lasentinelle.dz\/index.php\/2026\/03\/17\/agence-de-developpement-social-211-milliards-de-dinars-mobilises\/"},"author":{"name":"admin","@id":"https:\/\/lasentinelle.dz\/#\/schema\/person\/729ee0024f24e0b8c5ec17232f8e8b41"},"headline":"Agence de d\u00e9veloppement social\u00a0: 211 milliards de dinars mobilis\u00e9s","datePublished":"2026-03-17T20:40:02+00:00","dateModified":"2026-03-17T20:40:04+00:00","mainEntityOfPage":{"@id":"https:\/\/lasentinelle.dz\/index.php\/2026\/03\/17\/agence-de-developpement-social-211-milliards-de-dinars-mobilises\/"},"wordCount":329,"commentCount":0,"publisher":{"@id":"https:\/\/lasentinelle.dz\/#organization"},"image":{"@id":"https:\/\/lasentinelle.dz\/index.php\/2026\/03\/17\/agence-de-developpement-social-211-milliards-de-dinars-mobilises\/#primaryimage"},"thumbnailUrl":"https:\/\/lasentinelle.dz\/wp-content\/uploads\/2025\/10\/argent-1.webp","articleSection":["Actualit\u00e9"],"inLanguage":"fr-FR","potentialAction":[{"@type":"CommentAction","name":"Comment","target":["https:\/\/lasentinelle.dz\/index.php\/2026\/03\/17\/agence-de-developpement-social-211-milliards-de-dinars-mobilises\/#respond"]}]},{"@type":"WebPage","@id":"https:\/\/lasentinelle.dz\/index.php\/2026\/03\/17\/agence-de-developpement-social-211-milliards-de-dinars-mobilises\/","url":"https:\/\/lasentinelle.dz\/index.php\/2026\/03\/17\/agence-de-developpement-social-211-milliards-de-dinars-mobilises\/","name":"Agence de d\u00e9veloppement social\u00a0: 211 milliards de dinars mobilis\u00e9s - La Sentinelle","isPartOf":{"@id":"https:\/\/lasentinelle.dz\/#website"},"primaryImageOfPage":{"@id":"https:\/\/lasentinelle.dz\/index.php\/2026\/03\/17\/agence-de-developpement-social-211-milliards-de-dinars-mobilises\/#primaryimage"},"image":{"@id":"https:\/\/lasentinelle.dz\/index.php\/2026\/03\/17\/agence-de-developpement-social-211-milliards-de-dinars-mobilises\/#primaryimage"},"thumbnailUrl":"https:\/\/lasentinelle.dz\/wp-content\/uploads\/2025\/10\/argent-1.webp","datePublished":"2026-03-17T20:40:02+00:00","dateModified":"2026-03-17T20:40:04+00:00","breadcrumb":{"@id":"https:\/\/lasentinelle.dz\/index.php\/2026\/03\/17\/agence-de-developpement-social-211-milliards-de-dinars-mobilises\/#breadcrumb"},"inLanguage":"fr-FR","potentialAction":[{"@type":"ReadAction","target":["https:\/\/lasentinelle.dz\/index.php\/2026\/03\/17\/agence-de-developpement-social-211-milliards-de-dinars-mobilises\/"]}]},{"@type":"ImageObject","inLanguage":"fr-FR","@id":"https:\/\/lasentinelle.dz\/index.php\/2026\/03\/17\/agence-de-developpement-social-211-milliards-de-dinars-mobilises\/#primaryimage","url":"https:\/\/lasentinelle.dz\/wp-content\/uploads\/2025\/10\/argent-1.webp","contentUrl":"https:\/\/lasentinelle.dz\/wp-content\/uploads\/2025\/10\/argent-1.webp","width":1580,"height":888},{"@type":"BreadcrumbList","@id":"https:\/\/lasentinelle.dz\/index.php\/2026\/03\/17\/agence-de-developpement-social-211-milliards-de-dinars-mobilises\/#breadcrumb","itemListElement":[{"@type":"ListItem","position":1,"name":"Accueil","item":"https:\/\/lasentinelle.dz\/"},{"@type":"ListItem","position":2,"name":"Agence de d\u00e9veloppement social\u00a0: 211 milliards de dinars mobilis\u00e9s"}]},{"@type":"WebSite","@id":"https:\/\/lasentinelle.dz\/#website","url":"https:\/\/lasentinelle.dz\/","name":"La Sentinelle","description":"Quotidien national d&#039;information","publisher":{"@id":"https:\/\/lasentinelle.dz\/#organization"},"potentialAction":[{"@type":"SearchAction","target":{"@type":"EntryPoint","urlTemplate":"https:\/\/lasentinelle.dz\/?s={search_term_string}"},"query-input":{"@type":"PropertyValueSpecification","valueRequired":true,"valueName":"search_term_string"}}],"inLanguage":"fr-FR"},{"@type":"Organization","@id":"https:\/\/lasentinelle.dz\/#organization","name":"Quotidien La Sentinelle","url":"https:\/\/lasentinelle.dz\/","logo":{"@type":"ImageObject","inLanguage":"fr-FR","@id":"https:\/\/lasentinelle.dz\/#\/schema\/logo\/image\/","url":"https:\/\/lasentinelle.dz\/wp-content\/uploads\/2021\/09\/logo-sentinelleSLOGAN-1.png","contentUrl":"https:\/\/lasentinelle.dz\/wp-content\/uploads\/2021\/09\/logo-sentinelleSLOGAN-1.png","width":615,"height":142,"caption":"Quotidien La Sentinelle"},"image":{"@id":"https:\/\/lasentinelle.dz\/#\/schema\/logo\/image\/"},"sameAs":["https:\/\/www.facebook.com\/La-Sentinelle-104059864394773"]},{"@type":"Person","@id":"https:\/\/lasentinelle.dz\/#\/schema\/person\/729ee0024f24e0b8c5ec17232f8e8b41","name":"admin","image":{"@type":"ImageObject","inLanguage":"fr-FR","@id":"https:\/\/secure.gravatar.com\/avatar\/4c81fed838786e9b53f540bf46533e750f5d292099ae3b66cfc6fb1982e29df7?s=96&d=mm&r=g","url":"https:\/\/secure.gravatar.com\/avatar\/4c81fed838786e9b53f540bf46533e750f5d292099ae3b66cfc6fb1982e29df7?s=96&d=mm&r=g","contentUrl":"https:\/\/secure.gravatar.com\/avatar\/4c81fed838786e9b53f540bf46533e750f5d292099ae3b66cfc6fb1982e29df7?s=96&d=mm&r=g","caption":"admin"},"description":"admin","url":"https:\/\/lasentinelle.dz\/author\/admin\/"}]}},"_links":{"self":[{"href":"https:\/\/lasentinelle.dz\/index.php\/wp-json\/wp\/v2\/posts\/83787","targetHints":{"allow":["GET"]}}],"collection":[{"href":"https:\/\/lasentinelle.dz\/index.php\/wp-json\/wp\/v2\/posts"}],"about":[{"href":"https:\/\/lasentinelle.dz\/index.php\/wp-json\/wp\/v2\/types\/post"}],"author":[{"embeddable":true,"href":"https:\/\/lasentinelle.dz\/index.php\/wp-json\/wp\/v2\/users\/6"}],"replies":[{"embeddable":true,"href":"https:\/\/lasentinelle.dz\/index.php\/wp-json\/wp\/v2\/comments?post=83787"}],"version-history":[{"count":1,"href":"https:\/\/lasentinelle.dz\/index.php\/wp-json\/wp\/v2\/posts\/83787\/revisions"}],"predecessor-version":[{"id":83788,"href":"https:\/\/lasentinelle.dz\/index.php\/wp-json\/wp\/v2\/posts\/83787\/revisions\/83788"}],"wp:featuredmedia":[{"embeddable":true,"href":"https:\/\/lasentinelle.dz\/index.php\/wp-json\/wp\/v2\/media\/74840"}],"wp:attachment":[{"href":"https:\/\/lasentinelle.dz\/index.php\/wp-json\/wp\/v2\/media?parent=83787"}],"wp:term":[{"taxonomy":"category","embeddable":true,"href":"https:\/\/lasentinelle.dz\/index.php\/wp-json\/wp\/v2\/categories?post=83787"},{"taxonomy":"post_tag","embeddable":true,"href":"https:\/\/lasentinelle.dz\/index.php\/wp-json\/wp\/v2\/tags?post=83787"}],"curies":[{"name":"wp","href":"https:\/\/api.w.org\/{rel}","templated":true}]}}