{"id":83792,"date":"2026-03-17T21:42:09","date_gmt":"2026-03-17T20:42:09","guid":{"rendered":"https:\/\/lasentinelle.dz\/?p=83792"},"modified":"2026-03-17T21:42:10","modified_gmt":"2026-03-17T20:42:10","slug":"aid-el-fitr-tous-les-services-mobilises-pour-assurer-lapprovisionnement","status":"publish","type":"post","link":"https:\/\/lasentinelle.dz\/index.php\/2026\/03\/17\/aid-el-fitr-tous-les-services-mobilises-pour-assurer-lapprovisionnement\/","title":{"rendered":"A\u00efd El-Fitr : Tous les services mobilis\u00e9s pour assurer l\u2019approvisionnement"},"content":{"rendered":"\n<p>\u00c0 l&rsquo;approche de l&rsquo;A\u00efd El-Fitr, dont la date sera fix\u00e9e apr\u00e8s l&rsquo;observation du croissant lunaire du mois de chaoual pr\u00e9vue jeudi soir apr\u00e8s la pri\u00e8re du Maghreb \u00e0 Dar El Imam d&rsquo;Alger, les pouvoirs publics et les entreprises nationales ont multipli\u00e9 les annonces pour garantir la continuit\u00e9 des services essentiels et le bon d\u00e9roulement de cette f\u00eate religieuse \u00e0 travers l&rsquo;ensemble du territoire national. Sur le front \u00e9nerg\u00e9tique, Naftal a tenu \u00e0 rassurer ses clients : toutes ses stations-service et points de vente resteront ouverts 24heures\/24 durant les jours de f\u00eate, sans interruption. La soci\u00e9t\u00e9 nationale de commercialisation et de distribution des produits p\u00e9troliers garantit la disponibilit\u00e9 de l&rsquo;ensemble de ses produits sur tout le territoire, \u00e0 l&rsquo;instar de ce qui pr\u00e9vaut le reste de l&rsquo;ann\u00e9e. Du c\u00f4t\u00e9 de l&rsquo;eau potable, la Soci\u00e9t\u00e9 des eaux et de l&rsquo;assainissement d&rsquo;Alger (SEAAL) a relev\u00e9 son niveau de pr\u00e9paration pour les wilayas d&rsquo;Alger et de Tipasa. Une r\u00e9union de coordination \u00e9largie, pr\u00e9sid\u00e9e par le directeur g\u00e9n\u00e9ral adjoint charg\u00e9 du service public Amine Hamadene, a permis de finaliser les derni\u00e8res dispositions techniques et op\u00e9rationnelles. Les \u00e9quipes de terrain seront mobilis\u00e9es en permanence, le parc roulant r\u00e9vis\u00e9 et les stocks de pi\u00e8ces de rechange hydrauliques strat\u00e9giques v\u00e9rifi\u00e9s, afin de garantir des interventions rapides \u00e0 toute heure. La continuit\u00e9 du service d&rsquo;assainissement est \u00e9galement assur\u00e9e dans ce cadre. Le minist\u00e8re du Commerce int\u00e9rieur et de la R\u00e9gulation du march\u00e9 national a quant \u00e0 lui mobilis\u00e9 pas moins de 55.743 commer\u00e7ants \u00e0 travers le pays pour assurer la permanence durant les jours de l&rsquo;A\u00efd. Parmi eux, 6.617 boulangers, 30.538 commer\u00e7ants en alimentation g\u00e9n\u00e9rale, fruits et l\u00e9gumes, et 18.042 relevant de diverses activit\u00e9s. \u00c0 cela s&rsquo;ajoutent 546 unit\u00e9s de production \u2014 dont 154 laiteries, 345 minoteries et 47 unit\u00e9s d&rsquo;eau min\u00e9rale \u2014 ainsi que 2.865 agents de contr\u00f4le d\u00e9ploy\u00e9s sur le terrain pour veiller au respect du programme de permanence. Les citoyens sont invit\u00e9s \u00e0 consulter l&rsquo;application \u00ab Morafik Com \u00bb pour localiser les commer\u00e7ants de permanence pr\u00e8s de chez eux.<\/p>\n\n\n\n<p><strong>Les transports en ordre de bataille<\/strong><\/p>\n\n\n\n<p>Face \u00e0 l&rsquo;afflux pr\u00e9visible de voyageurs, la Soci\u00e9t\u00e9 d&rsquo;exploitation des gares routi\u00e8res d&rsquo;Alg\u00e9rie (Sogral) a d\u00e9ploy\u00e9 un programme sp\u00e9cial d&rsquo;envergure. Quelque 2.300 dessertes suppl\u00e9mentaires ont \u00e9t\u00e9 programm\u00e9es \u00e0 travers les gares du pays pour absorber une demande susceptible d&rsquo;atteindre 350.000 voyageurs par jour. Le dispositif court de la semaine pr\u00e9c\u00e9dant la f\u00eate jusqu&rsquo;\u00e0 la semaine suivante, afin d&rsquo;assurer \u00e9galement le retour des voyageurs. Pour faciliter l&rsquo;acc\u00e8s aux billets, 364 guichets de vente ont \u00e9t\u00e9 ouverts dans les diff\u00e9rentes gares, dont 148 \u00e9quip\u00e9s de terminaux de paiement \u00e9lectronique, tandis que l&rsquo;application \u00ab Mahatati \u00bb a \u00e9t\u00e9 \u00e9tendue \u00e0 62 gares routi\u00e8res pour permettre l&rsquo;achat en ligne. Depuis son lancement, cette application a d\u00e9j\u00e0 enregistr\u00e9 35.000 billets vendus. Elle offre par ailleurs un espace \u00ab S.O.S Danger \u00bb permettant de signaler les conducteurs imprudents \u2014 plus de 4.700 signalements ont d\u00e9j\u00e0 \u00e9t\u00e9 transmis \u00e0 la cellule d&rsquo;\u00e9coute de Sogral.<\/p>\n\n\n\n<p>L&rsquo;ensemble des cong\u00e9s hebdomadaires et annuels du personnel d&rsquo;entretien et de s\u00e9curit\u00e9 a \u00e9t\u00e9 suspendu pour la p\u00e9riode. Un plan d&rsquo;action pr\u00e9ventif a \u00e9galement \u00e9t\u00e9 \u00e9tabli en coordination avec la S\u00fbret\u00e9 nationale, la Protection civile et la Gendarmerie nationale, pour maintenir l&rsquo;ordre public dans les gares et garantir une r\u00e9ponse rapide aux urgences. Des campagnes de sensibilisation \u00e0 la s\u00e9curit\u00e9 routi\u00e8re sont par ailleurs programm\u00e9es \u00e0 l&rsquo;intention des conducteurs effectuant de longs trajets.<\/p>\n\n\n\n<p>L&rsquo;ensemble de ces pr\u00e9paratifs t\u00e9moigne d&rsquo;une coordination interinstitutionnelle in\u00e9dite, traduisant la volont\u00e9 des pouvoirs publics d&rsquo;offrir aux Alg\u00e9riens des conditions de f\u00eate sereines.<\/p>\n\n\n\n<p>Lyna Larbi<\/p>\n","protected":false},"excerpt":{"rendered":"<p>\u00c0 l&rsquo;approche de l&rsquo;A\u00efd El-Fitr, dont la date sera fix\u00e9e apr\u00e8s l&rsquo;observation du croissant lunaire du mois de chaoual pr\u00e9vue<\/p>\n","protected":false},"author":6,"featured_media":50018,"comment_status":"open","ping_status":"closed","sticky":false,"template":"","format":"standard","meta":{"colormag_page_container_layout":"default_layout","colormag_page_sidebar_layout":"default_layout","om_disable_all_campaigns":false,"_monsterinsights_skip_tracking":false,"_monsterinsights_sitenote_active":false,"_monsterinsights_sitenote_note":"","_monsterinsights_sitenote_category":0,"footnotes":"","_wpscppro_dont_share_socialmedia":false,"_wpscppro_custom_social_share_image":0,"_facebook_share_type":"default","_twitter_share_type":"default","_linkedin_share_type":"default","_pinterest_share_type":"default","_linkedin_share_type_page":"","_instagram_share_type":"default","_medium_share_type":"default","_threads_share_type":"default","_google_business_share_type":"default","_selected_social_profile":[],"_wpsp_enable_custom_social_template":false,"_wpsp_social_scheduling":{"enabled":false,"datetime":null,"platforms":[],"status":"template_only","dateOption":"today","timeOption":"now","customDays":"","customHours":"","customDate":"","customTime":"","schedulingType":"absolute"},"_wpsp_active_default_template":true},"categories":[27],"tags":[],"class_list":["post-83792","post","type-post","status-publish","format-standard","has-post-thumbnail","hentry","category-actualite"],"aioseo_notices":[],"yoast_head":"<!-- This site is optimized with the Yoast SEO plugin v27.5 - https:\/\/yoast.com\/product\/yoast-seo-wordpress\/ -->\n<title>A\u00efd El-Fitr : Tous les services mobilis\u00e9s pour assurer l\u2019approvisionnement - La Sentinelle<\/title>\n<meta name=\"robots\" content=\"index, follow, max-snippet:-1, max-image-preview:large, max-video-preview:-1\" \/>\n<link rel=\"canonical\" href=\"https:\/\/lasentinelle.dz\/index.php\/2026\/03\/17\/aid-el-fitr-tous-les-services-mobilises-pour-assurer-lapprovisionnement\/\" \/>\n<meta property=\"og:locale\" content=\"fr_FR\" \/>\n<meta property=\"og:type\" content=\"article\" \/>\n<meta property=\"og:title\" content=\"A\u00efd El-Fitr : Tous les services mobilis\u00e9s pour assurer l\u2019approvisionnement - La Sentinelle\" \/>\n<meta property=\"og:description\" content=\"\u00c0 l&rsquo;approche de l&rsquo;A\u00efd El-Fitr, dont la date sera fix\u00e9e apr\u00e8s l&rsquo;observation du croissant lunaire du mois de chaoual pr\u00e9vue\" \/>\n<meta property=\"og:url\" content=\"https:\/\/lasentinelle.dz\/index.php\/2026\/03\/17\/aid-el-fitr-tous-les-services-mobilises-pour-assurer-lapprovisionnement\/\" \/>\n<meta property=\"og:site_name\" content=\"La Sentinelle\" \/>\n<meta property=\"article:publisher\" content=\"https:\/\/www.facebook.com\/La-Sentinelle-104059864394773\" \/>\n<meta property=\"article:published_time\" content=\"2026-03-17T20:42:09+00:00\" \/>\n<meta property=\"article:modified_time\" content=\"2026-03-17T20:42:10+00:00\" \/>\n<meta property=\"og:image\" content=\"https:\/\/lasentinelle.dz\/wp-content\/uploads\/2024\/03\/sogral.png\" \/>\n\t<meta property=\"og:image:width\" content=\"1000\" \/>\n\t<meta property=\"og:image:height\" content=\"563\" \/>\n\t<meta property=\"og:image:type\" content=\"image\/png\" \/>\n<meta name=\"author\" content=\"admin\" \/>\n<meta name=\"twitter:card\" content=\"summary_large_image\" \/>\n<meta name=\"twitter:label1\" content=\"\u00c9crit par\" \/>\n\t<meta name=\"twitter:data1\" content=\"admin\" \/>\n\t<meta name=\"twitter:label2\" content=\"Dur\u00e9e de lecture estim\u00e9e\" \/>\n\t<meta name=\"twitter:data2\" content=\"4 minutes\" \/>\n<script type=\"application\/ld+json\" class=\"yoast-schema-graph\">{\"@context\":\"https:\\\/\\\/schema.org\",\"@graph\":[{\"@type\":\"Article\",\"@id\":\"https:\\\/\\\/lasentinelle.dz\\\/index.php\\\/2026\\\/03\\\/17\\\/aid-el-fitr-tous-les-services-mobilises-pour-assurer-lapprovisionnement\\\/#article\",\"isPartOf\":{\"@id\":\"https:\\\/\\\/lasentinelle.dz\\\/index.php\\\/2026\\\/03\\\/17\\\/aid-el-fitr-tous-les-services-mobilises-pour-assurer-lapprovisionnement\\\/\"},\"author\":{\"name\":\"admin\",\"@id\":\"https:\\\/\\\/lasentinelle.dz\\\/#\\\/schema\\\/person\\\/729ee0024f24e0b8c5ec17232f8e8b41\"},\"headline\":\"A\u00efd El-Fitr : Tous les services mobilis\u00e9s pour assurer l\u2019approvisionnement\",\"datePublished\":\"2026-03-17T20:42:09+00:00\",\"dateModified\":\"2026-03-17T20:42:10+00:00\",\"mainEntityOfPage\":{\"@id\":\"https:\\\/\\\/lasentinelle.dz\\\/index.php\\\/2026\\\/03\\\/17\\\/aid-el-fitr-tous-les-services-mobilises-pour-assurer-lapprovisionnement\\\/\"},\"wordCount\":672,\"commentCount\":0,\"publisher\":{\"@id\":\"https:\\\/\\\/lasentinelle.dz\\\/#organization\"},\"image\":{\"@id\":\"https:\\\/\\\/lasentinelle.dz\\\/index.php\\\/2026\\\/03\\\/17\\\/aid-el-fitr-tous-les-services-mobilises-pour-assurer-lapprovisionnement\\\/#primaryimage\"},\"thumbnailUrl\":\"https:\\\/\\\/lasentinelle.dz\\\/wp-content\\\/uploads\\\/2024\\\/03\\\/sogral.png\",\"articleSection\":[\"Actualit\u00e9\"],\"inLanguage\":\"fr-FR\",\"potentialAction\":[{\"@type\":\"CommentAction\",\"name\":\"Comment\",\"target\":[\"https:\\\/\\\/lasentinelle.dz\\\/index.php\\\/2026\\\/03\\\/17\\\/aid-el-fitr-tous-les-services-mobilises-pour-assurer-lapprovisionnement\\\/#respond\"]}]},{\"@type\":\"WebPage\",\"@id\":\"https:\\\/\\\/lasentinelle.dz\\\/index.php\\\/2026\\\/03\\\/17\\\/aid-el-fitr-tous-les-services-mobilises-pour-assurer-lapprovisionnement\\\/\",\"url\":\"https:\\\/\\\/lasentinelle.dz\\\/index.php\\\/2026\\\/03\\\/17\\\/aid-el-fitr-tous-les-services-mobilises-pour-assurer-lapprovisionnement\\\/\",\"name\":\"A\u00efd El-Fitr : Tous les services mobilis\u00e9s pour assurer l\u2019approvisionnement - La Sentinelle\",\"isPartOf\":{\"@id\":\"https:\\\/\\\/lasentinelle.dz\\\/#website\"},\"primaryImageOfPage\":{\"@id\":\"https:\\\/\\\/lasentinelle.dz\\\/index.php\\\/2026\\\/03\\\/17\\\/aid-el-fitr-tous-les-services-mobilises-pour-assurer-lapprovisionnement\\\/#primaryimage\"},\"image\":{\"@id\":\"https:\\\/\\\/lasentinelle.dz\\\/index.php\\\/2026\\\/03\\\/17\\\/aid-el-fitr-tous-les-services-mobilises-pour-assurer-lapprovisionnement\\\/#primaryimage\"},\"thumbnailUrl\":\"https:\\\/\\\/lasentinelle.dz\\\/wp-content\\\/uploads\\\/2024\\\/03\\\/sogral.png\",\"datePublished\":\"2026-03-17T20:42:09+00:00\",\"dateModified\":\"2026-03-17T20:42:10+00:00\",\"breadcrumb\":{\"@id\":\"https:\\\/\\\/lasentinelle.dz\\\/index.php\\\/2026\\\/03\\\/17\\\/aid-el-fitr-tous-les-services-mobilises-pour-assurer-lapprovisionnement\\\/#breadcrumb\"},\"inLanguage\":\"fr-FR\",\"potentialAction\":[{\"@type\":\"ReadAction\",\"target\":[\"https:\\\/\\\/lasentinelle.dz\\\/index.php\\\/2026\\\/03\\\/17\\\/aid-el-fitr-tous-les-services-mobilises-pour-assurer-lapprovisionnement\\\/\"]}]},{\"@type\":\"ImageObject\",\"inLanguage\":\"fr-FR\",\"@id\":\"https:\\\/\\\/lasentinelle.dz\\\/index.php\\\/2026\\\/03\\\/17\\\/aid-el-fitr-tous-les-services-mobilises-pour-assurer-lapprovisionnement\\\/#primaryimage\",\"url\":\"https:\\\/\\\/lasentinelle.dz\\\/wp-content\\\/uploads\\\/2024\\\/03\\\/sogral.png\",\"contentUrl\":\"https:\\\/\\\/lasentinelle.dz\\\/wp-content\\\/uploads\\\/2024\\\/03\\\/sogral.png\",\"width\":1000,\"height\":563},{\"@type\":\"BreadcrumbList\",\"@id\":\"https:\\\/\\\/lasentinelle.dz\\\/index.php\\\/2026\\\/03\\\/17\\\/aid-el-fitr-tous-les-services-mobilises-pour-assurer-lapprovisionnement\\\/#breadcrumb\",\"itemListElement\":[{\"@type\":\"ListItem\",\"position\":1,\"name\":\"Accueil\",\"item\":\"https:\\\/\\\/lasentinelle.dz\\\/\"},{\"@type\":\"ListItem\",\"position\":2,\"name\":\"A\u00efd El-Fitr : Tous les services mobilis\u00e9s pour assurer l\u2019approvisionnement\"}]},{\"@type\":\"WebSite\",\"@id\":\"https:\\\/\\\/lasentinelle.dz\\\/#website\",\"url\":\"https:\\\/\\\/lasentinelle.dz\\\/\",\"name\":\"La Sentinelle\",\"description\":\"Quotidien national d&#039;information\",\"publisher\":{\"@id\":\"https:\\\/\\\/lasentinelle.dz\\\/#organization\"},\"potentialAction\":[{\"@type\":\"SearchAction\",\"target\":{\"@type\":\"EntryPoint\",\"urlTemplate\":\"https:\\\/\\\/lasentinelle.dz\\\/?s={search_term_string}\"},\"query-input\":{\"@type\":\"PropertyValueSpecification\",\"valueRequired\":true,\"valueName\":\"search_term_string\"}}],\"inLanguage\":\"fr-FR\"},{\"@type\":\"Organization\",\"@id\":\"https:\\\/\\\/lasentinelle.dz\\\/#organization\",\"name\":\"Quotidien La Sentinelle\",\"url\":\"https:\\\/\\\/lasentinelle.dz\\\/\",\"logo\":{\"@type\":\"ImageObject\",\"inLanguage\":\"fr-FR\",\"@id\":\"https:\\\/\\\/lasentinelle.dz\\\/#\\\/schema\\\/logo\\\/image\\\/\",\"url\":\"https:\\\/\\\/lasentinelle.dz\\\/wp-content\\\/uploads\\\/2021\\\/09\\\/logo-sentinelleSLOGAN-1.png\",\"contentUrl\":\"https:\\\/\\\/lasentinelle.dz\\\/wp-content\\\/uploads\\\/2021\\\/09\\\/logo-sentinelleSLOGAN-1.png\",\"width\":615,\"height\":142,\"caption\":\"Quotidien La Sentinelle\"},\"image\":{\"@id\":\"https:\\\/\\\/lasentinelle.dz\\\/#\\\/schema\\\/logo\\\/image\\\/\"},\"sameAs\":[\"https:\\\/\\\/www.facebook.com\\\/La-Sentinelle-104059864394773\"]},{\"@type\":\"Person\",\"@id\":\"https:\\\/\\\/lasentinelle.dz\\\/#\\\/schema\\\/person\\\/729ee0024f24e0b8c5ec17232f8e8b41\",\"name\":\"admin\",\"image\":{\"@type\":\"ImageObject\",\"inLanguage\":\"fr-FR\",\"@id\":\"https:\\\/\\\/secure.gravatar.com\\\/avatar\\\/4c81fed838786e9b53f540bf46533e750f5d292099ae3b66cfc6fb1982e29df7?s=96&d=mm&r=g\",\"url\":\"https:\\\/\\\/secure.gravatar.com\\\/avatar\\\/4c81fed838786e9b53f540bf46533e750f5d292099ae3b66cfc6fb1982e29df7?s=96&d=mm&r=g\",\"contentUrl\":\"https:\\\/\\\/secure.gravatar.com\\\/avatar\\\/4c81fed838786e9b53f540bf46533e750f5d292099ae3b66cfc6fb1982e29df7?s=96&d=mm&r=g\",\"caption\":\"admin\"},\"description\":\"admin\",\"url\":\"https:\\\/\\\/lasentinelle.dz\\\/author\\\/admin\\\/\"}]}<\/script>\n<!-- \/ Yoast SEO plugin. -->","yoast_head_json":{"title":"A\u00efd El-Fitr : Tous les services mobilis\u00e9s pour assurer l\u2019approvisionnement - La Sentinelle","robots":{"index":"index","follow":"follow","max-snippet":"max-snippet:-1","max-image-preview":"max-image-preview:large","max-video-preview":"max-video-preview:-1"},"canonical":"https:\/\/lasentinelle.dz\/index.php\/2026\/03\/17\/aid-el-fitr-tous-les-services-mobilises-pour-assurer-lapprovisionnement\/","og_locale":"fr_FR","og_type":"article","og_title":"A\u00efd El-Fitr : Tous les services mobilis\u00e9s pour assurer l\u2019approvisionnement - La Sentinelle","og_description":"\u00c0 l&rsquo;approche de l&rsquo;A\u00efd El-Fitr, dont la date sera fix\u00e9e apr\u00e8s l&rsquo;observation du croissant lunaire du mois de chaoual pr\u00e9vue","og_url":"https:\/\/lasentinelle.dz\/index.php\/2026\/03\/17\/aid-el-fitr-tous-les-services-mobilises-pour-assurer-lapprovisionnement\/","og_site_name":"La Sentinelle","article_publisher":"https:\/\/www.facebook.com\/La-Sentinelle-104059864394773","article_published_time":"2026-03-17T20:42:09+00:00","article_modified_time":"2026-03-17T20:42:10+00:00","og_image":[{"width":1000,"height":563,"url":"https:\/\/lasentinelle.dz\/wp-content\/uploads\/2024\/03\/sogral.png","type":"image\/png"}],"author":"admin","twitter_card":"summary_large_image","twitter_misc":{"\u00c9crit par":"admin","Dur\u00e9e de lecture estim\u00e9e":"4 minutes"},"schema":{"@context":"https:\/\/schema.org","@graph":[{"@type":"Article","@id":"https:\/\/lasentinelle.dz\/index.php\/2026\/03\/17\/aid-el-fitr-tous-les-services-mobilises-pour-assurer-lapprovisionnement\/#article","isPartOf":{"@id":"https:\/\/lasentinelle.dz\/index.php\/2026\/03\/17\/aid-el-fitr-tous-les-services-mobilises-pour-assurer-lapprovisionnement\/"},"author":{"name":"admin","@id":"https:\/\/lasentinelle.dz\/#\/schema\/person\/729ee0024f24e0b8c5ec17232f8e8b41"},"headline":"A\u00efd El-Fitr : Tous les services mobilis\u00e9s pour assurer l\u2019approvisionnement","datePublished":"2026-03-17T20:42:09+00:00","dateModified":"2026-03-17T20:42:10+00:00","mainEntityOfPage":{"@id":"https:\/\/lasentinelle.dz\/index.php\/2026\/03\/17\/aid-el-fitr-tous-les-services-mobilises-pour-assurer-lapprovisionnement\/"},"wordCount":672,"commentCount":0,"publisher":{"@id":"https:\/\/lasentinelle.dz\/#organization"},"image":{"@id":"https:\/\/lasentinelle.dz\/index.php\/2026\/03\/17\/aid-el-fitr-tous-les-services-mobilises-pour-assurer-lapprovisionnement\/#primaryimage"},"thumbnailUrl":"https:\/\/lasentinelle.dz\/wp-content\/uploads\/2024\/03\/sogral.png","articleSection":["Actualit\u00e9"],"inLanguage":"fr-FR","potentialAction":[{"@type":"CommentAction","name":"Comment","target":["https:\/\/lasentinelle.dz\/index.php\/2026\/03\/17\/aid-el-fitr-tous-les-services-mobilises-pour-assurer-lapprovisionnement\/#respond"]}]},{"@type":"WebPage","@id":"https:\/\/lasentinelle.dz\/index.php\/2026\/03\/17\/aid-el-fitr-tous-les-services-mobilises-pour-assurer-lapprovisionnement\/","url":"https:\/\/lasentinelle.dz\/index.php\/2026\/03\/17\/aid-el-fitr-tous-les-services-mobilises-pour-assurer-lapprovisionnement\/","name":"A\u00efd El-Fitr : Tous les services mobilis\u00e9s pour assurer l\u2019approvisionnement - La Sentinelle","isPartOf":{"@id":"https:\/\/lasentinelle.dz\/#website"},"primaryImageOfPage":{"@id":"https:\/\/lasentinelle.dz\/index.php\/2026\/03\/17\/aid-el-fitr-tous-les-services-mobilises-pour-assurer-lapprovisionnement\/#primaryimage"},"image":{"@id":"https:\/\/lasentinelle.dz\/index.php\/2026\/03\/17\/aid-el-fitr-tous-les-services-mobilises-pour-assurer-lapprovisionnement\/#primaryimage"},"thumbnailUrl":"https:\/\/lasentinelle.dz\/wp-content\/uploads\/2024\/03\/sogral.png","datePublished":"2026-03-17T20:42:09+00:00","dateModified":"2026-03-17T20:42:10+00:00","breadcrumb":{"@id":"https:\/\/lasentinelle.dz\/index.php\/2026\/03\/17\/aid-el-fitr-tous-les-services-mobilises-pour-assurer-lapprovisionnement\/#breadcrumb"},"inLanguage":"fr-FR","potentialAction":[{"@type":"ReadAction","target":["https:\/\/lasentinelle.dz\/index.php\/2026\/03\/17\/aid-el-fitr-tous-les-services-mobilises-pour-assurer-lapprovisionnement\/"]}]},{"@type":"ImageObject","inLanguage":"fr-FR","@id":"https:\/\/lasentinelle.dz\/index.php\/2026\/03\/17\/aid-el-fitr-tous-les-services-mobilises-pour-assurer-lapprovisionnement\/#primaryimage","url":"https:\/\/lasentinelle.dz\/wp-content\/uploads\/2024\/03\/sogral.png","contentUrl":"https:\/\/lasentinelle.dz\/wp-content\/uploads\/2024\/03\/sogral.png","width":1000,"height":563},{"@type":"BreadcrumbList","@id":"https:\/\/lasentinelle.dz\/index.php\/2026\/03\/17\/aid-el-fitr-tous-les-services-mobilises-pour-assurer-lapprovisionnement\/#breadcrumb","itemListElement":[{"@type":"ListItem","position":1,"name":"Accueil","item":"https:\/\/lasentinelle.dz\/"},{"@type":"ListItem","position":2,"name":"A\u00efd El-Fitr : Tous les services mobilis\u00e9s pour assurer l\u2019approvisionnement"}]},{"@type":"WebSite","@id":"https:\/\/lasentinelle.dz\/#website","url":"https:\/\/lasentinelle.dz\/","name":"La Sentinelle","description":"Quotidien national d&#039;information","publisher":{"@id":"https:\/\/lasentinelle.dz\/#organization"},"potentialAction":[{"@type":"SearchAction","target":{"@type":"EntryPoint","urlTemplate":"https:\/\/lasentinelle.dz\/?s={search_term_string}"},"query-input":{"@type":"PropertyValueSpecification","valueRequired":true,"valueName":"search_term_string"}}],"inLanguage":"fr-FR"},{"@type":"Organization","@id":"https:\/\/lasentinelle.dz\/#organization","name":"Quotidien La Sentinelle","url":"https:\/\/lasentinelle.dz\/","logo":{"@type":"ImageObject","inLanguage":"fr-FR","@id":"https:\/\/lasentinelle.dz\/#\/schema\/logo\/image\/","url":"https:\/\/lasentinelle.dz\/wp-content\/uploads\/2021\/09\/logo-sentinelleSLOGAN-1.png","contentUrl":"https:\/\/lasentinelle.dz\/wp-content\/uploads\/2021\/09\/logo-sentinelleSLOGAN-1.png","width":615,"height":142,"caption":"Quotidien La Sentinelle"},"image":{"@id":"https:\/\/lasentinelle.dz\/#\/schema\/logo\/image\/"},"sameAs":["https:\/\/www.facebook.com\/La-Sentinelle-104059864394773"]},{"@type":"Person","@id":"https:\/\/lasentinelle.dz\/#\/schema\/person\/729ee0024f24e0b8c5ec17232f8e8b41","name":"admin","image":{"@type":"ImageObject","inLanguage":"fr-FR","@id":"https:\/\/secure.gravatar.com\/avatar\/4c81fed838786e9b53f540bf46533e750f5d292099ae3b66cfc6fb1982e29df7?s=96&d=mm&r=g","url":"https:\/\/secure.gravatar.com\/avatar\/4c81fed838786e9b53f540bf46533e750f5d292099ae3b66cfc6fb1982e29df7?s=96&d=mm&r=g","contentUrl":"https:\/\/secure.gravatar.com\/avatar\/4c81fed838786e9b53f540bf46533e750f5d292099ae3b66cfc6fb1982e29df7?s=96&d=mm&r=g","caption":"admin"},"description":"admin","url":"https:\/\/lasentinelle.dz\/author\/admin\/"}]}},"_links":{"self":[{"href":"https:\/\/lasentinelle.dz\/index.php\/wp-json\/wp\/v2\/posts\/83792","targetHints":{"allow":["GET"]}}],"collection":[{"href":"https:\/\/lasentinelle.dz\/index.php\/wp-json\/wp\/v2\/posts"}],"about":[{"href":"https:\/\/lasentinelle.dz\/index.php\/wp-json\/wp\/v2\/types\/post"}],"author":[{"embeddable":true,"href":"https:\/\/lasentinelle.dz\/index.php\/wp-json\/wp\/v2\/users\/6"}],"replies":[{"embeddable":true,"href":"https:\/\/lasentinelle.dz\/index.php\/wp-json\/wp\/v2\/comments?post=83792"}],"version-history":[{"count":1,"href":"https:\/\/lasentinelle.dz\/index.php\/wp-json\/wp\/v2\/posts\/83792\/revisions"}],"predecessor-version":[{"id":83793,"href":"https:\/\/lasentinelle.dz\/index.php\/wp-json\/wp\/v2\/posts\/83792\/revisions\/83793"}],"wp:featuredmedia":[{"embeddable":true,"href":"https:\/\/lasentinelle.dz\/index.php\/wp-json\/wp\/v2\/media\/50018"}],"wp:attachment":[{"href":"https:\/\/lasentinelle.dz\/index.php\/wp-json\/wp\/v2\/media?parent=83792"}],"wp:term":[{"taxonomy":"category","embeddable":true,"href":"https:\/\/lasentinelle.dz\/index.php\/wp-json\/wp\/v2\/categories?post=83792"},{"taxonomy":"post_tag","embeddable":true,"href":"https:\/\/lasentinelle.dz\/index.php\/wp-json\/wp\/v2\/tags?post=83792"}],"curies":[{"name":"wp","href":"https:\/\/api.w.org\/{rel}","templated":true}]}}