{"id":83794,"date":"2026-03-17T21:42:54","date_gmt":"2026-03-17T20:42:54","guid":{"rendered":"https:\/\/lasentinelle.dz\/?p=83794"},"modified":"2026-03-17T21:42:55","modified_gmt":"2026-03-17T20:42:55","slug":"controle-des-prix-et-approvisionnement-du-marche-le-dispositif-special-ramadhan-a-tenu-ses-promesses","status":"publish","type":"post","link":"https:\/\/lasentinelle.dz\/index.php\/2026\/03\/17\/controle-des-prix-et-approvisionnement-du-marche-le-dispositif-special-ramadhan-a-tenu-ses-promesses\/","title":{"rendered":"Contr\u00f4le des prix et approvisionnement du march\u00e9\u00a0: Le dispositif sp\u00e9cial Ramadhan a tenu ses promesses"},"content":{"rendered":"\n<p>La mobilisation des pouvoirs publics en amont du mois sacr\u00e9 a permis d&rsquo;\u00e9viter les tensions d&rsquo;approvisionnement qui avaient marqu\u00e9 les ann\u00e9es pr\u00e9c\u00e9dentes. Le bilan est positif, les chantiers structurels restent ouverts.<\/p>\n\n\n\n<p>Alors que le mois de Ramadhan touche \u00e0 sa fin, le minist\u00e8re du Commerce int\u00e9rieur dresse un bilan positif du dispositif de contr\u00f4le du march\u00e9, lequel a tenu ses promesses en mati\u00e8re de stabilit\u00e9 des prix. Le dispositif mis en place par le minist\u00e8re du Commerce int\u00e9rieur et de la R\u00e9gulation du march\u00e9 national pour le mois de Ramadhan a rempli son office. C&rsquo;est le constat dress\u00e9 mardi par Ahmed Mokrani, directeur g\u00e9n\u00e9ral de la r\u00e9gulation et de l&rsquo;approvisionnement du march\u00e9, qui s&rsquo;exprimait sur les ondes de la Radio nationale. Selon ce responsable, les mesures anticip\u00e9es prises avant le d\u00e9but du mois sacr\u00e9 ont permis de garantir \u00ab une offre r\u00e9guli\u00e8re de diff\u00e9rents produits et marchandises \u00e0 travers tout le territoire national \u00bb. Ce r\u00e9sultat n&rsquo;a pas \u00e9t\u00e9 le fruit du hasard. Un dispositif de veille a \u00e9t\u00e9 install\u00e9 sur instruction du pr\u00e9sident de la R\u00e9publique, Abdelmadjid Tebboune, bien avant l&rsquo;entame du Ramadhan. Des groupes de travail intersectoriels ont \u00e9t\u00e9 constitu\u00e9s pour r\u00e9pondre en temps r\u00e9el aux remont\u00e9es des wilayas, notamment pour les produits sensibles que sont les viandes rouges et les fruits import\u00e9s, dont la disponibilit\u00e9 conditionne largement la s\u00e9r\u00e9nit\u00e9 des m\u00e9nages en cette p\u00e9riode. Ce m\u00e9canisme, a pr\u00e9cis\u00e9 Mokrani, \u00ab a permis un suivi imm\u00e9diat de la situation des march\u00e9s et une intervention rapide pour rem\u00e9dier \u00e0 d&rsquo;\u00e9ventuels dysfonctionnements, en coordination avec les walis \u00bb. Les associations de protection du consommateur et l&rsquo;Union g\u00e9n\u00e9rale des commer\u00e7ants et artisans alg\u00e9riens (UGCAA) ont \u00e9galement \u00e9t\u00e9 associ\u00e9es \u00e0 cet effort collectif.<\/p>\n\n\n\n<p>La continuit\u00e9 de cet effort est d\u00e9j\u00e0 programm\u00e9e pour la p\u00e9riode de l&rsquo;A\u00efd El-Fitr. Plus de 55 700 commer\u00e7ants seront mobilis\u00e9s \u00e0 travers les diff\u00e9rentes wilayas, afin d&rsquo;assurer un acc\u00e8s continu aux produits et services de large consommation. Les grossistes en fruits et l\u00e9gumes resteront ouverts sur les march\u00e9s de gros, y compris la soci\u00e9t\u00e9 Magros, dont le r\u00f4le dans la r\u00e9gulation de la cha\u00eene d&rsquo;approvisionnement est appel\u00e9 \u00e0 s&rsquo;\u00e9largir sensiblement dans les mois \u00e0 venir. Car au-del\u00e0 du bilan imm\u00e9diat, c&rsquo;est une r\u00e9forme en profondeur de l&rsquo;organisation commerciale qui se dessine. Le minist\u00e8re a finalis\u00e9 un plan global de r\u00e9organisation des march\u00e9s de gros et de d\u00e9tail, qui sera \u00ab prochainement soumis au Conseil des ministres \u00bb, a annonc\u00e9 Mokrani. Ce plan pr\u00e9voit le r\u00e9am\u00e9nagement de 37 march\u00e9s de gros et une extension significative des pr\u00e9rogatives de Magros, qui se verrait confier des missions in\u00e9dites : contractualisation directe avec les agriculteurs pour l&rsquo;achat et le stockage des produits, et possibilit\u00e9 d&rsquo;importation. L&rsquo;objectif affich\u00e9 est de court-circuiter les interm\u00e9diaires sp\u00e9culatifs qui p\u00e8sent sur les prix \u00e0 la consommation.<\/p>\n\n\n\n<p>Du c\u00f4t\u00e9 du commerce de proximit\u00e9, le tableau reste contrast\u00e9. On compte 852 march\u00e9s de d\u00e9tail op\u00e9rationnels \u00e0 travers le pays, mais 257 autres demeurent inexploit\u00e9s. Des efforts sont engag\u00e9s, en coordination avec le minist\u00e8re de l&rsquo;Int\u00e9rieur, pour remettre ces espaces en activit\u00e9 et densifier ainsi le maillage commercial sur l&rsquo;ensemble du territoire. La couverture nationale uniforme reste un objectif de moyen terme, dans un pays o\u00f9 les disparit\u00e9s entre wilayas du Nord et localit\u00e9s enclav\u00e9es du Sud ou des Hauts-Plateaux continuent de poser des d\u00e9fis logistiques r\u00e9els.<\/p>\n\n\n\n<p>Chokri Hafed<\/p>\n","protected":false},"excerpt":{"rendered":"<p>La mobilisation des pouvoirs publics en amont du mois sacr\u00e9 a permis d&rsquo;\u00e9viter les tensions d&rsquo;approvisionnement qui avaient marqu\u00e9 les<\/p>\n","protected":false},"author":6,"featured_media":79475,"comment_status":"open","ping_status":"closed","sticky":false,"template":"","format":"standard","meta":{"colormag_page_container_layout":"default_layout","colormag_page_sidebar_layout":"default_layout","om_disable_all_campaigns":false,"_monsterinsights_skip_tracking":false,"_monsterinsights_sitenote_active":false,"_monsterinsights_sitenote_note":"","_monsterinsights_sitenote_category":0,"footnotes":"","_wpscppro_dont_share_socialmedia":false,"_wpscppro_custom_social_share_image":0,"_facebook_share_type":"default","_twitter_share_type":"default","_linkedin_share_type":"default","_pinterest_share_type":"default","_linkedin_share_type_page":"","_instagram_share_type":"default","_medium_share_type":"default","_threads_share_type":"default","_google_business_share_type":"default","_selected_social_profile":[],"_wpsp_enable_custom_social_template":false,"_wpsp_social_scheduling":{"enabled":false,"datetime":null,"platforms":[],"status":"template_only","dateOption":"today","timeOption":"now","customDays":"","customHours":"","customDate":"","customTime":"","schedulingType":"absolute"},"_wpsp_active_default_template":true},"categories":[52,27],"tags":[],"class_list":["post-83794","post","type-post","status-publish","format-standard","has-post-thumbnail","hentry","category-a-la-une","category-actualite"],"aioseo_notices":[],"yoast_head":"<!-- This site is optimized with the Yoast SEO plugin v27.5 - https:\/\/yoast.com\/product\/yoast-seo-wordpress\/ -->\n<title>Contr\u00f4le des prix et approvisionnement du march\u00e9\u00a0: Le dispositif sp\u00e9cial Ramadhan a tenu ses promesses - La Sentinelle<\/title>\n<meta name=\"robots\" content=\"index, follow, max-snippet:-1, max-image-preview:large, max-video-preview:-1\" \/>\n<link rel=\"canonical\" href=\"https:\/\/lasentinelle.dz\/index.php\/2026\/03\/17\/controle-des-prix-et-approvisionnement-du-marche-le-dispositif-special-ramadhan-a-tenu-ses-promesses\/\" \/>\n<meta property=\"og:locale\" content=\"fr_FR\" \/>\n<meta property=\"og:type\" content=\"article\" \/>\n<meta property=\"og:title\" content=\"Contr\u00f4le des prix et approvisionnement du march\u00e9\u00a0: Le dispositif sp\u00e9cial Ramadhan a tenu ses promesses - La Sentinelle\" \/>\n<meta property=\"og:description\" content=\"La mobilisation des pouvoirs publics en amont du mois sacr\u00e9 a permis d&rsquo;\u00e9viter les tensions d&rsquo;approvisionnement qui avaient marqu\u00e9 les\" \/>\n<meta property=\"og:url\" content=\"https:\/\/lasentinelle.dz\/index.php\/2026\/03\/17\/controle-des-prix-et-approvisionnement-du-marche-le-dispositif-special-ramadhan-a-tenu-ses-promesses\/\" \/>\n<meta property=\"og:site_name\" content=\"La Sentinelle\" \/>\n<meta property=\"article:publisher\" content=\"https:\/\/www.facebook.com\/La-Sentinelle-104059864394773\" \/>\n<meta property=\"article:published_time\" content=\"2026-03-17T20:42:54+00:00\" \/>\n<meta property=\"article:modified_time\" content=\"2026-03-17T20:42:55+00:00\" \/>\n<meta property=\"og:image\" content=\"https:\/\/lasentinelle.dz\/wp-content\/uploads\/2026\/01\/marche-ramadhan.jpeg\" \/>\n\t<meta property=\"og:image:width\" content=\"1024\" \/>\n\t<meta property=\"og:image:height\" content=\"680\" \/>\n\t<meta property=\"og:image:type\" content=\"image\/jpeg\" \/>\n<meta name=\"author\" content=\"admin\" \/>\n<meta name=\"twitter:card\" content=\"summary_large_image\" \/>\n<meta name=\"twitter:label1\" content=\"\u00c9crit par\" \/>\n\t<meta name=\"twitter:data1\" content=\"admin\" \/>\n\t<meta name=\"twitter:label2\" content=\"Dur\u00e9e de lecture estim\u00e9e\" \/>\n\t<meta name=\"twitter:data2\" content=\"3 minutes\" \/>\n<script type=\"application\/ld+json\" class=\"yoast-schema-graph\">{\"@context\":\"https:\\\/\\\/schema.org\",\"@graph\":[{\"@type\":\"Article\",\"@id\":\"https:\\\/\\\/lasentinelle.dz\\\/index.php\\\/2026\\\/03\\\/17\\\/controle-des-prix-et-approvisionnement-du-marche-le-dispositif-special-ramadhan-a-tenu-ses-promesses\\\/#article\",\"isPartOf\":{\"@id\":\"https:\\\/\\\/lasentinelle.dz\\\/index.php\\\/2026\\\/03\\\/17\\\/controle-des-prix-et-approvisionnement-du-marche-le-dispositif-special-ramadhan-a-tenu-ses-promesses\\\/\"},\"author\":{\"name\":\"admin\",\"@id\":\"https:\\\/\\\/lasentinelle.dz\\\/#\\\/schema\\\/person\\\/729ee0024f24e0b8c5ec17232f8e8b41\"},\"headline\":\"Contr\u00f4le des prix et approvisionnement du march\u00e9\u00a0: Le dispositif sp\u00e9cial Ramadhan a tenu ses promesses\",\"datePublished\":\"2026-03-17T20:42:54+00:00\",\"dateModified\":\"2026-03-17T20:42:55+00:00\",\"mainEntityOfPage\":{\"@id\":\"https:\\\/\\\/lasentinelle.dz\\\/index.php\\\/2026\\\/03\\\/17\\\/controle-des-prix-et-approvisionnement-du-marche-le-dispositif-special-ramadhan-a-tenu-ses-promesses\\\/\"},\"wordCount\":647,\"commentCount\":0,\"publisher\":{\"@id\":\"https:\\\/\\\/lasentinelle.dz\\\/#organization\"},\"image\":{\"@id\":\"https:\\\/\\\/lasentinelle.dz\\\/index.php\\\/2026\\\/03\\\/17\\\/controle-des-prix-et-approvisionnement-du-marche-le-dispositif-special-ramadhan-a-tenu-ses-promesses\\\/#primaryimage\"},\"thumbnailUrl\":\"https:\\\/\\\/lasentinelle.dz\\\/wp-content\\\/uploads\\\/2026\\\/01\\\/marche-ramadhan.jpeg\",\"articleSection\":[\"\u00c0 la Une\",\"Actualit\u00e9\"],\"inLanguage\":\"fr-FR\",\"potentialAction\":[{\"@type\":\"CommentAction\",\"name\":\"Comment\",\"target\":[\"https:\\\/\\\/lasentinelle.dz\\\/index.php\\\/2026\\\/03\\\/17\\\/controle-des-prix-et-approvisionnement-du-marche-le-dispositif-special-ramadhan-a-tenu-ses-promesses\\\/#respond\"]}]},{\"@type\":\"WebPage\",\"@id\":\"https:\\\/\\\/lasentinelle.dz\\\/index.php\\\/2026\\\/03\\\/17\\\/controle-des-prix-et-approvisionnement-du-marche-le-dispositif-special-ramadhan-a-tenu-ses-promesses\\\/\",\"url\":\"https:\\\/\\\/lasentinelle.dz\\\/index.php\\\/2026\\\/03\\\/17\\\/controle-des-prix-et-approvisionnement-du-marche-le-dispositif-special-ramadhan-a-tenu-ses-promesses\\\/\",\"name\":\"Contr\u00f4le des prix et approvisionnement du march\u00e9\u00a0: Le dispositif sp\u00e9cial Ramadhan a tenu ses promesses - La Sentinelle\",\"isPartOf\":{\"@id\":\"https:\\\/\\\/lasentinelle.dz\\\/#website\"},\"primaryImageOfPage\":{\"@id\":\"https:\\\/\\\/lasentinelle.dz\\\/index.php\\\/2026\\\/03\\\/17\\\/controle-des-prix-et-approvisionnement-du-marche-le-dispositif-special-ramadhan-a-tenu-ses-promesses\\\/#primaryimage\"},\"image\":{\"@id\":\"https:\\\/\\\/lasentinelle.dz\\\/index.php\\\/2026\\\/03\\\/17\\\/controle-des-prix-et-approvisionnement-du-marche-le-dispositif-special-ramadhan-a-tenu-ses-promesses\\\/#primaryimage\"},\"thumbnailUrl\":\"https:\\\/\\\/lasentinelle.dz\\\/wp-content\\\/uploads\\\/2026\\\/01\\\/marche-ramadhan.jpeg\",\"datePublished\":\"2026-03-17T20:42:54+00:00\",\"dateModified\":\"2026-03-17T20:42:55+00:00\",\"breadcrumb\":{\"@id\":\"https:\\\/\\\/lasentinelle.dz\\\/index.php\\\/2026\\\/03\\\/17\\\/controle-des-prix-et-approvisionnement-du-marche-le-dispositif-special-ramadhan-a-tenu-ses-promesses\\\/#breadcrumb\"},\"inLanguage\":\"fr-FR\",\"potentialAction\":[{\"@type\":\"ReadAction\",\"target\":[\"https:\\\/\\\/lasentinelle.dz\\\/index.php\\\/2026\\\/03\\\/17\\\/controle-des-prix-et-approvisionnement-du-marche-le-dispositif-special-ramadhan-a-tenu-ses-promesses\\\/\"]}]},{\"@type\":\"ImageObject\",\"inLanguage\":\"fr-FR\",\"@id\":\"https:\\\/\\\/lasentinelle.dz\\\/index.php\\\/2026\\\/03\\\/17\\\/controle-des-prix-et-approvisionnement-du-marche-le-dispositif-special-ramadhan-a-tenu-ses-promesses\\\/#primaryimage\",\"url\":\"https:\\\/\\\/lasentinelle.dz\\\/wp-content\\\/uploads\\\/2026\\\/01\\\/marche-ramadhan.jpeg\",\"contentUrl\":\"https:\\\/\\\/lasentinelle.dz\\\/wp-content\\\/uploads\\\/2026\\\/01\\\/marche-ramadhan.jpeg\",\"width\":1024,\"height\":680},{\"@type\":\"BreadcrumbList\",\"@id\":\"https:\\\/\\\/lasentinelle.dz\\\/index.php\\\/2026\\\/03\\\/17\\\/controle-des-prix-et-approvisionnement-du-marche-le-dispositif-special-ramadhan-a-tenu-ses-promesses\\\/#breadcrumb\",\"itemListElement\":[{\"@type\":\"ListItem\",\"position\":1,\"name\":\"Accueil\",\"item\":\"https:\\\/\\\/lasentinelle.dz\\\/\"},{\"@type\":\"ListItem\",\"position\":2,\"name\":\"Contr\u00f4le des prix et approvisionnement du march\u00e9\u00a0: Le dispositif sp\u00e9cial Ramadhan a tenu ses promesses\"}]},{\"@type\":\"WebSite\",\"@id\":\"https:\\\/\\\/lasentinelle.dz\\\/#website\",\"url\":\"https:\\\/\\\/lasentinelle.dz\\\/\",\"name\":\"La Sentinelle\",\"description\":\"Quotidien national d&#039;information\",\"publisher\":{\"@id\":\"https:\\\/\\\/lasentinelle.dz\\\/#organization\"},\"potentialAction\":[{\"@type\":\"SearchAction\",\"target\":{\"@type\":\"EntryPoint\",\"urlTemplate\":\"https:\\\/\\\/lasentinelle.dz\\\/?s={search_term_string}\"},\"query-input\":{\"@type\":\"PropertyValueSpecification\",\"valueRequired\":true,\"valueName\":\"search_term_string\"}}],\"inLanguage\":\"fr-FR\"},{\"@type\":\"Organization\",\"@id\":\"https:\\\/\\\/lasentinelle.dz\\\/#organization\",\"name\":\"Quotidien La Sentinelle\",\"url\":\"https:\\\/\\\/lasentinelle.dz\\\/\",\"logo\":{\"@type\":\"ImageObject\",\"inLanguage\":\"fr-FR\",\"@id\":\"https:\\\/\\\/lasentinelle.dz\\\/#\\\/schema\\\/logo\\\/image\\\/\",\"url\":\"https:\\\/\\\/lasentinelle.dz\\\/wp-content\\\/uploads\\\/2021\\\/09\\\/logo-sentinelleSLOGAN-1.png\",\"contentUrl\":\"https:\\\/\\\/lasentinelle.dz\\\/wp-content\\\/uploads\\\/2021\\\/09\\\/logo-sentinelleSLOGAN-1.png\",\"width\":615,\"height\":142,\"caption\":\"Quotidien La Sentinelle\"},\"image\":{\"@id\":\"https:\\\/\\\/lasentinelle.dz\\\/#\\\/schema\\\/logo\\\/image\\\/\"},\"sameAs\":[\"https:\\\/\\\/www.facebook.com\\\/La-Sentinelle-104059864394773\"]},{\"@type\":\"Person\",\"@id\":\"https:\\\/\\\/lasentinelle.dz\\\/#\\\/schema\\\/person\\\/729ee0024f24e0b8c5ec17232f8e8b41\",\"name\":\"admin\",\"image\":{\"@type\":\"ImageObject\",\"inLanguage\":\"fr-FR\",\"@id\":\"https:\\\/\\\/secure.gravatar.com\\\/avatar\\\/4c81fed838786e9b53f540bf46533e750f5d292099ae3b66cfc6fb1982e29df7?s=96&d=mm&r=g\",\"url\":\"https:\\\/\\\/secure.gravatar.com\\\/avatar\\\/4c81fed838786e9b53f540bf46533e750f5d292099ae3b66cfc6fb1982e29df7?s=96&d=mm&r=g\",\"contentUrl\":\"https:\\\/\\\/secure.gravatar.com\\\/avatar\\\/4c81fed838786e9b53f540bf46533e750f5d292099ae3b66cfc6fb1982e29df7?s=96&d=mm&r=g\",\"caption\":\"admin\"},\"description\":\"admin\",\"url\":\"https:\\\/\\\/lasentinelle.dz\\\/author\\\/admin\\\/\"}]}<\/script>\n<!-- \/ Yoast SEO plugin. -->","yoast_head_json":{"title":"Contr\u00f4le des prix et approvisionnement du march\u00e9\u00a0: Le dispositif sp\u00e9cial Ramadhan a tenu ses promesses - La Sentinelle","robots":{"index":"index","follow":"follow","max-snippet":"max-snippet:-1","max-image-preview":"max-image-preview:large","max-video-preview":"max-video-preview:-1"},"canonical":"https:\/\/lasentinelle.dz\/index.php\/2026\/03\/17\/controle-des-prix-et-approvisionnement-du-marche-le-dispositif-special-ramadhan-a-tenu-ses-promesses\/","og_locale":"fr_FR","og_type":"article","og_title":"Contr\u00f4le des prix et approvisionnement du march\u00e9\u00a0: Le dispositif sp\u00e9cial Ramadhan a tenu ses promesses - La Sentinelle","og_description":"La mobilisation des pouvoirs publics en amont du mois sacr\u00e9 a permis d&rsquo;\u00e9viter les tensions d&rsquo;approvisionnement qui avaient marqu\u00e9 les","og_url":"https:\/\/lasentinelle.dz\/index.php\/2026\/03\/17\/controle-des-prix-et-approvisionnement-du-marche-le-dispositif-special-ramadhan-a-tenu-ses-promesses\/","og_site_name":"La Sentinelle","article_publisher":"https:\/\/www.facebook.com\/La-Sentinelle-104059864394773","article_published_time":"2026-03-17T20:42:54+00:00","article_modified_time":"2026-03-17T20:42:55+00:00","og_image":[{"width":1024,"height":680,"url":"https:\/\/lasentinelle.dz\/wp-content\/uploads\/2026\/01\/marche-ramadhan.jpeg","type":"image\/jpeg"}],"author":"admin","twitter_card":"summary_large_image","twitter_misc":{"\u00c9crit par":"admin","Dur\u00e9e de lecture estim\u00e9e":"3 minutes"},"schema":{"@context":"https:\/\/schema.org","@graph":[{"@type":"Article","@id":"https:\/\/lasentinelle.dz\/index.php\/2026\/03\/17\/controle-des-prix-et-approvisionnement-du-marche-le-dispositif-special-ramadhan-a-tenu-ses-promesses\/#article","isPartOf":{"@id":"https:\/\/lasentinelle.dz\/index.php\/2026\/03\/17\/controle-des-prix-et-approvisionnement-du-marche-le-dispositif-special-ramadhan-a-tenu-ses-promesses\/"},"author":{"name":"admin","@id":"https:\/\/lasentinelle.dz\/#\/schema\/person\/729ee0024f24e0b8c5ec17232f8e8b41"},"headline":"Contr\u00f4le des prix et approvisionnement du march\u00e9\u00a0: Le dispositif sp\u00e9cial Ramadhan a tenu ses promesses","datePublished":"2026-03-17T20:42:54+00:00","dateModified":"2026-03-17T20:42:55+00:00","mainEntityOfPage":{"@id":"https:\/\/lasentinelle.dz\/index.php\/2026\/03\/17\/controle-des-prix-et-approvisionnement-du-marche-le-dispositif-special-ramadhan-a-tenu-ses-promesses\/"},"wordCount":647,"commentCount":0,"publisher":{"@id":"https:\/\/lasentinelle.dz\/#organization"},"image":{"@id":"https:\/\/lasentinelle.dz\/index.php\/2026\/03\/17\/controle-des-prix-et-approvisionnement-du-marche-le-dispositif-special-ramadhan-a-tenu-ses-promesses\/#primaryimage"},"thumbnailUrl":"https:\/\/lasentinelle.dz\/wp-content\/uploads\/2026\/01\/marche-ramadhan.jpeg","articleSection":["\u00c0 la Une","Actualit\u00e9"],"inLanguage":"fr-FR","potentialAction":[{"@type":"CommentAction","name":"Comment","target":["https:\/\/lasentinelle.dz\/index.php\/2026\/03\/17\/controle-des-prix-et-approvisionnement-du-marche-le-dispositif-special-ramadhan-a-tenu-ses-promesses\/#respond"]}]},{"@type":"WebPage","@id":"https:\/\/lasentinelle.dz\/index.php\/2026\/03\/17\/controle-des-prix-et-approvisionnement-du-marche-le-dispositif-special-ramadhan-a-tenu-ses-promesses\/","url":"https:\/\/lasentinelle.dz\/index.php\/2026\/03\/17\/controle-des-prix-et-approvisionnement-du-marche-le-dispositif-special-ramadhan-a-tenu-ses-promesses\/","name":"Contr\u00f4le des prix et approvisionnement du march\u00e9\u00a0: Le dispositif sp\u00e9cial Ramadhan a tenu ses promesses - La Sentinelle","isPartOf":{"@id":"https:\/\/lasentinelle.dz\/#website"},"primaryImageOfPage":{"@id":"https:\/\/lasentinelle.dz\/index.php\/2026\/03\/17\/controle-des-prix-et-approvisionnement-du-marche-le-dispositif-special-ramadhan-a-tenu-ses-promesses\/#primaryimage"},"image":{"@id":"https:\/\/lasentinelle.dz\/index.php\/2026\/03\/17\/controle-des-prix-et-approvisionnement-du-marche-le-dispositif-special-ramadhan-a-tenu-ses-promesses\/#primaryimage"},"thumbnailUrl":"https:\/\/lasentinelle.dz\/wp-content\/uploads\/2026\/01\/marche-ramadhan.jpeg","datePublished":"2026-03-17T20:42:54+00:00","dateModified":"2026-03-17T20:42:55+00:00","breadcrumb":{"@id":"https:\/\/lasentinelle.dz\/index.php\/2026\/03\/17\/controle-des-prix-et-approvisionnement-du-marche-le-dispositif-special-ramadhan-a-tenu-ses-promesses\/#breadcrumb"},"inLanguage":"fr-FR","potentialAction":[{"@type":"ReadAction","target":["https:\/\/lasentinelle.dz\/index.php\/2026\/03\/17\/controle-des-prix-et-approvisionnement-du-marche-le-dispositif-special-ramadhan-a-tenu-ses-promesses\/"]}]},{"@type":"ImageObject","inLanguage":"fr-FR","@id":"https:\/\/lasentinelle.dz\/index.php\/2026\/03\/17\/controle-des-prix-et-approvisionnement-du-marche-le-dispositif-special-ramadhan-a-tenu-ses-promesses\/#primaryimage","url":"https:\/\/lasentinelle.dz\/wp-content\/uploads\/2026\/01\/marche-ramadhan.jpeg","contentUrl":"https:\/\/lasentinelle.dz\/wp-content\/uploads\/2026\/01\/marche-ramadhan.jpeg","width":1024,"height":680},{"@type":"BreadcrumbList","@id":"https:\/\/lasentinelle.dz\/index.php\/2026\/03\/17\/controle-des-prix-et-approvisionnement-du-marche-le-dispositif-special-ramadhan-a-tenu-ses-promesses\/#breadcrumb","itemListElement":[{"@type":"ListItem","position":1,"name":"Accueil","item":"https:\/\/lasentinelle.dz\/"},{"@type":"ListItem","position":2,"name":"Contr\u00f4le des prix et approvisionnement du march\u00e9\u00a0: Le dispositif sp\u00e9cial Ramadhan a tenu ses promesses"}]},{"@type":"WebSite","@id":"https:\/\/lasentinelle.dz\/#website","url":"https:\/\/lasentinelle.dz\/","name":"La Sentinelle","description":"Quotidien national d&#039;information","publisher":{"@id":"https:\/\/lasentinelle.dz\/#organization"},"potentialAction":[{"@type":"SearchAction","target":{"@type":"EntryPoint","urlTemplate":"https:\/\/lasentinelle.dz\/?s={search_term_string}"},"query-input":{"@type":"PropertyValueSpecification","valueRequired":true,"valueName":"search_term_string"}}],"inLanguage":"fr-FR"},{"@type":"Organization","@id":"https:\/\/lasentinelle.dz\/#organization","name":"Quotidien La Sentinelle","url":"https:\/\/lasentinelle.dz\/","logo":{"@type":"ImageObject","inLanguage":"fr-FR","@id":"https:\/\/lasentinelle.dz\/#\/schema\/logo\/image\/","url":"https:\/\/lasentinelle.dz\/wp-content\/uploads\/2021\/09\/logo-sentinelleSLOGAN-1.png","contentUrl":"https:\/\/lasentinelle.dz\/wp-content\/uploads\/2021\/09\/logo-sentinelleSLOGAN-1.png","width":615,"height":142,"caption":"Quotidien La Sentinelle"},"image":{"@id":"https:\/\/lasentinelle.dz\/#\/schema\/logo\/image\/"},"sameAs":["https:\/\/www.facebook.com\/La-Sentinelle-104059864394773"]},{"@type":"Person","@id":"https:\/\/lasentinelle.dz\/#\/schema\/person\/729ee0024f24e0b8c5ec17232f8e8b41","name":"admin","image":{"@type":"ImageObject","inLanguage":"fr-FR","@id":"https:\/\/secure.gravatar.com\/avatar\/4c81fed838786e9b53f540bf46533e750f5d292099ae3b66cfc6fb1982e29df7?s=96&d=mm&r=g","url":"https:\/\/secure.gravatar.com\/avatar\/4c81fed838786e9b53f540bf46533e750f5d292099ae3b66cfc6fb1982e29df7?s=96&d=mm&r=g","contentUrl":"https:\/\/secure.gravatar.com\/avatar\/4c81fed838786e9b53f540bf46533e750f5d292099ae3b66cfc6fb1982e29df7?s=96&d=mm&r=g","caption":"admin"},"description":"admin","url":"https:\/\/lasentinelle.dz\/author\/admin\/"}]}},"_links":{"self":[{"href":"https:\/\/lasentinelle.dz\/index.php\/wp-json\/wp\/v2\/posts\/83794","targetHints":{"allow":["GET"]}}],"collection":[{"href":"https:\/\/lasentinelle.dz\/index.php\/wp-json\/wp\/v2\/posts"}],"about":[{"href":"https:\/\/lasentinelle.dz\/index.php\/wp-json\/wp\/v2\/types\/post"}],"author":[{"embeddable":true,"href":"https:\/\/lasentinelle.dz\/index.php\/wp-json\/wp\/v2\/users\/6"}],"replies":[{"embeddable":true,"href":"https:\/\/lasentinelle.dz\/index.php\/wp-json\/wp\/v2\/comments?post=83794"}],"version-history":[{"count":1,"href":"https:\/\/lasentinelle.dz\/index.php\/wp-json\/wp\/v2\/posts\/83794\/revisions"}],"predecessor-version":[{"id":83795,"href":"https:\/\/lasentinelle.dz\/index.php\/wp-json\/wp\/v2\/posts\/83794\/revisions\/83795"}],"wp:featuredmedia":[{"embeddable":true,"href":"https:\/\/lasentinelle.dz\/index.php\/wp-json\/wp\/v2\/media\/79475"}],"wp:attachment":[{"href":"https:\/\/lasentinelle.dz\/index.php\/wp-json\/wp\/v2\/media?parent=83794"}],"wp:term":[{"taxonomy":"category","embeddable":true,"href":"https:\/\/lasentinelle.dz\/index.php\/wp-json\/wp\/v2\/categories?post=83794"},{"taxonomy":"post_tag","embeddable":true,"href":"https:\/\/lasentinelle.dz\/index.php\/wp-json\/wp\/v2\/tags?post=83794"}],"curies":[{"name":"wp","href":"https:\/\/api.w.org\/{rel}","templated":true}]}}