{"id":83796,"date":"2026-03-17T21:43:47","date_gmt":"2026-03-17T20:43:47","guid":{"rendered":"https:\/\/lasentinelle.dz\/?p=83796"},"modified":"2026-03-17T21:43:49","modified_gmt":"2026-03-17T20:43:49","slug":"un-actif-strategique-de-premier-plan","status":"publish","type":"post","link":"https:\/\/lasentinelle.dz\/index.php\/2026\/03\/17\/un-actif-strategique-de-premier-plan\/","title":{"rendered":"Un actif strat\u00e9gique de premier plan"},"content":{"rendered":"\n<p>Le lancement de la mine de zinc et de plomb d&rsquo;Oued Amizour, dans la wilaya de B\u00e9ja\u00efa, marque un tournant dans la strat\u00e9gie de diversification \u00e9conomique de l&rsquo;Alg\u00e9rie. C&rsquo;est un projet que Mustapha Mekid\u00e8che qualifie sans d\u00e9tour de \u00ab grosse patate, comparable aux grands gisements dans les hydrocarbures \u00bb. L&rsquo;ancien pr\u00e9sident du panel du m\u00e9canisme africain d&rsquo;\u00e9valuation par les pairs et ancien dirigeant de l&rsquo;Entreprise nationale de l&rsquo;engineering p\u00e9trolier \u00e9tait l&rsquo;invit\u00e9 mardi de la Cha\u00eene 3 de la Radio alg\u00e9rienne. Il est revenu sur le lancement de la mine, pr\u00e9sentant ce gisement comme un actif strat\u00e9gique de premier plan pour le pays. Le projet n&rsquo;est pas sorti de nulle part. \u00ab C&rsquo;est d\u00e9j\u00e0 un projet qui date, cela faisait deux ans que l&rsquo;on pr\u00e9parait le lancement de ce gisement minier \u00bb, a rappel\u00e9 l&rsquo;expert, pr\u00e9cisant que \u00ab les contrats avaient \u00e9t\u00e9 sign\u00e9s en mars 2024 avec des partenaires australiens pour l&rsquo;exploitation et chinois pour la r\u00e9alisation des infrastructures. \u00bb Une gestation longue, rendue n\u00e9cessaire par la complexit\u00e9 du dossier. Au-del\u00e0 des aspects techniques, c&rsquo;est la dimension sociale qui a requis le plus d&rsquo;attention. \u00ab Il fallait construire l&rsquo;acceptabilit\u00e9 sociale avec les autorit\u00e9s locales, les associations et les riverains \u00bb, a-t-il soulign\u00e9, \u00e9voquant \u00e9galement les questions fonci\u00e8res li\u00e9es aux emprises n\u00e9cessaires pour la mine, l&rsquo;usine et les infrastructures de transport.<\/p>\n\n\n\n<p>Les chiffres donnent la mesure de l&rsquo;enjeu. Le gisement rec\u00e8le des r\u00e9serves estim\u00e9es \u00e0 34 millions de tonnes, ce qui garantit une exploitation sur une vingtaine d&rsquo;ann\u00e9es, structur\u00e9e en trois phases distinctes : r\u00e9alisation, exploitation, puis r\u00e9habilitation. Sur ce dernier volet, Mekid\u00e8che a \u00e9t\u00e9 particuli\u00e8rement explicite : \u00ab La remise en \u00e9tat est incluse d\u00e8s le d\u00e9part dans le projet, elle prendra plusieurs ann\u00e9es et vise \u00e0 limiter les impacts environnementaux. \u00bb Le traitement des d\u00e9chets miniers et la pr\u00e9vention des nuisances font ainsi partie int\u00e9grante du cahier des charges, une approche que l&rsquo;expert pr\u00e9sente comme un gage de s\u00e9rieux vis-\u00e0-vis des investisseurs et des populations locales. Les retomb\u00e9es \u00e9conomiques attendues d\u00e9passent largement le p\u00e9rim\u00e8tre de la mine. \u00ab C&rsquo;est tout un microcosme \u00e9conomique qui va se d\u00e9velopper \u00bb, a-t-il pr\u00e9dit, citant le d\u00e9senclavement de la r\u00e9gion, la cr\u00e9ation d&#8217;emplois et le d\u00e9veloppement d&rsquo;infrastructures routi\u00e8res, ferroviaires et portuaires. La dimension humaine n&rsquo;est pas en reste : \u00ab Des cohortes de jeunes Alg\u00e9riens seront form\u00e9es aux m\u00e9tiers de la mine et s&rsquo;approprieront les technologies \u00bb, a-t-il indiqu\u00e9, insistant sur le transfert de savoir-faire comme composante essentielle du projet.<\/p>\n\n\n\n<p>\u00c0 l&rsquo;\u00e9chelle nationale, Mekid\u00e8che inscrit Oued Amizour dans une dynamique plus large. \u00ab Plus on avance, plus les ressources mini\u00e8res deviennent rares, et ce type de projet permet de renforcer notre position et d&rsquo;attirer des investissements \u00bb, a-t-il d\u00e9clar\u00e9, \u00e9voquant sa compl\u00e9mentarit\u00e9 avec d&rsquo;autres chantiers miniers d&rsquo;envergure, au premier rang desquels le gisement de fer de Gara Djebilet. La diversification \u00e9conomique, longtemps proclam\u00e9e comme objectif sans \u00eatre v\u00e9ritablement enclench\u00e9e, prendrait ainsi corps : \u00ab La diversification est engag\u00e9e, \u00e0 la fois en aval avec les industries et en amont avec le d\u00e9veloppement minier. \u00bb<\/p>\n\n\n\n<p><strong>Sonarem, nouvelle Sonatrach&nbsp;?<\/strong><\/p>\n\n\n\n<p>L&rsquo;expert a enfin salu\u00e9 les r\u00e9formes du climat des affaires, estimant que \u00ab le guichet unique facilite les d\u00e9marches et renforce l&rsquo;attractivit\u00e9 du secteur \u00bb. Il n&rsquo;a pas exclu qu&rsquo;\u00e0 terme, la Sonarem, op\u00e9rateur public minier, puisse jouer un r\u00f4le comparable \u00e0 celui de Sonatrach dans les hydrocarbures, y compris sur la sc\u00e8ne internationale. Une ambition \u00e0 la hauteur d&rsquo;un pays qui dispose, selon lui, d&rsquo;un potentiel minier consid\u00e9rable et longtemps sous-exploit\u00e9.<\/p>\n\n\n\n<p>Salim Amokrane<\/p>\n","protected":false},"excerpt":{"rendered":"<p>Le lancement de la mine de zinc et de plomb d&rsquo;Oued Amizour, dans la wilaya de B\u00e9ja\u00efa, marque un tournant<\/p>\n","protected":false},"author":6,"featured_media":83797,"comment_status":"open","ping_status":"closed","sticky":false,"template":"","format":"standard","meta":{"colormag_page_container_layout":"default_layout","colormag_page_sidebar_layout":"default_layout","om_disable_all_campaigns":false,"_monsterinsights_skip_tracking":false,"_monsterinsights_sitenote_active":false,"_monsterinsights_sitenote_note":"","_monsterinsights_sitenote_category":0,"footnotes":"","_wpscppro_dont_share_socialmedia":false,"_wpscppro_custom_social_share_image":0,"_facebook_share_type":"default","_twitter_share_type":"default","_linkedin_share_type":"default","_pinterest_share_type":"default","_linkedin_share_type_page":"","_instagram_share_type":"default","_medium_share_type":"default","_threads_share_type":"default","_google_business_share_type":"default","_selected_social_profile":[],"_wpsp_enable_custom_social_template":false,"_wpsp_social_scheduling":{"enabled":false,"datetime":null,"platforms":[],"status":"template_only","dateOption":"today","timeOption":"now","customDays":"","customHours":"","customDate":"","customTime":"","schedulingType":"absolute"},"_wpsp_active_default_template":true},"categories":[27],"tags":[],"class_list":["post-83796","post","type-post","status-publish","format-standard","has-post-thumbnail","hentry","category-actualite"],"aioseo_notices":[],"yoast_head":"<!-- This site is optimized with the Yoast SEO plugin v27.5 - https:\/\/yoast.com\/product\/yoast-seo-wordpress\/ -->\n<title>Un actif strat\u00e9gique de premier plan - La Sentinelle<\/title>\n<meta name=\"robots\" content=\"index, follow, max-snippet:-1, max-image-preview:large, max-video-preview:-1\" \/>\n<link rel=\"canonical\" href=\"https:\/\/lasentinelle.dz\/index.php\/2026\/03\/17\/un-actif-strategique-de-premier-plan\/\" \/>\n<meta property=\"og:locale\" content=\"fr_FR\" \/>\n<meta property=\"og:type\" content=\"article\" \/>\n<meta property=\"og:title\" content=\"Un actif strat\u00e9gique de premier plan - La Sentinelle\" \/>\n<meta property=\"og:description\" content=\"Le lancement de la mine de zinc et de plomb d&rsquo;Oued Amizour, dans la wilaya de B\u00e9ja\u00efa, marque un tournant\" \/>\n<meta property=\"og:url\" content=\"https:\/\/lasentinelle.dz\/index.php\/2026\/03\/17\/un-actif-strategique-de-premier-plan\/\" \/>\n<meta property=\"og:site_name\" content=\"La Sentinelle\" \/>\n<meta property=\"article:publisher\" content=\"https:\/\/www.facebook.com\/La-Sentinelle-104059864394773\" \/>\n<meta property=\"article:published_time\" content=\"2026-03-17T20:43:47+00:00\" \/>\n<meta property=\"article:modified_time\" content=\"2026-03-17T20:43:49+00:00\" \/>\n<meta property=\"og:image\" content=\"https:\/\/lasentinelle.dz\/wp-content\/uploads\/2026\/03\/Mine.jpg\" \/>\n\t<meta property=\"og:image:width\" content=\"1028\" \/>\n\t<meta property=\"og:image:height\" content=\"694\" \/>\n\t<meta property=\"og:image:type\" content=\"image\/jpeg\" \/>\n<meta name=\"author\" content=\"admin\" \/>\n<meta name=\"twitter:card\" content=\"summary_large_image\" \/>\n<meta name=\"twitter:label1\" content=\"\u00c9crit par\" \/>\n\t<meta name=\"twitter:data1\" content=\"admin\" \/>\n\t<meta name=\"twitter:label2\" content=\"Dur\u00e9e de lecture estim\u00e9e\" \/>\n\t<meta name=\"twitter:data2\" content=\"4 minutes\" \/>\n<script type=\"application\/ld+json\" class=\"yoast-schema-graph\">{\"@context\":\"https:\\\/\\\/schema.org\",\"@graph\":[{\"@type\":\"Article\",\"@id\":\"https:\\\/\\\/lasentinelle.dz\\\/index.php\\\/2026\\\/03\\\/17\\\/un-actif-strategique-de-premier-plan\\\/#article\",\"isPartOf\":{\"@id\":\"https:\\\/\\\/lasentinelle.dz\\\/index.php\\\/2026\\\/03\\\/17\\\/un-actif-strategique-de-premier-plan\\\/\"},\"author\":{\"name\":\"admin\",\"@id\":\"https:\\\/\\\/lasentinelle.dz\\\/#\\\/schema\\\/person\\\/729ee0024f24e0b8c5ec17232f8e8b41\"},\"headline\":\"Un actif strat\u00e9gique de premier plan\",\"datePublished\":\"2026-03-17T20:43:47+00:00\",\"dateModified\":\"2026-03-17T20:43:49+00:00\",\"mainEntityOfPage\":{\"@id\":\"https:\\\/\\\/lasentinelle.dz\\\/index.php\\\/2026\\\/03\\\/17\\\/un-actif-strategique-de-premier-plan\\\/\"},\"wordCount\":656,\"commentCount\":0,\"publisher\":{\"@id\":\"https:\\\/\\\/lasentinelle.dz\\\/#organization\"},\"image\":{\"@id\":\"https:\\\/\\\/lasentinelle.dz\\\/index.php\\\/2026\\\/03\\\/17\\\/un-actif-strategique-de-premier-plan\\\/#primaryimage\"},\"thumbnailUrl\":\"https:\\\/\\\/lasentinelle.dz\\\/wp-content\\\/uploads\\\/2026\\\/03\\\/Mine.jpg\",\"articleSection\":[\"Actualit\u00e9\"],\"inLanguage\":\"fr-FR\",\"potentialAction\":[{\"@type\":\"CommentAction\",\"name\":\"Comment\",\"target\":[\"https:\\\/\\\/lasentinelle.dz\\\/index.php\\\/2026\\\/03\\\/17\\\/un-actif-strategique-de-premier-plan\\\/#respond\"]}]},{\"@type\":\"WebPage\",\"@id\":\"https:\\\/\\\/lasentinelle.dz\\\/index.php\\\/2026\\\/03\\\/17\\\/un-actif-strategique-de-premier-plan\\\/\",\"url\":\"https:\\\/\\\/lasentinelle.dz\\\/index.php\\\/2026\\\/03\\\/17\\\/un-actif-strategique-de-premier-plan\\\/\",\"name\":\"Un actif strat\u00e9gique de premier plan - La Sentinelle\",\"isPartOf\":{\"@id\":\"https:\\\/\\\/lasentinelle.dz\\\/#website\"},\"primaryImageOfPage\":{\"@id\":\"https:\\\/\\\/lasentinelle.dz\\\/index.php\\\/2026\\\/03\\\/17\\\/un-actif-strategique-de-premier-plan\\\/#primaryimage\"},\"image\":{\"@id\":\"https:\\\/\\\/lasentinelle.dz\\\/index.php\\\/2026\\\/03\\\/17\\\/un-actif-strategique-de-premier-plan\\\/#primaryimage\"},\"thumbnailUrl\":\"https:\\\/\\\/lasentinelle.dz\\\/wp-content\\\/uploads\\\/2026\\\/03\\\/Mine.jpg\",\"datePublished\":\"2026-03-17T20:43:47+00:00\",\"dateModified\":\"2026-03-17T20:43:49+00:00\",\"breadcrumb\":{\"@id\":\"https:\\\/\\\/lasentinelle.dz\\\/index.php\\\/2026\\\/03\\\/17\\\/un-actif-strategique-de-premier-plan\\\/#breadcrumb\"},\"inLanguage\":\"fr-FR\",\"potentialAction\":[{\"@type\":\"ReadAction\",\"target\":[\"https:\\\/\\\/lasentinelle.dz\\\/index.php\\\/2026\\\/03\\\/17\\\/un-actif-strategique-de-premier-plan\\\/\"]}]},{\"@type\":\"ImageObject\",\"inLanguage\":\"fr-FR\",\"@id\":\"https:\\\/\\\/lasentinelle.dz\\\/index.php\\\/2026\\\/03\\\/17\\\/un-actif-strategique-de-premier-plan\\\/#primaryimage\",\"url\":\"https:\\\/\\\/lasentinelle.dz\\\/wp-content\\\/uploads\\\/2026\\\/03\\\/Mine.jpg\",\"contentUrl\":\"https:\\\/\\\/lasentinelle.dz\\\/wp-content\\\/uploads\\\/2026\\\/03\\\/Mine.jpg\",\"width\":1028,\"height\":694},{\"@type\":\"BreadcrumbList\",\"@id\":\"https:\\\/\\\/lasentinelle.dz\\\/index.php\\\/2026\\\/03\\\/17\\\/un-actif-strategique-de-premier-plan\\\/#breadcrumb\",\"itemListElement\":[{\"@type\":\"ListItem\",\"position\":1,\"name\":\"Accueil\",\"item\":\"https:\\\/\\\/lasentinelle.dz\\\/\"},{\"@type\":\"ListItem\",\"position\":2,\"name\":\"Un actif strat\u00e9gique de premier plan\"}]},{\"@type\":\"WebSite\",\"@id\":\"https:\\\/\\\/lasentinelle.dz\\\/#website\",\"url\":\"https:\\\/\\\/lasentinelle.dz\\\/\",\"name\":\"La Sentinelle\",\"description\":\"Quotidien national d&#039;information\",\"publisher\":{\"@id\":\"https:\\\/\\\/lasentinelle.dz\\\/#organization\"},\"potentialAction\":[{\"@type\":\"SearchAction\",\"target\":{\"@type\":\"EntryPoint\",\"urlTemplate\":\"https:\\\/\\\/lasentinelle.dz\\\/?s={search_term_string}\"},\"query-input\":{\"@type\":\"PropertyValueSpecification\",\"valueRequired\":true,\"valueName\":\"search_term_string\"}}],\"inLanguage\":\"fr-FR\"},{\"@type\":\"Organization\",\"@id\":\"https:\\\/\\\/lasentinelle.dz\\\/#organization\",\"name\":\"Quotidien La Sentinelle\",\"url\":\"https:\\\/\\\/lasentinelle.dz\\\/\",\"logo\":{\"@type\":\"ImageObject\",\"inLanguage\":\"fr-FR\",\"@id\":\"https:\\\/\\\/lasentinelle.dz\\\/#\\\/schema\\\/logo\\\/image\\\/\",\"url\":\"https:\\\/\\\/lasentinelle.dz\\\/wp-content\\\/uploads\\\/2021\\\/09\\\/logo-sentinelleSLOGAN-1.png\",\"contentUrl\":\"https:\\\/\\\/lasentinelle.dz\\\/wp-content\\\/uploads\\\/2021\\\/09\\\/logo-sentinelleSLOGAN-1.png\",\"width\":615,\"height\":142,\"caption\":\"Quotidien La Sentinelle\"},\"image\":{\"@id\":\"https:\\\/\\\/lasentinelle.dz\\\/#\\\/schema\\\/logo\\\/image\\\/\"},\"sameAs\":[\"https:\\\/\\\/www.facebook.com\\\/La-Sentinelle-104059864394773\"]},{\"@type\":\"Person\",\"@id\":\"https:\\\/\\\/lasentinelle.dz\\\/#\\\/schema\\\/person\\\/729ee0024f24e0b8c5ec17232f8e8b41\",\"name\":\"admin\",\"image\":{\"@type\":\"ImageObject\",\"inLanguage\":\"fr-FR\",\"@id\":\"https:\\\/\\\/secure.gravatar.com\\\/avatar\\\/4c81fed838786e9b53f540bf46533e750f5d292099ae3b66cfc6fb1982e29df7?s=96&d=mm&r=g\",\"url\":\"https:\\\/\\\/secure.gravatar.com\\\/avatar\\\/4c81fed838786e9b53f540bf46533e750f5d292099ae3b66cfc6fb1982e29df7?s=96&d=mm&r=g\",\"contentUrl\":\"https:\\\/\\\/secure.gravatar.com\\\/avatar\\\/4c81fed838786e9b53f540bf46533e750f5d292099ae3b66cfc6fb1982e29df7?s=96&d=mm&r=g\",\"caption\":\"admin\"},\"description\":\"admin\",\"url\":\"https:\\\/\\\/lasentinelle.dz\\\/author\\\/admin\\\/\"}]}<\/script>\n<!-- \/ Yoast SEO plugin. -->","yoast_head_json":{"title":"Un actif strat\u00e9gique de premier plan - La Sentinelle","robots":{"index":"index","follow":"follow","max-snippet":"max-snippet:-1","max-image-preview":"max-image-preview:large","max-video-preview":"max-video-preview:-1"},"canonical":"https:\/\/lasentinelle.dz\/index.php\/2026\/03\/17\/un-actif-strategique-de-premier-plan\/","og_locale":"fr_FR","og_type":"article","og_title":"Un actif strat\u00e9gique de premier plan - La Sentinelle","og_description":"Le lancement de la mine de zinc et de plomb d&rsquo;Oued Amizour, dans la wilaya de B\u00e9ja\u00efa, marque un tournant","og_url":"https:\/\/lasentinelle.dz\/index.php\/2026\/03\/17\/un-actif-strategique-de-premier-plan\/","og_site_name":"La Sentinelle","article_publisher":"https:\/\/www.facebook.com\/La-Sentinelle-104059864394773","article_published_time":"2026-03-17T20:43:47+00:00","article_modified_time":"2026-03-17T20:43:49+00:00","og_image":[{"width":1028,"height":694,"url":"https:\/\/lasentinelle.dz\/wp-content\/uploads\/2026\/03\/Mine.jpg","type":"image\/jpeg"}],"author":"admin","twitter_card":"summary_large_image","twitter_misc":{"\u00c9crit par":"admin","Dur\u00e9e de lecture estim\u00e9e":"4 minutes"},"schema":{"@context":"https:\/\/schema.org","@graph":[{"@type":"Article","@id":"https:\/\/lasentinelle.dz\/index.php\/2026\/03\/17\/un-actif-strategique-de-premier-plan\/#article","isPartOf":{"@id":"https:\/\/lasentinelle.dz\/index.php\/2026\/03\/17\/un-actif-strategique-de-premier-plan\/"},"author":{"name":"admin","@id":"https:\/\/lasentinelle.dz\/#\/schema\/person\/729ee0024f24e0b8c5ec17232f8e8b41"},"headline":"Un actif strat\u00e9gique de premier plan","datePublished":"2026-03-17T20:43:47+00:00","dateModified":"2026-03-17T20:43:49+00:00","mainEntityOfPage":{"@id":"https:\/\/lasentinelle.dz\/index.php\/2026\/03\/17\/un-actif-strategique-de-premier-plan\/"},"wordCount":656,"commentCount":0,"publisher":{"@id":"https:\/\/lasentinelle.dz\/#organization"},"image":{"@id":"https:\/\/lasentinelle.dz\/index.php\/2026\/03\/17\/un-actif-strategique-de-premier-plan\/#primaryimage"},"thumbnailUrl":"https:\/\/lasentinelle.dz\/wp-content\/uploads\/2026\/03\/Mine.jpg","articleSection":["Actualit\u00e9"],"inLanguage":"fr-FR","potentialAction":[{"@type":"CommentAction","name":"Comment","target":["https:\/\/lasentinelle.dz\/index.php\/2026\/03\/17\/un-actif-strategique-de-premier-plan\/#respond"]}]},{"@type":"WebPage","@id":"https:\/\/lasentinelle.dz\/index.php\/2026\/03\/17\/un-actif-strategique-de-premier-plan\/","url":"https:\/\/lasentinelle.dz\/index.php\/2026\/03\/17\/un-actif-strategique-de-premier-plan\/","name":"Un actif strat\u00e9gique de premier plan - La Sentinelle","isPartOf":{"@id":"https:\/\/lasentinelle.dz\/#website"},"primaryImageOfPage":{"@id":"https:\/\/lasentinelle.dz\/index.php\/2026\/03\/17\/un-actif-strategique-de-premier-plan\/#primaryimage"},"image":{"@id":"https:\/\/lasentinelle.dz\/index.php\/2026\/03\/17\/un-actif-strategique-de-premier-plan\/#primaryimage"},"thumbnailUrl":"https:\/\/lasentinelle.dz\/wp-content\/uploads\/2026\/03\/Mine.jpg","datePublished":"2026-03-17T20:43:47+00:00","dateModified":"2026-03-17T20:43:49+00:00","breadcrumb":{"@id":"https:\/\/lasentinelle.dz\/index.php\/2026\/03\/17\/un-actif-strategique-de-premier-plan\/#breadcrumb"},"inLanguage":"fr-FR","potentialAction":[{"@type":"ReadAction","target":["https:\/\/lasentinelle.dz\/index.php\/2026\/03\/17\/un-actif-strategique-de-premier-plan\/"]}]},{"@type":"ImageObject","inLanguage":"fr-FR","@id":"https:\/\/lasentinelle.dz\/index.php\/2026\/03\/17\/un-actif-strategique-de-premier-plan\/#primaryimage","url":"https:\/\/lasentinelle.dz\/wp-content\/uploads\/2026\/03\/Mine.jpg","contentUrl":"https:\/\/lasentinelle.dz\/wp-content\/uploads\/2026\/03\/Mine.jpg","width":1028,"height":694},{"@type":"BreadcrumbList","@id":"https:\/\/lasentinelle.dz\/index.php\/2026\/03\/17\/un-actif-strategique-de-premier-plan\/#breadcrumb","itemListElement":[{"@type":"ListItem","position":1,"name":"Accueil","item":"https:\/\/lasentinelle.dz\/"},{"@type":"ListItem","position":2,"name":"Un actif strat\u00e9gique de premier plan"}]},{"@type":"WebSite","@id":"https:\/\/lasentinelle.dz\/#website","url":"https:\/\/lasentinelle.dz\/","name":"La Sentinelle","description":"Quotidien national d&#039;information","publisher":{"@id":"https:\/\/lasentinelle.dz\/#organization"},"potentialAction":[{"@type":"SearchAction","target":{"@type":"EntryPoint","urlTemplate":"https:\/\/lasentinelle.dz\/?s={search_term_string}"},"query-input":{"@type":"PropertyValueSpecification","valueRequired":true,"valueName":"search_term_string"}}],"inLanguage":"fr-FR"},{"@type":"Organization","@id":"https:\/\/lasentinelle.dz\/#organization","name":"Quotidien La Sentinelle","url":"https:\/\/lasentinelle.dz\/","logo":{"@type":"ImageObject","inLanguage":"fr-FR","@id":"https:\/\/lasentinelle.dz\/#\/schema\/logo\/image\/","url":"https:\/\/lasentinelle.dz\/wp-content\/uploads\/2021\/09\/logo-sentinelleSLOGAN-1.png","contentUrl":"https:\/\/lasentinelle.dz\/wp-content\/uploads\/2021\/09\/logo-sentinelleSLOGAN-1.png","width":615,"height":142,"caption":"Quotidien La Sentinelle"},"image":{"@id":"https:\/\/lasentinelle.dz\/#\/schema\/logo\/image\/"},"sameAs":["https:\/\/www.facebook.com\/La-Sentinelle-104059864394773"]},{"@type":"Person","@id":"https:\/\/lasentinelle.dz\/#\/schema\/person\/729ee0024f24e0b8c5ec17232f8e8b41","name":"admin","image":{"@type":"ImageObject","inLanguage":"fr-FR","@id":"https:\/\/secure.gravatar.com\/avatar\/4c81fed838786e9b53f540bf46533e750f5d292099ae3b66cfc6fb1982e29df7?s=96&d=mm&r=g","url":"https:\/\/secure.gravatar.com\/avatar\/4c81fed838786e9b53f540bf46533e750f5d292099ae3b66cfc6fb1982e29df7?s=96&d=mm&r=g","contentUrl":"https:\/\/secure.gravatar.com\/avatar\/4c81fed838786e9b53f540bf46533e750f5d292099ae3b66cfc6fb1982e29df7?s=96&d=mm&r=g","caption":"admin"},"description":"admin","url":"https:\/\/lasentinelle.dz\/author\/admin\/"}]}},"_links":{"self":[{"href":"https:\/\/lasentinelle.dz\/index.php\/wp-json\/wp\/v2\/posts\/83796","targetHints":{"allow":["GET"]}}],"collection":[{"href":"https:\/\/lasentinelle.dz\/index.php\/wp-json\/wp\/v2\/posts"}],"about":[{"href":"https:\/\/lasentinelle.dz\/index.php\/wp-json\/wp\/v2\/types\/post"}],"author":[{"embeddable":true,"href":"https:\/\/lasentinelle.dz\/index.php\/wp-json\/wp\/v2\/users\/6"}],"replies":[{"embeddable":true,"href":"https:\/\/lasentinelle.dz\/index.php\/wp-json\/wp\/v2\/comments?post=83796"}],"version-history":[{"count":1,"href":"https:\/\/lasentinelle.dz\/index.php\/wp-json\/wp\/v2\/posts\/83796\/revisions"}],"predecessor-version":[{"id":83798,"href":"https:\/\/lasentinelle.dz\/index.php\/wp-json\/wp\/v2\/posts\/83796\/revisions\/83798"}],"wp:featuredmedia":[{"embeddable":true,"href":"https:\/\/lasentinelle.dz\/index.php\/wp-json\/wp\/v2\/media\/83797"}],"wp:attachment":[{"href":"https:\/\/lasentinelle.dz\/index.php\/wp-json\/wp\/v2\/media?parent=83796"}],"wp:term":[{"taxonomy":"category","embeddable":true,"href":"https:\/\/lasentinelle.dz\/index.php\/wp-json\/wp\/v2\/categories?post=83796"},{"taxonomy":"post_tag","embeddable":true,"href":"https:\/\/lasentinelle.dz\/index.php\/wp-json\/wp\/v2\/tags?post=83796"}],"curies":[{"name":"wp","href":"https:\/\/api.w.org\/{rel}","templated":true}]}}