{"id":83802,"date":"2026-03-17T21:46:26","date_gmt":"2026-03-17T20:46:26","guid":{"rendered":"https:\/\/lasentinelle.dz\/?p=83802"},"modified":"2026-03-17T21:46:27","modified_gmt":"2026-03-17T20:46:27","slug":"les-projets-de-developpement-communaux-face-a-des-blocages-le-wali-dalger-hausse-le-ton","status":"publish","type":"post","link":"https:\/\/lasentinelle.dz\/index.php\/2026\/03\/17\/les-projets-de-developpement-communaux-face-a-des-blocages-le-wali-dalger-hausse-le-ton\/","title":{"rendered":"Les projets de d\u00e9veloppement communaux face \u00e0 des blocages\u00a0: Le wali d\u2019Alger hausse le ton"},"content":{"rendered":"\n<p>La wilaya d&rsquo;Alger fait face \u00e0 de s\u00e9rieux blocages dans l&rsquo;ex\u00e9cution de son programme de d\u00e9veloppement local. C&rsquo;est le constat dress\u00e9 lundi soir lors d&rsquo;une r\u00e9union du Conseil ex\u00e9cutif pr\u00e9sid\u00e9e par le ministre, wali d&rsquo;Alger, Mohamed Abdenour Rabehi. Sur les 311 op\u00e9rations inscrites au titre du programme g\u00e9r\u00e9 par les communes, un nombre significatif accuse des retards imputables \u00e0 des obstacles structurels qui n&rsquo;ont que trop dur\u00e9.<\/p>\n\n\n\n<p>Les services de la wilaya ont mis le doigt sur deux freins majeurs. Le communiqu\u00e9 officiel pointe explicitement \u00ab la non disponibilit\u00e9 du foncier \u00bb et \u00ab l&rsquo;exploitation de certaines assiettes par des citoyens \u00bb, auxquelles viennent s&rsquo;ajouter \u00ab certaines entraves li\u00e9es \u00e0 la d\u00e9livrance des permis de r\u00e9alisation \u00bb. Des blocages qui ne sont pas nouveaux, mais dont la persistance interroge sur la capacit\u00e9 des services concern\u00e9s \u00e0 d\u00e9nouer des situations fonci\u00e8res souvent enkyst\u00e9es depuis des ann\u00e9es. C&rsquo;est dans ce contexte que Rabehi a hauss\u00e9 le ton. Selon le communiqu\u00e9, il a \u00e9mis \u00ab une s\u00e9rie d&rsquo;instructions portant sur la n\u00e9cessit\u00e9 de prendre les mesures requises par les diff\u00e9rents services concern\u00e9s, tout en renfor\u00e7ant la coordination et en tenant des r\u00e9unions p\u00e9riodiques afin de lever les obstacles \u00bb.<\/p>\n\n\n\n<p>Le programme concern\u00e9 regroupe des projets de proximit\u00e9 essentiels pour les habitants de la capitale. Le communiqu\u00e9 les d\u00e9taille : \u00ab le rev\u00eatement et l&rsquo;am\u00e9nagement des routes, la r\u00e9habilitation des diff\u00e9rents r\u00e9seaux, ainsi que l&rsquo;am\u00e9nagement et l&rsquo;entretien des \u00e9coles primaires \u00bb. \u00c0 cela s&rsquo;ajoutent les grands projets d&rsquo;\u00e9quipements publics suivis par la Direction des \u00e9quipements publics, sur lesquels \u00ab un expos\u00e9 exhaustif \u00bb a \u00e9galement \u00e9t\u00e9 pr\u00e9sent\u00e9 lors de la r\u00e9union. Sur ce volet, le wali a n\u00e9anmoins exprim\u00e9 sa satisfaction face \u00e0 \u00ab l&rsquo;avancement de la cadence de r\u00e9alisation, notamment pour les projets qui \u00e9taient en suspens \u00bb.<\/p>\n\n\n\n<p>Chokri Hafed<\/p>\n","protected":false},"excerpt":{"rendered":"<p>La wilaya d&rsquo;Alger fait face \u00e0 de s\u00e9rieux blocages dans l&rsquo;ex\u00e9cution de son programme de d\u00e9veloppement local. C&rsquo;est le constat<\/p>\n","protected":false},"author":6,"featured_media":83803,"comment_status":"open","ping_status":"closed","sticky":false,"template":"","format":"standard","meta":{"colormag_page_container_layout":"default_layout","colormag_page_sidebar_layout":"default_layout","om_disable_all_campaigns":false,"_monsterinsights_skip_tracking":false,"_monsterinsights_sitenote_active":false,"_monsterinsights_sitenote_note":"","_monsterinsights_sitenote_category":0,"footnotes":"","_wpscppro_dont_share_socialmedia":false,"_wpscppro_custom_social_share_image":0,"_facebook_share_type":"default","_twitter_share_type":"default","_linkedin_share_type":"default","_pinterest_share_type":"default","_linkedin_share_type_page":"","_instagram_share_type":"default","_medium_share_type":"default","_threads_share_type":"default","_google_business_share_type":"default","_selected_social_profile":[],"_wpsp_enable_custom_social_template":false,"_wpsp_social_scheduling":{"enabled":false,"datetime":null,"platforms":[],"status":"template_only","dateOption":"today","timeOption":"now","customDays":"","customHours":"","customDate":"","customTime":"","schedulingType":"absolute"},"_wpsp_active_default_template":true},"categories":[31],"tags":[],"class_list":["post-83802","post","type-post","status-publish","format-standard","has-post-thumbnail","hentry","category-regions"],"aioseo_notices":[],"yoast_head":"<!-- This site is optimized with the Yoast SEO plugin v27.5 - https:\/\/yoast.com\/product\/yoast-seo-wordpress\/ -->\n<title>Les projets de d\u00e9veloppement communaux face \u00e0 des blocages\u00a0: Le wali d\u2019Alger hausse le ton - La Sentinelle<\/title>\n<meta name=\"robots\" content=\"index, follow, max-snippet:-1, max-image-preview:large, max-video-preview:-1\" \/>\n<link rel=\"canonical\" href=\"https:\/\/lasentinelle.dz\/index.php\/2026\/03\/17\/les-projets-de-developpement-communaux-face-a-des-blocages-le-wali-dalger-hausse-le-ton\/\" \/>\n<meta property=\"og:locale\" content=\"fr_FR\" \/>\n<meta property=\"og:type\" content=\"article\" \/>\n<meta property=\"og:title\" content=\"Les projets de d\u00e9veloppement communaux face \u00e0 des blocages\u00a0: Le wali d\u2019Alger hausse le ton - La Sentinelle\" \/>\n<meta property=\"og:description\" content=\"La wilaya d&rsquo;Alger fait face \u00e0 de s\u00e9rieux blocages dans l&rsquo;ex\u00e9cution de son programme de d\u00e9veloppement local. C&rsquo;est le constat\" \/>\n<meta property=\"og:url\" content=\"https:\/\/lasentinelle.dz\/index.php\/2026\/03\/17\/les-projets-de-developpement-communaux-face-a-des-blocages-le-wali-dalger-hausse-le-ton\/\" \/>\n<meta property=\"og:site_name\" content=\"La Sentinelle\" \/>\n<meta property=\"article:publisher\" content=\"https:\/\/www.facebook.com\/La-Sentinelle-104059864394773\" \/>\n<meta property=\"article:published_time\" content=\"2026-03-17T20:46:26+00:00\" \/>\n<meta property=\"article:modified_time\" content=\"2026-03-17T20:46:27+00:00\" \/>\n<meta property=\"og:image\" content=\"https:\/\/lasentinelle.dz\/wp-content\/uploads\/2026\/03\/653151566_1389547943212981_2485616288107534442_n.jpg\" \/>\n\t<meta property=\"og:image:width\" content=\"1182\" \/>\n\t<meta property=\"og:image:height\" content=\"720\" \/>\n\t<meta property=\"og:image:type\" content=\"image\/jpeg\" \/>\n<meta name=\"author\" content=\"admin\" \/>\n<meta name=\"twitter:card\" content=\"summary_large_image\" \/>\n<meta name=\"twitter:label1\" content=\"\u00c9crit par\" \/>\n\t<meta name=\"twitter:data1\" content=\"admin\" \/>\n\t<meta name=\"twitter:label2\" content=\"Dur\u00e9e de lecture estim\u00e9e\" \/>\n\t<meta name=\"twitter:data2\" content=\"2 minutes\" \/>\n<script type=\"application\/ld+json\" class=\"yoast-schema-graph\">{\"@context\":\"https:\\\/\\\/schema.org\",\"@graph\":[{\"@type\":\"Article\",\"@id\":\"https:\\\/\\\/lasentinelle.dz\\\/index.php\\\/2026\\\/03\\\/17\\\/les-projets-de-developpement-communaux-face-a-des-blocages-le-wali-dalger-hausse-le-ton\\\/#article\",\"isPartOf\":{\"@id\":\"https:\\\/\\\/lasentinelle.dz\\\/index.php\\\/2026\\\/03\\\/17\\\/les-projets-de-developpement-communaux-face-a-des-blocages-le-wali-dalger-hausse-le-ton\\\/\"},\"author\":{\"name\":\"admin\",\"@id\":\"https:\\\/\\\/lasentinelle.dz\\\/#\\\/schema\\\/person\\\/729ee0024f24e0b8c5ec17232f8e8b41\"},\"headline\":\"Les projets de d\u00e9veloppement communaux face \u00e0 des blocages\u00a0: Le wali d\u2019Alger hausse le ton\",\"datePublished\":\"2026-03-17T20:46:26+00:00\",\"dateModified\":\"2026-03-17T20:46:27+00:00\",\"mainEntityOfPage\":{\"@id\":\"https:\\\/\\\/lasentinelle.dz\\\/index.php\\\/2026\\\/03\\\/17\\\/les-projets-de-developpement-communaux-face-a-des-blocages-le-wali-dalger-hausse-le-ton\\\/\"},\"wordCount\":342,\"commentCount\":0,\"publisher\":{\"@id\":\"https:\\\/\\\/lasentinelle.dz\\\/#organization\"},\"image\":{\"@id\":\"https:\\\/\\\/lasentinelle.dz\\\/index.php\\\/2026\\\/03\\\/17\\\/les-projets-de-developpement-communaux-face-a-des-blocages-le-wali-dalger-hausse-le-ton\\\/#primaryimage\"},\"thumbnailUrl\":\"https:\\\/\\\/lasentinelle.dz\\\/wp-content\\\/uploads\\\/2026\\\/03\\\/653151566_1389547943212981_2485616288107534442_n.jpg\",\"articleSection\":[\"R\u00e9gions\"],\"inLanguage\":\"fr-FR\",\"potentialAction\":[{\"@type\":\"CommentAction\",\"name\":\"Comment\",\"target\":[\"https:\\\/\\\/lasentinelle.dz\\\/index.php\\\/2026\\\/03\\\/17\\\/les-projets-de-developpement-communaux-face-a-des-blocages-le-wali-dalger-hausse-le-ton\\\/#respond\"]}]},{\"@type\":\"WebPage\",\"@id\":\"https:\\\/\\\/lasentinelle.dz\\\/index.php\\\/2026\\\/03\\\/17\\\/les-projets-de-developpement-communaux-face-a-des-blocages-le-wali-dalger-hausse-le-ton\\\/\",\"url\":\"https:\\\/\\\/lasentinelle.dz\\\/index.php\\\/2026\\\/03\\\/17\\\/les-projets-de-developpement-communaux-face-a-des-blocages-le-wali-dalger-hausse-le-ton\\\/\",\"name\":\"Les projets de d\u00e9veloppement communaux face \u00e0 des blocages\u00a0: Le wali d\u2019Alger hausse le ton - La Sentinelle\",\"isPartOf\":{\"@id\":\"https:\\\/\\\/lasentinelle.dz\\\/#website\"},\"primaryImageOfPage\":{\"@id\":\"https:\\\/\\\/lasentinelle.dz\\\/index.php\\\/2026\\\/03\\\/17\\\/les-projets-de-developpement-communaux-face-a-des-blocages-le-wali-dalger-hausse-le-ton\\\/#primaryimage\"},\"image\":{\"@id\":\"https:\\\/\\\/lasentinelle.dz\\\/index.php\\\/2026\\\/03\\\/17\\\/les-projets-de-developpement-communaux-face-a-des-blocages-le-wali-dalger-hausse-le-ton\\\/#primaryimage\"},\"thumbnailUrl\":\"https:\\\/\\\/lasentinelle.dz\\\/wp-content\\\/uploads\\\/2026\\\/03\\\/653151566_1389547943212981_2485616288107534442_n.jpg\",\"datePublished\":\"2026-03-17T20:46:26+00:00\",\"dateModified\":\"2026-03-17T20:46:27+00:00\",\"breadcrumb\":{\"@id\":\"https:\\\/\\\/lasentinelle.dz\\\/index.php\\\/2026\\\/03\\\/17\\\/les-projets-de-developpement-communaux-face-a-des-blocages-le-wali-dalger-hausse-le-ton\\\/#breadcrumb\"},\"inLanguage\":\"fr-FR\",\"potentialAction\":[{\"@type\":\"ReadAction\",\"target\":[\"https:\\\/\\\/lasentinelle.dz\\\/index.php\\\/2026\\\/03\\\/17\\\/les-projets-de-developpement-communaux-face-a-des-blocages-le-wali-dalger-hausse-le-ton\\\/\"]}]},{\"@type\":\"ImageObject\",\"inLanguage\":\"fr-FR\",\"@id\":\"https:\\\/\\\/lasentinelle.dz\\\/index.php\\\/2026\\\/03\\\/17\\\/les-projets-de-developpement-communaux-face-a-des-blocages-le-wali-dalger-hausse-le-ton\\\/#primaryimage\",\"url\":\"https:\\\/\\\/lasentinelle.dz\\\/wp-content\\\/uploads\\\/2026\\\/03\\\/653151566_1389547943212981_2485616288107534442_n.jpg\",\"contentUrl\":\"https:\\\/\\\/lasentinelle.dz\\\/wp-content\\\/uploads\\\/2026\\\/03\\\/653151566_1389547943212981_2485616288107534442_n.jpg\",\"width\":1182,\"height\":720},{\"@type\":\"BreadcrumbList\",\"@id\":\"https:\\\/\\\/lasentinelle.dz\\\/index.php\\\/2026\\\/03\\\/17\\\/les-projets-de-developpement-communaux-face-a-des-blocages-le-wali-dalger-hausse-le-ton\\\/#breadcrumb\",\"itemListElement\":[{\"@type\":\"ListItem\",\"position\":1,\"name\":\"Accueil\",\"item\":\"https:\\\/\\\/lasentinelle.dz\\\/\"},{\"@type\":\"ListItem\",\"position\":2,\"name\":\"Les projets de d\u00e9veloppement communaux face \u00e0 des blocages\u00a0: Le wali d\u2019Alger hausse le ton\"}]},{\"@type\":\"WebSite\",\"@id\":\"https:\\\/\\\/lasentinelle.dz\\\/#website\",\"url\":\"https:\\\/\\\/lasentinelle.dz\\\/\",\"name\":\"La Sentinelle\",\"description\":\"Quotidien national d&#039;information\",\"publisher\":{\"@id\":\"https:\\\/\\\/lasentinelle.dz\\\/#organization\"},\"potentialAction\":[{\"@type\":\"SearchAction\",\"target\":{\"@type\":\"EntryPoint\",\"urlTemplate\":\"https:\\\/\\\/lasentinelle.dz\\\/?s={search_term_string}\"},\"query-input\":{\"@type\":\"PropertyValueSpecification\",\"valueRequired\":true,\"valueName\":\"search_term_string\"}}],\"inLanguage\":\"fr-FR\"},{\"@type\":\"Organization\",\"@id\":\"https:\\\/\\\/lasentinelle.dz\\\/#organization\",\"name\":\"Quotidien La Sentinelle\",\"url\":\"https:\\\/\\\/lasentinelle.dz\\\/\",\"logo\":{\"@type\":\"ImageObject\",\"inLanguage\":\"fr-FR\",\"@id\":\"https:\\\/\\\/lasentinelle.dz\\\/#\\\/schema\\\/logo\\\/image\\\/\",\"url\":\"https:\\\/\\\/lasentinelle.dz\\\/wp-content\\\/uploads\\\/2021\\\/09\\\/logo-sentinelleSLOGAN-1.png\",\"contentUrl\":\"https:\\\/\\\/lasentinelle.dz\\\/wp-content\\\/uploads\\\/2021\\\/09\\\/logo-sentinelleSLOGAN-1.png\",\"width\":615,\"height\":142,\"caption\":\"Quotidien La Sentinelle\"},\"image\":{\"@id\":\"https:\\\/\\\/lasentinelle.dz\\\/#\\\/schema\\\/logo\\\/image\\\/\"},\"sameAs\":[\"https:\\\/\\\/www.facebook.com\\\/La-Sentinelle-104059864394773\"]},{\"@type\":\"Person\",\"@id\":\"https:\\\/\\\/lasentinelle.dz\\\/#\\\/schema\\\/person\\\/729ee0024f24e0b8c5ec17232f8e8b41\",\"name\":\"admin\",\"image\":{\"@type\":\"ImageObject\",\"inLanguage\":\"fr-FR\",\"@id\":\"https:\\\/\\\/secure.gravatar.com\\\/avatar\\\/4c81fed838786e9b53f540bf46533e750f5d292099ae3b66cfc6fb1982e29df7?s=96&d=mm&r=g\",\"url\":\"https:\\\/\\\/secure.gravatar.com\\\/avatar\\\/4c81fed838786e9b53f540bf46533e750f5d292099ae3b66cfc6fb1982e29df7?s=96&d=mm&r=g\",\"contentUrl\":\"https:\\\/\\\/secure.gravatar.com\\\/avatar\\\/4c81fed838786e9b53f540bf46533e750f5d292099ae3b66cfc6fb1982e29df7?s=96&d=mm&r=g\",\"caption\":\"admin\"},\"description\":\"admin\",\"url\":\"https:\\\/\\\/lasentinelle.dz\\\/author\\\/admin\\\/\"}]}<\/script>\n<!-- \/ Yoast SEO plugin. -->","yoast_head_json":{"title":"Les projets de d\u00e9veloppement communaux face \u00e0 des blocages\u00a0: Le wali d\u2019Alger hausse le ton - La Sentinelle","robots":{"index":"index","follow":"follow","max-snippet":"max-snippet:-1","max-image-preview":"max-image-preview:large","max-video-preview":"max-video-preview:-1"},"canonical":"https:\/\/lasentinelle.dz\/index.php\/2026\/03\/17\/les-projets-de-developpement-communaux-face-a-des-blocages-le-wali-dalger-hausse-le-ton\/","og_locale":"fr_FR","og_type":"article","og_title":"Les projets de d\u00e9veloppement communaux face \u00e0 des blocages\u00a0: Le wali d\u2019Alger hausse le ton - La Sentinelle","og_description":"La wilaya d&rsquo;Alger fait face \u00e0 de s\u00e9rieux blocages dans l&rsquo;ex\u00e9cution de son programme de d\u00e9veloppement local. C&rsquo;est le constat","og_url":"https:\/\/lasentinelle.dz\/index.php\/2026\/03\/17\/les-projets-de-developpement-communaux-face-a-des-blocages-le-wali-dalger-hausse-le-ton\/","og_site_name":"La Sentinelle","article_publisher":"https:\/\/www.facebook.com\/La-Sentinelle-104059864394773","article_published_time":"2026-03-17T20:46:26+00:00","article_modified_time":"2026-03-17T20:46:27+00:00","og_image":[{"width":1182,"height":720,"url":"https:\/\/lasentinelle.dz\/wp-content\/uploads\/2026\/03\/653151566_1389547943212981_2485616288107534442_n.jpg","type":"image\/jpeg"}],"author":"admin","twitter_card":"summary_large_image","twitter_misc":{"\u00c9crit par":"admin","Dur\u00e9e de lecture estim\u00e9e":"2 minutes"},"schema":{"@context":"https:\/\/schema.org","@graph":[{"@type":"Article","@id":"https:\/\/lasentinelle.dz\/index.php\/2026\/03\/17\/les-projets-de-developpement-communaux-face-a-des-blocages-le-wali-dalger-hausse-le-ton\/#article","isPartOf":{"@id":"https:\/\/lasentinelle.dz\/index.php\/2026\/03\/17\/les-projets-de-developpement-communaux-face-a-des-blocages-le-wali-dalger-hausse-le-ton\/"},"author":{"name":"admin","@id":"https:\/\/lasentinelle.dz\/#\/schema\/person\/729ee0024f24e0b8c5ec17232f8e8b41"},"headline":"Les projets de d\u00e9veloppement communaux face \u00e0 des blocages\u00a0: Le wali d\u2019Alger hausse le ton","datePublished":"2026-03-17T20:46:26+00:00","dateModified":"2026-03-17T20:46:27+00:00","mainEntityOfPage":{"@id":"https:\/\/lasentinelle.dz\/index.php\/2026\/03\/17\/les-projets-de-developpement-communaux-face-a-des-blocages-le-wali-dalger-hausse-le-ton\/"},"wordCount":342,"commentCount":0,"publisher":{"@id":"https:\/\/lasentinelle.dz\/#organization"},"image":{"@id":"https:\/\/lasentinelle.dz\/index.php\/2026\/03\/17\/les-projets-de-developpement-communaux-face-a-des-blocages-le-wali-dalger-hausse-le-ton\/#primaryimage"},"thumbnailUrl":"https:\/\/lasentinelle.dz\/wp-content\/uploads\/2026\/03\/653151566_1389547943212981_2485616288107534442_n.jpg","articleSection":["R\u00e9gions"],"inLanguage":"fr-FR","potentialAction":[{"@type":"CommentAction","name":"Comment","target":["https:\/\/lasentinelle.dz\/index.php\/2026\/03\/17\/les-projets-de-developpement-communaux-face-a-des-blocages-le-wali-dalger-hausse-le-ton\/#respond"]}]},{"@type":"WebPage","@id":"https:\/\/lasentinelle.dz\/index.php\/2026\/03\/17\/les-projets-de-developpement-communaux-face-a-des-blocages-le-wali-dalger-hausse-le-ton\/","url":"https:\/\/lasentinelle.dz\/index.php\/2026\/03\/17\/les-projets-de-developpement-communaux-face-a-des-blocages-le-wali-dalger-hausse-le-ton\/","name":"Les projets de d\u00e9veloppement communaux face \u00e0 des blocages\u00a0: Le wali d\u2019Alger hausse le ton - La Sentinelle","isPartOf":{"@id":"https:\/\/lasentinelle.dz\/#website"},"primaryImageOfPage":{"@id":"https:\/\/lasentinelle.dz\/index.php\/2026\/03\/17\/les-projets-de-developpement-communaux-face-a-des-blocages-le-wali-dalger-hausse-le-ton\/#primaryimage"},"image":{"@id":"https:\/\/lasentinelle.dz\/index.php\/2026\/03\/17\/les-projets-de-developpement-communaux-face-a-des-blocages-le-wali-dalger-hausse-le-ton\/#primaryimage"},"thumbnailUrl":"https:\/\/lasentinelle.dz\/wp-content\/uploads\/2026\/03\/653151566_1389547943212981_2485616288107534442_n.jpg","datePublished":"2026-03-17T20:46:26+00:00","dateModified":"2026-03-17T20:46:27+00:00","breadcrumb":{"@id":"https:\/\/lasentinelle.dz\/index.php\/2026\/03\/17\/les-projets-de-developpement-communaux-face-a-des-blocages-le-wali-dalger-hausse-le-ton\/#breadcrumb"},"inLanguage":"fr-FR","potentialAction":[{"@type":"ReadAction","target":["https:\/\/lasentinelle.dz\/index.php\/2026\/03\/17\/les-projets-de-developpement-communaux-face-a-des-blocages-le-wali-dalger-hausse-le-ton\/"]}]},{"@type":"ImageObject","inLanguage":"fr-FR","@id":"https:\/\/lasentinelle.dz\/index.php\/2026\/03\/17\/les-projets-de-developpement-communaux-face-a-des-blocages-le-wali-dalger-hausse-le-ton\/#primaryimage","url":"https:\/\/lasentinelle.dz\/wp-content\/uploads\/2026\/03\/653151566_1389547943212981_2485616288107534442_n.jpg","contentUrl":"https:\/\/lasentinelle.dz\/wp-content\/uploads\/2026\/03\/653151566_1389547943212981_2485616288107534442_n.jpg","width":1182,"height":720},{"@type":"BreadcrumbList","@id":"https:\/\/lasentinelle.dz\/index.php\/2026\/03\/17\/les-projets-de-developpement-communaux-face-a-des-blocages-le-wali-dalger-hausse-le-ton\/#breadcrumb","itemListElement":[{"@type":"ListItem","position":1,"name":"Accueil","item":"https:\/\/lasentinelle.dz\/"},{"@type":"ListItem","position":2,"name":"Les projets de d\u00e9veloppement communaux face \u00e0 des blocages\u00a0: Le wali d\u2019Alger hausse le ton"}]},{"@type":"WebSite","@id":"https:\/\/lasentinelle.dz\/#website","url":"https:\/\/lasentinelle.dz\/","name":"La Sentinelle","description":"Quotidien national d&#039;information","publisher":{"@id":"https:\/\/lasentinelle.dz\/#organization"},"potentialAction":[{"@type":"SearchAction","target":{"@type":"EntryPoint","urlTemplate":"https:\/\/lasentinelle.dz\/?s={search_term_string}"},"query-input":{"@type":"PropertyValueSpecification","valueRequired":true,"valueName":"search_term_string"}}],"inLanguage":"fr-FR"},{"@type":"Organization","@id":"https:\/\/lasentinelle.dz\/#organization","name":"Quotidien La Sentinelle","url":"https:\/\/lasentinelle.dz\/","logo":{"@type":"ImageObject","inLanguage":"fr-FR","@id":"https:\/\/lasentinelle.dz\/#\/schema\/logo\/image\/","url":"https:\/\/lasentinelle.dz\/wp-content\/uploads\/2021\/09\/logo-sentinelleSLOGAN-1.png","contentUrl":"https:\/\/lasentinelle.dz\/wp-content\/uploads\/2021\/09\/logo-sentinelleSLOGAN-1.png","width":615,"height":142,"caption":"Quotidien La Sentinelle"},"image":{"@id":"https:\/\/lasentinelle.dz\/#\/schema\/logo\/image\/"},"sameAs":["https:\/\/www.facebook.com\/La-Sentinelle-104059864394773"]},{"@type":"Person","@id":"https:\/\/lasentinelle.dz\/#\/schema\/person\/729ee0024f24e0b8c5ec17232f8e8b41","name":"admin","image":{"@type":"ImageObject","inLanguage":"fr-FR","@id":"https:\/\/secure.gravatar.com\/avatar\/4c81fed838786e9b53f540bf46533e750f5d292099ae3b66cfc6fb1982e29df7?s=96&d=mm&r=g","url":"https:\/\/secure.gravatar.com\/avatar\/4c81fed838786e9b53f540bf46533e750f5d292099ae3b66cfc6fb1982e29df7?s=96&d=mm&r=g","contentUrl":"https:\/\/secure.gravatar.com\/avatar\/4c81fed838786e9b53f540bf46533e750f5d292099ae3b66cfc6fb1982e29df7?s=96&d=mm&r=g","caption":"admin"},"description":"admin","url":"https:\/\/lasentinelle.dz\/author\/admin\/"}]}},"_links":{"self":[{"href":"https:\/\/lasentinelle.dz\/index.php\/wp-json\/wp\/v2\/posts\/83802","targetHints":{"allow":["GET"]}}],"collection":[{"href":"https:\/\/lasentinelle.dz\/index.php\/wp-json\/wp\/v2\/posts"}],"about":[{"href":"https:\/\/lasentinelle.dz\/index.php\/wp-json\/wp\/v2\/types\/post"}],"author":[{"embeddable":true,"href":"https:\/\/lasentinelle.dz\/index.php\/wp-json\/wp\/v2\/users\/6"}],"replies":[{"embeddable":true,"href":"https:\/\/lasentinelle.dz\/index.php\/wp-json\/wp\/v2\/comments?post=83802"}],"version-history":[{"count":1,"href":"https:\/\/lasentinelle.dz\/index.php\/wp-json\/wp\/v2\/posts\/83802\/revisions"}],"predecessor-version":[{"id":83804,"href":"https:\/\/lasentinelle.dz\/index.php\/wp-json\/wp\/v2\/posts\/83802\/revisions\/83804"}],"wp:featuredmedia":[{"embeddable":true,"href":"https:\/\/lasentinelle.dz\/index.php\/wp-json\/wp\/v2\/media\/83803"}],"wp:attachment":[{"href":"https:\/\/lasentinelle.dz\/index.php\/wp-json\/wp\/v2\/media?parent=83802"}],"wp:term":[{"taxonomy":"category","embeddable":true,"href":"https:\/\/lasentinelle.dz\/index.php\/wp-json\/wp\/v2\/categories?post=83802"},{"taxonomy":"post_tag","embeddable":true,"href":"https:\/\/lasentinelle.dz\/index.php\/wp-json\/wp\/v2\/tags?post=83802"}],"curies":[{"name":"wp","href":"https:\/\/api.w.org\/{rel}","templated":true}]}}