{"id":83812,"date":"2026-03-18T20:16:36","date_gmt":"2026-03-18T19:16:36","guid":{"rendered":"https:\/\/lasentinelle.dz\/?p=83812"},"modified":"2026-03-18T20:16:38","modified_gmt":"2026-03-18T19:16:38","slug":"nouvelle-organisation-administrative-pour-alger-la-capitale-redecoupee-en-13-circonscriptions","status":"publish","type":"post","link":"https:\/\/lasentinelle.dz\/index.php\/2026\/03\/18\/nouvelle-organisation-administrative-pour-alger-la-capitale-redecoupee-en-13-circonscriptions\/","title":{"rendered":"Nouvelle organisation administrative pour Alger\u00a0: La Capitale red\u00e9coup\u00e9e en 13 circonscriptions"},"content":{"rendered":"\n<p>C&rsquo;est une r\u00e9forme administrative de grande envergure qui vient de prendre force de loi. Le d\u00e9cret pr\u00e9sidentiel n\u00b0 26-112, sign\u00e9 le 8 mars 2026 et publi\u00e9 au Journal officiel, redessine l&rsquo;architecture administrative de la wilaya d&rsquo;Alger en la structurant en treize circonscriptions plac\u00e9es chacune sous l&rsquo;autorit\u00e9 d&rsquo;un wali d\u00e9l\u00e9gu\u00e9. Le texte est lapidaire dans sa formulation : \u00ab la wilaya d&rsquo;Alger est organis\u00e9e en circonscriptions administratives conform\u00e9ment \u00e0 l&rsquo;annexe jointe au pr\u00e9sent d\u00e9cret \u00bb, et chaque circonscription \u00ab est administr\u00e9e par un wali d\u00e9l\u00e9gu\u00e9 aupr\u00e8s du wali d&rsquo;Alger \u00bb. Une cha\u00eene de commandement clarifi\u00e9e, un maillage territorial resserr\u00e9. Concr\u00e8tement, la capitale, qui concentre quelque quatre millions d&rsquo;habitants et 45 communes, se voit d\u00e9sormais d\u00e9coup\u00e9e en entit\u00e9s de trois \u00e0 cinq communes. \u00c0 l&rsquo;ouest, la circonscription de Z\u00e9ralda regroupe Z\u00e9ralda, Staou\u00e9li, Souidania, Mahelma et Rahmania. Celle de Ch\u00e9raga embrasse Ouled Fayet, A\u00efn Benian, Dely Brahim et Hammamet. Au centre, Sidi M&rsquo;Hamed coiffe Alger-Centre, El Madania et El Mouradia, c\u0153ur historique et politique de la m\u00e9tropole. \u00c0 l&rsquo;est, Rouiba \u00e9tend son p\u00e9rim\u00e8tre jusqu&rsquo;\u00e0 Regha\u00efa, Heraoua, A\u00efn Taya et El Marsa, projetant ainsi l&rsquo;administration vers la zone industrielle et le littoral oriental. La da\u00efra de Draria comprend les communes de \u00ab\u00a0Dou\u00e9ra, Khraissia, Draria, Baba Hac\u00e8ne et El Achour\u00a0\u00bb, alors que la da\u00efra de Birtouta englobe les communes de \u00ab\u00a0Birtouta, Ouled Chebel et Tessala El Merdja\u00a0\u00bb.<\/p>\n\n\n\n<p>La da\u00efra de Bir Mourad Ra\u00efs est compos\u00e9e, quant \u00e0 elle, de \u00ab\u00a0Bir Mourad Ra\u00efs, Birkhadem, Gu\u00e9 de Constantine, Saoula et Hydra\u00a0\u00bb et celle de Bouzar\u00e9ah de \u00ab\u00a0Bouzar\u00e9ah, B\u00e9ni Messous, Ben Aknoun et El Biar\u00a0\u00bb. Selon l&rsquo;annexe jointe au d\u00e9cret, les communes de la da\u00efra de Bab El Oued sont \u00ab\u00a0Bab El Oued, Oued Koriche, Bologhine, Ra\u00efs Hamidou et Casbah\u00a0\u00bb et la da\u00efra d&rsquo;Hussein Dey comprend les communes de \u00ab\u00a0Mohamed Belouizdad, Hussein Dey, Kouba et El Maghar\u00efa\u00a0\u00bb, tandis que celle d&rsquo;El Harrach regroupe \u00ab\u00a0Bourouba, Bach Djerah, Oued Smar, El Harrach et Mohammadia\u00a0\u00bb.<\/p>\n\n\n\n<p>Les communes relevant de la da\u00efra de Baraki sont \u00ab\u00a0Baraki, Les Eucalyptus, Sidi Moussa\u00a0\u00bb, alors que \u00ab\u00a0Bordj El Bahri, Dar El Be\u00efda, Bab Ezzouar et Bordj El Kiffan\u00a0\u00bb, rel\u00e8vent de Dar El Be\u00efda. Cette architecture n&rsquo;est pas sans pr\u00e9c\u00e9dent. Elle s&rsquo;inscrit dans une logique de d\u00e9concentration engag\u00e9e depuis plusieurs ann\u00e9es, visant \u00e0 rapprocher la d\u00e9cision du terrain dans une wilaya r\u00e9put\u00e9e ingouvernable par sa densit\u00e9 et la complexit\u00e9 de ses enjeux urbains. En dotant chaque groupement de communes d&rsquo;un repr\u00e9sentant direct du wali, l&rsquo;\u00c9tat entend fluidifier la gestion des services publics, acc\u00e9l\u00e9rer les projets de d\u00e9veloppement local et d\u00e9sengorger les circuits bureaucratiques.<\/p>\n\n\n\n<p>Chokri Hafed<\/p>\n","protected":false},"excerpt":{"rendered":"<p>C&rsquo;est une r\u00e9forme administrative de grande envergure qui vient de prendre force de loi. Le d\u00e9cret pr\u00e9sidentiel n\u00b0 26-112, sign\u00e9<\/p>\n","protected":false},"author":6,"featured_media":82154,"comment_status":"open","ping_status":"closed","sticky":false,"template":"","format":"standard","meta":{"colormag_page_container_layout":"default_layout","colormag_page_sidebar_layout":"default_layout","om_disable_all_campaigns":false,"_monsterinsights_skip_tracking":false,"_monsterinsights_sitenote_active":false,"_monsterinsights_sitenote_note":"","_monsterinsights_sitenote_category":0,"footnotes":"","_wpscppro_dont_share_socialmedia":false,"_wpscppro_custom_social_share_image":0,"_facebook_share_type":"default","_twitter_share_type":"default","_linkedin_share_type":"default","_pinterest_share_type":"default","_linkedin_share_type_page":"","_instagram_share_type":"default","_medium_share_type":"default","_threads_share_type":"default","_google_business_share_type":"default","_selected_social_profile":[],"_wpsp_enable_custom_social_template":false,"_wpsp_social_scheduling":{"enabled":false,"datetime":null,"platforms":[],"status":"template_only","dateOption":"today","timeOption":"now","customDays":"","customHours":"","customDate":"","customTime":"","schedulingType":"absolute"},"_wpsp_active_default_template":true},"categories":[52,27],"tags":[],"class_list":["post-83812","post","type-post","status-publish","format-standard","has-post-thumbnail","hentry","category-a-la-une","category-actualite"],"aioseo_notices":[],"yoast_head":"<!-- This site is optimized with the Yoast SEO plugin v27.5 - https:\/\/yoast.com\/product\/yoast-seo-wordpress\/ -->\n<title>Nouvelle organisation administrative pour Alger\u00a0: La Capitale red\u00e9coup\u00e9e en 13 circonscriptions - La Sentinelle<\/title>\n<meta name=\"robots\" content=\"index, follow, max-snippet:-1, max-image-preview:large, max-video-preview:-1\" \/>\n<link rel=\"canonical\" href=\"https:\/\/lasentinelle.dz\/index.php\/2026\/03\/18\/nouvelle-organisation-administrative-pour-alger-la-capitale-redecoupee-en-13-circonscriptions\/\" \/>\n<meta property=\"og:locale\" content=\"fr_FR\" \/>\n<meta property=\"og:type\" content=\"article\" \/>\n<meta property=\"og:title\" content=\"Nouvelle organisation administrative pour Alger\u00a0: La Capitale red\u00e9coup\u00e9e en 13 circonscriptions - La Sentinelle\" \/>\n<meta property=\"og:description\" content=\"C&rsquo;est une r\u00e9forme administrative de grande envergure qui vient de prendre force de loi. Le d\u00e9cret pr\u00e9sidentiel n\u00b0 26-112, sign\u00e9\" \/>\n<meta property=\"og:url\" content=\"https:\/\/lasentinelle.dz\/index.php\/2026\/03\/18\/nouvelle-organisation-administrative-pour-alger-la-capitale-redecoupee-en-13-circonscriptions\/\" \/>\n<meta property=\"og:site_name\" content=\"La Sentinelle\" \/>\n<meta property=\"article:publisher\" content=\"https:\/\/www.facebook.com\/La-Sentinelle-104059864394773\" \/>\n<meta property=\"article:published_time\" content=\"2026-03-18T19:16:36+00:00\" \/>\n<meta property=\"article:modified_time\" content=\"2026-03-18T19:16:38+00:00\" \/>\n<meta property=\"og:image\" content=\"https:\/\/lasentinelle.dz\/wp-content\/uploads\/2026\/02\/alger-1.webp\" \/>\n\t<meta property=\"og:image:width\" content=\"1400\" \/>\n\t<meta property=\"og:image:height\" content=\"1050\" \/>\n\t<meta property=\"og:image:type\" content=\"image\/webp\" \/>\n<meta name=\"author\" content=\"admin\" \/>\n<meta name=\"twitter:card\" content=\"summary_large_image\" \/>\n<meta name=\"twitter:label1\" content=\"\u00c9crit par\" \/>\n\t<meta name=\"twitter:data1\" content=\"admin\" \/>\n\t<meta name=\"twitter:label2\" content=\"Dur\u00e9e de lecture estim\u00e9e\" \/>\n\t<meta name=\"twitter:data2\" content=\"3 minutes\" \/>\n<script type=\"application\/ld+json\" class=\"yoast-schema-graph\">{\"@context\":\"https:\\\/\\\/schema.org\",\"@graph\":[{\"@type\":\"Article\",\"@id\":\"https:\\\/\\\/lasentinelle.dz\\\/index.php\\\/2026\\\/03\\\/18\\\/nouvelle-organisation-administrative-pour-alger-la-capitale-redecoupee-en-13-circonscriptions\\\/#article\",\"isPartOf\":{\"@id\":\"https:\\\/\\\/lasentinelle.dz\\\/index.php\\\/2026\\\/03\\\/18\\\/nouvelle-organisation-administrative-pour-alger-la-capitale-redecoupee-en-13-circonscriptions\\\/\"},\"author\":{\"name\":\"admin\",\"@id\":\"https:\\\/\\\/lasentinelle.dz\\\/#\\\/schema\\\/person\\\/729ee0024f24e0b8c5ec17232f8e8b41\"},\"headline\":\"Nouvelle organisation administrative pour Alger\u00a0: La Capitale red\u00e9coup\u00e9e en 13 circonscriptions\",\"datePublished\":\"2026-03-18T19:16:36+00:00\",\"dateModified\":\"2026-03-18T19:16:38+00:00\",\"mainEntityOfPage\":{\"@id\":\"https:\\\/\\\/lasentinelle.dz\\\/index.php\\\/2026\\\/03\\\/18\\\/nouvelle-organisation-administrative-pour-alger-la-capitale-redecoupee-en-13-circonscriptions\\\/\"},\"wordCount\":501,\"commentCount\":0,\"publisher\":{\"@id\":\"https:\\\/\\\/lasentinelle.dz\\\/#organization\"},\"image\":{\"@id\":\"https:\\\/\\\/lasentinelle.dz\\\/index.php\\\/2026\\\/03\\\/18\\\/nouvelle-organisation-administrative-pour-alger-la-capitale-redecoupee-en-13-circonscriptions\\\/#primaryimage\"},\"thumbnailUrl\":\"https:\\\/\\\/lasentinelle.dz\\\/wp-content\\\/uploads\\\/2026\\\/02\\\/alger-1.webp\",\"articleSection\":[\"\u00c0 la Une\",\"Actualit\u00e9\"],\"inLanguage\":\"fr-FR\",\"potentialAction\":[{\"@type\":\"CommentAction\",\"name\":\"Comment\",\"target\":[\"https:\\\/\\\/lasentinelle.dz\\\/index.php\\\/2026\\\/03\\\/18\\\/nouvelle-organisation-administrative-pour-alger-la-capitale-redecoupee-en-13-circonscriptions\\\/#respond\"]}]},{\"@type\":\"WebPage\",\"@id\":\"https:\\\/\\\/lasentinelle.dz\\\/index.php\\\/2026\\\/03\\\/18\\\/nouvelle-organisation-administrative-pour-alger-la-capitale-redecoupee-en-13-circonscriptions\\\/\",\"url\":\"https:\\\/\\\/lasentinelle.dz\\\/index.php\\\/2026\\\/03\\\/18\\\/nouvelle-organisation-administrative-pour-alger-la-capitale-redecoupee-en-13-circonscriptions\\\/\",\"name\":\"Nouvelle organisation administrative pour Alger\u00a0: La Capitale red\u00e9coup\u00e9e en 13 circonscriptions - La Sentinelle\",\"isPartOf\":{\"@id\":\"https:\\\/\\\/lasentinelle.dz\\\/#website\"},\"primaryImageOfPage\":{\"@id\":\"https:\\\/\\\/lasentinelle.dz\\\/index.php\\\/2026\\\/03\\\/18\\\/nouvelle-organisation-administrative-pour-alger-la-capitale-redecoupee-en-13-circonscriptions\\\/#primaryimage\"},\"image\":{\"@id\":\"https:\\\/\\\/lasentinelle.dz\\\/index.php\\\/2026\\\/03\\\/18\\\/nouvelle-organisation-administrative-pour-alger-la-capitale-redecoupee-en-13-circonscriptions\\\/#primaryimage\"},\"thumbnailUrl\":\"https:\\\/\\\/lasentinelle.dz\\\/wp-content\\\/uploads\\\/2026\\\/02\\\/alger-1.webp\",\"datePublished\":\"2026-03-18T19:16:36+00:00\",\"dateModified\":\"2026-03-18T19:16:38+00:00\",\"breadcrumb\":{\"@id\":\"https:\\\/\\\/lasentinelle.dz\\\/index.php\\\/2026\\\/03\\\/18\\\/nouvelle-organisation-administrative-pour-alger-la-capitale-redecoupee-en-13-circonscriptions\\\/#breadcrumb\"},\"inLanguage\":\"fr-FR\",\"potentialAction\":[{\"@type\":\"ReadAction\",\"target\":[\"https:\\\/\\\/lasentinelle.dz\\\/index.php\\\/2026\\\/03\\\/18\\\/nouvelle-organisation-administrative-pour-alger-la-capitale-redecoupee-en-13-circonscriptions\\\/\"]}]},{\"@type\":\"ImageObject\",\"inLanguage\":\"fr-FR\",\"@id\":\"https:\\\/\\\/lasentinelle.dz\\\/index.php\\\/2026\\\/03\\\/18\\\/nouvelle-organisation-administrative-pour-alger-la-capitale-redecoupee-en-13-circonscriptions\\\/#primaryimage\",\"url\":\"https:\\\/\\\/lasentinelle.dz\\\/wp-content\\\/uploads\\\/2026\\\/02\\\/alger-1.webp\",\"contentUrl\":\"https:\\\/\\\/lasentinelle.dz\\\/wp-content\\\/uploads\\\/2026\\\/02\\\/alger-1.webp\",\"width\":1400,\"height\":1050},{\"@type\":\"BreadcrumbList\",\"@id\":\"https:\\\/\\\/lasentinelle.dz\\\/index.php\\\/2026\\\/03\\\/18\\\/nouvelle-organisation-administrative-pour-alger-la-capitale-redecoupee-en-13-circonscriptions\\\/#breadcrumb\",\"itemListElement\":[{\"@type\":\"ListItem\",\"position\":1,\"name\":\"Accueil\",\"item\":\"https:\\\/\\\/lasentinelle.dz\\\/\"},{\"@type\":\"ListItem\",\"position\":2,\"name\":\"Nouvelle organisation administrative pour Alger\u00a0: La Capitale red\u00e9coup\u00e9e en 13 circonscriptions\"}]},{\"@type\":\"WebSite\",\"@id\":\"https:\\\/\\\/lasentinelle.dz\\\/#website\",\"url\":\"https:\\\/\\\/lasentinelle.dz\\\/\",\"name\":\"La Sentinelle\",\"description\":\"Quotidien national d&#039;information\",\"publisher\":{\"@id\":\"https:\\\/\\\/lasentinelle.dz\\\/#organization\"},\"potentialAction\":[{\"@type\":\"SearchAction\",\"target\":{\"@type\":\"EntryPoint\",\"urlTemplate\":\"https:\\\/\\\/lasentinelle.dz\\\/?s={search_term_string}\"},\"query-input\":{\"@type\":\"PropertyValueSpecification\",\"valueRequired\":true,\"valueName\":\"search_term_string\"}}],\"inLanguage\":\"fr-FR\"},{\"@type\":\"Organization\",\"@id\":\"https:\\\/\\\/lasentinelle.dz\\\/#organization\",\"name\":\"Quotidien La Sentinelle\",\"url\":\"https:\\\/\\\/lasentinelle.dz\\\/\",\"logo\":{\"@type\":\"ImageObject\",\"inLanguage\":\"fr-FR\",\"@id\":\"https:\\\/\\\/lasentinelle.dz\\\/#\\\/schema\\\/logo\\\/image\\\/\",\"url\":\"https:\\\/\\\/lasentinelle.dz\\\/wp-content\\\/uploads\\\/2021\\\/09\\\/logo-sentinelleSLOGAN-1.png\",\"contentUrl\":\"https:\\\/\\\/lasentinelle.dz\\\/wp-content\\\/uploads\\\/2021\\\/09\\\/logo-sentinelleSLOGAN-1.png\",\"width\":615,\"height\":142,\"caption\":\"Quotidien La Sentinelle\"},\"image\":{\"@id\":\"https:\\\/\\\/lasentinelle.dz\\\/#\\\/schema\\\/logo\\\/image\\\/\"},\"sameAs\":[\"https:\\\/\\\/www.facebook.com\\\/La-Sentinelle-104059864394773\"]},{\"@type\":\"Person\",\"@id\":\"https:\\\/\\\/lasentinelle.dz\\\/#\\\/schema\\\/person\\\/729ee0024f24e0b8c5ec17232f8e8b41\",\"name\":\"admin\",\"image\":{\"@type\":\"ImageObject\",\"inLanguage\":\"fr-FR\",\"@id\":\"https:\\\/\\\/secure.gravatar.com\\\/avatar\\\/4c81fed838786e9b53f540bf46533e750f5d292099ae3b66cfc6fb1982e29df7?s=96&d=mm&r=g\",\"url\":\"https:\\\/\\\/secure.gravatar.com\\\/avatar\\\/4c81fed838786e9b53f540bf46533e750f5d292099ae3b66cfc6fb1982e29df7?s=96&d=mm&r=g\",\"contentUrl\":\"https:\\\/\\\/secure.gravatar.com\\\/avatar\\\/4c81fed838786e9b53f540bf46533e750f5d292099ae3b66cfc6fb1982e29df7?s=96&d=mm&r=g\",\"caption\":\"admin\"},\"description\":\"admin\",\"url\":\"https:\\\/\\\/lasentinelle.dz\\\/author\\\/admin\\\/\"}]}<\/script>\n<!-- \/ Yoast SEO plugin. -->","yoast_head_json":{"title":"Nouvelle organisation administrative pour Alger\u00a0: La Capitale red\u00e9coup\u00e9e en 13 circonscriptions - La Sentinelle","robots":{"index":"index","follow":"follow","max-snippet":"max-snippet:-1","max-image-preview":"max-image-preview:large","max-video-preview":"max-video-preview:-1"},"canonical":"https:\/\/lasentinelle.dz\/index.php\/2026\/03\/18\/nouvelle-organisation-administrative-pour-alger-la-capitale-redecoupee-en-13-circonscriptions\/","og_locale":"fr_FR","og_type":"article","og_title":"Nouvelle organisation administrative pour Alger\u00a0: La Capitale red\u00e9coup\u00e9e en 13 circonscriptions - La Sentinelle","og_description":"C&rsquo;est une r\u00e9forme administrative de grande envergure qui vient de prendre force de loi. Le d\u00e9cret pr\u00e9sidentiel n\u00b0 26-112, sign\u00e9","og_url":"https:\/\/lasentinelle.dz\/index.php\/2026\/03\/18\/nouvelle-organisation-administrative-pour-alger-la-capitale-redecoupee-en-13-circonscriptions\/","og_site_name":"La Sentinelle","article_publisher":"https:\/\/www.facebook.com\/La-Sentinelle-104059864394773","article_published_time":"2026-03-18T19:16:36+00:00","article_modified_time":"2026-03-18T19:16:38+00:00","og_image":[{"width":1400,"height":1050,"url":"https:\/\/lasentinelle.dz\/wp-content\/uploads\/2026\/02\/alger-1.webp","type":"image\/webp"}],"author":"admin","twitter_card":"summary_large_image","twitter_misc":{"\u00c9crit par":"admin","Dur\u00e9e de lecture estim\u00e9e":"3 minutes"},"schema":{"@context":"https:\/\/schema.org","@graph":[{"@type":"Article","@id":"https:\/\/lasentinelle.dz\/index.php\/2026\/03\/18\/nouvelle-organisation-administrative-pour-alger-la-capitale-redecoupee-en-13-circonscriptions\/#article","isPartOf":{"@id":"https:\/\/lasentinelle.dz\/index.php\/2026\/03\/18\/nouvelle-organisation-administrative-pour-alger-la-capitale-redecoupee-en-13-circonscriptions\/"},"author":{"name":"admin","@id":"https:\/\/lasentinelle.dz\/#\/schema\/person\/729ee0024f24e0b8c5ec17232f8e8b41"},"headline":"Nouvelle organisation administrative pour Alger\u00a0: La Capitale red\u00e9coup\u00e9e en 13 circonscriptions","datePublished":"2026-03-18T19:16:36+00:00","dateModified":"2026-03-18T19:16:38+00:00","mainEntityOfPage":{"@id":"https:\/\/lasentinelle.dz\/index.php\/2026\/03\/18\/nouvelle-organisation-administrative-pour-alger-la-capitale-redecoupee-en-13-circonscriptions\/"},"wordCount":501,"commentCount":0,"publisher":{"@id":"https:\/\/lasentinelle.dz\/#organization"},"image":{"@id":"https:\/\/lasentinelle.dz\/index.php\/2026\/03\/18\/nouvelle-organisation-administrative-pour-alger-la-capitale-redecoupee-en-13-circonscriptions\/#primaryimage"},"thumbnailUrl":"https:\/\/lasentinelle.dz\/wp-content\/uploads\/2026\/02\/alger-1.webp","articleSection":["\u00c0 la Une","Actualit\u00e9"],"inLanguage":"fr-FR","potentialAction":[{"@type":"CommentAction","name":"Comment","target":["https:\/\/lasentinelle.dz\/index.php\/2026\/03\/18\/nouvelle-organisation-administrative-pour-alger-la-capitale-redecoupee-en-13-circonscriptions\/#respond"]}]},{"@type":"WebPage","@id":"https:\/\/lasentinelle.dz\/index.php\/2026\/03\/18\/nouvelle-organisation-administrative-pour-alger-la-capitale-redecoupee-en-13-circonscriptions\/","url":"https:\/\/lasentinelle.dz\/index.php\/2026\/03\/18\/nouvelle-organisation-administrative-pour-alger-la-capitale-redecoupee-en-13-circonscriptions\/","name":"Nouvelle organisation administrative pour Alger\u00a0: La Capitale red\u00e9coup\u00e9e en 13 circonscriptions - La Sentinelle","isPartOf":{"@id":"https:\/\/lasentinelle.dz\/#website"},"primaryImageOfPage":{"@id":"https:\/\/lasentinelle.dz\/index.php\/2026\/03\/18\/nouvelle-organisation-administrative-pour-alger-la-capitale-redecoupee-en-13-circonscriptions\/#primaryimage"},"image":{"@id":"https:\/\/lasentinelle.dz\/index.php\/2026\/03\/18\/nouvelle-organisation-administrative-pour-alger-la-capitale-redecoupee-en-13-circonscriptions\/#primaryimage"},"thumbnailUrl":"https:\/\/lasentinelle.dz\/wp-content\/uploads\/2026\/02\/alger-1.webp","datePublished":"2026-03-18T19:16:36+00:00","dateModified":"2026-03-18T19:16:38+00:00","breadcrumb":{"@id":"https:\/\/lasentinelle.dz\/index.php\/2026\/03\/18\/nouvelle-organisation-administrative-pour-alger-la-capitale-redecoupee-en-13-circonscriptions\/#breadcrumb"},"inLanguage":"fr-FR","potentialAction":[{"@type":"ReadAction","target":["https:\/\/lasentinelle.dz\/index.php\/2026\/03\/18\/nouvelle-organisation-administrative-pour-alger-la-capitale-redecoupee-en-13-circonscriptions\/"]}]},{"@type":"ImageObject","inLanguage":"fr-FR","@id":"https:\/\/lasentinelle.dz\/index.php\/2026\/03\/18\/nouvelle-organisation-administrative-pour-alger-la-capitale-redecoupee-en-13-circonscriptions\/#primaryimage","url":"https:\/\/lasentinelle.dz\/wp-content\/uploads\/2026\/02\/alger-1.webp","contentUrl":"https:\/\/lasentinelle.dz\/wp-content\/uploads\/2026\/02\/alger-1.webp","width":1400,"height":1050},{"@type":"BreadcrumbList","@id":"https:\/\/lasentinelle.dz\/index.php\/2026\/03\/18\/nouvelle-organisation-administrative-pour-alger-la-capitale-redecoupee-en-13-circonscriptions\/#breadcrumb","itemListElement":[{"@type":"ListItem","position":1,"name":"Accueil","item":"https:\/\/lasentinelle.dz\/"},{"@type":"ListItem","position":2,"name":"Nouvelle organisation administrative pour Alger\u00a0: La Capitale red\u00e9coup\u00e9e en 13 circonscriptions"}]},{"@type":"WebSite","@id":"https:\/\/lasentinelle.dz\/#website","url":"https:\/\/lasentinelle.dz\/","name":"La Sentinelle","description":"Quotidien national d&#039;information","publisher":{"@id":"https:\/\/lasentinelle.dz\/#organization"},"potentialAction":[{"@type":"SearchAction","target":{"@type":"EntryPoint","urlTemplate":"https:\/\/lasentinelle.dz\/?s={search_term_string}"},"query-input":{"@type":"PropertyValueSpecification","valueRequired":true,"valueName":"search_term_string"}}],"inLanguage":"fr-FR"},{"@type":"Organization","@id":"https:\/\/lasentinelle.dz\/#organization","name":"Quotidien La Sentinelle","url":"https:\/\/lasentinelle.dz\/","logo":{"@type":"ImageObject","inLanguage":"fr-FR","@id":"https:\/\/lasentinelle.dz\/#\/schema\/logo\/image\/","url":"https:\/\/lasentinelle.dz\/wp-content\/uploads\/2021\/09\/logo-sentinelleSLOGAN-1.png","contentUrl":"https:\/\/lasentinelle.dz\/wp-content\/uploads\/2021\/09\/logo-sentinelleSLOGAN-1.png","width":615,"height":142,"caption":"Quotidien La Sentinelle"},"image":{"@id":"https:\/\/lasentinelle.dz\/#\/schema\/logo\/image\/"},"sameAs":["https:\/\/www.facebook.com\/La-Sentinelle-104059864394773"]},{"@type":"Person","@id":"https:\/\/lasentinelle.dz\/#\/schema\/person\/729ee0024f24e0b8c5ec17232f8e8b41","name":"admin","image":{"@type":"ImageObject","inLanguage":"fr-FR","@id":"https:\/\/secure.gravatar.com\/avatar\/4c81fed838786e9b53f540bf46533e750f5d292099ae3b66cfc6fb1982e29df7?s=96&d=mm&r=g","url":"https:\/\/secure.gravatar.com\/avatar\/4c81fed838786e9b53f540bf46533e750f5d292099ae3b66cfc6fb1982e29df7?s=96&d=mm&r=g","contentUrl":"https:\/\/secure.gravatar.com\/avatar\/4c81fed838786e9b53f540bf46533e750f5d292099ae3b66cfc6fb1982e29df7?s=96&d=mm&r=g","caption":"admin"},"description":"admin","url":"https:\/\/lasentinelle.dz\/author\/admin\/"}]}},"_links":{"self":[{"href":"https:\/\/lasentinelle.dz\/index.php\/wp-json\/wp\/v2\/posts\/83812","targetHints":{"allow":["GET"]}}],"collection":[{"href":"https:\/\/lasentinelle.dz\/index.php\/wp-json\/wp\/v2\/posts"}],"about":[{"href":"https:\/\/lasentinelle.dz\/index.php\/wp-json\/wp\/v2\/types\/post"}],"author":[{"embeddable":true,"href":"https:\/\/lasentinelle.dz\/index.php\/wp-json\/wp\/v2\/users\/6"}],"replies":[{"embeddable":true,"href":"https:\/\/lasentinelle.dz\/index.php\/wp-json\/wp\/v2\/comments?post=83812"}],"version-history":[{"count":1,"href":"https:\/\/lasentinelle.dz\/index.php\/wp-json\/wp\/v2\/posts\/83812\/revisions"}],"predecessor-version":[{"id":83813,"href":"https:\/\/lasentinelle.dz\/index.php\/wp-json\/wp\/v2\/posts\/83812\/revisions\/83813"}],"wp:featuredmedia":[{"embeddable":true,"href":"https:\/\/lasentinelle.dz\/index.php\/wp-json\/wp\/v2\/media\/82154"}],"wp:attachment":[{"href":"https:\/\/lasentinelle.dz\/index.php\/wp-json\/wp\/v2\/media?parent=83812"}],"wp:term":[{"taxonomy":"category","embeddable":true,"href":"https:\/\/lasentinelle.dz\/index.php\/wp-json\/wp\/v2\/categories?post=83812"},{"taxonomy":"post_tag","embeddable":true,"href":"https:\/\/lasentinelle.dz\/index.php\/wp-json\/wp\/v2\/tags?post=83812"}],"curies":[{"name":"wp","href":"https:\/\/api.w.org\/{rel}","templated":true}]}}