{"id":83816,"date":"2026-03-18T20:19:49","date_gmt":"2026-03-18T19:19:49","guid":{"rendered":"https:\/\/lasentinelle.dz\/?p=83816"},"modified":"2026-03-18T20:19:50","modified_gmt":"2026-03-18T19:19:50","slug":"la-decheance-du-senegal-de-son-sacre-africain-declenche-une-onde-de-choc-mondiale","status":"publish","type":"post","link":"https:\/\/lasentinelle.dz\/index.php\/2026\/03\/18\/la-decheance-du-senegal-de-son-sacre-africain-declenche-une-onde-de-choc-mondiale\/","title":{"rendered":"La d\u00e9ch\u00e9ance du S\u00e9n\u00e9gal de son sacre africain d\u00e9clenche une onde de choc mondiale"},"content":{"rendered":"\n<p>La d\u00e9cision de la Conf\u00e9d\u00e9ration africaine de football (CAF) d\u2019attribuer le titre de la coupe d&rsquo;Afrique des nations (\u00e9dition 2025) au pays h\u00f4te sur tapis vert et de d\u00e9choir le S\u00e9n\u00e9gal de son sacre, pr\u00e8s de deux mois apr\u00e8s la finale, a provoqu\u00e9 une onde de choc mondiale entre ironie et indignation.<\/p>\n\n\n\n<p>Le verdict a pris de court le monde du football. En requalifiant la finale de la CAN 2025 et en infligeant une d\u00e9faite par forfait au S\u00e9n\u00e9gal, la CAF a d\u00e9clench\u00e9 une avalanche de r\u00e9actions dans les m\u00e9dias, en Afrique comme \u00e0 l\u2019international. Partout, on \u00e9voque un sentiment d\u2019un basculement in\u00e9dit, o\u00f9 le r\u00e9sultat du terrain est \u00e9clips\u00e9 par une d\u00e9cision administrative.<\/p>\n\n\n\n<p>Sur le continent africain, l\u2019annonce est accueillie avec stupeur. Plusieurs m\u00e9dias \u00e9voquent une d\u00e9cision \u00ab\u00a0rare\u00a0\u00bb et \u00ab\u00a0grave\u00a0\u00bb, certains allant jusqu\u2019\u00e0 parler de \u00ab\u00a0blague du si\u00e8cle\u00a0\u00bb. Au S\u00e9n\u00e9gal, la d\u00e9ch\u00e9ance du titre est v\u00e9cue comme un v\u00e9ritable s\u00e9isme, \u00e0 la fois sportif et juridique. La presse locale d\u00e9nonce un \u00ab\u00a0scandale en finale\u00a0\u00bb et une d\u00e9cision qui restera dans les annales. Entre incompr\u00e9hension et sarcasme, certains supporters ironisent m\u00eame en invitant les autorit\u00e9s \u00e0 venir r\u00e9cup\u00e9rer le troph\u00e9e \u00e0 Dakar, preuve que la victoire demeure, dans les esprits, celle acquise sur la pelouse.<\/p>\n\n\n\n<p>Dakar Actu estime que cette affaire entrera dans les annales comme l\u2019une des plus controvers\u00e9es de l\u2019histoire de la CAN, marqu\u00e9e autant par les tensions sur le terrain que par la bataille administrative qui s\u2019en est suivie.<\/p>\n\n\n\n<p>Le quotidien Le Soleil affiche en Une un jugement sans appel : \u00ab\u00a0la blague du si\u00e8cle\u00a0\u00bb, alors que plusieurs autres m\u00e9dias africains soulignent le caract\u00e8re exceptionnel d\u2019un tel revirement, rarement observ\u00e9 \u00e0 ce niveau de comp\u00e9tition. Pour Actu Cameroun, la d\u00e9cision rel\u00e8ve tout simplement de \u00ab\u00a0la blague du si\u00e8cle\u00a0\u00bb, illustrant le choc suscit\u00e9 par un sacre attribu\u00e9 sur tapis vert.<\/p>\n\n\n\n<p>De son c\u00f4t\u00e9, la radio tunisienne Mosaique FM \u00e9voque un \u00ab\u00a0v\u00e9ritable coup de tonnerre\u00a0\u00bb, rappelant que cette issue fait suite aux incidents ayant marqu\u00e9 la finale du 18 janvier et qu\u2019elle devrait continuer \u00e0 alimenter les d\u00e9bats dans le football africain.<\/p>\n\n\n\n<p>En Alg\u00e9rie, la presse sportive condamne la d\u00e9cision sur le fond, et souligne le d\u00e9calage entre le r\u00e9sultat du terrain et le verdict administratif, tout en soulignant l\u2019importance de cette affaire pour le football africain.<\/p>\n\n\n\n<p>Le quotidien sportif, Comp\u00e9titions.dz, met l\u2019accent sur la contestation de la l\u00e9gitimit\u00e9 sportive: \u00ab\u00a0le pays organisateur r\u00e9cup\u00e8re ainsi la couronne continentale sans l\u2019avoir gagn\u00e9e\u00a0\u00bb, et de souligner les cons\u00e9quences symboliques et sportives, en pointant le contraste entre la performance sur le terrain et la d\u00e9cision administrative.<\/p>\n\n\n\n<p>Pour sa part, le site DZ Foot, titre sans \u00e9quivoque: \u00ab\u00a0CAN 2025 : Scandale !\u00a0\u00bb, faisant ressortir le caract\u00e8re \u00ab\u00a0hallucinant\u00a0\u00bb de la sanction administrative, tout en insistant sur le fait que \u00ab\u00a0le Jury d\u2019Appel de la CAF a rendu une d\u00e9cision lourde de cons\u00e9quences\u00a0\u00bb.<\/p>\n\n\n\n<p><strong>Une presse internationale incr\u00e9dule<\/strong><\/p>\n\n\n\n<p>Au del\u00e0 du continent, la d\u00e9cision suscite \u00e9galement une forte r\u00e9action dans les m\u00e9dias internationaux, o\u00f9 dominent stupeur et incompr\u00e9hension.<\/p>\n\n\n\n<p>En Europe, la surprise domine largement. C&rsquo;est le cas notamment de l&rsquo;Espagne, o\u00f9 les quotidiens sportifs Marca et As ont d\u00e9nonc\u00e9 un \u00ab\u00a0scandale mondial\u00a0\u00bb et un sacre \u00ab\u00a0contre toute attente\u00a0\u00bb. En Angleterre, le Daily Mail pointe une \u00ab\u00a0d\u00e9cision sans pr\u00e9c\u00e9dent rendue 58 jours plus tard\u00a0\u00bb, tandis que Sky Sports \u00e9voque une mesure \u00ab\u00a0majeure\u00a0\u00bb.<\/p>\n\n\n\n<p>L\u2019Italie n\u2019est pas en reste : La Gazzetta dello Sport ironise sur une annonce qui ressemble \u00e0 une plaisanterie tardive \u00ab\u00a0ce n\u2019est pas le 1er avril\u00a0\u00bb, quand Sky Sport Italia parle d\u2019une \u00ab\u00a0nouvelle sensationnelle\u00a0\u00bb. Le Corriere dello Sport d\u00e9crit un \u00ab\u00a0chaos\u00a0\u00bb et souligne que l\u2019affaire pourrait rebondir, le S\u00e9n\u00e9gal envisageant un recours.<\/p>\n\n\n\n<p>En Allemagne, certains m\u00e9dias \u00e9voquent un basculement incompr\u00e9hensible, \u00e0 l&rsquo;image du journal Der Spiegel qui parle de cons\u00e9quences tomb\u00e9es \u00ab\u00a0deux mois plus tard\u00a0\u00bb et d\u00e9crit le pays h\u00f4te comme un \u00ab\u00a0champion r\u00e9troactif\u00a0\u00bb, r\u00e9sumant le sentiment g\u00e9n\u00e9ral d\u2019un basculement soudain et difficile \u00e0 appr\u00e9hender.<\/p>\n\n\n\n<p>Au del\u00e0 des divergences, un constat s\u2019impose: l&rsquo;affaire d\u00e9passe le cadre sportif. En opposant la v\u00e9rit\u00e9 du terrain \u00e0 celle des r\u00e8glements, la CAF ouvre une crise de sa cr\u00e9dibilit\u00e9 et installe un climat de d\u00e9fiance durable.<\/p>\n\n\n\n<p>Ainsi la CAN-2025 ne constitue plus qu&rsquo;une simple controverse, mais elle restera une des \u00e9ditions les plus marquantes et les plus contest\u00e9es de l\u2019histoire du football africain.<\/p>\n\n\n\n<p>APS<\/p>\n","protected":false},"excerpt":{"rendered":"<p>La d\u00e9cision de la Conf\u00e9d\u00e9ration africaine de football (CAF) d\u2019attribuer le titre de la coupe d&rsquo;Afrique des nations (\u00e9dition 2025)<\/p>\n","protected":false},"author":6,"featured_media":78137,"comment_status":"open","ping_status":"closed","sticky":false,"template":"","format":"standard","meta":{"colormag_page_container_layout":"default_layout","colormag_page_sidebar_layout":"default_layout","om_disable_all_campaigns":false,"_monsterinsights_skip_tracking":false,"_monsterinsights_sitenote_active":false,"_monsterinsights_sitenote_note":"","_monsterinsights_sitenote_category":0,"footnotes":"","_wpscppro_dont_share_socialmedia":false,"_wpscppro_custom_social_share_image":0,"_facebook_share_type":"default","_twitter_share_type":"default","_linkedin_share_type":"default","_pinterest_share_type":"default","_linkedin_share_type_page":"","_instagram_share_type":"default","_medium_share_type":"default","_threads_share_type":"default","_google_business_share_type":"default","_selected_social_profile":[],"_wpsp_enable_custom_social_template":false,"_wpsp_social_scheduling":{"enabled":false,"datetime":null,"platforms":[],"status":"template_only","dateOption":"today","timeOption":"now","customDays":"","customHours":"","customDate":"","customTime":"","schedulingType":"absolute"},"_wpsp_active_default_template":true},"categories":[33],"tags":[],"class_list":["post-83816","post","type-post","status-publish","format-standard","has-post-thumbnail","hentry","category-sports"],"aioseo_notices":[],"yoast_head":"<!-- This site is optimized with the Yoast SEO plugin v27.5 - https:\/\/yoast.com\/product\/yoast-seo-wordpress\/ -->\n<title>La d\u00e9ch\u00e9ance du S\u00e9n\u00e9gal de son sacre africain d\u00e9clenche une onde de choc mondiale - La Sentinelle<\/title>\n<meta name=\"robots\" content=\"index, follow, max-snippet:-1, max-image-preview:large, max-video-preview:-1\" \/>\n<link rel=\"canonical\" href=\"https:\/\/lasentinelle.dz\/index.php\/2026\/03\/18\/la-decheance-du-senegal-de-son-sacre-africain-declenche-une-onde-de-choc-mondiale\/\" \/>\n<meta property=\"og:locale\" content=\"fr_FR\" \/>\n<meta property=\"og:type\" content=\"article\" \/>\n<meta property=\"og:title\" content=\"La d\u00e9ch\u00e9ance du S\u00e9n\u00e9gal de son sacre africain d\u00e9clenche une onde de choc mondiale - La Sentinelle\" \/>\n<meta property=\"og:description\" content=\"La d\u00e9cision de la Conf\u00e9d\u00e9ration africaine de football (CAF) d\u2019attribuer le titre de la coupe d&rsquo;Afrique des nations (\u00e9dition 2025)\" \/>\n<meta property=\"og:url\" content=\"https:\/\/lasentinelle.dz\/index.php\/2026\/03\/18\/la-decheance-du-senegal-de-son-sacre-africain-declenche-une-onde-de-choc-mondiale\/\" \/>\n<meta property=\"og:site_name\" content=\"La Sentinelle\" \/>\n<meta property=\"article:publisher\" content=\"https:\/\/www.facebook.com\/La-Sentinelle-104059864394773\" \/>\n<meta property=\"article:published_time\" content=\"2026-03-18T19:19:49+00:00\" \/>\n<meta property=\"article:modified_time\" content=\"2026-03-18T19:19:50+00:00\" \/>\n<meta property=\"og:image\" content=\"https:\/\/lasentinelle.dz\/wp-content\/uploads\/2025\/12\/caf.jpeg\" \/>\n\t<meta property=\"og:image:width\" content=\"730\" \/>\n\t<meta property=\"og:image:height\" content=\"500\" \/>\n\t<meta property=\"og:image:type\" content=\"image\/jpeg\" \/>\n<meta name=\"author\" content=\"admin\" \/>\n<meta name=\"twitter:card\" content=\"summary_large_image\" \/>\n<meta name=\"twitter:label1\" content=\"\u00c9crit par\" \/>\n\t<meta name=\"twitter:data1\" content=\"admin\" \/>\n\t<meta name=\"twitter:label2\" content=\"Dur\u00e9e de lecture estim\u00e9e\" \/>\n\t<meta name=\"twitter:data2\" content=\"4 minutes\" \/>\n<script type=\"application\/ld+json\" class=\"yoast-schema-graph\">{\"@context\":\"https:\\\/\\\/schema.org\",\"@graph\":[{\"@type\":\"Article\",\"@id\":\"https:\\\/\\\/lasentinelle.dz\\\/index.php\\\/2026\\\/03\\\/18\\\/la-decheance-du-senegal-de-son-sacre-africain-declenche-une-onde-de-choc-mondiale\\\/#article\",\"isPartOf\":{\"@id\":\"https:\\\/\\\/lasentinelle.dz\\\/index.php\\\/2026\\\/03\\\/18\\\/la-decheance-du-senegal-de-son-sacre-africain-declenche-une-onde-de-choc-mondiale\\\/\"},\"author\":{\"name\":\"admin\",\"@id\":\"https:\\\/\\\/lasentinelle.dz\\\/#\\\/schema\\\/person\\\/729ee0024f24e0b8c5ec17232f8e8b41\"},\"headline\":\"La d\u00e9ch\u00e9ance du S\u00e9n\u00e9gal de son sacre africain d\u00e9clenche une onde de choc mondiale\",\"datePublished\":\"2026-03-18T19:19:49+00:00\",\"dateModified\":\"2026-03-18T19:19:50+00:00\",\"mainEntityOfPage\":{\"@id\":\"https:\\\/\\\/lasentinelle.dz\\\/index.php\\\/2026\\\/03\\\/18\\\/la-decheance-du-senegal-de-son-sacre-africain-declenche-une-onde-de-choc-mondiale\\\/\"},\"wordCount\":824,\"commentCount\":0,\"publisher\":{\"@id\":\"https:\\\/\\\/lasentinelle.dz\\\/#organization\"},\"image\":{\"@id\":\"https:\\\/\\\/lasentinelle.dz\\\/index.php\\\/2026\\\/03\\\/18\\\/la-decheance-du-senegal-de-son-sacre-africain-declenche-une-onde-de-choc-mondiale\\\/#primaryimage\"},\"thumbnailUrl\":\"https:\\\/\\\/lasentinelle.dz\\\/wp-content\\\/uploads\\\/2025\\\/12\\\/caf.jpeg\",\"articleSection\":[\"Sports\"],\"inLanguage\":\"fr-FR\",\"potentialAction\":[{\"@type\":\"CommentAction\",\"name\":\"Comment\",\"target\":[\"https:\\\/\\\/lasentinelle.dz\\\/index.php\\\/2026\\\/03\\\/18\\\/la-decheance-du-senegal-de-son-sacre-africain-declenche-une-onde-de-choc-mondiale\\\/#respond\"]}]},{\"@type\":\"WebPage\",\"@id\":\"https:\\\/\\\/lasentinelle.dz\\\/index.php\\\/2026\\\/03\\\/18\\\/la-decheance-du-senegal-de-son-sacre-africain-declenche-une-onde-de-choc-mondiale\\\/\",\"url\":\"https:\\\/\\\/lasentinelle.dz\\\/index.php\\\/2026\\\/03\\\/18\\\/la-decheance-du-senegal-de-son-sacre-africain-declenche-une-onde-de-choc-mondiale\\\/\",\"name\":\"La d\u00e9ch\u00e9ance du S\u00e9n\u00e9gal de son sacre africain d\u00e9clenche une onde de choc mondiale - La Sentinelle\",\"isPartOf\":{\"@id\":\"https:\\\/\\\/lasentinelle.dz\\\/#website\"},\"primaryImageOfPage\":{\"@id\":\"https:\\\/\\\/lasentinelle.dz\\\/index.php\\\/2026\\\/03\\\/18\\\/la-decheance-du-senegal-de-son-sacre-africain-declenche-une-onde-de-choc-mondiale\\\/#primaryimage\"},\"image\":{\"@id\":\"https:\\\/\\\/lasentinelle.dz\\\/index.php\\\/2026\\\/03\\\/18\\\/la-decheance-du-senegal-de-son-sacre-africain-declenche-une-onde-de-choc-mondiale\\\/#primaryimage\"},\"thumbnailUrl\":\"https:\\\/\\\/lasentinelle.dz\\\/wp-content\\\/uploads\\\/2025\\\/12\\\/caf.jpeg\",\"datePublished\":\"2026-03-18T19:19:49+00:00\",\"dateModified\":\"2026-03-18T19:19:50+00:00\",\"breadcrumb\":{\"@id\":\"https:\\\/\\\/lasentinelle.dz\\\/index.php\\\/2026\\\/03\\\/18\\\/la-decheance-du-senegal-de-son-sacre-africain-declenche-une-onde-de-choc-mondiale\\\/#breadcrumb\"},\"inLanguage\":\"fr-FR\",\"potentialAction\":[{\"@type\":\"ReadAction\",\"target\":[\"https:\\\/\\\/lasentinelle.dz\\\/index.php\\\/2026\\\/03\\\/18\\\/la-decheance-du-senegal-de-son-sacre-africain-declenche-une-onde-de-choc-mondiale\\\/\"]}]},{\"@type\":\"ImageObject\",\"inLanguage\":\"fr-FR\",\"@id\":\"https:\\\/\\\/lasentinelle.dz\\\/index.php\\\/2026\\\/03\\\/18\\\/la-decheance-du-senegal-de-son-sacre-africain-declenche-une-onde-de-choc-mondiale\\\/#primaryimage\",\"url\":\"https:\\\/\\\/lasentinelle.dz\\\/wp-content\\\/uploads\\\/2025\\\/12\\\/caf.jpeg\",\"contentUrl\":\"https:\\\/\\\/lasentinelle.dz\\\/wp-content\\\/uploads\\\/2025\\\/12\\\/caf.jpeg\",\"width\":730,\"height\":500},{\"@type\":\"BreadcrumbList\",\"@id\":\"https:\\\/\\\/lasentinelle.dz\\\/index.php\\\/2026\\\/03\\\/18\\\/la-decheance-du-senegal-de-son-sacre-africain-declenche-une-onde-de-choc-mondiale\\\/#breadcrumb\",\"itemListElement\":[{\"@type\":\"ListItem\",\"position\":1,\"name\":\"Accueil\",\"item\":\"https:\\\/\\\/lasentinelle.dz\\\/\"},{\"@type\":\"ListItem\",\"position\":2,\"name\":\"La d\u00e9ch\u00e9ance du S\u00e9n\u00e9gal de son sacre africain d\u00e9clenche une onde de choc mondiale\"}]},{\"@type\":\"WebSite\",\"@id\":\"https:\\\/\\\/lasentinelle.dz\\\/#website\",\"url\":\"https:\\\/\\\/lasentinelle.dz\\\/\",\"name\":\"La Sentinelle\",\"description\":\"Quotidien national d&#039;information\",\"publisher\":{\"@id\":\"https:\\\/\\\/lasentinelle.dz\\\/#organization\"},\"potentialAction\":[{\"@type\":\"SearchAction\",\"target\":{\"@type\":\"EntryPoint\",\"urlTemplate\":\"https:\\\/\\\/lasentinelle.dz\\\/?s={search_term_string}\"},\"query-input\":{\"@type\":\"PropertyValueSpecification\",\"valueRequired\":true,\"valueName\":\"search_term_string\"}}],\"inLanguage\":\"fr-FR\"},{\"@type\":\"Organization\",\"@id\":\"https:\\\/\\\/lasentinelle.dz\\\/#organization\",\"name\":\"Quotidien La Sentinelle\",\"url\":\"https:\\\/\\\/lasentinelle.dz\\\/\",\"logo\":{\"@type\":\"ImageObject\",\"inLanguage\":\"fr-FR\",\"@id\":\"https:\\\/\\\/lasentinelle.dz\\\/#\\\/schema\\\/logo\\\/image\\\/\",\"url\":\"https:\\\/\\\/lasentinelle.dz\\\/wp-content\\\/uploads\\\/2021\\\/09\\\/logo-sentinelleSLOGAN-1.png\",\"contentUrl\":\"https:\\\/\\\/lasentinelle.dz\\\/wp-content\\\/uploads\\\/2021\\\/09\\\/logo-sentinelleSLOGAN-1.png\",\"width\":615,\"height\":142,\"caption\":\"Quotidien La Sentinelle\"},\"image\":{\"@id\":\"https:\\\/\\\/lasentinelle.dz\\\/#\\\/schema\\\/logo\\\/image\\\/\"},\"sameAs\":[\"https:\\\/\\\/www.facebook.com\\\/La-Sentinelle-104059864394773\"]},{\"@type\":\"Person\",\"@id\":\"https:\\\/\\\/lasentinelle.dz\\\/#\\\/schema\\\/person\\\/729ee0024f24e0b8c5ec17232f8e8b41\",\"name\":\"admin\",\"image\":{\"@type\":\"ImageObject\",\"inLanguage\":\"fr-FR\",\"@id\":\"https:\\\/\\\/secure.gravatar.com\\\/avatar\\\/4c81fed838786e9b53f540bf46533e750f5d292099ae3b66cfc6fb1982e29df7?s=96&d=mm&r=g\",\"url\":\"https:\\\/\\\/secure.gravatar.com\\\/avatar\\\/4c81fed838786e9b53f540bf46533e750f5d292099ae3b66cfc6fb1982e29df7?s=96&d=mm&r=g\",\"contentUrl\":\"https:\\\/\\\/secure.gravatar.com\\\/avatar\\\/4c81fed838786e9b53f540bf46533e750f5d292099ae3b66cfc6fb1982e29df7?s=96&d=mm&r=g\",\"caption\":\"admin\"},\"description\":\"admin\",\"url\":\"https:\\\/\\\/lasentinelle.dz\\\/author\\\/admin\\\/\"}]}<\/script>\n<!-- \/ Yoast SEO plugin. -->","yoast_head_json":{"title":"La d\u00e9ch\u00e9ance du S\u00e9n\u00e9gal de son sacre africain d\u00e9clenche une onde de choc mondiale - La Sentinelle","robots":{"index":"index","follow":"follow","max-snippet":"max-snippet:-1","max-image-preview":"max-image-preview:large","max-video-preview":"max-video-preview:-1"},"canonical":"https:\/\/lasentinelle.dz\/index.php\/2026\/03\/18\/la-decheance-du-senegal-de-son-sacre-africain-declenche-une-onde-de-choc-mondiale\/","og_locale":"fr_FR","og_type":"article","og_title":"La d\u00e9ch\u00e9ance du S\u00e9n\u00e9gal de son sacre africain d\u00e9clenche une onde de choc mondiale - La Sentinelle","og_description":"La d\u00e9cision de la Conf\u00e9d\u00e9ration africaine de football (CAF) d\u2019attribuer le titre de la coupe d&rsquo;Afrique des nations (\u00e9dition 2025)","og_url":"https:\/\/lasentinelle.dz\/index.php\/2026\/03\/18\/la-decheance-du-senegal-de-son-sacre-africain-declenche-une-onde-de-choc-mondiale\/","og_site_name":"La Sentinelle","article_publisher":"https:\/\/www.facebook.com\/La-Sentinelle-104059864394773","article_published_time":"2026-03-18T19:19:49+00:00","article_modified_time":"2026-03-18T19:19:50+00:00","og_image":[{"width":730,"height":500,"url":"https:\/\/lasentinelle.dz\/wp-content\/uploads\/2025\/12\/caf.jpeg","type":"image\/jpeg"}],"author":"admin","twitter_card":"summary_large_image","twitter_misc":{"\u00c9crit par":"admin","Dur\u00e9e de lecture estim\u00e9e":"4 minutes"},"schema":{"@context":"https:\/\/schema.org","@graph":[{"@type":"Article","@id":"https:\/\/lasentinelle.dz\/index.php\/2026\/03\/18\/la-decheance-du-senegal-de-son-sacre-africain-declenche-une-onde-de-choc-mondiale\/#article","isPartOf":{"@id":"https:\/\/lasentinelle.dz\/index.php\/2026\/03\/18\/la-decheance-du-senegal-de-son-sacre-africain-declenche-une-onde-de-choc-mondiale\/"},"author":{"name":"admin","@id":"https:\/\/lasentinelle.dz\/#\/schema\/person\/729ee0024f24e0b8c5ec17232f8e8b41"},"headline":"La d\u00e9ch\u00e9ance du S\u00e9n\u00e9gal de son sacre africain d\u00e9clenche une onde de choc mondiale","datePublished":"2026-03-18T19:19:49+00:00","dateModified":"2026-03-18T19:19:50+00:00","mainEntityOfPage":{"@id":"https:\/\/lasentinelle.dz\/index.php\/2026\/03\/18\/la-decheance-du-senegal-de-son-sacre-africain-declenche-une-onde-de-choc-mondiale\/"},"wordCount":824,"commentCount":0,"publisher":{"@id":"https:\/\/lasentinelle.dz\/#organization"},"image":{"@id":"https:\/\/lasentinelle.dz\/index.php\/2026\/03\/18\/la-decheance-du-senegal-de-son-sacre-africain-declenche-une-onde-de-choc-mondiale\/#primaryimage"},"thumbnailUrl":"https:\/\/lasentinelle.dz\/wp-content\/uploads\/2025\/12\/caf.jpeg","articleSection":["Sports"],"inLanguage":"fr-FR","potentialAction":[{"@type":"CommentAction","name":"Comment","target":["https:\/\/lasentinelle.dz\/index.php\/2026\/03\/18\/la-decheance-du-senegal-de-son-sacre-africain-declenche-une-onde-de-choc-mondiale\/#respond"]}]},{"@type":"WebPage","@id":"https:\/\/lasentinelle.dz\/index.php\/2026\/03\/18\/la-decheance-du-senegal-de-son-sacre-africain-declenche-une-onde-de-choc-mondiale\/","url":"https:\/\/lasentinelle.dz\/index.php\/2026\/03\/18\/la-decheance-du-senegal-de-son-sacre-africain-declenche-une-onde-de-choc-mondiale\/","name":"La d\u00e9ch\u00e9ance du S\u00e9n\u00e9gal de son sacre africain d\u00e9clenche une onde de choc mondiale - La Sentinelle","isPartOf":{"@id":"https:\/\/lasentinelle.dz\/#website"},"primaryImageOfPage":{"@id":"https:\/\/lasentinelle.dz\/index.php\/2026\/03\/18\/la-decheance-du-senegal-de-son-sacre-africain-declenche-une-onde-de-choc-mondiale\/#primaryimage"},"image":{"@id":"https:\/\/lasentinelle.dz\/index.php\/2026\/03\/18\/la-decheance-du-senegal-de-son-sacre-africain-declenche-une-onde-de-choc-mondiale\/#primaryimage"},"thumbnailUrl":"https:\/\/lasentinelle.dz\/wp-content\/uploads\/2025\/12\/caf.jpeg","datePublished":"2026-03-18T19:19:49+00:00","dateModified":"2026-03-18T19:19:50+00:00","breadcrumb":{"@id":"https:\/\/lasentinelle.dz\/index.php\/2026\/03\/18\/la-decheance-du-senegal-de-son-sacre-africain-declenche-une-onde-de-choc-mondiale\/#breadcrumb"},"inLanguage":"fr-FR","potentialAction":[{"@type":"ReadAction","target":["https:\/\/lasentinelle.dz\/index.php\/2026\/03\/18\/la-decheance-du-senegal-de-son-sacre-africain-declenche-une-onde-de-choc-mondiale\/"]}]},{"@type":"ImageObject","inLanguage":"fr-FR","@id":"https:\/\/lasentinelle.dz\/index.php\/2026\/03\/18\/la-decheance-du-senegal-de-son-sacre-africain-declenche-une-onde-de-choc-mondiale\/#primaryimage","url":"https:\/\/lasentinelle.dz\/wp-content\/uploads\/2025\/12\/caf.jpeg","contentUrl":"https:\/\/lasentinelle.dz\/wp-content\/uploads\/2025\/12\/caf.jpeg","width":730,"height":500},{"@type":"BreadcrumbList","@id":"https:\/\/lasentinelle.dz\/index.php\/2026\/03\/18\/la-decheance-du-senegal-de-son-sacre-africain-declenche-une-onde-de-choc-mondiale\/#breadcrumb","itemListElement":[{"@type":"ListItem","position":1,"name":"Accueil","item":"https:\/\/lasentinelle.dz\/"},{"@type":"ListItem","position":2,"name":"La d\u00e9ch\u00e9ance du S\u00e9n\u00e9gal de son sacre africain d\u00e9clenche une onde de choc mondiale"}]},{"@type":"WebSite","@id":"https:\/\/lasentinelle.dz\/#website","url":"https:\/\/lasentinelle.dz\/","name":"La Sentinelle","description":"Quotidien national d&#039;information","publisher":{"@id":"https:\/\/lasentinelle.dz\/#organization"},"potentialAction":[{"@type":"SearchAction","target":{"@type":"EntryPoint","urlTemplate":"https:\/\/lasentinelle.dz\/?s={search_term_string}"},"query-input":{"@type":"PropertyValueSpecification","valueRequired":true,"valueName":"search_term_string"}}],"inLanguage":"fr-FR"},{"@type":"Organization","@id":"https:\/\/lasentinelle.dz\/#organization","name":"Quotidien La Sentinelle","url":"https:\/\/lasentinelle.dz\/","logo":{"@type":"ImageObject","inLanguage":"fr-FR","@id":"https:\/\/lasentinelle.dz\/#\/schema\/logo\/image\/","url":"https:\/\/lasentinelle.dz\/wp-content\/uploads\/2021\/09\/logo-sentinelleSLOGAN-1.png","contentUrl":"https:\/\/lasentinelle.dz\/wp-content\/uploads\/2021\/09\/logo-sentinelleSLOGAN-1.png","width":615,"height":142,"caption":"Quotidien La Sentinelle"},"image":{"@id":"https:\/\/lasentinelle.dz\/#\/schema\/logo\/image\/"},"sameAs":["https:\/\/www.facebook.com\/La-Sentinelle-104059864394773"]},{"@type":"Person","@id":"https:\/\/lasentinelle.dz\/#\/schema\/person\/729ee0024f24e0b8c5ec17232f8e8b41","name":"admin","image":{"@type":"ImageObject","inLanguage":"fr-FR","@id":"https:\/\/secure.gravatar.com\/avatar\/4c81fed838786e9b53f540bf46533e750f5d292099ae3b66cfc6fb1982e29df7?s=96&d=mm&r=g","url":"https:\/\/secure.gravatar.com\/avatar\/4c81fed838786e9b53f540bf46533e750f5d292099ae3b66cfc6fb1982e29df7?s=96&d=mm&r=g","contentUrl":"https:\/\/secure.gravatar.com\/avatar\/4c81fed838786e9b53f540bf46533e750f5d292099ae3b66cfc6fb1982e29df7?s=96&d=mm&r=g","caption":"admin"},"description":"admin","url":"https:\/\/lasentinelle.dz\/author\/admin\/"}]}},"_links":{"self":[{"href":"https:\/\/lasentinelle.dz\/index.php\/wp-json\/wp\/v2\/posts\/83816","targetHints":{"allow":["GET"]}}],"collection":[{"href":"https:\/\/lasentinelle.dz\/index.php\/wp-json\/wp\/v2\/posts"}],"about":[{"href":"https:\/\/lasentinelle.dz\/index.php\/wp-json\/wp\/v2\/types\/post"}],"author":[{"embeddable":true,"href":"https:\/\/lasentinelle.dz\/index.php\/wp-json\/wp\/v2\/users\/6"}],"replies":[{"embeddable":true,"href":"https:\/\/lasentinelle.dz\/index.php\/wp-json\/wp\/v2\/comments?post=83816"}],"version-history":[{"count":1,"href":"https:\/\/lasentinelle.dz\/index.php\/wp-json\/wp\/v2\/posts\/83816\/revisions"}],"predecessor-version":[{"id":83817,"href":"https:\/\/lasentinelle.dz\/index.php\/wp-json\/wp\/v2\/posts\/83816\/revisions\/83817"}],"wp:featuredmedia":[{"embeddable":true,"href":"https:\/\/lasentinelle.dz\/index.php\/wp-json\/wp\/v2\/media\/78137"}],"wp:attachment":[{"href":"https:\/\/lasentinelle.dz\/index.php\/wp-json\/wp\/v2\/media?parent=83816"}],"wp:term":[{"taxonomy":"category","embeddable":true,"href":"https:\/\/lasentinelle.dz\/index.php\/wp-json\/wp\/v2\/categories?post=83816"},{"taxonomy":"post_tag","embeddable":true,"href":"https:\/\/lasentinelle.dz\/index.php\/wp-json\/wp\/v2\/tags?post=83816"}],"curies":[{"name":"wp","href":"https:\/\/api.w.org\/{rel}","templated":true}]}}