{"id":83818,"date":"2026-03-18T20:22:13","date_gmt":"2026-03-18T19:22:13","guid":{"rendered":"https:\/\/lasentinelle.dz\/?p=83818"},"modified":"2026-03-18T20:22:14","modified_gmt":"2026-03-18T19:22:14","slug":"lekdjaa-motsepe-et-infantino-au-banc-des-accuses-le-maroc-peut-tout-se-permettre","status":"publish","type":"post","link":"https:\/\/lasentinelle.dz\/index.php\/2026\/03\/18\/lekdjaa-motsepe-et-infantino-au-banc-des-accuses-le-maroc-peut-tout-se-permettre\/","title":{"rendered":"Lekdja\u00e2, Motsepe et Infantino au banc des accus\u00e9s\u00a0: \u00ab Le Maroc peut tout se permettre \u00bb"},"content":{"rendered":"\n<p>Trois hommes sont au c\u0153ur de la temp\u00eate \u2014 Fouzi Lekja\u00e2, patron de la f\u00e9d\u00e9ration marocaine et vice-pr\u00e9sident de la CAF, Patrice Motsepe, pr\u00e9sident de l&rsquo;instance africaine, et Gianni Infantino, omnipotent boss de la FIFA.<\/p>\n\n\n\n<p>Il fallait que cela arrive. Deux mois apr\u00e8s une finale remport\u00e9e 1 \u00e0 0 sur le terrain par les Lions de la Teranga, la Conf\u00e9d\u00e9ration africaine de football a rendu mardi une d\u00e9cision qui restera comme la t\u00e2che la plus ind\u00e9l\u00e9bile de son histoire : le titre de champion d&rsquo;Afrique 2025 est retir\u00e9 au S\u00e9n\u00e9gal et offert sur tapis vert au Maroc, pays organisateur, sur la base d&rsquo;un forfait technico-r\u00e9glementaire. Trois hommes sont au c\u0153ur de la temp\u00eate \u2014 Fouzi Lekja\u00e2, patron de la f\u00e9d\u00e9ration marocaine et vice-pr\u00e9sident de la CAF, Patrice Motsepe, pr\u00e9sident de l&rsquo;instance africaine, et Gianni Infantino, omnipotent boss de la FIFA \u2014 et la question qui br\u00fble toutes les l\u00e8vres est simple : a-t-on vraiment achet\u00e9 cette Coupe d&rsquo;Afrique ? La r\u00e9ponse qui monte de partout est accablante. Pour comprendre l&rsquo;ampleur du scandale, il faut replacer cette d\u00e9cision dans son contexte politique. Le r\u00e9gime marocain traverse depuis plusieurs mois une crise aigu\u00eb, sociale, \u00e9conomique et politique, qui mine sa l\u00e9gitimit\u00e9 int\u00e9rieure. Un titre de champion d&rsquo;Afrique obtenu \u00e0 domicile aurait constitu\u00e9 un formidable \u00e9cran de fum\u00e9e, une communion nationale capable de d\u00e9tourner, au moins provisoirement, l&rsquo;opinion publique marocaine des questions qui f\u00e2chent. Que ce troph\u00e9e ait finalement \u00e9t\u00e9 arrach\u00e9 non par la victoire sur le pr\u00e9 \u2014 le S\u00e9n\u00e9gal avait bien gagn\u00e9 la finale \u2014 mais par la m\u00e9canique opaque des bureaux de la CAF, deux mois apr\u00e8s le coup de sifflet final, ne change rien \u00e0 l&rsquo;usage politique qui en est fait. La Coupe a \u00e9t\u00e9 vol\u00e9e ; le pouvoir ch\u00e9rifien l&rsquo;exhibe. Tel est le fond de l&rsquo;affaire.<\/p>\n\n\n\n<p><strong>Une alliance au sommet du football africain<\/strong><\/p>\n\n\n\n<p>Le premier accus\u00e9 est Fouzi Lekja\u00e2. Homme fort de la f\u00e9d\u00e9ration royale marocaine de football et, fait capital, vice-pr\u00e9sident de la CAF, il se retrouve en situation de conflit d&rsquo;int\u00e9r\u00eats absolu dans cette proc\u00e9dure. Plusieurs m\u00e9dias africains, dont Africa Foot, l&rsquo;accusent sans d\u00e9tour d&rsquo;avoir \u00ab subtilis\u00e9 un titre africain dans les arcanes de la CAF \u00bb, profitant de sa double casquette pour peser sur une d\u00e9cision dont son propre pays \u00e9tait b\u00e9n\u00e9ficiaire. Cette confusion des genres \u2014 \u00eatre \u00e0 la fois juge et partie \u2014 illustre \u00e0 elle seule les dysfonctionnements structurels d&rsquo;une institution o\u00f9 les int\u00e9r\u00eats nationaux contaminent ouvertement la gouvernance continentale. Le deuxi\u00e8me mis en cause est Patrice Motsepe. Le milliardaire sud-africain, \u00e0 la t\u00eate de la CAF depuis 2021, est d\u00e9crit par le site s\u00e9n\u00e9galais SeneNews comme ayant jou\u00e9 \u00ab un r\u00f4le d\u00e9terminant \u00bb, son \u00ab intervention \u00e0 la fois strat\u00e9gique et politique ayant marqu\u00e9 l&rsquo;issue de l&rsquo;affaire \u00bb. L&rsquo;ancien footballeur international \u00e9gyptien Mido, dont les d\u00e9clarations ont mis le feu aux poudres sur les r\u00e9seaux sociaux, lui a adress\u00e9 un r\u00e9quisitoire cinglant : \u00ab Bravo \u00e0 Motsepe. Vous nous avez tous fait passer pour ce que certains Occidentaux veulent que nous soyons. Nous ressemblons maintenant au continent d&rsquo;idiots, de corrompus. L&rsquo;Afrique m\u00e9rite mieux. Il faut une r\u00e9volution dans le football africain. Tous ces gens doivent partir, et aujourd&rsquo;hui, pas demain. Je ne suis pas contre le Maroc. J&rsquo;aime le Maroc et les Marocains. Mais enfin les gars, \u00e7a suffit. Vous avez perdu sur le terrain. Le S\u00e9n\u00e9gal \u00e9tait la meilleure \u00e9quipe en finale. Ils m\u00e9ritent d&rsquo;\u00eatre champions d&rsquo;Afrique, c&rsquo;est clair et simple, et vous le savez tous. Je voulais vraiment f\u00e9liciter mes amis marocains, mais je ne peux pas vous f\u00e9liciter pour quelque chose que vous avez gagn\u00e9 au bureau et non sur le terrain. \u00bb<\/p>\n\n\n\n<p><strong>Appel \u00e0 une r\u00e9volution du football africain<\/strong><\/p>\n\n\n\n<p>Le troisi\u00e8me homme, et peut-\u00eatre le plus puissant, est Gianni Infantino. Le pr\u00e9sident de la FIFA, dont les ennuis s&rsquo;accumulent \u2014 Michel Platini l&rsquo;avait encore tacl\u00e9 la semaine derni\u00e8re dans les colonnes du Guardian, le jugeant \u00ab bon administratif mais pas bon num\u00e9ro un \u00bb et \u00ab tr\u00e8s fan de ceux qui sont riches et ont du pouvoir \u00bb \u2014 avait d\u00e9j\u00e0 montr\u00e9 ses couleurs lors de la finale en janvier. Sa proximit\u00e9 ostensible avec les dirigeants marocains en tribune et sa mine d\u00e9compos\u00e9e apr\u00e8s le but s\u00e9n\u00e9galais n&rsquo;avaient pas \u00e9chapp\u00e9 aux observateurs. Puis, d\u00e8s le lendemain de la finale, il avait pris publiquement \u00e0 partie les joueurs du S\u00e9n\u00e9gal, d\u00e9non\u00e7ant leur sortie du terrain et appelant les \u00ab instances disciplinaires comp\u00e9tentes de la CAF \u00bb \u00e0 prendre \u00ab les mesures appropri\u00e9es \u00bb. La CAF a visiblement suivi ses recommandations \u00e0 la lettre. C&rsquo;est Claude Le Roy, figure tut\u00e9laire du football africain et ancien s\u00e9lectionneur du S\u00e9n\u00e9gal, du Cameroun et de la RD Congo, qui a port\u00e9 les accusations les plus directes. Dans L&rsquo;\u00c9quipe du Soir, l&rsquo;entra\u00eeneur fran\u00e7ais n&rsquo;a rien retenu : \u00ab Je ne pouvais pas penser une seule seconde que la CAF pourrait aller aussi loin dans le grand-guignolesque. Quand on voit comment la CAF est dirig\u00e9e par M. Motsepe, qui est le vassal de Gianni Infantino et qui voulait depuis le d\u00e9but absolument donner cette Coupe au Maroc\u2026\u00bb Et de poursuivre, implacable : \u00ab En Afrique, il se permet tout. Derri\u00e8re tout \u00e7a, il y a plein de magouilles, plein de tambouilles. Il y a 54 f\u00e9d\u00e9rations en Afrique et Infantino joue sur la cupidit\u00e9 de la plupart de ces pr\u00e9sidents africains pour s&rsquo;arroger des voix pour sa r\u00e9\u00e9lection \u00e0 chaque fois. \u00bb La conclusion de Le Roy sonne comme un verdict : \u00ab Cette d\u00e9cision, h\u00e9las pour ce continent que j&rsquo;aime tant, va faire rire toute la plan\u00e8te football. \u00bb<\/p>\n\n\n\n<p>Son compatriote Alain Giresse, autre ancien s\u00e9lectionneur des Lions entre 2013 et 2015, a confirm\u00e9 cette lecture dans des termes tout aussi tranchants au micro de Ouest-France. \u00ab C&rsquo;est scandaleux parce qu&rsquo;on s&rsquo;appuie sur les r\u00e8glements que l&rsquo;on \u00e9pluche au centim\u00e8tre pr\u00e8s, mais les S\u00e9n\u00e9galais ont d\u00e9j\u00e0 \u00e9t\u00e9 sanctionn\u00e9s avec de grosses amendes et des punitions. L\u00e0, on reporte les sanctions uniquement sur l&rsquo;aspect sportif \u00bb, a-t-il d\u00e9nonc\u00e9. Avant de s&#8217;emporter sur le fond : \u00ab Deux mois apr\u00e8s, ces messieurs de la CAF, les grands manitous du football, consid\u00e8rent que les S\u00e9n\u00e9galais, en sortant du terrain, auraient perturb\u00e9 les Marocains pour qu&rsquo;ils perdent le match. C&rsquo;est quoi ces conneries ? Qui dans cette finale, avec l&rsquo;histoire de la serviette en plein match, a le plus subi psychologiquement ? C&rsquo;est le S\u00e9n\u00e9gal. Et malgr\u00e9 \u00e7a, on consid\u00e8re que c&rsquo;est le Maroc qui a le plus souffert. C&rsquo;est d&rsquo;une d\u00e9bilit\u00e9 sans nom. \u00bb Giresse a \u00e9galement estim\u00e9 qu&rsquo;\u00ab Infantino n&rsquo;est pas innocent \u00e0 tout cela \u00bb, pointant lui aussi l&#8217;emprise du patron de la FIFA sur la d\u00e9cision africaine.<\/p>\n\n\n\n<p>Dans les m\u00e9dias francophones, le journaliste Laye Diaw de la RFM s\u00e9n\u00e9galaise a \u00e9t\u00e9 tout aussi direct, estimant que la CAF est \u00ab tenue \u00e0 la gorge \u00bb par la f\u00e9d\u00e9ration marocaine et r\u00e9clamant la d\u00e9mission de Patrice Motsepe. Depuis Paris, Samir Nasri sur Canal+ a r\u00e9sum\u00e9 le sentiment g\u00e9n\u00e9ral avec une franchise d\u00e9sarmante : \u00ab Le soir du match ou le lendemain, ils auraient fait le communiqu\u00e9, on aurait compris. Mais l\u00e0\u2026 La prochaine fois, ils vont le faire en 2035 ? C&rsquo;est n&rsquo;importe quoi. Les S\u00e9n\u00e9galais sont rentr\u00e9s chez eux avec la Coupe, ont c\u00e9l\u00e9br\u00e9 et fait la f\u00eate. Qu&rsquo;est-ce qu&rsquo;on fait ? Franchement, \u00e7a d\u00e9cr\u00e9dibilise la CAF encore une fois. \u00bb Daniel Riolo sur RMC Sport a lui aussi parl\u00e9 de \u00ab mascarade \u00bb et de \u00ab quelque chose de fou \u00bb.<\/p>\n\n\n\n<p>Face \u00e0 ce front uni de la r\u00e9probation internationale, le gouvernement s\u00e9n\u00e9galais a annonc\u00e9 la saisine du Tribunal arbitral du sport \u00e0 Lausanne et r\u00e9clam\u00e9 l&rsquo;ouverture d&rsquo;une enqu\u00eate internationale ind\u00e9pendante pour corruption. La F\u00e9d\u00e9ration s\u00e9n\u00e9galaise, par la voix de son secr\u00e9taire g\u00e9n\u00e9ral Abdoulaye Saydou Sow, a \u00e9t\u00e9 cat\u00e9gorique : la FSF ne rendra ni l&rsquo;argent ni le troph\u00e9e dans l&rsquo;attente d&rsquo;une d\u00e9cision de justice. Moussa Niakhat\u00e9, d\u00e9fenseur central de l&rsquo;Olympique Lyonnais et grand artisan du parcours s\u00e9n\u00e9galais, a publi\u00e9 une photo brandissant le troph\u00e9e avec cette phrase d\u00e9sormais embl\u00e9matique : \u00ab Venez les chercher. Ils sont fous. \u00bb Sadio Man\u00e9, de son c\u00f4t\u00e9, a appel\u00e9 depuis son compte Instagram \u00e0 une \u00ab r\u00e9volution profonde \u00bb du football africain contre la \u00ab corruption syst\u00e9mique \u00bb.<\/p>\n\n\n\n<p>M.D.<\/p>\n","protected":false},"excerpt":{"rendered":"<p>Trois hommes sont au c\u0153ur de la temp\u00eate \u2014 Fouzi Lekja\u00e2, patron de la f\u00e9d\u00e9ration marocaine et vice-pr\u00e9sident de la<\/p>\n","protected":false},"author":6,"featured_media":83819,"comment_status":"open","ping_status":"closed","sticky":false,"template":"","format":"standard","meta":{"colormag_page_container_layout":"default_layout","colormag_page_sidebar_layout":"default_layout","om_disable_all_campaigns":false,"_monsterinsights_skip_tracking":false,"_monsterinsights_sitenote_active":false,"_monsterinsights_sitenote_note":"","_monsterinsights_sitenote_category":0,"footnotes":"","_wpscppro_dont_share_socialmedia":false,"_wpscppro_custom_social_share_image":0,"_facebook_share_type":"default","_twitter_share_type":"default","_linkedin_share_type":"default","_pinterest_share_type":"default","_linkedin_share_type_page":"","_instagram_share_type":"default","_medium_share_type":"default","_threads_share_type":"default","_google_business_share_type":"default","_selected_social_profile":[],"_wpsp_enable_custom_social_template":false,"_wpsp_social_scheduling":{"enabled":false,"datetime":null,"platforms":[],"status":"template_only","dateOption":"today","timeOption":"now","customDays":"","customHours":"","customDate":"","customTime":"","schedulingType":"absolute"},"_wpsp_active_default_template":true},"categories":[33],"tags":[],"class_list":["post-83818","post","type-post","status-publish","format-standard","has-post-thumbnail","hentry","category-sports"],"aioseo_notices":[],"yoast_head":"<!-- This site is optimized with the Yoast SEO plugin v27.5 - https:\/\/yoast.com\/product\/yoast-seo-wordpress\/ -->\n<title>Lekdja\u00e2, Motsepe et Infantino au banc des accus\u00e9s\u00a0: \u00ab Le Maroc peut tout se permettre \u00bb - La Sentinelle<\/title>\n<meta name=\"robots\" content=\"index, follow, max-snippet:-1, max-image-preview:large, max-video-preview:-1\" \/>\n<link rel=\"canonical\" href=\"https:\/\/lasentinelle.dz\/index.php\/2026\/03\/18\/lekdjaa-motsepe-et-infantino-au-banc-des-accuses-le-maroc-peut-tout-se-permettre\/\" \/>\n<meta property=\"og:locale\" content=\"fr_FR\" \/>\n<meta property=\"og:type\" content=\"article\" \/>\n<meta property=\"og:title\" content=\"Lekdja\u00e2, Motsepe et Infantino au banc des accus\u00e9s\u00a0: \u00ab Le Maroc peut tout se permettre \u00bb - La Sentinelle\" \/>\n<meta property=\"og:description\" content=\"Trois hommes sont au c\u0153ur de la temp\u00eate \u2014 Fouzi Lekja\u00e2, patron de la f\u00e9d\u00e9ration marocaine et vice-pr\u00e9sident de la\" \/>\n<meta property=\"og:url\" content=\"https:\/\/lasentinelle.dz\/index.php\/2026\/03\/18\/lekdjaa-motsepe-et-infantino-au-banc-des-accuses-le-maroc-peut-tout-se-permettre\/\" \/>\n<meta property=\"og:site_name\" content=\"La Sentinelle\" \/>\n<meta property=\"article:publisher\" content=\"https:\/\/www.facebook.com\/La-Sentinelle-104059864394773\" \/>\n<meta property=\"article:published_time\" content=\"2026-03-18T19:22:13+00:00\" \/>\n<meta property=\"article:modified_time\" content=\"2026-03-18T19:22:14+00:00\" \/>\n<meta property=\"og:image\" content=\"https:\/\/lasentinelle.dz\/wp-content\/uploads\/2026\/03\/Lekdjaa-Motsepe-et-Infantino-.jpg\" \/>\n\t<meta property=\"og:image:width\" content=\"1080\" \/>\n\t<meta property=\"og:image:height\" content=\"1080\" \/>\n\t<meta property=\"og:image:type\" content=\"image\/jpeg\" \/>\n<meta name=\"author\" content=\"admin\" \/>\n<meta name=\"twitter:card\" content=\"summary_large_image\" \/>\n<meta name=\"twitter:label1\" content=\"\u00c9crit par\" \/>\n\t<meta name=\"twitter:data1\" content=\"admin\" \/>\n\t<meta name=\"twitter:label2\" content=\"Dur\u00e9e de lecture estim\u00e9e\" \/>\n\t<meta name=\"twitter:data2\" content=\"7 minutes\" \/>\n<script type=\"application\/ld+json\" class=\"yoast-schema-graph\">{\"@context\":\"https:\\\/\\\/schema.org\",\"@graph\":[{\"@type\":\"Article\",\"@id\":\"https:\\\/\\\/lasentinelle.dz\\\/index.php\\\/2026\\\/03\\\/18\\\/lekdjaa-motsepe-et-infantino-au-banc-des-accuses-le-maroc-peut-tout-se-permettre\\\/#article\",\"isPartOf\":{\"@id\":\"https:\\\/\\\/lasentinelle.dz\\\/index.php\\\/2026\\\/03\\\/18\\\/lekdjaa-motsepe-et-infantino-au-banc-des-accuses-le-maroc-peut-tout-se-permettre\\\/\"},\"author\":{\"name\":\"admin\",\"@id\":\"https:\\\/\\\/lasentinelle.dz\\\/#\\\/schema\\\/person\\\/729ee0024f24e0b8c5ec17232f8e8b41\"},\"headline\":\"Lekdja\u00e2, Motsepe et Infantino au banc des accus\u00e9s\u00a0: \u00ab Le Maroc peut tout se permettre \u00bb\",\"datePublished\":\"2026-03-18T19:22:13+00:00\",\"dateModified\":\"2026-03-18T19:22:14+00:00\",\"mainEntityOfPage\":{\"@id\":\"https:\\\/\\\/lasentinelle.dz\\\/index.php\\\/2026\\\/03\\\/18\\\/lekdjaa-motsepe-et-infantino-au-banc-des-accuses-le-maroc-peut-tout-se-permettre\\\/\"},\"wordCount\":1517,\"commentCount\":0,\"publisher\":{\"@id\":\"https:\\\/\\\/lasentinelle.dz\\\/#organization\"},\"image\":{\"@id\":\"https:\\\/\\\/lasentinelle.dz\\\/index.php\\\/2026\\\/03\\\/18\\\/lekdjaa-motsepe-et-infantino-au-banc-des-accuses-le-maroc-peut-tout-se-permettre\\\/#primaryimage\"},\"thumbnailUrl\":\"https:\\\/\\\/lasentinelle.dz\\\/wp-content\\\/uploads\\\/2026\\\/03\\\/Lekdjaa-Motsepe-et-Infantino-.jpg\",\"articleSection\":[\"Sports\"],\"inLanguage\":\"fr-FR\",\"potentialAction\":[{\"@type\":\"CommentAction\",\"name\":\"Comment\",\"target\":[\"https:\\\/\\\/lasentinelle.dz\\\/index.php\\\/2026\\\/03\\\/18\\\/lekdjaa-motsepe-et-infantino-au-banc-des-accuses-le-maroc-peut-tout-se-permettre\\\/#respond\"]}]},{\"@type\":\"WebPage\",\"@id\":\"https:\\\/\\\/lasentinelle.dz\\\/index.php\\\/2026\\\/03\\\/18\\\/lekdjaa-motsepe-et-infantino-au-banc-des-accuses-le-maroc-peut-tout-se-permettre\\\/\",\"url\":\"https:\\\/\\\/lasentinelle.dz\\\/index.php\\\/2026\\\/03\\\/18\\\/lekdjaa-motsepe-et-infantino-au-banc-des-accuses-le-maroc-peut-tout-se-permettre\\\/\",\"name\":\"Lekdja\u00e2, Motsepe et Infantino au banc des accus\u00e9s\u00a0: \u00ab Le Maroc peut tout se permettre \u00bb - La Sentinelle\",\"isPartOf\":{\"@id\":\"https:\\\/\\\/lasentinelle.dz\\\/#website\"},\"primaryImageOfPage\":{\"@id\":\"https:\\\/\\\/lasentinelle.dz\\\/index.php\\\/2026\\\/03\\\/18\\\/lekdjaa-motsepe-et-infantino-au-banc-des-accuses-le-maroc-peut-tout-se-permettre\\\/#primaryimage\"},\"image\":{\"@id\":\"https:\\\/\\\/lasentinelle.dz\\\/index.php\\\/2026\\\/03\\\/18\\\/lekdjaa-motsepe-et-infantino-au-banc-des-accuses-le-maroc-peut-tout-se-permettre\\\/#primaryimage\"},\"thumbnailUrl\":\"https:\\\/\\\/lasentinelle.dz\\\/wp-content\\\/uploads\\\/2026\\\/03\\\/Lekdjaa-Motsepe-et-Infantino-.jpg\",\"datePublished\":\"2026-03-18T19:22:13+00:00\",\"dateModified\":\"2026-03-18T19:22:14+00:00\",\"breadcrumb\":{\"@id\":\"https:\\\/\\\/lasentinelle.dz\\\/index.php\\\/2026\\\/03\\\/18\\\/lekdjaa-motsepe-et-infantino-au-banc-des-accuses-le-maroc-peut-tout-se-permettre\\\/#breadcrumb\"},\"inLanguage\":\"fr-FR\",\"potentialAction\":[{\"@type\":\"ReadAction\",\"target\":[\"https:\\\/\\\/lasentinelle.dz\\\/index.php\\\/2026\\\/03\\\/18\\\/lekdjaa-motsepe-et-infantino-au-banc-des-accuses-le-maroc-peut-tout-se-permettre\\\/\"]}]},{\"@type\":\"ImageObject\",\"inLanguage\":\"fr-FR\",\"@id\":\"https:\\\/\\\/lasentinelle.dz\\\/index.php\\\/2026\\\/03\\\/18\\\/lekdjaa-motsepe-et-infantino-au-banc-des-accuses-le-maroc-peut-tout-se-permettre\\\/#primaryimage\",\"url\":\"https:\\\/\\\/lasentinelle.dz\\\/wp-content\\\/uploads\\\/2026\\\/03\\\/Lekdjaa-Motsepe-et-Infantino-.jpg\",\"contentUrl\":\"https:\\\/\\\/lasentinelle.dz\\\/wp-content\\\/uploads\\\/2026\\\/03\\\/Lekdjaa-Motsepe-et-Infantino-.jpg\",\"width\":1080,\"height\":1080},{\"@type\":\"BreadcrumbList\",\"@id\":\"https:\\\/\\\/lasentinelle.dz\\\/index.php\\\/2026\\\/03\\\/18\\\/lekdjaa-motsepe-et-infantino-au-banc-des-accuses-le-maroc-peut-tout-se-permettre\\\/#breadcrumb\",\"itemListElement\":[{\"@type\":\"ListItem\",\"position\":1,\"name\":\"Accueil\",\"item\":\"https:\\\/\\\/lasentinelle.dz\\\/\"},{\"@type\":\"ListItem\",\"position\":2,\"name\":\"Lekdja\u00e2, Motsepe et Infantino au banc des accus\u00e9s\u00a0: \u00ab Le Maroc peut tout se permettre \u00bb\"}]},{\"@type\":\"WebSite\",\"@id\":\"https:\\\/\\\/lasentinelle.dz\\\/#website\",\"url\":\"https:\\\/\\\/lasentinelle.dz\\\/\",\"name\":\"La Sentinelle\",\"description\":\"Quotidien national d&#039;information\",\"publisher\":{\"@id\":\"https:\\\/\\\/lasentinelle.dz\\\/#organization\"},\"potentialAction\":[{\"@type\":\"SearchAction\",\"target\":{\"@type\":\"EntryPoint\",\"urlTemplate\":\"https:\\\/\\\/lasentinelle.dz\\\/?s={search_term_string}\"},\"query-input\":{\"@type\":\"PropertyValueSpecification\",\"valueRequired\":true,\"valueName\":\"search_term_string\"}}],\"inLanguage\":\"fr-FR\"},{\"@type\":\"Organization\",\"@id\":\"https:\\\/\\\/lasentinelle.dz\\\/#organization\",\"name\":\"Quotidien La Sentinelle\",\"url\":\"https:\\\/\\\/lasentinelle.dz\\\/\",\"logo\":{\"@type\":\"ImageObject\",\"inLanguage\":\"fr-FR\",\"@id\":\"https:\\\/\\\/lasentinelle.dz\\\/#\\\/schema\\\/logo\\\/image\\\/\",\"url\":\"https:\\\/\\\/lasentinelle.dz\\\/wp-content\\\/uploads\\\/2021\\\/09\\\/logo-sentinelleSLOGAN-1.png\",\"contentUrl\":\"https:\\\/\\\/lasentinelle.dz\\\/wp-content\\\/uploads\\\/2021\\\/09\\\/logo-sentinelleSLOGAN-1.png\",\"width\":615,\"height\":142,\"caption\":\"Quotidien La Sentinelle\"},\"image\":{\"@id\":\"https:\\\/\\\/lasentinelle.dz\\\/#\\\/schema\\\/logo\\\/image\\\/\"},\"sameAs\":[\"https:\\\/\\\/www.facebook.com\\\/La-Sentinelle-104059864394773\"]},{\"@type\":\"Person\",\"@id\":\"https:\\\/\\\/lasentinelle.dz\\\/#\\\/schema\\\/person\\\/729ee0024f24e0b8c5ec17232f8e8b41\",\"name\":\"admin\",\"image\":{\"@type\":\"ImageObject\",\"inLanguage\":\"fr-FR\",\"@id\":\"https:\\\/\\\/secure.gravatar.com\\\/avatar\\\/4c81fed838786e9b53f540bf46533e750f5d292099ae3b66cfc6fb1982e29df7?s=96&d=mm&r=g\",\"url\":\"https:\\\/\\\/secure.gravatar.com\\\/avatar\\\/4c81fed838786e9b53f540bf46533e750f5d292099ae3b66cfc6fb1982e29df7?s=96&d=mm&r=g\",\"contentUrl\":\"https:\\\/\\\/secure.gravatar.com\\\/avatar\\\/4c81fed838786e9b53f540bf46533e750f5d292099ae3b66cfc6fb1982e29df7?s=96&d=mm&r=g\",\"caption\":\"admin\"},\"description\":\"admin\",\"url\":\"https:\\\/\\\/lasentinelle.dz\\\/author\\\/admin\\\/\"}]}<\/script>\n<!-- \/ Yoast SEO plugin. -->","yoast_head_json":{"title":"Lekdja\u00e2, Motsepe et Infantino au banc des accus\u00e9s\u00a0: \u00ab Le Maroc peut tout se permettre \u00bb - La Sentinelle","robots":{"index":"index","follow":"follow","max-snippet":"max-snippet:-1","max-image-preview":"max-image-preview:large","max-video-preview":"max-video-preview:-1"},"canonical":"https:\/\/lasentinelle.dz\/index.php\/2026\/03\/18\/lekdjaa-motsepe-et-infantino-au-banc-des-accuses-le-maroc-peut-tout-se-permettre\/","og_locale":"fr_FR","og_type":"article","og_title":"Lekdja\u00e2, Motsepe et Infantino au banc des accus\u00e9s\u00a0: \u00ab Le Maroc peut tout se permettre \u00bb - La Sentinelle","og_description":"Trois hommes sont au c\u0153ur de la temp\u00eate \u2014 Fouzi Lekja\u00e2, patron de la f\u00e9d\u00e9ration marocaine et vice-pr\u00e9sident de la","og_url":"https:\/\/lasentinelle.dz\/index.php\/2026\/03\/18\/lekdjaa-motsepe-et-infantino-au-banc-des-accuses-le-maroc-peut-tout-se-permettre\/","og_site_name":"La Sentinelle","article_publisher":"https:\/\/www.facebook.com\/La-Sentinelle-104059864394773","article_published_time":"2026-03-18T19:22:13+00:00","article_modified_time":"2026-03-18T19:22:14+00:00","og_image":[{"width":1080,"height":1080,"url":"https:\/\/lasentinelle.dz\/wp-content\/uploads\/2026\/03\/Lekdjaa-Motsepe-et-Infantino-.jpg","type":"image\/jpeg"}],"author":"admin","twitter_card":"summary_large_image","twitter_misc":{"\u00c9crit par":"admin","Dur\u00e9e de lecture estim\u00e9e":"7 minutes"},"schema":{"@context":"https:\/\/schema.org","@graph":[{"@type":"Article","@id":"https:\/\/lasentinelle.dz\/index.php\/2026\/03\/18\/lekdjaa-motsepe-et-infantino-au-banc-des-accuses-le-maroc-peut-tout-se-permettre\/#article","isPartOf":{"@id":"https:\/\/lasentinelle.dz\/index.php\/2026\/03\/18\/lekdjaa-motsepe-et-infantino-au-banc-des-accuses-le-maroc-peut-tout-se-permettre\/"},"author":{"name":"admin","@id":"https:\/\/lasentinelle.dz\/#\/schema\/person\/729ee0024f24e0b8c5ec17232f8e8b41"},"headline":"Lekdja\u00e2, Motsepe et Infantino au banc des accus\u00e9s\u00a0: \u00ab Le Maroc peut tout se permettre \u00bb","datePublished":"2026-03-18T19:22:13+00:00","dateModified":"2026-03-18T19:22:14+00:00","mainEntityOfPage":{"@id":"https:\/\/lasentinelle.dz\/index.php\/2026\/03\/18\/lekdjaa-motsepe-et-infantino-au-banc-des-accuses-le-maroc-peut-tout-se-permettre\/"},"wordCount":1517,"commentCount":0,"publisher":{"@id":"https:\/\/lasentinelle.dz\/#organization"},"image":{"@id":"https:\/\/lasentinelle.dz\/index.php\/2026\/03\/18\/lekdjaa-motsepe-et-infantino-au-banc-des-accuses-le-maroc-peut-tout-se-permettre\/#primaryimage"},"thumbnailUrl":"https:\/\/lasentinelle.dz\/wp-content\/uploads\/2026\/03\/Lekdjaa-Motsepe-et-Infantino-.jpg","articleSection":["Sports"],"inLanguage":"fr-FR","potentialAction":[{"@type":"CommentAction","name":"Comment","target":["https:\/\/lasentinelle.dz\/index.php\/2026\/03\/18\/lekdjaa-motsepe-et-infantino-au-banc-des-accuses-le-maroc-peut-tout-se-permettre\/#respond"]}]},{"@type":"WebPage","@id":"https:\/\/lasentinelle.dz\/index.php\/2026\/03\/18\/lekdjaa-motsepe-et-infantino-au-banc-des-accuses-le-maroc-peut-tout-se-permettre\/","url":"https:\/\/lasentinelle.dz\/index.php\/2026\/03\/18\/lekdjaa-motsepe-et-infantino-au-banc-des-accuses-le-maroc-peut-tout-se-permettre\/","name":"Lekdja\u00e2, Motsepe et Infantino au banc des accus\u00e9s\u00a0: \u00ab Le Maroc peut tout se permettre \u00bb - La Sentinelle","isPartOf":{"@id":"https:\/\/lasentinelle.dz\/#website"},"primaryImageOfPage":{"@id":"https:\/\/lasentinelle.dz\/index.php\/2026\/03\/18\/lekdjaa-motsepe-et-infantino-au-banc-des-accuses-le-maroc-peut-tout-se-permettre\/#primaryimage"},"image":{"@id":"https:\/\/lasentinelle.dz\/index.php\/2026\/03\/18\/lekdjaa-motsepe-et-infantino-au-banc-des-accuses-le-maroc-peut-tout-se-permettre\/#primaryimage"},"thumbnailUrl":"https:\/\/lasentinelle.dz\/wp-content\/uploads\/2026\/03\/Lekdjaa-Motsepe-et-Infantino-.jpg","datePublished":"2026-03-18T19:22:13+00:00","dateModified":"2026-03-18T19:22:14+00:00","breadcrumb":{"@id":"https:\/\/lasentinelle.dz\/index.php\/2026\/03\/18\/lekdjaa-motsepe-et-infantino-au-banc-des-accuses-le-maroc-peut-tout-se-permettre\/#breadcrumb"},"inLanguage":"fr-FR","potentialAction":[{"@type":"ReadAction","target":["https:\/\/lasentinelle.dz\/index.php\/2026\/03\/18\/lekdjaa-motsepe-et-infantino-au-banc-des-accuses-le-maroc-peut-tout-se-permettre\/"]}]},{"@type":"ImageObject","inLanguage":"fr-FR","@id":"https:\/\/lasentinelle.dz\/index.php\/2026\/03\/18\/lekdjaa-motsepe-et-infantino-au-banc-des-accuses-le-maroc-peut-tout-se-permettre\/#primaryimage","url":"https:\/\/lasentinelle.dz\/wp-content\/uploads\/2026\/03\/Lekdjaa-Motsepe-et-Infantino-.jpg","contentUrl":"https:\/\/lasentinelle.dz\/wp-content\/uploads\/2026\/03\/Lekdjaa-Motsepe-et-Infantino-.jpg","width":1080,"height":1080},{"@type":"BreadcrumbList","@id":"https:\/\/lasentinelle.dz\/index.php\/2026\/03\/18\/lekdjaa-motsepe-et-infantino-au-banc-des-accuses-le-maroc-peut-tout-se-permettre\/#breadcrumb","itemListElement":[{"@type":"ListItem","position":1,"name":"Accueil","item":"https:\/\/lasentinelle.dz\/"},{"@type":"ListItem","position":2,"name":"Lekdja\u00e2, Motsepe et Infantino au banc des accus\u00e9s\u00a0: \u00ab Le Maroc peut tout se permettre \u00bb"}]},{"@type":"WebSite","@id":"https:\/\/lasentinelle.dz\/#website","url":"https:\/\/lasentinelle.dz\/","name":"La Sentinelle","description":"Quotidien national d&#039;information","publisher":{"@id":"https:\/\/lasentinelle.dz\/#organization"},"potentialAction":[{"@type":"SearchAction","target":{"@type":"EntryPoint","urlTemplate":"https:\/\/lasentinelle.dz\/?s={search_term_string}"},"query-input":{"@type":"PropertyValueSpecification","valueRequired":true,"valueName":"search_term_string"}}],"inLanguage":"fr-FR"},{"@type":"Organization","@id":"https:\/\/lasentinelle.dz\/#organization","name":"Quotidien La Sentinelle","url":"https:\/\/lasentinelle.dz\/","logo":{"@type":"ImageObject","inLanguage":"fr-FR","@id":"https:\/\/lasentinelle.dz\/#\/schema\/logo\/image\/","url":"https:\/\/lasentinelle.dz\/wp-content\/uploads\/2021\/09\/logo-sentinelleSLOGAN-1.png","contentUrl":"https:\/\/lasentinelle.dz\/wp-content\/uploads\/2021\/09\/logo-sentinelleSLOGAN-1.png","width":615,"height":142,"caption":"Quotidien La Sentinelle"},"image":{"@id":"https:\/\/lasentinelle.dz\/#\/schema\/logo\/image\/"},"sameAs":["https:\/\/www.facebook.com\/La-Sentinelle-104059864394773"]},{"@type":"Person","@id":"https:\/\/lasentinelle.dz\/#\/schema\/person\/729ee0024f24e0b8c5ec17232f8e8b41","name":"admin","image":{"@type":"ImageObject","inLanguage":"fr-FR","@id":"https:\/\/secure.gravatar.com\/avatar\/4c81fed838786e9b53f540bf46533e750f5d292099ae3b66cfc6fb1982e29df7?s=96&d=mm&r=g","url":"https:\/\/secure.gravatar.com\/avatar\/4c81fed838786e9b53f540bf46533e750f5d292099ae3b66cfc6fb1982e29df7?s=96&d=mm&r=g","contentUrl":"https:\/\/secure.gravatar.com\/avatar\/4c81fed838786e9b53f540bf46533e750f5d292099ae3b66cfc6fb1982e29df7?s=96&d=mm&r=g","caption":"admin"},"description":"admin","url":"https:\/\/lasentinelle.dz\/author\/admin\/"}]}},"_links":{"self":[{"href":"https:\/\/lasentinelle.dz\/index.php\/wp-json\/wp\/v2\/posts\/83818","targetHints":{"allow":["GET"]}}],"collection":[{"href":"https:\/\/lasentinelle.dz\/index.php\/wp-json\/wp\/v2\/posts"}],"about":[{"href":"https:\/\/lasentinelle.dz\/index.php\/wp-json\/wp\/v2\/types\/post"}],"author":[{"embeddable":true,"href":"https:\/\/lasentinelle.dz\/index.php\/wp-json\/wp\/v2\/users\/6"}],"replies":[{"embeddable":true,"href":"https:\/\/lasentinelle.dz\/index.php\/wp-json\/wp\/v2\/comments?post=83818"}],"version-history":[{"count":1,"href":"https:\/\/lasentinelle.dz\/index.php\/wp-json\/wp\/v2\/posts\/83818\/revisions"}],"predecessor-version":[{"id":83820,"href":"https:\/\/lasentinelle.dz\/index.php\/wp-json\/wp\/v2\/posts\/83818\/revisions\/83820"}],"wp:featuredmedia":[{"embeddable":true,"href":"https:\/\/lasentinelle.dz\/index.php\/wp-json\/wp\/v2\/media\/83819"}],"wp:attachment":[{"href":"https:\/\/lasentinelle.dz\/index.php\/wp-json\/wp\/v2\/media?parent=83818"}],"wp:term":[{"taxonomy":"category","embeddable":true,"href":"https:\/\/lasentinelle.dz\/index.php\/wp-json\/wp\/v2\/categories?post=83818"},{"taxonomy":"post_tag","embeddable":true,"href":"https:\/\/lasentinelle.dz\/index.php\/wp-json\/wp\/v2\/tags?post=83818"}],"curies":[{"name":"wp","href":"https:\/\/api.w.org\/{rel}","templated":true}]}}