{"id":83821,"date":"2026-03-18T20:24:39","date_gmt":"2026-03-18T19:24:39","guid":{"rendered":"https:\/\/lasentinelle.dz\/?p=83821"},"modified":"2026-03-18T20:24:42","modified_gmt":"2026-03-18T19:24:42","slug":"la-caf-retire-le-titre-africain-au-senegal-scandaleux","status":"publish","type":"post","link":"https:\/\/lasentinelle.dz\/index.php\/2026\/03\/18\/la-caf-retire-le-titre-africain-au-senegal-scandaleux\/","title":{"rendered":"La CAF retire le titre africain au S\u00e9n\u00e9gal\u00a0: Scandaleux\u00a0!"},"content":{"rendered":"\n<p>La CAF retire le titre de la CAN au S\u00e9n\u00e9gal et le brade au Maroc, se discr\u00e9ditant totalement et d\u00e9cr\u00e9dibilisant le football africain.<\/p>\n\n\n\n<p>Dans une d\u00e9cision sans pr\u00e9c\u00e9dent dans l&rsquo;histoire du football continental, qui tient du coup de force administratif autant que du d\u00e9ni sportif, la Conf\u00e9d\u00e9ration africaine de football a retir\u00e9 mardi \u00e0 l&rsquo;\u00e9quipe nationale du S\u00e9n\u00e9gal son titre de champion d&rsquo;Afrique 2025 pour l&rsquo;attribuer au Maroc, pays organisateur, sur la base d&rsquo;une d\u00e9cision de forfait prononc\u00e9e par son jury d&rsquo;appel. Une sentence rendue \u00e0 froid, longtemps apr\u00e8s le coup de sifflet final d&rsquo;une finale que les Lions de la Teranga avaient pourtant remport\u00e9e sur le terrain, 1 but \u00e0 0, dans les r\u00e8gles du jeu. Le football africain vient de vivre l&rsquo;une des heures les plus sombres de son histoire. La d\u00e9cision, publi\u00e9e sur le site officiel de la CAF, est lapidaire dans sa formulation et d\u00e9vastratrice dans ses effets : \u00ab La Commission d&rsquo;appel de la Conf\u00e9d\u00e9ration africaine de football a d\u00e9cid\u00e9, conform\u00e9ment \u00e0 l&rsquo;article 84 du r\u00e8glement de la Coupe d&rsquo;Afrique des nations 2025, de consid\u00e9rer l&rsquo;\u00e9quipe nationale s\u00e9n\u00e9galaise comme ayant perdu par forfait lors de la finale, et de valider le r\u00e9sultat de 3-0 en faveur de la F\u00e9d\u00e9ration royale marocaine de football. \u00bb Trois mots suffisent pour r\u00e9sumer ce que des millions de supporters africains ressentent face \u00e0 ce verdict : scandaleux, honteux, inadmissible. En effa\u00e7ant d&rsquo;un trait de plume une victoire acquise sur le pr\u00e9, la CAF ne sanctionne pas un manquement sportif grave \u2014 elle commet elle-m\u00eame une faute morale d&rsquo;une gravit\u00e9 exceptionnelle, qui entache irr\u00e9m\u00e9diablement sa cr\u00e9dibilit\u00e9 et celle de toutes les comp\u00e9titions qu&rsquo;elle est cens\u00e9e organiser avec \u00e9quit\u00e9.<\/p>\n\n\n\n<p><strong>Une affaire d&rsquo;\u00c9tat<\/strong><\/p>\n\n\n\n<p>Ce qui aurait pu demeurer un contentieux sportif entre deux f\u00e9d\u00e9rations s&rsquo;est instantan\u00e9ment transform\u00e9 en crise diplomatique et politique de premi\u00e8re magnitude. Le gouvernement du S\u00e9n\u00e9gal est sorti de sa r\u00e9serve avec une fermet\u00e9 inhabituelle, par la voix de sa porte-parole officielle, exprimant une \u00ab vive consternation \u00bb et rejetant sans ambigu\u00eft\u00e9 ce qu&rsquo;il d\u00e9signe comme une \u00ab tentative de d\u00e9possession injustifi\u00e9e \u00bb. Le communiqu\u00e9 de l&rsquo;\u00c9tat s\u00e9n\u00e9galais est d&rsquo;une clart\u00e9 cinglante : \u00ab Cette d\u00e9cision in\u00e9dite, d&rsquo;une gravit\u00e9 exceptionnelle, heurte de front les principes cardinaux qui fondent l&rsquo;\u00e9thique sportive, au premier rang desquels figurent l&rsquo;\u00e9quit\u00e9, la loyaut\u00e9 et le respect de la v\u00e9rit\u00e9 du terrain. Elle proc\u00e8de d&rsquo;une lecture manifestement erron\u00e9e du r\u00e8glement, conduisant \u00e0 une d\u00e9cision grossi\u00e8rement ill\u00e9gale et profond\u00e9ment injuste. \u00bb Dakar va plus loin encore, r\u00e9clamant l&rsquo;ouverture d&rsquo;une enqu\u00eate internationale ind\u00e9pendante pour soup\u00e7ons de corruption au sein des instances dirigeantes de la CAF, et annon\u00e7ant le recours \u00e0 toutes les voies de droit disponibles, \u00ab y compris devant les instances juridictionnelles internationales comp\u00e9tentes \u00bb. Un \u00c9tat souverain qui accuse ouvertement une instance sportive continentale de corruption : le football africain n&rsquo;avait jamais atteint un tel niveau de d\u00e9flagration institutionnelle.<\/p>\n\n\n\n<p>L&rsquo;affaire prend une dimension suppl\u00e9mentairement dramatique lorsque le gouvernement s\u00e9n\u00e9galais rappelle que 18 de ses ressortissants, supporters des Lions de la Teranga, demeurent d\u00e9tenus au Maroc \u00e0 la suite des incidents qui ont marqu\u00e9 la finale, promettant d&rsquo;\u00eatre \u00ab r\u00e9solu, vigilant et inflexible \u00bb dans la d\u00e9fense de leurs droits. Sur le front sportif, la F\u00e9d\u00e9ration s\u00e9n\u00e9galaise de football (FSF) a r\u00e9agi avec une col\u00e8re non dissimul\u00e9e, qualifiant la d\u00e9cision d&rsquo;\u00ab inique, sans pr\u00e9c\u00e9dent et inacceptable \u00bb et annon\u00e7ant formellement la saisine du Tribunal arbitral du sport (TAS) \u00e0 Lausanne. Un collectif d&rsquo;avocats travaille d&rsquo;ores et d\u00e9j\u00e0 \u00e0 la constitution d&rsquo;un dossier en b\u00e9ton pour obtenir l&rsquo;annulation du verdict de la CAF. Son secr\u00e9taire g\u00e9n\u00e9ral, Abdoulaye Saydou Sow, n&rsquo;a pas m\u00e2ch\u00e9 ses mots au micro de RMC Sport, d\u00e9non\u00e7ant une \u00ab mascarade \u00bb et pr\u00e9cisant que la FSF ne rendrait ni l&rsquo;argent ni le troph\u00e9e dans l&rsquo;attente d&rsquo;une d\u00e9cision de la justice internationale. De son c\u00f4t\u00e9, Sadio Man\u00e9, capitaine et ic\u00f4ne des Lions, a pris la parole sur Instagram pour fustiger ce qu&rsquo;il appelle la \u00ab corruption syst\u00e9mique \u00bb et le \u00ab manque de transparence \u00bb du football africain, appelant \u00e0 une \u00ab r\u00e9volution profonde \u00bb pour sauver le jeu des millions de supporters qui lui font confiance. La voix de la plus grande star du football africain r\u00e9sonne d\u00e9sormais bien au-del\u00e0 des fronti\u00e8res du S\u00e9n\u00e9gal, portant la col\u00e8re d&rsquo;un continent tout entier.<\/p>\n\n\n\n<p><strong>La Coupe reste au S\u00e9n\u00e9gal<\/strong><\/p>\n\n\n\n<p>Sur les r\u00e9seaux sociaux, les joueurs s\u00e9n\u00e9galais ont exprim\u00e9 leur incr\u00e9dulit\u00e9 avec une spontan\u00e9it\u00e9 qui dit tout. Le d\u00e9fenseur central de l&rsquo;Olympique Lyonnais, Moussa Niakhat\u00e9, l&rsquo;un des grands artisans du titre, a repartag\u00e9 son message de victoire d&rsquo;apr\u00e8s-match \u2014 \u00ab Pour l&rsquo;\u00e9ternit\u00e9, nous sommes champions d&rsquo;Afrique et je ne me lasserai jamais de le dire ! \u00bb \u2014 avant d&rsquo;y accoler une photo brandissant le troph\u00e9e et sa m\u00e9daille, accompagn\u00e9e de ces cinq mots qui r\u00e9sument la position du vestiaire s\u00e9n\u00e9galais tout entier : \u00ab Venez les chercher ! Ils sont fous ! \u00bb Path\u00e9 Ciss, du Rayo Vallecano, a lui aussi post\u00e9 le troph\u00e9e et sa m\u00e9daille, avec des \u00e9mojis ironiques qui traduisent la m\u00eame stup\u00e9faction m\u00eal\u00e9e de d\u00e9fi. Ce sont des champions qui refusent d&rsquo;\u00eatre d\u00e9poss\u00e9d\u00e9s d&rsquo;une couronne gagn\u00e9e \u00e0 la sueur de leur front, et qui font savoir au monde qu&rsquo;ils consid\u00e8rent la d\u00e9cision de la CAF comme nulle et non avenue. Car au fond, la question centrale est l\u00e0, et elle est d&rsquo;une simplicit\u00e9 d\u00e9sarmante : le S\u00e9n\u00e9gal a gagn\u00e9 sa finale sur le terrain. Un but \u00e0 z\u00e9ro. Match termin\u00e9. R\u00e9sultat homologu\u00e9. Et c&rsquo;est apr\u00e8s coup, sur recours administratif du pays organisateur, que la CAF a d\u00e9cid\u00e9 de r\u00e9\u00e9crire l&rsquo;histoire \u00e0 coup de forfait. Attribuer un troph\u00e9e sur d\u00e9cision de bureau, longtemps apr\u00e8s le coup de sifflet final d&rsquo;une rencontre r\u00e9guli\u00e8rement disput\u00e9e et men\u00e9e \u00e0 son terme, constitue effectivement un pr\u00e9c\u00e9dent in\u00e9dit et extr\u00eamement dangereux dans les annales du football. Si demain n&rsquo;importe quelle nation peut contester une d\u00e9faite sportive par voie r\u00e9glementaire et obtenir gain de cause sur tapis vert, c&rsquo;est tout l&rsquo;\u00e9difice de la comp\u00e9tition africaine qui s&rsquo;effondre. La CAF, d\u00e9j\u00e0 fragilis\u00e9e par de nombreuses critiques sur sa gouvernance, vient de s&rsquo;infliger une blessure peut-\u00eatre fatale \u00e0 sa l\u00e9gitimit\u00e9. En bradant le titre de champion d&rsquo;Afrique comme une d\u00e9cision administrative parmi d&rsquo;autres, elle d\u00e9cr\u00e9dibilise non seulement son jury d&rsquo;appel, mais l&rsquo;ensemble du football continental qu&rsquo;elle est cens\u00e9e promouvoir et d\u00e9fendre.<\/p>\n\n\n\n<p>Moncef Dahleb<\/p>\n","protected":false},"excerpt":{"rendered":"<p>La CAF retire le titre de la CAN au S\u00e9n\u00e9gal et le brade au Maroc, se discr\u00e9ditant totalement et d\u00e9cr\u00e9dibilisant<\/p>\n","protected":false},"author":6,"featured_media":83822,"comment_status":"open","ping_status":"closed","sticky":false,"template":"","format":"standard","meta":{"colormag_page_container_layout":"default_layout","colormag_page_sidebar_layout":"default_layout","om_disable_all_campaigns":false,"_monsterinsights_skip_tracking":false,"_monsterinsights_sitenote_active":false,"_monsterinsights_sitenote_note":"","_monsterinsights_sitenote_category":0,"footnotes":"","_wpscppro_dont_share_socialmedia":false,"_wpscppro_custom_social_share_image":0,"_facebook_share_type":"default","_twitter_share_type":"default","_linkedin_share_type":"default","_pinterest_share_type":"default","_linkedin_share_type_page":"","_instagram_share_type":"default","_medium_share_type":"default","_threads_share_type":"default","_google_business_share_type":"default","_selected_social_profile":[],"_wpsp_enable_custom_social_template":false,"_wpsp_social_scheduling":{"enabled":false,"datetime":null,"platforms":[],"status":"template_only","dateOption":"today","timeOption":"now","customDays":"","customHours":"","customDate":"","customTime":"","schedulingType":"absolute"},"_wpsp_active_default_template":true},"categories":[33],"tags":[],"class_list":["post-83821","post","type-post","status-publish","format-standard","has-post-thumbnail","hentry","category-sports"],"aioseo_notices":[],"yoast_head":"<!-- This site is optimized with the Yoast SEO plugin v27.5 - https:\/\/yoast.com\/product\/yoast-seo-wordpress\/ -->\n<title>La CAF retire le titre africain au S\u00e9n\u00e9gal\u00a0: Scandaleux\u00a0! - La Sentinelle<\/title>\n<meta name=\"robots\" content=\"index, follow, max-snippet:-1, max-image-preview:large, max-video-preview:-1\" \/>\n<link rel=\"canonical\" href=\"https:\/\/lasentinelle.dz\/index.php\/2026\/03\/18\/la-caf-retire-le-titre-africain-au-senegal-scandaleux\/\" \/>\n<meta property=\"og:locale\" content=\"fr_FR\" \/>\n<meta property=\"og:type\" content=\"article\" \/>\n<meta property=\"og:title\" content=\"La CAF retire le titre africain au S\u00e9n\u00e9gal\u00a0: Scandaleux\u00a0! - La Sentinelle\" \/>\n<meta property=\"og:description\" content=\"La CAF retire le titre de la CAN au S\u00e9n\u00e9gal et le brade au Maroc, se discr\u00e9ditant totalement et d\u00e9cr\u00e9dibilisant\" \/>\n<meta property=\"og:url\" content=\"https:\/\/lasentinelle.dz\/index.php\/2026\/03\/18\/la-caf-retire-le-titre-africain-au-senegal-scandaleux\/\" \/>\n<meta property=\"og:site_name\" content=\"La Sentinelle\" \/>\n<meta property=\"article:publisher\" content=\"https:\/\/www.facebook.com\/La-Sentinelle-104059864394773\" \/>\n<meta property=\"article:published_time\" content=\"2026-03-18T19:24:39+00:00\" \/>\n<meta property=\"article:modified_time\" content=\"2026-03-18T19:24:42+00:00\" \/>\n<meta property=\"og:image\" content=\"https:\/\/lasentinelle.dz\/wp-content\/uploads\/2026\/03\/senegal.jpg\" \/>\n\t<meta property=\"og:image:width\" content=\"885\" \/>\n\t<meta property=\"og:image:height\" content=\"500\" \/>\n\t<meta property=\"og:image:type\" content=\"image\/jpeg\" \/>\n<meta name=\"author\" content=\"admin\" \/>\n<meta name=\"twitter:card\" content=\"summary_large_image\" \/>\n<meta name=\"twitter:label1\" content=\"\u00c9crit par\" \/>\n\t<meta name=\"twitter:data1\" content=\"admin\" \/>\n\t<meta name=\"twitter:label2\" content=\"Dur\u00e9e de lecture estim\u00e9e\" \/>\n\t<meta name=\"twitter:data2\" content=\"6 minutes\" \/>\n<script type=\"application\/ld+json\" class=\"yoast-schema-graph\">{\"@context\":\"https:\\\/\\\/schema.org\",\"@graph\":[{\"@type\":\"Article\",\"@id\":\"https:\\\/\\\/lasentinelle.dz\\\/index.php\\\/2026\\\/03\\\/18\\\/la-caf-retire-le-titre-africain-au-senegal-scandaleux\\\/#article\",\"isPartOf\":{\"@id\":\"https:\\\/\\\/lasentinelle.dz\\\/index.php\\\/2026\\\/03\\\/18\\\/la-caf-retire-le-titre-africain-au-senegal-scandaleux\\\/\"},\"author\":{\"name\":\"admin\",\"@id\":\"https:\\\/\\\/lasentinelle.dz\\\/#\\\/schema\\\/person\\\/729ee0024f24e0b8c5ec17232f8e8b41\"},\"headline\":\"La CAF retire le titre africain au S\u00e9n\u00e9gal\u00a0: Scandaleux\u00a0!\",\"datePublished\":\"2026-03-18T19:24:39+00:00\",\"dateModified\":\"2026-03-18T19:24:42+00:00\",\"mainEntityOfPage\":{\"@id\":\"https:\\\/\\\/lasentinelle.dz\\\/index.php\\\/2026\\\/03\\\/18\\\/la-caf-retire-le-titre-africain-au-senegal-scandaleux\\\/\"},\"wordCount\":1222,\"commentCount\":0,\"publisher\":{\"@id\":\"https:\\\/\\\/lasentinelle.dz\\\/#organization\"},\"image\":{\"@id\":\"https:\\\/\\\/lasentinelle.dz\\\/index.php\\\/2026\\\/03\\\/18\\\/la-caf-retire-le-titre-africain-au-senegal-scandaleux\\\/#primaryimage\"},\"thumbnailUrl\":\"https:\\\/\\\/lasentinelle.dz\\\/wp-content\\\/uploads\\\/2026\\\/03\\\/senegal.jpg\",\"articleSection\":[\"Sports\"],\"inLanguage\":\"fr-FR\",\"potentialAction\":[{\"@type\":\"CommentAction\",\"name\":\"Comment\",\"target\":[\"https:\\\/\\\/lasentinelle.dz\\\/index.php\\\/2026\\\/03\\\/18\\\/la-caf-retire-le-titre-africain-au-senegal-scandaleux\\\/#respond\"]}]},{\"@type\":\"WebPage\",\"@id\":\"https:\\\/\\\/lasentinelle.dz\\\/index.php\\\/2026\\\/03\\\/18\\\/la-caf-retire-le-titre-africain-au-senegal-scandaleux\\\/\",\"url\":\"https:\\\/\\\/lasentinelle.dz\\\/index.php\\\/2026\\\/03\\\/18\\\/la-caf-retire-le-titre-africain-au-senegal-scandaleux\\\/\",\"name\":\"La CAF retire le titre africain au S\u00e9n\u00e9gal\u00a0: Scandaleux\u00a0! - La Sentinelle\",\"isPartOf\":{\"@id\":\"https:\\\/\\\/lasentinelle.dz\\\/#website\"},\"primaryImageOfPage\":{\"@id\":\"https:\\\/\\\/lasentinelle.dz\\\/index.php\\\/2026\\\/03\\\/18\\\/la-caf-retire-le-titre-africain-au-senegal-scandaleux\\\/#primaryimage\"},\"image\":{\"@id\":\"https:\\\/\\\/lasentinelle.dz\\\/index.php\\\/2026\\\/03\\\/18\\\/la-caf-retire-le-titre-africain-au-senegal-scandaleux\\\/#primaryimage\"},\"thumbnailUrl\":\"https:\\\/\\\/lasentinelle.dz\\\/wp-content\\\/uploads\\\/2026\\\/03\\\/senegal.jpg\",\"datePublished\":\"2026-03-18T19:24:39+00:00\",\"dateModified\":\"2026-03-18T19:24:42+00:00\",\"breadcrumb\":{\"@id\":\"https:\\\/\\\/lasentinelle.dz\\\/index.php\\\/2026\\\/03\\\/18\\\/la-caf-retire-le-titre-africain-au-senegal-scandaleux\\\/#breadcrumb\"},\"inLanguage\":\"fr-FR\",\"potentialAction\":[{\"@type\":\"ReadAction\",\"target\":[\"https:\\\/\\\/lasentinelle.dz\\\/index.php\\\/2026\\\/03\\\/18\\\/la-caf-retire-le-titre-africain-au-senegal-scandaleux\\\/\"]}]},{\"@type\":\"ImageObject\",\"inLanguage\":\"fr-FR\",\"@id\":\"https:\\\/\\\/lasentinelle.dz\\\/index.php\\\/2026\\\/03\\\/18\\\/la-caf-retire-le-titre-africain-au-senegal-scandaleux\\\/#primaryimage\",\"url\":\"https:\\\/\\\/lasentinelle.dz\\\/wp-content\\\/uploads\\\/2026\\\/03\\\/senegal.jpg\",\"contentUrl\":\"https:\\\/\\\/lasentinelle.dz\\\/wp-content\\\/uploads\\\/2026\\\/03\\\/senegal.jpg\",\"width\":885,\"height\":500,\"caption\":\"epa12659935 Sadio Mane (C-L) and players of Senegal celebrate with the trophy after winning the CAF Africa Cup of Nations 2025 final match between Senegal and Morocco in Rabat, Morocco, 18 January 2026. EPA\\\/JALAL MORCHIDI (MaxPPP TagID: epaliveeight790147.jpg) [Photo via MaxPPP]\"},{\"@type\":\"BreadcrumbList\",\"@id\":\"https:\\\/\\\/lasentinelle.dz\\\/index.php\\\/2026\\\/03\\\/18\\\/la-caf-retire-le-titre-africain-au-senegal-scandaleux\\\/#breadcrumb\",\"itemListElement\":[{\"@type\":\"ListItem\",\"position\":1,\"name\":\"Accueil\",\"item\":\"https:\\\/\\\/lasentinelle.dz\\\/\"},{\"@type\":\"ListItem\",\"position\":2,\"name\":\"La CAF retire le titre africain au S\u00e9n\u00e9gal\u00a0: Scandaleux\u00a0!\"}]},{\"@type\":\"WebSite\",\"@id\":\"https:\\\/\\\/lasentinelle.dz\\\/#website\",\"url\":\"https:\\\/\\\/lasentinelle.dz\\\/\",\"name\":\"La Sentinelle\",\"description\":\"Quotidien national d&#039;information\",\"publisher\":{\"@id\":\"https:\\\/\\\/lasentinelle.dz\\\/#organization\"},\"potentialAction\":[{\"@type\":\"SearchAction\",\"target\":{\"@type\":\"EntryPoint\",\"urlTemplate\":\"https:\\\/\\\/lasentinelle.dz\\\/?s={search_term_string}\"},\"query-input\":{\"@type\":\"PropertyValueSpecification\",\"valueRequired\":true,\"valueName\":\"search_term_string\"}}],\"inLanguage\":\"fr-FR\"},{\"@type\":\"Organization\",\"@id\":\"https:\\\/\\\/lasentinelle.dz\\\/#organization\",\"name\":\"Quotidien La Sentinelle\",\"url\":\"https:\\\/\\\/lasentinelle.dz\\\/\",\"logo\":{\"@type\":\"ImageObject\",\"inLanguage\":\"fr-FR\",\"@id\":\"https:\\\/\\\/lasentinelle.dz\\\/#\\\/schema\\\/logo\\\/image\\\/\",\"url\":\"https:\\\/\\\/lasentinelle.dz\\\/wp-content\\\/uploads\\\/2021\\\/09\\\/logo-sentinelleSLOGAN-1.png\",\"contentUrl\":\"https:\\\/\\\/lasentinelle.dz\\\/wp-content\\\/uploads\\\/2021\\\/09\\\/logo-sentinelleSLOGAN-1.png\",\"width\":615,\"height\":142,\"caption\":\"Quotidien La Sentinelle\"},\"image\":{\"@id\":\"https:\\\/\\\/lasentinelle.dz\\\/#\\\/schema\\\/logo\\\/image\\\/\"},\"sameAs\":[\"https:\\\/\\\/www.facebook.com\\\/La-Sentinelle-104059864394773\"]},{\"@type\":\"Person\",\"@id\":\"https:\\\/\\\/lasentinelle.dz\\\/#\\\/schema\\\/person\\\/729ee0024f24e0b8c5ec17232f8e8b41\",\"name\":\"admin\",\"image\":{\"@type\":\"ImageObject\",\"inLanguage\":\"fr-FR\",\"@id\":\"https:\\\/\\\/secure.gravatar.com\\\/avatar\\\/4c81fed838786e9b53f540bf46533e750f5d292099ae3b66cfc6fb1982e29df7?s=96&d=mm&r=g\",\"url\":\"https:\\\/\\\/secure.gravatar.com\\\/avatar\\\/4c81fed838786e9b53f540bf46533e750f5d292099ae3b66cfc6fb1982e29df7?s=96&d=mm&r=g\",\"contentUrl\":\"https:\\\/\\\/secure.gravatar.com\\\/avatar\\\/4c81fed838786e9b53f540bf46533e750f5d292099ae3b66cfc6fb1982e29df7?s=96&d=mm&r=g\",\"caption\":\"admin\"},\"description\":\"admin\",\"url\":\"https:\\\/\\\/lasentinelle.dz\\\/author\\\/admin\\\/\"}]}<\/script>\n<!-- \/ Yoast SEO plugin. -->","yoast_head_json":{"title":"La CAF retire le titre africain au S\u00e9n\u00e9gal\u00a0: Scandaleux\u00a0! - La Sentinelle","robots":{"index":"index","follow":"follow","max-snippet":"max-snippet:-1","max-image-preview":"max-image-preview:large","max-video-preview":"max-video-preview:-1"},"canonical":"https:\/\/lasentinelle.dz\/index.php\/2026\/03\/18\/la-caf-retire-le-titre-africain-au-senegal-scandaleux\/","og_locale":"fr_FR","og_type":"article","og_title":"La CAF retire le titre africain au S\u00e9n\u00e9gal\u00a0: Scandaleux\u00a0! - La Sentinelle","og_description":"La CAF retire le titre de la CAN au S\u00e9n\u00e9gal et le brade au Maroc, se discr\u00e9ditant totalement et d\u00e9cr\u00e9dibilisant","og_url":"https:\/\/lasentinelle.dz\/index.php\/2026\/03\/18\/la-caf-retire-le-titre-africain-au-senegal-scandaleux\/","og_site_name":"La Sentinelle","article_publisher":"https:\/\/www.facebook.com\/La-Sentinelle-104059864394773","article_published_time":"2026-03-18T19:24:39+00:00","article_modified_time":"2026-03-18T19:24:42+00:00","og_image":[{"width":885,"height":500,"url":"https:\/\/lasentinelle.dz\/wp-content\/uploads\/2026\/03\/senegal.jpg","type":"image\/jpeg"}],"author":"admin","twitter_card":"summary_large_image","twitter_misc":{"\u00c9crit par":"admin","Dur\u00e9e de lecture estim\u00e9e":"6 minutes"},"schema":{"@context":"https:\/\/schema.org","@graph":[{"@type":"Article","@id":"https:\/\/lasentinelle.dz\/index.php\/2026\/03\/18\/la-caf-retire-le-titre-africain-au-senegal-scandaleux\/#article","isPartOf":{"@id":"https:\/\/lasentinelle.dz\/index.php\/2026\/03\/18\/la-caf-retire-le-titre-africain-au-senegal-scandaleux\/"},"author":{"name":"admin","@id":"https:\/\/lasentinelle.dz\/#\/schema\/person\/729ee0024f24e0b8c5ec17232f8e8b41"},"headline":"La CAF retire le titre africain au S\u00e9n\u00e9gal\u00a0: Scandaleux\u00a0!","datePublished":"2026-03-18T19:24:39+00:00","dateModified":"2026-03-18T19:24:42+00:00","mainEntityOfPage":{"@id":"https:\/\/lasentinelle.dz\/index.php\/2026\/03\/18\/la-caf-retire-le-titre-africain-au-senegal-scandaleux\/"},"wordCount":1222,"commentCount":0,"publisher":{"@id":"https:\/\/lasentinelle.dz\/#organization"},"image":{"@id":"https:\/\/lasentinelle.dz\/index.php\/2026\/03\/18\/la-caf-retire-le-titre-africain-au-senegal-scandaleux\/#primaryimage"},"thumbnailUrl":"https:\/\/lasentinelle.dz\/wp-content\/uploads\/2026\/03\/senegal.jpg","articleSection":["Sports"],"inLanguage":"fr-FR","potentialAction":[{"@type":"CommentAction","name":"Comment","target":["https:\/\/lasentinelle.dz\/index.php\/2026\/03\/18\/la-caf-retire-le-titre-africain-au-senegal-scandaleux\/#respond"]}]},{"@type":"WebPage","@id":"https:\/\/lasentinelle.dz\/index.php\/2026\/03\/18\/la-caf-retire-le-titre-africain-au-senegal-scandaleux\/","url":"https:\/\/lasentinelle.dz\/index.php\/2026\/03\/18\/la-caf-retire-le-titre-africain-au-senegal-scandaleux\/","name":"La CAF retire le titre africain au S\u00e9n\u00e9gal\u00a0: Scandaleux\u00a0! - La Sentinelle","isPartOf":{"@id":"https:\/\/lasentinelle.dz\/#website"},"primaryImageOfPage":{"@id":"https:\/\/lasentinelle.dz\/index.php\/2026\/03\/18\/la-caf-retire-le-titre-africain-au-senegal-scandaleux\/#primaryimage"},"image":{"@id":"https:\/\/lasentinelle.dz\/index.php\/2026\/03\/18\/la-caf-retire-le-titre-africain-au-senegal-scandaleux\/#primaryimage"},"thumbnailUrl":"https:\/\/lasentinelle.dz\/wp-content\/uploads\/2026\/03\/senegal.jpg","datePublished":"2026-03-18T19:24:39+00:00","dateModified":"2026-03-18T19:24:42+00:00","breadcrumb":{"@id":"https:\/\/lasentinelle.dz\/index.php\/2026\/03\/18\/la-caf-retire-le-titre-africain-au-senegal-scandaleux\/#breadcrumb"},"inLanguage":"fr-FR","potentialAction":[{"@type":"ReadAction","target":["https:\/\/lasentinelle.dz\/index.php\/2026\/03\/18\/la-caf-retire-le-titre-africain-au-senegal-scandaleux\/"]}]},{"@type":"ImageObject","inLanguage":"fr-FR","@id":"https:\/\/lasentinelle.dz\/index.php\/2026\/03\/18\/la-caf-retire-le-titre-africain-au-senegal-scandaleux\/#primaryimage","url":"https:\/\/lasentinelle.dz\/wp-content\/uploads\/2026\/03\/senegal.jpg","contentUrl":"https:\/\/lasentinelle.dz\/wp-content\/uploads\/2026\/03\/senegal.jpg","width":885,"height":500,"caption":"epa12659935 Sadio Mane (C-L) and players of Senegal celebrate with the trophy after winning the CAF Africa Cup of Nations 2025 final match between Senegal and Morocco in Rabat, Morocco, 18 January 2026. EPA\/JALAL MORCHIDI (MaxPPP TagID: epaliveeight790147.jpg) [Photo via MaxPPP]"},{"@type":"BreadcrumbList","@id":"https:\/\/lasentinelle.dz\/index.php\/2026\/03\/18\/la-caf-retire-le-titre-africain-au-senegal-scandaleux\/#breadcrumb","itemListElement":[{"@type":"ListItem","position":1,"name":"Accueil","item":"https:\/\/lasentinelle.dz\/"},{"@type":"ListItem","position":2,"name":"La CAF retire le titre africain au S\u00e9n\u00e9gal\u00a0: Scandaleux\u00a0!"}]},{"@type":"WebSite","@id":"https:\/\/lasentinelle.dz\/#website","url":"https:\/\/lasentinelle.dz\/","name":"La Sentinelle","description":"Quotidien national d&#039;information","publisher":{"@id":"https:\/\/lasentinelle.dz\/#organization"},"potentialAction":[{"@type":"SearchAction","target":{"@type":"EntryPoint","urlTemplate":"https:\/\/lasentinelle.dz\/?s={search_term_string}"},"query-input":{"@type":"PropertyValueSpecification","valueRequired":true,"valueName":"search_term_string"}}],"inLanguage":"fr-FR"},{"@type":"Organization","@id":"https:\/\/lasentinelle.dz\/#organization","name":"Quotidien La Sentinelle","url":"https:\/\/lasentinelle.dz\/","logo":{"@type":"ImageObject","inLanguage":"fr-FR","@id":"https:\/\/lasentinelle.dz\/#\/schema\/logo\/image\/","url":"https:\/\/lasentinelle.dz\/wp-content\/uploads\/2021\/09\/logo-sentinelleSLOGAN-1.png","contentUrl":"https:\/\/lasentinelle.dz\/wp-content\/uploads\/2021\/09\/logo-sentinelleSLOGAN-1.png","width":615,"height":142,"caption":"Quotidien La Sentinelle"},"image":{"@id":"https:\/\/lasentinelle.dz\/#\/schema\/logo\/image\/"},"sameAs":["https:\/\/www.facebook.com\/La-Sentinelle-104059864394773"]},{"@type":"Person","@id":"https:\/\/lasentinelle.dz\/#\/schema\/person\/729ee0024f24e0b8c5ec17232f8e8b41","name":"admin","image":{"@type":"ImageObject","inLanguage":"fr-FR","@id":"https:\/\/secure.gravatar.com\/avatar\/4c81fed838786e9b53f540bf46533e750f5d292099ae3b66cfc6fb1982e29df7?s=96&d=mm&r=g","url":"https:\/\/secure.gravatar.com\/avatar\/4c81fed838786e9b53f540bf46533e750f5d292099ae3b66cfc6fb1982e29df7?s=96&d=mm&r=g","contentUrl":"https:\/\/secure.gravatar.com\/avatar\/4c81fed838786e9b53f540bf46533e750f5d292099ae3b66cfc6fb1982e29df7?s=96&d=mm&r=g","caption":"admin"},"description":"admin","url":"https:\/\/lasentinelle.dz\/author\/admin\/"}]}},"_links":{"self":[{"href":"https:\/\/lasentinelle.dz\/index.php\/wp-json\/wp\/v2\/posts\/83821","targetHints":{"allow":["GET"]}}],"collection":[{"href":"https:\/\/lasentinelle.dz\/index.php\/wp-json\/wp\/v2\/posts"}],"about":[{"href":"https:\/\/lasentinelle.dz\/index.php\/wp-json\/wp\/v2\/types\/post"}],"author":[{"embeddable":true,"href":"https:\/\/lasentinelle.dz\/index.php\/wp-json\/wp\/v2\/users\/6"}],"replies":[{"embeddable":true,"href":"https:\/\/lasentinelle.dz\/index.php\/wp-json\/wp\/v2\/comments?post=83821"}],"version-history":[{"count":1,"href":"https:\/\/lasentinelle.dz\/index.php\/wp-json\/wp\/v2\/posts\/83821\/revisions"}],"predecessor-version":[{"id":83823,"href":"https:\/\/lasentinelle.dz\/index.php\/wp-json\/wp\/v2\/posts\/83821\/revisions\/83823"}],"wp:featuredmedia":[{"embeddable":true,"href":"https:\/\/lasentinelle.dz\/index.php\/wp-json\/wp\/v2\/media\/83822"}],"wp:attachment":[{"href":"https:\/\/lasentinelle.dz\/index.php\/wp-json\/wp\/v2\/media?parent=83821"}],"wp:term":[{"taxonomy":"category","embeddable":true,"href":"https:\/\/lasentinelle.dz\/index.php\/wp-json\/wp\/v2\/categories?post=83821"},{"taxonomy":"post_tag","embeddable":true,"href":"https:\/\/lasentinelle.dz\/index.php\/wp-json\/wp\/v2\/tags?post=83821"}],"curies":[{"name":"wp","href":"https:\/\/api.w.org\/{rel}","templated":true}]}}