{"id":83827,"date":"2026-03-18T20:27:01","date_gmt":"2026-03-18T19:27:01","guid":{"rendered":"https:\/\/lasentinelle.dz\/?p=83827"},"modified":"2026-03-18T20:27:01","modified_gmt":"2026-03-18T19:27:01","slug":"lopera-cloture-ses-soirees-ramadanesques-sur-une-nuit-soufie","status":"publish","type":"post","link":"https:\/\/lasentinelle.dz\/index.php\/2026\/03\/18\/lopera-cloture-ses-soirees-ramadanesques-sur-une-nuit-soufie\/","title":{"rendered":"L&rsquo;Op\u00e9ra cl\u00f4ture ses soir\u00e9es ramadanesques sur une nuit soufie"},"content":{"rendered":"\n<p>C&rsquo;est dans une atmosph\u00e8re de spiritualit\u00e9 intense et de recueillement que l&rsquo;Op\u00e9ra d&rsquo;Alger Boualem Bessa\u00efeh a accueilli, lundi, la soir\u00e9e de cl\u00f4ture de son programme de \u00ab Soir\u00e9es de l&rsquo;Op\u00e9ra ramadanesque \u00bb, offrant au public une plong\u00e9e dans les profondeurs du patrimoine soufi alg\u00e9rien, port\u00e9 par la voix et l&rsquo;art de la ville des Ponts suspendus, Constantine, m\u00e8re des cit\u00e9s. C&rsquo;est l&rsquo;artiste Mohamed R\u00e9dha Boudebagh qui a eu l&rsquo;honneur d&rsquo;animer cette ultime soir\u00e9e, \u00e0 travers un spectacle intitul\u00e9 \u00ab Hadhra et Diwan \u00bb, programme ambitieux r\u00e9unissant une palette de couleurs soufies et patrimoniales refl\u00e9tant toute la richesse de l&rsquo;h\u00e9ritage constantinois. Sur la sc\u00e8ne prestigieuse de l&rsquo;Op\u00e9ra d&rsquo;Alger, une \u00e9lite d&rsquo;artistes venus de Constantine a d\u00e9ploy\u00e9 un art total, m\u00ealant avec une ma\u00eetrise confondante les traditions de l&rsquo;A\u00efssaoua, des Fkirat, du Malouf et du Wassfane. Ces quatre registres, aux textures sonores et spirituelles distinctes, se sont fondus en une fresque artistique d&rsquo;une coh\u00e9rence saisissante, o\u00f9 les anachides \u2014 ces chants d\u00e9votionnels d&rsquo;une beaut\u00e9 aust\u00e8re \u2014 se sont entrelac\u00e9es aux rythmes traditionnels dans une harmonie envo\u00fbtante.<\/p>\n\n\n\n<p>La performance collective qui a port\u00e9 ce spectacle a conf\u00e9r\u00e9 \u00e0 la soir\u00e9e une dimension spirituelle d&rsquo;une rare profondeur. Le public, visiblement touch\u00e9, a r\u00e9pondu avec chaleur \u00e0 chacune des s\u00e9quences propos\u00e9es, dans une salle o\u00f9 r\u00e9gnait cette atmosph\u00e8re particuli\u00e8re que seul le chant soufi sait cr\u00e9er : \u00e0 mi-chemin entre l&rsquo;\u00e9motion esth\u00e9tique et l&rsquo;\u00e9l\u00e9vation int\u00e9rieure. La rencontre entre la solennit\u00e9 du lieu \u2014 l&rsquo;un des plus beaux espaces culturels du pays \u2014 et la ferveur intime du r\u00e9pertoire soufi a produit une alchimie rare, faisant de cette nuit un moment hors du temps.<\/p>\n\n\n\n<p>Cette soir\u00e9e de cl\u00f4ture a ainsi mis un terme \u00e0 un programme riche qui, tout au long du mois sacr\u00e9, a c\u00e9l\u00e9br\u00e9 l&rsquo;authenticit\u00e9 et la diversit\u00e9 du patrimoine artistique alg\u00e9rien dans l&rsquo;un de ses plus beaux \u00e9crins. En confiant le mot de la fin au soufisme constantinois, l&rsquo;Op\u00e9ra d&rsquo;Alger a rappel\u00e9 avec \u00e9loquence que la culture alg\u00e9rienne puise sa force dans la profondeur de ses racines spirituelles autant que dans la vari\u00e9t\u00e9 de ses expressions r\u00e9gionales.<\/p>\n\n\n\n<p>M.S.<\/p>\n","protected":false},"excerpt":{"rendered":"<p>C&rsquo;est dans une atmosph\u00e8re de spiritualit\u00e9 intense et de recueillement que l&rsquo;Op\u00e9ra d&rsquo;Alger Boualem Bessa\u00efeh a accueilli, lundi, la soir\u00e9e<\/p>\n","protected":false},"author":6,"featured_media":83828,"comment_status":"open","ping_status":"closed","sticky":false,"template":"","format":"standard","meta":{"colormag_page_container_layout":"default_layout","colormag_page_sidebar_layout":"default_layout","om_disable_all_campaigns":false,"_monsterinsights_skip_tracking":false,"_monsterinsights_sitenote_active":false,"_monsterinsights_sitenote_note":"","_monsterinsights_sitenote_category":0,"footnotes":"","_wpscppro_dont_share_socialmedia":false,"_wpscppro_custom_social_share_image":0,"_facebook_share_type":"default","_twitter_share_type":"default","_linkedin_share_type":"default","_pinterest_share_type":"default","_linkedin_share_type_page":"","_instagram_share_type":"default","_medium_share_type":"default","_threads_share_type":"default","_google_business_share_type":"default","_selected_social_profile":[],"_wpsp_enable_custom_social_template":false,"_wpsp_social_scheduling":{"enabled":false,"datetime":null,"platforms":[],"status":"template_only","dateOption":"today","timeOption":"now","customDays":"","customHours":"","customDate":"","customTime":"","schedulingType":"absolute"},"_wpsp_active_default_template":true},"categories":[36],"tags":[],"class_list":["post-83827","post","type-post","status-publish","format-standard","has-post-thumbnail","hentry","category-culture"],"aioseo_notices":[],"yoast_head":"<!-- This site is optimized with the Yoast SEO plugin v27.5 - https:\/\/yoast.com\/product\/yoast-seo-wordpress\/ -->\n<title>L&rsquo;Op\u00e9ra cl\u00f4ture ses soir\u00e9es ramadanesques sur une nuit soufie - La Sentinelle<\/title>\n<meta name=\"robots\" content=\"index, follow, max-snippet:-1, max-image-preview:large, max-video-preview:-1\" \/>\n<link rel=\"canonical\" href=\"https:\/\/lasentinelle.dz\/index.php\/2026\/03\/18\/lopera-cloture-ses-soirees-ramadanesques-sur-une-nuit-soufie\/\" \/>\n<meta property=\"og:locale\" content=\"fr_FR\" \/>\n<meta property=\"og:type\" content=\"article\" \/>\n<meta property=\"og:title\" content=\"L&rsquo;Op\u00e9ra cl\u00f4ture ses soir\u00e9es ramadanesques sur une nuit soufie - La Sentinelle\" \/>\n<meta property=\"og:description\" content=\"C&rsquo;est dans une atmosph\u00e8re de spiritualit\u00e9 intense et de recueillement que l&rsquo;Op\u00e9ra d&rsquo;Alger Boualem Bessa\u00efeh a accueilli, lundi, la soir\u00e9e\" \/>\n<meta property=\"og:url\" content=\"https:\/\/lasentinelle.dz\/index.php\/2026\/03\/18\/lopera-cloture-ses-soirees-ramadanesques-sur-une-nuit-soufie\/\" \/>\n<meta property=\"og:site_name\" content=\"La Sentinelle\" \/>\n<meta property=\"article:publisher\" content=\"https:\/\/www.facebook.com\/La-Sentinelle-104059864394773\" \/>\n<meta property=\"article:published_time\" content=\"2026-03-18T19:27:01+00:00\" \/>\n<meta property=\"og:image\" content=\"https:\/\/lasentinelle.dz\/wp-content\/uploads\/2026\/03\/opera-dalger-soiree.jpeg\" \/>\n\t<meta property=\"og:image:width\" content=\"1440\" \/>\n\t<meta property=\"og:image:height\" content=\"1080\" \/>\n\t<meta property=\"og:image:type\" content=\"image\/jpeg\" \/>\n<meta name=\"author\" content=\"admin\" \/>\n<meta name=\"twitter:card\" content=\"summary_large_image\" \/>\n<meta name=\"twitter:label1\" content=\"\u00c9crit par\" \/>\n\t<meta name=\"twitter:data1\" content=\"admin\" \/>\n\t<meta name=\"twitter:label2\" content=\"Dur\u00e9e de lecture estim\u00e9e\" \/>\n\t<meta name=\"twitter:data2\" content=\"2 minutes\" \/>\n<script type=\"application\/ld+json\" class=\"yoast-schema-graph\">{\"@context\":\"https:\\\/\\\/schema.org\",\"@graph\":[{\"@type\":\"Article\",\"@id\":\"https:\\\/\\\/lasentinelle.dz\\\/index.php\\\/2026\\\/03\\\/18\\\/lopera-cloture-ses-soirees-ramadanesques-sur-une-nuit-soufie\\\/#article\",\"isPartOf\":{\"@id\":\"https:\\\/\\\/lasentinelle.dz\\\/index.php\\\/2026\\\/03\\\/18\\\/lopera-cloture-ses-soirees-ramadanesques-sur-une-nuit-soufie\\\/\"},\"author\":{\"name\":\"admin\",\"@id\":\"https:\\\/\\\/lasentinelle.dz\\\/#\\\/schema\\\/person\\\/729ee0024f24e0b8c5ec17232f8e8b41\"},\"headline\":\"L&rsquo;Op\u00e9ra cl\u00f4ture ses soir\u00e9es ramadanesques sur une nuit soufie\",\"datePublished\":\"2026-03-18T19:27:01+00:00\",\"mainEntityOfPage\":{\"@id\":\"https:\\\/\\\/lasentinelle.dz\\\/index.php\\\/2026\\\/03\\\/18\\\/lopera-cloture-ses-soirees-ramadanesques-sur-une-nuit-soufie\\\/\"},\"wordCount\":419,\"commentCount\":0,\"publisher\":{\"@id\":\"https:\\\/\\\/lasentinelle.dz\\\/#organization\"},\"image\":{\"@id\":\"https:\\\/\\\/lasentinelle.dz\\\/index.php\\\/2026\\\/03\\\/18\\\/lopera-cloture-ses-soirees-ramadanesques-sur-une-nuit-soufie\\\/#primaryimage\"},\"thumbnailUrl\":\"https:\\\/\\\/lasentinelle.dz\\\/wp-content\\\/uploads\\\/2026\\\/03\\\/opera-dalger-soiree.jpeg\",\"articleSection\":[\"Culture\"],\"inLanguage\":\"fr-FR\",\"potentialAction\":[{\"@type\":\"CommentAction\",\"name\":\"Comment\",\"target\":[\"https:\\\/\\\/lasentinelle.dz\\\/index.php\\\/2026\\\/03\\\/18\\\/lopera-cloture-ses-soirees-ramadanesques-sur-une-nuit-soufie\\\/#respond\"]}]},{\"@type\":\"WebPage\",\"@id\":\"https:\\\/\\\/lasentinelle.dz\\\/index.php\\\/2026\\\/03\\\/18\\\/lopera-cloture-ses-soirees-ramadanesques-sur-une-nuit-soufie\\\/\",\"url\":\"https:\\\/\\\/lasentinelle.dz\\\/index.php\\\/2026\\\/03\\\/18\\\/lopera-cloture-ses-soirees-ramadanesques-sur-une-nuit-soufie\\\/\",\"name\":\"L&rsquo;Op\u00e9ra cl\u00f4ture ses soir\u00e9es ramadanesques sur une nuit soufie - La Sentinelle\",\"isPartOf\":{\"@id\":\"https:\\\/\\\/lasentinelle.dz\\\/#website\"},\"primaryImageOfPage\":{\"@id\":\"https:\\\/\\\/lasentinelle.dz\\\/index.php\\\/2026\\\/03\\\/18\\\/lopera-cloture-ses-soirees-ramadanesques-sur-une-nuit-soufie\\\/#primaryimage\"},\"image\":{\"@id\":\"https:\\\/\\\/lasentinelle.dz\\\/index.php\\\/2026\\\/03\\\/18\\\/lopera-cloture-ses-soirees-ramadanesques-sur-une-nuit-soufie\\\/#primaryimage\"},\"thumbnailUrl\":\"https:\\\/\\\/lasentinelle.dz\\\/wp-content\\\/uploads\\\/2026\\\/03\\\/opera-dalger-soiree.jpeg\",\"datePublished\":\"2026-03-18T19:27:01+00:00\",\"breadcrumb\":{\"@id\":\"https:\\\/\\\/lasentinelle.dz\\\/index.php\\\/2026\\\/03\\\/18\\\/lopera-cloture-ses-soirees-ramadanesques-sur-une-nuit-soufie\\\/#breadcrumb\"},\"inLanguage\":\"fr-FR\",\"potentialAction\":[{\"@type\":\"ReadAction\",\"target\":[\"https:\\\/\\\/lasentinelle.dz\\\/index.php\\\/2026\\\/03\\\/18\\\/lopera-cloture-ses-soirees-ramadanesques-sur-une-nuit-soufie\\\/\"]}]},{\"@type\":\"ImageObject\",\"inLanguage\":\"fr-FR\",\"@id\":\"https:\\\/\\\/lasentinelle.dz\\\/index.php\\\/2026\\\/03\\\/18\\\/lopera-cloture-ses-soirees-ramadanesques-sur-une-nuit-soufie\\\/#primaryimage\",\"url\":\"https:\\\/\\\/lasentinelle.dz\\\/wp-content\\\/uploads\\\/2026\\\/03\\\/opera-dalger-soiree.jpeg\",\"contentUrl\":\"https:\\\/\\\/lasentinelle.dz\\\/wp-content\\\/uploads\\\/2026\\\/03\\\/opera-dalger-soiree.jpeg\",\"width\":1440,\"height\":1080},{\"@type\":\"BreadcrumbList\",\"@id\":\"https:\\\/\\\/lasentinelle.dz\\\/index.php\\\/2026\\\/03\\\/18\\\/lopera-cloture-ses-soirees-ramadanesques-sur-une-nuit-soufie\\\/#breadcrumb\",\"itemListElement\":[{\"@type\":\"ListItem\",\"position\":1,\"name\":\"Accueil\",\"item\":\"https:\\\/\\\/lasentinelle.dz\\\/\"},{\"@type\":\"ListItem\",\"position\":2,\"name\":\"L&rsquo;Op\u00e9ra cl\u00f4ture ses soir\u00e9es ramadanesques sur une nuit soufie\"}]},{\"@type\":\"WebSite\",\"@id\":\"https:\\\/\\\/lasentinelle.dz\\\/#website\",\"url\":\"https:\\\/\\\/lasentinelle.dz\\\/\",\"name\":\"La Sentinelle\",\"description\":\"Quotidien national d&#039;information\",\"publisher\":{\"@id\":\"https:\\\/\\\/lasentinelle.dz\\\/#organization\"},\"potentialAction\":[{\"@type\":\"SearchAction\",\"target\":{\"@type\":\"EntryPoint\",\"urlTemplate\":\"https:\\\/\\\/lasentinelle.dz\\\/?s={search_term_string}\"},\"query-input\":{\"@type\":\"PropertyValueSpecification\",\"valueRequired\":true,\"valueName\":\"search_term_string\"}}],\"inLanguage\":\"fr-FR\"},{\"@type\":\"Organization\",\"@id\":\"https:\\\/\\\/lasentinelle.dz\\\/#organization\",\"name\":\"Quotidien La Sentinelle\",\"url\":\"https:\\\/\\\/lasentinelle.dz\\\/\",\"logo\":{\"@type\":\"ImageObject\",\"inLanguage\":\"fr-FR\",\"@id\":\"https:\\\/\\\/lasentinelle.dz\\\/#\\\/schema\\\/logo\\\/image\\\/\",\"url\":\"https:\\\/\\\/lasentinelle.dz\\\/wp-content\\\/uploads\\\/2021\\\/09\\\/logo-sentinelleSLOGAN-1.png\",\"contentUrl\":\"https:\\\/\\\/lasentinelle.dz\\\/wp-content\\\/uploads\\\/2021\\\/09\\\/logo-sentinelleSLOGAN-1.png\",\"width\":615,\"height\":142,\"caption\":\"Quotidien La Sentinelle\"},\"image\":{\"@id\":\"https:\\\/\\\/lasentinelle.dz\\\/#\\\/schema\\\/logo\\\/image\\\/\"},\"sameAs\":[\"https:\\\/\\\/www.facebook.com\\\/La-Sentinelle-104059864394773\"]},{\"@type\":\"Person\",\"@id\":\"https:\\\/\\\/lasentinelle.dz\\\/#\\\/schema\\\/person\\\/729ee0024f24e0b8c5ec17232f8e8b41\",\"name\":\"admin\",\"image\":{\"@type\":\"ImageObject\",\"inLanguage\":\"fr-FR\",\"@id\":\"https:\\\/\\\/secure.gravatar.com\\\/avatar\\\/4c81fed838786e9b53f540bf46533e750f5d292099ae3b66cfc6fb1982e29df7?s=96&d=mm&r=g\",\"url\":\"https:\\\/\\\/secure.gravatar.com\\\/avatar\\\/4c81fed838786e9b53f540bf46533e750f5d292099ae3b66cfc6fb1982e29df7?s=96&d=mm&r=g\",\"contentUrl\":\"https:\\\/\\\/secure.gravatar.com\\\/avatar\\\/4c81fed838786e9b53f540bf46533e750f5d292099ae3b66cfc6fb1982e29df7?s=96&d=mm&r=g\",\"caption\":\"admin\"},\"description\":\"admin\",\"url\":\"https:\\\/\\\/lasentinelle.dz\\\/author\\\/admin\\\/\"}]}<\/script>\n<!-- \/ Yoast SEO plugin. -->","yoast_head_json":{"title":"L&rsquo;Op\u00e9ra cl\u00f4ture ses soir\u00e9es ramadanesques sur une nuit soufie - La Sentinelle","robots":{"index":"index","follow":"follow","max-snippet":"max-snippet:-1","max-image-preview":"max-image-preview:large","max-video-preview":"max-video-preview:-1"},"canonical":"https:\/\/lasentinelle.dz\/index.php\/2026\/03\/18\/lopera-cloture-ses-soirees-ramadanesques-sur-une-nuit-soufie\/","og_locale":"fr_FR","og_type":"article","og_title":"L&rsquo;Op\u00e9ra cl\u00f4ture ses soir\u00e9es ramadanesques sur une nuit soufie - La Sentinelle","og_description":"C&rsquo;est dans une atmosph\u00e8re de spiritualit\u00e9 intense et de recueillement que l&rsquo;Op\u00e9ra d&rsquo;Alger Boualem Bessa\u00efeh a accueilli, lundi, la soir\u00e9e","og_url":"https:\/\/lasentinelle.dz\/index.php\/2026\/03\/18\/lopera-cloture-ses-soirees-ramadanesques-sur-une-nuit-soufie\/","og_site_name":"La Sentinelle","article_publisher":"https:\/\/www.facebook.com\/La-Sentinelle-104059864394773","article_published_time":"2026-03-18T19:27:01+00:00","og_image":[{"width":1440,"height":1080,"url":"https:\/\/lasentinelle.dz\/wp-content\/uploads\/2026\/03\/opera-dalger-soiree.jpeg","type":"image\/jpeg"}],"author":"admin","twitter_card":"summary_large_image","twitter_misc":{"\u00c9crit par":"admin","Dur\u00e9e de lecture estim\u00e9e":"2 minutes"},"schema":{"@context":"https:\/\/schema.org","@graph":[{"@type":"Article","@id":"https:\/\/lasentinelle.dz\/index.php\/2026\/03\/18\/lopera-cloture-ses-soirees-ramadanesques-sur-une-nuit-soufie\/#article","isPartOf":{"@id":"https:\/\/lasentinelle.dz\/index.php\/2026\/03\/18\/lopera-cloture-ses-soirees-ramadanesques-sur-une-nuit-soufie\/"},"author":{"name":"admin","@id":"https:\/\/lasentinelle.dz\/#\/schema\/person\/729ee0024f24e0b8c5ec17232f8e8b41"},"headline":"L&rsquo;Op\u00e9ra cl\u00f4ture ses soir\u00e9es ramadanesques sur une nuit soufie","datePublished":"2026-03-18T19:27:01+00:00","mainEntityOfPage":{"@id":"https:\/\/lasentinelle.dz\/index.php\/2026\/03\/18\/lopera-cloture-ses-soirees-ramadanesques-sur-une-nuit-soufie\/"},"wordCount":419,"commentCount":0,"publisher":{"@id":"https:\/\/lasentinelle.dz\/#organization"},"image":{"@id":"https:\/\/lasentinelle.dz\/index.php\/2026\/03\/18\/lopera-cloture-ses-soirees-ramadanesques-sur-une-nuit-soufie\/#primaryimage"},"thumbnailUrl":"https:\/\/lasentinelle.dz\/wp-content\/uploads\/2026\/03\/opera-dalger-soiree.jpeg","articleSection":["Culture"],"inLanguage":"fr-FR","potentialAction":[{"@type":"CommentAction","name":"Comment","target":["https:\/\/lasentinelle.dz\/index.php\/2026\/03\/18\/lopera-cloture-ses-soirees-ramadanesques-sur-une-nuit-soufie\/#respond"]}]},{"@type":"WebPage","@id":"https:\/\/lasentinelle.dz\/index.php\/2026\/03\/18\/lopera-cloture-ses-soirees-ramadanesques-sur-une-nuit-soufie\/","url":"https:\/\/lasentinelle.dz\/index.php\/2026\/03\/18\/lopera-cloture-ses-soirees-ramadanesques-sur-une-nuit-soufie\/","name":"L&rsquo;Op\u00e9ra cl\u00f4ture ses soir\u00e9es ramadanesques sur une nuit soufie - La Sentinelle","isPartOf":{"@id":"https:\/\/lasentinelle.dz\/#website"},"primaryImageOfPage":{"@id":"https:\/\/lasentinelle.dz\/index.php\/2026\/03\/18\/lopera-cloture-ses-soirees-ramadanesques-sur-une-nuit-soufie\/#primaryimage"},"image":{"@id":"https:\/\/lasentinelle.dz\/index.php\/2026\/03\/18\/lopera-cloture-ses-soirees-ramadanesques-sur-une-nuit-soufie\/#primaryimage"},"thumbnailUrl":"https:\/\/lasentinelle.dz\/wp-content\/uploads\/2026\/03\/opera-dalger-soiree.jpeg","datePublished":"2026-03-18T19:27:01+00:00","breadcrumb":{"@id":"https:\/\/lasentinelle.dz\/index.php\/2026\/03\/18\/lopera-cloture-ses-soirees-ramadanesques-sur-une-nuit-soufie\/#breadcrumb"},"inLanguage":"fr-FR","potentialAction":[{"@type":"ReadAction","target":["https:\/\/lasentinelle.dz\/index.php\/2026\/03\/18\/lopera-cloture-ses-soirees-ramadanesques-sur-une-nuit-soufie\/"]}]},{"@type":"ImageObject","inLanguage":"fr-FR","@id":"https:\/\/lasentinelle.dz\/index.php\/2026\/03\/18\/lopera-cloture-ses-soirees-ramadanesques-sur-une-nuit-soufie\/#primaryimage","url":"https:\/\/lasentinelle.dz\/wp-content\/uploads\/2026\/03\/opera-dalger-soiree.jpeg","contentUrl":"https:\/\/lasentinelle.dz\/wp-content\/uploads\/2026\/03\/opera-dalger-soiree.jpeg","width":1440,"height":1080},{"@type":"BreadcrumbList","@id":"https:\/\/lasentinelle.dz\/index.php\/2026\/03\/18\/lopera-cloture-ses-soirees-ramadanesques-sur-une-nuit-soufie\/#breadcrumb","itemListElement":[{"@type":"ListItem","position":1,"name":"Accueil","item":"https:\/\/lasentinelle.dz\/"},{"@type":"ListItem","position":2,"name":"L&rsquo;Op\u00e9ra cl\u00f4ture ses soir\u00e9es ramadanesques sur une nuit soufie"}]},{"@type":"WebSite","@id":"https:\/\/lasentinelle.dz\/#website","url":"https:\/\/lasentinelle.dz\/","name":"La Sentinelle","description":"Quotidien national d&#039;information","publisher":{"@id":"https:\/\/lasentinelle.dz\/#organization"},"potentialAction":[{"@type":"SearchAction","target":{"@type":"EntryPoint","urlTemplate":"https:\/\/lasentinelle.dz\/?s={search_term_string}"},"query-input":{"@type":"PropertyValueSpecification","valueRequired":true,"valueName":"search_term_string"}}],"inLanguage":"fr-FR"},{"@type":"Organization","@id":"https:\/\/lasentinelle.dz\/#organization","name":"Quotidien La Sentinelle","url":"https:\/\/lasentinelle.dz\/","logo":{"@type":"ImageObject","inLanguage":"fr-FR","@id":"https:\/\/lasentinelle.dz\/#\/schema\/logo\/image\/","url":"https:\/\/lasentinelle.dz\/wp-content\/uploads\/2021\/09\/logo-sentinelleSLOGAN-1.png","contentUrl":"https:\/\/lasentinelle.dz\/wp-content\/uploads\/2021\/09\/logo-sentinelleSLOGAN-1.png","width":615,"height":142,"caption":"Quotidien La Sentinelle"},"image":{"@id":"https:\/\/lasentinelle.dz\/#\/schema\/logo\/image\/"},"sameAs":["https:\/\/www.facebook.com\/La-Sentinelle-104059864394773"]},{"@type":"Person","@id":"https:\/\/lasentinelle.dz\/#\/schema\/person\/729ee0024f24e0b8c5ec17232f8e8b41","name":"admin","image":{"@type":"ImageObject","inLanguage":"fr-FR","@id":"https:\/\/secure.gravatar.com\/avatar\/4c81fed838786e9b53f540bf46533e750f5d292099ae3b66cfc6fb1982e29df7?s=96&d=mm&r=g","url":"https:\/\/secure.gravatar.com\/avatar\/4c81fed838786e9b53f540bf46533e750f5d292099ae3b66cfc6fb1982e29df7?s=96&d=mm&r=g","contentUrl":"https:\/\/secure.gravatar.com\/avatar\/4c81fed838786e9b53f540bf46533e750f5d292099ae3b66cfc6fb1982e29df7?s=96&d=mm&r=g","caption":"admin"},"description":"admin","url":"https:\/\/lasentinelle.dz\/author\/admin\/"}]}},"_links":{"self":[{"href":"https:\/\/lasentinelle.dz\/index.php\/wp-json\/wp\/v2\/posts\/83827","targetHints":{"allow":["GET"]}}],"collection":[{"href":"https:\/\/lasentinelle.dz\/index.php\/wp-json\/wp\/v2\/posts"}],"about":[{"href":"https:\/\/lasentinelle.dz\/index.php\/wp-json\/wp\/v2\/types\/post"}],"author":[{"embeddable":true,"href":"https:\/\/lasentinelle.dz\/index.php\/wp-json\/wp\/v2\/users\/6"}],"replies":[{"embeddable":true,"href":"https:\/\/lasentinelle.dz\/index.php\/wp-json\/wp\/v2\/comments?post=83827"}],"version-history":[{"count":2,"href":"https:\/\/lasentinelle.dz\/index.php\/wp-json\/wp\/v2\/posts\/83827\/revisions"}],"predecessor-version":[{"id":83830,"href":"https:\/\/lasentinelle.dz\/index.php\/wp-json\/wp\/v2\/posts\/83827\/revisions\/83830"}],"wp:featuredmedia":[{"embeddable":true,"href":"https:\/\/lasentinelle.dz\/index.php\/wp-json\/wp\/v2\/media\/83828"}],"wp:attachment":[{"href":"https:\/\/lasentinelle.dz\/index.php\/wp-json\/wp\/v2\/media?parent=83827"}],"wp:term":[{"taxonomy":"category","embeddable":true,"href":"https:\/\/lasentinelle.dz\/index.php\/wp-json\/wp\/v2\/categories?post=83827"},{"taxonomy":"post_tag","embeddable":true,"href":"https:\/\/lasentinelle.dz\/index.php\/wp-json\/wp\/v2\/tags?post=83827"}],"curies":[{"name":"wp","href":"https:\/\/api.w.org\/{rel}","templated":true}]}}