{"id":83852,"date":"2026-03-18T20:36:48","date_gmt":"2026-03-18T19:36:48","guid":{"rendered":"https:\/\/lasentinelle.dz\/?p=83852"},"modified":"2026-03-18T20:36:49","modified_gmt":"2026-03-18T19:36:49","slug":"annaba-les-conditions-de-prise-en-charge-des-malades-sous-la-loupe","status":"publish","type":"post","link":"https:\/\/lasentinelle.dz\/index.php\/2026\/03\/18\/annaba-les-conditions-de-prise-en-charge-des-malades-sous-la-loupe\/","title":{"rendered":"Annaba\u00a0: Les conditions de prise en charge des malades sous la loupe"},"content":{"rendered":"\n<p>Le wali d&rsquo;Annaba, Abdelkrim Laamouri, a effectu\u00e9 une visite d&rsquo;inspection \u00e0 l&rsquo;\u00c9tablissement Hospitalier Sp\u00e9cialis\u00e9 (EHS) Abdellah Nouaouria d&rsquo;El Bouni, pour \u00e9valuer de pr\u00e8s les conditions de prise en charge des patients et la qualit\u00e9 des prestations sanitaires offertes aux malades des diff\u00e9rentes circonscriptions administratives relevant de la da\u00efra d&rsquo;El Bouni.<\/p>\n\n\n\n<p>Au cours de cette visite, le chef de l&rsquo;ex\u00e9cutif de wilaya s&rsquo;est particuli\u00e8rement int\u00e9ress\u00e9 au fonctionnement g\u00e9n\u00e9ral de la structure et \u00e0 la qualit\u00e9 des services assur\u00e9s aux patients. Il en a profit\u00e9 pour prodiguer au directeur de la sant\u00e9 publique (DSP) et \u00e0 la directrice de l&rsquo;\u00e9tablissement des orientations visant le maintien d&rsquo;un niveau de service jug\u00e9 exemplaire, aussi bien par le wali lui-m\u00eame que par les patients. Il les a \u00e9galement invit\u00e9s \u00e0 redoubler d&rsquo;efforts pour am\u00e9liorer davantage la qualit\u00e9 des soins dispens\u00e9s. Abdelkrim Laamouri a, par ailleurs, insist\u00e9 sur la n\u00e9cessit\u00e9 imp\u00e9rieuse de garantir la continuit\u00e9 du service public hospitalier, notamment en renfor\u00e7ant le dispositif des permanences m\u00e9dicales durant les gardes de nuit, les week-ends et les p\u00e9riodes de f\u00eates, afin d&rsquo;assurer une disponibilit\u00e9 constante du personnel m\u00e9dical et soignant. En cl\u00f4ture de sa visite, le wali a rappel\u00e9 l&rsquo;importance de maintenir une dynamique de travail orient\u00e9e vers l&rsquo;am\u00e9lioration progressive des conditions d&rsquo;accueil et de prise en charge des malades, tout en saluant les efforts consentis par l&rsquo;ensemble des acteurs du secteur de la sant\u00e9. Cette visite a \u00e9galement co\u00efncid\u00e9 avec une op\u00e9ration de circoncision collective organis\u00e9e au sein de l&rsquo;EHS Abdellah Nouaouria, au profit d&rsquo;enfants orphelins et issus de familles d\u00e9munies. Tenue \u00e0 l&rsquo;occasion du mois sacr\u00e9 de Ramadhan, cette action s&rsquo;inscrit dans le cadre des initiatives solidaires devenues une tradition incontournable \u00e0 Annaba, comme dans l&rsquo;ensemble des wilayas du pays. Sa r\u00e9ussite a \u00e9t\u00e9 rendue possible gr\u00e2ce \u00e0 la mobilisation de l&rsquo;ensemble des intervenants et des moyens n\u00e9cessaires.<\/p>\n\n\n\n<p>Le wali d&rsquo;Annaba a salu\u00e9 cette initiative et toutes celles du m\u00eame ordre, estimant qu&rsquo;elles traduisent les valeurs d&rsquo;entraide et de coh\u00e9sion sociale, particuli\u00e8rement mises en avant durant le Ramadhan. Il a adress\u00e9 un message d&rsquo;encouragement aux organisateurs ainsi qu&rsquo;au personnel m\u00e9dical et param\u00e9dical, les invitant \u00e0 poursuivre leurs efforts au service de la collectivit\u00e9. \u00c9taient pr\u00e9sents, outre le premier responsable de la wilaya, les partenaires concern\u00e9s du secteur de la sant\u00e9 et de l&rsquo;action sociale, ainsi que les autorit\u00e9s militaires et civiles.<\/p>\n\n\n\n<p><strong>Sofia Chahine<\/strong><\/p>\n","protected":false},"excerpt":{"rendered":"<p>Le wali d&rsquo;Annaba, Abdelkrim Laamouri, a effectu\u00e9 une visite d&rsquo;inspection \u00e0 l&rsquo;\u00c9tablissement Hospitalier Sp\u00e9cialis\u00e9 (EHS) Abdellah Nouaouria d&rsquo;El Bouni, pour<\/p>\n","protected":false},"author":6,"featured_media":83853,"comment_status":"open","ping_status":"closed","sticky":false,"template":"","format":"standard","meta":{"colormag_page_container_layout":"default_layout","colormag_page_sidebar_layout":"default_layout","om_disable_all_campaigns":false,"_monsterinsights_skip_tracking":false,"_monsterinsights_sitenote_active":false,"_monsterinsights_sitenote_note":"","_monsterinsights_sitenote_category":0,"footnotes":"","_wpscppro_dont_share_socialmedia":false,"_wpscppro_custom_social_share_image":0,"_facebook_share_type":"default","_twitter_share_type":"default","_linkedin_share_type":"default","_pinterest_share_type":"default","_linkedin_share_type_page":"","_instagram_share_type":"default","_medium_share_type":"default","_threads_share_type":"default","_google_business_share_type":"default","_selected_social_profile":[],"_wpsp_enable_custom_social_template":false,"_wpsp_social_scheduling":{"enabled":false,"datetime":null,"platforms":[],"status":"template_only","dateOption":"today","timeOption":"now","customDays":"","customHours":"","customDate":"","customTime":"","schedulingType":"absolute"},"_wpsp_active_default_template":true},"categories":[31],"tags":[],"class_list":["post-83852","post","type-post","status-publish","format-standard","has-post-thumbnail","hentry","category-regions"],"aioseo_notices":[],"yoast_head":"<!-- This site is optimized with the Yoast SEO plugin v27.5 - https:\/\/yoast.com\/product\/yoast-seo-wordpress\/ -->\n<title>Annaba\u00a0: Les conditions de prise en charge des malades sous la loupe - La Sentinelle<\/title>\n<meta name=\"robots\" content=\"index, follow, max-snippet:-1, max-image-preview:large, max-video-preview:-1\" \/>\n<link rel=\"canonical\" href=\"https:\/\/lasentinelle.dz\/index.php\/2026\/03\/18\/annaba-les-conditions-de-prise-en-charge-des-malades-sous-la-loupe\/\" \/>\n<meta property=\"og:locale\" content=\"fr_FR\" \/>\n<meta property=\"og:type\" content=\"article\" \/>\n<meta property=\"og:title\" content=\"Annaba\u00a0: Les conditions de prise en charge des malades sous la loupe - La Sentinelle\" \/>\n<meta property=\"og:description\" content=\"Le wali d&rsquo;Annaba, Abdelkrim Laamouri, a effectu\u00e9 une visite d&rsquo;inspection \u00e0 l&rsquo;\u00c9tablissement Hospitalier Sp\u00e9cialis\u00e9 (EHS) Abdellah Nouaouria d&rsquo;El Bouni, pour\" \/>\n<meta property=\"og:url\" content=\"https:\/\/lasentinelle.dz\/index.php\/2026\/03\/18\/annaba-les-conditions-de-prise-en-charge-des-malades-sous-la-loupe\/\" \/>\n<meta property=\"og:site_name\" content=\"La Sentinelle\" \/>\n<meta property=\"article:publisher\" content=\"https:\/\/www.facebook.com\/La-Sentinelle-104059864394773\" \/>\n<meta property=\"article:published_time\" content=\"2026-03-18T19:36:48+00:00\" \/>\n<meta property=\"article:modified_time\" content=\"2026-03-18T19:36:49+00:00\" \/>\n<meta property=\"og:image\" content=\"https:\/\/lasentinelle.dz\/wp-content\/uploads\/2026\/03\/wali-sante.jpg\" \/>\n\t<meta property=\"og:image:width\" content=\"1280\" \/>\n\t<meta property=\"og:image:height\" content=\"853\" \/>\n\t<meta property=\"og:image:type\" content=\"image\/jpeg\" \/>\n<meta name=\"author\" content=\"admin\" \/>\n<meta name=\"twitter:card\" content=\"summary_large_image\" \/>\n<meta name=\"twitter:label1\" content=\"\u00c9crit par\" \/>\n\t<meta name=\"twitter:data1\" content=\"admin\" \/>\n\t<meta name=\"twitter:label2\" content=\"Dur\u00e9e de lecture estim\u00e9e\" \/>\n\t<meta name=\"twitter:data2\" content=\"3 minutes\" \/>\n<script type=\"application\/ld+json\" class=\"yoast-schema-graph\">{\"@context\":\"https:\\\/\\\/schema.org\",\"@graph\":[{\"@type\":\"Article\",\"@id\":\"https:\\\/\\\/lasentinelle.dz\\\/index.php\\\/2026\\\/03\\\/18\\\/annaba-les-conditions-de-prise-en-charge-des-malades-sous-la-loupe\\\/#article\",\"isPartOf\":{\"@id\":\"https:\\\/\\\/lasentinelle.dz\\\/index.php\\\/2026\\\/03\\\/18\\\/annaba-les-conditions-de-prise-en-charge-des-malades-sous-la-loupe\\\/\"},\"author\":{\"name\":\"admin\",\"@id\":\"https:\\\/\\\/lasentinelle.dz\\\/#\\\/schema\\\/person\\\/729ee0024f24e0b8c5ec17232f8e8b41\"},\"headline\":\"Annaba\u00a0: Les conditions de prise en charge des malades sous la loupe\",\"datePublished\":\"2026-03-18T19:36:48+00:00\",\"dateModified\":\"2026-03-18T19:36:49+00:00\",\"mainEntityOfPage\":{\"@id\":\"https:\\\/\\\/lasentinelle.dz\\\/index.php\\\/2026\\\/03\\\/18\\\/annaba-les-conditions-de-prise-en-charge-des-malades-sous-la-loupe\\\/\"},\"wordCount\":458,\"commentCount\":0,\"publisher\":{\"@id\":\"https:\\\/\\\/lasentinelle.dz\\\/#organization\"},\"image\":{\"@id\":\"https:\\\/\\\/lasentinelle.dz\\\/index.php\\\/2026\\\/03\\\/18\\\/annaba-les-conditions-de-prise-en-charge-des-malades-sous-la-loupe\\\/#primaryimage\"},\"thumbnailUrl\":\"https:\\\/\\\/lasentinelle.dz\\\/wp-content\\\/uploads\\\/2026\\\/03\\\/wali-sante.jpg\",\"articleSection\":[\"R\u00e9gions\"],\"inLanguage\":\"fr-FR\",\"potentialAction\":[{\"@type\":\"CommentAction\",\"name\":\"Comment\",\"target\":[\"https:\\\/\\\/lasentinelle.dz\\\/index.php\\\/2026\\\/03\\\/18\\\/annaba-les-conditions-de-prise-en-charge-des-malades-sous-la-loupe\\\/#respond\"]}]},{\"@type\":\"WebPage\",\"@id\":\"https:\\\/\\\/lasentinelle.dz\\\/index.php\\\/2026\\\/03\\\/18\\\/annaba-les-conditions-de-prise-en-charge-des-malades-sous-la-loupe\\\/\",\"url\":\"https:\\\/\\\/lasentinelle.dz\\\/index.php\\\/2026\\\/03\\\/18\\\/annaba-les-conditions-de-prise-en-charge-des-malades-sous-la-loupe\\\/\",\"name\":\"Annaba\u00a0: Les conditions de prise en charge des malades sous la loupe - La Sentinelle\",\"isPartOf\":{\"@id\":\"https:\\\/\\\/lasentinelle.dz\\\/#website\"},\"primaryImageOfPage\":{\"@id\":\"https:\\\/\\\/lasentinelle.dz\\\/index.php\\\/2026\\\/03\\\/18\\\/annaba-les-conditions-de-prise-en-charge-des-malades-sous-la-loupe\\\/#primaryimage\"},\"image\":{\"@id\":\"https:\\\/\\\/lasentinelle.dz\\\/index.php\\\/2026\\\/03\\\/18\\\/annaba-les-conditions-de-prise-en-charge-des-malades-sous-la-loupe\\\/#primaryimage\"},\"thumbnailUrl\":\"https:\\\/\\\/lasentinelle.dz\\\/wp-content\\\/uploads\\\/2026\\\/03\\\/wali-sante.jpg\",\"datePublished\":\"2026-03-18T19:36:48+00:00\",\"dateModified\":\"2026-03-18T19:36:49+00:00\",\"breadcrumb\":{\"@id\":\"https:\\\/\\\/lasentinelle.dz\\\/index.php\\\/2026\\\/03\\\/18\\\/annaba-les-conditions-de-prise-en-charge-des-malades-sous-la-loupe\\\/#breadcrumb\"},\"inLanguage\":\"fr-FR\",\"potentialAction\":[{\"@type\":\"ReadAction\",\"target\":[\"https:\\\/\\\/lasentinelle.dz\\\/index.php\\\/2026\\\/03\\\/18\\\/annaba-les-conditions-de-prise-en-charge-des-malades-sous-la-loupe\\\/\"]}]},{\"@type\":\"ImageObject\",\"inLanguage\":\"fr-FR\",\"@id\":\"https:\\\/\\\/lasentinelle.dz\\\/index.php\\\/2026\\\/03\\\/18\\\/annaba-les-conditions-de-prise-en-charge-des-malades-sous-la-loupe\\\/#primaryimage\",\"url\":\"https:\\\/\\\/lasentinelle.dz\\\/wp-content\\\/uploads\\\/2026\\\/03\\\/wali-sante.jpg\",\"contentUrl\":\"https:\\\/\\\/lasentinelle.dz\\\/wp-content\\\/uploads\\\/2026\\\/03\\\/wali-sante.jpg\",\"width\":1280,\"height\":853},{\"@type\":\"BreadcrumbList\",\"@id\":\"https:\\\/\\\/lasentinelle.dz\\\/index.php\\\/2026\\\/03\\\/18\\\/annaba-les-conditions-de-prise-en-charge-des-malades-sous-la-loupe\\\/#breadcrumb\",\"itemListElement\":[{\"@type\":\"ListItem\",\"position\":1,\"name\":\"Accueil\",\"item\":\"https:\\\/\\\/lasentinelle.dz\\\/\"},{\"@type\":\"ListItem\",\"position\":2,\"name\":\"Annaba\u00a0: Les conditions de prise en charge des malades sous la loupe\"}]},{\"@type\":\"WebSite\",\"@id\":\"https:\\\/\\\/lasentinelle.dz\\\/#website\",\"url\":\"https:\\\/\\\/lasentinelle.dz\\\/\",\"name\":\"La Sentinelle\",\"description\":\"Quotidien national d&#039;information\",\"publisher\":{\"@id\":\"https:\\\/\\\/lasentinelle.dz\\\/#organization\"},\"potentialAction\":[{\"@type\":\"SearchAction\",\"target\":{\"@type\":\"EntryPoint\",\"urlTemplate\":\"https:\\\/\\\/lasentinelle.dz\\\/?s={search_term_string}\"},\"query-input\":{\"@type\":\"PropertyValueSpecification\",\"valueRequired\":true,\"valueName\":\"search_term_string\"}}],\"inLanguage\":\"fr-FR\"},{\"@type\":\"Organization\",\"@id\":\"https:\\\/\\\/lasentinelle.dz\\\/#organization\",\"name\":\"Quotidien La Sentinelle\",\"url\":\"https:\\\/\\\/lasentinelle.dz\\\/\",\"logo\":{\"@type\":\"ImageObject\",\"inLanguage\":\"fr-FR\",\"@id\":\"https:\\\/\\\/lasentinelle.dz\\\/#\\\/schema\\\/logo\\\/image\\\/\",\"url\":\"https:\\\/\\\/lasentinelle.dz\\\/wp-content\\\/uploads\\\/2021\\\/09\\\/logo-sentinelleSLOGAN-1.png\",\"contentUrl\":\"https:\\\/\\\/lasentinelle.dz\\\/wp-content\\\/uploads\\\/2021\\\/09\\\/logo-sentinelleSLOGAN-1.png\",\"width\":615,\"height\":142,\"caption\":\"Quotidien La Sentinelle\"},\"image\":{\"@id\":\"https:\\\/\\\/lasentinelle.dz\\\/#\\\/schema\\\/logo\\\/image\\\/\"},\"sameAs\":[\"https:\\\/\\\/www.facebook.com\\\/La-Sentinelle-104059864394773\"]},{\"@type\":\"Person\",\"@id\":\"https:\\\/\\\/lasentinelle.dz\\\/#\\\/schema\\\/person\\\/729ee0024f24e0b8c5ec17232f8e8b41\",\"name\":\"admin\",\"image\":{\"@type\":\"ImageObject\",\"inLanguage\":\"fr-FR\",\"@id\":\"https:\\\/\\\/secure.gravatar.com\\\/avatar\\\/4c81fed838786e9b53f540bf46533e750f5d292099ae3b66cfc6fb1982e29df7?s=96&d=mm&r=g\",\"url\":\"https:\\\/\\\/secure.gravatar.com\\\/avatar\\\/4c81fed838786e9b53f540bf46533e750f5d292099ae3b66cfc6fb1982e29df7?s=96&d=mm&r=g\",\"contentUrl\":\"https:\\\/\\\/secure.gravatar.com\\\/avatar\\\/4c81fed838786e9b53f540bf46533e750f5d292099ae3b66cfc6fb1982e29df7?s=96&d=mm&r=g\",\"caption\":\"admin\"},\"description\":\"admin\",\"url\":\"https:\\\/\\\/lasentinelle.dz\\\/author\\\/admin\\\/\"}]}<\/script>\n<!-- \/ Yoast SEO plugin. -->","yoast_head_json":{"title":"Annaba\u00a0: Les conditions de prise en charge des malades sous la loupe - La Sentinelle","robots":{"index":"index","follow":"follow","max-snippet":"max-snippet:-1","max-image-preview":"max-image-preview:large","max-video-preview":"max-video-preview:-1"},"canonical":"https:\/\/lasentinelle.dz\/index.php\/2026\/03\/18\/annaba-les-conditions-de-prise-en-charge-des-malades-sous-la-loupe\/","og_locale":"fr_FR","og_type":"article","og_title":"Annaba\u00a0: Les conditions de prise en charge des malades sous la loupe - La Sentinelle","og_description":"Le wali d&rsquo;Annaba, Abdelkrim Laamouri, a effectu\u00e9 une visite d&rsquo;inspection \u00e0 l&rsquo;\u00c9tablissement Hospitalier Sp\u00e9cialis\u00e9 (EHS) Abdellah Nouaouria d&rsquo;El Bouni, pour","og_url":"https:\/\/lasentinelle.dz\/index.php\/2026\/03\/18\/annaba-les-conditions-de-prise-en-charge-des-malades-sous-la-loupe\/","og_site_name":"La Sentinelle","article_publisher":"https:\/\/www.facebook.com\/La-Sentinelle-104059864394773","article_published_time":"2026-03-18T19:36:48+00:00","article_modified_time":"2026-03-18T19:36:49+00:00","og_image":[{"width":1280,"height":853,"url":"https:\/\/lasentinelle.dz\/wp-content\/uploads\/2026\/03\/wali-sante.jpg","type":"image\/jpeg"}],"author":"admin","twitter_card":"summary_large_image","twitter_misc":{"\u00c9crit par":"admin","Dur\u00e9e de lecture estim\u00e9e":"3 minutes"},"schema":{"@context":"https:\/\/schema.org","@graph":[{"@type":"Article","@id":"https:\/\/lasentinelle.dz\/index.php\/2026\/03\/18\/annaba-les-conditions-de-prise-en-charge-des-malades-sous-la-loupe\/#article","isPartOf":{"@id":"https:\/\/lasentinelle.dz\/index.php\/2026\/03\/18\/annaba-les-conditions-de-prise-en-charge-des-malades-sous-la-loupe\/"},"author":{"name":"admin","@id":"https:\/\/lasentinelle.dz\/#\/schema\/person\/729ee0024f24e0b8c5ec17232f8e8b41"},"headline":"Annaba\u00a0: Les conditions de prise en charge des malades sous la loupe","datePublished":"2026-03-18T19:36:48+00:00","dateModified":"2026-03-18T19:36:49+00:00","mainEntityOfPage":{"@id":"https:\/\/lasentinelle.dz\/index.php\/2026\/03\/18\/annaba-les-conditions-de-prise-en-charge-des-malades-sous-la-loupe\/"},"wordCount":458,"commentCount":0,"publisher":{"@id":"https:\/\/lasentinelle.dz\/#organization"},"image":{"@id":"https:\/\/lasentinelle.dz\/index.php\/2026\/03\/18\/annaba-les-conditions-de-prise-en-charge-des-malades-sous-la-loupe\/#primaryimage"},"thumbnailUrl":"https:\/\/lasentinelle.dz\/wp-content\/uploads\/2026\/03\/wali-sante.jpg","articleSection":["R\u00e9gions"],"inLanguage":"fr-FR","potentialAction":[{"@type":"CommentAction","name":"Comment","target":["https:\/\/lasentinelle.dz\/index.php\/2026\/03\/18\/annaba-les-conditions-de-prise-en-charge-des-malades-sous-la-loupe\/#respond"]}]},{"@type":"WebPage","@id":"https:\/\/lasentinelle.dz\/index.php\/2026\/03\/18\/annaba-les-conditions-de-prise-en-charge-des-malades-sous-la-loupe\/","url":"https:\/\/lasentinelle.dz\/index.php\/2026\/03\/18\/annaba-les-conditions-de-prise-en-charge-des-malades-sous-la-loupe\/","name":"Annaba\u00a0: Les conditions de prise en charge des malades sous la loupe - La Sentinelle","isPartOf":{"@id":"https:\/\/lasentinelle.dz\/#website"},"primaryImageOfPage":{"@id":"https:\/\/lasentinelle.dz\/index.php\/2026\/03\/18\/annaba-les-conditions-de-prise-en-charge-des-malades-sous-la-loupe\/#primaryimage"},"image":{"@id":"https:\/\/lasentinelle.dz\/index.php\/2026\/03\/18\/annaba-les-conditions-de-prise-en-charge-des-malades-sous-la-loupe\/#primaryimage"},"thumbnailUrl":"https:\/\/lasentinelle.dz\/wp-content\/uploads\/2026\/03\/wali-sante.jpg","datePublished":"2026-03-18T19:36:48+00:00","dateModified":"2026-03-18T19:36:49+00:00","breadcrumb":{"@id":"https:\/\/lasentinelle.dz\/index.php\/2026\/03\/18\/annaba-les-conditions-de-prise-en-charge-des-malades-sous-la-loupe\/#breadcrumb"},"inLanguage":"fr-FR","potentialAction":[{"@type":"ReadAction","target":["https:\/\/lasentinelle.dz\/index.php\/2026\/03\/18\/annaba-les-conditions-de-prise-en-charge-des-malades-sous-la-loupe\/"]}]},{"@type":"ImageObject","inLanguage":"fr-FR","@id":"https:\/\/lasentinelle.dz\/index.php\/2026\/03\/18\/annaba-les-conditions-de-prise-en-charge-des-malades-sous-la-loupe\/#primaryimage","url":"https:\/\/lasentinelle.dz\/wp-content\/uploads\/2026\/03\/wali-sante.jpg","contentUrl":"https:\/\/lasentinelle.dz\/wp-content\/uploads\/2026\/03\/wali-sante.jpg","width":1280,"height":853},{"@type":"BreadcrumbList","@id":"https:\/\/lasentinelle.dz\/index.php\/2026\/03\/18\/annaba-les-conditions-de-prise-en-charge-des-malades-sous-la-loupe\/#breadcrumb","itemListElement":[{"@type":"ListItem","position":1,"name":"Accueil","item":"https:\/\/lasentinelle.dz\/"},{"@type":"ListItem","position":2,"name":"Annaba\u00a0: Les conditions de prise en charge des malades sous la loupe"}]},{"@type":"WebSite","@id":"https:\/\/lasentinelle.dz\/#website","url":"https:\/\/lasentinelle.dz\/","name":"La Sentinelle","description":"Quotidien national d&#039;information","publisher":{"@id":"https:\/\/lasentinelle.dz\/#organization"},"potentialAction":[{"@type":"SearchAction","target":{"@type":"EntryPoint","urlTemplate":"https:\/\/lasentinelle.dz\/?s={search_term_string}"},"query-input":{"@type":"PropertyValueSpecification","valueRequired":true,"valueName":"search_term_string"}}],"inLanguage":"fr-FR"},{"@type":"Organization","@id":"https:\/\/lasentinelle.dz\/#organization","name":"Quotidien La Sentinelle","url":"https:\/\/lasentinelle.dz\/","logo":{"@type":"ImageObject","inLanguage":"fr-FR","@id":"https:\/\/lasentinelle.dz\/#\/schema\/logo\/image\/","url":"https:\/\/lasentinelle.dz\/wp-content\/uploads\/2021\/09\/logo-sentinelleSLOGAN-1.png","contentUrl":"https:\/\/lasentinelle.dz\/wp-content\/uploads\/2021\/09\/logo-sentinelleSLOGAN-1.png","width":615,"height":142,"caption":"Quotidien La Sentinelle"},"image":{"@id":"https:\/\/lasentinelle.dz\/#\/schema\/logo\/image\/"},"sameAs":["https:\/\/www.facebook.com\/La-Sentinelle-104059864394773"]},{"@type":"Person","@id":"https:\/\/lasentinelle.dz\/#\/schema\/person\/729ee0024f24e0b8c5ec17232f8e8b41","name":"admin","image":{"@type":"ImageObject","inLanguage":"fr-FR","@id":"https:\/\/secure.gravatar.com\/avatar\/4c81fed838786e9b53f540bf46533e750f5d292099ae3b66cfc6fb1982e29df7?s=96&d=mm&r=g","url":"https:\/\/secure.gravatar.com\/avatar\/4c81fed838786e9b53f540bf46533e750f5d292099ae3b66cfc6fb1982e29df7?s=96&d=mm&r=g","contentUrl":"https:\/\/secure.gravatar.com\/avatar\/4c81fed838786e9b53f540bf46533e750f5d292099ae3b66cfc6fb1982e29df7?s=96&d=mm&r=g","caption":"admin"},"description":"admin","url":"https:\/\/lasentinelle.dz\/author\/admin\/"}]}},"_links":{"self":[{"href":"https:\/\/lasentinelle.dz\/index.php\/wp-json\/wp\/v2\/posts\/83852","targetHints":{"allow":["GET"]}}],"collection":[{"href":"https:\/\/lasentinelle.dz\/index.php\/wp-json\/wp\/v2\/posts"}],"about":[{"href":"https:\/\/lasentinelle.dz\/index.php\/wp-json\/wp\/v2\/types\/post"}],"author":[{"embeddable":true,"href":"https:\/\/lasentinelle.dz\/index.php\/wp-json\/wp\/v2\/users\/6"}],"replies":[{"embeddable":true,"href":"https:\/\/lasentinelle.dz\/index.php\/wp-json\/wp\/v2\/comments?post=83852"}],"version-history":[{"count":1,"href":"https:\/\/lasentinelle.dz\/index.php\/wp-json\/wp\/v2\/posts\/83852\/revisions"}],"predecessor-version":[{"id":83854,"href":"https:\/\/lasentinelle.dz\/index.php\/wp-json\/wp\/v2\/posts\/83852\/revisions\/83854"}],"wp:featuredmedia":[{"embeddable":true,"href":"https:\/\/lasentinelle.dz\/index.php\/wp-json\/wp\/v2\/media\/83853"}],"wp:attachment":[{"href":"https:\/\/lasentinelle.dz\/index.php\/wp-json\/wp\/v2\/media?parent=83852"}],"wp:term":[{"taxonomy":"category","embeddable":true,"href":"https:\/\/lasentinelle.dz\/index.php\/wp-json\/wp\/v2\/categories?post=83852"},{"taxonomy":"post_tag","embeddable":true,"href":"https:\/\/lasentinelle.dz\/index.php\/wp-json\/wp\/v2\/tags?post=83852"}],"curies":[{"name":"wp","href":"https:\/\/api.w.org\/{rel}","templated":true}]}}