{"id":83855,"date":"2026-03-18T20:37:47","date_gmt":"2026-03-18T19:37:47","guid":{"rendered":"https:\/\/lasentinelle.dz\/?p=83855"},"modified":"2026-03-18T20:37:47","modified_gmt":"2026-03-18T19:37:47","slug":"a-lapproche-des-echeances-electorales-le-ffs-se-deploie-sur-le-terrain","status":"publish","type":"post","link":"https:\/\/lasentinelle.dz\/index.php\/2026\/03\/18\/a-lapproche-des-echeances-electorales-le-ffs-se-deploie-sur-le-terrain\/","title":{"rendered":"\u00c0 l&rsquo;approche des \u00e9ch\u00e9ances \u00e9lectorales\u00a0: Le FFS se d\u00e9ploie sur le terrain"},"content":{"rendered":"\n<p>Le Front des forces socialistes (FFS) amorce sa reconqu\u00eate du terrain. La F\u00e9d\u00e9ration d&rsquo;Alger du parti a organis\u00e9 mardi soir une conf\u00e9rence politique au cours de laquelle le premier secr\u00e9taire national, Youcef Aouchiche, a fix\u00e9 les grandes lignes de la strat\u00e9gie du parti pour les prochains mois : proximit\u00e9 avec les citoyens, pr\u00e9paration aux \u00e9ch\u00e9ances \u00e9lectorales et fid\u00e9lit\u00e9 \u00e0 l&rsquo;h\u00e9ritage politique de son fondateur Hocine A\u00eft Ahmed. Dans son allocution, Aouchiche a d\u00e9clin\u00e9 un programme d&rsquo;activit\u00e9 centr\u00e9 sur \u00ab l&rsquo;intensification des rencontres de proximit\u00e9 et politiques, et la pr\u00e9sence continue aux c\u00f4t\u00e9s des citoyens et l&rsquo;\u00e9coute de leurs ambitions \u00bb. Un retour aux fondamentaux pour une formation qui entend reconsolider son ancrage populaire, notamment dans la capitale o\u00f9 la comp\u00e9tition politique s&rsquo;annonce serr\u00e9e Sur la question des prochaines \u00e9ch\u00e9ances \u00e9lectorales, le premier secr\u00e9taire a exhort\u00e9 cadres et militants \u00e0 \u00ab bien se pr\u00e9parer \u00e0 ces rendez-vous, en se rapprochant des citoyens, en \u00e9coutant leurs pr\u00e9occupations et en expliquant le programme d&rsquo;action du FFS \u00bb. Il a annonc\u00e9 que le parti \u00ab pr\u00e9sentera un projet de vision et des propositions fond\u00e9es sur la cr\u00e9dibilit\u00e9 et le principe du r\u00e9alisme, puis\u00e9es des attentes populaires \u00bb.<\/p>\n\n\n\n<p>Aouchiche a \u00e9galement r\u00e9affirm\u00e9 la vocation institutionnelle du parti, soulignant que le FFS \u00ab a toujours veill\u00e9 \u00e0 \u00eatre pr\u00e9sent au niveau des institutions \u00e9lues, dans le but de transmettre la voix du peuple et de le repr\u00e9senter \u00bb. Une posture qui tranche avec les choix de boycott qui ont longtemps caract\u00e9ris\u00e9 certaines s\u00e9quences de l&rsquo;histoire du parti, et qui confirme l&rsquo;orientation participationniste d\u00e9sormais assum\u00e9e par sa direction actuelle.<\/p>\n\n\n\n<p>Enfin, invoquant la m\u00e9moire du fondateur, le premier secr\u00e9taire a rappel\u00e9 que sa formation \u00ab demeure attach\u00e9e au message du d\u00e9funt moudjahid Hocine A\u00eft Ahmed, \u00e0 travers son engagement en faveur du nationalisme et de la d\u00e9mocratie \u00bb. Une r\u00e9f\u00e9rence tut\u00e9laire qui sert autant \u00e0 souder les rangs internes qu&rsquo;\u00e0 rappeler \u00e0 l&rsquo;opinion publique les racines historiques du plus vieux parti d\u2019opposition.<\/p>\n\n\n\n<p>Hocine Fadheli<\/p>\n","protected":false},"excerpt":{"rendered":"<p>Le Front des forces socialistes (FFS) amorce sa reconqu\u00eate du terrain. La F\u00e9d\u00e9ration d&rsquo;Alger du parti a organis\u00e9 mardi soir<\/p>\n","protected":false},"author":6,"featured_media":76090,"comment_status":"open","ping_status":"closed","sticky":false,"template":"","format":"standard","meta":{"colormag_page_container_layout":"default_layout","colormag_page_sidebar_layout":"default_layout","om_disable_all_campaigns":false,"_monsterinsights_skip_tracking":false,"_monsterinsights_sitenote_active":false,"_monsterinsights_sitenote_note":"","_monsterinsights_sitenote_category":0,"footnotes":"","_wpscppro_dont_share_socialmedia":false,"_wpscppro_custom_social_share_image":0,"_facebook_share_type":"default","_twitter_share_type":"default","_linkedin_share_type":"default","_pinterest_share_type":"default","_linkedin_share_type_page":"","_instagram_share_type":"default","_medium_share_type":"default","_threads_share_type":"default","_google_business_share_type":"default","_selected_social_profile":[],"_wpsp_enable_custom_social_template":false,"_wpsp_social_scheduling":{"enabled":false,"datetime":null,"platforms":[],"status":"template_only","dateOption":"today","timeOption":"now","customDays":"","customHours":"","customDate":"","customTime":"","schedulingType":"absolute"},"_wpsp_active_default_template":true},"categories":[28],"tags":[],"class_list":["post-83855","post","type-post","status-publish","format-standard","has-post-thumbnail","hentry","category-politique"],"aioseo_notices":[],"yoast_head":"<!-- This site is optimized with the Yoast SEO plugin v27.5 - https:\/\/yoast.com\/product\/yoast-seo-wordpress\/ -->\n<title>\u00c0 l&rsquo;approche des \u00e9ch\u00e9ances \u00e9lectorales\u00a0: Le FFS se d\u00e9ploie sur le terrain - La Sentinelle<\/title>\n<meta name=\"robots\" content=\"index, follow, max-snippet:-1, max-image-preview:large, max-video-preview:-1\" \/>\n<link rel=\"canonical\" href=\"https:\/\/lasentinelle.dz\/index.php\/2026\/03\/18\/a-lapproche-des-echeances-electorales-le-ffs-se-deploie-sur-le-terrain\/\" \/>\n<meta property=\"og:locale\" content=\"fr_FR\" \/>\n<meta property=\"og:type\" content=\"article\" \/>\n<meta property=\"og:title\" content=\"\u00c0 l&rsquo;approche des \u00e9ch\u00e9ances \u00e9lectorales\u00a0: Le FFS se d\u00e9ploie sur le terrain - La Sentinelle\" \/>\n<meta property=\"og:description\" content=\"Le Front des forces socialistes (FFS) amorce sa reconqu\u00eate du terrain. La F\u00e9d\u00e9ration d&rsquo;Alger du parti a organis\u00e9 mardi soir\" \/>\n<meta property=\"og:url\" content=\"https:\/\/lasentinelle.dz\/index.php\/2026\/03\/18\/a-lapproche-des-echeances-electorales-le-ffs-se-deploie-sur-le-terrain\/\" \/>\n<meta property=\"og:site_name\" content=\"La Sentinelle\" \/>\n<meta property=\"article:publisher\" content=\"https:\/\/www.facebook.com\/La-Sentinelle-104059864394773\" \/>\n<meta property=\"article:published_time\" content=\"2026-03-18T19:37:47+00:00\" \/>\n<meta property=\"og:image\" content=\"https:\/\/lasentinelle.dz\/wp-content\/uploads\/2025\/11\/Aouchiche.jpg\" \/>\n\t<meta property=\"og:image:width\" content=\"2048\" \/>\n\t<meta property=\"og:image:height\" content=\"1446\" \/>\n\t<meta property=\"og:image:type\" content=\"image\/jpeg\" \/>\n<meta name=\"author\" content=\"admin\" \/>\n<meta name=\"twitter:card\" content=\"summary_large_image\" \/>\n<meta name=\"twitter:label1\" content=\"\u00c9crit par\" \/>\n\t<meta name=\"twitter:data1\" content=\"admin\" \/>\n\t<meta name=\"twitter:label2\" content=\"Dur\u00e9e de lecture estim\u00e9e\" \/>\n\t<meta name=\"twitter:data2\" content=\"2 minutes\" \/>\n<script type=\"application\/ld+json\" class=\"yoast-schema-graph\">{\"@context\":\"https:\\\/\\\/schema.org\",\"@graph\":[{\"@type\":\"Article\",\"@id\":\"https:\\\/\\\/lasentinelle.dz\\\/index.php\\\/2026\\\/03\\\/18\\\/a-lapproche-des-echeances-electorales-le-ffs-se-deploie-sur-le-terrain\\\/#article\",\"isPartOf\":{\"@id\":\"https:\\\/\\\/lasentinelle.dz\\\/index.php\\\/2026\\\/03\\\/18\\\/a-lapproche-des-echeances-electorales-le-ffs-se-deploie-sur-le-terrain\\\/\"},\"author\":{\"name\":\"admin\",\"@id\":\"https:\\\/\\\/lasentinelle.dz\\\/#\\\/schema\\\/person\\\/729ee0024f24e0b8c5ec17232f8e8b41\"},\"headline\":\"\u00c0 l&rsquo;approche des \u00e9ch\u00e9ances \u00e9lectorales\u00a0: Le FFS se d\u00e9ploie sur le terrain\",\"datePublished\":\"2026-03-18T19:37:47+00:00\",\"mainEntityOfPage\":{\"@id\":\"https:\\\/\\\/lasentinelle.dz\\\/index.php\\\/2026\\\/03\\\/18\\\/a-lapproche-des-echeances-electorales-le-ffs-se-deploie-sur-le-terrain\\\/\"},\"wordCount\":376,\"commentCount\":0,\"publisher\":{\"@id\":\"https:\\\/\\\/lasentinelle.dz\\\/#organization\"},\"image\":{\"@id\":\"https:\\\/\\\/lasentinelle.dz\\\/index.php\\\/2026\\\/03\\\/18\\\/a-lapproche-des-echeances-electorales-le-ffs-se-deploie-sur-le-terrain\\\/#primaryimage\"},\"thumbnailUrl\":\"https:\\\/\\\/lasentinelle.dz\\\/wp-content\\\/uploads\\\/2025\\\/11\\\/Aouchiche.jpg\",\"articleSection\":[\"Politique\"],\"inLanguage\":\"fr-FR\",\"potentialAction\":[{\"@type\":\"CommentAction\",\"name\":\"Comment\",\"target\":[\"https:\\\/\\\/lasentinelle.dz\\\/index.php\\\/2026\\\/03\\\/18\\\/a-lapproche-des-echeances-electorales-le-ffs-se-deploie-sur-le-terrain\\\/#respond\"]}]},{\"@type\":\"WebPage\",\"@id\":\"https:\\\/\\\/lasentinelle.dz\\\/index.php\\\/2026\\\/03\\\/18\\\/a-lapproche-des-echeances-electorales-le-ffs-se-deploie-sur-le-terrain\\\/\",\"url\":\"https:\\\/\\\/lasentinelle.dz\\\/index.php\\\/2026\\\/03\\\/18\\\/a-lapproche-des-echeances-electorales-le-ffs-se-deploie-sur-le-terrain\\\/\",\"name\":\"\u00c0 l&rsquo;approche des \u00e9ch\u00e9ances \u00e9lectorales\u00a0: Le FFS se d\u00e9ploie sur le terrain - La Sentinelle\",\"isPartOf\":{\"@id\":\"https:\\\/\\\/lasentinelle.dz\\\/#website\"},\"primaryImageOfPage\":{\"@id\":\"https:\\\/\\\/lasentinelle.dz\\\/index.php\\\/2026\\\/03\\\/18\\\/a-lapproche-des-echeances-electorales-le-ffs-se-deploie-sur-le-terrain\\\/#primaryimage\"},\"image\":{\"@id\":\"https:\\\/\\\/lasentinelle.dz\\\/index.php\\\/2026\\\/03\\\/18\\\/a-lapproche-des-echeances-electorales-le-ffs-se-deploie-sur-le-terrain\\\/#primaryimage\"},\"thumbnailUrl\":\"https:\\\/\\\/lasentinelle.dz\\\/wp-content\\\/uploads\\\/2025\\\/11\\\/Aouchiche.jpg\",\"datePublished\":\"2026-03-18T19:37:47+00:00\",\"breadcrumb\":{\"@id\":\"https:\\\/\\\/lasentinelle.dz\\\/index.php\\\/2026\\\/03\\\/18\\\/a-lapproche-des-echeances-electorales-le-ffs-se-deploie-sur-le-terrain\\\/#breadcrumb\"},\"inLanguage\":\"fr-FR\",\"potentialAction\":[{\"@type\":\"ReadAction\",\"target\":[\"https:\\\/\\\/lasentinelle.dz\\\/index.php\\\/2026\\\/03\\\/18\\\/a-lapproche-des-echeances-electorales-le-ffs-se-deploie-sur-le-terrain\\\/\"]}]},{\"@type\":\"ImageObject\",\"inLanguage\":\"fr-FR\",\"@id\":\"https:\\\/\\\/lasentinelle.dz\\\/index.php\\\/2026\\\/03\\\/18\\\/a-lapproche-des-echeances-electorales-le-ffs-se-deploie-sur-le-terrain\\\/#primaryimage\",\"url\":\"https:\\\/\\\/lasentinelle.dz\\\/wp-content\\\/uploads\\\/2025\\\/11\\\/Aouchiche.jpg\",\"contentUrl\":\"https:\\\/\\\/lasentinelle.dz\\\/wp-content\\\/uploads\\\/2025\\\/11\\\/Aouchiche.jpg\",\"width\":2048,\"height\":1446},{\"@type\":\"BreadcrumbList\",\"@id\":\"https:\\\/\\\/lasentinelle.dz\\\/index.php\\\/2026\\\/03\\\/18\\\/a-lapproche-des-echeances-electorales-le-ffs-se-deploie-sur-le-terrain\\\/#breadcrumb\",\"itemListElement\":[{\"@type\":\"ListItem\",\"position\":1,\"name\":\"Accueil\",\"item\":\"https:\\\/\\\/lasentinelle.dz\\\/\"},{\"@type\":\"ListItem\",\"position\":2,\"name\":\"\u00c0 l&rsquo;approche des \u00e9ch\u00e9ances \u00e9lectorales\u00a0: Le FFS se d\u00e9ploie sur le terrain\"}]},{\"@type\":\"WebSite\",\"@id\":\"https:\\\/\\\/lasentinelle.dz\\\/#website\",\"url\":\"https:\\\/\\\/lasentinelle.dz\\\/\",\"name\":\"La Sentinelle\",\"description\":\"Quotidien national d&#039;information\",\"publisher\":{\"@id\":\"https:\\\/\\\/lasentinelle.dz\\\/#organization\"},\"potentialAction\":[{\"@type\":\"SearchAction\",\"target\":{\"@type\":\"EntryPoint\",\"urlTemplate\":\"https:\\\/\\\/lasentinelle.dz\\\/?s={search_term_string}\"},\"query-input\":{\"@type\":\"PropertyValueSpecification\",\"valueRequired\":true,\"valueName\":\"search_term_string\"}}],\"inLanguage\":\"fr-FR\"},{\"@type\":\"Organization\",\"@id\":\"https:\\\/\\\/lasentinelle.dz\\\/#organization\",\"name\":\"Quotidien La Sentinelle\",\"url\":\"https:\\\/\\\/lasentinelle.dz\\\/\",\"logo\":{\"@type\":\"ImageObject\",\"inLanguage\":\"fr-FR\",\"@id\":\"https:\\\/\\\/lasentinelle.dz\\\/#\\\/schema\\\/logo\\\/image\\\/\",\"url\":\"https:\\\/\\\/lasentinelle.dz\\\/wp-content\\\/uploads\\\/2021\\\/09\\\/logo-sentinelleSLOGAN-1.png\",\"contentUrl\":\"https:\\\/\\\/lasentinelle.dz\\\/wp-content\\\/uploads\\\/2021\\\/09\\\/logo-sentinelleSLOGAN-1.png\",\"width\":615,\"height\":142,\"caption\":\"Quotidien La Sentinelle\"},\"image\":{\"@id\":\"https:\\\/\\\/lasentinelle.dz\\\/#\\\/schema\\\/logo\\\/image\\\/\"},\"sameAs\":[\"https:\\\/\\\/www.facebook.com\\\/La-Sentinelle-104059864394773\"]},{\"@type\":\"Person\",\"@id\":\"https:\\\/\\\/lasentinelle.dz\\\/#\\\/schema\\\/person\\\/729ee0024f24e0b8c5ec17232f8e8b41\",\"name\":\"admin\",\"image\":{\"@type\":\"ImageObject\",\"inLanguage\":\"fr-FR\",\"@id\":\"https:\\\/\\\/secure.gravatar.com\\\/avatar\\\/4c81fed838786e9b53f540bf46533e750f5d292099ae3b66cfc6fb1982e29df7?s=96&d=mm&r=g\",\"url\":\"https:\\\/\\\/secure.gravatar.com\\\/avatar\\\/4c81fed838786e9b53f540bf46533e750f5d292099ae3b66cfc6fb1982e29df7?s=96&d=mm&r=g\",\"contentUrl\":\"https:\\\/\\\/secure.gravatar.com\\\/avatar\\\/4c81fed838786e9b53f540bf46533e750f5d292099ae3b66cfc6fb1982e29df7?s=96&d=mm&r=g\",\"caption\":\"admin\"},\"description\":\"admin\",\"url\":\"https:\\\/\\\/lasentinelle.dz\\\/author\\\/admin\\\/\"}]}<\/script>\n<!-- \/ Yoast SEO plugin. -->","yoast_head_json":{"title":"\u00c0 l&rsquo;approche des \u00e9ch\u00e9ances \u00e9lectorales\u00a0: Le FFS se d\u00e9ploie sur le terrain - La Sentinelle","robots":{"index":"index","follow":"follow","max-snippet":"max-snippet:-1","max-image-preview":"max-image-preview:large","max-video-preview":"max-video-preview:-1"},"canonical":"https:\/\/lasentinelle.dz\/index.php\/2026\/03\/18\/a-lapproche-des-echeances-electorales-le-ffs-se-deploie-sur-le-terrain\/","og_locale":"fr_FR","og_type":"article","og_title":"\u00c0 l&rsquo;approche des \u00e9ch\u00e9ances \u00e9lectorales\u00a0: Le FFS se d\u00e9ploie sur le terrain - La Sentinelle","og_description":"Le Front des forces socialistes (FFS) amorce sa reconqu\u00eate du terrain. La F\u00e9d\u00e9ration d&rsquo;Alger du parti a organis\u00e9 mardi soir","og_url":"https:\/\/lasentinelle.dz\/index.php\/2026\/03\/18\/a-lapproche-des-echeances-electorales-le-ffs-se-deploie-sur-le-terrain\/","og_site_name":"La Sentinelle","article_publisher":"https:\/\/www.facebook.com\/La-Sentinelle-104059864394773","article_published_time":"2026-03-18T19:37:47+00:00","og_image":[{"width":2048,"height":1446,"url":"https:\/\/lasentinelle.dz\/wp-content\/uploads\/2025\/11\/Aouchiche.jpg","type":"image\/jpeg"}],"author":"admin","twitter_card":"summary_large_image","twitter_misc":{"\u00c9crit par":"admin","Dur\u00e9e de lecture estim\u00e9e":"2 minutes"},"schema":{"@context":"https:\/\/schema.org","@graph":[{"@type":"Article","@id":"https:\/\/lasentinelle.dz\/index.php\/2026\/03\/18\/a-lapproche-des-echeances-electorales-le-ffs-se-deploie-sur-le-terrain\/#article","isPartOf":{"@id":"https:\/\/lasentinelle.dz\/index.php\/2026\/03\/18\/a-lapproche-des-echeances-electorales-le-ffs-se-deploie-sur-le-terrain\/"},"author":{"name":"admin","@id":"https:\/\/lasentinelle.dz\/#\/schema\/person\/729ee0024f24e0b8c5ec17232f8e8b41"},"headline":"\u00c0 l&rsquo;approche des \u00e9ch\u00e9ances \u00e9lectorales\u00a0: Le FFS se d\u00e9ploie sur le terrain","datePublished":"2026-03-18T19:37:47+00:00","mainEntityOfPage":{"@id":"https:\/\/lasentinelle.dz\/index.php\/2026\/03\/18\/a-lapproche-des-echeances-electorales-le-ffs-se-deploie-sur-le-terrain\/"},"wordCount":376,"commentCount":0,"publisher":{"@id":"https:\/\/lasentinelle.dz\/#organization"},"image":{"@id":"https:\/\/lasentinelle.dz\/index.php\/2026\/03\/18\/a-lapproche-des-echeances-electorales-le-ffs-se-deploie-sur-le-terrain\/#primaryimage"},"thumbnailUrl":"https:\/\/lasentinelle.dz\/wp-content\/uploads\/2025\/11\/Aouchiche.jpg","articleSection":["Politique"],"inLanguage":"fr-FR","potentialAction":[{"@type":"CommentAction","name":"Comment","target":["https:\/\/lasentinelle.dz\/index.php\/2026\/03\/18\/a-lapproche-des-echeances-electorales-le-ffs-se-deploie-sur-le-terrain\/#respond"]}]},{"@type":"WebPage","@id":"https:\/\/lasentinelle.dz\/index.php\/2026\/03\/18\/a-lapproche-des-echeances-electorales-le-ffs-se-deploie-sur-le-terrain\/","url":"https:\/\/lasentinelle.dz\/index.php\/2026\/03\/18\/a-lapproche-des-echeances-electorales-le-ffs-se-deploie-sur-le-terrain\/","name":"\u00c0 l&rsquo;approche des \u00e9ch\u00e9ances \u00e9lectorales\u00a0: Le FFS se d\u00e9ploie sur le terrain - La Sentinelle","isPartOf":{"@id":"https:\/\/lasentinelle.dz\/#website"},"primaryImageOfPage":{"@id":"https:\/\/lasentinelle.dz\/index.php\/2026\/03\/18\/a-lapproche-des-echeances-electorales-le-ffs-se-deploie-sur-le-terrain\/#primaryimage"},"image":{"@id":"https:\/\/lasentinelle.dz\/index.php\/2026\/03\/18\/a-lapproche-des-echeances-electorales-le-ffs-se-deploie-sur-le-terrain\/#primaryimage"},"thumbnailUrl":"https:\/\/lasentinelle.dz\/wp-content\/uploads\/2025\/11\/Aouchiche.jpg","datePublished":"2026-03-18T19:37:47+00:00","breadcrumb":{"@id":"https:\/\/lasentinelle.dz\/index.php\/2026\/03\/18\/a-lapproche-des-echeances-electorales-le-ffs-se-deploie-sur-le-terrain\/#breadcrumb"},"inLanguage":"fr-FR","potentialAction":[{"@type":"ReadAction","target":["https:\/\/lasentinelle.dz\/index.php\/2026\/03\/18\/a-lapproche-des-echeances-electorales-le-ffs-se-deploie-sur-le-terrain\/"]}]},{"@type":"ImageObject","inLanguage":"fr-FR","@id":"https:\/\/lasentinelle.dz\/index.php\/2026\/03\/18\/a-lapproche-des-echeances-electorales-le-ffs-se-deploie-sur-le-terrain\/#primaryimage","url":"https:\/\/lasentinelle.dz\/wp-content\/uploads\/2025\/11\/Aouchiche.jpg","contentUrl":"https:\/\/lasentinelle.dz\/wp-content\/uploads\/2025\/11\/Aouchiche.jpg","width":2048,"height":1446},{"@type":"BreadcrumbList","@id":"https:\/\/lasentinelle.dz\/index.php\/2026\/03\/18\/a-lapproche-des-echeances-electorales-le-ffs-se-deploie-sur-le-terrain\/#breadcrumb","itemListElement":[{"@type":"ListItem","position":1,"name":"Accueil","item":"https:\/\/lasentinelle.dz\/"},{"@type":"ListItem","position":2,"name":"\u00c0 l&rsquo;approche des \u00e9ch\u00e9ances \u00e9lectorales\u00a0: Le FFS se d\u00e9ploie sur le terrain"}]},{"@type":"WebSite","@id":"https:\/\/lasentinelle.dz\/#website","url":"https:\/\/lasentinelle.dz\/","name":"La Sentinelle","description":"Quotidien national d&#039;information","publisher":{"@id":"https:\/\/lasentinelle.dz\/#organization"},"potentialAction":[{"@type":"SearchAction","target":{"@type":"EntryPoint","urlTemplate":"https:\/\/lasentinelle.dz\/?s={search_term_string}"},"query-input":{"@type":"PropertyValueSpecification","valueRequired":true,"valueName":"search_term_string"}}],"inLanguage":"fr-FR"},{"@type":"Organization","@id":"https:\/\/lasentinelle.dz\/#organization","name":"Quotidien La Sentinelle","url":"https:\/\/lasentinelle.dz\/","logo":{"@type":"ImageObject","inLanguage":"fr-FR","@id":"https:\/\/lasentinelle.dz\/#\/schema\/logo\/image\/","url":"https:\/\/lasentinelle.dz\/wp-content\/uploads\/2021\/09\/logo-sentinelleSLOGAN-1.png","contentUrl":"https:\/\/lasentinelle.dz\/wp-content\/uploads\/2021\/09\/logo-sentinelleSLOGAN-1.png","width":615,"height":142,"caption":"Quotidien La Sentinelle"},"image":{"@id":"https:\/\/lasentinelle.dz\/#\/schema\/logo\/image\/"},"sameAs":["https:\/\/www.facebook.com\/La-Sentinelle-104059864394773"]},{"@type":"Person","@id":"https:\/\/lasentinelle.dz\/#\/schema\/person\/729ee0024f24e0b8c5ec17232f8e8b41","name":"admin","image":{"@type":"ImageObject","inLanguage":"fr-FR","@id":"https:\/\/secure.gravatar.com\/avatar\/4c81fed838786e9b53f540bf46533e750f5d292099ae3b66cfc6fb1982e29df7?s=96&d=mm&r=g","url":"https:\/\/secure.gravatar.com\/avatar\/4c81fed838786e9b53f540bf46533e750f5d292099ae3b66cfc6fb1982e29df7?s=96&d=mm&r=g","contentUrl":"https:\/\/secure.gravatar.com\/avatar\/4c81fed838786e9b53f540bf46533e750f5d292099ae3b66cfc6fb1982e29df7?s=96&d=mm&r=g","caption":"admin"},"description":"admin","url":"https:\/\/lasentinelle.dz\/author\/admin\/"}]}},"_links":{"self":[{"href":"https:\/\/lasentinelle.dz\/index.php\/wp-json\/wp\/v2\/posts\/83855","targetHints":{"allow":["GET"]}}],"collection":[{"href":"https:\/\/lasentinelle.dz\/index.php\/wp-json\/wp\/v2\/posts"}],"about":[{"href":"https:\/\/lasentinelle.dz\/index.php\/wp-json\/wp\/v2\/types\/post"}],"author":[{"embeddable":true,"href":"https:\/\/lasentinelle.dz\/index.php\/wp-json\/wp\/v2\/users\/6"}],"replies":[{"embeddable":true,"href":"https:\/\/lasentinelle.dz\/index.php\/wp-json\/wp\/v2\/comments?post=83855"}],"version-history":[{"count":2,"href":"https:\/\/lasentinelle.dz\/index.php\/wp-json\/wp\/v2\/posts\/83855\/revisions"}],"predecessor-version":[{"id":83857,"href":"https:\/\/lasentinelle.dz\/index.php\/wp-json\/wp\/v2\/posts\/83855\/revisions\/83857"}],"wp:featuredmedia":[{"embeddable":true,"href":"https:\/\/lasentinelle.dz\/index.php\/wp-json\/wp\/v2\/media\/76090"}],"wp:attachment":[{"href":"https:\/\/lasentinelle.dz\/index.php\/wp-json\/wp\/v2\/media?parent=83855"}],"wp:term":[{"taxonomy":"category","embeddable":true,"href":"https:\/\/lasentinelle.dz\/index.php\/wp-json\/wp\/v2\/categories?post=83855"},{"taxonomy":"post_tag","embeddable":true,"href":"https:\/\/lasentinelle.dz\/index.php\/wp-json\/wp\/v2\/tags?post=83855"}],"curies":[{"name":"wp","href":"https:\/\/api.w.org\/{rel}","templated":true}]}}