{"id":83865,"date":"2026-03-18T20:40:15","date_gmt":"2026-03-18T19:40:15","guid":{"rendered":"https:\/\/lasentinelle.dz\/?p=83865"},"modified":"2026-03-18T20:40:16","modified_gmt":"2026-03-18T19:40:16","slug":"examens-du-bac-et-du-bem-des-centres-de-revision-ouverts-pendant-les-vacances","status":"publish","type":"post","link":"https:\/\/lasentinelle.dz\/index.php\/2026\/03\/18\/examens-du-bac-et-du-bem-des-centres-de-revision-ouverts-pendant-les-vacances\/","title":{"rendered":"Examens du Bac et du BEM\u00a0: Des centres de r\u00e9vision ouverts pendant les vacances"},"content":{"rendered":"\n<p>Le minist\u00e8re de l&rsquo;\u00c9ducation nationale passe \u00e0 la vitesse sup\u00e9rieure \u00e0 l&rsquo;approche des grands rendez-vous de fin d&rsquo;ann\u00e9e. Mohammed Seghir Sadaoui a pr\u00e9sid\u00e9 mardi une conf\u00e9rence nationale par visioconf\u00e9rence, r\u00e9unissant les cadres de l&rsquo;administration centrale, le directeur de l&rsquo;Office national des examens et concours (ONEC), ainsi que l&rsquo;ensemble des directeurs de l&rsquo;\u00e9ducation et directeurs d\u00e9l\u00e9gu\u00e9s \u00e0 travers le territoire national. L&rsquo;ordre du jour \u00e9tait dense : examens du Baccalaur\u00e9at et du Brevet d&rsquo;enseignement moyen (BEM), concours de recrutement des enseignants, remise des bulletins, recyclage des manuels scolaires. Autant de dossiers qui dessinent, ensemble, le visage d&rsquo;un secteur en ordre de bataille pour boucler l&rsquo;ann\u00e9e scolaire 2025-2026 dans les meilleures conditions. La conf\u00e9rence a d&rsquo;abord permis de faire le point sur la fin du deuxi\u00e8me trimestre avant de projeter les regards vers les semaines \u00e0 venir. Les travaux ont port\u00e9 sur \u00ab une s\u00e9rie de dossiers li\u00e9s \u00e0 la gestion de ce qui reste de l&rsquo;ann\u00e9e scolaire en cours, notamment les op\u00e9rations concernant la fin du deuxi\u00e8me trimestre et celles relatives au troisi\u00e8me trimestre, lequel constitue une \u00e9tape charni\u00e8re dans le processus \u00e9ducatif au regard des rendez-vous nationaux importants pr\u00e9vus, \u00e0 leur t\u00eate les examens scolaires \u00bb. Le ministre a salu\u00e9 au passage \u00ab les efforts consentis par les directeurs de l&rsquo;\u00e9ducation et tous les membres de la famille \u00e9ducative, ainsi que leur engagement \u00e0 assurer le bon d\u00e9roulement des cours \u00bb, avant d&rsquo;appeler \u00e0 \u00ab parachever notamment la correction des examens avec les \u00e9l\u00e8ves, la remise des notes dans les d\u00e9lais fix\u00e9s et la finalisation des proc\u00e9dures \u00e9ducatives \u00bb.<\/p>\n\n\n\n<p>Sadaoui a \u00e9galement insist\u00e9 sur la tenue de la journ\u00e9e portes ouvertes consacr\u00e9e \u00e0 l&rsquo;accueil des parents et \u00e0 la remise des bulletins scolaires, qu&rsquo;il a qualifi\u00e9e d&rsquo;\u00ab \u00e9tape \u00e9l\u00e9mentaire pour renforcer et consolider la relation entre l&rsquo;\u00e9tablissement \u00e9ducatif et les parents d&rsquo;\u00e9l\u00e8ves \u00bb. Un signal clair adress\u00e9 aux directeurs d&rsquo;\u00e9tablissements : la communication avec les familles n&rsquo;est pas un accessoire, mais une composante \u00e0 part enti\u00e8re du service public d&rsquo;\u00e9ducation.<\/p>\n\n\n\n<p>L&rsquo;une des annonces les plus concr\u00e8tes de cette conf\u00e9rence est l&rsquo;ouverture de centres d\u00e9di\u00e9s \u00e0 la r\u00e9vision durant les vacances scolaires, une mesure d&rsquo;encadrement destin\u00e9e \u00e0 accompagner les candidats au Baccalaur\u00e9at et au BEM dans leur pr\u00e9paration aux \u00e9preuves. Cette initiative s&rsquo;inscrit dans la volont\u00e9 affich\u00e9e d&rsquo;\u00ab une bonne pr\u00e9paration et de la mobilisation de tous les moyens, en renfor\u00e7ant la coordination avec les diff\u00e9rents acteurs pour la s\u00e9curisation du BEM et du Baccalaur\u00e9at, \u00e9tant des examens nationaux d&rsquo;une extr\u00eame importance \u00bb. Sadaoui a par ailleurs soulign\u00e9 la n\u00e9cessit\u00e9 de s\u00e9lectionner des centres d&rsquo;examen \u00ab qui r\u00e9pondent aux conditions requises pour garantir le d\u00e9roulement des examens dans les meilleures conditions possibles \u00bb, insistant sur une pr\u00e9paration anticip\u00e9e de ces infrastructures.<\/p>\n\n\n\n<p><strong>Plus d&rsquo;un million de candidats au concours enseignants<\/strong><\/p>\n\n\n\n<p>Le concours de recrutement des enseignants, qui mobilise en ce moment l&rsquo;ensemble des directions de l&rsquo;\u00e9ducation, a occup\u00e9 une place centrale dans les \u00e9changes. Le ministre a rappel\u00e9 qu&rsquo;il s&rsquo;agit de \u00ab l&rsquo;une des op\u00e9rations les plus importantes entreprises par le secteur ces derni\u00e8res ann\u00e9es, tant en termes de nombre de candidats que des exigences organisationnelles \u00bb, avec pas moins de \u00ab 1 065 000 candidats enregistr\u00e9s, ce qui exige une rigueur extr\u00eame dans l&rsquo;examen des dossiers et leur \u00e9valuation \u00bb. Face \u00e0 cet afflux sans pr\u00e9c\u00e9dent, Sadaoui a appel\u00e9 au \u00ab plus haut degr\u00e9 de professionnalisme et de discipline pour garantir la cr\u00e9dibilit\u00e9 \u00bb de l&rsquo;op\u00e9ration. Le ministre a salu\u00e9 le r\u00f4le jou\u00e9 par la num\u00e9risation dans la conduite de ce processus, estimant qu&rsquo;elle \u00ab a contribu\u00e9 \u00e0 renforcer la transparence et l&rsquo;efficacit\u00e9 \u00bb, tout en soulignant \u00ab l&rsquo;importance de la pr\u00e9sence sur le terrain des directeurs d\u00e9l\u00e9gu\u00e9s afin d&rsquo;assurer la supervision directe de l&rsquo;op\u00e9ration \u00bb. Sur la question des entretiens oraux, il a donn\u00e9 des instructions pr\u00e9cises, insistant sur la n\u00e9cessit\u00e9 de \u00ab garantir l&rsquo;\u00e9quit\u00e9 lors des entretiens oraux, sous la responsabilit\u00e9 directe des pr\u00e9sidents des centres et commissions, en respectant strictement les proc\u00e9dures en vigueur \u00bb. Il a \u00e9galement demand\u00e9 \u00ab une stricte concordance entre les donn\u00e9es saisies sur la plateforme num\u00e9rique et les documents originaux, avec parach\u00e8vement de toutes les op\u00e9rations dans les d\u00e9lais l\u00e9gaux \u00bb. Au-del\u00e0 des examens, la conf\u00e9rence a abord\u00e9 deux th\u00e9matiques qui illustrent une vision plus large de la gouvernance scolaire. La premi\u00e8re concerne la collecte des livres et cahiers en fin d&rsquo;ann\u00e9e, une initiative qui \u00ab a d\u00e9montr\u00e9 son efficacit\u00e9 l&rsquo;ann\u00e9e derni\u00e8re, \u00e0 travers l&rsquo;am\u00e9nagement d&rsquo;espaces d\u00e9di\u00e9s \u00e0 cette initiative au sein des \u00e9tablissements \u00e9ducatifs, en coordination avec les parties concern\u00e9es, contribuant ainsi au maintien de la propret\u00e9 de l&rsquo;environnement scolaire et \u00e0 la cons\u00e9cration de la culture du recyclage \u00bb. La seconde porte sur la communication institutionnelle du secteur : le ministre a exhort\u00e9 les responsables \u00e0 \u00ab renforcer l&rsquo;accompagnement m\u00e9diatique des diff\u00e9rentes activit\u00e9s p\u00e9dagogiques et sportives et d&rsquo;assurer leur documentation et leur archivage, afin de constituer un portefeuille m\u00e9diatique refl\u00e9tant la dynamique du secteur \u00bb.<\/p>\n\n\n\n<p>En cl\u00f4ture, Sadaoui a fix\u00e9 le cap avec sobri\u00e9t\u00e9, appelant \u00e0 \u00ab faire preuve d&rsquo;un s\u00e9rieux absolu et d&rsquo;une discipline stricte, et de mobiliser tous les moyens pour garantir le succ\u00e8s du concours de recrutement des enseignants dans des conditions optimales, refl\u00e9tant une image positive du secteur de l&rsquo;\u00c9ducation nationale \u00bb.<\/p>\n\n\n\n<p>Lyna Larbi<\/p>\n","protected":false},"excerpt":{"rendered":"<p>Le minist\u00e8re de l&rsquo;\u00c9ducation nationale passe \u00e0 la vitesse sup\u00e9rieure \u00e0 l&rsquo;approche des grands rendez-vous de fin d&rsquo;ann\u00e9e. Mohammed Seghir<\/p>\n","protected":false},"author":6,"featured_media":21880,"comment_status":"open","ping_status":"closed","sticky":false,"template":"","format":"standard","meta":{"colormag_page_container_layout":"default_layout","colormag_page_sidebar_layout":"default_layout","om_disable_all_campaigns":false,"_monsterinsights_skip_tracking":false,"_monsterinsights_sitenote_active":false,"_monsterinsights_sitenote_note":"","_monsterinsights_sitenote_category":0,"footnotes":"","_wpscppro_dont_share_socialmedia":false,"_wpscppro_custom_social_share_image":0,"_facebook_share_type":"default","_twitter_share_type":"default","_linkedin_share_type":"default","_pinterest_share_type":"default","_linkedin_share_type_page":"","_instagram_share_type":"default","_medium_share_type":"default","_threads_share_type":"default","_google_business_share_type":"default","_selected_social_profile":[],"_wpsp_enable_custom_social_template":false,"_wpsp_social_scheduling":{"enabled":false,"datetime":null,"platforms":[],"status":"template_only","dateOption":"today","timeOption":"now","customDays":"","customHours":"","customDate":"","customTime":"","schedulingType":"absolute"},"_wpsp_active_default_template":true},"categories":[27],"tags":[],"class_list":["post-83865","post","type-post","status-publish","format-standard","has-post-thumbnail","hentry","category-actualite"],"aioseo_notices":[],"yoast_head":"<!-- This site is optimized with the Yoast SEO plugin v27.5 - https:\/\/yoast.com\/product\/yoast-seo-wordpress\/ -->\n<title>Examens du Bac et du BEM\u00a0: Des centres de r\u00e9vision ouverts pendant les vacances - La Sentinelle<\/title>\n<meta name=\"robots\" content=\"index, follow, max-snippet:-1, max-image-preview:large, max-video-preview:-1\" \/>\n<link rel=\"canonical\" href=\"https:\/\/lasentinelle.dz\/index.php\/2026\/03\/18\/examens-du-bac-et-du-bem-des-centres-de-revision-ouverts-pendant-les-vacances\/\" \/>\n<meta property=\"og:locale\" content=\"fr_FR\" \/>\n<meta property=\"og:type\" content=\"article\" \/>\n<meta property=\"og:title\" content=\"Examens du Bac et du BEM\u00a0: Des centres de r\u00e9vision ouverts pendant les vacances - La Sentinelle\" \/>\n<meta property=\"og:description\" content=\"Le minist\u00e8re de l&rsquo;\u00c9ducation nationale passe \u00e0 la vitesse sup\u00e9rieure \u00e0 l&rsquo;approche des grands rendez-vous de fin d&rsquo;ann\u00e9e. Mohammed Seghir\" \/>\n<meta property=\"og:url\" content=\"https:\/\/lasentinelle.dz\/index.php\/2026\/03\/18\/examens-du-bac-et-du-bem-des-centres-de-revision-ouverts-pendant-les-vacances\/\" \/>\n<meta property=\"og:site_name\" content=\"La Sentinelle\" \/>\n<meta property=\"article:publisher\" content=\"https:\/\/www.facebook.com\/La-Sentinelle-104059864394773\" \/>\n<meta property=\"article:published_time\" content=\"2026-03-18T19:40:15+00:00\" \/>\n<meta property=\"article:modified_time\" content=\"2026-03-18T19:40:16+00:00\" \/>\n<meta property=\"og:image\" content=\"https:\/\/lasentinelle.dz\/wp-content\/uploads\/2022\/05\/education.png\" \/>\n\t<meta property=\"og:image:width\" content=\"1491\" \/>\n\t<meta property=\"og:image:height\" content=\"900\" \/>\n\t<meta property=\"og:image:type\" content=\"image\/png\" \/>\n<meta name=\"author\" content=\"admin\" \/>\n<meta name=\"twitter:card\" content=\"summary_large_image\" \/>\n<meta name=\"twitter:label1\" content=\"\u00c9crit par\" \/>\n\t<meta name=\"twitter:data1\" content=\"admin\" \/>\n\t<meta name=\"twitter:label2\" content=\"Dur\u00e9e de lecture estim\u00e9e\" \/>\n\t<meta name=\"twitter:data2\" content=\"5 minutes\" \/>\n<script type=\"application\/ld+json\" class=\"yoast-schema-graph\">{\"@context\":\"https:\\\/\\\/schema.org\",\"@graph\":[{\"@type\":\"Article\",\"@id\":\"https:\\\/\\\/lasentinelle.dz\\\/index.php\\\/2026\\\/03\\\/18\\\/examens-du-bac-et-du-bem-des-centres-de-revision-ouverts-pendant-les-vacances\\\/#article\",\"isPartOf\":{\"@id\":\"https:\\\/\\\/lasentinelle.dz\\\/index.php\\\/2026\\\/03\\\/18\\\/examens-du-bac-et-du-bem-des-centres-de-revision-ouverts-pendant-les-vacances\\\/\"},\"author\":{\"name\":\"admin\",\"@id\":\"https:\\\/\\\/lasentinelle.dz\\\/#\\\/schema\\\/person\\\/729ee0024f24e0b8c5ec17232f8e8b41\"},\"headline\":\"Examens du Bac et du BEM\u00a0: Des centres de r\u00e9vision ouverts pendant les vacances\",\"datePublished\":\"2026-03-18T19:40:15+00:00\",\"dateModified\":\"2026-03-18T19:40:16+00:00\",\"mainEntityOfPage\":{\"@id\":\"https:\\\/\\\/lasentinelle.dz\\\/index.php\\\/2026\\\/03\\\/18\\\/examens-du-bac-et-du-bem-des-centres-de-revision-ouverts-pendant-les-vacances\\\/\"},\"wordCount\":982,\"commentCount\":0,\"publisher\":{\"@id\":\"https:\\\/\\\/lasentinelle.dz\\\/#organization\"},\"image\":{\"@id\":\"https:\\\/\\\/lasentinelle.dz\\\/index.php\\\/2026\\\/03\\\/18\\\/examens-du-bac-et-du-bem-des-centres-de-revision-ouverts-pendant-les-vacances\\\/#primaryimage\"},\"thumbnailUrl\":\"https:\\\/\\\/lasentinelle.dz\\\/wp-content\\\/uploads\\\/2022\\\/05\\\/education.png\",\"articleSection\":[\"Actualit\u00e9\"],\"inLanguage\":\"fr-FR\",\"potentialAction\":[{\"@type\":\"CommentAction\",\"name\":\"Comment\",\"target\":[\"https:\\\/\\\/lasentinelle.dz\\\/index.php\\\/2026\\\/03\\\/18\\\/examens-du-bac-et-du-bem-des-centres-de-revision-ouverts-pendant-les-vacances\\\/#respond\"]}]},{\"@type\":\"WebPage\",\"@id\":\"https:\\\/\\\/lasentinelle.dz\\\/index.php\\\/2026\\\/03\\\/18\\\/examens-du-bac-et-du-bem-des-centres-de-revision-ouverts-pendant-les-vacances\\\/\",\"url\":\"https:\\\/\\\/lasentinelle.dz\\\/index.php\\\/2026\\\/03\\\/18\\\/examens-du-bac-et-du-bem-des-centres-de-revision-ouverts-pendant-les-vacances\\\/\",\"name\":\"Examens du Bac et du BEM\u00a0: Des centres de r\u00e9vision ouverts pendant les vacances - La Sentinelle\",\"isPartOf\":{\"@id\":\"https:\\\/\\\/lasentinelle.dz\\\/#website\"},\"primaryImageOfPage\":{\"@id\":\"https:\\\/\\\/lasentinelle.dz\\\/index.php\\\/2026\\\/03\\\/18\\\/examens-du-bac-et-du-bem-des-centres-de-revision-ouverts-pendant-les-vacances\\\/#primaryimage\"},\"image\":{\"@id\":\"https:\\\/\\\/lasentinelle.dz\\\/index.php\\\/2026\\\/03\\\/18\\\/examens-du-bac-et-du-bem-des-centres-de-revision-ouverts-pendant-les-vacances\\\/#primaryimage\"},\"thumbnailUrl\":\"https:\\\/\\\/lasentinelle.dz\\\/wp-content\\\/uploads\\\/2022\\\/05\\\/education.png\",\"datePublished\":\"2026-03-18T19:40:15+00:00\",\"dateModified\":\"2026-03-18T19:40:16+00:00\",\"breadcrumb\":{\"@id\":\"https:\\\/\\\/lasentinelle.dz\\\/index.php\\\/2026\\\/03\\\/18\\\/examens-du-bac-et-du-bem-des-centres-de-revision-ouverts-pendant-les-vacances\\\/#breadcrumb\"},\"inLanguage\":\"fr-FR\",\"potentialAction\":[{\"@type\":\"ReadAction\",\"target\":[\"https:\\\/\\\/lasentinelle.dz\\\/index.php\\\/2026\\\/03\\\/18\\\/examens-du-bac-et-du-bem-des-centres-de-revision-ouverts-pendant-les-vacances\\\/\"]}]},{\"@type\":\"ImageObject\",\"inLanguage\":\"fr-FR\",\"@id\":\"https:\\\/\\\/lasentinelle.dz\\\/index.php\\\/2026\\\/03\\\/18\\\/examens-du-bac-et-du-bem-des-centres-de-revision-ouverts-pendant-les-vacances\\\/#primaryimage\",\"url\":\"https:\\\/\\\/lasentinelle.dz\\\/wp-content\\\/uploads\\\/2022\\\/05\\\/education.png\",\"contentUrl\":\"https:\\\/\\\/lasentinelle.dz\\\/wp-content\\\/uploads\\\/2022\\\/05\\\/education.png\",\"width\":1491,\"height\":900},{\"@type\":\"BreadcrumbList\",\"@id\":\"https:\\\/\\\/lasentinelle.dz\\\/index.php\\\/2026\\\/03\\\/18\\\/examens-du-bac-et-du-bem-des-centres-de-revision-ouverts-pendant-les-vacances\\\/#breadcrumb\",\"itemListElement\":[{\"@type\":\"ListItem\",\"position\":1,\"name\":\"Accueil\",\"item\":\"https:\\\/\\\/lasentinelle.dz\\\/\"},{\"@type\":\"ListItem\",\"position\":2,\"name\":\"Examens du Bac et du BEM\u00a0: Des centres de r\u00e9vision ouverts pendant les vacances\"}]},{\"@type\":\"WebSite\",\"@id\":\"https:\\\/\\\/lasentinelle.dz\\\/#website\",\"url\":\"https:\\\/\\\/lasentinelle.dz\\\/\",\"name\":\"La Sentinelle\",\"description\":\"Quotidien national d&#039;information\",\"publisher\":{\"@id\":\"https:\\\/\\\/lasentinelle.dz\\\/#organization\"},\"potentialAction\":[{\"@type\":\"SearchAction\",\"target\":{\"@type\":\"EntryPoint\",\"urlTemplate\":\"https:\\\/\\\/lasentinelle.dz\\\/?s={search_term_string}\"},\"query-input\":{\"@type\":\"PropertyValueSpecification\",\"valueRequired\":true,\"valueName\":\"search_term_string\"}}],\"inLanguage\":\"fr-FR\"},{\"@type\":\"Organization\",\"@id\":\"https:\\\/\\\/lasentinelle.dz\\\/#organization\",\"name\":\"Quotidien La Sentinelle\",\"url\":\"https:\\\/\\\/lasentinelle.dz\\\/\",\"logo\":{\"@type\":\"ImageObject\",\"inLanguage\":\"fr-FR\",\"@id\":\"https:\\\/\\\/lasentinelle.dz\\\/#\\\/schema\\\/logo\\\/image\\\/\",\"url\":\"https:\\\/\\\/lasentinelle.dz\\\/wp-content\\\/uploads\\\/2021\\\/09\\\/logo-sentinelleSLOGAN-1.png\",\"contentUrl\":\"https:\\\/\\\/lasentinelle.dz\\\/wp-content\\\/uploads\\\/2021\\\/09\\\/logo-sentinelleSLOGAN-1.png\",\"width\":615,\"height\":142,\"caption\":\"Quotidien La Sentinelle\"},\"image\":{\"@id\":\"https:\\\/\\\/lasentinelle.dz\\\/#\\\/schema\\\/logo\\\/image\\\/\"},\"sameAs\":[\"https:\\\/\\\/www.facebook.com\\\/La-Sentinelle-104059864394773\"]},{\"@type\":\"Person\",\"@id\":\"https:\\\/\\\/lasentinelle.dz\\\/#\\\/schema\\\/person\\\/729ee0024f24e0b8c5ec17232f8e8b41\",\"name\":\"admin\",\"image\":{\"@type\":\"ImageObject\",\"inLanguage\":\"fr-FR\",\"@id\":\"https:\\\/\\\/secure.gravatar.com\\\/avatar\\\/4c81fed838786e9b53f540bf46533e750f5d292099ae3b66cfc6fb1982e29df7?s=96&d=mm&r=g\",\"url\":\"https:\\\/\\\/secure.gravatar.com\\\/avatar\\\/4c81fed838786e9b53f540bf46533e750f5d292099ae3b66cfc6fb1982e29df7?s=96&d=mm&r=g\",\"contentUrl\":\"https:\\\/\\\/secure.gravatar.com\\\/avatar\\\/4c81fed838786e9b53f540bf46533e750f5d292099ae3b66cfc6fb1982e29df7?s=96&d=mm&r=g\",\"caption\":\"admin\"},\"description\":\"admin\",\"url\":\"https:\\\/\\\/lasentinelle.dz\\\/author\\\/admin\\\/\"}]}<\/script>\n<!-- \/ Yoast SEO plugin. -->","yoast_head_json":{"title":"Examens du Bac et du BEM\u00a0: Des centres de r\u00e9vision ouverts pendant les vacances - La Sentinelle","robots":{"index":"index","follow":"follow","max-snippet":"max-snippet:-1","max-image-preview":"max-image-preview:large","max-video-preview":"max-video-preview:-1"},"canonical":"https:\/\/lasentinelle.dz\/index.php\/2026\/03\/18\/examens-du-bac-et-du-bem-des-centres-de-revision-ouverts-pendant-les-vacances\/","og_locale":"fr_FR","og_type":"article","og_title":"Examens du Bac et du BEM\u00a0: Des centres de r\u00e9vision ouverts pendant les vacances - La Sentinelle","og_description":"Le minist\u00e8re de l&rsquo;\u00c9ducation nationale passe \u00e0 la vitesse sup\u00e9rieure \u00e0 l&rsquo;approche des grands rendez-vous de fin d&rsquo;ann\u00e9e. Mohammed Seghir","og_url":"https:\/\/lasentinelle.dz\/index.php\/2026\/03\/18\/examens-du-bac-et-du-bem-des-centres-de-revision-ouverts-pendant-les-vacances\/","og_site_name":"La Sentinelle","article_publisher":"https:\/\/www.facebook.com\/La-Sentinelle-104059864394773","article_published_time":"2026-03-18T19:40:15+00:00","article_modified_time":"2026-03-18T19:40:16+00:00","og_image":[{"width":1491,"height":900,"url":"https:\/\/lasentinelle.dz\/wp-content\/uploads\/2022\/05\/education.png","type":"image\/png"}],"author":"admin","twitter_card":"summary_large_image","twitter_misc":{"\u00c9crit par":"admin","Dur\u00e9e de lecture estim\u00e9e":"5 minutes"},"schema":{"@context":"https:\/\/schema.org","@graph":[{"@type":"Article","@id":"https:\/\/lasentinelle.dz\/index.php\/2026\/03\/18\/examens-du-bac-et-du-bem-des-centres-de-revision-ouverts-pendant-les-vacances\/#article","isPartOf":{"@id":"https:\/\/lasentinelle.dz\/index.php\/2026\/03\/18\/examens-du-bac-et-du-bem-des-centres-de-revision-ouverts-pendant-les-vacances\/"},"author":{"name":"admin","@id":"https:\/\/lasentinelle.dz\/#\/schema\/person\/729ee0024f24e0b8c5ec17232f8e8b41"},"headline":"Examens du Bac et du BEM\u00a0: Des centres de r\u00e9vision ouverts pendant les vacances","datePublished":"2026-03-18T19:40:15+00:00","dateModified":"2026-03-18T19:40:16+00:00","mainEntityOfPage":{"@id":"https:\/\/lasentinelle.dz\/index.php\/2026\/03\/18\/examens-du-bac-et-du-bem-des-centres-de-revision-ouverts-pendant-les-vacances\/"},"wordCount":982,"commentCount":0,"publisher":{"@id":"https:\/\/lasentinelle.dz\/#organization"},"image":{"@id":"https:\/\/lasentinelle.dz\/index.php\/2026\/03\/18\/examens-du-bac-et-du-bem-des-centres-de-revision-ouverts-pendant-les-vacances\/#primaryimage"},"thumbnailUrl":"https:\/\/lasentinelle.dz\/wp-content\/uploads\/2022\/05\/education.png","articleSection":["Actualit\u00e9"],"inLanguage":"fr-FR","potentialAction":[{"@type":"CommentAction","name":"Comment","target":["https:\/\/lasentinelle.dz\/index.php\/2026\/03\/18\/examens-du-bac-et-du-bem-des-centres-de-revision-ouverts-pendant-les-vacances\/#respond"]}]},{"@type":"WebPage","@id":"https:\/\/lasentinelle.dz\/index.php\/2026\/03\/18\/examens-du-bac-et-du-bem-des-centres-de-revision-ouverts-pendant-les-vacances\/","url":"https:\/\/lasentinelle.dz\/index.php\/2026\/03\/18\/examens-du-bac-et-du-bem-des-centres-de-revision-ouverts-pendant-les-vacances\/","name":"Examens du Bac et du BEM\u00a0: Des centres de r\u00e9vision ouverts pendant les vacances - La Sentinelle","isPartOf":{"@id":"https:\/\/lasentinelle.dz\/#website"},"primaryImageOfPage":{"@id":"https:\/\/lasentinelle.dz\/index.php\/2026\/03\/18\/examens-du-bac-et-du-bem-des-centres-de-revision-ouverts-pendant-les-vacances\/#primaryimage"},"image":{"@id":"https:\/\/lasentinelle.dz\/index.php\/2026\/03\/18\/examens-du-bac-et-du-bem-des-centres-de-revision-ouverts-pendant-les-vacances\/#primaryimage"},"thumbnailUrl":"https:\/\/lasentinelle.dz\/wp-content\/uploads\/2022\/05\/education.png","datePublished":"2026-03-18T19:40:15+00:00","dateModified":"2026-03-18T19:40:16+00:00","breadcrumb":{"@id":"https:\/\/lasentinelle.dz\/index.php\/2026\/03\/18\/examens-du-bac-et-du-bem-des-centres-de-revision-ouverts-pendant-les-vacances\/#breadcrumb"},"inLanguage":"fr-FR","potentialAction":[{"@type":"ReadAction","target":["https:\/\/lasentinelle.dz\/index.php\/2026\/03\/18\/examens-du-bac-et-du-bem-des-centres-de-revision-ouverts-pendant-les-vacances\/"]}]},{"@type":"ImageObject","inLanguage":"fr-FR","@id":"https:\/\/lasentinelle.dz\/index.php\/2026\/03\/18\/examens-du-bac-et-du-bem-des-centres-de-revision-ouverts-pendant-les-vacances\/#primaryimage","url":"https:\/\/lasentinelle.dz\/wp-content\/uploads\/2022\/05\/education.png","contentUrl":"https:\/\/lasentinelle.dz\/wp-content\/uploads\/2022\/05\/education.png","width":1491,"height":900},{"@type":"BreadcrumbList","@id":"https:\/\/lasentinelle.dz\/index.php\/2026\/03\/18\/examens-du-bac-et-du-bem-des-centres-de-revision-ouverts-pendant-les-vacances\/#breadcrumb","itemListElement":[{"@type":"ListItem","position":1,"name":"Accueil","item":"https:\/\/lasentinelle.dz\/"},{"@type":"ListItem","position":2,"name":"Examens du Bac et du BEM\u00a0: Des centres de r\u00e9vision ouverts pendant les vacances"}]},{"@type":"WebSite","@id":"https:\/\/lasentinelle.dz\/#website","url":"https:\/\/lasentinelle.dz\/","name":"La Sentinelle","description":"Quotidien national d&#039;information","publisher":{"@id":"https:\/\/lasentinelle.dz\/#organization"},"potentialAction":[{"@type":"SearchAction","target":{"@type":"EntryPoint","urlTemplate":"https:\/\/lasentinelle.dz\/?s={search_term_string}"},"query-input":{"@type":"PropertyValueSpecification","valueRequired":true,"valueName":"search_term_string"}}],"inLanguage":"fr-FR"},{"@type":"Organization","@id":"https:\/\/lasentinelle.dz\/#organization","name":"Quotidien La Sentinelle","url":"https:\/\/lasentinelle.dz\/","logo":{"@type":"ImageObject","inLanguage":"fr-FR","@id":"https:\/\/lasentinelle.dz\/#\/schema\/logo\/image\/","url":"https:\/\/lasentinelle.dz\/wp-content\/uploads\/2021\/09\/logo-sentinelleSLOGAN-1.png","contentUrl":"https:\/\/lasentinelle.dz\/wp-content\/uploads\/2021\/09\/logo-sentinelleSLOGAN-1.png","width":615,"height":142,"caption":"Quotidien La Sentinelle"},"image":{"@id":"https:\/\/lasentinelle.dz\/#\/schema\/logo\/image\/"},"sameAs":["https:\/\/www.facebook.com\/La-Sentinelle-104059864394773"]},{"@type":"Person","@id":"https:\/\/lasentinelle.dz\/#\/schema\/person\/729ee0024f24e0b8c5ec17232f8e8b41","name":"admin","image":{"@type":"ImageObject","inLanguage":"fr-FR","@id":"https:\/\/secure.gravatar.com\/avatar\/4c81fed838786e9b53f540bf46533e750f5d292099ae3b66cfc6fb1982e29df7?s=96&d=mm&r=g","url":"https:\/\/secure.gravatar.com\/avatar\/4c81fed838786e9b53f540bf46533e750f5d292099ae3b66cfc6fb1982e29df7?s=96&d=mm&r=g","contentUrl":"https:\/\/secure.gravatar.com\/avatar\/4c81fed838786e9b53f540bf46533e750f5d292099ae3b66cfc6fb1982e29df7?s=96&d=mm&r=g","caption":"admin"},"description":"admin","url":"https:\/\/lasentinelle.dz\/author\/admin\/"}]}},"_links":{"self":[{"href":"https:\/\/lasentinelle.dz\/index.php\/wp-json\/wp\/v2\/posts\/83865","targetHints":{"allow":["GET"]}}],"collection":[{"href":"https:\/\/lasentinelle.dz\/index.php\/wp-json\/wp\/v2\/posts"}],"about":[{"href":"https:\/\/lasentinelle.dz\/index.php\/wp-json\/wp\/v2\/types\/post"}],"author":[{"embeddable":true,"href":"https:\/\/lasentinelle.dz\/index.php\/wp-json\/wp\/v2\/users\/6"}],"replies":[{"embeddable":true,"href":"https:\/\/lasentinelle.dz\/index.php\/wp-json\/wp\/v2\/comments?post=83865"}],"version-history":[{"count":1,"href":"https:\/\/lasentinelle.dz\/index.php\/wp-json\/wp\/v2\/posts\/83865\/revisions"}],"predecessor-version":[{"id":83866,"href":"https:\/\/lasentinelle.dz\/index.php\/wp-json\/wp\/v2\/posts\/83865\/revisions\/83866"}],"wp:featuredmedia":[{"embeddable":true,"href":"https:\/\/lasentinelle.dz\/index.php\/wp-json\/wp\/v2\/media\/21880"}],"wp:attachment":[{"href":"https:\/\/lasentinelle.dz\/index.php\/wp-json\/wp\/v2\/media?parent=83865"}],"wp:term":[{"taxonomy":"category","embeddable":true,"href":"https:\/\/lasentinelle.dz\/index.php\/wp-json\/wp\/v2\/categories?post=83865"},{"taxonomy":"post_tag","embeddable":true,"href":"https:\/\/lasentinelle.dz\/index.php\/wp-json\/wp\/v2\/tags?post=83865"}],"curies":[{"name":"wp","href":"https:\/\/api.w.org\/{rel}","templated":true}]}}