{"id":83867,"date":"2026-03-18T20:41:10","date_gmt":"2026-03-18T19:41:10","guid":{"rendered":"https:\/\/lasentinelle.dz\/?p=83867"},"modified":"2026-03-18T20:41:12","modified_gmt":"2026-03-18T19:41:12","slug":"marches-publics-et-feuilles-de-route-sectorielles-le-gouvernement-accelere-la-mise-en-place-de-son-cadre-daction","status":"publish","type":"post","link":"https:\/\/lasentinelle.dz\/index.php\/2026\/03\/18\/marches-publics-et-feuilles-de-route-sectorielles-le-gouvernement-accelere-la-mise-en-place-de-son-cadre-daction\/","title":{"rendered":"March\u00e9s publics et feuilles de route sectorielles\u00a0: Le Gouvernement acc\u00e9l\u00e8re la mise en place de son cadre d&rsquo;action"},"content":{"rendered":"\n<p>Le Premier ministre Sifi Ghrieb a pr\u00e9sid\u00e9 mercredi une r\u00e9union du gouvernement consacr\u00e9e \u00e0 l&rsquo;examen d&rsquo;un projet de d\u00e9cret ex\u00e9cutif fixant les modalit\u00e9s d&rsquo;application des r\u00e8gles g\u00e9n\u00e9rales relatives aux march\u00e9s publics, ainsi qu&rsquo;aux feuilles de route de huit secteurs pour la p\u00e9riode 2026-2028, selon un communiqu\u00e9 des Services du Premier ministre. Cette double d\u00e9marche vise \u00e0 doter l&rsquo;ex\u00e9cutif d&rsquo;un cadre r\u00e9glementaire r\u00e9nov\u00e9 pour la commande publique et d&rsquo;agendas sectoriels pr\u00e9cis, assortis d&rsquo;\u00e9ch\u00e9ances et d&rsquo;objectifs quantifiables.<\/p>\n\n\n\n<p>Le volet march\u00e9s publics constituait le premier point \u00e0 l&rsquo;ordre du jour. Selon le communiqu\u00e9, \u00ab ce projet de texte a pour objet de pr\u00e9ciser le cadre r\u00e9glementaire destin\u00e9 \u00e0 assurer l&rsquo;application effective de la l\u00e9gislation en vigueur. \u00c0 cet effet, il permet de mieux codifier les proc\u00e9dures pratiques et de compl\u00e9ter les m\u00e9canismes op\u00e9rationnels pr\u00e9sidant \u00e0 la pr\u00e9paration et \u00e0 l&rsquo;ex\u00e9cution de la commande publique en assurant l&rsquo;\u00e9quilibre des relations contractuelles \u00bb. Le texte \u00ab vise, par ailleurs, \u00e0 am\u00e9liorer l&rsquo;utilisation des fonds publics tout en consolidant un environnement concurrentiel \u00e9quitable, favorisant les principes de transparence et d&rsquo;\u00e9thique \u00bb, ajoute le communiqu\u00e9, pr\u00e9cisant qu&rsquo;il \u00ab entend \u00e9galement encourager la valorisation et la promotion de la production nationale et veiller au respect des r\u00e8gles de bonne gouvernance dans la gestion et l&rsquo;ex\u00e9cution de la commande publique \u00bb.<\/p>\n\n\n\n<p>Ce projet de d\u00e9cret ex\u00e9cutif intervient en application de la loi n\u00b0 23-12 d\u00e9finissant les r\u00e8gles g\u00e9n\u00e9rales relatives aux march\u00e9s publics, promulgu\u00e9e en ao\u00fbt 2023. Son \u00e9laboration a connu un parcours it\u00e9ratif r\u00e9v\u00e9lateur de l&rsquo;exigence que le gouvernement entend placer dans ce texte. Le ministre des Finances, Abdelkrim Bouzred, avait lui-m\u00eame annonc\u00e9 en d\u00e9cembre devant le Conseil de la Nation la pr\u00e9paration de ce d\u00e9cret, indiquant qu&rsquo;il avait retir\u00e9 une premi\u00e8re mouture jug\u00e9e insatisfaisante. L&rsquo;objectif, avait pr\u00e9cis\u00e9 le ministre, est de \u00ab conf\u00e9rer davantage de dynamisme \u00e0 la gestion des march\u00e9s publics aux services contractants et \u00e0 renforcer leur responsabilit\u00e9 \u00bb. Il n&rsquo;avait pas exclu la cr\u00e9ation d&rsquo;une cellule de suivi des projets afin de renforcer l&rsquo;efficacit\u00e9 administrative et de mettre fin aux retards chroniques qui gr\u00e8vent l&rsquo;ex\u00e9cution de la commande publique. Cette refonte s&rsquo;inscrit dans un cadre plus large de r\u00e9forme du suivi des investissements publics engag\u00e9e en 2026, visant \u00e0 corriger les insuffisances constat\u00e9es en s\u00e9parant l&rsquo;administration de la r\u00e9alisation, avec la mise en place d&rsquo;une agence d\u00e9di\u00e9e aux grands projets.<\/p>\n\n\n\n<p>Le second volet de la r\u00e9union portait sur les feuilles de route sectorielles 2026-2028, un exercice de planification op\u00e9rationnelle amorc\u00e9 fin janvier par le Premier ministre. Selon le communiqu\u00e9, \u00ab le gouvernement a examin\u00e9 les projets de feuilles de route des secteurs des transports, de la justice, de l&rsquo;enseignement sup\u00e9rieur et de la recherche scientifique, de l&rsquo;\u00e9ducation nationale, du commerce int\u00e9rieur et de la r\u00e9gulation du march\u00e9 national, de la jeunesse, des travaux publics et des infrastructures de base, de l&rsquo;hydraulique et des sports \u00bb. Ces feuilles de route, une fois finalis\u00e9es, seront soumises en Conseil des ministres pour \u00eatre avalis\u00e9es et prendre la forme d&rsquo;agendas sectoriels contraignants, assortis de d\u00e9lais et d&rsquo;indicateurs de r\u00e9sultats. La m\u00e9thodologie retenue pour leur \u00e9laboration avait \u00e9t\u00e9 fix\u00e9e d\u00e8s la fin janvier par le Premier ministre lui-m\u00eame. Elle repose sur quatre piliers : l&rsquo;identification des axes strat\u00e9giques de chaque secteur sur la base d&rsquo;un \u00ab diagnostic objectif de l&rsquo;\u00e9tat des lieux \u00bb, la \u00ab d\u00e9finition d&rsquo;instruments op\u00e9rationnels de mise en \u0153uvre \u00bb, la \u00ab mise en ad\u00e9quation des objectifs de la strat\u00e9gie avec les capacit\u00e9s humaines et financi\u00e8res disponibles \u00bb et \u00ab l&rsquo;estimation des d\u00e9lais de sa r\u00e9alisation \u00bb. Cette approche traduit la volont\u00e9 du gouvernement Ghrieb d&rsquo;adosser l&rsquo;action publique \u00e0 des engagements mesurables et de rompre avec une gestion sectorielle jug\u00e9e trop peu coordonn\u00e9e.<\/p>\n\n\n\n<p>La concomitance des deux dossiers examin\u00e9s mercredi n&rsquo;est pas fortuite. En r\u00e9formant simultan\u00e9ment le cadre de la commande publique et les instruments de pilotage sectoriel, le gouvernement entend cr\u00e9er les conditions d&rsquo;une ex\u00e9cution plus efficace de son plan de charge. La r\u00e9vision du d\u00e9cret sur les march\u00e9s publics doit fluidifier les proc\u00e9dures de passation et d&rsquo;ex\u00e9cution des contrats, tandis que les feuilles de route sectorielles fourniront le cadre programmatique. L&rsquo;enjeu est de taille : il s&rsquo;agit d&rsquo;optimiser l&rsquo;usage des ressources publiques dans un contexte o\u00f9 l&rsquo;Alg\u00e9rie engage simultan\u00e9ment d&rsquo;importants programmes d&rsquo;infrastructures et de d\u00e9veloppement socio-\u00e9conomique, tout en veillant \u00e0 la transparence et \u00e0 la bonne gouvernance dans l&rsquo;allocation de la d\u00e9pense publique.<\/p>\n\n\n\n<p>Amar Malki<\/p>\n","protected":false},"excerpt":{"rendered":"<p>Le Premier ministre Sifi Ghrieb a pr\u00e9sid\u00e9 mercredi une r\u00e9union du gouvernement consacr\u00e9e \u00e0 l&rsquo;examen d&rsquo;un projet de d\u00e9cret ex\u00e9cutif<\/p>\n","protected":false},"author":6,"featured_media":83868,"comment_status":"open","ping_status":"closed","sticky":false,"template":"","format":"standard","meta":{"colormag_page_container_layout":"default_layout","colormag_page_sidebar_layout":"default_layout","om_disable_all_campaigns":false,"_monsterinsights_skip_tracking":false,"_monsterinsights_sitenote_active":false,"_monsterinsights_sitenote_note":"","_monsterinsights_sitenote_category":0,"footnotes":"","_wpscppro_dont_share_socialmedia":false,"_wpscppro_custom_social_share_image":0,"_facebook_share_type":"default","_twitter_share_type":"default","_linkedin_share_type":"default","_pinterest_share_type":"default","_linkedin_share_type_page":"","_instagram_share_type":"default","_medium_share_type":"default","_threads_share_type":"default","_google_business_share_type":"default","_selected_social_profile":[],"_wpsp_enable_custom_social_template":false,"_wpsp_social_scheduling":{"enabled":false,"datetime":null,"platforms":[],"status":"template_only","dateOption":"today","timeOption":"now","customDays":"","customHours":"","customDate":"","customTime":"","schedulingType":"absolute"},"_wpsp_active_default_template":true},"categories":[52,27],"tags":[],"class_list":["post-83867","post","type-post","status-publish","format-standard","has-post-thumbnail","hentry","category-a-la-une","category-actualite"],"aioseo_notices":[],"yoast_head":"<!-- This site is optimized with the Yoast SEO plugin v27.5 - https:\/\/yoast.com\/product\/yoast-seo-wordpress\/ -->\n<title>March\u00e9s publics et feuilles de route sectorielles\u00a0: Le Gouvernement acc\u00e9l\u00e8re la mise en place de son cadre d&rsquo;action - La Sentinelle<\/title>\n<meta name=\"robots\" content=\"index, follow, max-snippet:-1, max-image-preview:large, max-video-preview:-1\" \/>\n<link rel=\"canonical\" href=\"https:\/\/lasentinelle.dz\/index.php\/2026\/03\/18\/marches-publics-et-feuilles-de-route-sectorielles-le-gouvernement-accelere-la-mise-en-place-de-son-cadre-daction\/\" \/>\n<meta property=\"og:locale\" content=\"fr_FR\" \/>\n<meta property=\"og:type\" content=\"article\" \/>\n<meta property=\"og:title\" content=\"March\u00e9s publics et feuilles de route sectorielles\u00a0: Le Gouvernement acc\u00e9l\u00e8re la mise en place de son cadre d&rsquo;action - La Sentinelle\" \/>\n<meta property=\"og:description\" content=\"Le Premier ministre Sifi Ghrieb a pr\u00e9sid\u00e9 mercredi une r\u00e9union du gouvernement consacr\u00e9e \u00e0 l&rsquo;examen d&rsquo;un projet de d\u00e9cret ex\u00e9cutif\" \/>\n<meta property=\"og:url\" content=\"https:\/\/lasentinelle.dz\/index.php\/2026\/03\/18\/marches-publics-et-feuilles-de-route-sectorielles-le-gouvernement-accelere-la-mise-en-place-de-son-cadre-daction\/\" \/>\n<meta property=\"og:site_name\" content=\"La Sentinelle\" \/>\n<meta property=\"article:publisher\" content=\"https:\/\/www.facebook.com\/La-Sentinelle-104059864394773\" \/>\n<meta property=\"article:published_time\" content=\"2026-03-18T19:41:10+00:00\" \/>\n<meta property=\"article:modified_time\" content=\"2026-03-18T19:41:12+00:00\" \/>\n<meta property=\"og:image\" content=\"https:\/\/lasentinelle.dz\/wp-content\/uploads\/2026\/03\/gouvernement.jpg\" \/>\n\t<meta property=\"og:image:width\" content=\"1440\" \/>\n\t<meta property=\"og:image:height\" content=\"1040\" \/>\n\t<meta property=\"og:image:type\" content=\"image\/jpeg\" \/>\n<meta name=\"author\" content=\"admin\" \/>\n<meta name=\"twitter:card\" content=\"summary_large_image\" \/>\n<meta name=\"twitter:label1\" content=\"\u00c9crit par\" \/>\n\t<meta name=\"twitter:data1\" content=\"admin\" \/>\n\t<meta name=\"twitter:label2\" content=\"Dur\u00e9e de lecture estim\u00e9e\" \/>\n\t<meta name=\"twitter:data2\" content=\"4 minutes\" \/>\n<script type=\"application\/ld+json\" class=\"yoast-schema-graph\">{\"@context\":\"https:\\\/\\\/schema.org\",\"@graph\":[{\"@type\":\"Article\",\"@id\":\"https:\\\/\\\/lasentinelle.dz\\\/index.php\\\/2026\\\/03\\\/18\\\/marches-publics-et-feuilles-de-route-sectorielles-le-gouvernement-accelere-la-mise-en-place-de-son-cadre-daction\\\/#article\",\"isPartOf\":{\"@id\":\"https:\\\/\\\/lasentinelle.dz\\\/index.php\\\/2026\\\/03\\\/18\\\/marches-publics-et-feuilles-de-route-sectorielles-le-gouvernement-accelere-la-mise-en-place-de-son-cadre-daction\\\/\"},\"author\":{\"name\":\"admin\",\"@id\":\"https:\\\/\\\/lasentinelle.dz\\\/#\\\/schema\\\/person\\\/729ee0024f24e0b8c5ec17232f8e8b41\"},\"headline\":\"March\u00e9s publics et feuilles de route sectorielles\u00a0: Le Gouvernement acc\u00e9l\u00e8re la mise en place de son cadre d&rsquo;action\",\"datePublished\":\"2026-03-18T19:41:10+00:00\",\"dateModified\":\"2026-03-18T19:41:12+00:00\",\"mainEntityOfPage\":{\"@id\":\"https:\\\/\\\/lasentinelle.dz\\\/index.php\\\/2026\\\/03\\\/18\\\/marches-publics-et-feuilles-de-route-sectorielles-le-gouvernement-accelere-la-mise-en-place-de-son-cadre-daction\\\/\"},\"wordCount\":859,\"commentCount\":0,\"publisher\":{\"@id\":\"https:\\\/\\\/lasentinelle.dz\\\/#organization\"},\"image\":{\"@id\":\"https:\\\/\\\/lasentinelle.dz\\\/index.php\\\/2026\\\/03\\\/18\\\/marches-publics-et-feuilles-de-route-sectorielles-le-gouvernement-accelere-la-mise-en-place-de-son-cadre-daction\\\/#primaryimage\"},\"thumbnailUrl\":\"https:\\\/\\\/lasentinelle.dz\\\/wp-content\\\/uploads\\\/2026\\\/03\\\/gouvernement.jpg\",\"articleSection\":[\"\u00c0 la Une\",\"Actualit\u00e9\"],\"inLanguage\":\"fr-FR\",\"potentialAction\":[{\"@type\":\"CommentAction\",\"name\":\"Comment\",\"target\":[\"https:\\\/\\\/lasentinelle.dz\\\/index.php\\\/2026\\\/03\\\/18\\\/marches-publics-et-feuilles-de-route-sectorielles-le-gouvernement-accelere-la-mise-en-place-de-son-cadre-daction\\\/#respond\"]}]},{\"@type\":\"WebPage\",\"@id\":\"https:\\\/\\\/lasentinelle.dz\\\/index.php\\\/2026\\\/03\\\/18\\\/marches-publics-et-feuilles-de-route-sectorielles-le-gouvernement-accelere-la-mise-en-place-de-son-cadre-daction\\\/\",\"url\":\"https:\\\/\\\/lasentinelle.dz\\\/index.php\\\/2026\\\/03\\\/18\\\/marches-publics-et-feuilles-de-route-sectorielles-le-gouvernement-accelere-la-mise-en-place-de-son-cadre-daction\\\/\",\"name\":\"March\u00e9s publics et feuilles de route sectorielles\u00a0: Le Gouvernement acc\u00e9l\u00e8re la mise en place de son cadre d&rsquo;action - La Sentinelle\",\"isPartOf\":{\"@id\":\"https:\\\/\\\/lasentinelle.dz\\\/#website\"},\"primaryImageOfPage\":{\"@id\":\"https:\\\/\\\/lasentinelle.dz\\\/index.php\\\/2026\\\/03\\\/18\\\/marches-publics-et-feuilles-de-route-sectorielles-le-gouvernement-accelere-la-mise-en-place-de-son-cadre-daction\\\/#primaryimage\"},\"image\":{\"@id\":\"https:\\\/\\\/lasentinelle.dz\\\/index.php\\\/2026\\\/03\\\/18\\\/marches-publics-et-feuilles-de-route-sectorielles-le-gouvernement-accelere-la-mise-en-place-de-son-cadre-daction\\\/#primaryimage\"},\"thumbnailUrl\":\"https:\\\/\\\/lasentinelle.dz\\\/wp-content\\\/uploads\\\/2026\\\/03\\\/gouvernement.jpg\",\"datePublished\":\"2026-03-18T19:41:10+00:00\",\"dateModified\":\"2026-03-18T19:41:12+00:00\",\"breadcrumb\":{\"@id\":\"https:\\\/\\\/lasentinelle.dz\\\/index.php\\\/2026\\\/03\\\/18\\\/marches-publics-et-feuilles-de-route-sectorielles-le-gouvernement-accelere-la-mise-en-place-de-son-cadre-daction\\\/#breadcrumb\"},\"inLanguage\":\"fr-FR\",\"potentialAction\":[{\"@type\":\"ReadAction\",\"target\":[\"https:\\\/\\\/lasentinelle.dz\\\/index.php\\\/2026\\\/03\\\/18\\\/marches-publics-et-feuilles-de-route-sectorielles-le-gouvernement-accelere-la-mise-en-place-de-son-cadre-daction\\\/\"]}]},{\"@type\":\"ImageObject\",\"inLanguage\":\"fr-FR\",\"@id\":\"https:\\\/\\\/lasentinelle.dz\\\/index.php\\\/2026\\\/03\\\/18\\\/marches-publics-et-feuilles-de-route-sectorielles-le-gouvernement-accelere-la-mise-en-place-de-son-cadre-daction\\\/#primaryimage\",\"url\":\"https:\\\/\\\/lasentinelle.dz\\\/wp-content\\\/uploads\\\/2026\\\/03\\\/gouvernement.jpg\",\"contentUrl\":\"https:\\\/\\\/lasentinelle.dz\\\/wp-content\\\/uploads\\\/2026\\\/03\\\/gouvernement.jpg\",\"width\":1440,\"height\":1040},{\"@type\":\"BreadcrumbList\",\"@id\":\"https:\\\/\\\/lasentinelle.dz\\\/index.php\\\/2026\\\/03\\\/18\\\/marches-publics-et-feuilles-de-route-sectorielles-le-gouvernement-accelere-la-mise-en-place-de-son-cadre-daction\\\/#breadcrumb\",\"itemListElement\":[{\"@type\":\"ListItem\",\"position\":1,\"name\":\"Accueil\",\"item\":\"https:\\\/\\\/lasentinelle.dz\\\/\"},{\"@type\":\"ListItem\",\"position\":2,\"name\":\"March\u00e9s publics et feuilles de route sectorielles\u00a0: Le Gouvernement acc\u00e9l\u00e8re la mise en place de son cadre d&rsquo;action\"}]},{\"@type\":\"WebSite\",\"@id\":\"https:\\\/\\\/lasentinelle.dz\\\/#website\",\"url\":\"https:\\\/\\\/lasentinelle.dz\\\/\",\"name\":\"La Sentinelle\",\"description\":\"Quotidien national d&#039;information\",\"publisher\":{\"@id\":\"https:\\\/\\\/lasentinelle.dz\\\/#organization\"},\"potentialAction\":[{\"@type\":\"SearchAction\",\"target\":{\"@type\":\"EntryPoint\",\"urlTemplate\":\"https:\\\/\\\/lasentinelle.dz\\\/?s={search_term_string}\"},\"query-input\":{\"@type\":\"PropertyValueSpecification\",\"valueRequired\":true,\"valueName\":\"search_term_string\"}}],\"inLanguage\":\"fr-FR\"},{\"@type\":\"Organization\",\"@id\":\"https:\\\/\\\/lasentinelle.dz\\\/#organization\",\"name\":\"Quotidien La Sentinelle\",\"url\":\"https:\\\/\\\/lasentinelle.dz\\\/\",\"logo\":{\"@type\":\"ImageObject\",\"inLanguage\":\"fr-FR\",\"@id\":\"https:\\\/\\\/lasentinelle.dz\\\/#\\\/schema\\\/logo\\\/image\\\/\",\"url\":\"https:\\\/\\\/lasentinelle.dz\\\/wp-content\\\/uploads\\\/2021\\\/09\\\/logo-sentinelleSLOGAN-1.png\",\"contentUrl\":\"https:\\\/\\\/lasentinelle.dz\\\/wp-content\\\/uploads\\\/2021\\\/09\\\/logo-sentinelleSLOGAN-1.png\",\"width\":615,\"height\":142,\"caption\":\"Quotidien La Sentinelle\"},\"image\":{\"@id\":\"https:\\\/\\\/lasentinelle.dz\\\/#\\\/schema\\\/logo\\\/image\\\/\"},\"sameAs\":[\"https:\\\/\\\/www.facebook.com\\\/La-Sentinelle-104059864394773\"]},{\"@type\":\"Person\",\"@id\":\"https:\\\/\\\/lasentinelle.dz\\\/#\\\/schema\\\/person\\\/729ee0024f24e0b8c5ec17232f8e8b41\",\"name\":\"admin\",\"image\":{\"@type\":\"ImageObject\",\"inLanguage\":\"fr-FR\",\"@id\":\"https:\\\/\\\/secure.gravatar.com\\\/avatar\\\/4c81fed838786e9b53f540bf46533e750f5d292099ae3b66cfc6fb1982e29df7?s=96&d=mm&r=g\",\"url\":\"https:\\\/\\\/secure.gravatar.com\\\/avatar\\\/4c81fed838786e9b53f540bf46533e750f5d292099ae3b66cfc6fb1982e29df7?s=96&d=mm&r=g\",\"contentUrl\":\"https:\\\/\\\/secure.gravatar.com\\\/avatar\\\/4c81fed838786e9b53f540bf46533e750f5d292099ae3b66cfc6fb1982e29df7?s=96&d=mm&r=g\",\"caption\":\"admin\"},\"description\":\"admin\",\"url\":\"https:\\\/\\\/lasentinelle.dz\\\/author\\\/admin\\\/\"}]}<\/script>\n<!-- \/ Yoast SEO plugin. -->","yoast_head_json":{"title":"March\u00e9s publics et feuilles de route sectorielles\u00a0: Le Gouvernement acc\u00e9l\u00e8re la mise en place de son cadre d&rsquo;action - La Sentinelle","robots":{"index":"index","follow":"follow","max-snippet":"max-snippet:-1","max-image-preview":"max-image-preview:large","max-video-preview":"max-video-preview:-1"},"canonical":"https:\/\/lasentinelle.dz\/index.php\/2026\/03\/18\/marches-publics-et-feuilles-de-route-sectorielles-le-gouvernement-accelere-la-mise-en-place-de-son-cadre-daction\/","og_locale":"fr_FR","og_type":"article","og_title":"March\u00e9s publics et feuilles de route sectorielles\u00a0: Le Gouvernement acc\u00e9l\u00e8re la mise en place de son cadre d&rsquo;action - La Sentinelle","og_description":"Le Premier ministre Sifi Ghrieb a pr\u00e9sid\u00e9 mercredi une r\u00e9union du gouvernement consacr\u00e9e \u00e0 l&rsquo;examen d&rsquo;un projet de d\u00e9cret ex\u00e9cutif","og_url":"https:\/\/lasentinelle.dz\/index.php\/2026\/03\/18\/marches-publics-et-feuilles-de-route-sectorielles-le-gouvernement-accelere-la-mise-en-place-de-son-cadre-daction\/","og_site_name":"La Sentinelle","article_publisher":"https:\/\/www.facebook.com\/La-Sentinelle-104059864394773","article_published_time":"2026-03-18T19:41:10+00:00","article_modified_time":"2026-03-18T19:41:12+00:00","og_image":[{"width":1440,"height":1040,"url":"https:\/\/lasentinelle.dz\/wp-content\/uploads\/2026\/03\/gouvernement.jpg","type":"image\/jpeg"}],"author":"admin","twitter_card":"summary_large_image","twitter_misc":{"\u00c9crit par":"admin","Dur\u00e9e de lecture estim\u00e9e":"4 minutes"},"schema":{"@context":"https:\/\/schema.org","@graph":[{"@type":"Article","@id":"https:\/\/lasentinelle.dz\/index.php\/2026\/03\/18\/marches-publics-et-feuilles-de-route-sectorielles-le-gouvernement-accelere-la-mise-en-place-de-son-cadre-daction\/#article","isPartOf":{"@id":"https:\/\/lasentinelle.dz\/index.php\/2026\/03\/18\/marches-publics-et-feuilles-de-route-sectorielles-le-gouvernement-accelere-la-mise-en-place-de-son-cadre-daction\/"},"author":{"name":"admin","@id":"https:\/\/lasentinelle.dz\/#\/schema\/person\/729ee0024f24e0b8c5ec17232f8e8b41"},"headline":"March\u00e9s publics et feuilles de route sectorielles\u00a0: Le Gouvernement acc\u00e9l\u00e8re la mise en place de son cadre d&rsquo;action","datePublished":"2026-03-18T19:41:10+00:00","dateModified":"2026-03-18T19:41:12+00:00","mainEntityOfPage":{"@id":"https:\/\/lasentinelle.dz\/index.php\/2026\/03\/18\/marches-publics-et-feuilles-de-route-sectorielles-le-gouvernement-accelere-la-mise-en-place-de-son-cadre-daction\/"},"wordCount":859,"commentCount":0,"publisher":{"@id":"https:\/\/lasentinelle.dz\/#organization"},"image":{"@id":"https:\/\/lasentinelle.dz\/index.php\/2026\/03\/18\/marches-publics-et-feuilles-de-route-sectorielles-le-gouvernement-accelere-la-mise-en-place-de-son-cadre-daction\/#primaryimage"},"thumbnailUrl":"https:\/\/lasentinelle.dz\/wp-content\/uploads\/2026\/03\/gouvernement.jpg","articleSection":["\u00c0 la Une","Actualit\u00e9"],"inLanguage":"fr-FR","potentialAction":[{"@type":"CommentAction","name":"Comment","target":["https:\/\/lasentinelle.dz\/index.php\/2026\/03\/18\/marches-publics-et-feuilles-de-route-sectorielles-le-gouvernement-accelere-la-mise-en-place-de-son-cadre-daction\/#respond"]}]},{"@type":"WebPage","@id":"https:\/\/lasentinelle.dz\/index.php\/2026\/03\/18\/marches-publics-et-feuilles-de-route-sectorielles-le-gouvernement-accelere-la-mise-en-place-de-son-cadre-daction\/","url":"https:\/\/lasentinelle.dz\/index.php\/2026\/03\/18\/marches-publics-et-feuilles-de-route-sectorielles-le-gouvernement-accelere-la-mise-en-place-de-son-cadre-daction\/","name":"March\u00e9s publics et feuilles de route sectorielles\u00a0: Le Gouvernement acc\u00e9l\u00e8re la mise en place de son cadre d&rsquo;action - La Sentinelle","isPartOf":{"@id":"https:\/\/lasentinelle.dz\/#website"},"primaryImageOfPage":{"@id":"https:\/\/lasentinelle.dz\/index.php\/2026\/03\/18\/marches-publics-et-feuilles-de-route-sectorielles-le-gouvernement-accelere-la-mise-en-place-de-son-cadre-daction\/#primaryimage"},"image":{"@id":"https:\/\/lasentinelle.dz\/index.php\/2026\/03\/18\/marches-publics-et-feuilles-de-route-sectorielles-le-gouvernement-accelere-la-mise-en-place-de-son-cadre-daction\/#primaryimage"},"thumbnailUrl":"https:\/\/lasentinelle.dz\/wp-content\/uploads\/2026\/03\/gouvernement.jpg","datePublished":"2026-03-18T19:41:10+00:00","dateModified":"2026-03-18T19:41:12+00:00","breadcrumb":{"@id":"https:\/\/lasentinelle.dz\/index.php\/2026\/03\/18\/marches-publics-et-feuilles-de-route-sectorielles-le-gouvernement-accelere-la-mise-en-place-de-son-cadre-daction\/#breadcrumb"},"inLanguage":"fr-FR","potentialAction":[{"@type":"ReadAction","target":["https:\/\/lasentinelle.dz\/index.php\/2026\/03\/18\/marches-publics-et-feuilles-de-route-sectorielles-le-gouvernement-accelere-la-mise-en-place-de-son-cadre-daction\/"]}]},{"@type":"ImageObject","inLanguage":"fr-FR","@id":"https:\/\/lasentinelle.dz\/index.php\/2026\/03\/18\/marches-publics-et-feuilles-de-route-sectorielles-le-gouvernement-accelere-la-mise-en-place-de-son-cadre-daction\/#primaryimage","url":"https:\/\/lasentinelle.dz\/wp-content\/uploads\/2026\/03\/gouvernement.jpg","contentUrl":"https:\/\/lasentinelle.dz\/wp-content\/uploads\/2026\/03\/gouvernement.jpg","width":1440,"height":1040},{"@type":"BreadcrumbList","@id":"https:\/\/lasentinelle.dz\/index.php\/2026\/03\/18\/marches-publics-et-feuilles-de-route-sectorielles-le-gouvernement-accelere-la-mise-en-place-de-son-cadre-daction\/#breadcrumb","itemListElement":[{"@type":"ListItem","position":1,"name":"Accueil","item":"https:\/\/lasentinelle.dz\/"},{"@type":"ListItem","position":2,"name":"March\u00e9s publics et feuilles de route sectorielles\u00a0: Le Gouvernement acc\u00e9l\u00e8re la mise en place de son cadre d&rsquo;action"}]},{"@type":"WebSite","@id":"https:\/\/lasentinelle.dz\/#website","url":"https:\/\/lasentinelle.dz\/","name":"La Sentinelle","description":"Quotidien national d&#039;information","publisher":{"@id":"https:\/\/lasentinelle.dz\/#organization"},"potentialAction":[{"@type":"SearchAction","target":{"@type":"EntryPoint","urlTemplate":"https:\/\/lasentinelle.dz\/?s={search_term_string}"},"query-input":{"@type":"PropertyValueSpecification","valueRequired":true,"valueName":"search_term_string"}}],"inLanguage":"fr-FR"},{"@type":"Organization","@id":"https:\/\/lasentinelle.dz\/#organization","name":"Quotidien La Sentinelle","url":"https:\/\/lasentinelle.dz\/","logo":{"@type":"ImageObject","inLanguage":"fr-FR","@id":"https:\/\/lasentinelle.dz\/#\/schema\/logo\/image\/","url":"https:\/\/lasentinelle.dz\/wp-content\/uploads\/2021\/09\/logo-sentinelleSLOGAN-1.png","contentUrl":"https:\/\/lasentinelle.dz\/wp-content\/uploads\/2021\/09\/logo-sentinelleSLOGAN-1.png","width":615,"height":142,"caption":"Quotidien La Sentinelle"},"image":{"@id":"https:\/\/lasentinelle.dz\/#\/schema\/logo\/image\/"},"sameAs":["https:\/\/www.facebook.com\/La-Sentinelle-104059864394773"]},{"@type":"Person","@id":"https:\/\/lasentinelle.dz\/#\/schema\/person\/729ee0024f24e0b8c5ec17232f8e8b41","name":"admin","image":{"@type":"ImageObject","inLanguage":"fr-FR","@id":"https:\/\/secure.gravatar.com\/avatar\/4c81fed838786e9b53f540bf46533e750f5d292099ae3b66cfc6fb1982e29df7?s=96&d=mm&r=g","url":"https:\/\/secure.gravatar.com\/avatar\/4c81fed838786e9b53f540bf46533e750f5d292099ae3b66cfc6fb1982e29df7?s=96&d=mm&r=g","contentUrl":"https:\/\/secure.gravatar.com\/avatar\/4c81fed838786e9b53f540bf46533e750f5d292099ae3b66cfc6fb1982e29df7?s=96&d=mm&r=g","caption":"admin"},"description":"admin","url":"https:\/\/lasentinelle.dz\/author\/admin\/"}]}},"_links":{"self":[{"href":"https:\/\/lasentinelle.dz\/index.php\/wp-json\/wp\/v2\/posts\/83867","targetHints":{"allow":["GET"]}}],"collection":[{"href":"https:\/\/lasentinelle.dz\/index.php\/wp-json\/wp\/v2\/posts"}],"about":[{"href":"https:\/\/lasentinelle.dz\/index.php\/wp-json\/wp\/v2\/types\/post"}],"author":[{"embeddable":true,"href":"https:\/\/lasentinelle.dz\/index.php\/wp-json\/wp\/v2\/users\/6"}],"replies":[{"embeddable":true,"href":"https:\/\/lasentinelle.dz\/index.php\/wp-json\/wp\/v2\/comments?post=83867"}],"version-history":[{"count":2,"href":"https:\/\/lasentinelle.dz\/index.php\/wp-json\/wp\/v2\/posts\/83867\/revisions"}],"predecessor-version":[{"id":83870,"href":"https:\/\/lasentinelle.dz\/index.php\/wp-json\/wp\/v2\/posts\/83867\/revisions\/83870"}],"wp:featuredmedia":[{"embeddable":true,"href":"https:\/\/lasentinelle.dz\/index.php\/wp-json\/wp\/v2\/media\/83868"}],"wp:attachment":[{"href":"https:\/\/lasentinelle.dz\/index.php\/wp-json\/wp\/v2\/media?parent=83867"}],"wp:term":[{"taxonomy":"category","embeddable":true,"href":"https:\/\/lasentinelle.dz\/index.php\/wp-json\/wp\/v2\/categories?post=83867"},{"taxonomy":"post_tag","embeddable":true,"href":"https:\/\/lasentinelle.dz\/index.php\/wp-json\/wp\/v2\/tags?post=83867"}],"curies":[{"name":"wp","href":"https:\/\/api.w.org\/{rel}","templated":true}]}}