{"id":83873,"date":"2026-03-18T20:42:46","date_gmt":"2026-03-18T19:42:46","guid":{"rendered":"https:\/\/lasentinelle.dz\/?p=83873"},"modified":"2026-03-18T20:42:47","modified_gmt":"2026-03-18T19:42:47","slug":"64-ans-apres-les-accords-devian-la-memoire-nationale-erigee-en-priorite-detat","status":"publish","type":"post","link":"https:\/\/lasentinelle.dz\/index.php\/2026\/03\/18\/64-ans-apres-les-accords-devian-la-memoire-nationale-erigee-en-priorite-detat\/","title":{"rendered":"64 ans apr\u00e8s les accords d\u2019\u00c9vian\u00a0: La m\u00e9moire nationale \u00e9rig\u00e9e en priorit\u00e9 d&rsquo;\u00c9tat"},"content":{"rendered":"\n<p>Soixante-quatre ans apr\u00e8s l&rsquo;entr\u00e9e en vigueur du cessez-le-feu, l&rsquo;Alg\u00e9rie c\u00e9l\u00e8bre jeudi la F\u00eate de la Victoire avec une conviction intacte : le 19 mars 1962 n&rsquo;appartient pas seulement au pass\u00e9. Cette date, qui a consacr\u00e9 la fin de 132 ans de colonisation fran\u00e7aise, continue d&rsquo;alimenter un projet politique bien pr\u00e9sent, celui d&rsquo;une m\u00e9moire nationale \u00e9rig\u00e9e en priorit\u00e9 d&rsquo;\u00c9tat. Le ministre des Moudjahidine et des Ayants-droit, Abdelmalek Tacherift, l&rsquo;a rappel\u00e9 sans ambages \u00e0 la veille de cet anniversaire. Pour lui, cette journ\u00e9e repr\u00e9sente \u00ab un symbole historique d\u00e9cisif qui incarne le cessez-le-feu et l&rsquo;entr\u00e9e en vigueur des Accords d&rsquo;Evian, mettant fin ainsi \u00e0 un si\u00e8cle et trois d\u00e9cennies de colonisation fran\u00e7aise \u00bb. Une formulation qui dit tout de la charge symbolique que les autorit\u00e9s alg\u00e9riennes entendent maintenir autour de cette comm\u00e9moration, loin de tout rituel fig\u00e9. Car le 19 mars, selon le ministre, n&rsquo;est pas une simple halte comm\u00e9morative. C&rsquo;est, dit-il, \u00ab la victoire de la volont\u00e9 populaire et de la lutte arm\u00e9e, l&rsquo;aube de l&rsquo;ind\u00e9pendance et le recouvrement de la souverainet\u00e9 nationale \u00bb. Une victoire ch\u00e8rement pay\u00e9e, au prix de millions de martyrs, de bless\u00e9s, d&rsquo;invalides, et d&rsquo;un pays d\u00e9vast\u00e9 par une guerre totale. Tacherift insiste sur ce point : le peuple alg\u00e9rien puise dans cette date \u00ab force et d\u00e9termination pour faire face aux s\u00e9quelles d&rsquo;une destruction massive et d&rsquo;une d\u00e9vastation totale t\u00e9moignant des crimes odieux de la colonisation, crimes qui resteront \u00e0 jamais dans les m\u00e9moires et demeureront imprescriptibles \u00bb.<\/p>\n\n\n\n<p>Ce rappel de l&rsquo;irr\u00e9versibilit\u00e9 des crimes coloniaux n&rsquo;est pas anodin. Il s&rsquo;inscrit dans une posture officielle de fermet\u00e9 sur le dossier m\u00e9moriel vis-\u00e0-vis de la France, que le ministre articule clairement : l&rsquo;Alg\u00e9rie \u00ab n&rsquo;acceptera nullement que ce dossier soit rel\u00e9gu\u00e9 \u00e0 l&rsquo;oubli ou au d\u00e9ni \u00bb. La m\u00e9moire et l&rsquo;histoire nationales, ajoute-t-il, \u00ab jouissent d&rsquo;un grand int\u00e9r\u00eat et ont la priorit\u00e9 dans le programme du pr\u00e9sident de la R\u00e9publique, attach\u00e9 \u00e0 pr\u00e9server la m\u00e9moire, \u00e0 prot\u00e9ger l&rsquo;identit\u00e9, \u00e0 ancrer les hauts faits et \u00e0 pr\u00e9server l&rsquo;histoire de la nation \u00bb.<\/p>\n\n\n\n<p>Sur le terrain, le minist\u00e8re multiplie les initiatives pour que cet h\u00e9ritage ne se dilue pas avec le temps : colloques internationaux et nationaux, conf\u00e9rences historiques, expositions mus\u00e9ales, recueil de t\u00e9moignages d&rsquo;anciens moudjahidine, production de films et de documentaires, entretien des cimeti\u00e8res de chouhada et des sites m\u00e9moriels. Des plateformes et applications \u00e9lectroniques sp\u00e9cialis\u00e9es dans l&rsquo;histoire nationale ont \u00e9galement \u00e9t\u00e9 lanc\u00e9es, permettant \u00e0 des utilisateurs en Alg\u00e9rie et \u00e0 l&rsquo;\u00e9tranger de parcourir les \u00e9v\u00e9nements marquants de la p\u00e9riode 1830-1962.<\/p>\n\n\n\n<p>Cette dynamique institutionnelle est salu\u00e9e par le Dr Mohamed Lahcen Zeghidi, chercheur en histoire et coordinateur de la Commission alg\u00e9rienne Histoire et M\u00e9moire, qui y voit un tournant qualitatif. Pour lui, la pr\u00e9servation de la m\u00e9moire nationale \u00ab ne rel\u00e8ve plus d&rsquo;un simple rappel symbolique du pass\u00e9, mais s&rsquo;est transform\u00e9e en un choix strat\u00e9gique afin de faire face aux d\u00e9fis actuels \u00bb. La comm\u00e9moration du 19 mars s&rsquo;inscrit ainsi, selon l&rsquo;historien, dans \u00ab un processus plus large visant \u00e0 valoriser la m\u00e9moire et \u00e0 la pr\u00e9server de toute alt\u00e9ration, en l&rsquo;ancrant dans la conscience collective des g\u00e9n\u00e9rations successives \u00bb.<\/p>\n\n\n\n<p>Zeghidi rappelle ce que repr\u00e9sente historiquement la date du cessez-le-feu : \u00ab une halte nationale f\u00e9d\u00e9ratrice pour se rappeler les victoires remport\u00e9es sur la table des n\u00e9gociations apr\u00e8s un long parcours de lutte et de sacrifices \u00bb. Les Accords d&rsquo;Evian, fruit de n\u00e9gociations ardues entre le Gouvernement provisoire de la R\u00e9publique alg\u00e9rienne et les autorit\u00e9s coloniales fran\u00e7aises, ont impos\u00e9 au monde \u00ab l&rsquo;image noble d&rsquo;un peuple uni \u00bb et se sont impos\u00e9s, souligne-t-il, comme \u00ab l&rsquo;une des grandes victoires dans l&rsquo;histoire des peuples ayant subi les affres du colonialisme \u00bb.<\/p>\n\n\n\n<p>Un esprit national renouvel\u00e9<\/p>\n\n\n\n<p>La victoire du 19 mars 1962 a \u00e9galement repr\u00e9sent\u00e9 un triomphe de la diplomatie alg\u00e9rienne, qui a su porter la cause nationale sur la sc\u00e8ne internationale et convaincre l&rsquo;opinion publique mondiale de la justesse de ses revendications. En cela, la R\u00e9volution alg\u00e9rienne est devenue une source d&rsquo;inspiration pour les mouvements de lib\u00e9ration \u00e0 travers le monde entier. Mais pour Zeghidi, la victoire n&rsquo;est pas close. Elle se prolonge, et l&rsquo;un de ses d\u00e9veloppements les plus r\u00e9cents est la loi criminalisant le colonialisme fran\u00e7ais en Alg\u00e9rie, qu&rsquo;il d\u00e9crit comme \u00ab une \u00e9tape historique majeure aux dimensions politiques et morales, dans le cadre d&rsquo;une d\u00e9marche continue repr\u00e9sentant l&rsquo;un des aspects les plus importants du parach\u00e8vement de la victoire, de la consolidation de la souverainet\u00e9 nationale et du renforcement du sentiment d&rsquo;appartenance \u00e0 la patrie \u00bb. L&rsquo;historien salue \u00e0 ce titre le r\u00f4le du Parlement dans l&rsquo;avancement de ce processus l\u00e9gislatif. Plus largement, Zeghidi per\u00e7oit dans la p\u00e9riode actuelle \u00ab un esprit national renouvel\u00e9 \u00bb, estimant que \u00ab l&rsquo;ancrage des valeurs nationales et le renforcement de la pr\u00e9sence de la m\u00e9moire dans les espaces m\u00e9diatique et \u00e9ducatif ont contribu\u00e9 \u00e0 l&rsquo;\u00e9mergence d&rsquo;une conscience historique renouvel\u00e9e aupr\u00e8s de toutes les composantes de la soci\u00e9t\u00e9 alg\u00e9rienne \u00bb. La cr\u00e9ation de la Commission alg\u00e9rienne Histoire et M\u00e9moire, l&rsquo;institution d&rsquo;une Journ\u00e9e nationale de la m\u00e9moire et la mise en place d&rsquo;organismes d\u00e9di\u00e9s participent de cette ambition de mettre la m\u00e9moire nationale \u00e0 l&rsquo;abri de toute falsification.<\/p>\n\n\n\n<p>Des propos qui convergent ainsi vers un m\u00eame constat : 64 ans apr\u00e8s le cessez-le-feu, le 19 mars reste une date vivante, non pas fig\u00e9e dans le marbre d&rsquo;un pass\u00e9 r\u00e9volu, mais mobilis\u00e9e au service d&rsquo;un pr\u00e9sent qui entend construire l&rsquo;avenir sur les fondements de Novembre. Le legs des chouhada et des moudjahidine, r\u00e9p\u00e8tent-ils l&rsquo;un et l&rsquo;autre, oblige. Il commande \u00e0 l&rsquo;Alg\u00e9rie nouvelle d&rsquo;avancer \u00ab vers les objectifs fix\u00e9s dans le message de Novembre, en vue de renforcer la souverainet\u00e9 nationale et l&rsquo;ind\u00e9pendance de la d\u00e9cision nationale \u00bb, selon les mots du ministre.<\/p>\n\n\n\n<p>Chokri Hafed<\/p>\n","protected":false},"excerpt":{"rendered":"<p>Soixante-quatre ans apr\u00e8s l&rsquo;entr\u00e9e en vigueur du cessez-le-feu, l&rsquo;Alg\u00e9rie c\u00e9l\u00e8bre jeudi la F\u00eate de la Victoire avec une conviction intacte<\/p>\n","protected":false},"author":6,"featured_media":82242,"comment_status":"open","ping_status":"closed","sticky":false,"template":"","format":"standard","meta":{"colormag_page_container_layout":"default_layout","colormag_page_sidebar_layout":"default_layout","om_disable_all_campaigns":false,"_monsterinsights_skip_tracking":false,"_monsterinsights_sitenote_active":false,"_monsterinsights_sitenote_note":"","_monsterinsights_sitenote_category":0,"footnotes":"","_wpscppro_dont_share_socialmedia":false,"_wpscppro_custom_social_share_image":0,"_facebook_share_type":"default","_twitter_share_type":"default","_linkedin_share_type":"default","_pinterest_share_type":"default","_linkedin_share_type_page":"","_instagram_share_type":"default","_medium_share_type":"default","_threads_share_type":"default","_google_business_share_type":"default","_selected_social_profile":[],"_wpsp_enable_custom_social_template":false,"_wpsp_social_scheduling":{"enabled":false,"datetime":null,"platforms":[],"status":"template_only","dateOption":"today","timeOption":"now","customDays":"","customHours":"","customDate":"","customTime":"","schedulingType":"absolute"},"_wpsp_active_default_template":true},"categories":[27],"tags":[],"class_list":["post-83873","post","type-post","status-publish","format-standard","has-post-thumbnail","hentry","category-actualite"],"aioseo_notices":[],"yoast_head":"<!-- This site is optimized with the Yoast SEO plugin v27.5 - https:\/\/yoast.com\/product\/yoast-seo-wordpress\/ -->\n<title>64 ans apr\u00e8s les accords d\u2019\u00c9vian\u00a0: La m\u00e9moire nationale \u00e9rig\u00e9e en priorit\u00e9 d&rsquo;\u00c9tat - La Sentinelle<\/title>\n<meta name=\"robots\" content=\"index, follow, max-snippet:-1, max-image-preview:large, max-video-preview:-1\" \/>\n<link rel=\"canonical\" href=\"https:\/\/lasentinelle.dz\/index.php\/2026\/03\/18\/64-ans-apres-les-accords-devian-la-memoire-nationale-erigee-en-priorite-detat\/\" \/>\n<meta property=\"og:locale\" content=\"fr_FR\" \/>\n<meta property=\"og:type\" content=\"article\" \/>\n<meta property=\"og:title\" content=\"64 ans apr\u00e8s les accords d\u2019\u00c9vian\u00a0: La m\u00e9moire nationale \u00e9rig\u00e9e en priorit\u00e9 d&rsquo;\u00c9tat - La Sentinelle\" \/>\n<meta property=\"og:description\" content=\"Soixante-quatre ans apr\u00e8s l&rsquo;entr\u00e9e en vigueur du cessez-le-feu, l&rsquo;Alg\u00e9rie c\u00e9l\u00e8bre jeudi la F\u00eate de la Victoire avec une conviction intacte\" \/>\n<meta property=\"og:url\" content=\"https:\/\/lasentinelle.dz\/index.php\/2026\/03\/18\/64-ans-apres-les-accords-devian-la-memoire-nationale-erigee-en-priorite-detat\/\" \/>\n<meta property=\"og:site_name\" content=\"La Sentinelle\" \/>\n<meta property=\"article:publisher\" content=\"https:\/\/www.facebook.com\/La-Sentinelle-104059864394773\" \/>\n<meta property=\"article:published_time\" content=\"2026-03-18T19:42:46+00:00\" \/>\n<meta property=\"article:modified_time\" content=\"2026-03-18T19:42:47+00:00\" \/>\n<meta property=\"og:image\" content=\"https:\/\/lasentinelle.dz\/wp-content\/uploads\/2026\/02\/tacherift.jpg\" \/>\n\t<meta property=\"og:image:width\" content=\"745\" \/>\n\t<meta property=\"og:image:height\" content=\"470\" \/>\n\t<meta property=\"og:image:type\" content=\"image\/jpeg\" \/>\n<meta name=\"author\" content=\"admin\" \/>\n<meta name=\"twitter:card\" content=\"summary_large_image\" \/>\n<meta name=\"twitter:label1\" content=\"\u00c9crit par\" \/>\n\t<meta name=\"twitter:data1\" content=\"admin\" \/>\n\t<meta name=\"twitter:label2\" content=\"Dur\u00e9e de lecture estim\u00e9e\" \/>\n\t<meta name=\"twitter:data2\" content=\"5 minutes\" \/>\n<script type=\"application\/ld+json\" class=\"yoast-schema-graph\">{\"@context\":\"https:\\\/\\\/schema.org\",\"@graph\":[{\"@type\":\"Article\",\"@id\":\"https:\\\/\\\/lasentinelle.dz\\\/index.php\\\/2026\\\/03\\\/18\\\/64-ans-apres-les-accords-devian-la-memoire-nationale-erigee-en-priorite-detat\\\/#article\",\"isPartOf\":{\"@id\":\"https:\\\/\\\/lasentinelle.dz\\\/index.php\\\/2026\\\/03\\\/18\\\/64-ans-apres-les-accords-devian-la-memoire-nationale-erigee-en-priorite-detat\\\/\"},\"author\":{\"name\":\"admin\",\"@id\":\"https:\\\/\\\/lasentinelle.dz\\\/#\\\/schema\\\/person\\\/729ee0024f24e0b8c5ec17232f8e8b41\"},\"headline\":\"64 ans apr\u00e8s les accords d\u2019\u00c9vian\u00a0: La m\u00e9moire nationale \u00e9rig\u00e9e en priorit\u00e9 d&rsquo;\u00c9tat\",\"datePublished\":\"2026-03-18T19:42:46+00:00\",\"dateModified\":\"2026-03-18T19:42:47+00:00\",\"mainEntityOfPage\":{\"@id\":\"https:\\\/\\\/lasentinelle.dz\\\/index.php\\\/2026\\\/03\\\/18\\\/64-ans-apres-les-accords-devian-la-memoire-nationale-erigee-en-priorite-detat\\\/\"},\"wordCount\":1094,\"commentCount\":0,\"publisher\":{\"@id\":\"https:\\\/\\\/lasentinelle.dz\\\/#organization\"},\"image\":{\"@id\":\"https:\\\/\\\/lasentinelle.dz\\\/index.php\\\/2026\\\/03\\\/18\\\/64-ans-apres-les-accords-devian-la-memoire-nationale-erigee-en-priorite-detat\\\/#primaryimage\"},\"thumbnailUrl\":\"https:\\\/\\\/lasentinelle.dz\\\/wp-content\\\/uploads\\\/2026\\\/02\\\/tacherift.jpg\",\"articleSection\":[\"Actualit\u00e9\"],\"inLanguage\":\"fr-FR\",\"potentialAction\":[{\"@type\":\"CommentAction\",\"name\":\"Comment\",\"target\":[\"https:\\\/\\\/lasentinelle.dz\\\/index.php\\\/2026\\\/03\\\/18\\\/64-ans-apres-les-accords-devian-la-memoire-nationale-erigee-en-priorite-detat\\\/#respond\"]}]},{\"@type\":\"WebPage\",\"@id\":\"https:\\\/\\\/lasentinelle.dz\\\/index.php\\\/2026\\\/03\\\/18\\\/64-ans-apres-les-accords-devian-la-memoire-nationale-erigee-en-priorite-detat\\\/\",\"url\":\"https:\\\/\\\/lasentinelle.dz\\\/index.php\\\/2026\\\/03\\\/18\\\/64-ans-apres-les-accords-devian-la-memoire-nationale-erigee-en-priorite-detat\\\/\",\"name\":\"64 ans apr\u00e8s les accords d\u2019\u00c9vian\u00a0: La m\u00e9moire nationale \u00e9rig\u00e9e en priorit\u00e9 d&rsquo;\u00c9tat - La Sentinelle\",\"isPartOf\":{\"@id\":\"https:\\\/\\\/lasentinelle.dz\\\/#website\"},\"primaryImageOfPage\":{\"@id\":\"https:\\\/\\\/lasentinelle.dz\\\/index.php\\\/2026\\\/03\\\/18\\\/64-ans-apres-les-accords-devian-la-memoire-nationale-erigee-en-priorite-detat\\\/#primaryimage\"},\"image\":{\"@id\":\"https:\\\/\\\/lasentinelle.dz\\\/index.php\\\/2026\\\/03\\\/18\\\/64-ans-apres-les-accords-devian-la-memoire-nationale-erigee-en-priorite-detat\\\/#primaryimage\"},\"thumbnailUrl\":\"https:\\\/\\\/lasentinelle.dz\\\/wp-content\\\/uploads\\\/2026\\\/02\\\/tacherift.jpg\",\"datePublished\":\"2026-03-18T19:42:46+00:00\",\"dateModified\":\"2026-03-18T19:42:47+00:00\",\"breadcrumb\":{\"@id\":\"https:\\\/\\\/lasentinelle.dz\\\/index.php\\\/2026\\\/03\\\/18\\\/64-ans-apres-les-accords-devian-la-memoire-nationale-erigee-en-priorite-detat\\\/#breadcrumb\"},\"inLanguage\":\"fr-FR\",\"potentialAction\":[{\"@type\":\"ReadAction\",\"target\":[\"https:\\\/\\\/lasentinelle.dz\\\/index.php\\\/2026\\\/03\\\/18\\\/64-ans-apres-les-accords-devian-la-memoire-nationale-erigee-en-priorite-detat\\\/\"]}]},{\"@type\":\"ImageObject\",\"inLanguage\":\"fr-FR\",\"@id\":\"https:\\\/\\\/lasentinelle.dz\\\/index.php\\\/2026\\\/03\\\/18\\\/64-ans-apres-les-accords-devian-la-memoire-nationale-erigee-en-priorite-detat\\\/#primaryimage\",\"url\":\"https:\\\/\\\/lasentinelle.dz\\\/wp-content\\\/uploads\\\/2026\\\/02\\\/tacherift.jpg\",\"contentUrl\":\"https:\\\/\\\/lasentinelle.dz\\\/wp-content\\\/uploads\\\/2026\\\/02\\\/tacherift.jpg\",\"width\":745,\"height\":470},{\"@type\":\"BreadcrumbList\",\"@id\":\"https:\\\/\\\/lasentinelle.dz\\\/index.php\\\/2026\\\/03\\\/18\\\/64-ans-apres-les-accords-devian-la-memoire-nationale-erigee-en-priorite-detat\\\/#breadcrumb\",\"itemListElement\":[{\"@type\":\"ListItem\",\"position\":1,\"name\":\"Accueil\",\"item\":\"https:\\\/\\\/lasentinelle.dz\\\/\"},{\"@type\":\"ListItem\",\"position\":2,\"name\":\"64 ans apr\u00e8s les accords d\u2019\u00c9vian\u00a0: La m\u00e9moire nationale \u00e9rig\u00e9e en priorit\u00e9 d&rsquo;\u00c9tat\"}]},{\"@type\":\"WebSite\",\"@id\":\"https:\\\/\\\/lasentinelle.dz\\\/#website\",\"url\":\"https:\\\/\\\/lasentinelle.dz\\\/\",\"name\":\"La Sentinelle\",\"description\":\"Quotidien national d&#039;information\",\"publisher\":{\"@id\":\"https:\\\/\\\/lasentinelle.dz\\\/#organization\"},\"potentialAction\":[{\"@type\":\"SearchAction\",\"target\":{\"@type\":\"EntryPoint\",\"urlTemplate\":\"https:\\\/\\\/lasentinelle.dz\\\/?s={search_term_string}\"},\"query-input\":{\"@type\":\"PropertyValueSpecification\",\"valueRequired\":true,\"valueName\":\"search_term_string\"}}],\"inLanguage\":\"fr-FR\"},{\"@type\":\"Organization\",\"@id\":\"https:\\\/\\\/lasentinelle.dz\\\/#organization\",\"name\":\"Quotidien La Sentinelle\",\"url\":\"https:\\\/\\\/lasentinelle.dz\\\/\",\"logo\":{\"@type\":\"ImageObject\",\"inLanguage\":\"fr-FR\",\"@id\":\"https:\\\/\\\/lasentinelle.dz\\\/#\\\/schema\\\/logo\\\/image\\\/\",\"url\":\"https:\\\/\\\/lasentinelle.dz\\\/wp-content\\\/uploads\\\/2021\\\/09\\\/logo-sentinelleSLOGAN-1.png\",\"contentUrl\":\"https:\\\/\\\/lasentinelle.dz\\\/wp-content\\\/uploads\\\/2021\\\/09\\\/logo-sentinelleSLOGAN-1.png\",\"width\":615,\"height\":142,\"caption\":\"Quotidien La Sentinelle\"},\"image\":{\"@id\":\"https:\\\/\\\/lasentinelle.dz\\\/#\\\/schema\\\/logo\\\/image\\\/\"},\"sameAs\":[\"https:\\\/\\\/www.facebook.com\\\/La-Sentinelle-104059864394773\"]},{\"@type\":\"Person\",\"@id\":\"https:\\\/\\\/lasentinelle.dz\\\/#\\\/schema\\\/person\\\/729ee0024f24e0b8c5ec17232f8e8b41\",\"name\":\"admin\",\"image\":{\"@type\":\"ImageObject\",\"inLanguage\":\"fr-FR\",\"@id\":\"https:\\\/\\\/secure.gravatar.com\\\/avatar\\\/4c81fed838786e9b53f540bf46533e750f5d292099ae3b66cfc6fb1982e29df7?s=96&d=mm&r=g\",\"url\":\"https:\\\/\\\/secure.gravatar.com\\\/avatar\\\/4c81fed838786e9b53f540bf46533e750f5d292099ae3b66cfc6fb1982e29df7?s=96&d=mm&r=g\",\"contentUrl\":\"https:\\\/\\\/secure.gravatar.com\\\/avatar\\\/4c81fed838786e9b53f540bf46533e750f5d292099ae3b66cfc6fb1982e29df7?s=96&d=mm&r=g\",\"caption\":\"admin\"},\"description\":\"admin\",\"url\":\"https:\\\/\\\/lasentinelle.dz\\\/author\\\/admin\\\/\"}]}<\/script>\n<!-- \/ Yoast SEO plugin. -->","yoast_head_json":{"title":"64 ans apr\u00e8s les accords d\u2019\u00c9vian\u00a0: La m\u00e9moire nationale \u00e9rig\u00e9e en priorit\u00e9 d&rsquo;\u00c9tat - La Sentinelle","robots":{"index":"index","follow":"follow","max-snippet":"max-snippet:-1","max-image-preview":"max-image-preview:large","max-video-preview":"max-video-preview:-1"},"canonical":"https:\/\/lasentinelle.dz\/index.php\/2026\/03\/18\/64-ans-apres-les-accords-devian-la-memoire-nationale-erigee-en-priorite-detat\/","og_locale":"fr_FR","og_type":"article","og_title":"64 ans apr\u00e8s les accords d\u2019\u00c9vian\u00a0: La m\u00e9moire nationale \u00e9rig\u00e9e en priorit\u00e9 d&rsquo;\u00c9tat - La Sentinelle","og_description":"Soixante-quatre ans apr\u00e8s l&rsquo;entr\u00e9e en vigueur du cessez-le-feu, l&rsquo;Alg\u00e9rie c\u00e9l\u00e8bre jeudi la F\u00eate de la Victoire avec une conviction intacte","og_url":"https:\/\/lasentinelle.dz\/index.php\/2026\/03\/18\/64-ans-apres-les-accords-devian-la-memoire-nationale-erigee-en-priorite-detat\/","og_site_name":"La Sentinelle","article_publisher":"https:\/\/www.facebook.com\/La-Sentinelle-104059864394773","article_published_time":"2026-03-18T19:42:46+00:00","article_modified_time":"2026-03-18T19:42:47+00:00","og_image":[{"width":745,"height":470,"url":"https:\/\/lasentinelle.dz\/wp-content\/uploads\/2026\/02\/tacherift.jpg","type":"image\/jpeg"}],"author":"admin","twitter_card":"summary_large_image","twitter_misc":{"\u00c9crit par":"admin","Dur\u00e9e de lecture estim\u00e9e":"5 minutes"},"schema":{"@context":"https:\/\/schema.org","@graph":[{"@type":"Article","@id":"https:\/\/lasentinelle.dz\/index.php\/2026\/03\/18\/64-ans-apres-les-accords-devian-la-memoire-nationale-erigee-en-priorite-detat\/#article","isPartOf":{"@id":"https:\/\/lasentinelle.dz\/index.php\/2026\/03\/18\/64-ans-apres-les-accords-devian-la-memoire-nationale-erigee-en-priorite-detat\/"},"author":{"name":"admin","@id":"https:\/\/lasentinelle.dz\/#\/schema\/person\/729ee0024f24e0b8c5ec17232f8e8b41"},"headline":"64 ans apr\u00e8s les accords d\u2019\u00c9vian\u00a0: La m\u00e9moire nationale \u00e9rig\u00e9e en priorit\u00e9 d&rsquo;\u00c9tat","datePublished":"2026-03-18T19:42:46+00:00","dateModified":"2026-03-18T19:42:47+00:00","mainEntityOfPage":{"@id":"https:\/\/lasentinelle.dz\/index.php\/2026\/03\/18\/64-ans-apres-les-accords-devian-la-memoire-nationale-erigee-en-priorite-detat\/"},"wordCount":1094,"commentCount":0,"publisher":{"@id":"https:\/\/lasentinelle.dz\/#organization"},"image":{"@id":"https:\/\/lasentinelle.dz\/index.php\/2026\/03\/18\/64-ans-apres-les-accords-devian-la-memoire-nationale-erigee-en-priorite-detat\/#primaryimage"},"thumbnailUrl":"https:\/\/lasentinelle.dz\/wp-content\/uploads\/2026\/02\/tacherift.jpg","articleSection":["Actualit\u00e9"],"inLanguage":"fr-FR","potentialAction":[{"@type":"CommentAction","name":"Comment","target":["https:\/\/lasentinelle.dz\/index.php\/2026\/03\/18\/64-ans-apres-les-accords-devian-la-memoire-nationale-erigee-en-priorite-detat\/#respond"]}]},{"@type":"WebPage","@id":"https:\/\/lasentinelle.dz\/index.php\/2026\/03\/18\/64-ans-apres-les-accords-devian-la-memoire-nationale-erigee-en-priorite-detat\/","url":"https:\/\/lasentinelle.dz\/index.php\/2026\/03\/18\/64-ans-apres-les-accords-devian-la-memoire-nationale-erigee-en-priorite-detat\/","name":"64 ans apr\u00e8s les accords d\u2019\u00c9vian\u00a0: La m\u00e9moire nationale \u00e9rig\u00e9e en priorit\u00e9 d&rsquo;\u00c9tat - La Sentinelle","isPartOf":{"@id":"https:\/\/lasentinelle.dz\/#website"},"primaryImageOfPage":{"@id":"https:\/\/lasentinelle.dz\/index.php\/2026\/03\/18\/64-ans-apres-les-accords-devian-la-memoire-nationale-erigee-en-priorite-detat\/#primaryimage"},"image":{"@id":"https:\/\/lasentinelle.dz\/index.php\/2026\/03\/18\/64-ans-apres-les-accords-devian-la-memoire-nationale-erigee-en-priorite-detat\/#primaryimage"},"thumbnailUrl":"https:\/\/lasentinelle.dz\/wp-content\/uploads\/2026\/02\/tacherift.jpg","datePublished":"2026-03-18T19:42:46+00:00","dateModified":"2026-03-18T19:42:47+00:00","breadcrumb":{"@id":"https:\/\/lasentinelle.dz\/index.php\/2026\/03\/18\/64-ans-apres-les-accords-devian-la-memoire-nationale-erigee-en-priorite-detat\/#breadcrumb"},"inLanguage":"fr-FR","potentialAction":[{"@type":"ReadAction","target":["https:\/\/lasentinelle.dz\/index.php\/2026\/03\/18\/64-ans-apres-les-accords-devian-la-memoire-nationale-erigee-en-priorite-detat\/"]}]},{"@type":"ImageObject","inLanguage":"fr-FR","@id":"https:\/\/lasentinelle.dz\/index.php\/2026\/03\/18\/64-ans-apres-les-accords-devian-la-memoire-nationale-erigee-en-priorite-detat\/#primaryimage","url":"https:\/\/lasentinelle.dz\/wp-content\/uploads\/2026\/02\/tacherift.jpg","contentUrl":"https:\/\/lasentinelle.dz\/wp-content\/uploads\/2026\/02\/tacherift.jpg","width":745,"height":470},{"@type":"BreadcrumbList","@id":"https:\/\/lasentinelle.dz\/index.php\/2026\/03\/18\/64-ans-apres-les-accords-devian-la-memoire-nationale-erigee-en-priorite-detat\/#breadcrumb","itemListElement":[{"@type":"ListItem","position":1,"name":"Accueil","item":"https:\/\/lasentinelle.dz\/"},{"@type":"ListItem","position":2,"name":"64 ans apr\u00e8s les accords d\u2019\u00c9vian\u00a0: La m\u00e9moire nationale \u00e9rig\u00e9e en priorit\u00e9 d&rsquo;\u00c9tat"}]},{"@type":"WebSite","@id":"https:\/\/lasentinelle.dz\/#website","url":"https:\/\/lasentinelle.dz\/","name":"La Sentinelle","description":"Quotidien national d&#039;information","publisher":{"@id":"https:\/\/lasentinelle.dz\/#organization"},"potentialAction":[{"@type":"SearchAction","target":{"@type":"EntryPoint","urlTemplate":"https:\/\/lasentinelle.dz\/?s={search_term_string}"},"query-input":{"@type":"PropertyValueSpecification","valueRequired":true,"valueName":"search_term_string"}}],"inLanguage":"fr-FR"},{"@type":"Organization","@id":"https:\/\/lasentinelle.dz\/#organization","name":"Quotidien La Sentinelle","url":"https:\/\/lasentinelle.dz\/","logo":{"@type":"ImageObject","inLanguage":"fr-FR","@id":"https:\/\/lasentinelle.dz\/#\/schema\/logo\/image\/","url":"https:\/\/lasentinelle.dz\/wp-content\/uploads\/2021\/09\/logo-sentinelleSLOGAN-1.png","contentUrl":"https:\/\/lasentinelle.dz\/wp-content\/uploads\/2021\/09\/logo-sentinelleSLOGAN-1.png","width":615,"height":142,"caption":"Quotidien La Sentinelle"},"image":{"@id":"https:\/\/lasentinelle.dz\/#\/schema\/logo\/image\/"},"sameAs":["https:\/\/www.facebook.com\/La-Sentinelle-104059864394773"]},{"@type":"Person","@id":"https:\/\/lasentinelle.dz\/#\/schema\/person\/729ee0024f24e0b8c5ec17232f8e8b41","name":"admin","image":{"@type":"ImageObject","inLanguage":"fr-FR","@id":"https:\/\/secure.gravatar.com\/avatar\/4c81fed838786e9b53f540bf46533e750f5d292099ae3b66cfc6fb1982e29df7?s=96&d=mm&r=g","url":"https:\/\/secure.gravatar.com\/avatar\/4c81fed838786e9b53f540bf46533e750f5d292099ae3b66cfc6fb1982e29df7?s=96&d=mm&r=g","contentUrl":"https:\/\/secure.gravatar.com\/avatar\/4c81fed838786e9b53f540bf46533e750f5d292099ae3b66cfc6fb1982e29df7?s=96&d=mm&r=g","caption":"admin"},"description":"admin","url":"https:\/\/lasentinelle.dz\/author\/admin\/"}]}},"_links":{"self":[{"href":"https:\/\/lasentinelle.dz\/index.php\/wp-json\/wp\/v2\/posts\/83873","targetHints":{"allow":["GET"]}}],"collection":[{"href":"https:\/\/lasentinelle.dz\/index.php\/wp-json\/wp\/v2\/posts"}],"about":[{"href":"https:\/\/lasentinelle.dz\/index.php\/wp-json\/wp\/v2\/types\/post"}],"author":[{"embeddable":true,"href":"https:\/\/lasentinelle.dz\/index.php\/wp-json\/wp\/v2\/users\/6"}],"replies":[{"embeddable":true,"href":"https:\/\/lasentinelle.dz\/index.php\/wp-json\/wp\/v2\/comments?post=83873"}],"version-history":[{"count":2,"href":"https:\/\/lasentinelle.dz\/index.php\/wp-json\/wp\/v2\/posts\/83873\/revisions"}],"predecessor-version":[{"id":83875,"href":"https:\/\/lasentinelle.dz\/index.php\/wp-json\/wp\/v2\/posts\/83873\/revisions\/83875"}],"wp:featuredmedia":[{"embeddable":true,"href":"https:\/\/lasentinelle.dz\/index.php\/wp-json\/wp\/v2\/media\/82242"}],"wp:attachment":[{"href":"https:\/\/lasentinelle.dz\/index.php\/wp-json\/wp\/v2\/media?parent=83873"}],"wp:term":[{"taxonomy":"category","embeddable":true,"href":"https:\/\/lasentinelle.dz\/index.php\/wp-json\/wp\/v2\/categories?post=83873"},{"taxonomy":"post_tag","embeddable":true,"href":"https:\/\/lasentinelle.dz\/index.php\/wp-json\/wp\/v2\/tags?post=83873"}],"curies":[{"name":"wp","href":"https:\/\/api.w.org\/{rel}","templated":true}]}}