{"id":83876,"date":"2026-03-18T20:43:41","date_gmt":"2026-03-18T19:43:41","guid":{"rendered":"https:\/\/lasentinelle.dz\/?p=83876"},"modified":"2026-03-18T20:43:44","modified_gmt":"2026-03-18T19:43:44","slug":"fete-de-la-victoire-tebboune-denonce-la-barbarie-coloniale-et-reaffirme-la-marche-souveraine-de-lalgerie","status":"publish","type":"post","link":"https:\/\/lasentinelle.dz\/index.php\/2026\/03\/18\/fete-de-la-victoire-tebboune-denonce-la-barbarie-coloniale-et-reaffirme-la-marche-souveraine-de-lalgerie\/","title":{"rendered":"F\u00eate de la Victoire\u00a0: Tebboune d\u00e9nonce la barbarie coloniale et r\u00e9affirme la marche souveraine de l&rsquo;Alg\u00e9rie"},"content":{"rendered":"\n<p>Le pr\u00e9sident de la R\u00e9publique, Abdelmadjid Tebboune, a adress\u00e9 mercredi un message \u00e0 la Nation \u00e0 la veille du 64e anniversaire de la F\u00eate de la Victoire, comm\u00e9morant le cessez-le-feu du 19 mars 1962. Dans cette allocution solennelle, le chef de l&rsquo;\u00c9tat a fustig\u00e9 avec force le colonialisme de peuplement fran\u00e7ais, \u00ab d\u00e9nu\u00e9 de toute valeur humaine \u00bb, tout en saluant une Alg\u00e9rie qui, fid\u00e8le au sacrifice de ses martyrs, trace aujourd&rsquo;hui sa voie \u00e0 travers un projet de d\u00e9veloppement strat\u00e9gique ambitieux qui se concr\u00e9tise sur le terrain.<\/p>\n\n\n\n<p>Soixante-quatre ans apr\u00e8s la proclamation du cessez-le-feu qui mit fin \u00e0 132 ann\u00e9es de domination coloniale et \u00e0 sept ans et demi de guerre de lib\u00e9ration nationale, le Pr\u00e9sident Tebboune a tenu \u00e0 rappeler la signification profonde de cette date grav\u00e9e dans la m\u00e9moire collective alg\u00e9rienne. Le 19 mars 1962, n\u00e9 de la signature des accords d&rsquo;\u00c9vian la veille, consacre une victoire que le pr\u00e9sident de la R\u00e9publique d\u00e9crit comme \u00ab arrach\u00e9e au prix de rivi\u00e8res de sang \u00bb, une victoire qui a donn\u00e9 raison \u00e0 un peuple entier dans sa qu\u00eate de libert\u00e9 et de dignit\u00e9. Dans son message, le pr\u00e9sident de la R\u00e9publique n&rsquo;a pas m\u00e2ch\u00e9 ses mots pour d\u00e9peindre la r\u00e9alit\u00e9 du syst\u00e8me colonial fran\u00e7ais. Il a d\u00e9nonc\u00e9 \u00ab le visage hideux du colonialisme de peuplement inique, d\u00e9nu\u00e9 de toute valeur humaine, emp\u00eatr\u00e9 dans les massacres, la destruction et le pillage, se livrant aux pires formes d&rsquo;exactions et de barbarie \u00bb. Des termes sans \u00e9quivoque qui traduisent la volont\u00e9 pr\u00e9sidentielle de ne jamais laisser l&rsquo;oubli recouvrir les crimes commis contre le peuple alg\u00e9rien. Toutefois, a-t-il soulign\u00e9 avec conviction, ce m\u00eame colonialisme a fini par \u00ab trembler et vaciller devant la force du droit et les lois de l&rsquo;univers qui, \u00e0 travers l&rsquo;histoire, ont toujours triomph\u00e9 en faveur des peuples en qu\u00eate de libert\u00e9, cette vertu qu&rsquo;Allah a voulue inh\u00e9rente \u00e0 l&rsquo;humanit\u00e9 \u00bb.<\/p>\n\n\n\n<p>Le Pr\u00e9sident Tebboune a rendu un hommage appuy\u00e9 \u00e0 la R\u00e9volution du 1er Novembre 1954, qu&rsquo;il a qualifi\u00e9e de \u00ab glorieuse, grandiose, b\u00e9nie et m\u00e9morable \u00bb, une r\u00e9volution \u00ab dont la flamme ne s&rsquo;\u00e9teint point \u00bb. Il a salu\u00e9 le courage de ces h\u00e9ros \u00ab qui ont fait le choix de vivre libres et dignes ou de mourir en martyrs pour que vive l&rsquo;Alg\u00e9rie \u00bb, rappelant la devise des combattants : \u00ab Nous nous sommes dress\u00e9s pour la vie ou la mort, car nous avons d\u00e9cid\u00e9 que l&rsquo;Alg\u00e9rie vivra. \u00bb Cette r\u00e9volution, a-t-il insist\u00e9, a \u00e9t\u00e9 \u00ab port\u00e9e par un peuple visc\u00e9ralement attach\u00e9 \u00e0 son authenticit\u00e9 ancestrale sur sa terre et \u00e0 son identit\u00e9 \u00bb, un peuple qui a men\u00e9 l&rsquo;\u00e9pop\u00e9e lib\u00e9ratrice jusqu&rsquo;\u00e0 son aboutissement malgr\u00e9 les trag\u00e9dies, les destructions massives, la politique de la terre br\u00fbl\u00e9e et le pillage syst\u00e9matique. Pour le chef de l&rsquo;\u00c9tat, le peuple qui a endur\u00e9 toutes ces affres est \u00ab un peuple d\u00e9positaire du legs sacr\u00e9 qui poursuit la marche, guid\u00e9 par le message des martyrs \u00bb. Ce legs, selon le pr\u00e9sident Tebboune, se traduit aujourd&rsquo;hui par la bataille de l&rsquo;\u00e9dification nationale. \u00ab Notre ch\u00e8re Alg\u00e9rie, fid\u00e8le aux sacrifices consentis, rel\u00e8ve aujourd&rsquo;hui le d\u00e9fi en renfor\u00e7ant son immunit\u00e9 \u00e9conomique et en confortant les remparts de sa souverainet\u00e9 dans une conjoncture r\u00e9gionale et internationale erratique \u00bb, a-t-il d\u00e9clar\u00e9, situant ainsi les enjeux du pr\u00e9sent dans le prolongement direct du combat des anciens. Le pr\u00e9sident de la R\u00e9publique a affirm\u00e9 avec assurance que le pays a d\u00e9sormais \u00ab trac\u00e9 sa voie en pla\u00e7ant au sommet de ses priorit\u00e9s la consolidation des capacit\u00e9s de l&rsquo;\u00e9conomie nationale, \u00e0 travers de grandes r\u00e9alisations structurantes et int\u00e9gr\u00e9es, dans le cadre d&rsquo;un projet de d\u00e9veloppement strat\u00e9gique multidimensionnel aux grandes ambitions \u00bb. Ce projet, s&rsquo;est-il f\u00e9licit\u00e9, \u00ab se mat\u00e9rialise sur le terrain gr\u00e2ce aux volont\u00e9s nationales sinc\u00e8res qui, joignant leurs efforts, veillent sur les int\u00e9r\u00eats de l&rsquo;\u00c9tat, tout en \u00e9tant au service du peuple \u00bb. Des volont\u00e9s anim\u00e9es par \u00ab leur foi en une Alg\u00e9rie victorieuse par la participation de tous, o\u00f9 se r\u00e9alisent les aspirations des Alg\u00e9riennes et des Alg\u00e9riens \u00bb. \u00c0 travers ces mots, le Pr\u00e9sident Tebboune a ainsi \u00e9tabli un lien indissociable entre le sacrifice des martyrs de la guerre de lib\u00e9ration et l&rsquo;ambition de d\u00e9veloppement qui anime l&rsquo;Alg\u00e9rie d&rsquo;aujourd&rsquo;hui, faisant de la souverainet\u00e9 \u00e9conomique le prolongement naturel de la souverainet\u00e9 politique conquise de haute lutte. Concluant son message, il a invit\u00e9 l&rsquo;ensemble des citoyennes et des citoyens \u00e0 \u00ab s&rsquo;incliner avec recueillement \u00e0 la m\u00e9moire des valeureux martyrs \u00bb et \u00e0 \u00ab renouveler, ensemble, le serment de fid\u00e9lit\u00e9 \u00e0 leur message \u00bb. \u00ab Vive l&rsquo;Alg\u00e9rie, libre, fi\u00e8re et digne. Gloire et \u00e9ternit\u00e9 \u00e0 nos valeureux martyrs \u00bb, a-t-il lanc\u00e9 dans un vibrant appel \u00e0 l&rsquo;unit\u00e9 nationale.<\/p>\n\n\n\n<p>Salim Amokrane<\/p>\n","protected":false},"excerpt":{"rendered":"<p>Le pr\u00e9sident de la R\u00e9publique, Abdelmadjid Tebboune, a adress\u00e9 mercredi un message \u00e0 la Nation \u00e0 la veille du 64e<\/p>\n","protected":false},"author":6,"featured_media":81686,"comment_status":"open","ping_status":"closed","sticky":false,"template":"","format":"standard","meta":{"colormag_page_container_layout":"default_layout","colormag_page_sidebar_layout":"default_layout","om_disable_all_campaigns":false,"_monsterinsights_skip_tracking":false,"_monsterinsights_sitenote_active":false,"_monsterinsights_sitenote_note":"","_monsterinsights_sitenote_category":0,"footnotes":"","_wpscppro_dont_share_socialmedia":false,"_wpscppro_custom_social_share_image":0,"_facebook_share_type":"default","_twitter_share_type":"default","_linkedin_share_type":"default","_pinterest_share_type":"default","_linkedin_share_type_page":"","_instagram_share_type":"default","_medium_share_type":"default","_threads_share_type":"default","_google_business_share_type":"default","_selected_social_profile":[],"_wpsp_enable_custom_social_template":false,"_wpsp_social_scheduling":{"enabled":false,"datetime":null,"platforms":[],"status":"template_only","dateOption":"today","timeOption":"now","customDays":"","customHours":"","customDate":"","customTime":"","schedulingType":"absolute"},"_wpsp_active_default_template":true},"categories":[52,27],"tags":[],"class_list":["post-83876","post","type-post","status-publish","format-standard","has-post-thumbnail","hentry","category-a-la-une","category-actualite"],"aioseo_notices":[],"yoast_head":"<!-- This site is optimized with the Yoast SEO plugin v27.5 - https:\/\/yoast.com\/product\/yoast-seo-wordpress\/ -->\n<title>F\u00eate de la Victoire\u00a0: Tebboune d\u00e9nonce la barbarie coloniale et r\u00e9affirme la marche souveraine de l&rsquo;Alg\u00e9rie - La Sentinelle<\/title>\n<meta name=\"robots\" content=\"index, follow, max-snippet:-1, max-image-preview:large, max-video-preview:-1\" \/>\n<link rel=\"canonical\" href=\"https:\/\/lasentinelle.dz\/index.php\/2026\/03\/18\/fete-de-la-victoire-tebboune-denonce-la-barbarie-coloniale-et-reaffirme-la-marche-souveraine-de-lalgerie\/\" \/>\n<meta property=\"og:locale\" content=\"fr_FR\" \/>\n<meta property=\"og:type\" content=\"article\" \/>\n<meta property=\"og:title\" content=\"F\u00eate de la Victoire\u00a0: Tebboune d\u00e9nonce la barbarie coloniale et r\u00e9affirme la marche souveraine de l&rsquo;Alg\u00e9rie - La Sentinelle\" \/>\n<meta property=\"og:description\" content=\"Le pr\u00e9sident de la R\u00e9publique, Abdelmadjid Tebboune, a adress\u00e9 mercredi un message \u00e0 la Nation \u00e0 la veille du 64e\" \/>\n<meta property=\"og:url\" content=\"https:\/\/lasentinelle.dz\/index.php\/2026\/03\/18\/fete-de-la-victoire-tebboune-denonce-la-barbarie-coloniale-et-reaffirme-la-marche-souveraine-de-lalgerie\/\" \/>\n<meta property=\"og:site_name\" content=\"La Sentinelle\" \/>\n<meta property=\"article:publisher\" content=\"https:\/\/www.facebook.com\/La-Sentinelle-104059864394773\" \/>\n<meta property=\"article:published_time\" content=\"2026-03-18T19:43:41+00:00\" \/>\n<meta property=\"article:modified_time\" content=\"2026-03-18T19:43:44+00:00\" \/>\n<meta property=\"og:image\" content=\"https:\/\/lasentinelle.dz\/wp-content\/uploads\/2026\/02\/Tebboune-2.jpg\" \/>\n\t<meta property=\"og:image:width\" content=\"1438\" \/>\n\t<meta property=\"og:image:height\" content=\"1078\" \/>\n\t<meta property=\"og:image:type\" content=\"image\/jpeg\" \/>\n<meta name=\"author\" content=\"admin\" \/>\n<meta name=\"twitter:card\" content=\"summary_large_image\" \/>\n<meta name=\"twitter:label1\" content=\"\u00c9crit par\" \/>\n\t<meta name=\"twitter:data1\" content=\"admin\" \/>\n\t<meta name=\"twitter:label2\" content=\"Dur\u00e9e de lecture estim\u00e9e\" \/>\n\t<meta name=\"twitter:data2\" content=\"4 minutes\" \/>\n<script type=\"application\/ld+json\" class=\"yoast-schema-graph\">{\"@context\":\"https:\\\/\\\/schema.org\",\"@graph\":[{\"@type\":\"Article\",\"@id\":\"https:\\\/\\\/lasentinelle.dz\\\/index.php\\\/2026\\\/03\\\/18\\\/fete-de-la-victoire-tebboune-denonce-la-barbarie-coloniale-et-reaffirme-la-marche-souveraine-de-lalgerie\\\/#article\",\"isPartOf\":{\"@id\":\"https:\\\/\\\/lasentinelle.dz\\\/index.php\\\/2026\\\/03\\\/18\\\/fete-de-la-victoire-tebboune-denonce-la-barbarie-coloniale-et-reaffirme-la-marche-souveraine-de-lalgerie\\\/\"},\"author\":{\"name\":\"admin\",\"@id\":\"https:\\\/\\\/lasentinelle.dz\\\/#\\\/schema\\\/person\\\/729ee0024f24e0b8c5ec17232f8e8b41\"},\"headline\":\"F\u00eate de la Victoire\u00a0: Tebboune d\u00e9nonce la barbarie coloniale et r\u00e9affirme la marche souveraine de l&rsquo;Alg\u00e9rie\",\"datePublished\":\"2026-03-18T19:43:41+00:00\",\"dateModified\":\"2026-03-18T19:43:44+00:00\",\"mainEntityOfPage\":{\"@id\":\"https:\\\/\\\/lasentinelle.dz\\\/index.php\\\/2026\\\/03\\\/18\\\/fete-de-la-victoire-tebboune-denonce-la-barbarie-coloniale-et-reaffirme-la-marche-souveraine-de-lalgerie\\\/\"},\"wordCount\":867,\"commentCount\":0,\"publisher\":{\"@id\":\"https:\\\/\\\/lasentinelle.dz\\\/#organization\"},\"image\":{\"@id\":\"https:\\\/\\\/lasentinelle.dz\\\/index.php\\\/2026\\\/03\\\/18\\\/fete-de-la-victoire-tebboune-denonce-la-barbarie-coloniale-et-reaffirme-la-marche-souveraine-de-lalgerie\\\/#primaryimage\"},\"thumbnailUrl\":\"https:\\\/\\\/lasentinelle.dz\\\/wp-content\\\/uploads\\\/2026\\\/02\\\/Tebboune-2.jpg\",\"articleSection\":[\"\u00c0 la Une\",\"Actualit\u00e9\"],\"inLanguage\":\"fr-FR\",\"potentialAction\":[{\"@type\":\"CommentAction\",\"name\":\"Comment\",\"target\":[\"https:\\\/\\\/lasentinelle.dz\\\/index.php\\\/2026\\\/03\\\/18\\\/fete-de-la-victoire-tebboune-denonce-la-barbarie-coloniale-et-reaffirme-la-marche-souveraine-de-lalgerie\\\/#respond\"]}]},{\"@type\":\"WebPage\",\"@id\":\"https:\\\/\\\/lasentinelle.dz\\\/index.php\\\/2026\\\/03\\\/18\\\/fete-de-la-victoire-tebboune-denonce-la-barbarie-coloniale-et-reaffirme-la-marche-souveraine-de-lalgerie\\\/\",\"url\":\"https:\\\/\\\/lasentinelle.dz\\\/index.php\\\/2026\\\/03\\\/18\\\/fete-de-la-victoire-tebboune-denonce-la-barbarie-coloniale-et-reaffirme-la-marche-souveraine-de-lalgerie\\\/\",\"name\":\"F\u00eate de la Victoire\u00a0: Tebboune d\u00e9nonce la barbarie coloniale et r\u00e9affirme la marche souveraine de l&rsquo;Alg\u00e9rie - La Sentinelle\",\"isPartOf\":{\"@id\":\"https:\\\/\\\/lasentinelle.dz\\\/#website\"},\"primaryImageOfPage\":{\"@id\":\"https:\\\/\\\/lasentinelle.dz\\\/index.php\\\/2026\\\/03\\\/18\\\/fete-de-la-victoire-tebboune-denonce-la-barbarie-coloniale-et-reaffirme-la-marche-souveraine-de-lalgerie\\\/#primaryimage\"},\"image\":{\"@id\":\"https:\\\/\\\/lasentinelle.dz\\\/index.php\\\/2026\\\/03\\\/18\\\/fete-de-la-victoire-tebboune-denonce-la-barbarie-coloniale-et-reaffirme-la-marche-souveraine-de-lalgerie\\\/#primaryimage\"},\"thumbnailUrl\":\"https:\\\/\\\/lasentinelle.dz\\\/wp-content\\\/uploads\\\/2026\\\/02\\\/Tebboune-2.jpg\",\"datePublished\":\"2026-03-18T19:43:41+00:00\",\"dateModified\":\"2026-03-18T19:43:44+00:00\",\"breadcrumb\":{\"@id\":\"https:\\\/\\\/lasentinelle.dz\\\/index.php\\\/2026\\\/03\\\/18\\\/fete-de-la-victoire-tebboune-denonce-la-barbarie-coloniale-et-reaffirme-la-marche-souveraine-de-lalgerie\\\/#breadcrumb\"},\"inLanguage\":\"fr-FR\",\"potentialAction\":[{\"@type\":\"ReadAction\",\"target\":[\"https:\\\/\\\/lasentinelle.dz\\\/index.php\\\/2026\\\/03\\\/18\\\/fete-de-la-victoire-tebboune-denonce-la-barbarie-coloniale-et-reaffirme-la-marche-souveraine-de-lalgerie\\\/\"]}]},{\"@type\":\"ImageObject\",\"inLanguage\":\"fr-FR\",\"@id\":\"https:\\\/\\\/lasentinelle.dz\\\/index.php\\\/2026\\\/03\\\/18\\\/fete-de-la-victoire-tebboune-denonce-la-barbarie-coloniale-et-reaffirme-la-marche-souveraine-de-lalgerie\\\/#primaryimage\",\"url\":\"https:\\\/\\\/lasentinelle.dz\\\/wp-content\\\/uploads\\\/2026\\\/02\\\/Tebboune-2.jpg\",\"contentUrl\":\"https:\\\/\\\/lasentinelle.dz\\\/wp-content\\\/uploads\\\/2026\\\/02\\\/Tebboune-2.jpg\",\"width\":1438,\"height\":1078},{\"@type\":\"BreadcrumbList\",\"@id\":\"https:\\\/\\\/lasentinelle.dz\\\/index.php\\\/2026\\\/03\\\/18\\\/fete-de-la-victoire-tebboune-denonce-la-barbarie-coloniale-et-reaffirme-la-marche-souveraine-de-lalgerie\\\/#breadcrumb\",\"itemListElement\":[{\"@type\":\"ListItem\",\"position\":1,\"name\":\"Accueil\",\"item\":\"https:\\\/\\\/lasentinelle.dz\\\/\"},{\"@type\":\"ListItem\",\"position\":2,\"name\":\"F\u00eate de la Victoire\u00a0: Tebboune d\u00e9nonce la barbarie coloniale et r\u00e9affirme la marche souveraine de l&rsquo;Alg\u00e9rie\"}]},{\"@type\":\"WebSite\",\"@id\":\"https:\\\/\\\/lasentinelle.dz\\\/#website\",\"url\":\"https:\\\/\\\/lasentinelle.dz\\\/\",\"name\":\"La Sentinelle\",\"description\":\"Quotidien national d&#039;information\",\"publisher\":{\"@id\":\"https:\\\/\\\/lasentinelle.dz\\\/#organization\"},\"potentialAction\":[{\"@type\":\"SearchAction\",\"target\":{\"@type\":\"EntryPoint\",\"urlTemplate\":\"https:\\\/\\\/lasentinelle.dz\\\/?s={search_term_string}\"},\"query-input\":{\"@type\":\"PropertyValueSpecification\",\"valueRequired\":true,\"valueName\":\"search_term_string\"}}],\"inLanguage\":\"fr-FR\"},{\"@type\":\"Organization\",\"@id\":\"https:\\\/\\\/lasentinelle.dz\\\/#organization\",\"name\":\"Quotidien La Sentinelle\",\"url\":\"https:\\\/\\\/lasentinelle.dz\\\/\",\"logo\":{\"@type\":\"ImageObject\",\"inLanguage\":\"fr-FR\",\"@id\":\"https:\\\/\\\/lasentinelle.dz\\\/#\\\/schema\\\/logo\\\/image\\\/\",\"url\":\"https:\\\/\\\/lasentinelle.dz\\\/wp-content\\\/uploads\\\/2021\\\/09\\\/logo-sentinelleSLOGAN-1.png\",\"contentUrl\":\"https:\\\/\\\/lasentinelle.dz\\\/wp-content\\\/uploads\\\/2021\\\/09\\\/logo-sentinelleSLOGAN-1.png\",\"width\":615,\"height\":142,\"caption\":\"Quotidien La Sentinelle\"},\"image\":{\"@id\":\"https:\\\/\\\/lasentinelle.dz\\\/#\\\/schema\\\/logo\\\/image\\\/\"},\"sameAs\":[\"https:\\\/\\\/www.facebook.com\\\/La-Sentinelle-104059864394773\"]},{\"@type\":\"Person\",\"@id\":\"https:\\\/\\\/lasentinelle.dz\\\/#\\\/schema\\\/person\\\/729ee0024f24e0b8c5ec17232f8e8b41\",\"name\":\"admin\",\"image\":{\"@type\":\"ImageObject\",\"inLanguage\":\"fr-FR\",\"@id\":\"https:\\\/\\\/secure.gravatar.com\\\/avatar\\\/4c81fed838786e9b53f540bf46533e750f5d292099ae3b66cfc6fb1982e29df7?s=96&d=mm&r=g\",\"url\":\"https:\\\/\\\/secure.gravatar.com\\\/avatar\\\/4c81fed838786e9b53f540bf46533e750f5d292099ae3b66cfc6fb1982e29df7?s=96&d=mm&r=g\",\"contentUrl\":\"https:\\\/\\\/secure.gravatar.com\\\/avatar\\\/4c81fed838786e9b53f540bf46533e750f5d292099ae3b66cfc6fb1982e29df7?s=96&d=mm&r=g\",\"caption\":\"admin\"},\"description\":\"admin\",\"url\":\"https:\\\/\\\/lasentinelle.dz\\\/author\\\/admin\\\/\"}]}<\/script>\n<!-- \/ Yoast SEO plugin. -->","yoast_head_json":{"title":"F\u00eate de la Victoire\u00a0: Tebboune d\u00e9nonce la barbarie coloniale et r\u00e9affirme la marche souveraine de l&rsquo;Alg\u00e9rie - La Sentinelle","robots":{"index":"index","follow":"follow","max-snippet":"max-snippet:-1","max-image-preview":"max-image-preview:large","max-video-preview":"max-video-preview:-1"},"canonical":"https:\/\/lasentinelle.dz\/index.php\/2026\/03\/18\/fete-de-la-victoire-tebboune-denonce-la-barbarie-coloniale-et-reaffirme-la-marche-souveraine-de-lalgerie\/","og_locale":"fr_FR","og_type":"article","og_title":"F\u00eate de la Victoire\u00a0: Tebboune d\u00e9nonce la barbarie coloniale et r\u00e9affirme la marche souveraine de l&rsquo;Alg\u00e9rie - La Sentinelle","og_description":"Le pr\u00e9sident de la R\u00e9publique, Abdelmadjid Tebboune, a adress\u00e9 mercredi un message \u00e0 la Nation \u00e0 la veille du 64e","og_url":"https:\/\/lasentinelle.dz\/index.php\/2026\/03\/18\/fete-de-la-victoire-tebboune-denonce-la-barbarie-coloniale-et-reaffirme-la-marche-souveraine-de-lalgerie\/","og_site_name":"La Sentinelle","article_publisher":"https:\/\/www.facebook.com\/La-Sentinelle-104059864394773","article_published_time":"2026-03-18T19:43:41+00:00","article_modified_time":"2026-03-18T19:43:44+00:00","og_image":[{"width":1438,"height":1078,"url":"https:\/\/lasentinelle.dz\/wp-content\/uploads\/2026\/02\/Tebboune-2.jpg","type":"image\/jpeg"}],"author":"admin","twitter_card":"summary_large_image","twitter_misc":{"\u00c9crit par":"admin","Dur\u00e9e de lecture estim\u00e9e":"4 minutes"},"schema":{"@context":"https:\/\/schema.org","@graph":[{"@type":"Article","@id":"https:\/\/lasentinelle.dz\/index.php\/2026\/03\/18\/fete-de-la-victoire-tebboune-denonce-la-barbarie-coloniale-et-reaffirme-la-marche-souveraine-de-lalgerie\/#article","isPartOf":{"@id":"https:\/\/lasentinelle.dz\/index.php\/2026\/03\/18\/fete-de-la-victoire-tebboune-denonce-la-barbarie-coloniale-et-reaffirme-la-marche-souveraine-de-lalgerie\/"},"author":{"name":"admin","@id":"https:\/\/lasentinelle.dz\/#\/schema\/person\/729ee0024f24e0b8c5ec17232f8e8b41"},"headline":"F\u00eate de la Victoire\u00a0: Tebboune d\u00e9nonce la barbarie coloniale et r\u00e9affirme la marche souveraine de l&rsquo;Alg\u00e9rie","datePublished":"2026-03-18T19:43:41+00:00","dateModified":"2026-03-18T19:43:44+00:00","mainEntityOfPage":{"@id":"https:\/\/lasentinelle.dz\/index.php\/2026\/03\/18\/fete-de-la-victoire-tebboune-denonce-la-barbarie-coloniale-et-reaffirme-la-marche-souveraine-de-lalgerie\/"},"wordCount":867,"commentCount":0,"publisher":{"@id":"https:\/\/lasentinelle.dz\/#organization"},"image":{"@id":"https:\/\/lasentinelle.dz\/index.php\/2026\/03\/18\/fete-de-la-victoire-tebboune-denonce-la-barbarie-coloniale-et-reaffirme-la-marche-souveraine-de-lalgerie\/#primaryimage"},"thumbnailUrl":"https:\/\/lasentinelle.dz\/wp-content\/uploads\/2026\/02\/Tebboune-2.jpg","articleSection":["\u00c0 la Une","Actualit\u00e9"],"inLanguage":"fr-FR","potentialAction":[{"@type":"CommentAction","name":"Comment","target":["https:\/\/lasentinelle.dz\/index.php\/2026\/03\/18\/fete-de-la-victoire-tebboune-denonce-la-barbarie-coloniale-et-reaffirme-la-marche-souveraine-de-lalgerie\/#respond"]}]},{"@type":"WebPage","@id":"https:\/\/lasentinelle.dz\/index.php\/2026\/03\/18\/fete-de-la-victoire-tebboune-denonce-la-barbarie-coloniale-et-reaffirme-la-marche-souveraine-de-lalgerie\/","url":"https:\/\/lasentinelle.dz\/index.php\/2026\/03\/18\/fete-de-la-victoire-tebboune-denonce-la-barbarie-coloniale-et-reaffirme-la-marche-souveraine-de-lalgerie\/","name":"F\u00eate de la Victoire\u00a0: Tebboune d\u00e9nonce la barbarie coloniale et r\u00e9affirme la marche souveraine de l&rsquo;Alg\u00e9rie - La Sentinelle","isPartOf":{"@id":"https:\/\/lasentinelle.dz\/#website"},"primaryImageOfPage":{"@id":"https:\/\/lasentinelle.dz\/index.php\/2026\/03\/18\/fete-de-la-victoire-tebboune-denonce-la-barbarie-coloniale-et-reaffirme-la-marche-souveraine-de-lalgerie\/#primaryimage"},"image":{"@id":"https:\/\/lasentinelle.dz\/index.php\/2026\/03\/18\/fete-de-la-victoire-tebboune-denonce-la-barbarie-coloniale-et-reaffirme-la-marche-souveraine-de-lalgerie\/#primaryimage"},"thumbnailUrl":"https:\/\/lasentinelle.dz\/wp-content\/uploads\/2026\/02\/Tebboune-2.jpg","datePublished":"2026-03-18T19:43:41+00:00","dateModified":"2026-03-18T19:43:44+00:00","breadcrumb":{"@id":"https:\/\/lasentinelle.dz\/index.php\/2026\/03\/18\/fete-de-la-victoire-tebboune-denonce-la-barbarie-coloniale-et-reaffirme-la-marche-souveraine-de-lalgerie\/#breadcrumb"},"inLanguage":"fr-FR","potentialAction":[{"@type":"ReadAction","target":["https:\/\/lasentinelle.dz\/index.php\/2026\/03\/18\/fete-de-la-victoire-tebboune-denonce-la-barbarie-coloniale-et-reaffirme-la-marche-souveraine-de-lalgerie\/"]}]},{"@type":"ImageObject","inLanguage":"fr-FR","@id":"https:\/\/lasentinelle.dz\/index.php\/2026\/03\/18\/fete-de-la-victoire-tebboune-denonce-la-barbarie-coloniale-et-reaffirme-la-marche-souveraine-de-lalgerie\/#primaryimage","url":"https:\/\/lasentinelle.dz\/wp-content\/uploads\/2026\/02\/Tebboune-2.jpg","contentUrl":"https:\/\/lasentinelle.dz\/wp-content\/uploads\/2026\/02\/Tebboune-2.jpg","width":1438,"height":1078},{"@type":"BreadcrumbList","@id":"https:\/\/lasentinelle.dz\/index.php\/2026\/03\/18\/fete-de-la-victoire-tebboune-denonce-la-barbarie-coloniale-et-reaffirme-la-marche-souveraine-de-lalgerie\/#breadcrumb","itemListElement":[{"@type":"ListItem","position":1,"name":"Accueil","item":"https:\/\/lasentinelle.dz\/"},{"@type":"ListItem","position":2,"name":"F\u00eate de la Victoire\u00a0: Tebboune d\u00e9nonce la barbarie coloniale et r\u00e9affirme la marche souveraine de l&rsquo;Alg\u00e9rie"}]},{"@type":"WebSite","@id":"https:\/\/lasentinelle.dz\/#website","url":"https:\/\/lasentinelle.dz\/","name":"La Sentinelle","description":"Quotidien national d&#039;information","publisher":{"@id":"https:\/\/lasentinelle.dz\/#organization"},"potentialAction":[{"@type":"SearchAction","target":{"@type":"EntryPoint","urlTemplate":"https:\/\/lasentinelle.dz\/?s={search_term_string}"},"query-input":{"@type":"PropertyValueSpecification","valueRequired":true,"valueName":"search_term_string"}}],"inLanguage":"fr-FR"},{"@type":"Organization","@id":"https:\/\/lasentinelle.dz\/#organization","name":"Quotidien La Sentinelle","url":"https:\/\/lasentinelle.dz\/","logo":{"@type":"ImageObject","inLanguage":"fr-FR","@id":"https:\/\/lasentinelle.dz\/#\/schema\/logo\/image\/","url":"https:\/\/lasentinelle.dz\/wp-content\/uploads\/2021\/09\/logo-sentinelleSLOGAN-1.png","contentUrl":"https:\/\/lasentinelle.dz\/wp-content\/uploads\/2021\/09\/logo-sentinelleSLOGAN-1.png","width":615,"height":142,"caption":"Quotidien La Sentinelle"},"image":{"@id":"https:\/\/lasentinelle.dz\/#\/schema\/logo\/image\/"},"sameAs":["https:\/\/www.facebook.com\/La-Sentinelle-104059864394773"]},{"@type":"Person","@id":"https:\/\/lasentinelle.dz\/#\/schema\/person\/729ee0024f24e0b8c5ec17232f8e8b41","name":"admin","image":{"@type":"ImageObject","inLanguage":"fr-FR","@id":"https:\/\/secure.gravatar.com\/avatar\/4c81fed838786e9b53f540bf46533e750f5d292099ae3b66cfc6fb1982e29df7?s=96&d=mm&r=g","url":"https:\/\/secure.gravatar.com\/avatar\/4c81fed838786e9b53f540bf46533e750f5d292099ae3b66cfc6fb1982e29df7?s=96&d=mm&r=g","contentUrl":"https:\/\/secure.gravatar.com\/avatar\/4c81fed838786e9b53f540bf46533e750f5d292099ae3b66cfc6fb1982e29df7?s=96&d=mm&r=g","caption":"admin"},"description":"admin","url":"https:\/\/lasentinelle.dz\/author\/admin\/"}]}},"_links":{"self":[{"href":"https:\/\/lasentinelle.dz\/index.php\/wp-json\/wp\/v2\/posts\/83876","targetHints":{"allow":["GET"]}}],"collection":[{"href":"https:\/\/lasentinelle.dz\/index.php\/wp-json\/wp\/v2\/posts"}],"about":[{"href":"https:\/\/lasentinelle.dz\/index.php\/wp-json\/wp\/v2\/types\/post"}],"author":[{"embeddable":true,"href":"https:\/\/lasentinelle.dz\/index.php\/wp-json\/wp\/v2\/users\/6"}],"replies":[{"embeddable":true,"href":"https:\/\/lasentinelle.dz\/index.php\/wp-json\/wp\/v2\/comments?post=83876"}],"version-history":[{"count":2,"href":"https:\/\/lasentinelle.dz\/index.php\/wp-json\/wp\/v2\/posts\/83876\/revisions"}],"predecessor-version":[{"id":83878,"href":"https:\/\/lasentinelle.dz\/index.php\/wp-json\/wp\/v2\/posts\/83876\/revisions\/83878"}],"wp:featuredmedia":[{"embeddable":true,"href":"https:\/\/lasentinelle.dz\/index.php\/wp-json\/wp\/v2\/media\/81686"}],"wp:attachment":[{"href":"https:\/\/lasentinelle.dz\/index.php\/wp-json\/wp\/v2\/media?parent=83876"}],"wp:term":[{"taxonomy":"category","embeddable":true,"href":"https:\/\/lasentinelle.dz\/index.php\/wp-json\/wp\/v2\/categories?post=83876"},{"taxonomy":"post_tag","embeddable":true,"href":"https:\/\/lasentinelle.dz\/index.php\/wp-json\/wp\/v2\/tags?post=83876"}],"curies":[{"name":"wp","href":"https:\/\/api.w.org\/{rel}","templated":true}]}}