{"id":83879,"date":"2026-03-18T20:44:55","date_gmt":"2026-03-18T19:44:55","guid":{"rendered":"https:\/\/lasentinelle.dz\/?p=83879"},"modified":"2026-03-18T20:44:56","modified_gmt":"2026-03-18T19:44:56","slug":"renouvellement-du-parc-de-transport-420-bus-supplementaires-receptionnes-a-djen-djen","status":"publish","type":"post","link":"https:\/\/lasentinelle.dz\/index.php\/2026\/03\/18\/renouvellement-du-parc-de-transport-420-bus-supplementaires-receptionnes-a-djen-djen\/","title":{"rendered":"Renouvellement du parc de transport\u00a0: 420 bus suppl\u00e9mentaires r\u00e9ceptionn\u00e9s \u00e0 Djen Djen"},"content":{"rendered":"\n<p>L&rsquo;Alg\u00e9rie acc\u00e9l\u00e8re la cadence dans l&rsquo;ex\u00e9cution de l&rsquo;un des chantiers les plus structurants de sa politique de transport public. L&rsquo;Entreprise de d\u00e9veloppement de l&rsquo;industrie automobile, plac\u00e9e sous la tutelle de la direction des industries militaires du minist\u00e8re de la D\u00e9fense nationale, a r\u00e9ceptionn\u00e9 mardi au port de Djen Djen, dans la wilaya de Jijel, 420 nouveaux bus en provenance de Chine. Cette livraison s&rsquo;inscrit dans le cadre du vaste programme pr\u00e9sidentiel d&rsquo;importation de 10 000 bus destin\u00e9s au renouvellement du parc national de transport de voyageurs. Ce programme, voulu par le pr\u00e9sident de la R\u00e9publique, Chef supr\u00eame des Forces arm\u00e9es et ministre de la D\u00e9fense nationale, M. Abdelmadjid Tebboune, est \u00ab concr\u00e9tis\u00e9 sous la supervision du ministre d\u00e9l\u00e9gu\u00e9 aupr\u00e8s du ministre de la D\u00e9fense nationale, Chef d&rsquo;\u00c9tat-Major de l&rsquo;Arm\u00e9e Nationale Populaire, le G\u00e9n\u00e9ral d&rsquo;Arm\u00e9e Sa\u00efd Chanegriha \u00bb. Son pilotage op\u00e9rationnel a \u00e9t\u00e9 confi\u00e9 \u00e0 la direction des industries militaires, qui mobilise pour ce faire plusieurs structures relevant de son autorit\u00e9, dont l&rsquo;Entreprise de d\u00e9veloppement des industries militaires de la 2e R\u00e9gion militaire. Les 420 v\u00e9hicules r\u00e9ceptionn\u00e9s cette semaine sont \u00ab de diff\u00e9rentes cat\u00e9gories \u00bb et repr\u00e9sentent une nouvelle tranche d&rsquo;un lot global de 6 800 bus programm\u00e9s, acquis aupr\u00e8s de \u00ab partenaires internationaux de Chine et d&rsquo;Allemagne \u00bb. Le port de Djen Djen avait d\u00e9j\u00e0 accueilli, en f\u00e9vrier dernier, deux cargaisons successives : \u00ab la premi\u00e8re le 3 f\u00e9vrier, avec 210 bus, et la seconde le 8 du m\u00eame mois, avec 276 unit\u00e9s \u00bb. Au total, ce sont donc plusieurs centaines de v\u00e9hicules qui ont transit\u00e9 par cette porte d&rsquo;entr\u00e9e en l&rsquo;espace de quelques semaines, t\u00e9moignant d&rsquo;un rythme de livraison soutenu. \u00ab Les op\u00e9rations de r\u00e9ception se poursuivront dans les prochains jours \u00bb, pr\u00e9cise le communiqu\u00e9, laissant entrevoir de nouvelles cargaisons imminentes.<\/p>\n\n\n\n<p>Sur le plan \u00e9conomique, ce programme repr\u00e9sente un investissement consid\u00e9rable dans la mobilit\u00e9 urbaine et interurbaine, secteur longtemps sous-dot\u00e9 face \u00e0 une demande en forte croissance. Le renouvellement du parc national de transport de voyageurs r\u00e9pond \u00e0 un double imp\u00e9ratif : am\u00e9liorer la qualit\u00e9 de service offerte aux usagers et d\u00e9sengorger des r\u00e9seaux satur\u00e9s dans les grandes agglom\u00e9rations comme Alger, Oran ou Constantine, mais aussi rem\u00e9dier aux failles en mati\u00e8re de s\u00e9curit\u00e9 routi\u00e8re.<\/p>\n\n\n\n<p>Chokri Hafed<\/p>\n","protected":false},"excerpt":{"rendered":"<p>L&rsquo;Alg\u00e9rie acc\u00e9l\u00e8re la cadence dans l&rsquo;ex\u00e9cution de l&rsquo;un des chantiers les plus structurants de sa politique de transport public. L&rsquo;Entreprise<\/p>\n","protected":false},"author":6,"featured_media":80811,"comment_status":"open","ping_status":"closed","sticky":false,"template":"","format":"standard","meta":{"colormag_page_container_layout":"default_layout","colormag_page_sidebar_layout":"default_layout","om_disable_all_campaigns":false,"_monsterinsights_skip_tracking":false,"_monsterinsights_sitenote_active":false,"_monsterinsights_sitenote_note":"","_monsterinsights_sitenote_category":0,"footnotes":"","_wpscppro_dont_share_socialmedia":false,"_wpscppro_custom_social_share_image":0,"_facebook_share_type":"default","_twitter_share_type":"default","_linkedin_share_type":"default","_pinterest_share_type":"default","_linkedin_share_type_page":"","_instagram_share_type":"default","_medium_share_type":"default","_threads_share_type":"default","_google_business_share_type":"default","_selected_social_profile":[],"_wpsp_enable_custom_social_template":false,"_wpsp_social_scheduling":{"enabled":false,"datetime":null,"platforms":[],"status":"template_only","dateOption":"today","timeOption":"now","customDays":"","customHours":"","customDate":"","customTime":"","schedulingType":"absolute"},"_wpsp_active_default_template":true},"categories":[29],"tags":[],"class_list":["post-83879","post","type-post","status-publish","format-standard","has-post-thumbnail","hentry","category-economie"],"aioseo_notices":[],"yoast_head":"<!-- This site is optimized with the Yoast SEO plugin v27.5 - https:\/\/yoast.com\/product\/yoast-seo-wordpress\/ -->\n<title>Renouvellement du parc de transport\u00a0: 420 bus suppl\u00e9mentaires r\u00e9ceptionn\u00e9s \u00e0 Djen Djen - La Sentinelle<\/title>\n<meta name=\"robots\" content=\"index, follow, max-snippet:-1, max-image-preview:large, max-video-preview:-1\" \/>\n<link rel=\"canonical\" href=\"https:\/\/lasentinelle.dz\/index.php\/2026\/03\/18\/renouvellement-du-parc-de-transport-420-bus-supplementaires-receptionnes-a-djen-djen\/\" \/>\n<meta property=\"og:locale\" content=\"fr_FR\" \/>\n<meta property=\"og:type\" content=\"article\" \/>\n<meta property=\"og:title\" content=\"Renouvellement du parc de transport\u00a0: 420 bus suppl\u00e9mentaires r\u00e9ceptionn\u00e9s \u00e0 Djen Djen - La Sentinelle\" \/>\n<meta property=\"og:description\" content=\"L&rsquo;Alg\u00e9rie acc\u00e9l\u00e8re la cadence dans l&rsquo;ex\u00e9cution de l&rsquo;un des chantiers les plus structurants de sa politique de transport public. L&rsquo;Entreprise\" \/>\n<meta property=\"og:url\" content=\"https:\/\/lasentinelle.dz\/index.php\/2026\/03\/18\/renouvellement-du-parc-de-transport-420-bus-supplementaires-receptionnes-a-djen-djen\/\" \/>\n<meta property=\"og:site_name\" content=\"La Sentinelle\" \/>\n<meta property=\"article:publisher\" content=\"https:\/\/www.facebook.com\/La-Sentinelle-104059864394773\" \/>\n<meta property=\"article:published_time\" content=\"2026-03-18T19:44:55+00:00\" \/>\n<meta property=\"article:modified_time\" content=\"2026-03-18T19:44:56+00:00\" \/>\n<meta property=\"og:image\" content=\"https:\/\/lasentinelle.dz\/wp-content\/uploads\/2026\/02\/bus-import.webp\" \/>\n\t<meta property=\"og:image:width\" content=\"1400\" \/>\n\t<meta property=\"og:image:height\" content=\"1050\" \/>\n\t<meta property=\"og:image:type\" content=\"image\/webp\" \/>\n<meta name=\"author\" content=\"admin\" \/>\n<meta name=\"twitter:card\" content=\"summary_large_image\" \/>\n<meta name=\"twitter:label1\" content=\"\u00c9crit par\" \/>\n\t<meta name=\"twitter:data1\" content=\"admin\" \/>\n\t<meta name=\"twitter:label2\" content=\"Dur\u00e9e de lecture estim\u00e9e\" \/>\n\t<meta name=\"twitter:data2\" content=\"3 minutes\" \/>\n<script type=\"application\/ld+json\" class=\"yoast-schema-graph\">{\"@context\":\"https:\\\/\\\/schema.org\",\"@graph\":[{\"@type\":\"Article\",\"@id\":\"https:\\\/\\\/lasentinelle.dz\\\/index.php\\\/2026\\\/03\\\/18\\\/renouvellement-du-parc-de-transport-420-bus-supplementaires-receptionnes-a-djen-djen\\\/#article\",\"isPartOf\":{\"@id\":\"https:\\\/\\\/lasentinelle.dz\\\/index.php\\\/2026\\\/03\\\/18\\\/renouvellement-du-parc-de-transport-420-bus-supplementaires-receptionnes-a-djen-djen\\\/\"},\"author\":{\"name\":\"admin\",\"@id\":\"https:\\\/\\\/lasentinelle.dz\\\/#\\\/schema\\\/person\\\/729ee0024f24e0b8c5ec17232f8e8b41\"},\"headline\":\"Renouvellement du parc de transport\u00a0: 420 bus suppl\u00e9mentaires r\u00e9ceptionn\u00e9s \u00e0 Djen Djen\",\"datePublished\":\"2026-03-18T19:44:55+00:00\",\"dateModified\":\"2026-03-18T19:44:56+00:00\",\"mainEntityOfPage\":{\"@id\":\"https:\\\/\\\/lasentinelle.dz\\\/index.php\\\/2026\\\/03\\\/18\\\/renouvellement-du-parc-de-transport-420-bus-supplementaires-receptionnes-a-djen-djen\\\/\"},\"wordCount\":433,\"commentCount\":0,\"publisher\":{\"@id\":\"https:\\\/\\\/lasentinelle.dz\\\/#organization\"},\"image\":{\"@id\":\"https:\\\/\\\/lasentinelle.dz\\\/index.php\\\/2026\\\/03\\\/18\\\/renouvellement-du-parc-de-transport-420-bus-supplementaires-receptionnes-a-djen-djen\\\/#primaryimage\"},\"thumbnailUrl\":\"https:\\\/\\\/lasentinelle.dz\\\/wp-content\\\/uploads\\\/2026\\\/02\\\/bus-import.webp\",\"articleSection\":[\"\u00c9conomie\"],\"inLanguage\":\"fr-FR\",\"potentialAction\":[{\"@type\":\"CommentAction\",\"name\":\"Comment\",\"target\":[\"https:\\\/\\\/lasentinelle.dz\\\/index.php\\\/2026\\\/03\\\/18\\\/renouvellement-du-parc-de-transport-420-bus-supplementaires-receptionnes-a-djen-djen\\\/#respond\"]}]},{\"@type\":\"WebPage\",\"@id\":\"https:\\\/\\\/lasentinelle.dz\\\/index.php\\\/2026\\\/03\\\/18\\\/renouvellement-du-parc-de-transport-420-bus-supplementaires-receptionnes-a-djen-djen\\\/\",\"url\":\"https:\\\/\\\/lasentinelle.dz\\\/index.php\\\/2026\\\/03\\\/18\\\/renouvellement-du-parc-de-transport-420-bus-supplementaires-receptionnes-a-djen-djen\\\/\",\"name\":\"Renouvellement du parc de transport\u00a0: 420 bus suppl\u00e9mentaires r\u00e9ceptionn\u00e9s \u00e0 Djen Djen - La Sentinelle\",\"isPartOf\":{\"@id\":\"https:\\\/\\\/lasentinelle.dz\\\/#website\"},\"primaryImageOfPage\":{\"@id\":\"https:\\\/\\\/lasentinelle.dz\\\/index.php\\\/2026\\\/03\\\/18\\\/renouvellement-du-parc-de-transport-420-bus-supplementaires-receptionnes-a-djen-djen\\\/#primaryimage\"},\"image\":{\"@id\":\"https:\\\/\\\/lasentinelle.dz\\\/index.php\\\/2026\\\/03\\\/18\\\/renouvellement-du-parc-de-transport-420-bus-supplementaires-receptionnes-a-djen-djen\\\/#primaryimage\"},\"thumbnailUrl\":\"https:\\\/\\\/lasentinelle.dz\\\/wp-content\\\/uploads\\\/2026\\\/02\\\/bus-import.webp\",\"datePublished\":\"2026-03-18T19:44:55+00:00\",\"dateModified\":\"2026-03-18T19:44:56+00:00\",\"breadcrumb\":{\"@id\":\"https:\\\/\\\/lasentinelle.dz\\\/index.php\\\/2026\\\/03\\\/18\\\/renouvellement-du-parc-de-transport-420-bus-supplementaires-receptionnes-a-djen-djen\\\/#breadcrumb\"},\"inLanguage\":\"fr-FR\",\"potentialAction\":[{\"@type\":\"ReadAction\",\"target\":[\"https:\\\/\\\/lasentinelle.dz\\\/index.php\\\/2026\\\/03\\\/18\\\/renouvellement-du-parc-de-transport-420-bus-supplementaires-receptionnes-a-djen-djen\\\/\"]}]},{\"@type\":\"ImageObject\",\"inLanguage\":\"fr-FR\",\"@id\":\"https:\\\/\\\/lasentinelle.dz\\\/index.php\\\/2026\\\/03\\\/18\\\/renouvellement-du-parc-de-transport-420-bus-supplementaires-receptionnes-a-djen-djen\\\/#primaryimage\",\"url\":\"https:\\\/\\\/lasentinelle.dz\\\/wp-content\\\/uploads\\\/2026\\\/02\\\/bus-import.webp\",\"contentUrl\":\"https:\\\/\\\/lasentinelle.dz\\\/wp-content\\\/uploads\\\/2026\\\/02\\\/bus-import.webp\",\"width\":1400,\"height\":1050},{\"@type\":\"BreadcrumbList\",\"@id\":\"https:\\\/\\\/lasentinelle.dz\\\/index.php\\\/2026\\\/03\\\/18\\\/renouvellement-du-parc-de-transport-420-bus-supplementaires-receptionnes-a-djen-djen\\\/#breadcrumb\",\"itemListElement\":[{\"@type\":\"ListItem\",\"position\":1,\"name\":\"Accueil\",\"item\":\"https:\\\/\\\/lasentinelle.dz\\\/\"},{\"@type\":\"ListItem\",\"position\":2,\"name\":\"Renouvellement du parc de transport\u00a0: 420 bus suppl\u00e9mentaires r\u00e9ceptionn\u00e9s \u00e0 Djen Djen\"}]},{\"@type\":\"WebSite\",\"@id\":\"https:\\\/\\\/lasentinelle.dz\\\/#website\",\"url\":\"https:\\\/\\\/lasentinelle.dz\\\/\",\"name\":\"La Sentinelle\",\"description\":\"Quotidien national d&#039;information\",\"publisher\":{\"@id\":\"https:\\\/\\\/lasentinelle.dz\\\/#organization\"},\"potentialAction\":[{\"@type\":\"SearchAction\",\"target\":{\"@type\":\"EntryPoint\",\"urlTemplate\":\"https:\\\/\\\/lasentinelle.dz\\\/?s={search_term_string}\"},\"query-input\":{\"@type\":\"PropertyValueSpecification\",\"valueRequired\":true,\"valueName\":\"search_term_string\"}}],\"inLanguage\":\"fr-FR\"},{\"@type\":\"Organization\",\"@id\":\"https:\\\/\\\/lasentinelle.dz\\\/#organization\",\"name\":\"Quotidien La Sentinelle\",\"url\":\"https:\\\/\\\/lasentinelle.dz\\\/\",\"logo\":{\"@type\":\"ImageObject\",\"inLanguage\":\"fr-FR\",\"@id\":\"https:\\\/\\\/lasentinelle.dz\\\/#\\\/schema\\\/logo\\\/image\\\/\",\"url\":\"https:\\\/\\\/lasentinelle.dz\\\/wp-content\\\/uploads\\\/2021\\\/09\\\/logo-sentinelleSLOGAN-1.png\",\"contentUrl\":\"https:\\\/\\\/lasentinelle.dz\\\/wp-content\\\/uploads\\\/2021\\\/09\\\/logo-sentinelleSLOGAN-1.png\",\"width\":615,\"height\":142,\"caption\":\"Quotidien La Sentinelle\"},\"image\":{\"@id\":\"https:\\\/\\\/lasentinelle.dz\\\/#\\\/schema\\\/logo\\\/image\\\/\"},\"sameAs\":[\"https:\\\/\\\/www.facebook.com\\\/La-Sentinelle-104059864394773\"]},{\"@type\":\"Person\",\"@id\":\"https:\\\/\\\/lasentinelle.dz\\\/#\\\/schema\\\/person\\\/729ee0024f24e0b8c5ec17232f8e8b41\",\"name\":\"admin\",\"image\":{\"@type\":\"ImageObject\",\"inLanguage\":\"fr-FR\",\"@id\":\"https:\\\/\\\/secure.gravatar.com\\\/avatar\\\/4c81fed838786e9b53f540bf46533e750f5d292099ae3b66cfc6fb1982e29df7?s=96&d=mm&r=g\",\"url\":\"https:\\\/\\\/secure.gravatar.com\\\/avatar\\\/4c81fed838786e9b53f540bf46533e750f5d292099ae3b66cfc6fb1982e29df7?s=96&d=mm&r=g\",\"contentUrl\":\"https:\\\/\\\/secure.gravatar.com\\\/avatar\\\/4c81fed838786e9b53f540bf46533e750f5d292099ae3b66cfc6fb1982e29df7?s=96&d=mm&r=g\",\"caption\":\"admin\"},\"description\":\"admin\",\"url\":\"https:\\\/\\\/lasentinelle.dz\\\/author\\\/admin\\\/\"}]}<\/script>\n<!-- \/ Yoast SEO plugin. -->","yoast_head_json":{"title":"Renouvellement du parc de transport\u00a0: 420 bus suppl\u00e9mentaires r\u00e9ceptionn\u00e9s \u00e0 Djen Djen - La Sentinelle","robots":{"index":"index","follow":"follow","max-snippet":"max-snippet:-1","max-image-preview":"max-image-preview:large","max-video-preview":"max-video-preview:-1"},"canonical":"https:\/\/lasentinelle.dz\/index.php\/2026\/03\/18\/renouvellement-du-parc-de-transport-420-bus-supplementaires-receptionnes-a-djen-djen\/","og_locale":"fr_FR","og_type":"article","og_title":"Renouvellement du parc de transport\u00a0: 420 bus suppl\u00e9mentaires r\u00e9ceptionn\u00e9s \u00e0 Djen Djen - La Sentinelle","og_description":"L&rsquo;Alg\u00e9rie acc\u00e9l\u00e8re la cadence dans l&rsquo;ex\u00e9cution de l&rsquo;un des chantiers les plus structurants de sa politique de transport public. L&rsquo;Entreprise","og_url":"https:\/\/lasentinelle.dz\/index.php\/2026\/03\/18\/renouvellement-du-parc-de-transport-420-bus-supplementaires-receptionnes-a-djen-djen\/","og_site_name":"La Sentinelle","article_publisher":"https:\/\/www.facebook.com\/La-Sentinelle-104059864394773","article_published_time":"2026-03-18T19:44:55+00:00","article_modified_time":"2026-03-18T19:44:56+00:00","og_image":[{"width":1400,"height":1050,"url":"https:\/\/lasentinelle.dz\/wp-content\/uploads\/2026\/02\/bus-import.webp","type":"image\/webp"}],"author":"admin","twitter_card":"summary_large_image","twitter_misc":{"\u00c9crit par":"admin","Dur\u00e9e de lecture estim\u00e9e":"3 minutes"},"schema":{"@context":"https:\/\/schema.org","@graph":[{"@type":"Article","@id":"https:\/\/lasentinelle.dz\/index.php\/2026\/03\/18\/renouvellement-du-parc-de-transport-420-bus-supplementaires-receptionnes-a-djen-djen\/#article","isPartOf":{"@id":"https:\/\/lasentinelle.dz\/index.php\/2026\/03\/18\/renouvellement-du-parc-de-transport-420-bus-supplementaires-receptionnes-a-djen-djen\/"},"author":{"name":"admin","@id":"https:\/\/lasentinelle.dz\/#\/schema\/person\/729ee0024f24e0b8c5ec17232f8e8b41"},"headline":"Renouvellement du parc de transport\u00a0: 420 bus suppl\u00e9mentaires r\u00e9ceptionn\u00e9s \u00e0 Djen Djen","datePublished":"2026-03-18T19:44:55+00:00","dateModified":"2026-03-18T19:44:56+00:00","mainEntityOfPage":{"@id":"https:\/\/lasentinelle.dz\/index.php\/2026\/03\/18\/renouvellement-du-parc-de-transport-420-bus-supplementaires-receptionnes-a-djen-djen\/"},"wordCount":433,"commentCount":0,"publisher":{"@id":"https:\/\/lasentinelle.dz\/#organization"},"image":{"@id":"https:\/\/lasentinelle.dz\/index.php\/2026\/03\/18\/renouvellement-du-parc-de-transport-420-bus-supplementaires-receptionnes-a-djen-djen\/#primaryimage"},"thumbnailUrl":"https:\/\/lasentinelle.dz\/wp-content\/uploads\/2026\/02\/bus-import.webp","articleSection":["\u00c9conomie"],"inLanguage":"fr-FR","potentialAction":[{"@type":"CommentAction","name":"Comment","target":["https:\/\/lasentinelle.dz\/index.php\/2026\/03\/18\/renouvellement-du-parc-de-transport-420-bus-supplementaires-receptionnes-a-djen-djen\/#respond"]}]},{"@type":"WebPage","@id":"https:\/\/lasentinelle.dz\/index.php\/2026\/03\/18\/renouvellement-du-parc-de-transport-420-bus-supplementaires-receptionnes-a-djen-djen\/","url":"https:\/\/lasentinelle.dz\/index.php\/2026\/03\/18\/renouvellement-du-parc-de-transport-420-bus-supplementaires-receptionnes-a-djen-djen\/","name":"Renouvellement du parc de transport\u00a0: 420 bus suppl\u00e9mentaires r\u00e9ceptionn\u00e9s \u00e0 Djen Djen - La Sentinelle","isPartOf":{"@id":"https:\/\/lasentinelle.dz\/#website"},"primaryImageOfPage":{"@id":"https:\/\/lasentinelle.dz\/index.php\/2026\/03\/18\/renouvellement-du-parc-de-transport-420-bus-supplementaires-receptionnes-a-djen-djen\/#primaryimage"},"image":{"@id":"https:\/\/lasentinelle.dz\/index.php\/2026\/03\/18\/renouvellement-du-parc-de-transport-420-bus-supplementaires-receptionnes-a-djen-djen\/#primaryimage"},"thumbnailUrl":"https:\/\/lasentinelle.dz\/wp-content\/uploads\/2026\/02\/bus-import.webp","datePublished":"2026-03-18T19:44:55+00:00","dateModified":"2026-03-18T19:44:56+00:00","breadcrumb":{"@id":"https:\/\/lasentinelle.dz\/index.php\/2026\/03\/18\/renouvellement-du-parc-de-transport-420-bus-supplementaires-receptionnes-a-djen-djen\/#breadcrumb"},"inLanguage":"fr-FR","potentialAction":[{"@type":"ReadAction","target":["https:\/\/lasentinelle.dz\/index.php\/2026\/03\/18\/renouvellement-du-parc-de-transport-420-bus-supplementaires-receptionnes-a-djen-djen\/"]}]},{"@type":"ImageObject","inLanguage":"fr-FR","@id":"https:\/\/lasentinelle.dz\/index.php\/2026\/03\/18\/renouvellement-du-parc-de-transport-420-bus-supplementaires-receptionnes-a-djen-djen\/#primaryimage","url":"https:\/\/lasentinelle.dz\/wp-content\/uploads\/2026\/02\/bus-import.webp","contentUrl":"https:\/\/lasentinelle.dz\/wp-content\/uploads\/2026\/02\/bus-import.webp","width":1400,"height":1050},{"@type":"BreadcrumbList","@id":"https:\/\/lasentinelle.dz\/index.php\/2026\/03\/18\/renouvellement-du-parc-de-transport-420-bus-supplementaires-receptionnes-a-djen-djen\/#breadcrumb","itemListElement":[{"@type":"ListItem","position":1,"name":"Accueil","item":"https:\/\/lasentinelle.dz\/"},{"@type":"ListItem","position":2,"name":"Renouvellement du parc de transport\u00a0: 420 bus suppl\u00e9mentaires r\u00e9ceptionn\u00e9s \u00e0 Djen Djen"}]},{"@type":"WebSite","@id":"https:\/\/lasentinelle.dz\/#website","url":"https:\/\/lasentinelle.dz\/","name":"La Sentinelle","description":"Quotidien national d&#039;information","publisher":{"@id":"https:\/\/lasentinelle.dz\/#organization"},"potentialAction":[{"@type":"SearchAction","target":{"@type":"EntryPoint","urlTemplate":"https:\/\/lasentinelle.dz\/?s={search_term_string}"},"query-input":{"@type":"PropertyValueSpecification","valueRequired":true,"valueName":"search_term_string"}}],"inLanguage":"fr-FR"},{"@type":"Organization","@id":"https:\/\/lasentinelle.dz\/#organization","name":"Quotidien La Sentinelle","url":"https:\/\/lasentinelle.dz\/","logo":{"@type":"ImageObject","inLanguage":"fr-FR","@id":"https:\/\/lasentinelle.dz\/#\/schema\/logo\/image\/","url":"https:\/\/lasentinelle.dz\/wp-content\/uploads\/2021\/09\/logo-sentinelleSLOGAN-1.png","contentUrl":"https:\/\/lasentinelle.dz\/wp-content\/uploads\/2021\/09\/logo-sentinelleSLOGAN-1.png","width":615,"height":142,"caption":"Quotidien La Sentinelle"},"image":{"@id":"https:\/\/lasentinelle.dz\/#\/schema\/logo\/image\/"},"sameAs":["https:\/\/www.facebook.com\/La-Sentinelle-104059864394773"]},{"@type":"Person","@id":"https:\/\/lasentinelle.dz\/#\/schema\/person\/729ee0024f24e0b8c5ec17232f8e8b41","name":"admin","image":{"@type":"ImageObject","inLanguage":"fr-FR","@id":"https:\/\/secure.gravatar.com\/avatar\/4c81fed838786e9b53f540bf46533e750f5d292099ae3b66cfc6fb1982e29df7?s=96&d=mm&r=g","url":"https:\/\/secure.gravatar.com\/avatar\/4c81fed838786e9b53f540bf46533e750f5d292099ae3b66cfc6fb1982e29df7?s=96&d=mm&r=g","contentUrl":"https:\/\/secure.gravatar.com\/avatar\/4c81fed838786e9b53f540bf46533e750f5d292099ae3b66cfc6fb1982e29df7?s=96&d=mm&r=g","caption":"admin"},"description":"admin","url":"https:\/\/lasentinelle.dz\/author\/admin\/"}]}},"_links":{"self":[{"href":"https:\/\/lasentinelle.dz\/index.php\/wp-json\/wp\/v2\/posts\/83879","targetHints":{"allow":["GET"]}}],"collection":[{"href":"https:\/\/lasentinelle.dz\/index.php\/wp-json\/wp\/v2\/posts"}],"about":[{"href":"https:\/\/lasentinelle.dz\/index.php\/wp-json\/wp\/v2\/types\/post"}],"author":[{"embeddable":true,"href":"https:\/\/lasentinelle.dz\/index.php\/wp-json\/wp\/v2\/users\/6"}],"replies":[{"embeddable":true,"href":"https:\/\/lasentinelle.dz\/index.php\/wp-json\/wp\/v2\/comments?post=83879"}],"version-history":[{"count":1,"href":"https:\/\/lasentinelle.dz\/index.php\/wp-json\/wp\/v2\/posts\/83879\/revisions"}],"predecessor-version":[{"id":83880,"href":"https:\/\/lasentinelle.dz\/index.php\/wp-json\/wp\/v2\/posts\/83879\/revisions\/83880"}],"wp:featuredmedia":[{"embeddable":true,"href":"https:\/\/lasentinelle.dz\/index.php\/wp-json\/wp\/v2\/media\/80811"}],"wp:attachment":[{"href":"https:\/\/lasentinelle.dz\/index.php\/wp-json\/wp\/v2\/media?parent=83879"}],"wp:term":[{"taxonomy":"category","embeddable":true,"href":"https:\/\/lasentinelle.dz\/index.php\/wp-json\/wp\/v2\/categories?post=83879"},{"taxonomy":"post_tag","embeddable":true,"href":"https:\/\/lasentinelle.dz\/index.php\/wp-json\/wp\/v2\/tags?post=83879"}],"curies":[{"name":"wp","href":"https:\/\/api.w.org\/{rel}","templated":true}]}}