{"id":8415,"date":"2021-09-20T00:01:00","date_gmt":"2021-09-19T23:01:00","guid":{"rendered":"https:\/\/lasentinelle.dz\/?p=8415"},"modified":"2021-09-19T15:54:34","modified_gmt":"2021-09-19T14:54:34","slug":"musique-un-disque-pour-vivre-la-maladie-dalzheimer-de-linterieur","status":"publish","type":"post","link":"https:\/\/lasentinelle.dz\/index.php\/2021\/09\/20\/musique-un-disque-pour-vivre-la-maladie-dalzheimer-de-linterieur\/","title":{"rendered":"Musique : Un disque pour vivre la maladie d&rsquo;Alzheimer de l&rsquo;int\u00e9rieur"},"content":{"rendered":"\n<p>La perte de la m\u00e9moire, l&rsquo;angoisse de perdre tous ses rep\u00e8res&#8230; Peut-on comprendre par la musique ce que vit un malade d&rsquo;Alzheimer? Un artiste britannique, Leyland Kirby, a tent\u00e9 l&rsquo;exp\u00e9rience dans une s\u00e9rie d&rsquo;albums qui reproduisent l&rsquo;avanc\u00e9e progressive d&rsquo;une d\u00e9mence.\u00a0\u00bbJ&rsquo;ai lu de nombreux articles comme de nombreux livres sur cette maladie et c&rsquo;est sid\u00e9rant de voir \u00e0 quel point elle est destructrice\u00a0\u00bb, expliquait en 2019 M. Kirby au site Electronic Beats.Ce musicien britannique enregistre depuis 25 ans de nombreux disques de musique \u00e9lectronique, sous diff\u00e9rents pseudonymes. Sous l&rsquo;un d&rsquo;eux, The Caretaker &#8211; \u00ab\u00a0le Gardien\u00a0\u00bb, une r\u00e9f\u00e9rence au film Shining &#8211; il a plus particuli\u00e8rement explor\u00e9 le th\u00e8me de la m\u00e9moire et, surtout, de la perte de celle-ci.L&rsquo;aboutissement de cette d\u00e9marche, c&rsquo;est une s\u00e9rie de six albums, baptis\u00e9e \u00ab\u00a0Everywhere at the end of time\u00a0\u00bb &#8211; \u00ab\u00a0Partout \u00e0 la fin des temps\u00a0\u00bb &#8211; et achev\u00e9e en 2019 par M. Kirby, qui n&rsquo;a pas r\u00e9pondu aux solliciations de l&rsquo;AFP.En plus de six heures, il cherche \u00e0 faire vivre de l&rsquo;int\u00e9rieur tout ce que subit un malade d&rsquo;une d\u00e9mence de type Alzheimer, de ses premi\u00e8res pertes de m\u00e9moire \u00e0 la dissolution totale de celle-ci.<\/p>\n\n\n\n<p>A quoi peut ressembler une telle musique? M. Kirby travaille \u00e0 partir de centaines d&rsquo;heures d&rsquo;enregistrements datant des ann\u00e9es 1930. Ce sont pour l&rsquo;essentiel des airs nostalgiques et gorg\u00e9s de cordes qui r\u00e9sonnaient alors dans les salles de bals.<\/p>\n\n\n\n<p>Dans les trois premiers disques de la s\u00e9rie, la maladie est encore peu avanc\u00e9e et les airs sont encore reconnaissables, m\u00eame s&rsquo;ils sont d\u00e9j\u00e0 modifi\u00e9s pour appara\u00eetre lointains et remplis d&rsquo;\u00e9chos.Mais dans les trois derniers disques, ces m\u00e9lodies sont retravaill\u00e9es, fractur\u00e9es et distordues \u00e0 tel point qu&rsquo;elles ne sont plus reconnaissables et que l&rsquo;ensemble devient particuli\u00e8rement inconfortable \u00e0 \u00e9couter.\u00a0\u00bbDans les trois premi\u00e8res \u00e9tapes, il y a des \u00e9pisodes o\u00f9 la pens\u00e9e est claire tout en tournant en boucle, ce qui correspond aux premiers symptomes\u00a0\u00bb, d\u00e9taillait M. Kirby en 2019.\u00a0\u00bbA partir de l&rsquo;\u00e9tape, 4, ce n&rsquo;est plus possible de penser clairement, donc on en vient \u00e0 une p\u00e9riode de confusion totale\u00a0\u00bb, poursuivait-il. \u00ab\u00a0Peut-\u00eatre qu&rsquo;on peut vaguement reconna\u00eetre une m\u00e9lodie \u00e0 l&rsquo;occasion mais, pour l&rsquo;essentiel, on a d\u00e9sormais perdu la raison.\u00a0\u00bbAu-del\u00e0 de sa valeur musicale, que vaut ce projet d&rsquo;un point de vue clinique? Peut-on vraiment y retrouver la r\u00e9alit\u00e9 d&rsquo;une personne atteinte de d\u00e9mence?<\/p>\n\n\n\n<p>\u00ab\u00a0La d\u00e9marche est int\u00e9ressante\u00a0\u00bb, juge aupr\u00e8s de l&rsquo;AFP le neuropsychologue Herv\u00e9 Platel, sp\u00e9cialiste des effets de la musique sur le cerveau.Certes, souligne-t-il, un tel album ne peut qu&rsquo;approcher une exp\u00e9rience par essence inaccessible. Mais, une fois cette r\u00e9serve faite, M. Platel y voit une traduction plut\u00f4t fid\u00e8le de ce que l&rsquo;on sait du parcours \u00e9motionnel d&rsquo;un malade d&rsquo;Alzheimer ou d&rsquo;une autre d\u00e9mence.\u00a0\u00bbDe ce point de vue l\u00e0, c&rsquo;est plut\u00f4t bien fait et bien rendu\u00a0\u00bb, explique-t-il \u00ab\u00a0Le sentiment qu&rsquo;on peut avoir \u00e0 l&rsquo;\u00e9cho de cette musique, c&rsquo;est \u00e0 la fois de l&rsquo;anxi\u00e9t\u00e9 et un sentiment d\u00e9pressif.\u00a0\u00bb\u00a0\u00bbCa c&rsquo;est tout \u00e0 fait r\u00e9el: les patients \u00e0 qui on annonce une maladie neurod\u00e9g\u00e9native comme la maladie d&rsquo;Alzheimer, ils passent par ces \u00e9tats \u00e9motionnels qui sont notamment produits par la destructuration de leur m\u00e9moire\u00a0\u00bb, poursuit M. Platel.<\/p>\n\n\n\n<p>Toutefois, l&rsquo;approche de M. Kirby a ses imperfections. Elle donne, notamment, l&rsquo;impression d&rsquo;une d\u00e9gradation totale et unilat\u00e9rale de la m\u00e9moire, alors que la r\u00e9alit\u00e9 est plus complexe.\u00a0\u00bbC&rsquo;est une repr\u00e9sentation famili\u00e8re o\u00f9 l&rsquo;on imagine que c&rsquo;est une maladie -qui- alt\u00e8re tous les m\u00e9canismes de m\u00e9moires (mais) ce n&rsquo;est pas le cas\u00a0\u00bb, souligne M. Platel.Et c&rsquo;est justement la perception de la musique et son souvenir qui \u00e9chappent le mieux \u00e0 la perte des capacit\u00e9s cognitives, y compris chez des malades \u00e0 un stade avanc\u00e9.Mieux, les patients sont aussi capables de retenir de nouvelles m\u00e9lodies, m\u00eame s&rsquo;ils oublient vite le processus d&rsquo;apprentissage en lui m\u00eame.\u00a0\u00bbLes patients conservent tout \u00e0 fait leurs souvenirs musicaux malgr\u00e9 l&rsquo;\u00e9volution de la maladie\u00a0\u00bb, explique M. Platel. \u00ab\u00a0Il n&rsquo;y a pas de perte en fin de compte de la m\u00e9moire musicale.\u00a0\u00bb<\/p>\n\n\n\n<p>AFP<\/p>\n","protected":false},"excerpt":{"rendered":"<p>La perte de la m\u00e9moire, l&rsquo;angoisse de perdre tous ses rep\u00e8res&#8230; Peut-on comprendre par la musique ce que vit un<\/p>\n","protected":false},"author":3,"featured_media":8423,"comment_status":"open","ping_status":"closed","sticky":false,"template":"","format":"standard","meta":{"colormag_page_container_layout":"default_layout","colormag_page_sidebar_layout":"default_layout","om_disable_all_campaigns":false,"_monsterinsights_skip_tracking":false,"_monsterinsights_sitenote_active":false,"_monsterinsights_sitenote_note":"","_monsterinsights_sitenote_category":0,"footnotes":"","_wpscppro_dont_share_socialmedia":false,"_wpscppro_custom_social_share_image":0,"_facebook_share_type":"","_twitter_share_type":"","_linkedin_share_type":"","_pinterest_share_type":"","_linkedin_share_type_page":"","_instagram_share_type":"","_medium_share_type":"","_threads_share_type":"","_google_business_share_type":"","_selected_social_profile":[],"_wpsp_enable_custom_social_template":false,"_wpsp_social_scheduling":{"enabled":false,"datetime":null,"platforms":[],"status":"template_only","dateOption":"today","timeOption":"now","customDays":"","customHours":"","customDate":"","customTime":"","schedulingType":"absolute"},"_wpsp_active_default_template":true},"categories":[36],"tags":[],"class_list":["post-8415","post","type-post","status-publish","format-standard","has-post-thumbnail","hentry","category-culture"],"aioseo_notices":[],"yoast_head":"<!-- This site is optimized with the Yoast SEO plugin v27.5 - https:\/\/yoast.com\/product\/yoast-seo-wordpress\/ -->\n<title>Musique : Un disque pour vivre la maladie d&#039;Alzheimer de l&#039;int\u00e9rieur - La Sentinelle<\/title>\n<meta name=\"robots\" content=\"index, follow, max-snippet:-1, max-image-preview:large, max-video-preview:-1\" \/>\n<link rel=\"canonical\" href=\"https:\/\/lasentinelle.dz\/index.php\/2021\/09\/20\/musique-un-disque-pour-vivre-la-maladie-dalzheimer-de-linterieur\/\" \/>\n<meta property=\"og:locale\" content=\"fr_FR\" \/>\n<meta property=\"og:type\" content=\"article\" \/>\n<meta property=\"og:title\" content=\"Musique : Un disque pour vivre la maladie d&#039;Alzheimer de l&#039;int\u00e9rieur - La Sentinelle\" \/>\n<meta property=\"og:description\" content=\"La perte de la m\u00e9moire, l&rsquo;angoisse de perdre tous ses rep\u00e8res&#8230; Peut-on comprendre par la musique ce que vit un\" \/>\n<meta property=\"og:url\" content=\"https:\/\/lasentinelle.dz\/index.php\/2021\/09\/20\/musique-un-disque-pour-vivre-la-maladie-dalzheimer-de-linterieur\/\" \/>\n<meta property=\"og:site_name\" content=\"La Sentinelle\" \/>\n<meta property=\"article:publisher\" content=\"https:\/\/www.facebook.com\/La-Sentinelle-104059864394773\" \/>\n<meta property=\"article:published_time\" content=\"2021-09-19T23:01:00+00:00\" \/>\n<meta property=\"og:image\" content=\"https:\/\/lasentinelle.dz\/wp-content\/uploads\/2021\/09\/image_2021-09-19_155427.png\" \/>\n\t<meta property=\"og:image:width\" content=\"1349\" \/>\n\t<meta property=\"og:image:height\" content=\"759\" \/>\n\t<meta property=\"og:image:type\" content=\"image\/png\" \/>\n<meta name=\"author\" content=\"La Sentinelle\" \/>\n<meta name=\"twitter:card\" content=\"summary_large_image\" \/>\n<meta name=\"twitter:label1\" content=\"\u00c9crit par\" \/>\n\t<meta name=\"twitter:data1\" content=\"La Sentinelle\" \/>\n\t<meta name=\"twitter:label2\" content=\"Dur\u00e9e de lecture estim\u00e9e\" \/>\n\t<meta name=\"twitter:data2\" content=\"3 minutes\" \/>\n<script type=\"application\/ld+json\" class=\"yoast-schema-graph\">{\"@context\":\"https:\\\/\\\/schema.org\",\"@graph\":[{\"@type\":\"Article\",\"@id\":\"https:\\\/\\\/lasentinelle.dz\\\/index.php\\\/2021\\\/09\\\/20\\\/musique-un-disque-pour-vivre-la-maladie-dalzheimer-de-linterieur\\\/#article\",\"isPartOf\":{\"@id\":\"https:\\\/\\\/lasentinelle.dz\\\/index.php\\\/2021\\\/09\\\/20\\\/musique-un-disque-pour-vivre-la-maladie-dalzheimer-de-linterieur\\\/\"},\"author\":{\"name\":\"La Sentinelle\",\"@id\":\"https:\\\/\\\/lasentinelle.dz\\\/#\\\/schema\\\/person\\\/d865044e22e70a75174ce8bcad3acfb3\"},\"headline\":\"Musique : Un disque pour vivre la maladie d&rsquo;Alzheimer de l&rsquo;int\u00e9rieur\",\"datePublished\":\"2021-09-19T23:01:00+00:00\",\"mainEntityOfPage\":{\"@id\":\"https:\\\/\\\/lasentinelle.dz\\\/index.php\\\/2021\\\/09\\\/20\\\/musique-un-disque-pour-vivre-la-maladie-dalzheimer-de-linterieur\\\/\"},\"wordCount\":783,\"commentCount\":0,\"publisher\":{\"@id\":\"https:\\\/\\\/lasentinelle.dz\\\/#organization\"},\"image\":{\"@id\":\"https:\\\/\\\/lasentinelle.dz\\\/index.php\\\/2021\\\/09\\\/20\\\/musique-un-disque-pour-vivre-la-maladie-dalzheimer-de-linterieur\\\/#primaryimage\"},\"thumbnailUrl\":\"https:\\\/\\\/lasentinelle.dz\\\/wp-content\\\/uploads\\\/2021\\\/09\\\/image_2021-09-19_155427.png\",\"articleSection\":[\"Culture\"],\"inLanguage\":\"fr-FR\",\"potentialAction\":[{\"@type\":\"CommentAction\",\"name\":\"Comment\",\"target\":[\"https:\\\/\\\/lasentinelle.dz\\\/index.php\\\/2021\\\/09\\\/20\\\/musique-un-disque-pour-vivre-la-maladie-dalzheimer-de-linterieur\\\/#respond\"]}]},{\"@type\":\"WebPage\",\"@id\":\"https:\\\/\\\/lasentinelle.dz\\\/index.php\\\/2021\\\/09\\\/20\\\/musique-un-disque-pour-vivre-la-maladie-dalzheimer-de-linterieur\\\/\",\"url\":\"https:\\\/\\\/lasentinelle.dz\\\/index.php\\\/2021\\\/09\\\/20\\\/musique-un-disque-pour-vivre-la-maladie-dalzheimer-de-linterieur\\\/\",\"name\":\"Musique : Un disque pour vivre la maladie d'Alzheimer de l'int\u00e9rieur - La Sentinelle\",\"isPartOf\":{\"@id\":\"https:\\\/\\\/lasentinelle.dz\\\/#website\"},\"primaryImageOfPage\":{\"@id\":\"https:\\\/\\\/lasentinelle.dz\\\/index.php\\\/2021\\\/09\\\/20\\\/musique-un-disque-pour-vivre-la-maladie-dalzheimer-de-linterieur\\\/#primaryimage\"},\"image\":{\"@id\":\"https:\\\/\\\/lasentinelle.dz\\\/index.php\\\/2021\\\/09\\\/20\\\/musique-un-disque-pour-vivre-la-maladie-dalzheimer-de-linterieur\\\/#primaryimage\"},\"thumbnailUrl\":\"https:\\\/\\\/lasentinelle.dz\\\/wp-content\\\/uploads\\\/2021\\\/09\\\/image_2021-09-19_155427.png\",\"datePublished\":\"2021-09-19T23:01:00+00:00\",\"breadcrumb\":{\"@id\":\"https:\\\/\\\/lasentinelle.dz\\\/index.php\\\/2021\\\/09\\\/20\\\/musique-un-disque-pour-vivre-la-maladie-dalzheimer-de-linterieur\\\/#breadcrumb\"},\"inLanguage\":\"fr-FR\",\"potentialAction\":[{\"@type\":\"ReadAction\",\"target\":[\"https:\\\/\\\/lasentinelle.dz\\\/index.php\\\/2021\\\/09\\\/20\\\/musique-un-disque-pour-vivre-la-maladie-dalzheimer-de-linterieur\\\/\"]}]},{\"@type\":\"ImageObject\",\"inLanguage\":\"fr-FR\",\"@id\":\"https:\\\/\\\/lasentinelle.dz\\\/index.php\\\/2021\\\/09\\\/20\\\/musique-un-disque-pour-vivre-la-maladie-dalzheimer-de-linterieur\\\/#primaryimage\",\"url\":\"https:\\\/\\\/lasentinelle.dz\\\/wp-content\\\/uploads\\\/2021\\\/09\\\/image_2021-09-19_155427.png\",\"contentUrl\":\"https:\\\/\\\/lasentinelle.dz\\\/wp-content\\\/uploads\\\/2021\\\/09\\\/image_2021-09-19_155427.png\",\"width\":1349,\"height\":759},{\"@type\":\"BreadcrumbList\",\"@id\":\"https:\\\/\\\/lasentinelle.dz\\\/index.php\\\/2021\\\/09\\\/20\\\/musique-un-disque-pour-vivre-la-maladie-dalzheimer-de-linterieur\\\/#breadcrumb\",\"itemListElement\":[{\"@type\":\"ListItem\",\"position\":1,\"name\":\"Accueil\",\"item\":\"https:\\\/\\\/lasentinelle.dz\\\/\"},{\"@type\":\"ListItem\",\"position\":2,\"name\":\"Musique : Un disque pour vivre la maladie d&rsquo;Alzheimer de l&rsquo;int\u00e9rieur\"}]},{\"@type\":\"WebSite\",\"@id\":\"https:\\\/\\\/lasentinelle.dz\\\/#website\",\"url\":\"https:\\\/\\\/lasentinelle.dz\\\/\",\"name\":\"La Sentinelle\",\"description\":\"Quotidien national d&#039;information\",\"publisher\":{\"@id\":\"https:\\\/\\\/lasentinelle.dz\\\/#organization\"},\"potentialAction\":[{\"@type\":\"SearchAction\",\"target\":{\"@type\":\"EntryPoint\",\"urlTemplate\":\"https:\\\/\\\/lasentinelle.dz\\\/?s={search_term_string}\"},\"query-input\":{\"@type\":\"PropertyValueSpecification\",\"valueRequired\":true,\"valueName\":\"search_term_string\"}}],\"inLanguage\":\"fr-FR\"},{\"@type\":\"Organization\",\"@id\":\"https:\\\/\\\/lasentinelle.dz\\\/#organization\",\"name\":\"Quotidien La Sentinelle\",\"url\":\"https:\\\/\\\/lasentinelle.dz\\\/\",\"logo\":{\"@type\":\"ImageObject\",\"inLanguage\":\"fr-FR\",\"@id\":\"https:\\\/\\\/lasentinelle.dz\\\/#\\\/schema\\\/logo\\\/image\\\/\",\"url\":\"https:\\\/\\\/lasentinelle.dz\\\/wp-content\\\/uploads\\\/2021\\\/09\\\/logo-sentinelleSLOGAN-1.png\",\"contentUrl\":\"https:\\\/\\\/lasentinelle.dz\\\/wp-content\\\/uploads\\\/2021\\\/09\\\/logo-sentinelleSLOGAN-1.png\",\"width\":615,\"height\":142,\"caption\":\"Quotidien La Sentinelle\"},\"image\":{\"@id\":\"https:\\\/\\\/lasentinelle.dz\\\/#\\\/schema\\\/logo\\\/image\\\/\"},\"sameAs\":[\"https:\\\/\\\/www.facebook.com\\\/La-Sentinelle-104059864394773\"]},{\"@type\":\"Person\",\"@id\":\"https:\\\/\\\/lasentinelle.dz\\\/#\\\/schema\\\/person\\\/d865044e22e70a75174ce8bcad3acfb3\",\"name\":\"La Sentinelle\",\"image\":{\"@type\":\"ImageObject\",\"inLanguage\":\"fr-FR\",\"@id\":\"https:\\\/\\\/secure.gravatar.com\\\/avatar\\\/57de8e5d4b15d43fb361a71fbb36338450fe67865b528a43dd10ef7c51a20392?s=96&d=mm&r=g\",\"url\":\"https:\\\/\\\/secure.gravatar.com\\\/avatar\\\/57de8e5d4b15d43fb361a71fbb36338450fe67865b528a43dd10ef7c51a20392?s=96&d=mm&r=g\",\"contentUrl\":\"https:\\\/\\\/secure.gravatar.com\\\/avatar\\\/57de8e5d4b15d43fb361a71fbb36338450fe67865b528a43dd10ef7c51a20392?s=96&d=mm&r=g\",\"caption\":\"La Sentinelle\"},\"sameAs\":[\"http:\\\/\\\/www.lasentinelle.dz\"],\"url\":\"https:\\\/\\\/lasentinelle.dz\\\/author\\\/redaction\\\/\"}]}<\/script>\n<!-- \/ Yoast SEO plugin. -->","yoast_head_json":{"title":"Musique : Un disque pour vivre la maladie d'Alzheimer de l'int\u00e9rieur - La Sentinelle","robots":{"index":"index","follow":"follow","max-snippet":"max-snippet:-1","max-image-preview":"max-image-preview:large","max-video-preview":"max-video-preview:-1"},"canonical":"https:\/\/lasentinelle.dz\/index.php\/2021\/09\/20\/musique-un-disque-pour-vivre-la-maladie-dalzheimer-de-linterieur\/","og_locale":"fr_FR","og_type":"article","og_title":"Musique : Un disque pour vivre la maladie d'Alzheimer de l'int\u00e9rieur - La Sentinelle","og_description":"La perte de la m\u00e9moire, l&rsquo;angoisse de perdre tous ses rep\u00e8res&#8230; Peut-on comprendre par la musique ce que vit un","og_url":"https:\/\/lasentinelle.dz\/index.php\/2021\/09\/20\/musique-un-disque-pour-vivre-la-maladie-dalzheimer-de-linterieur\/","og_site_name":"La Sentinelle","article_publisher":"https:\/\/www.facebook.com\/La-Sentinelle-104059864394773","article_published_time":"2021-09-19T23:01:00+00:00","og_image":[{"width":1349,"height":759,"url":"https:\/\/lasentinelle.dz\/wp-content\/uploads\/2021\/09\/image_2021-09-19_155427.png","type":"image\/png"}],"author":"La Sentinelle","twitter_card":"summary_large_image","twitter_misc":{"\u00c9crit par":"La Sentinelle","Dur\u00e9e de lecture estim\u00e9e":"3 minutes"},"schema":{"@context":"https:\/\/schema.org","@graph":[{"@type":"Article","@id":"https:\/\/lasentinelle.dz\/index.php\/2021\/09\/20\/musique-un-disque-pour-vivre-la-maladie-dalzheimer-de-linterieur\/#article","isPartOf":{"@id":"https:\/\/lasentinelle.dz\/index.php\/2021\/09\/20\/musique-un-disque-pour-vivre-la-maladie-dalzheimer-de-linterieur\/"},"author":{"name":"La Sentinelle","@id":"https:\/\/lasentinelle.dz\/#\/schema\/person\/d865044e22e70a75174ce8bcad3acfb3"},"headline":"Musique : Un disque pour vivre la maladie d&rsquo;Alzheimer de l&rsquo;int\u00e9rieur","datePublished":"2021-09-19T23:01:00+00:00","mainEntityOfPage":{"@id":"https:\/\/lasentinelle.dz\/index.php\/2021\/09\/20\/musique-un-disque-pour-vivre-la-maladie-dalzheimer-de-linterieur\/"},"wordCount":783,"commentCount":0,"publisher":{"@id":"https:\/\/lasentinelle.dz\/#organization"},"image":{"@id":"https:\/\/lasentinelle.dz\/index.php\/2021\/09\/20\/musique-un-disque-pour-vivre-la-maladie-dalzheimer-de-linterieur\/#primaryimage"},"thumbnailUrl":"https:\/\/lasentinelle.dz\/wp-content\/uploads\/2021\/09\/image_2021-09-19_155427.png","articleSection":["Culture"],"inLanguage":"fr-FR","potentialAction":[{"@type":"CommentAction","name":"Comment","target":["https:\/\/lasentinelle.dz\/index.php\/2021\/09\/20\/musique-un-disque-pour-vivre-la-maladie-dalzheimer-de-linterieur\/#respond"]}]},{"@type":"WebPage","@id":"https:\/\/lasentinelle.dz\/index.php\/2021\/09\/20\/musique-un-disque-pour-vivre-la-maladie-dalzheimer-de-linterieur\/","url":"https:\/\/lasentinelle.dz\/index.php\/2021\/09\/20\/musique-un-disque-pour-vivre-la-maladie-dalzheimer-de-linterieur\/","name":"Musique : Un disque pour vivre la maladie d'Alzheimer de l'int\u00e9rieur - La Sentinelle","isPartOf":{"@id":"https:\/\/lasentinelle.dz\/#website"},"primaryImageOfPage":{"@id":"https:\/\/lasentinelle.dz\/index.php\/2021\/09\/20\/musique-un-disque-pour-vivre-la-maladie-dalzheimer-de-linterieur\/#primaryimage"},"image":{"@id":"https:\/\/lasentinelle.dz\/index.php\/2021\/09\/20\/musique-un-disque-pour-vivre-la-maladie-dalzheimer-de-linterieur\/#primaryimage"},"thumbnailUrl":"https:\/\/lasentinelle.dz\/wp-content\/uploads\/2021\/09\/image_2021-09-19_155427.png","datePublished":"2021-09-19T23:01:00+00:00","breadcrumb":{"@id":"https:\/\/lasentinelle.dz\/index.php\/2021\/09\/20\/musique-un-disque-pour-vivre-la-maladie-dalzheimer-de-linterieur\/#breadcrumb"},"inLanguage":"fr-FR","potentialAction":[{"@type":"ReadAction","target":["https:\/\/lasentinelle.dz\/index.php\/2021\/09\/20\/musique-un-disque-pour-vivre-la-maladie-dalzheimer-de-linterieur\/"]}]},{"@type":"ImageObject","inLanguage":"fr-FR","@id":"https:\/\/lasentinelle.dz\/index.php\/2021\/09\/20\/musique-un-disque-pour-vivre-la-maladie-dalzheimer-de-linterieur\/#primaryimage","url":"https:\/\/lasentinelle.dz\/wp-content\/uploads\/2021\/09\/image_2021-09-19_155427.png","contentUrl":"https:\/\/lasentinelle.dz\/wp-content\/uploads\/2021\/09\/image_2021-09-19_155427.png","width":1349,"height":759},{"@type":"BreadcrumbList","@id":"https:\/\/lasentinelle.dz\/index.php\/2021\/09\/20\/musique-un-disque-pour-vivre-la-maladie-dalzheimer-de-linterieur\/#breadcrumb","itemListElement":[{"@type":"ListItem","position":1,"name":"Accueil","item":"https:\/\/lasentinelle.dz\/"},{"@type":"ListItem","position":2,"name":"Musique : Un disque pour vivre la maladie d&rsquo;Alzheimer de l&rsquo;int\u00e9rieur"}]},{"@type":"WebSite","@id":"https:\/\/lasentinelle.dz\/#website","url":"https:\/\/lasentinelle.dz\/","name":"La Sentinelle","description":"Quotidien national d&#039;information","publisher":{"@id":"https:\/\/lasentinelle.dz\/#organization"},"potentialAction":[{"@type":"SearchAction","target":{"@type":"EntryPoint","urlTemplate":"https:\/\/lasentinelle.dz\/?s={search_term_string}"},"query-input":{"@type":"PropertyValueSpecification","valueRequired":true,"valueName":"search_term_string"}}],"inLanguage":"fr-FR"},{"@type":"Organization","@id":"https:\/\/lasentinelle.dz\/#organization","name":"Quotidien La Sentinelle","url":"https:\/\/lasentinelle.dz\/","logo":{"@type":"ImageObject","inLanguage":"fr-FR","@id":"https:\/\/lasentinelle.dz\/#\/schema\/logo\/image\/","url":"https:\/\/lasentinelle.dz\/wp-content\/uploads\/2021\/09\/logo-sentinelleSLOGAN-1.png","contentUrl":"https:\/\/lasentinelle.dz\/wp-content\/uploads\/2021\/09\/logo-sentinelleSLOGAN-1.png","width":615,"height":142,"caption":"Quotidien La Sentinelle"},"image":{"@id":"https:\/\/lasentinelle.dz\/#\/schema\/logo\/image\/"},"sameAs":["https:\/\/www.facebook.com\/La-Sentinelle-104059864394773"]},{"@type":"Person","@id":"https:\/\/lasentinelle.dz\/#\/schema\/person\/d865044e22e70a75174ce8bcad3acfb3","name":"La Sentinelle","image":{"@type":"ImageObject","inLanguage":"fr-FR","@id":"https:\/\/secure.gravatar.com\/avatar\/57de8e5d4b15d43fb361a71fbb36338450fe67865b528a43dd10ef7c51a20392?s=96&d=mm&r=g","url":"https:\/\/secure.gravatar.com\/avatar\/57de8e5d4b15d43fb361a71fbb36338450fe67865b528a43dd10ef7c51a20392?s=96&d=mm&r=g","contentUrl":"https:\/\/secure.gravatar.com\/avatar\/57de8e5d4b15d43fb361a71fbb36338450fe67865b528a43dd10ef7c51a20392?s=96&d=mm&r=g","caption":"La Sentinelle"},"sameAs":["http:\/\/www.lasentinelle.dz"],"url":"https:\/\/lasentinelle.dz\/author\/redaction\/"}]}},"_links":{"self":[{"href":"https:\/\/lasentinelle.dz\/index.php\/wp-json\/wp\/v2\/posts\/8415","targetHints":{"allow":["GET"]}}],"collection":[{"href":"https:\/\/lasentinelle.dz\/index.php\/wp-json\/wp\/v2\/posts"}],"about":[{"href":"https:\/\/lasentinelle.dz\/index.php\/wp-json\/wp\/v2\/types\/post"}],"author":[{"embeddable":true,"href":"https:\/\/lasentinelle.dz\/index.php\/wp-json\/wp\/v2\/users\/3"}],"replies":[{"embeddable":true,"href":"https:\/\/lasentinelle.dz\/index.php\/wp-json\/wp\/v2\/comments?post=8415"}],"version-history":[{"count":1,"href":"https:\/\/lasentinelle.dz\/index.php\/wp-json\/wp\/v2\/posts\/8415\/revisions"}],"predecessor-version":[{"id":8424,"href":"https:\/\/lasentinelle.dz\/index.php\/wp-json\/wp\/v2\/posts\/8415\/revisions\/8424"}],"wp:featuredmedia":[{"embeddable":true,"href":"https:\/\/lasentinelle.dz\/index.php\/wp-json\/wp\/v2\/media\/8423"}],"wp:attachment":[{"href":"https:\/\/lasentinelle.dz\/index.php\/wp-json\/wp\/v2\/media?parent=8415"}],"wp:term":[{"taxonomy":"category","embeddable":true,"href":"https:\/\/lasentinelle.dz\/index.php\/wp-json\/wp\/v2\/categories?post=8415"},{"taxonomy":"post_tag","embeddable":true,"href":"https:\/\/lasentinelle.dz\/index.php\/wp-json\/wp\/v2\/tags?post=8415"}],"curies":[{"name":"wp","href":"https:\/\/api.w.org\/{rel}","templated":true}]}}