{"id":8418,"date":"2021-09-20T00:01:00","date_gmt":"2021-09-19T23:01:00","guid":{"rendered":"https:\/\/lasentinelle.dz\/?p=8418"},"modified":"2021-09-19T15:53:32","modified_gmt":"2021-09-19T14:53:32","slug":"tizi-ouzou-une-statue-a-leffigie-du-colonel-ali-mellah-a-mkira","status":"publish","type":"post","link":"https:\/\/lasentinelle.dz\/index.php\/2021\/09\/20\/tizi-ouzou-une-statue-a-leffigie-du-colonel-ali-mellah-a-mkira\/","title":{"rendered":"Tizi-Ouzou : Une statue \u00e0 l\u2019effigie du Colonel Ali Mellah \u00e0 Mkira"},"content":{"rendered":"\n<p>Une statue \u00e0 l\u2019effigie du Colonel Ali Mellah, dit Si Cherif, chef de la wilaya VI historique, a \u00e9t\u00e9 inaugur\u00e9e, samedi \u00e0 Mkira, r\u00e9gion natale de ce responsable militaire durant la Guerre de lib\u00e9ration nationale, \u00e0 50 km au sud-ouest de Tizi-Ouzou, a-t-on appris des concern\u00e9s.<\/p>\n\n\n\n<p>Co\u00efncidant avec la c\u00e9l\u00e9bration du 63\u00e8me anniversaire de la cr\u00e9ation du Gouvernement provisoire de la R\u00e9publique alg\u00e9rienne (GPRA), proclam\u00e9 le 19 septembre 1958, l\u2019inauguration de cette statue se veut un hommage et un rappel du parcours de ce \u00ab\u00a0grand chef militaire et organisateur de maquis\u00a0\u00bb, a soulign\u00e9 le pr\u00e9sident de l\u2019Assembl\u00e9e populaire communale (APC) de Mkira, Rabah Medjahed.\u0152uvre des deux fr\u00e8res artistes Amazigh et LatameneTighilt, la statue en r\u00e9sine qui fait 3,20 m de hauteur, repr\u00e9sente le Colonel Ali Mellah avec une Mat-49 en bandouli\u00e8re et une paire de jumelles au cou. Elle a \u00e9t\u00e9 \u00e9rig\u00e9e au centre-ville de Mkira \u00e0 c\u00f4t\u00e9 d\u2019une plaque portant les noms des 471 martyrs de cette localit\u00e9.En ao\u00fbt 2020, une st\u00e8le constitu\u00e9e d\u2019un bas relief \u00e0 l\u2019effigie de Si Cherif, a \u00e9t\u00e9 inaugur\u00e9e au villageImlikchene dans la m\u00eame commune de Mkira. Elle a \u00e9t\u00e9 r\u00e9alis\u00e9e \u00e9galement par Amazigh Tighilt, un artiste qui a cr\u00e9\u00e9 une entreprise de sculpture dans le cadre du dispositif de l\u2019Agence nationale de gestion du micro cr\u00e9dit (ANGEM) et qui est le sculpteur de la statue de Didouche Mourad inaugur\u00e9e en janvier de la m\u00eame ann\u00e9e \u00e0 Aghribs.<\/p>\n\n\n\n<p>Le Colonel Ali Mellah, dit Si Cherif, n\u00e9 le 14 f\u00e9vrier 1924 \u00e0 Taka (M\u00b4kira,) \u00e9tait membre du PPA-MTLD. Il \u00e9tait le premier responsable de la wilaya VI historique. Il \u00e9tait successivement chef des r\u00e9gions des Ouadhias, Sidi Na\u00e2mane et Tigzirt. Le 1er Novembre 1954, il commanda lui-m\u00eame les op\u00e9rations d\u2019Azazga, r\u00e9gion dont il \u00e9tait le chef. Il tomba au champ d&rsquo;honneur en mars 1957.<\/p>\n\n\n\n<p>APS<\/p>\n","protected":false},"excerpt":{"rendered":"<p>Une statue \u00e0 l\u2019effigie du Colonel Ali Mellah, dit Si Cherif, chef de la wilaya VI historique, a \u00e9t\u00e9 inaugur\u00e9e,<\/p>\n","protected":false},"author":3,"featured_media":8421,"comment_status":"open","ping_status":"closed","sticky":false,"template":"","format":"standard","meta":{"colormag_page_container_layout":"default_layout","colormag_page_sidebar_layout":"default_layout","om_disable_all_campaigns":false,"_monsterinsights_skip_tracking":false,"_monsterinsights_sitenote_active":false,"_monsterinsights_sitenote_note":"","_monsterinsights_sitenote_category":0,"footnotes":"","_wpscppro_dont_share_socialmedia":false,"_wpscppro_custom_social_share_image":0,"_facebook_share_type":"","_twitter_share_type":"","_linkedin_share_type":"","_pinterest_share_type":"","_linkedin_share_type_page":"","_instagram_share_type":"","_medium_share_type":"","_threads_share_type":"","_google_business_share_type":"","_selected_social_profile":[],"_wpsp_enable_custom_social_template":false,"_wpsp_social_scheduling":{"enabled":false,"datetime":null,"platforms":[],"status":"template_only","dateOption":"today","timeOption":"now","customDays":"","customHours":"","customDate":"","customTime":"","schedulingType":"absolute"},"_wpsp_active_default_template":true},"categories":[31],"tags":[],"class_list":["post-8418","post","type-post","status-publish","format-standard","has-post-thumbnail","hentry","category-regions"],"aioseo_notices":[],"yoast_head":"<!-- This site is optimized with the Yoast SEO plugin v27.5 - https:\/\/yoast.com\/product\/yoast-seo-wordpress\/ -->\n<title>Tizi-Ouzou : Une statue \u00e0 l\u2019effigie du Colonel Ali Mellah \u00e0 Mkira - La Sentinelle<\/title>\n<meta name=\"robots\" content=\"index, follow, max-snippet:-1, max-image-preview:large, max-video-preview:-1\" \/>\n<link rel=\"canonical\" href=\"https:\/\/lasentinelle.dz\/index.php\/2021\/09\/20\/tizi-ouzou-une-statue-a-leffigie-du-colonel-ali-mellah-a-mkira\/\" \/>\n<meta property=\"og:locale\" content=\"fr_FR\" \/>\n<meta property=\"og:type\" content=\"article\" \/>\n<meta property=\"og:title\" content=\"Tizi-Ouzou : Une statue \u00e0 l\u2019effigie du Colonel Ali Mellah \u00e0 Mkira - La Sentinelle\" \/>\n<meta property=\"og:description\" content=\"Une statue \u00e0 l\u2019effigie du Colonel Ali Mellah, dit Si Cherif, chef de la wilaya VI historique, a \u00e9t\u00e9 inaugur\u00e9e,\" \/>\n<meta property=\"og:url\" content=\"https:\/\/lasentinelle.dz\/index.php\/2021\/09\/20\/tizi-ouzou-une-statue-a-leffigie-du-colonel-ali-mellah-a-mkira\/\" \/>\n<meta property=\"og:site_name\" content=\"La Sentinelle\" \/>\n<meta property=\"article:publisher\" content=\"https:\/\/www.facebook.com\/La-Sentinelle-104059864394773\" \/>\n<meta property=\"article:published_time\" content=\"2021-09-19T23:01:00+00:00\" \/>\n<meta property=\"og:image\" content=\"https:\/\/lasentinelle.dz\/wp-content\/uploads\/2021\/09\/statue-e1632063203618.jpeg\" \/>\n\t<meta property=\"og:image:width\" content=\"432\" \/>\n\t<meta property=\"og:image:height\" content=\"317\" \/>\n\t<meta property=\"og:image:type\" content=\"image\/jpeg\" \/>\n<meta name=\"author\" content=\"La Sentinelle\" \/>\n<meta name=\"twitter:card\" content=\"summary_large_image\" \/>\n<meta name=\"twitter:label1\" content=\"\u00c9crit par\" \/>\n\t<meta name=\"twitter:data1\" content=\"La Sentinelle\" \/>\n\t<meta name=\"twitter:label2\" content=\"Dur\u00e9e de lecture estim\u00e9e\" \/>\n\t<meta name=\"twitter:data2\" content=\"2 minutes\" \/>\n<script type=\"application\/ld+json\" class=\"yoast-schema-graph\">{\"@context\":\"https:\\\/\\\/schema.org\",\"@graph\":[{\"@type\":\"Article\",\"@id\":\"https:\\\/\\\/lasentinelle.dz\\\/index.php\\\/2021\\\/09\\\/20\\\/tizi-ouzou-une-statue-a-leffigie-du-colonel-ali-mellah-a-mkira\\\/#article\",\"isPartOf\":{\"@id\":\"https:\\\/\\\/lasentinelle.dz\\\/index.php\\\/2021\\\/09\\\/20\\\/tizi-ouzou-une-statue-a-leffigie-du-colonel-ali-mellah-a-mkira\\\/\"},\"author\":{\"name\":\"La Sentinelle\",\"@id\":\"https:\\\/\\\/lasentinelle.dz\\\/#\\\/schema\\\/person\\\/d865044e22e70a75174ce8bcad3acfb3\"},\"headline\":\"Tizi-Ouzou : Une statue \u00e0 l\u2019effigie du Colonel Ali Mellah \u00e0 Mkira\",\"datePublished\":\"2021-09-19T23:01:00+00:00\",\"mainEntityOfPage\":{\"@id\":\"https:\\\/\\\/lasentinelle.dz\\\/index.php\\\/2021\\\/09\\\/20\\\/tizi-ouzou-une-statue-a-leffigie-du-colonel-ali-mellah-a-mkira\\\/\"},\"wordCount\":340,\"commentCount\":0,\"publisher\":{\"@id\":\"https:\\\/\\\/lasentinelle.dz\\\/#organization\"},\"image\":{\"@id\":\"https:\\\/\\\/lasentinelle.dz\\\/index.php\\\/2021\\\/09\\\/20\\\/tizi-ouzou-une-statue-a-leffigie-du-colonel-ali-mellah-a-mkira\\\/#primaryimage\"},\"thumbnailUrl\":\"https:\\\/\\\/lasentinelle.dz\\\/wp-content\\\/uploads\\\/2021\\\/09\\\/statue-e1632063203618.jpeg\",\"articleSection\":[\"R\u00e9gions\"],\"inLanguage\":\"fr-FR\",\"potentialAction\":[{\"@type\":\"CommentAction\",\"name\":\"Comment\",\"target\":[\"https:\\\/\\\/lasentinelle.dz\\\/index.php\\\/2021\\\/09\\\/20\\\/tizi-ouzou-une-statue-a-leffigie-du-colonel-ali-mellah-a-mkira\\\/#respond\"]}]},{\"@type\":\"WebPage\",\"@id\":\"https:\\\/\\\/lasentinelle.dz\\\/index.php\\\/2021\\\/09\\\/20\\\/tizi-ouzou-une-statue-a-leffigie-du-colonel-ali-mellah-a-mkira\\\/\",\"url\":\"https:\\\/\\\/lasentinelle.dz\\\/index.php\\\/2021\\\/09\\\/20\\\/tizi-ouzou-une-statue-a-leffigie-du-colonel-ali-mellah-a-mkira\\\/\",\"name\":\"Tizi-Ouzou : Une statue \u00e0 l\u2019effigie du Colonel Ali Mellah \u00e0 Mkira - La Sentinelle\",\"isPartOf\":{\"@id\":\"https:\\\/\\\/lasentinelle.dz\\\/#website\"},\"primaryImageOfPage\":{\"@id\":\"https:\\\/\\\/lasentinelle.dz\\\/index.php\\\/2021\\\/09\\\/20\\\/tizi-ouzou-une-statue-a-leffigie-du-colonel-ali-mellah-a-mkira\\\/#primaryimage\"},\"image\":{\"@id\":\"https:\\\/\\\/lasentinelle.dz\\\/index.php\\\/2021\\\/09\\\/20\\\/tizi-ouzou-une-statue-a-leffigie-du-colonel-ali-mellah-a-mkira\\\/#primaryimage\"},\"thumbnailUrl\":\"https:\\\/\\\/lasentinelle.dz\\\/wp-content\\\/uploads\\\/2021\\\/09\\\/statue-e1632063203618.jpeg\",\"datePublished\":\"2021-09-19T23:01:00+00:00\",\"breadcrumb\":{\"@id\":\"https:\\\/\\\/lasentinelle.dz\\\/index.php\\\/2021\\\/09\\\/20\\\/tizi-ouzou-une-statue-a-leffigie-du-colonel-ali-mellah-a-mkira\\\/#breadcrumb\"},\"inLanguage\":\"fr-FR\",\"potentialAction\":[{\"@type\":\"ReadAction\",\"target\":[\"https:\\\/\\\/lasentinelle.dz\\\/index.php\\\/2021\\\/09\\\/20\\\/tizi-ouzou-une-statue-a-leffigie-du-colonel-ali-mellah-a-mkira\\\/\"]}]},{\"@type\":\"ImageObject\",\"inLanguage\":\"fr-FR\",\"@id\":\"https:\\\/\\\/lasentinelle.dz\\\/index.php\\\/2021\\\/09\\\/20\\\/tizi-ouzou-une-statue-a-leffigie-du-colonel-ali-mellah-a-mkira\\\/#primaryimage\",\"url\":\"https:\\\/\\\/lasentinelle.dz\\\/wp-content\\\/uploads\\\/2021\\\/09\\\/statue-e1632063203618.jpeg\",\"contentUrl\":\"https:\\\/\\\/lasentinelle.dz\\\/wp-content\\\/uploads\\\/2021\\\/09\\\/statue-e1632063203618.jpeg\",\"width\":432,\"height\":317},{\"@type\":\"BreadcrumbList\",\"@id\":\"https:\\\/\\\/lasentinelle.dz\\\/index.php\\\/2021\\\/09\\\/20\\\/tizi-ouzou-une-statue-a-leffigie-du-colonel-ali-mellah-a-mkira\\\/#breadcrumb\",\"itemListElement\":[{\"@type\":\"ListItem\",\"position\":1,\"name\":\"Accueil\",\"item\":\"https:\\\/\\\/lasentinelle.dz\\\/\"},{\"@type\":\"ListItem\",\"position\":2,\"name\":\"Tizi-Ouzou : Une statue \u00e0 l\u2019effigie du Colonel Ali Mellah \u00e0 Mkira\"}]},{\"@type\":\"WebSite\",\"@id\":\"https:\\\/\\\/lasentinelle.dz\\\/#website\",\"url\":\"https:\\\/\\\/lasentinelle.dz\\\/\",\"name\":\"La Sentinelle\",\"description\":\"Quotidien national d&#039;information\",\"publisher\":{\"@id\":\"https:\\\/\\\/lasentinelle.dz\\\/#organization\"},\"potentialAction\":[{\"@type\":\"SearchAction\",\"target\":{\"@type\":\"EntryPoint\",\"urlTemplate\":\"https:\\\/\\\/lasentinelle.dz\\\/?s={search_term_string}\"},\"query-input\":{\"@type\":\"PropertyValueSpecification\",\"valueRequired\":true,\"valueName\":\"search_term_string\"}}],\"inLanguage\":\"fr-FR\"},{\"@type\":\"Organization\",\"@id\":\"https:\\\/\\\/lasentinelle.dz\\\/#organization\",\"name\":\"Quotidien La Sentinelle\",\"url\":\"https:\\\/\\\/lasentinelle.dz\\\/\",\"logo\":{\"@type\":\"ImageObject\",\"inLanguage\":\"fr-FR\",\"@id\":\"https:\\\/\\\/lasentinelle.dz\\\/#\\\/schema\\\/logo\\\/image\\\/\",\"url\":\"https:\\\/\\\/lasentinelle.dz\\\/wp-content\\\/uploads\\\/2021\\\/09\\\/logo-sentinelleSLOGAN-1.png\",\"contentUrl\":\"https:\\\/\\\/lasentinelle.dz\\\/wp-content\\\/uploads\\\/2021\\\/09\\\/logo-sentinelleSLOGAN-1.png\",\"width\":615,\"height\":142,\"caption\":\"Quotidien La Sentinelle\"},\"image\":{\"@id\":\"https:\\\/\\\/lasentinelle.dz\\\/#\\\/schema\\\/logo\\\/image\\\/\"},\"sameAs\":[\"https:\\\/\\\/www.facebook.com\\\/La-Sentinelle-104059864394773\"]},{\"@type\":\"Person\",\"@id\":\"https:\\\/\\\/lasentinelle.dz\\\/#\\\/schema\\\/person\\\/d865044e22e70a75174ce8bcad3acfb3\",\"name\":\"La Sentinelle\",\"image\":{\"@type\":\"ImageObject\",\"inLanguage\":\"fr-FR\",\"@id\":\"https:\\\/\\\/secure.gravatar.com\\\/avatar\\\/57de8e5d4b15d43fb361a71fbb36338450fe67865b528a43dd10ef7c51a20392?s=96&d=mm&r=g\",\"url\":\"https:\\\/\\\/secure.gravatar.com\\\/avatar\\\/57de8e5d4b15d43fb361a71fbb36338450fe67865b528a43dd10ef7c51a20392?s=96&d=mm&r=g\",\"contentUrl\":\"https:\\\/\\\/secure.gravatar.com\\\/avatar\\\/57de8e5d4b15d43fb361a71fbb36338450fe67865b528a43dd10ef7c51a20392?s=96&d=mm&r=g\",\"caption\":\"La Sentinelle\"},\"sameAs\":[\"http:\\\/\\\/www.lasentinelle.dz\"],\"url\":\"https:\\\/\\\/lasentinelle.dz\\\/author\\\/redaction\\\/\"}]}<\/script>\n<!-- \/ Yoast SEO plugin. -->","yoast_head_json":{"title":"Tizi-Ouzou : Une statue \u00e0 l\u2019effigie du Colonel Ali Mellah \u00e0 Mkira - La Sentinelle","robots":{"index":"index","follow":"follow","max-snippet":"max-snippet:-1","max-image-preview":"max-image-preview:large","max-video-preview":"max-video-preview:-1"},"canonical":"https:\/\/lasentinelle.dz\/index.php\/2021\/09\/20\/tizi-ouzou-une-statue-a-leffigie-du-colonel-ali-mellah-a-mkira\/","og_locale":"fr_FR","og_type":"article","og_title":"Tizi-Ouzou : Une statue \u00e0 l\u2019effigie du Colonel Ali Mellah \u00e0 Mkira - La Sentinelle","og_description":"Une statue \u00e0 l\u2019effigie du Colonel Ali Mellah, dit Si Cherif, chef de la wilaya VI historique, a \u00e9t\u00e9 inaugur\u00e9e,","og_url":"https:\/\/lasentinelle.dz\/index.php\/2021\/09\/20\/tizi-ouzou-une-statue-a-leffigie-du-colonel-ali-mellah-a-mkira\/","og_site_name":"La Sentinelle","article_publisher":"https:\/\/www.facebook.com\/La-Sentinelle-104059864394773","article_published_time":"2021-09-19T23:01:00+00:00","og_image":[{"width":432,"height":317,"url":"https:\/\/lasentinelle.dz\/wp-content\/uploads\/2021\/09\/statue-e1632063203618.jpeg","type":"image\/jpeg"}],"author":"La Sentinelle","twitter_card":"summary_large_image","twitter_misc":{"\u00c9crit par":"La Sentinelle","Dur\u00e9e de lecture estim\u00e9e":"2 minutes"},"schema":{"@context":"https:\/\/schema.org","@graph":[{"@type":"Article","@id":"https:\/\/lasentinelle.dz\/index.php\/2021\/09\/20\/tizi-ouzou-une-statue-a-leffigie-du-colonel-ali-mellah-a-mkira\/#article","isPartOf":{"@id":"https:\/\/lasentinelle.dz\/index.php\/2021\/09\/20\/tizi-ouzou-une-statue-a-leffigie-du-colonel-ali-mellah-a-mkira\/"},"author":{"name":"La Sentinelle","@id":"https:\/\/lasentinelle.dz\/#\/schema\/person\/d865044e22e70a75174ce8bcad3acfb3"},"headline":"Tizi-Ouzou : Une statue \u00e0 l\u2019effigie du Colonel Ali Mellah \u00e0 Mkira","datePublished":"2021-09-19T23:01:00+00:00","mainEntityOfPage":{"@id":"https:\/\/lasentinelle.dz\/index.php\/2021\/09\/20\/tizi-ouzou-une-statue-a-leffigie-du-colonel-ali-mellah-a-mkira\/"},"wordCount":340,"commentCount":0,"publisher":{"@id":"https:\/\/lasentinelle.dz\/#organization"},"image":{"@id":"https:\/\/lasentinelle.dz\/index.php\/2021\/09\/20\/tizi-ouzou-une-statue-a-leffigie-du-colonel-ali-mellah-a-mkira\/#primaryimage"},"thumbnailUrl":"https:\/\/lasentinelle.dz\/wp-content\/uploads\/2021\/09\/statue-e1632063203618.jpeg","articleSection":["R\u00e9gions"],"inLanguage":"fr-FR","potentialAction":[{"@type":"CommentAction","name":"Comment","target":["https:\/\/lasentinelle.dz\/index.php\/2021\/09\/20\/tizi-ouzou-une-statue-a-leffigie-du-colonel-ali-mellah-a-mkira\/#respond"]}]},{"@type":"WebPage","@id":"https:\/\/lasentinelle.dz\/index.php\/2021\/09\/20\/tizi-ouzou-une-statue-a-leffigie-du-colonel-ali-mellah-a-mkira\/","url":"https:\/\/lasentinelle.dz\/index.php\/2021\/09\/20\/tizi-ouzou-une-statue-a-leffigie-du-colonel-ali-mellah-a-mkira\/","name":"Tizi-Ouzou : Une statue \u00e0 l\u2019effigie du Colonel Ali Mellah \u00e0 Mkira - La Sentinelle","isPartOf":{"@id":"https:\/\/lasentinelle.dz\/#website"},"primaryImageOfPage":{"@id":"https:\/\/lasentinelle.dz\/index.php\/2021\/09\/20\/tizi-ouzou-une-statue-a-leffigie-du-colonel-ali-mellah-a-mkira\/#primaryimage"},"image":{"@id":"https:\/\/lasentinelle.dz\/index.php\/2021\/09\/20\/tizi-ouzou-une-statue-a-leffigie-du-colonel-ali-mellah-a-mkira\/#primaryimage"},"thumbnailUrl":"https:\/\/lasentinelle.dz\/wp-content\/uploads\/2021\/09\/statue-e1632063203618.jpeg","datePublished":"2021-09-19T23:01:00+00:00","breadcrumb":{"@id":"https:\/\/lasentinelle.dz\/index.php\/2021\/09\/20\/tizi-ouzou-une-statue-a-leffigie-du-colonel-ali-mellah-a-mkira\/#breadcrumb"},"inLanguage":"fr-FR","potentialAction":[{"@type":"ReadAction","target":["https:\/\/lasentinelle.dz\/index.php\/2021\/09\/20\/tizi-ouzou-une-statue-a-leffigie-du-colonel-ali-mellah-a-mkira\/"]}]},{"@type":"ImageObject","inLanguage":"fr-FR","@id":"https:\/\/lasentinelle.dz\/index.php\/2021\/09\/20\/tizi-ouzou-une-statue-a-leffigie-du-colonel-ali-mellah-a-mkira\/#primaryimage","url":"https:\/\/lasentinelle.dz\/wp-content\/uploads\/2021\/09\/statue-e1632063203618.jpeg","contentUrl":"https:\/\/lasentinelle.dz\/wp-content\/uploads\/2021\/09\/statue-e1632063203618.jpeg","width":432,"height":317},{"@type":"BreadcrumbList","@id":"https:\/\/lasentinelle.dz\/index.php\/2021\/09\/20\/tizi-ouzou-une-statue-a-leffigie-du-colonel-ali-mellah-a-mkira\/#breadcrumb","itemListElement":[{"@type":"ListItem","position":1,"name":"Accueil","item":"https:\/\/lasentinelle.dz\/"},{"@type":"ListItem","position":2,"name":"Tizi-Ouzou : Une statue \u00e0 l\u2019effigie du Colonel Ali Mellah \u00e0 Mkira"}]},{"@type":"WebSite","@id":"https:\/\/lasentinelle.dz\/#website","url":"https:\/\/lasentinelle.dz\/","name":"La Sentinelle","description":"Quotidien national d&#039;information","publisher":{"@id":"https:\/\/lasentinelle.dz\/#organization"},"potentialAction":[{"@type":"SearchAction","target":{"@type":"EntryPoint","urlTemplate":"https:\/\/lasentinelle.dz\/?s={search_term_string}"},"query-input":{"@type":"PropertyValueSpecification","valueRequired":true,"valueName":"search_term_string"}}],"inLanguage":"fr-FR"},{"@type":"Organization","@id":"https:\/\/lasentinelle.dz\/#organization","name":"Quotidien La Sentinelle","url":"https:\/\/lasentinelle.dz\/","logo":{"@type":"ImageObject","inLanguage":"fr-FR","@id":"https:\/\/lasentinelle.dz\/#\/schema\/logo\/image\/","url":"https:\/\/lasentinelle.dz\/wp-content\/uploads\/2021\/09\/logo-sentinelleSLOGAN-1.png","contentUrl":"https:\/\/lasentinelle.dz\/wp-content\/uploads\/2021\/09\/logo-sentinelleSLOGAN-1.png","width":615,"height":142,"caption":"Quotidien La Sentinelle"},"image":{"@id":"https:\/\/lasentinelle.dz\/#\/schema\/logo\/image\/"},"sameAs":["https:\/\/www.facebook.com\/La-Sentinelle-104059864394773"]},{"@type":"Person","@id":"https:\/\/lasentinelle.dz\/#\/schema\/person\/d865044e22e70a75174ce8bcad3acfb3","name":"La Sentinelle","image":{"@type":"ImageObject","inLanguage":"fr-FR","@id":"https:\/\/secure.gravatar.com\/avatar\/57de8e5d4b15d43fb361a71fbb36338450fe67865b528a43dd10ef7c51a20392?s=96&d=mm&r=g","url":"https:\/\/secure.gravatar.com\/avatar\/57de8e5d4b15d43fb361a71fbb36338450fe67865b528a43dd10ef7c51a20392?s=96&d=mm&r=g","contentUrl":"https:\/\/secure.gravatar.com\/avatar\/57de8e5d4b15d43fb361a71fbb36338450fe67865b528a43dd10ef7c51a20392?s=96&d=mm&r=g","caption":"La Sentinelle"},"sameAs":["http:\/\/www.lasentinelle.dz"],"url":"https:\/\/lasentinelle.dz\/author\/redaction\/"}]}},"_links":{"self":[{"href":"https:\/\/lasentinelle.dz\/index.php\/wp-json\/wp\/v2\/posts\/8418","targetHints":{"allow":["GET"]}}],"collection":[{"href":"https:\/\/lasentinelle.dz\/index.php\/wp-json\/wp\/v2\/posts"}],"about":[{"href":"https:\/\/lasentinelle.dz\/index.php\/wp-json\/wp\/v2\/types\/post"}],"author":[{"embeddable":true,"href":"https:\/\/lasentinelle.dz\/index.php\/wp-json\/wp\/v2\/users\/3"}],"replies":[{"embeddable":true,"href":"https:\/\/lasentinelle.dz\/index.php\/wp-json\/wp\/v2\/comments?post=8418"}],"version-history":[{"count":1,"href":"https:\/\/lasentinelle.dz\/index.php\/wp-json\/wp\/v2\/posts\/8418\/revisions"}],"predecessor-version":[{"id":8422,"href":"https:\/\/lasentinelle.dz\/index.php\/wp-json\/wp\/v2\/posts\/8418\/revisions\/8422"}],"wp:featuredmedia":[{"embeddable":true,"href":"https:\/\/lasentinelle.dz\/index.php\/wp-json\/wp\/v2\/media\/8421"}],"wp:attachment":[{"href":"https:\/\/lasentinelle.dz\/index.php\/wp-json\/wp\/v2\/media?parent=8418"}],"wp:term":[{"taxonomy":"category","embeddable":true,"href":"https:\/\/lasentinelle.dz\/index.php\/wp-json\/wp\/v2\/categories?post=8418"},{"taxonomy":"post_tag","embeddable":true,"href":"https:\/\/lasentinelle.dz\/index.php\/wp-json\/wp\/v2\/tags?post=8418"}],"curies":[{"name":"wp","href":"https:\/\/api.w.org\/{rel}","templated":true}]}}