{"id":8427,"date":"2021-09-20T00:01:00","date_gmt":"2021-09-19T23:01:00","guid":{"rendered":"https:\/\/lasentinelle.dz\/?p=8427"},"modified":"2021-09-19T15:56:01","modified_gmt":"2021-09-19T14:56:01","slug":"cinema-le-film-belfast-nourrit-lespoir-dun-oscar","status":"publish","type":"post","link":"https:\/\/lasentinelle.dz\/index.php\/2021\/09\/20\/cinema-le-film-belfast-nourrit-lespoir-dun-oscar\/","title":{"rendered":"Cin\u00e9ma : Le film \u00ab\u00a0Belfast\u00a0\u00bb nourrit l&rsquo;espoir d&rsquo;un Oscar"},"content":{"rendered":"\n<p>Le film \u00ab\u00a0Belfast\u00a0\u00bb, com\u00e9die romantique en noir et blanc de Kenneth Branagh&nbsp; qui rend hommage \u00e0 sa ville natale, est devenu candidat favori pour les Oscars, en remportant samedi le prix le plus convoit\u00e9 du Festival du film de Toronto.Le Prix du public, pr\u00e9sent\u00e9 \u00e0 ce grand rendez-vous du cin\u00e9ma en Am\u00e9rique du Nord, est devenu au fil des ans un bon indicateur des finalistes aux Oscars, pr\u00e9disant les futurs laur\u00e9ats de la cat\u00e9gorie des meilleurs films comme c&rsquo;\u00e9tait le cas l&rsquo;an dernier avec \u00ab\u00a0Nomadland\u00a0\u00bb. \u00ab\u00a0Notre premi\u00e8re projection du film &lsquo;Belfast&rsquo; au Festival du film de Toronto a \u00e9t\u00e9 l&rsquo;une des exp\u00e9riences les plus m\u00e9morables de toute ma carri\u00e8re\u00a0\u00bb, a affirm\u00e9 Kenneth Branagh dans une vid\u00e9o pr\u00e9sent\u00e9e durant la c\u00e9r\u00e9monie du Festival du film de Toronto.\u00a0\u00bbJe suis ravi, je suis touch\u00e9 et je suis profond\u00e9ment reconnaissant\u00a0\u00bb, a ajout\u00e9 l&rsquo;acteur-r\u00e9alisateur britannique de 60 ans, \u00e0 la carri\u00e8re \u00e9clectique qui va des adaptations de Shakespeare \u00e0 \u00ab\u00a0Thor\u00a0\u00bb.Son dernier film \u00ab\u00a0Belfast\u00a0\u00bb, qui sortira en salle en Am\u00e9rique du Nord en novembre, est inspir\u00e9 de son histoire personnelle.Il raconte l&rsquo;\u00e9closion des violences en Irlande du Nord \u00e0 la fin des ann\u00e9es 1960 \u00e0 travers le regard de Buddy, un gar\u00e7on de neuf ans.C&rsquo;est \u00e0 cet \u00e2ge-l\u00e0 que Kenneth Branagh et sa famille ont d\u00e9m\u00e9nag\u00e9 en Angleterre pour \u00e9chapper aux \u00ab\u00a0Troubles\u00a0\u00bb qui ont ensuite d\u00e9chir\u00e9 l&rsquo;Irlande du Nord et Belfast.Le long-m\u00e9trage, \u00e0 la fois dr\u00f4le et \u00e9mouvant, est port\u00e9 par un casting de stars: Jamie Dornan, Judi Dench, Caitriona Balfe mais aussi Ciaran Hinds.Kenneth Branagh n&rsquo;a jamais remport\u00e9 d&rsquo;Oscar, malgr\u00e9 cinq nominations. La prochaine c\u00e9r\u00e9monie des Oscars aura lieu le 27 mars prochain.Les neuf dernier laur\u00e9ats du Prix du public au Festival du film de Toronto ont tous \u00e9t\u00e9 nomin\u00e9s pour le meilleur film aux Oscars, dont trois d&rsquo;entre eux ayant remport\u00e9 le prestigieux troph\u00e9e, notamment le vainqueur surprise en 2019, \u00ab\u00a0Green Book\u00a0\u00bb.<\/p>\n\n\n\n<p>AFP<\/p>\n","protected":false},"excerpt":{"rendered":"<p>Le film \u00ab\u00a0Belfast\u00a0\u00bb, com\u00e9die romantique en noir et blanc de Kenneth Branagh&nbsp; qui rend hommage \u00e0 sa ville natale, est<\/p>\n","protected":false},"author":3,"featured_media":8430,"comment_status":"open","ping_status":"closed","sticky":false,"template":"","format":"standard","meta":{"colormag_page_container_layout":"default_layout","colormag_page_sidebar_layout":"default_layout","om_disable_all_campaigns":false,"_monsterinsights_skip_tracking":false,"_monsterinsights_sitenote_active":false,"_monsterinsights_sitenote_note":"","_monsterinsights_sitenote_category":0,"footnotes":"","_wpscppro_dont_share_socialmedia":false,"_wpscppro_custom_social_share_image":0,"_facebook_share_type":"","_twitter_share_type":"","_linkedin_share_type":"","_pinterest_share_type":"","_linkedin_share_type_page":"","_instagram_share_type":"","_medium_share_type":"","_threads_share_type":"","_google_business_share_type":"","_selected_social_profile":[],"_wpsp_enable_custom_social_template":false,"_wpsp_social_scheduling":{"enabled":false,"datetime":null,"platforms":[],"status":"template_only","dateOption":"today","timeOption":"now","customDays":"","customHours":"","customDate":"","customTime":"","schedulingType":"absolute"},"_wpsp_active_default_template":true},"categories":[36],"tags":[],"class_list":["post-8427","post","type-post","status-publish","format-standard","has-post-thumbnail","hentry","category-culture"],"aioseo_notices":[],"yoast_head":"<!-- This site is optimized with the Yoast SEO plugin v27.5 - https:\/\/yoast.com\/product\/yoast-seo-wordpress\/ -->\n<title>Cin\u00e9ma : Le film &quot;Belfast&quot; nourrit l&#039;espoir d&#039;un Oscar - La Sentinelle<\/title>\n<meta name=\"robots\" content=\"index, follow, max-snippet:-1, max-image-preview:large, max-video-preview:-1\" \/>\n<link rel=\"canonical\" href=\"https:\/\/lasentinelle.dz\/index.php\/2021\/09\/20\/cinema-le-film-belfast-nourrit-lespoir-dun-oscar\/\" \/>\n<meta property=\"og:locale\" content=\"fr_FR\" \/>\n<meta property=\"og:type\" content=\"article\" \/>\n<meta property=\"og:title\" content=\"Cin\u00e9ma : Le film &quot;Belfast&quot; nourrit l&#039;espoir d&#039;un Oscar - La Sentinelle\" \/>\n<meta property=\"og:description\" content=\"Le film \u00ab\u00a0Belfast\u00a0\u00bb, com\u00e9die romantique en noir et blanc de Kenneth Branagh&nbsp; qui rend hommage \u00e0 sa ville natale, est\" \/>\n<meta property=\"og:url\" content=\"https:\/\/lasentinelle.dz\/index.php\/2021\/09\/20\/cinema-le-film-belfast-nourrit-lespoir-dun-oscar\/\" \/>\n<meta property=\"og:site_name\" content=\"La Sentinelle\" \/>\n<meta property=\"article:publisher\" content=\"https:\/\/www.facebook.com\/La-Sentinelle-104059864394773\" \/>\n<meta property=\"article:published_time\" content=\"2021-09-19T23:01:00+00:00\" \/>\n<meta property=\"og:image\" content=\"https:\/\/lasentinelle.dz\/wp-content\/uploads\/2021\/09\/image_2021-09-19_155555.png\" \/>\n\t<meta property=\"og:image:width\" content=\"840\" \/>\n\t<meta property=\"og:image:height\" content=\"450\" \/>\n\t<meta property=\"og:image:type\" content=\"image\/png\" \/>\n<meta name=\"author\" content=\"La Sentinelle\" \/>\n<meta name=\"twitter:card\" content=\"summary_large_image\" \/>\n<meta name=\"twitter:label1\" content=\"\u00c9crit par\" \/>\n\t<meta name=\"twitter:data1\" content=\"La Sentinelle\" \/>\n\t<meta name=\"twitter:label2\" content=\"Dur\u00e9e de lecture estim\u00e9e\" \/>\n\t<meta name=\"twitter:data2\" content=\"2 minutes\" \/>\n<script type=\"application\/ld+json\" class=\"yoast-schema-graph\">{\"@context\":\"https:\\\/\\\/schema.org\",\"@graph\":[{\"@type\":\"Article\",\"@id\":\"https:\\\/\\\/lasentinelle.dz\\\/index.php\\\/2021\\\/09\\\/20\\\/cinema-le-film-belfast-nourrit-lespoir-dun-oscar\\\/#article\",\"isPartOf\":{\"@id\":\"https:\\\/\\\/lasentinelle.dz\\\/index.php\\\/2021\\\/09\\\/20\\\/cinema-le-film-belfast-nourrit-lespoir-dun-oscar\\\/\"},\"author\":{\"name\":\"La Sentinelle\",\"@id\":\"https:\\\/\\\/lasentinelle.dz\\\/#\\\/schema\\\/person\\\/d865044e22e70a75174ce8bcad3acfb3\"},\"headline\":\"Cin\u00e9ma : Le film \u00ab\u00a0Belfast\u00a0\u00bb nourrit l&rsquo;espoir d&rsquo;un Oscar\",\"datePublished\":\"2021-09-19T23:01:00+00:00\",\"mainEntityOfPage\":{\"@id\":\"https:\\\/\\\/lasentinelle.dz\\\/index.php\\\/2021\\\/09\\\/20\\\/cinema-le-film-belfast-nourrit-lespoir-dun-oscar\\\/\"},\"wordCount\":359,\"commentCount\":0,\"publisher\":{\"@id\":\"https:\\\/\\\/lasentinelle.dz\\\/#organization\"},\"image\":{\"@id\":\"https:\\\/\\\/lasentinelle.dz\\\/index.php\\\/2021\\\/09\\\/20\\\/cinema-le-film-belfast-nourrit-lespoir-dun-oscar\\\/#primaryimage\"},\"thumbnailUrl\":\"https:\\\/\\\/lasentinelle.dz\\\/wp-content\\\/uploads\\\/2021\\\/09\\\/image_2021-09-19_155555.png\",\"articleSection\":[\"Culture\"],\"inLanguage\":\"fr-FR\",\"potentialAction\":[{\"@type\":\"CommentAction\",\"name\":\"Comment\",\"target\":[\"https:\\\/\\\/lasentinelle.dz\\\/index.php\\\/2021\\\/09\\\/20\\\/cinema-le-film-belfast-nourrit-lespoir-dun-oscar\\\/#respond\"]}]},{\"@type\":\"WebPage\",\"@id\":\"https:\\\/\\\/lasentinelle.dz\\\/index.php\\\/2021\\\/09\\\/20\\\/cinema-le-film-belfast-nourrit-lespoir-dun-oscar\\\/\",\"url\":\"https:\\\/\\\/lasentinelle.dz\\\/index.php\\\/2021\\\/09\\\/20\\\/cinema-le-film-belfast-nourrit-lespoir-dun-oscar\\\/\",\"name\":\"Cin\u00e9ma : Le film \\\"Belfast\\\" nourrit l'espoir d'un Oscar - La Sentinelle\",\"isPartOf\":{\"@id\":\"https:\\\/\\\/lasentinelle.dz\\\/#website\"},\"primaryImageOfPage\":{\"@id\":\"https:\\\/\\\/lasentinelle.dz\\\/index.php\\\/2021\\\/09\\\/20\\\/cinema-le-film-belfast-nourrit-lespoir-dun-oscar\\\/#primaryimage\"},\"image\":{\"@id\":\"https:\\\/\\\/lasentinelle.dz\\\/index.php\\\/2021\\\/09\\\/20\\\/cinema-le-film-belfast-nourrit-lespoir-dun-oscar\\\/#primaryimage\"},\"thumbnailUrl\":\"https:\\\/\\\/lasentinelle.dz\\\/wp-content\\\/uploads\\\/2021\\\/09\\\/image_2021-09-19_155555.png\",\"datePublished\":\"2021-09-19T23:01:00+00:00\",\"breadcrumb\":{\"@id\":\"https:\\\/\\\/lasentinelle.dz\\\/index.php\\\/2021\\\/09\\\/20\\\/cinema-le-film-belfast-nourrit-lespoir-dun-oscar\\\/#breadcrumb\"},\"inLanguage\":\"fr-FR\",\"potentialAction\":[{\"@type\":\"ReadAction\",\"target\":[\"https:\\\/\\\/lasentinelle.dz\\\/index.php\\\/2021\\\/09\\\/20\\\/cinema-le-film-belfast-nourrit-lespoir-dun-oscar\\\/\"]}]},{\"@type\":\"ImageObject\",\"inLanguage\":\"fr-FR\",\"@id\":\"https:\\\/\\\/lasentinelle.dz\\\/index.php\\\/2021\\\/09\\\/20\\\/cinema-le-film-belfast-nourrit-lespoir-dun-oscar\\\/#primaryimage\",\"url\":\"https:\\\/\\\/lasentinelle.dz\\\/wp-content\\\/uploads\\\/2021\\\/09\\\/image_2021-09-19_155555.png\",\"contentUrl\":\"https:\\\/\\\/lasentinelle.dz\\\/wp-content\\\/uploads\\\/2021\\\/09\\\/image_2021-09-19_155555.png\",\"width\":840,\"height\":450},{\"@type\":\"BreadcrumbList\",\"@id\":\"https:\\\/\\\/lasentinelle.dz\\\/index.php\\\/2021\\\/09\\\/20\\\/cinema-le-film-belfast-nourrit-lespoir-dun-oscar\\\/#breadcrumb\",\"itemListElement\":[{\"@type\":\"ListItem\",\"position\":1,\"name\":\"Accueil\",\"item\":\"https:\\\/\\\/lasentinelle.dz\\\/\"},{\"@type\":\"ListItem\",\"position\":2,\"name\":\"Cin\u00e9ma : Le film \u00ab\u00a0Belfast\u00a0\u00bb nourrit l&rsquo;espoir d&rsquo;un Oscar\"}]},{\"@type\":\"WebSite\",\"@id\":\"https:\\\/\\\/lasentinelle.dz\\\/#website\",\"url\":\"https:\\\/\\\/lasentinelle.dz\\\/\",\"name\":\"La Sentinelle\",\"description\":\"Quotidien national d&#039;information\",\"publisher\":{\"@id\":\"https:\\\/\\\/lasentinelle.dz\\\/#organization\"},\"potentialAction\":[{\"@type\":\"SearchAction\",\"target\":{\"@type\":\"EntryPoint\",\"urlTemplate\":\"https:\\\/\\\/lasentinelle.dz\\\/?s={search_term_string}\"},\"query-input\":{\"@type\":\"PropertyValueSpecification\",\"valueRequired\":true,\"valueName\":\"search_term_string\"}}],\"inLanguage\":\"fr-FR\"},{\"@type\":\"Organization\",\"@id\":\"https:\\\/\\\/lasentinelle.dz\\\/#organization\",\"name\":\"Quotidien La Sentinelle\",\"url\":\"https:\\\/\\\/lasentinelle.dz\\\/\",\"logo\":{\"@type\":\"ImageObject\",\"inLanguage\":\"fr-FR\",\"@id\":\"https:\\\/\\\/lasentinelle.dz\\\/#\\\/schema\\\/logo\\\/image\\\/\",\"url\":\"https:\\\/\\\/lasentinelle.dz\\\/wp-content\\\/uploads\\\/2021\\\/09\\\/logo-sentinelleSLOGAN-1.png\",\"contentUrl\":\"https:\\\/\\\/lasentinelle.dz\\\/wp-content\\\/uploads\\\/2021\\\/09\\\/logo-sentinelleSLOGAN-1.png\",\"width\":615,\"height\":142,\"caption\":\"Quotidien La Sentinelle\"},\"image\":{\"@id\":\"https:\\\/\\\/lasentinelle.dz\\\/#\\\/schema\\\/logo\\\/image\\\/\"},\"sameAs\":[\"https:\\\/\\\/www.facebook.com\\\/La-Sentinelle-104059864394773\"]},{\"@type\":\"Person\",\"@id\":\"https:\\\/\\\/lasentinelle.dz\\\/#\\\/schema\\\/person\\\/d865044e22e70a75174ce8bcad3acfb3\",\"name\":\"La Sentinelle\",\"image\":{\"@type\":\"ImageObject\",\"inLanguage\":\"fr-FR\",\"@id\":\"https:\\\/\\\/secure.gravatar.com\\\/avatar\\\/57de8e5d4b15d43fb361a71fbb36338450fe67865b528a43dd10ef7c51a20392?s=96&d=mm&r=g\",\"url\":\"https:\\\/\\\/secure.gravatar.com\\\/avatar\\\/57de8e5d4b15d43fb361a71fbb36338450fe67865b528a43dd10ef7c51a20392?s=96&d=mm&r=g\",\"contentUrl\":\"https:\\\/\\\/secure.gravatar.com\\\/avatar\\\/57de8e5d4b15d43fb361a71fbb36338450fe67865b528a43dd10ef7c51a20392?s=96&d=mm&r=g\",\"caption\":\"La Sentinelle\"},\"sameAs\":[\"http:\\\/\\\/www.lasentinelle.dz\"],\"url\":\"https:\\\/\\\/lasentinelle.dz\\\/author\\\/redaction\\\/\"}]}<\/script>\n<!-- \/ Yoast SEO plugin. -->","yoast_head_json":{"title":"Cin\u00e9ma : Le film \"Belfast\" nourrit l'espoir d'un Oscar - La Sentinelle","robots":{"index":"index","follow":"follow","max-snippet":"max-snippet:-1","max-image-preview":"max-image-preview:large","max-video-preview":"max-video-preview:-1"},"canonical":"https:\/\/lasentinelle.dz\/index.php\/2021\/09\/20\/cinema-le-film-belfast-nourrit-lespoir-dun-oscar\/","og_locale":"fr_FR","og_type":"article","og_title":"Cin\u00e9ma : Le film \"Belfast\" nourrit l'espoir d'un Oscar - La Sentinelle","og_description":"Le film \u00ab\u00a0Belfast\u00a0\u00bb, com\u00e9die romantique en noir et blanc de Kenneth Branagh&nbsp; qui rend hommage \u00e0 sa ville natale, est","og_url":"https:\/\/lasentinelle.dz\/index.php\/2021\/09\/20\/cinema-le-film-belfast-nourrit-lespoir-dun-oscar\/","og_site_name":"La Sentinelle","article_publisher":"https:\/\/www.facebook.com\/La-Sentinelle-104059864394773","article_published_time":"2021-09-19T23:01:00+00:00","og_image":[{"width":840,"height":450,"url":"https:\/\/lasentinelle.dz\/wp-content\/uploads\/2021\/09\/image_2021-09-19_155555.png","type":"image\/png"}],"author":"La Sentinelle","twitter_card":"summary_large_image","twitter_misc":{"\u00c9crit par":"La Sentinelle","Dur\u00e9e de lecture estim\u00e9e":"2 minutes"},"schema":{"@context":"https:\/\/schema.org","@graph":[{"@type":"Article","@id":"https:\/\/lasentinelle.dz\/index.php\/2021\/09\/20\/cinema-le-film-belfast-nourrit-lespoir-dun-oscar\/#article","isPartOf":{"@id":"https:\/\/lasentinelle.dz\/index.php\/2021\/09\/20\/cinema-le-film-belfast-nourrit-lespoir-dun-oscar\/"},"author":{"name":"La Sentinelle","@id":"https:\/\/lasentinelle.dz\/#\/schema\/person\/d865044e22e70a75174ce8bcad3acfb3"},"headline":"Cin\u00e9ma : Le film \u00ab\u00a0Belfast\u00a0\u00bb nourrit l&rsquo;espoir d&rsquo;un Oscar","datePublished":"2021-09-19T23:01:00+00:00","mainEntityOfPage":{"@id":"https:\/\/lasentinelle.dz\/index.php\/2021\/09\/20\/cinema-le-film-belfast-nourrit-lespoir-dun-oscar\/"},"wordCount":359,"commentCount":0,"publisher":{"@id":"https:\/\/lasentinelle.dz\/#organization"},"image":{"@id":"https:\/\/lasentinelle.dz\/index.php\/2021\/09\/20\/cinema-le-film-belfast-nourrit-lespoir-dun-oscar\/#primaryimage"},"thumbnailUrl":"https:\/\/lasentinelle.dz\/wp-content\/uploads\/2021\/09\/image_2021-09-19_155555.png","articleSection":["Culture"],"inLanguage":"fr-FR","potentialAction":[{"@type":"CommentAction","name":"Comment","target":["https:\/\/lasentinelle.dz\/index.php\/2021\/09\/20\/cinema-le-film-belfast-nourrit-lespoir-dun-oscar\/#respond"]}]},{"@type":"WebPage","@id":"https:\/\/lasentinelle.dz\/index.php\/2021\/09\/20\/cinema-le-film-belfast-nourrit-lespoir-dun-oscar\/","url":"https:\/\/lasentinelle.dz\/index.php\/2021\/09\/20\/cinema-le-film-belfast-nourrit-lespoir-dun-oscar\/","name":"Cin\u00e9ma : Le film \"Belfast\" nourrit l'espoir d'un Oscar - La Sentinelle","isPartOf":{"@id":"https:\/\/lasentinelle.dz\/#website"},"primaryImageOfPage":{"@id":"https:\/\/lasentinelle.dz\/index.php\/2021\/09\/20\/cinema-le-film-belfast-nourrit-lespoir-dun-oscar\/#primaryimage"},"image":{"@id":"https:\/\/lasentinelle.dz\/index.php\/2021\/09\/20\/cinema-le-film-belfast-nourrit-lespoir-dun-oscar\/#primaryimage"},"thumbnailUrl":"https:\/\/lasentinelle.dz\/wp-content\/uploads\/2021\/09\/image_2021-09-19_155555.png","datePublished":"2021-09-19T23:01:00+00:00","breadcrumb":{"@id":"https:\/\/lasentinelle.dz\/index.php\/2021\/09\/20\/cinema-le-film-belfast-nourrit-lespoir-dun-oscar\/#breadcrumb"},"inLanguage":"fr-FR","potentialAction":[{"@type":"ReadAction","target":["https:\/\/lasentinelle.dz\/index.php\/2021\/09\/20\/cinema-le-film-belfast-nourrit-lespoir-dun-oscar\/"]}]},{"@type":"ImageObject","inLanguage":"fr-FR","@id":"https:\/\/lasentinelle.dz\/index.php\/2021\/09\/20\/cinema-le-film-belfast-nourrit-lespoir-dun-oscar\/#primaryimage","url":"https:\/\/lasentinelle.dz\/wp-content\/uploads\/2021\/09\/image_2021-09-19_155555.png","contentUrl":"https:\/\/lasentinelle.dz\/wp-content\/uploads\/2021\/09\/image_2021-09-19_155555.png","width":840,"height":450},{"@type":"BreadcrumbList","@id":"https:\/\/lasentinelle.dz\/index.php\/2021\/09\/20\/cinema-le-film-belfast-nourrit-lespoir-dun-oscar\/#breadcrumb","itemListElement":[{"@type":"ListItem","position":1,"name":"Accueil","item":"https:\/\/lasentinelle.dz\/"},{"@type":"ListItem","position":2,"name":"Cin\u00e9ma : Le film \u00ab\u00a0Belfast\u00a0\u00bb nourrit l&rsquo;espoir d&rsquo;un Oscar"}]},{"@type":"WebSite","@id":"https:\/\/lasentinelle.dz\/#website","url":"https:\/\/lasentinelle.dz\/","name":"La Sentinelle","description":"Quotidien national d&#039;information","publisher":{"@id":"https:\/\/lasentinelle.dz\/#organization"},"potentialAction":[{"@type":"SearchAction","target":{"@type":"EntryPoint","urlTemplate":"https:\/\/lasentinelle.dz\/?s={search_term_string}"},"query-input":{"@type":"PropertyValueSpecification","valueRequired":true,"valueName":"search_term_string"}}],"inLanguage":"fr-FR"},{"@type":"Organization","@id":"https:\/\/lasentinelle.dz\/#organization","name":"Quotidien La Sentinelle","url":"https:\/\/lasentinelle.dz\/","logo":{"@type":"ImageObject","inLanguage":"fr-FR","@id":"https:\/\/lasentinelle.dz\/#\/schema\/logo\/image\/","url":"https:\/\/lasentinelle.dz\/wp-content\/uploads\/2021\/09\/logo-sentinelleSLOGAN-1.png","contentUrl":"https:\/\/lasentinelle.dz\/wp-content\/uploads\/2021\/09\/logo-sentinelleSLOGAN-1.png","width":615,"height":142,"caption":"Quotidien La Sentinelle"},"image":{"@id":"https:\/\/lasentinelle.dz\/#\/schema\/logo\/image\/"},"sameAs":["https:\/\/www.facebook.com\/La-Sentinelle-104059864394773"]},{"@type":"Person","@id":"https:\/\/lasentinelle.dz\/#\/schema\/person\/d865044e22e70a75174ce8bcad3acfb3","name":"La Sentinelle","image":{"@type":"ImageObject","inLanguage":"fr-FR","@id":"https:\/\/secure.gravatar.com\/avatar\/57de8e5d4b15d43fb361a71fbb36338450fe67865b528a43dd10ef7c51a20392?s=96&d=mm&r=g","url":"https:\/\/secure.gravatar.com\/avatar\/57de8e5d4b15d43fb361a71fbb36338450fe67865b528a43dd10ef7c51a20392?s=96&d=mm&r=g","contentUrl":"https:\/\/secure.gravatar.com\/avatar\/57de8e5d4b15d43fb361a71fbb36338450fe67865b528a43dd10ef7c51a20392?s=96&d=mm&r=g","caption":"La Sentinelle"},"sameAs":["http:\/\/www.lasentinelle.dz"],"url":"https:\/\/lasentinelle.dz\/author\/redaction\/"}]}},"_links":{"self":[{"href":"https:\/\/lasentinelle.dz\/index.php\/wp-json\/wp\/v2\/posts\/8427","targetHints":{"allow":["GET"]}}],"collection":[{"href":"https:\/\/lasentinelle.dz\/index.php\/wp-json\/wp\/v2\/posts"}],"about":[{"href":"https:\/\/lasentinelle.dz\/index.php\/wp-json\/wp\/v2\/types\/post"}],"author":[{"embeddable":true,"href":"https:\/\/lasentinelle.dz\/index.php\/wp-json\/wp\/v2\/users\/3"}],"replies":[{"embeddable":true,"href":"https:\/\/lasentinelle.dz\/index.php\/wp-json\/wp\/v2\/comments?post=8427"}],"version-history":[{"count":1,"href":"https:\/\/lasentinelle.dz\/index.php\/wp-json\/wp\/v2\/posts\/8427\/revisions"}],"predecessor-version":[{"id":8431,"href":"https:\/\/lasentinelle.dz\/index.php\/wp-json\/wp\/v2\/posts\/8427\/revisions\/8431"}],"wp:featuredmedia":[{"embeddable":true,"href":"https:\/\/lasentinelle.dz\/index.php\/wp-json\/wp\/v2\/media\/8430"}],"wp:attachment":[{"href":"https:\/\/lasentinelle.dz\/index.php\/wp-json\/wp\/v2\/media?parent=8427"}],"wp:term":[{"taxonomy":"category","embeddable":true,"href":"https:\/\/lasentinelle.dz\/index.php\/wp-json\/wp\/v2\/categories?post=8427"},{"taxonomy":"post_tag","embeddable":true,"href":"https:\/\/lasentinelle.dz\/index.php\/wp-json\/wp\/v2\/tags?post=8427"}],"curies":[{"name":"wp","href":"https:\/\/api.w.org\/{rel}","templated":true}]}}