{"id":8436,"date":"2021-09-20T00:01:00","date_gmt":"2021-09-19T23:01:00","guid":{"rendered":"https:\/\/lasentinelle.dz\/?p=8436"},"modified":"2021-09-19T17:06:35","modified_gmt":"2021-09-19T16:06:35","slug":"tensions-entre-la-france-les-etats-unis-et-laustralie-un-contrat-de-defense-au-coeur-de-tensions-diplomatiques","status":"publish","type":"post","link":"https:\/\/lasentinelle.dz\/index.php\/2021\/09\/20\/tensions-entre-la-france-les-etats-unis-et-laustralie-un-contrat-de-defense-au-coeur-de-tensions-diplomatiques\/","title":{"rendered":"Tensions entre la France, les \u00c9tats-Unis et l\u2019Australie : Un contrat de d\u00e9fense au c\u0153ur de tensions diplomatiques"},"content":{"rendered":"\n<p>Il y a de l\u2019eau dans le gaz entre Paris, Washington et Canberra. La France avait d\u00e9cid\u00e9 samedi de rappeler ses ambassadeurs en Australie et aux \u00c9tats-Unis, apr\u00e8s la rupture par Canberra d\u2019un contrat d\u2019achat de sous-marins fran\u00e7ais, en faveur de navires US. Des tensions qui devraient \u00eatre au c\u0153ur de discussions prochaines entre le pr\u00e9sident am\u00e9ricain Joe Biden et son homologue fran\u00e7ais Emmanuel Macron. Alors que la France accuse l\u2019Australie d\u2019avoir menti sur ses intentions, cette derni\u00e8re a d\u00e9cid\u00e9 de r\u00e9pliquer hier par la voix de son premier ministre, Scott Morrison, qui affirm\u00e9 avoir fait part de ses inqui\u00e9tudes \u00e0 ce sujet \u00ab\u00a0il y a quelques mois\u00a0\u00bb.\u00a0\u00bbJe pense qu&rsquo;ils auraient eu toutes les raisons de savoir que nous avions de profondes et graves r\u00e9serves quant au fait que les capacit\u00e9s du sous-marin de classe Attack ne r\u00e9pondaient pas \u00e0 nos int\u00e9r\u00eats strat\u00e9giques et nous avions clairement indiqu\u00e9 que nous prendrions une d\u00e9cision bas\u00e9e sur notre int\u00e9r\u00eat strat\u00e9gique national\u00a0\u00bb, a d\u00e9clar\u00e9 Scott Morrison lors d&rsquo;une conf\u00e9rence de presse \u00e0 Sydney.Le ministre de la d\u00e9fense Peter Dutton a de son c\u00f4t\u00e9 insist\u00e9 sur le fait que Canberra avait \u00e9t\u00e9 \u00ab\u00a0franc, ouvert et honn\u00eate\u00a0\u00bb avec la France sur ses pr\u00e9occupations concernant l&rsquo;accord, qui a d\u00e9pass\u00e9 le budget et pris des ann\u00e9es de retard.<\/p>\n\n\n\n<p>Pour sa part, la nouvelle ministre britannique des Affaires \u00e9trang\u00e8res, Liz Truss, a d\u00e9fendu l&rsquo;approche de Londres dans l&rsquo;accord de d\u00e9fense conclu avec Washington et Canberra.Cet accord montre la pr\u00e9paration du Royaume-Uni \u00e0 \u00ab\u00a0faire preuve de fermet\u00e9 dans la d\u00e9fense de nos int\u00e9r\u00eats\u00a0\u00bb et \u00ab\u00a0notre engagement pour la s\u00e9curit\u00e9 et la stabilit\u00e9 de la r\u00e9gion indo-pacifique\u00a0\u00bb, a \u00e9crit la cheffe de la diplomatie britannique dans une tribune publi\u00e9e dans le Telegraph dimanche.Les Etats-Unis, l&rsquo;Australie et le Royaume-Uni ont annonc\u00e9 mercredi un partenariat strat\u00e9gique pour contrer la Chine, AUKUS, incluant la fourniture de sous-marins am\u00e9ricains \u00e0 Canberra.<\/p>\n\n\n\n<p>La d\u00e9cision de l&rsquo;Australie d&rsquo;annuler le contrat d&rsquo;achat de sous-marins \u00e0 propulsion conventionnelle fran\u00e7ais d&rsquo;un montant de 56 milliards d&rsquo;euros en faveur de navires am\u00e9ricains \u00e0 propulsion nucl\u00e9aire a suscit\u00e9 l&rsquo;indignation de Paris.<\/p>\n\n\n\n<p>R.I. avec agences<\/p>\n","protected":false},"excerpt":{"rendered":"<p>Il y a de l\u2019eau dans le gaz entre Paris, Washington et Canberra. La France avait d\u00e9cid\u00e9 samedi de rappeler<\/p>\n","protected":false},"author":3,"featured_media":8461,"comment_status":"open","ping_status":"closed","sticky":false,"template":"","format":"standard","meta":{"colormag_page_container_layout":"default_layout","colormag_page_sidebar_layout":"default_layout","om_disable_all_campaigns":false,"_monsterinsights_skip_tracking":false,"_monsterinsights_sitenote_active":false,"_monsterinsights_sitenote_note":"","_monsterinsights_sitenote_category":0,"footnotes":"","_wpscppro_dont_share_socialmedia":false,"_wpscppro_custom_social_share_image":0,"_facebook_share_type":"","_twitter_share_type":"","_linkedin_share_type":"","_pinterest_share_type":"","_linkedin_share_type_page":"","_instagram_share_type":"","_medium_share_type":"","_threads_share_type":"","_google_business_share_type":"","_selected_social_profile":[],"_wpsp_enable_custom_social_template":false,"_wpsp_social_scheduling":{"enabled":false,"datetime":null,"platforms":[],"status":"template_only","dateOption":"today","timeOption":"now","customDays":"","customHours":"","customDate":"","customTime":"","schedulingType":"absolute"},"_wpsp_active_default_template":true},"categories":[37],"tags":[],"class_list":["post-8436","post","type-post","status-publish","format-standard","has-post-thumbnail","hentry","category-monde"],"aioseo_notices":[],"yoast_head":"<!-- This site is optimized with the Yoast SEO plugin v27.5 - https:\/\/yoast.com\/product\/yoast-seo-wordpress\/ -->\n<title>Tensions entre la France, les \u00c9tats-Unis et l\u2019Australie : Un contrat de d\u00e9fense au c\u0153ur de tensions diplomatiques - La Sentinelle<\/title>\n<meta name=\"robots\" content=\"index, follow, max-snippet:-1, max-image-preview:large, max-video-preview:-1\" \/>\n<link rel=\"canonical\" href=\"https:\/\/lasentinelle.dz\/index.php\/2021\/09\/20\/tensions-entre-la-france-les-etats-unis-et-laustralie-un-contrat-de-defense-au-coeur-de-tensions-diplomatiques\/\" \/>\n<meta property=\"og:locale\" content=\"fr_FR\" \/>\n<meta property=\"og:type\" content=\"article\" \/>\n<meta property=\"og:title\" content=\"Tensions entre la France, les \u00c9tats-Unis et l\u2019Australie : Un contrat de d\u00e9fense au c\u0153ur de tensions diplomatiques - La Sentinelle\" \/>\n<meta property=\"og:description\" content=\"Il y a de l\u2019eau dans le gaz entre Paris, Washington et Canberra. La France avait d\u00e9cid\u00e9 samedi de rappeler\" \/>\n<meta property=\"og:url\" content=\"https:\/\/lasentinelle.dz\/index.php\/2021\/09\/20\/tensions-entre-la-france-les-etats-unis-et-laustralie-un-contrat-de-defense-au-coeur-de-tensions-diplomatiques\/\" \/>\n<meta property=\"og:site_name\" content=\"La Sentinelle\" \/>\n<meta property=\"article:publisher\" content=\"https:\/\/www.facebook.com\/La-Sentinelle-104059864394773\" \/>\n<meta property=\"article:published_time\" content=\"2021-09-19T23:01:00+00:00\" \/>\n<meta property=\"og:image\" content=\"https:\/\/lasentinelle.dz\/wp-content\/uploads\/2021\/09\/image_2021-09-19_170618.png\" \/>\n\t<meta property=\"og:image:width\" content=\"1500\" \/>\n\t<meta property=\"og:image:height\" content=\"843\" \/>\n\t<meta property=\"og:image:type\" content=\"image\/png\" \/>\n<meta name=\"author\" content=\"La Sentinelle\" \/>\n<meta name=\"twitter:card\" content=\"summary_large_image\" \/>\n<meta name=\"twitter:label1\" content=\"\u00c9crit par\" \/>\n\t<meta name=\"twitter:data1\" content=\"La Sentinelle\" \/>\n\t<meta name=\"twitter:label2\" content=\"Dur\u00e9e de lecture estim\u00e9e\" \/>\n\t<meta name=\"twitter:data2\" content=\"2 minutes\" \/>\n<script type=\"application\/ld+json\" class=\"yoast-schema-graph\">{\"@context\":\"https:\\\/\\\/schema.org\",\"@graph\":[{\"@type\":\"Article\",\"@id\":\"https:\\\/\\\/lasentinelle.dz\\\/index.php\\\/2021\\\/09\\\/20\\\/tensions-entre-la-france-les-etats-unis-et-laustralie-un-contrat-de-defense-au-coeur-de-tensions-diplomatiques\\\/#article\",\"isPartOf\":{\"@id\":\"https:\\\/\\\/lasentinelle.dz\\\/index.php\\\/2021\\\/09\\\/20\\\/tensions-entre-la-france-les-etats-unis-et-laustralie-un-contrat-de-defense-au-coeur-de-tensions-diplomatiques\\\/\"},\"author\":{\"name\":\"La Sentinelle\",\"@id\":\"https:\\\/\\\/lasentinelle.dz\\\/#\\\/schema\\\/person\\\/d865044e22e70a75174ce8bcad3acfb3\"},\"headline\":\"Tensions entre la France, les \u00c9tats-Unis et l\u2019Australie : Un contrat de d\u00e9fense au c\u0153ur de tensions diplomatiques\",\"datePublished\":\"2021-09-19T23:01:00+00:00\",\"mainEntityOfPage\":{\"@id\":\"https:\\\/\\\/lasentinelle.dz\\\/index.php\\\/2021\\\/09\\\/20\\\/tensions-entre-la-france-les-etats-unis-et-laustralie-un-contrat-de-defense-au-coeur-de-tensions-diplomatiques\\\/\"},\"wordCount\":423,\"commentCount\":0,\"publisher\":{\"@id\":\"https:\\\/\\\/lasentinelle.dz\\\/#organization\"},\"image\":{\"@id\":\"https:\\\/\\\/lasentinelle.dz\\\/index.php\\\/2021\\\/09\\\/20\\\/tensions-entre-la-france-les-etats-unis-et-laustralie-un-contrat-de-defense-au-coeur-de-tensions-diplomatiques\\\/#primaryimage\"},\"thumbnailUrl\":\"https:\\\/\\\/lasentinelle.dz\\\/wp-content\\\/uploads\\\/2021\\\/09\\\/image_2021-09-19_170618.png\",\"articleSection\":[\"Monde\"],\"inLanguage\":\"fr-FR\",\"potentialAction\":[{\"@type\":\"CommentAction\",\"name\":\"Comment\",\"target\":[\"https:\\\/\\\/lasentinelle.dz\\\/index.php\\\/2021\\\/09\\\/20\\\/tensions-entre-la-france-les-etats-unis-et-laustralie-un-contrat-de-defense-au-coeur-de-tensions-diplomatiques\\\/#respond\"]}]},{\"@type\":\"WebPage\",\"@id\":\"https:\\\/\\\/lasentinelle.dz\\\/index.php\\\/2021\\\/09\\\/20\\\/tensions-entre-la-france-les-etats-unis-et-laustralie-un-contrat-de-defense-au-coeur-de-tensions-diplomatiques\\\/\",\"url\":\"https:\\\/\\\/lasentinelle.dz\\\/index.php\\\/2021\\\/09\\\/20\\\/tensions-entre-la-france-les-etats-unis-et-laustralie-un-contrat-de-defense-au-coeur-de-tensions-diplomatiques\\\/\",\"name\":\"Tensions entre la France, les \u00c9tats-Unis et l\u2019Australie : Un contrat de d\u00e9fense au c\u0153ur de tensions diplomatiques - La Sentinelle\",\"isPartOf\":{\"@id\":\"https:\\\/\\\/lasentinelle.dz\\\/#website\"},\"primaryImageOfPage\":{\"@id\":\"https:\\\/\\\/lasentinelle.dz\\\/index.php\\\/2021\\\/09\\\/20\\\/tensions-entre-la-france-les-etats-unis-et-laustralie-un-contrat-de-defense-au-coeur-de-tensions-diplomatiques\\\/#primaryimage\"},\"image\":{\"@id\":\"https:\\\/\\\/lasentinelle.dz\\\/index.php\\\/2021\\\/09\\\/20\\\/tensions-entre-la-france-les-etats-unis-et-laustralie-un-contrat-de-defense-au-coeur-de-tensions-diplomatiques\\\/#primaryimage\"},\"thumbnailUrl\":\"https:\\\/\\\/lasentinelle.dz\\\/wp-content\\\/uploads\\\/2021\\\/09\\\/image_2021-09-19_170618.png\",\"datePublished\":\"2021-09-19T23:01:00+00:00\",\"breadcrumb\":{\"@id\":\"https:\\\/\\\/lasentinelle.dz\\\/index.php\\\/2021\\\/09\\\/20\\\/tensions-entre-la-france-les-etats-unis-et-laustralie-un-contrat-de-defense-au-coeur-de-tensions-diplomatiques\\\/#breadcrumb\"},\"inLanguage\":\"fr-FR\",\"potentialAction\":[{\"@type\":\"ReadAction\",\"target\":[\"https:\\\/\\\/lasentinelle.dz\\\/index.php\\\/2021\\\/09\\\/20\\\/tensions-entre-la-france-les-etats-unis-et-laustralie-un-contrat-de-defense-au-coeur-de-tensions-diplomatiques\\\/\"]}]},{\"@type\":\"ImageObject\",\"inLanguage\":\"fr-FR\",\"@id\":\"https:\\\/\\\/lasentinelle.dz\\\/index.php\\\/2021\\\/09\\\/20\\\/tensions-entre-la-france-les-etats-unis-et-laustralie-un-contrat-de-defense-au-coeur-de-tensions-diplomatiques\\\/#primaryimage\",\"url\":\"https:\\\/\\\/lasentinelle.dz\\\/wp-content\\\/uploads\\\/2021\\\/09\\\/image_2021-09-19_170618.png\",\"contentUrl\":\"https:\\\/\\\/lasentinelle.dz\\\/wp-content\\\/uploads\\\/2021\\\/09\\\/image_2021-09-19_170618.png\",\"width\":1500,\"height\":843},{\"@type\":\"BreadcrumbList\",\"@id\":\"https:\\\/\\\/lasentinelle.dz\\\/index.php\\\/2021\\\/09\\\/20\\\/tensions-entre-la-france-les-etats-unis-et-laustralie-un-contrat-de-defense-au-coeur-de-tensions-diplomatiques\\\/#breadcrumb\",\"itemListElement\":[{\"@type\":\"ListItem\",\"position\":1,\"name\":\"Accueil\",\"item\":\"https:\\\/\\\/lasentinelle.dz\\\/\"},{\"@type\":\"ListItem\",\"position\":2,\"name\":\"Tensions entre la France, les \u00c9tats-Unis et l\u2019Australie : Un contrat de d\u00e9fense au c\u0153ur de tensions diplomatiques\"}]},{\"@type\":\"WebSite\",\"@id\":\"https:\\\/\\\/lasentinelle.dz\\\/#website\",\"url\":\"https:\\\/\\\/lasentinelle.dz\\\/\",\"name\":\"La Sentinelle\",\"description\":\"Quotidien national d&#039;information\",\"publisher\":{\"@id\":\"https:\\\/\\\/lasentinelle.dz\\\/#organization\"},\"potentialAction\":[{\"@type\":\"SearchAction\",\"target\":{\"@type\":\"EntryPoint\",\"urlTemplate\":\"https:\\\/\\\/lasentinelle.dz\\\/?s={search_term_string}\"},\"query-input\":{\"@type\":\"PropertyValueSpecification\",\"valueRequired\":true,\"valueName\":\"search_term_string\"}}],\"inLanguage\":\"fr-FR\"},{\"@type\":\"Organization\",\"@id\":\"https:\\\/\\\/lasentinelle.dz\\\/#organization\",\"name\":\"Quotidien La Sentinelle\",\"url\":\"https:\\\/\\\/lasentinelle.dz\\\/\",\"logo\":{\"@type\":\"ImageObject\",\"inLanguage\":\"fr-FR\",\"@id\":\"https:\\\/\\\/lasentinelle.dz\\\/#\\\/schema\\\/logo\\\/image\\\/\",\"url\":\"https:\\\/\\\/lasentinelle.dz\\\/wp-content\\\/uploads\\\/2021\\\/09\\\/logo-sentinelleSLOGAN-1.png\",\"contentUrl\":\"https:\\\/\\\/lasentinelle.dz\\\/wp-content\\\/uploads\\\/2021\\\/09\\\/logo-sentinelleSLOGAN-1.png\",\"width\":615,\"height\":142,\"caption\":\"Quotidien La Sentinelle\"},\"image\":{\"@id\":\"https:\\\/\\\/lasentinelle.dz\\\/#\\\/schema\\\/logo\\\/image\\\/\"},\"sameAs\":[\"https:\\\/\\\/www.facebook.com\\\/La-Sentinelle-104059864394773\"]},{\"@type\":\"Person\",\"@id\":\"https:\\\/\\\/lasentinelle.dz\\\/#\\\/schema\\\/person\\\/d865044e22e70a75174ce8bcad3acfb3\",\"name\":\"La Sentinelle\",\"image\":{\"@type\":\"ImageObject\",\"inLanguage\":\"fr-FR\",\"@id\":\"https:\\\/\\\/secure.gravatar.com\\\/avatar\\\/57de8e5d4b15d43fb361a71fbb36338450fe67865b528a43dd10ef7c51a20392?s=96&d=mm&r=g\",\"url\":\"https:\\\/\\\/secure.gravatar.com\\\/avatar\\\/57de8e5d4b15d43fb361a71fbb36338450fe67865b528a43dd10ef7c51a20392?s=96&d=mm&r=g\",\"contentUrl\":\"https:\\\/\\\/secure.gravatar.com\\\/avatar\\\/57de8e5d4b15d43fb361a71fbb36338450fe67865b528a43dd10ef7c51a20392?s=96&d=mm&r=g\",\"caption\":\"La Sentinelle\"},\"sameAs\":[\"http:\\\/\\\/www.lasentinelle.dz\"],\"url\":\"https:\\\/\\\/lasentinelle.dz\\\/author\\\/redaction\\\/\"}]}<\/script>\n<!-- \/ Yoast SEO plugin. -->","yoast_head_json":{"title":"Tensions entre la France, les \u00c9tats-Unis et l\u2019Australie : Un contrat de d\u00e9fense au c\u0153ur de tensions diplomatiques - La Sentinelle","robots":{"index":"index","follow":"follow","max-snippet":"max-snippet:-1","max-image-preview":"max-image-preview:large","max-video-preview":"max-video-preview:-1"},"canonical":"https:\/\/lasentinelle.dz\/index.php\/2021\/09\/20\/tensions-entre-la-france-les-etats-unis-et-laustralie-un-contrat-de-defense-au-coeur-de-tensions-diplomatiques\/","og_locale":"fr_FR","og_type":"article","og_title":"Tensions entre la France, les \u00c9tats-Unis et l\u2019Australie : Un contrat de d\u00e9fense au c\u0153ur de tensions diplomatiques - La Sentinelle","og_description":"Il y a de l\u2019eau dans le gaz entre Paris, Washington et Canberra. La France avait d\u00e9cid\u00e9 samedi de rappeler","og_url":"https:\/\/lasentinelle.dz\/index.php\/2021\/09\/20\/tensions-entre-la-france-les-etats-unis-et-laustralie-un-contrat-de-defense-au-coeur-de-tensions-diplomatiques\/","og_site_name":"La Sentinelle","article_publisher":"https:\/\/www.facebook.com\/La-Sentinelle-104059864394773","article_published_time":"2021-09-19T23:01:00+00:00","og_image":[{"width":1500,"height":843,"url":"https:\/\/lasentinelle.dz\/wp-content\/uploads\/2021\/09\/image_2021-09-19_170618.png","type":"image\/png"}],"author":"La Sentinelle","twitter_card":"summary_large_image","twitter_misc":{"\u00c9crit par":"La Sentinelle","Dur\u00e9e de lecture estim\u00e9e":"2 minutes"},"schema":{"@context":"https:\/\/schema.org","@graph":[{"@type":"Article","@id":"https:\/\/lasentinelle.dz\/index.php\/2021\/09\/20\/tensions-entre-la-france-les-etats-unis-et-laustralie-un-contrat-de-defense-au-coeur-de-tensions-diplomatiques\/#article","isPartOf":{"@id":"https:\/\/lasentinelle.dz\/index.php\/2021\/09\/20\/tensions-entre-la-france-les-etats-unis-et-laustralie-un-contrat-de-defense-au-coeur-de-tensions-diplomatiques\/"},"author":{"name":"La Sentinelle","@id":"https:\/\/lasentinelle.dz\/#\/schema\/person\/d865044e22e70a75174ce8bcad3acfb3"},"headline":"Tensions entre la France, les \u00c9tats-Unis et l\u2019Australie : Un contrat de d\u00e9fense au c\u0153ur de tensions diplomatiques","datePublished":"2021-09-19T23:01:00+00:00","mainEntityOfPage":{"@id":"https:\/\/lasentinelle.dz\/index.php\/2021\/09\/20\/tensions-entre-la-france-les-etats-unis-et-laustralie-un-contrat-de-defense-au-coeur-de-tensions-diplomatiques\/"},"wordCount":423,"commentCount":0,"publisher":{"@id":"https:\/\/lasentinelle.dz\/#organization"},"image":{"@id":"https:\/\/lasentinelle.dz\/index.php\/2021\/09\/20\/tensions-entre-la-france-les-etats-unis-et-laustralie-un-contrat-de-defense-au-coeur-de-tensions-diplomatiques\/#primaryimage"},"thumbnailUrl":"https:\/\/lasentinelle.dz\/wp-content\/uploads\/2021\/09\/image_2021-09-19_170618.png","articleSection":["Monde"],"inLanguage":"fr-FR","potentialAction":[{"@type":"CommentAction","name":"Comment","target":["https:\/\/lasentinelle.dz\/index.php\/2021\/09\/20\/tensions-entre-la-france-les-etats-unis-et-laustralie-un-contrat-de-defense-au-coeur-de-tensions-diplomatiques\/#respond"]}]},{"@type":"WebPage","@id":"https:\/\/lasentinelle.dz\/index.php\/2021\/09\/20\/tensions-entre-la-france-les-etats-unis-et-laustralie-un-contrat-de-defense-au-coeur-de-tensions-diplomatiques\/","url":"https:\/\/lasentinelle.dz\/index.php\/2021\/09\/20\/tensions-entre-la-france-les-etats-unis-et-laustralie-un-contrat-de-defense-au-coeur-de-tensions-diplomatiques\/","name":"Tensions entre la France, les \u00c9tats-Unis et l\u2019Australie : Un contrat de d\u00e9fense au c\u0153ur de tensions diplomatiques - La Sentinelle","isPartOf":{"@id":"https:\/\/lasentinelle.dz\/#website"},"primaryImageOfPage":{"@id":"https:\/\/lasentinelle.dz\/index.php\/2021\/09\/20\/tensions-entre-la-france-les-etats-unis-et-laustralie-un-contrat-de-defense-au-coeur-de-tensions-diplomatiques\/#primaryimage"},"image":{"@id":"https:\/\/lasentinelle.dz\/index.php\/2021\/09\/20\/tensions-entre-la-france-les-etats-unis-et-laustralie-un-contrat-de-defense-au-coeur-de-tensions-diplomatiques\/#primaryimage"},"thumbnailUrl":"https:\/\/lasentinelle.dz\/wp-content\/uploads\/2021\/09\/image_2021-09-19_170618.png","datePublished":"2021-09-19T23:01:00+00:00","breadcrumb":{"@id":"https:\/\/lasentinelle.dz\/index.php\/2021\/09\/20\/tensions-entre-la-france-les-etats-unis-et-laustralie-un-contrat-de-defense-au-coeur-de-tensions-diplomatiques\/#breadcrumb"},"inLanguage":"fr-FR","potentialAction":[{"@type":"ReadAction","target":["https:\/\/lasentinelle.dz\/index.php\/2021\/09\/20\/tensions-entre-la-france-les-etats-unis-et-laustralie-un-contrat-de-defense-au-coeur-de-tensions-diplomatiques\/"]}]},{"@type":"ImageObject","inLanguage":"fr-FR","@id":"https:\/\/lasentinelle.dz\/index.php\/2021\/09\/20\/tensions-entre-la-france-les-etats-unis-et-laustralie-un-contrat-de-defense-au-coeur-de-tensions-diplomatiques\/#primaryimage","url":"https:\/\/lasentinelle.dz\/wp-content\/uploads\/2021\/09\/image_2021-09-19_170618.png","contentUrl":"https:\/\/lasentinelle.dz\/wp-content\/uploads\/2021\/09\/image_2021-09-19_170618.png","width":1500,"height":843},{"@type":"BreadcrumbList","@id":"https:\/\/lasentinelle.dz\/index.php\/2021\/09\/20\/tensions-entre-la-france-les-etats-unis-et-laustralie-un-contrat-de-defense-au-coeur-de-tensions-diplomatiques\/#breadcrumb","itemListElement":[{"@type":"ListItem","position":1,"name":"Accueil","item":"https:\/\/lasentinelle.dz\/"},{"@type":"ListItem","position":2,"name":"Tensions entre la France, les \u00c9tats-Unis et l\u2019Australie : Un contrat de d\u00e9fense au c\u0153ur de tensions diplomatiques"}]},{"@type":"WebSite","@id":"https:\/\/lasentinelle.dz\/#website","url":"https:\/\/lasentinelle.dz\/","name":"La Sentinelle","description":"Quotidien national d&#039;information","publisher":{"@id":"https:\/\/lasentinelle.dz\/#organization"},"potentialAction":[{"@type":"SearchAction","target":{"@type":"EntryPoint","urlTemplate":"https:\/\/lasentinelle.dz\/?s={search_term_string}"},"query-input":{"@type":"PropertyValueSpecification","valueRequired":true,"valueName":"search_term_string"}}],"inLanguage":"fr-FR"},{"@type":"Organization","@id":"https:\/\/lasentinelle.dz\/#organization","name":"Quotidien La Sentinelle","url":"https:\/\/lasentinelle.dz\/","logo":{"@type":"ImageObject","inLanguage":"fr-FR","@id":"https:\/\/lasentinelle.dz\/#\/schema\/logo\/image\/","url":"https:\/\/lasentinelle.dz\/wp-content\/uploads\/2021\/09\/logo-sentinelleSLOGAN-1.png","contentUrl":"https:\/\/lasentinelle.dz\/wp-content\/uploads\/2021\/09\/logo-sentinelleSLOGAN-1.png","width":615,"height":142,"caption":"Quotidien La Sentinelle"},"image":{"@id":"https:\/\/lasentinelle.dz\/#\/schema\/logo\/image\/"},"sameAs":["https:\/\/www.facebook.com\/La-Sentinelle-104059864394773"]},{"@type":"Person","@id":"https:\/\/lasentinelle.dz\/#\/schema\/person\/d865044e22e70a75174ce8bcad3acfb3","name":"La Sentinelle","image":{"@type":"ImageObject","inLanguage":"fr-FR","@id":"https:\/\/secure.gravatar.com\/avatar\/57de8e5d4b15d43fb361a71fbb36338450fe67865b528a43dd10ef7c51a20392?s=96&d=mm&r=g","url":"https:\/\/secure.gravatar.com\/avatar\/57de8e5d4b15d43fb361a71fbb36338450fe67865b528a43dd10ef7c51a20392?s=96&d=mm&r=g","contentUrl":"https:\/\/secure.gravatar.com\/avatar\/57de8e5d4b15d43fb361a71fbb36338450fe67865b528a43dd10ef7c51a20392?s=96&d=mm&r=g","caption":"La Sentinelle"},"sameAs":["http:\/\/www.lasentinelle.dz"],"url":"https:\/\/lasentinelle.dz\/author\/redaction\/"}]}},"_links":{"self":[{"href":"https:\/\/lasentinelle.dz\/index.php\/wp-json\/wp\/v2\/posts\/8436","targetHints":{"allow":["GET"]}}],"collection":[{"href":"https:\/\/lasentinelle.dz\/index.php\/wp-json\/wp\/v2\/posts"}],"about":[{"href":"https:\/\/lasentinelle.dz\/index.php\/wp-json\/wp\/v2\/types\/post"}],"author":[{"embeddable":true,"href":"https:\/\/lasentinelle.dz\/index.php\/wp-json\/wp\/v2\/users\/3"}],"replies":[{"embeddable":true,"href":"https:\/\/lasentinelle.dz\/index.php\/wp-json\/wp\/v2\/comments?post=8436"}],"version-history":[{"count":1,"href":"https:\/\/lasentinelle.dz\/index.php\/wp-json\/wp\/v2\/posts\/8436\/revisions"}],"predecessor-version":[{"id":8462,"href":"https:\/\/lasentinelle.dz\/index.php\/wp-json\/wp\/v2\/posts\/8436\/revisions\/8462"}],"wp:featuredmedia":[{"embeddable":true,"href":"https:\/\/lasentinelle.dz\/index.php\/wp-json\/wp\/v2\/media\/8461"}],"wp:attachment":[{"href":"https:\/\/lasentinelle.dz\/index.php\/wp-json\/wp\/v2\/media?parent=8436"}],"wp:term":[{"taxonomy":"category","embeddable":true,"href":"https:\/\/lasentinelle.dz\/index.php\/wp-json\/wp\/v2\/categories?post=8436"},{"taxonomy":"post_tag","embeddable":true,"href":"https:\/\/lasentinelle.dz\/index.php\/wp-json\/wp\/v2\/tags?post=8436"}],"curies":[{"name":"wp","href":"https:\/\/api.w.org\/{rel}","templated":true}]}}