{"id":8458,"date":"2021-09-20T00:01:00","date_gmt":"2021-09-19T23:01:00","guid":{"rendered":"https:\/\/lasentinelle.dz\/?p=8458"},"modified":"2021-09-19T19:02:20","modified_gmt":"2021-09-19T18:02:20","slug":"creation-du-gpra-un-tournant-qualitatif","status":"publish","type":"post","link":"https:\/\/lasentinelle.dz\/index.php\/2021\/09\/20\/creation-du-gpra-un-tournant-qualitatif\/","title":{"rendered":"Cr\u00e9ation du GPRA : Un \u00ab\u00a0tournant qualitatif\u00a0\u00bb"},"content":{"rendered":"\n<p>Les participants \u00e0 une conf\u00e9rence organis\u00e9e \u00e0 l&rsquo;occasion de la c\u00e9l\u00e9bration du 63e anniversaire de la cr\u00e9ation du Gouvernement provisoire de la R\u00e9publique alg\u00e9rienne (GPRA) ont estim\u00e9 que la formation de ce gouvernement avait marqu\u00e9 un \u00ab\u00a0tournant qualitatif\u00a0\u00bb dans le processus de la R\u00e9volution de lib\u00e9ration et de la lutte du peuple pour son ind\u00e9pendance.<\/p>\n\n\n\n<p>A cette occasion, le directeur du Centre national d&rsquo;\u00e9tudes et de recherches sur le mouvement national et la R\u00e9volution du 1er novembre, Djamel Eddine Miadi, a qualifi\u00e9 la cr\u00e9ation du GPRA d&rsquo;\u00e9tape historique et de tournant qualitatif dans le processus de la R\u00e9volution de lib\u00e9ration, soulignant que \u00ab\u00a0les efforts des membres du gouvernement provisoire ont permis de faire conna\u00eetre la cause alg\u00e9rienne \u00e0 l&rsquo;\u00e9chelle internationale et de mobiliser la communaut\u00e9 internationale\u00a0\u00bb.<\/p>\n\n\n\n<p>De son c\u00f4t\u00e9, le directeur du patrimoine historique et culturel au minist\u00e8re des Moudjahidine et des ayants droit, Mohamed Yahi, a appel\u00e9 la jeunesse alg\u00e9rienne \u00e0 s&rsquo;unir, \u00e0 travailler et \u00e0 s&rsquo;inspirer des pr\u00e9d\u00e9cesseurs pour r\u00e9aliser la prosp\u00e9rit\u00e9 de l&rsquo;Alg\u00e9rie.La conf\u00e9rence, \u00e0 laquelle ont pris part des moudjahidine, des personnalit\u00e9s historiques, des enseignants et des \u00e9tudiants, a \u00e9t\u00e9 marqu\u00e9e par une communication sur le contexte historique de la formation du GPRA pr\u00e9sent\u00e9e par le professeur d&rsquo;histoire moderne et contemporaine, Hocine Abdessettar, qui a soulign\u00e9 l&rsquo;importance de l&rsquo;\u00e9vocation des hauts faits et des positions marquantes des hommes de la R\u00e9volution, appelant \u00e0 les \u00e9riger en valeurs \u00ab\u00a0dont il faut s&rsquo;impr\u00e9gner pour surmonter les probl\u00e8mes actuels et relever les d\u00e9fis \u00e0 venir\u00a0\u00bb.L&rsquo;enseignant en sciences politiques et relations internationales, Mohamed Rezig a pass\u00e9 en revue, pour sa part, le processus de la formation du GPRA et la bataille pour l&rsquo;ind\u00e9pendance men\u00e9e par ses membres, \u00e0 travers l&rsquo;action m\u00e9diatique diplomatique qui ne s&rsquo;est pas limit\u00e9e \u00e0 r\u00e9pondre aux d\u00e9clarations de l&rsquo;Administration fran\u00e7aise, mais qui a veill\u00e9 \u00e0 l&rsquo;internationalisation de la cause alg\u00e9rienne et l&rsquo;acquis de l&rsquo;appui international, \u00e9tant une cause juste d&rsquo;autod\u00e9termination.Le Gouvernement provisoire a \u00e9t\u00e9 mis sur pied en ex\u00e9cution des d\u00e9cisions du Conseil national de la R\u00e9volution alg\u00e9rienne (CNRA) prises dans sa r\u00e9union tenue au Caire, du 20 au 27 ao\u00fbt 1957, d&rsquo;autant que ces d\u00e9cisions ont \u00e9t\u00e9 annonc\u00e9es officiellement le 19 septembre de l&rsquo;ann\u00e9e suivante.Ayant connu trois composantes de 1958 \u00e0 1962 sous la pr\u00e9sidence de Ferhat Abbas puis de Benyoucef Benkhedda, le GPRA a impos\u00e9 son existence en tant que repr\u00e9sentant l\u00e9gitime du peuple alg\u00e9rien dans les n\u00e9gociations d&rsquo;Evian qui ont abouti \u00e0 la signature de l&rsquo;accord de cessez-le-feu le 19 mars 1962, ensuite \u00e0 l&rsquo;ind\u00e9pendance.En marge de cette conf\u00e9rence, une exposition du livre d&rsquo;histoire comprenant des parutions du minist\u00e8re des Moudjahidine et des Ayants-droit, a \u00e9t\u00e9 organis\u00e9e.&nbsp;<\/p>\n\n\n\n<p>APS<\/p>\n","protected":false},"excerpt":{"rendered":"<p>Les participants \u00e0 une conf\u00e9rence organis\u00e9e \u00e0 l&rsquo;occasion de la c\u00e9l\u00e9bration du 63e anniversaire de la cr\u00e9ation du Gouvernement provisoire<\/p>\n","protected":false},"author":3,"featured_media":8483,"comment_status":"open","ping_status":"closed","sticky":false,"template":"","format":"standard","meta":{"colormag_page_container_layout":"default_layout","colormag_page_sidebar_layout":"default_layout","om_disable_all_campaigns":false,"_monsterinsights_skip_tracking":false,"_monsterinsights_sitenote_active":false,"_monsterinsights_sitenote_note":"","_monsterinsights_sitenote_category":0,"footnotes":"","_wpscppro_dont_share_socialmedia":false,"_wpscppro_custom_social_share_image":0,"_facebook_share_type":"","_twitter_share_type":"","_linkedin_share_type":"","_pinterest_share_type":"","_linkedin_share_type_page":"","_instagram_share_type":"","_medium_share_type":"","_threads_share_type":"","_google_business_share_type":"","_selected_social_profile":[],"_wpsp_enable_custom_social_template":false,"_wpsp_social_scheduling":{"enabled":false,"datetime":null,"platforms":[],"status":"template_only","dateOption":"today","timeOption":"now","customDays":"","customHours":"","customDate":"","customTime":"","schedulingType":"absolute"},"_wpsp_active_default_template":true},"categories":[27],"tags":[],"class_list":["post-8458","post","type-post","status-publish","format-standard","has-post-thumbnail","hentry","category-actualite"],"aioseo_notices":[],"yoast_head":"<!-- This site is optimized with the Yoast SEO plugin v27.5 - https:\/\/yoast.com\/product\/yoast-seo-wordpress\/ -->\n<title>Cr\u00e9ation du GPRA : Un &quot;tournant qualitatif&quot; - La Sentinelle<\/title>\n<meta name=\"robots\" content=\"index, follow, max-snippet:-1, max-image-preview:large, max-video-preview:-1\" \/>\n<link rel=\"canonical\" href=\"https:\/\/lasentinelle.dz\/index.php\/2021\/09\/20\/creation-du-gpra-un-tournant-qualitatif\/\" \/>\n<meta property=\"og:locale\" content=\"fr_FR\" \/>\n<meta property=\"og:type\" content=\"article\" \/>\n<meta property=\"og:title\" content=\"Cr\u00e9ation du GPRA : Un &quot;tournant qualitatif&quot; - La Sentinelle\" \/>\n<meta property=\"og:description\" content=\"Les participants \u00e0 une conf\u00e9rence organis\u00e9e \u00e0 l&rsquo;occasion de la c\u00e9l\u00e9bration du 63e anniversaire de la cr\u00e9ation du Gouvernement provisoire\" \/>\n<meta property=\"og:url\" content=\"https:\/\/lasentinelle.dz\/index.php\/2021\/09\/20\/creation-du-gpra-un-tournant-qualitatif\/\" \/>\n<meta property=\"og:site_name\" content=\"La Sentinelle\" \/>\n<meta property=\"article:publisher\" content=\"https:\/\/www.facebook.com\/La-Sentinelle-104059864394773\" \/>\n<meta property=\"article:published_time\" content=\"2021-09-19T23:01:00+00:00\" \/>\n<meta property=\"og:image\" content=\"https:\/\/lasentinelle.dz\/wp-content\/uploads\/2021\/09\/image_2021-09-19_190210.png\" \/>\n\t<meta property=\"og:image:width\" content=\"580\" \/>\n\t<meta property=\"og:image:height\" content=\"350\" \/>\n\t<meta property=\"og:image:type\" content=\"image\/png\" \/>\n<meta name=\"author\" content=\"La Sentinelle\" \/>\n<meta name=\"twitter:card\" content=\"summary_large_image\" \/>\n<meta name=\"twitter:label1\" content=\"\u00c9crit par\" \/>\n\t<meta name=\"twitter:data1\" content=\"La Sentinelle\" \/>\n\t<meta name=\"twitter:label2\" content=\"Dur\u00e9e de lecture estim\u00e9e\" \/>\n\t<meta name=\"twitter:data2\" content=\"2 minutes\" \/>\n<script type=\"application\/ld+json\" class=\"yoast-schema-graph\">{\"@context\":\"https:\\\/\\\/schema.org\",\"@graph\":[{\"@type\":\"Article\",\"@id\":\"https:\\\/\\\/lasentinelle.dz\\\/index.php\\\/2021\\\/09\\\/20\\\/creation-du-gpra-un-tournant-qualitatif\\\/#article\",\"isPartOf\":{\"@id\":\"https:\\\/\\\/lasentinelle.dz\\\/index.php\\\/2021\\\/09\\\/20\\\/creation-du-gpra-un-tournant-qualitatif\\\/\"},\"author\":{\"name\":\"La Sentinelle\",\"@id\":\"https:\\\/\\\/lasentinelle.dz\\\/#\\\/schema\\\/person\\\/d865044e22e70a75174ce8bcad3acfb3\"},\"headline\":\"Cr\u00e9ation du GPRA : Un \u00ab\u00a0tournant qualitatif\u00a0\u00bb\",\"datePublished\":\"2021-09-19T23:01:00+00:00\",\"mainEntityOfPage\":{\"@id\":\"https:\\\/\\\/lasentinelle.dz\\\/index.php\\\/2021\\\/09\\\/20\\\/creation-du-gpra-un-tournant-qualitatif\\\/\"},\"wordCount\":511,\"commentCount\":0,\"publisher\":{\"@id\":\"https:\\\/\\\/lasentinelle.dz\\\/#organization\"},\"image\":{\"@id\":\"https:\\\/\\\/lasentinelle.dz\\\/index.php\\\/2021\\\/09\\\/20\\\/creation-du-gpra-un-tournant-qualitatif\\\/#primaryimage\"},\"thumbnailUrl\":\"https:\\\/\\\/lasentinelle.dz\\\/wp-content\\\/uploads\\\/2021\\\/09\\\/image_2021-09-19_190210.png\",\"articleSection\":[\"Actualit\u00e9\"],\"inLanguage\":\"fr-FR\",\"potentialAction\":[{\"@type\":\"CommentAction\",\"name\":\"Comment\",\"target\":[\"https:\\\/\\\/lasentinelle.dz\\\/index.php\\\/2021\\\/09\\\/20\\\/creation-du-gpra-un-tournant-qualitatif\\\/#respond\"]}]},{\"@type\":\"WebPage\",\"@id\":\"https:\\\/\\\/lasentinelle.dz\\\/index.php\\\/2021\\\/09\\\/20\\\/creation-du-gpra-un-tournant-qualitatif\\\/\",\"url\":\"https:\\\/\\\/lasentinelle.dz\\\/index.php\\\/2021\\\/09\\\/20\\\/creation-du-gpra-un-tournant-qualitatif\\\/\",\"name\":\"Cr\u00e9ation du GPRA : Un \\\"tournant qualitatif\\\" - La Sentinelle\",\"isPartOf\":{\"@id\":\"https:\\\/\\\/lasentinelle.dz\\\/#website\"},\"primaryImageOfPage\":{\"@id\":\"https:\\\/\\\/lasentinelle.dz\\\/index.php\\\/2021\\\/09\\\/20\\\/creation-du-gpra-un-tournant-qualitatif\\\/#primaryimage\"},\"image\":{\"@id\":\"https:\\\/\\\/lasentinelle.dz\\\/index.php\\\/2021\\\/09\\\/20\\\/creation-du-gpra-un-tournant-qualitatif\\\/#primaryimage\"},\"thumbnailUrl\":\"https:\\\/\\\/lasentinelle.dz\\\/wp-content\\\/uploads\\\/2021\\\/09\\\/image_2021-09-19_190210.png\",\"datePublished\":\"2021-09-19T23:01:00+00:00\",\"breadcrumb\":{\"@id\":\"https:\\\/\\\/lasentinelle.dz\\\/index.php\\\/2021\\\/09\\\/20\\\/creation-du-gpra-un-tournant-qualitatif\\\/#breadcrumb\"},\"inLanguage\":\"fr-FR\",\"potentialAction\":[{\"@type\":\"ReadAction\",\"target\":[\"https:\\\/\\\/lasentinelle.dz\\\/index.php\\\/2021\\\/09\\\/20\\\/creation-du-gpra-un-tournant-qualitatif\\\/\"]}]},{\"@type\":\"ImageObject\",\"inLanguage\":\"fr-FR\",\"@id\":\"https:\\\/\\\/lasentinelle.dz\\\/index.php\\\/2021\\\/09\\\/20\\\/creation-du-gpra-un-tournant-qualitatif\\\/#primaryimage\",\"url\":\"https:\\\/\\\/lasentinelle.dz\\\/wp-content\\\/uploads\\\/2021\\\/09\\\/image_2021-09-19_190210.png\",\"contentUrl\":\"https:\\\/\\\/lasentinelle.dz\\\/wp-content\\\/uploads\\\/2021\\\/09\\\/image_2021-09-19_190210.png\",\"width\":580,\"height\":350},{\"@type\":\"BreadcrumbList\",\"@id\":\"https:\\\/\\\/lasentinelle.dz\\\/index.php\\\/2021\\\/09\\\/20\\\/creation-du-gpra-un-tournant-qualitatif\\\/#breadcrumb\",\"itemListElement\":[{\"@type\":\"ListItem\",\"position\":1,\"name\":\"Accueil\",\"item\":\"https:\\\/\\\/lasentinelle.dz\\\/\"},{\"@type\":\"ListItem\",\"position\":2,\"name\":\"Cr\u00e9ation du GPRA : Un \u00ab\u00a0tournant qualitatif\u00a0\u00bb\"}]},{\"@type\":\"WebSite\",\"@id\":\"https:\\\/\\\/lasentinelle.dz\\\/#website\",\"url\":\"https:\\\/\\\/lasentinelle.dz\\\/\",\"name\":\"La Sentinelle\",\"description\":\"Quotidien national d&#039;information\",\"publisher\":{\"@id\":\"https:\\\/\\\/lasentinelle.dz\\\/#organization\"},\"potentialAction\":[{\"@type\":\"SearchAction\",\"target\":{\"@type\":\"EntryPoint\",\"urlTemplate\":\"https:\\\/\\\/lasentinelle.dz\\\/?s={search_term_string}\"},\"query-input\":{\"@type\":\"PropertyValueSpecification\",\"valueRequired\":true,\"valueName\":\"search_term_string\"}}],\"inLanguage\":\"fr-FR\"},{\"@type\":\"Organization\",\"@id\":\"https:\\\/\\\/lasentinelle.dz\\\/#organization\",\"name\":\"Quotidien La Sentinelle\",\"url\":\"https:\\\/\\\/lasentinelle.dz\\\/\",\"logo\":{\"@type\":\"ImageObject\",\"inLanguage\":\"fr-FR\",\"@id\":\"https:\\\/\\\/lasentinelle.dz\\\/#\\\/schema\\\/logo\\\/image\\\/\",\"url\":\"https:\\\/\\\/lasentinelle.dz\\\/wp-content\\\/uploads\\\/2021\\\/09\\\/logo-sentinelleSLOGAN-1.png\",\"contentUrl\":\"https:\\\/\\\/lasentinelle.dz\\\/wp-content\\\/uploads\\\/2021\\\/09\\\/logo-sentinelleSLOGAN-1.png\",\"width\":615,\"height\":142,\"caption\":\"Quotidien La Sentinelle\"},\"image\":{\"@id\":\"https:\\\/\\\/lasentinelle.dz\\\/#\\\/schema\\\/logo\\\/image\\\/\"},\"sameAs\":[\"https:\\\/\\\/www.facebook.com\\\/La-Sentinelle-104059864394773\"]},{\"@type\":\"Person\",\"@id\":\"https:\\\/\\\/lasentinelle.dz\\\/#\\\/schema\\\/person\\\/d865044e22e70a75174ce8bcad3acfb3\",\"name\":\"La Sentinelle\",\"image\":{\"@type\":\"ImageObject\",\"inLanguage\":\"fr-FR\",\"@id\":\"https:\\\/\\\/secure.gravatar.com\\\/avatar\\\/57de8e5d4b15d43fb361a71fbb36338450fe67865b528a43dd10ef7c51a20392?s=96&d=mm&r=g\",\"url\":\"https:\\\/\\\/secure.gravatar.com\\\/avatar\\\/57de8e5d4b15d43fb361a71fbb36338450fe67865b528a43dd10ef7c51a20392?s=96&d=mm&r=g\",\"contentUrl\":\"https:\\\/\\\/secure.gravatar.com\\\/avatar\\\/57de8e5d4b15d43fb361a71fbb36338450fe67865b528a43dd10ef7c51a20392?s=96&d=mm&r=g\",\"caption\":\"La Sentinelle\"},\"sameAs\":[\"http:\\\/\\\/www.lasentinelle.dz\"],\"url\":\"https:\\\/\\\/lasentinelle.dz\\\/author\\\/redaction\\\/\"}]}<\/script>\n<!-- \/ Yoast SEO plugin. -->","yoast_head_json":{"title":"Cr\u00e9ation du GPRA : Un \"tournant qualitatif\" - La Sentinelle","robots":{"index":"index","follow":"follow","max-snippet":"max-snippet:-1","max-image-preview":"max-image-preview:large","max-video-preview":"max-video-preview:-1"},"canonical":"https:\/\/lasentinelle.dz\/index.php\/2021\/09\/20\/creation-du-gpra-un-tournant-qualitatif\/","og_locale":"fr_FR","og_type":"article","og_title":"Cr\u00e9ation du GPRA : Un \"tournant qualitatif\" - La Sentinelle","og_description":"Les participants \u00e0 une conf\u00e9rence organis\u00e9e \u00e0 l&rsquo;occasion de la c\u00e9l\u00e9bration du 63e anniversaire de la cr\u00e9ation du Gouvernement provisoire","og_url":"https:\/\/lasentinelle.dz\/index.php\/2021\/09\/20\/creation-du-gpra-un-tournant-qualitatif\/","og_site_name":"La Sentinelle","article_publisher":"https:\/\/www.facebook.com\/La-Sentinelle-104059864394773","article_published_time":"2021-09-19T23:01:00+00:00","og_image":[{"width":580,"height":350,"url":"https:\/\/lasentinelle.dz\/wp-content\/uploads\/2021\/09\/image_2021-09-19_190210.png","type":"image\/png"}],"author":"La Sentinelle","twitter_card":"summary_large_image","twitter_misc":{"\u00c9crit par":"La Sentinelle","Dur\u00e9e de lecture estim\u00e9e":"2 minutes"},"schema":{"@context":"https:\/\/schema.org","@graph":[{"@type":"Article","@id":"https:\/\/lasentinelle.dz\/index.php\/2021\/09\/20\/creation-du-gpra-un-tournant-qualitatif\/#article","isPartOf":{"@id":"https:\/\/lasentinelle.dz\/index.php\/2021\/09\/20\/creation-du-gpra-un-tournant-qualitatif\/"},"author":{"name":"La Sentinelle","@id":"https:\/\/lasentinelle.dz\/#\/schema\/person\/d865044e22e70a75174ce8bcad3acfb3"},"headline":"Cr\u00e9ation du GPRA : Un \u00ab\u00a0tournant qualitatif\u00a0\u00bb","datePublished":"2021-09-19T23:01:00+00:00","mainEntityOfPage":{"@id":"https:\/\/lasentinelle.dz\/index.php\/2021\/09\/20\/creation-du-gpra-un-tournant-qualitatif\/"},"wordCount":511,"commentCount":0,"publisher":{"@id":"https:\/\/lasentinelle.dz\/#organization"},"image":{"@id":"https:\/\/lasentinelle.dz\/index.php\/2021\/09\/20\/creation-du-gpra-un-tournant-qualitatif\/#primaryimage"},"thumbnailUrl":"https:\/\/lasentinelle.dz\/wp-content\/uploads\/2021\/09\/image_2021-09-19_190210.png","articleSection":["Actualit\u00e9"],"inLanguage":"fr-FR","potentialAction":[{"@type":"CommentAction","name":"Comment","target":["https:\/\/lasentinelle.dz\/index.php\/2021\/09\/20\/creation-du-gpra-un-tournant-qualitatif\/#respond"]}]},{"@type":"WebPage","@id":"https:\/\/lasentinelle.dz\/index.php\/2021\/09\/20\/creation-du-gpra-un-tournant-qualitatif\/","url":"https:\/\/lasentinelle.dz\/index.php\/2021\/09\/20\/creation-du-gpra-un-tournant-qualitatif\/","name":"Cr\u00e9ation du GPRA : Un \"tournant qualitatif\" - La Sentinelle","isPartOf":{"@id":"https:\/\/lasentinelle.dz\/#website"},"primaryImageOfPage":{"@id":"https:\/\/lasentinelle.dz\/index.php\/2021\/09\/20\/creation-du-gpra-un-tournant-qualitatif\/#primaryimage"},"image":{"@id":"https:\/\/lasentinelle.dz\/index.php\/2021\/09\/20\/creation-du-gpra-un-tournant-qualitatif\/#primaryimage"},"thumbnailUrl":"https:\/\/lasentinelle.dz\/wp-content\/uploads\/2021\/09\/image_2021-09-19_190210.png","datePublished":"2021-09-19T23:01:00+00:00","breadcrumb":{"@id":"https:\/\/lasentinelle.dz\/index.php\/2021\/09\/20\/creation-du-gpra-un-tournant-qualitatif\/#breadcrumb"},"inLanguage":"fr-FR","potentialAction":[{"@type":"ReadAction","target":["https:\/\/lasentinelle.dz\/index.php\/2021\/09\/20\/creation-du-gpra-un-tournant-qualitatif\/"]}]},{"@type":"ImageObject","inLanguage":"fr-FR","@id":"https:\/\/lasentinelle.dz\/index.php\/2021\/09\/20\/creation-du-gpra-un-tournant-qualitatif\/#primaryimage","url":"https:\/\/lasentinelle.dz\/wp-content\/uploads\/2021\/09\/image_2021-09-19_190210.png","contentUrl":"https:\/\/lasentinelle.dz\/wp-content\/uploads\/2021\/09\/image_2021-09-19_190210.png","width":580,"height":350},{"@type":"BreadcrumbList","@id":"https:\/\/lasentinelle.dz\/index.php\/2021\/09\/20\/creation-du-gpra-un-tournant-qualitatif\/#breadcrumb","itemListElement":[{"@type":"ListItem","position":1,"name":"Accueil","item":"https:\/\/lasentinelle.dz\/"},{"@type":"ListItem","position":2,"name":"Cr\u00e9ation du GPRA : Un \u00ab\u00a0tournant qualitatif\u00a0\u00bb"}]},{"@type":"WebSite","@id":"https:\/\/lasentinelle.dz\/#website","url":"https:\/\/lasentinelle.dz\/","name":"La Sentinelle","description":"Quotidien national d&#039;information","publisher":{"@id":"https:\/\/lasentinelle.dz\/#organization"},"potentialAction":[{"@type":"SearchAction","target":{"@type":"EntryPoint","urlTemplate":"https:\/\/lasentinelle.dz\/?s={search_term_string}"},"query-input":{"@type":"PropertyValueSpecification","valueRequired":true,"valueName":"search_term_string"}}],"inLanguage":"fr-FR"},{"@type":"Organization","@id":"https:\/\/lasentinelle.dz\/#organization","name":"Quotidien La Sentinelle","url":"https:\/\/lasentinelle.dz\/","logo":{"@type":"ImageObject","inLanguage":"fr-FR","@id":"https:\/\/lasentinelle.dz\/#\/schema\/logo\/image\/","url":"https:\/\/lasentinelle.dz\/wp-content\/uploads\/2021\/09\/logo-sentinelleSLOGAN-1.png","contentUrl":"https:\/\/lasentinelle.dz\/wp-content\/uploads\/2021\/09\/logo-sentinelleSLOGAN-1.png","width":615,"height":142,"caption":"Quotidien La Sentinelle"},"image":{"@id":"https:\/\/lasentinelle.dz\/#\/schema\/logo\/image\/"},"sameAs":["https:\/\/www.facebook.com\/La-Sentinelle-104059864394773"]},{"@type":"Person","@id":"https:\/\/lasentinelle.dz\/#\/schema\/person\/d865044e22e70a75174ce8bcad3acfb3","name":"La Sentinelle","image":{"@type":"ImageObject","inLanguage":"fr-FR","@id":"https:\/\/secure.gravatar.com\/avatar\/57de8e5d4b15d43fb361a71fbb36338450fe67865b528a43dd10ef7c51a20392?s=96&d=mm&r=g","url":"https:\/\/secure.gravatar.com\/avatar\/57de8e5d4b15d43fb361a71fbb36338450fe67865b528a43dd10ef7c51a20392?s=96&d=mm&r=g","contentUrl":"https:\/\/secure.gravatar.com\/avatar\/57de8e5d4b15d43fb361a71fbb36338450fe67865b528a43dd10ef7c51a20392?s=96&d=mm&r=g","caption":"La Sentinelle"},"sameAs":["http:\/\/www.lasentinelle.dz"],"url":"https:\/\/lasentinelle.dz\/author\/redaction\/"}]}},"_links":{"self":[{"href":"https:\/\/lasentinelle.dz\/index.php\/wp-json\/wp\/v2\/posts\/8458","targetHints":{"allow":["GET"]}}],"collection":[{"href":"https:\/\/lasentinelle.dz\/index.php\/wp-json\/wp\/v2\/posts"}],"about":[{"href":"https:\/\/lasentinelle.dz\/index.php\/wp-json\/wp\/v2\/types\/post"}],"author":[{"embeddable":true,"href":"https:\/\/lasentinelle.dz\/index.php\/wp-json\/wp\/v2\/users\/3"}],"replies":[{"embeddable":true,"href":"https:\/\/lasentinelle.dz\/index.php\/wp-json\/wp\/v2\/comments?post=8458"}],"version-history":[{"count":1,"href":"https:\/\/lasentinelle.dz\/index.php\/wp-json\/wp\/v2\/posts\/8458\/revisions"}],"predecessor-version":[{"id":8484,"href":"https:\/\/lasentinelle.dz\/index.php\/wp-json\/wp\/v2\/posts\/8458\/revisions\/8484"}],"wp:featuredmedia":[{"embeddable":true,"href":"https:\/\/lasentinelle.dz\/index.php\/wp-json\/wp\/v2\/media\/8483"}],"wp:attachment":[{"href":"https:\/\/lasentinelle.dz\/index.php\/wp-json\/wp\/v2\/media?parent=8458"}],"wp:term":[{"taxonomy":"category","embeddable":true,"href":"https:\/\/lasentinelle.dz\/index.php\/wp-json\/wp\/v2\/categories?post=8458"},{"taxonomy":"post_tag","embeddable":true,"href":"https:\/\/lasentinelle.dz\/index.php\/wp-json\/wp\/v2\/tags?post=8458"}],"curies":[{"name":"wp","href":"https:\/\/api.w.org\/{rel}","templated":true}]}}