{"id":8459,"date":"2021-09-20T00:05:00","date_gmt":"2021-09-19T23:05:00","guid":{"rendered":"https:\/\/lasentinelle.dz\/?p=8459"},"modified":"2021-09-19T20:35:06","modified_gmt":"2021-09-19T19:35:06","slug":"rentree-scolaire-la-vaccination-au-sein-des-ecoles-des-demain","status":"publish","type":"post","link":"https:\/\/lasentinelle.dz\/index.php\/2021\/09\/20\/rentree-scolaire-la-vaccination-au-sein-des-ecoles-des-demain\/","title":{"rendered":"Rentr\u00e9e scolaire : La vaccination au sein des \u00e9coles d\u00e8s demain"},"content":{"rendered":"\n<p>Des m\u00e9decins vont se d\u00e9placer d\u00e8s la rentr\u00e9e scolaire, pr\u00e9vue demain, au niveau des \u00e9tablissements scolaires pour vacciner les professionnels du secteur contre le Coronavirus, selon le ministre de l&rsquo;Education nationale, Abdelhakim Belabed.<\/p>\n\n\n\n<p>Le ministre a insist\u00e9, lors d\u2019une conf\u00e9rence nationale tenue par visioconf\u00e9rence, sur \u00ab&nbsp;la poursuite de l&rsquo;op\u00e9ration de vaccination au profit du personnel de l&rsquo;Education&nbsp;\u00bb. \u00ab Apr\u00e8s consultation du Premier minist\u00e8re, et en coordination avec le minist\u00e8re de la Sant\u00e9, il a \u00e9t\u00e9 d\u00e9cid\u00e9 du mobiliser des m\u00e9decins, d\u00e8s la rentr\u00e9e scolaire pr\u00e9vue le 21 septembre 2021, au niveau des \u00e9tablissements scolaires pour permettre aux employ\u00e9s du secteur de se faire vacciner dans leurs \u00e9tablissements\u00a0\u00bb, a indiqu\u00e9 un communiqu\u00e9 du minist\u00e8re de l\u2019\u00c9ducation nationale.Par ailleurs, cette conf\u00e9rence \u00e0 laquelle ont assist\u00e9 des cadres centraux, les directeurs de l&rsquo;\u00e9ducation des wilayas accompagn\u00e9s des chefs de services de scolarit\u00e9 et d&rsquo;organisation \u00e9ducatives, a \u00e9t\u00e9 consacr\u00e9e \u00e0 l\u2019\u00e9tude&nbsp; de la situation des pr\u00e9paratifs \u00e9ducatifs dans les trois paliers tout en pr\u00e9sentant les orientations n\u00e9cessaires pour la le\u00e7on d&rsquo;ouverture et la prise en charge psychique des \u00e9l\u00e8ves avant la rentr\u00e9e scolaire 2021\/2022. Lors de cette m\u00eame rencontre, M. Belabed s\u2019est \u00e9galement enquis de la situation li\u00e9e aux syst\u00e8mes \u00e9ducatifs \u00e0 travers un d\u00e9bat avec les directeurs de l&rsquo;Education et les chefs des services du syst\u00e8me \u00e9ducatif concernant les modalit\u00e9s d&rsquo;\u00e9laboration et de r\u00e9gulation. Le ministre a ainsi not\u00e9 les \u00ab&nbsp;les efforts consentis&nbsp;\u00bb par toutes les parties en affirmant l&rsquo;accompagnement du minist\u00e8re \u00e0 travers tous les organes de l&rsquo;administration centrale.<\/p>\n\n\n\n<p>Mettant en exergue l&rsquo;imp\u00e9ratif d&rsquo;informer les parents d&rsquo;\u00e9l\u00e8ves et de publier les dates relatives \u00e0 l&rsquo;op\u00e9ration conform\u00e9ment au calendrier pr\u00e9sent\u00e9, le ministre de l\u2019\u00c9ducation nationale a insist\u00e9 sur la nature \u00ab&nbsp;p\u00e9dagogique par excellence \u00bb de la circulaire relative au protocole d&rsquo;acc\u00e8s \u00e0 l&rsquo;opportunit\u00e9 de redoublement pour les \u00e9l\u00e8ves, accordant une autre opportunit\u00e9 \u00e0 nos enfants de retourner en classes en cas de disponibilit\u00e9 de places p\u00e9dagogiques. Notons que le cours inaugural consacr\u00e9 aux catastrophes naturelles et \u00e0 la coh\u00e9sion nationale dont fait preuve notre peuple durant les \u00e9preuves difficiles, selon les instructions du pr\u00e9sident de la R\u00e9publique, sera, selon M. Belabed, dispens\u00e9 sur tout le territoire national.<\/p>\n\n\n\n<p>Enfin, il est \u00e0 signaler que le minist\u00e8re de l\u2019\u00c9ducation nationale a mis sur pied un protocole visant l&rsquo;accompagnement psychologique des \u00e9l\u00e8ves en coordination avec le minist\u00e8re de la sant\u00e9. Un plan qui contient, note-t-on, les m\u00e9thodes, les techniques et les m\u00e9canismes permettant de d\u00e9couvrir les cas des enfants touch\u00e9s par les derniers \u00e9v\u00e8nements, les incendies et la pand\u00e9mie du Covid 19, afin de les prendre en charge. Pour clore son intervention, le ministre n\u2019a pas omis d\u2019appeler la famille de l\u2019\u00e9ducation \u00e0 \u00ab&nbsp;\u0153uvrer avec la m\u00eame cadence et redoubler d&rsquo;efforts afin de garantir un environnement scolaire paisible&nbsp;\u00bb. <strong>Akli Amor<\/strong><\/p>\n","protected":false},"excerpt":{"rendered":"<p>Des m\u00e9decins vont se d\u00e9placer d\u00e8s la rentr\u00e9e scolaire, pr\u00e9vue demain, au niveau des \u00e9tablissements scolaires pour vacciner les professionnels<\/p>\n","protected":false},"author":3,"featured_media":8480,"comment_status":"open","ping_status":"closed","sticky":false,"template":"","format":"standard","meta":{"colormag_page_container_layout":"default_layout","colormag_page_sidebar_layout":"default_layout","om_disable_all_campaigns":false,"_monsterinsights_skip_tracking":false,"_monsterinsights_sitenote_active":false,"_monsterinsights_sitenote_note":"","_monsterinsights_sitenote_category":0,"footnotes":"","_wpscppro_dont_share_socialmedia":false,"_wpscppro_custom_social_share_image":0,"_facebook_share_type":"","_twitter_share_type":"","_linkedin_share_type":"","_pinterest_share_type":"","_linkedin_share_type_page":"","_instagram_share_type":"","_medium_share_type":"","_threads_share_type":"","_google_business_share_type":"","_selected_social_profile":[],"_wpsp_enable_custom_social_template":false,"_wpsp_social_scheduling":{"enabled":false,"datetime":null,"platforms":[],"status":"template_only","dateOption":"today","timeOption":"now","customDays":"","customHours":"","customDate":"","customTime":"","schedulingType":"absolute"},"_wpsp_active_default_template":true},"categories":[52,27],"tags":[],"class_list":["post-8459","post","type-post","status-publish","format-standard","has-post-thumbnail","hentry","category-a-la-une","category-actualite"],"aioseo_notices":[],"yoast_head":"<!-- This site is optimized with the Yoast SEO plugin v27.5 - https:\/\/yoast.com\/product\/yoast-seo-wordpress\/ -->\n<title>Rentr\u00e9e scolaire : La vaccination au sein des \u00e9coles d\u00e8s demain - La Sentinelle<\/title>\n<meta name=\"robots\" content=\"index, follow, max-snippet:-1, max-image-preview:large, max-video-preview:-1\" \/>\n<link rel=\"canonical\" href=\"https:\/\/lasentinelle.dz\/index.php\/2021\/09\/20\/rentree-scolaire-la-vaccination-au-sein-des-ecoles-des-demain\/\" \/>\n<meta property=\"og:locale\" content=\"fr_FR\" \/>\n<meta property=\"og:type\" content=\"article\" \/>\n<meta property=\"og:title\" content=\"Rentr\u00e9e scolaire : La vaccination au sein des \u00e9coles d\u00e8s demain - La Sentinelle\" \/>\n<meta property=\"og:description\" content=\"Des m\u00e9decins vont se d\u00e9placer d\u00e8s la rentr\u00e9e scolaire, pr\u00e9vue demain, au niveau des \u00e9tablissements scolaires pour vacciner les professionnels\" \/>\n<meta property=\"og:url\" content=\"https:\/\/lasentinelle.dz\/index.php\/2021\/09\/20\/rentree-scolaire-la-vaccination-au-sein-des-ecoles-des-demain\/\" \/>\n<meta property=\"og:site_name\" content=\"La Sentinelle\" \/>\n<meta property=\"article:publisher\" content=\"https:\/\/www.facebook.com\/La-Sentinelle-104059864394773\" \/>\n<meta property=\"article:published_time\" content=\"2021-09-19T23:05:00+00:00\" \/>\n<meta property=\"og:image\" content=\"https:\/\/lasentinelle.dz\/wp-content\/uploads\/2021\/09\/education-conference.jpeg\" \/>\n\t<meta property=\"og:image:width\" content=\"1610\" \/>\n\t<meta property=\"og:image:height\" content=\"1228\" \/>\n\t<meta property=\"og:image:type\" content=\"image\/jpeg\" \/>\n<meta name=\"author\" content=\"La Sentinelle\" \/>\n<meta name=\"twitter:card\" content=\"summary_large_image\" \/>\n<meta name=\"twitter:label1\" content=\"\u00c9crit par\" \/>\n\t<meta name=\"twitter:data1\" content=\"La Sentinelle\" \/>\n\t<meta name=\"twitter:label2\" content=\"Dur\u00e9e de lecture estim\u00e9e\" \/>\n\t<meta name=\"twitter:data2\" content=\"2 minutes\" \/>\n<script type=\"application\/ld+json\" class=\"yoast-schema-graph\">{\"@context\":\"https:\\\/\\\/schema.org\",\"@graph\":[{\"@type\":\"Article\",\"@id\":\"https:\\\/\\\/lasentinelle.dz\\\/index.php\\\/2021\\\/09\\\/20\\\/rentree-scolaire-la-vaccination-au-sein-des-ecoles-des-demain\\\/#article\",\"isPartOf\":{\"@id\":\"https:\\\/\\\/lasentinelle.dz\\\/index.php\\\/2021\\\/09\\\/20\\\/rentree-scolaire-la-vaccination-au-sein-des-ecoles-des-demain\\\/\"},\"author\":{\"name\":\"La Sentinelle\",\"@id\":\"https:\\\/\\\/lasentinelle.dz\\\/#\\\/schema\\\/person\\\/d865044e22e70a75174ce8bcad3acfb3\"},\"headline\":\"Rentr\u00e9e scolaire : La vaccination au sein des \u00e9coles d\u00e8s demain\",\"datePublished\":\"2021-09-19T23:05:00+00:00\",\"mainEntityOfPage\":{\"@id\":\"https:\\\/\\\/lasentinelle.dz\\\/index.php\\\/2021\\\/09\\\/20\\\/rentree-scolaire-la-vaccination-au-sein-des-ecoles-des-demain\\\/\"},\"wordCount\":543,\"commentCount\":0,\"publisher\":{\"@id\":\"https:\\\/\\\/lasentinelle.dz\\\/#organization\"},\"image\":{\"@id\":\"https:\\\/\\\/lasentinelle.dz\\\/index.php\\\/2021\\\/09\\\/20\\\/rentree-scolaire-la-vaccination-au-sein-des-ecoles-des-demain\\\/#primaryimage\"},\"thumbnailUrl\":\"https:\\\/\\\/lasentinelle.dz\\\/wp-content\\\/uploads\\\/2021\\\/09\\\/education-conference.jpeg\",\"articleSection\":[\"\u00c0 la Une\",\"Actualit\u00e9\"],\"inLanguage\":\"fr-FR\",\"potentialAction\":[{\"@type\":\"CommentAction\",\"name\":\"Comment\",\"target\":[\"https:\\\/\\\/lasentinelle.dz\\\/index.php\\\/2021\\\/09\\\/20\\\/rentree-scolaire-la-vaccination-au-sein-des-ecoles-des-demain\\\/#respond\"]}]},{\"@type\":\"WebPage\",\"@id\":\"https:\\\/\\\/lasentinelle.dz\\\/index.php\\\/2021\\\/09\\\/20\\\/rentree-scolaire-la-vaccination-au-sein-des-ecoles-des-demain\\\/\",\"url\":\"https:\\\/\\\/lasentinelle.dz\\\/index.php\\\/2021\\\/09\\\/20\\\/rentree-scolaire-la-vaccination-au-sein-des-ecoles-des-demain\\\/\",\"name\":\"Rentr\u00e9e scolaire : La vaccination au sein des \u00e9coles d\u00e8s demain - La Sentinelle\",\"isPartOf\":{\"@id\":\"https:\\\/\\\/lasentinelle.dz\\\/#website\"},\"primaryImageOfPage\":{\"@id\":\"https:\\\/\\\/lasentinelle.dz\\\/index.php\\\/2021\\\/09\\\/20\\\/rentree-scolaire-la-vaccination-au-sein-des-ecoles-des-demain\\\/#primaryimage\"},\"image\":{\"@id\":\"https:\\\/\\\/lasentinelle.dz\\\/index.php\\\/2021\\\/09\\\/20\\\/rentree-scolaire-la-vaccination-au-sein-des-ecoles-des-demain\\\/#primaryimage\"},\"thumbnailUrl\":\"https:\\\/\\\/lasentinelle.dz\\\/wp-content\\\/uploads\\\/2021\\\/09\\\/education-conference.jpeg\",\"datePublished\":\"2021-09-19T23:05:00+00:00\",\"breadcrumb\":{\"@id\":\"https:\\\/\\\/lasentinelle.dz\\\/index.php\\\/2021\\\/09\\\/20\\\/rentree-scolaire-la-vaccination-au-sein-des-ecoles-des-demain\\\/#breadcrumb\"},\"inLanguage\":\"fr-FR\",\"potentialAction\":[{\"@type\":\"ReadAction\",\"target\":[\"https:\\\/\\\/lasentinelle.dz\\\/index.php\\\/2021\\\/09\\\/20\\\/rentree-scolaire-la-vaccination-au-sein-des-ecoles-des-demain\\\/\"]}]},{\"@type\":\"ImageObject\",\"inLanguage\":\"fr-FR\",\"@id\":\"https:\\\/\\\/lasentinelle.dz\\\/index.php\\\/2021\\\/09\\\/20\\\/rentree-scolaire-la-vaccination-au-sein-des-ecoles-des-demain\\\/#primaryimage\",\"url\":\"https:\\\/\\\/lasentinelle.dz\\\/wp-content\\\/uploads\\\/2021\\\/09\\\/education-conference.jpeg\",\"contentUrl\":\"https:\\\/\\\/lasentinelle.dz\\\/wp-content\\\/uploads\\\/2021\\\/09\\\/education-conference.jpeg\",\"width\":1610,\"height\":1228},{\"@type\":\"BreadcrumbList\",\"@id\":\"https:\\\/\\\/lasentinelle.dz\\\/index.php\\\/2021\\\/09\\\/20\\\/rentree-scolaire-la-vaccination-au-sein-des-ecoles-des-demain\\\/#breadcrumb\",\"itemListElement\":[{\"@type\":\"ListItem\",\"position\":1,\"name\":\"Accueil\",\"item\":\"https:\\\/\\\/lasentinelle.dz\\\/\"},{\"@type\":\"ListItem\",\"position\":2,\"name\":\"Rentr\u00e9e scolaire : La vaccination au sein des \u00e9coles d\u00e8s demain\"}]},{\"@type\":\"WebSite\",\"@id\":\"https:\\\/\\\/lasentinelle.dz\\\/#website\",\"url\":\"https:\\\/\\\/lasentinelle.dz\\\/\",\"name\":\"La Sentinelle\",\"description\":\"Quotidien national d&#039;information\",\"publisher\":{\"@id\":\"https:\\\/\\\/lasentinelle.dz\\\/#organization\"},\"potentialAction\":[{\"@type\":\"SearchAction\",\"target\":{\"@type\":\"EntryPoint\",\"urlTemplate\":\"https:\\\/\\\/lasentinelle.dz\\\/?s={search_term_string}\"},\"query-input\":{\"@type\":\"PropertyValueSpecification\",\"valueRequired\":true,\"valueName\":\"search_term_string\"}}],\"inLanguage\":\"fr-FR\"},{\"@type\":\"Organization\",\"@id\":\"https:\\\/\\\/lasentinelle.dz\\\/#organization\",\"name\":\"Quotidien La Sentinelle\",\"url\":\"https:\\\/\\\/lasentinelle.dz\\\/\",\"logo\":{\"@type\":\"ImageObject\",\"inLanguage\":\"fr-FR\",\"@id\":\"https:\\\/\\\/lasentinelle.dz\\\/#\\\/schema\\\/logo\\\/image\\\/\",\"url\":\"https:\\\/\\\/lasentinelle.dz\\\/wp-content\\\/uploads\\\/2021\\\/09\\\/logo-sentinelleSLOGAN-1.png\",\"contentUrl\":\"https:\\\/\\\/lasentinelle.dz\\\/wp-content\\\/uploads\\\/2021\\\/09\\\/logo-sentinelleSLOGAN-1.png\",\"width\":615,\"height\":142,\"caption\":\"Quotidien La Sentinelle\"},\"image\":{\"@id\":\"https:\\\/\\\/lasentinelle.dz\\\/#\\\/schema\\\/logo\\\/image\\\/\"},\"sameAs\":[\"https:\\\/\\\/www.facebook.com\\\/La-Sentinelle-104059864394773\"]},{\"@type\":\"Person\",\"@id\":\"https:\\\/\\\/lasentinelle.dz\\\/#\\\/schema\\\/person\\\/d865044e22e70a75174ce8bcad3acfb3\",\"name\":\"La Sentinelle\",\"image\":{\"@type\":\"ImageObject\",\"inLanguage\":\"fr-FR\",\"@id\":\"https:\\\/\\\/secure.gravatar.com\\\/avatar\\\/57de8e5d4b15d43fb361a71fbb36338450fe67865b528a43dd10ef7c51a20392?s=96&d=mm&r=g\",\"url\":\"https:\\\/\\\/secure.gravatar.com\\\/avatar\\\/57de8e5d4b15d43fb361a71fbb36338450fe67865b528a43dd10ef7c51a20392?s=96&d=mm&r=g\",\"contentUrl\":\"https:\\\/\\\/secure.gravatar.com\\\/avatar\\\/57de8e5d4b15d43fb361a71fbb36338450fe67865b528a43dd10ef7c51a20392?s=96&d=mm&r=g\",\"caption\":\"La Sentinelle\"},\"sameAs\":[\"http:\\\/\\\/www.lasentinelle.dz\"],\"url\":\"https:\\\/\\\/lasentinelle.dz\\\/author\\\/redaction\\\/\"}]}<\/script>\n<!-- \/ Yoast SEO plugin. -->","yoast_head_json":{"title":"Rentr\u00e9e scolaire : La vaccination au sein des \u00e9coles d\u00e8s demain - La Sentinelle","robots":{"index":"index","follow":"follow","max-snippet":"max-snippet:-1","max-image-preview":"max-image-preview:large","max-video-preview":"max-video-preview:-1"},"canonical":"https:\/\/lasentinelle.dz\/index.php\/2021\/09\/20\/rentree-scolaire-la-vaccination-au-sein-des-ecoles-des-demain\/","og_locale":"fr_FR","og_type":"article","og_title":"Rentr\u00e9e scolaire : La vaccination au sein des \u00e9coles d\u00e8s demain - La Sentinelle","og_description":"Des m\u00e9decins vont se d\u00e9placer d\u00e8s la rentr\u00e9e scolaire, pr\u00e9vue demain, au niveau des \u00e9tablissements scolaires pour vacciner les professionnels","og_url":"https:\/\/lasentinelle.dz\/index.php\/2021\/09\/20\/rentree-scolaire-la-vaccination-au-sein-des-ecoles-des-demain\/","og_site_name":"La Sentinelle","article_publisher":"https:\/\/www.facebook.com\/La-Sentinelle-104059864394773","article_published_time":"2021-09-19T23:05:00+00:00","og_image":[{"width":1610,"height":1228,"url":"https:\/\/lasentinelle.dz\/wp-content\/uploads\/2021\/09\/education-conference.jpeg","type":"image\/jpeg"}],"author":"La Sentinelle","twitter_card":"summary_large_image","twitter_misc":{"\u00c9crit par":"La Sentinelle","Dur\u00e9e de lecture estim\u00e9e":"2 minutes"},"schema":{"@context":"https:\/\/schema.org","@graph":[{"@type":"Article","@id":"https:\/\/lasentinelle.dz\/index.php\/2021\/09\/20\/rentree-scolaire-la-vaccination-au-sein-des-ecoles-des-demain\/#article","isPartOf":{"@id":"https:\/\/lasentinelle.dz\/index.php\/2021\/09\/20\/rentree-scolaire-la-vaccination-au-sein-des-ecoles-des-demain\/"},"author":{"name":"La Sentinelle","@id":"https:\/\/lasentinelle.dz\/#\/schema\/person\/d865044e22e70a75174ce8bcad3acfb3"},"headline":"Rentr\u00e9e scolaire : La vaccination au sein des \u00e9coles d\u00e8s demain","datePublished":"2021-09-19T23:05:00+00:00","mainEntityOfPage":{"@id":"https:\/\/lasentinelle.dz\/index.php\/2021\/09\/20\/rentree-scolaire-la-vaccination-au-sein-des-ecoles-des-demain\/"},"wordCount":543,"commentCount":0,"publisher":{"@id":"https:\/\/lasentinelle.dz\/#organization"},"image":{"@id":"https:\/\/lasentinelle.dz\/index.php\/2021\/09\/20\/rentree-scolaire-la-vaccination-au-sein-des-ecoles-des-demain\/#primaryimage"},"thumbnailUrl":"https:\/\/lasentinelle.dz\/wp-content\/uploads\/2021\/09\/education-conference.jpeg","articleSection":["\u00c0 la Une","Actualit\u00e9"],"inLanguage":"fr-FR","potentialAction":[{"@type":"CommentAction","name":"Comment","target":["https:\/\/lasentinelle.dz\/index.php\/2021\/09\/20\/rentree-scolaire-la-vaccination-au-sein-des-ecoles-des-demain\/#respond"]}]},{"@type":"WebPage","@id":"https:\/\/lasentinelle.dz\/index.php\/2021\/09\/20\/rentree-scolaire-la-vaccination-au-sein-des-ecoles-des-demain\/","url":"https:\/\/lasentinelle.dz\/index.php\/2021\/09\/20\/rentree-scolaire-la-vaccination-au-sein-des-ecoles-des-demain\/","name":"Rentr\u00e9e scolaire : La vaccination au sein des \u00e9coles d\u00e8s demain - La Sentinelle","isPartOf":{"@id":"https:\/\/lasentinelle.dz\/#website"},"primaryImageOfPage":{"@id":"https:\/\/lasentinelle.dz\/index.php\/2021\/09\/20\/rentree-scolaire-la-vaccination-au-sein-des-ecoles-des-demain\/#primaryimage"},"image":{"@id":"https:\/\/lasentinelle.dz\/index.php\/2021\/09\/20\/rentree-scolaire-la-vaccination-au-sein-des-ecoles-des-demain\/#primaryimage"},"thumbnailUrl":"https:\/\/lasentinelle.dz\/wp-content\/uploads\/2021\/09\/education-conference.jpeg","datePublished":"2021-09-19T23:05:00+00:00","breadcrumb":{"@id":"https:\/\/lasentinelle.dz\/index.php\/2021\/09\/20\/rentree-scolaire-la-vaccination-au-sein-des-ecoles-des-demain\/#breadcrumb"},"inLanguage":"fr-FR","potentialAction":[{"@type":"ReadAction","target":["https:\/\/lasentinelle.dz\/index.php\/2021\/09\/20\/rentree-scolaire-la-vaccination-au-sein-des-ecoles-des-demain\/"]}]},{"@type":"ImageObject","inLanguage":"fr-FR","@id":"https:\/\/lasentinelle.dz\/index.php\/2021\/09\/20\/rentree-scolaire-la-vaccination-au-sein-des-ecoles-des-demain\/#primaryimage","url":"https:\/\/lasentinelle.dz\/wp-content\/uploads\/2021\/09\/education-conference.jpeg","contentUrl":"https:\/\/lasentinelle.dz\/wp-content\/uploads\/2021\/09\/education-conference.jpeg","width":1610,"height":1228},{"@type":"BreadcrumbList","@id":"https:\/\/lasentinelle.dz\/index.php\/2021\/09\/20\/rentree-scolaire-la-vaccination-au-sein-des-ecoles-des-demain\/#breadcrumb","itemListElement":[{"@type":"ListItem","position":1,"name":"Accueil","item":"https:\/\/lasentinelle.dz\/"},{"@type":"ListItem","position":2,"name":"Rentr\u00e9e scolaire : La vaccination au sein des \u00e9coles d\u00e8s demain"}]},{"@type":"WebSite","@id":"https:\/\/lasentinelle.dz\/#website","url":"https:\/\/lasentinelle.dz\/","name":"La Sentinelle","description":"Quotidien national d&#039;information","publisher":{"@id":"https:\/\/lasentinelle.dz\/#organization"},"potentialAction":[{"@type":"SearchAction","target":{"@type":"EntryPoint","urlTemplate":"https:\/\/lasentinelle.dz\/?s={search_term_string}"},"query-input":{"@type":"PropertyValueSpecification","valueRequired":true,"valueName":"search_term_string"}}],"inLanguage":"fr-FR"},{"@type":"Organization","@id":"https:\/\/lasentinelle.dz\/#organization","name":"Quotidien La Sentinelle","url":"https:\/\/lasentinelle.dz\/","logo":{"@type":"ImageObject","inLanguage":"fr-FR","@id":"https:\/\/lasentinelle.dz\/#\/schema\/logo\/image\/","url":"https:\/\/lasentinelle.dz\/wp-content\/uploads\/2021\/09\/logo-sentinelleSLOGAN-1.png","contentUrl":"https:\/\/lasentinelle.dz\/wp-content\/uploads\/2021\/09\/logo-sentinelleSLOGAN-1.png","width":615,"height":142,"caption":"Quotidien La Sentinelle"},"image":{"@id":"https:\/\/lasentinelle.dz\/#\/schema\/logo\/image\/"},"sameAs":["https:\/\/www.facebook.com\/La-Sentinelle-104059864394773"]},{"@type":"Person","@id":"https:\/\/lasentinelle.dz\/#\/schema\/person\/d865044e22e70a75174ce8bcad3acfb3","name":"La Sentinelle","image":{"@type":"ImageObject","inLanguage":"fr-FR","@id":"https:\/\/secure.gravatar.com\/avatar\/57de8e5d4b15d43fb361a71fbb36338450fe67865b528a43dd10ef7c51a20392?s=96&d=mm&r=g","url":"https:\/\/secure.gravatar.com\/avatar\/57de8e5d4b15d43fb361a71fbb36338450fe67865b528a43dd10ef7c51a20392?s=96&d=mm&r=g","contentUrl":"https:\/\/secure.gravatar.com\/avatar\/57de8e5d4b15d43fb361a71fbb36338450fe67865b528a43dd10ef7c51a20392?s=96&d=mm&r=g","caption":"La Sentinelle"},"sameAs":["http:\/\/www.lasentinelle.dz"],"url":"https:\/\/lasentinelle.dz\/author\/redaction\/"}]}},"_links":{"self":[{"href":"https:\/\/lasentinelle.dz\/index.php\/wp-json\/wp\/v2\/posts\/8459","targetHints":{"allow":["GET"]}}],"collection":[{"href":"https:\/\/lasentinelle.dz\/index.php\/wp-json\/wp\/v2\/posts"}],"about":[{"href":"https:\/\/lasentinelle.dz\/index.php\/wp-json\/wp\/v2\/types\/post"}],"author":[{"embeddable":true,"href":"https:\/\/lasentinelle.dz\/index.php\/wp-json\/wp\/v2\/users\/3"}],"replies":[{"embeddable":true,"href":"https:\/\/lasentinelle.dz\/index.php\/wp-json\/wp\/v2\/comments?post=8459"}],"version-history":[{"count":1,"href":"https:\/\/lasentinelle.dz\/index.php\/wp-json\/wp\/v2\/posts\/8459\/revisions"}],"predecessor-version":[{"id":8481,"href":"https:\/\/lasentinelle.dz\/index.php\/wp-json\/wp\/v2\/posts\/8459\/revisions\/8481"}],"wp:featuredmedia":[{"embeddable":true,"href":"https:\/\/lasentinelle.dz\/index.php\/wp-json\/wp\/v2\/media\/8480"}],"wp:attachment":[{"href":"https:\/\/lasentinelle.dz\/index.php\/wp-json\/wp\/v2\/media?parent=8459"}],"wp:term":[{"taxonomy":"category","embeddable":true,"href":"https:\/\/lasentinelle.dz\/index.php\/wp-json\/wp\/v2\/categories?post=8459"},{"taxonomy":"post_tag","embeddable":true,"href":"https:\/\/lasentinelle.dz\/index.php\/wp-json\/wp\/v2\/tags?post=8459"}],"curies":[{"name":"wp","href":"https:\/\/api.w.org\/{rel}","templated":true}]}}