{"id":84625,"date":"2026-03-31T20:32:21","date_gmt":"2026-03-31T19:32:21","guid":{"rendered":"https:\/\/lasentinelle.dz\/?p=84625"},"modified":"2026-03-31T20:32:22","modified_gmt":"2026-03-31T19:32:22","slug":"theatre-national-algerien-un-projet-de-documentation-de-la-memoire-scenique-lance","status":"publish","type":"post","link":"https:\/\/lasentinelle.dz\/index.php\/2026\/03\/31\/theatre-national-algerien-un-projet-de-documentation-de-la-memoire-scenique-lance\/","title":{"rendered":"Th\u00e9\u00e2tre national alg\u00e9rien\u00a0: Un projet de documentation de la m\u00e9moire sc\u00e9nique lanc\u00e9"},"content":{"rendered":"\n<p>\u00c0 l&rsquo;occasion de la Journ\u00e9e mondiale du th\u00e9\u00e2tre, le Th\u00e9\u00e2tre r\u00e9gional \u00ab Sirat Boum\u00e9diene \u00bb de Sa\u00efda a d\u00e9voil\u00e9 jeudi un projet strat\u00e9gique d&rsquo;envergure visant \u00e0 pr\u00e9server et documenter le patrimoine th\u00e9\u00e2tral de la ville. Cette initiative conjointe avec le Th\u00e9\u00e2tre national alg\u00e9rien marque un tournant dans la valorisation de la vie culturelle locale en transformant la m\u00e9moire vive du th\u00e9\u00e2tre en archives institutionnelles p\u00e9rennes. L&rsquo;\u00e9v\u00e9nement, qui s&rsquo;est d\u00e9roul\u00e9 sous le slogan \u00ab Le th\u00e9\u00e2tre de Sa\u00efda, une m\u00e9moire vivante pour construire l&rsquo;avenir \u00bb, a r\u00e9uni des intellectuels et des critiques de renom autour d&rsquo;une r\u00e9flexion fondamentale sur le r\u00f4le de la documentation culturelle dans la pr\u00e9servation de l&rsquo;identit\u00e9 artistique r\u00e9gionale. Cette manifestation ne se limite pas \u00e0 une simple comm\u00e9moration ; elle marque l&rsquo;\u00e9mergence d&rsquo;une approche nouvelle, institutionnelle et syst\u00e9matique, capable de transformer le patrimoine \u00e9ph\u00e9m\u00e8re du th\u00e9\u00e2tre en ressource durable pour les chercheurs et les g\u00e9n\u00e9rations futures. Au c\u0153ur de cette initiative figure le lancement du projet \u00ab Documentation et sauvegarde de la m\u00e9moire th\u00e9\u00e2trale de la ville de Sa\u00efda \u00bb, pr\u00e9sent\u00e9 lors d&rsquo;un s\u00e9minaire scientifique intitul\u00e9 \u00ab Le th\u00e9\u00e2tre de Sa\u00efda : de l&rsquo;oral \u00e0 l&rsquo;archivage institutionnel \u00bb. Les interventions se sont succ\u00e9d\u00e9, r\u00e9v\u00e9lant une ambition profonde de repenser le rapport entre m\u00e9moire et cr\u00e9ation. Le professeur Dris KErkouane a propos\u00e9 une r\u00e9flexion po\u00e9tique et \u00e9rudite intitul\u00e9e \u00ab Des \u00e2mes derri\u00e8re le rideau : le th\u00e9\u00e2tre de l&rsquo;instant \u00e0 l&rsquo;\u00e9ternit\u00e9 du document \u00bb, questionnant la nature m\u00eame de ce qui fait qu&rsquo;une performance th\u00e9\u00e2trale transcende son caract\u00e8re \u00e9ph\u00e9m\u00e8re pour acc\u00e9der \u00e0 l&rsquo;immortalit\u00e9. Le dramaturge Mustapha Bouri a poursuivi cette r\u00e9flexion en pr\u00e9sentant \u00ab La Charte de la m\u00e9moire th\u00e9\u00e2trale de Sa\u00efda \u00bb, un cadre normatif destin\u00e9 \u00e0 guider la collecte et la pr\u00e9servation des archives. Le critique th\u00e9\u00e2tral Boubaker Skini, pour sa part, a d\u00e9voil\u00e9 les contours du projet \u00ab Unit\u00e9 de documentation et de sauvegarde de la m\u00e9moire th\u00e9\u00e2trale de Sa\u00efda \u00bb, qui servira de colonne vert\u00e9brale institutionnelle \u00e0 cet ambitieux processus de documentation. Cette unit\u00e9 rev\u00eat une importance capitale : elle aura pour mission de rassembler le patrimoine th\u00e9\u00e2tral local sous toutes ses formes, qu&rsquo;elles soient \u00e9crites, visuelles ou orales, pour constituer un v\u00e9ritable fonds documentaire scientifiquement organis\u00e9. L&rsquo;objectif affich\u00e9 est de cr\u00e9er une base de donn\u00e9es accessible, de faciliter la recherche acad\u00e9mique et de transmettre aux g\u00e9n\u00e9rations \u00e0 venir un h\u00e9ritage artistique actuellement menac\u00e9 de disparition. Dans un contexte o\u00f9 la num\u00e9risation et la pr\u00e9servation num\u00e9rique deviennent des enjeux majeurs de la sauvegarde culturelle, ce projet se positionne comme une r\u00e9ponse adapt\u00e9e aux d\u00e9fis contemporains. L&rsquo;une des initiatives les plus symboliques de la journ\u00e9e a \u00e9t\u00e9 l&rsquo;inauguration du \u00ab Coin de la m\u00e9moire \u00bb dans le hall du th\u00e9\u00e2tre. Con\u00e7u comme une urne participative, ce dispositif invite artistes et citoyens \u00e0 contribuer en d\u00e9posant des photographies, des documents, des t\u00e9moignages et des souvenirs. Cette d\u00e9marche, baptis\u00e9e \u00ab Sa\u00efda \u00e9crit son histoire \u00bb, repose sur un principe fondateur : la m\u00e9moire est une responsabilit\u00e9 collective.&nbsp;<\/p>\n\n\n\n<p>Les festivit\u00e9s se sont prolong\u00e9es en soir\u00e9e selon un programme officiel d&rsquo;envergure. Un hommage rendu \u00e0 plusieurs pionniers du th\u00e9\u00e2tre \u00e0 Sa\u00efda a marqu\u00e9 la solennit\u00e9 de l&rsquo;\u00e9v\u00e9nement, reconnaissant le travail invisible mais fondamental de ceux qui ont b\u00e2ti la culture th\u00e9\u00e2trale locale.<\/p>\n\n\n\n<p>Le programme s&rsquo;est conclu par une repr\u00e9sentation th\u00e9\u00e2trale de c\u00e9l\u00e9bration incarnant la vitalit\u00e9 de la sc\u00e8ne locale.<\/p>\n\n\n\n<p>Mohand S.<\/p>\n","protected":false},"excerpt":{"rendered":"<p>\u00c0 l&rsquo;occasion de la Journ\u00e9e mondiale du th\u00e9\u00e2tre, le Th\u00e9\u00e2tre r\u00e9gional \u00ab Sirat Boum\u00e9diene \u00bb de Sa\u00efda a d\u00e9voil\u00e9 jeudi<\/p>\n","protected":false},"author":6,"featured_media":84626,"comment_status":"open","ping_status":"closed","sticky":false,"template":"","format":"standard","meta":{"colormag_page_container_layout":"default_layout","colormag_page_sidebar_layout":"default_layout","om_disable_all_campaigns":false,"_monsterinsights_skip_tracking":false,"_monsterinsights_sitenote_active":false,"_monsterinsights_sitenote_note":"","_monsterinsights_sitenote_category":0,"footnotes":"","_wpscppro_dont_share_socialmedia":false,"_wpscppro_custom_social_share_image":0,"_facebook_share_type":"default","_twitter_share_type":"default","_linkedin_share_type":"default","_pinterest_share_type":"default","_linkedin_share_type_page":"","_instagram_share_type":"default","_medium_share_type":"default","_threads_share_type":"default","_google_business_share_type":"default","_selected_social_profile":[],"_wpsp_enable_custom_social_template":false,"_wpsp_social_scheduling":{"enabled":false,"datetime":null,"platforms":[],"status":"template_only","dateOption":"today","timeOption":"now","customDays":"","customHours":"","customDate":"","customTime":"","schedulingType":"absolute"},"_wpsp_active_default_template":true},"categories":[36],"tags":[],"class_list":["post-84625","post","type-post","status-publish","format-standard","has-post-thumbnail","hentry","category-culture"],"aioseo_notices":[],"yoast_head":"<!-- This site is optimized with the Yoast SEO plugin v27.5 - https:\/\/yoast.com\/product\/yoast-seo-wordpress\/ -->\n<title>Th\u00e9\u00e2tre national alg\u00e9rien\u00a0: Un projet de documentation de la m\u00e9moire sc\u00e9nique lanc\u00e9 - La Sentinelle<\/title>\n<meta name=\"robots\" content=\"index, follow, max-snippet:-1, max-image-preview:large, max-video-preview:-1\" \/>\n<link rel=\"canonical\" href=\"https:\/\/lasentinelle.dz\/index.php\/2026\/03\/31\/theatre-national-algerien-un-projet-de-documentation-de-la-memoire-scenique-lance\/\" \/>\n<meta property=\"og:locale\" content=\"fr_FR\" \/>\n<meta property=\"og:type\" content=\"article\" \/>\n<meta property=\"og:title\" content=\"Th\u00e9\u00e2tre national alg\u00e9rien\u00a0: Un projet de documentation de la m\u00e9moire sc\u00e9nique lanc\u00e9 - La Sentinelle\" \/>\n<meta property=\"og:description\" content=\"\u00c0 l&rsquo;occasion de la Journ\u00e9e mondiale du th\u00e9\u00e2tre, le Th\u00e9\u00e2tre r\u00e9gional \u00ab Sirat Boum\u00e9diene \u00bb de Sa\u00efda a d\u00e9voil\u00e9 jeudi\" \/>\n<meta property=\"og:url\" content=\"https:\/\/lasentinelle.dz\/index.php\/2026\/03\/31\/theatre-national-algerien-un-projet-de-documentation-de-la-memoire-scenique-lance\/\" \/>\n<meta property=\"og:site_name\" content=\"La Sentinelle\" \/>\n<meta property=\"article:publisher\" content=\"https:\/\/www.facebook.com\/La-Sentinelle-104059864394773\" \/>\n<meta property=\"article:published_time\" content=\"2026-03-31T19:32:21+00:00\" \/>\n<meta property=\"article:modified_time\" content=\"2026-03-31T19:32:22+00:00\" \/>\n<meta property=\"og:image\" content=\"https:\/\/lasentinelle.dz\/wp-content\/uploads\/2026\/03\/rencontre-theatre.jpg\" \/>\n\t<meta property=\"og:image:width\" content=\"1600\" \/>\n\t<meta property=\"og:image:height\" content=\"1066\" \/>\n\t<meta property=\"og:image:type\" content=\"image\/jpeg\" \/>\n<meta name=\"author\" content=\"admin\" \/>\n<meta name=\"twitter:card\" content=\"summary_large_image\" \/>\n<meta name=\"twitter:label1\" content=\"\u00c9crit par\" \/>\n\t<meta name=\"twitter:data1\" content=\"admin\" \/>\n\t<meta name=\"twitter:label2\" content=\"Dur\u00e9e de lecture estim\u00e9e\" \/>\n\t<meta name=\"twitter:data2\" content=\"3 minutes\" \/>\n<script type=\"application\/ld+json\" class=\"yoast-schema-graph\">{\"@context\":\"https:\\\/\\\/schema.org\",\"@graph\":[{\"@type\":\"Article\",\"@id\":\"https:\\\/\\\/lasentinelle.dz\\\/index.php\\\/2026\\\/03\\\/31\\\/theatre-national-algerien-un-projet-de-documentation-de-la-memoire-scenique-lance\\\/#article\",\"isPartOf\":{\"@id\":\"https:\\\/\\\/lasentinelle.dz\\\/index.php\\\/2026\\\/03\\\/31\\\/theatre-national-algerien-un-projet-de-documentation-de-la-memoire-scenique-lance\\\/\"},\"author\":{\"name\":\"admin\",\"@id\":\"https:\\\/\\\/lasentinelle.dz\\\/#\\\/schema\\\/person\\\/729ee0024f24e0b8c5ec17232f8e8b41\"},\"headline\":\"Th\u00e9\u00e2tre national alg\u00e9rien\u00a0: Un projet de documentation de la m\u00e9moire sc\u00e9nique lanc\u00e9\",\"datePublished\":\"2026-03-31T19:32:21+00:00\",\"dateModified\":\"2026-03-31T19:32:22+00:00\",\"mainEntityOfPage\":{\"@id\":\"https:\\\/\\\/lasentinelle.dz\\\/index.php\\\/2026\\\/03\\\/31\\\/theatre-national-algerien-un-projet-de-documentation-de-la-memoire-scenique-lance\\\/\"},\"wordCount\":663,\"commentCount\":0,\"publisher\":{\"@id\":\"https:\\\/\\\/lasentinelle.dz\\\/#organization\"},\"image\":{\"@id\":\"https:\\\/\\\/lasentinelle.dz\\\/index.php\\\/2026\\\/03\\\/31\\\/theatre-national-algerien-un-projet-de-documentation-de-la-memoire-scenique-lance\\\/#primaryimage\"},\"thumbnailUrl\":\"https:\\\/\\\/lasentinelle.dz\\\/wp-content\\\/uploads\\\/2026\\\/03\\\/rencontre-theatre.jpg\",\"articleSection\":[\"Culture\"],\"inLanguage\":\"fr-FR\",\"potentialAction\":[{\"@type\":\"CommentAction\",\"name\":\"Comment\",\"target\":[\"https:\\\/\\\/lasentinelle.dz\\\/index.php\\\/2026\\\/03\\\/31\\\/theatre-national-algerien-un-projet-de-documentation-de-la-memoire-scenique-lance\\\/#respond\"]}]},{\"@type\":\"WebPage\",\"@id\":\"https:\\\/\\\/lasentinelle.dz\\\/index.php\\\/2026\\\/03\\\/31\\\/theatre-national-algerien-un-projet-de-documentation-de-la-memoire-scenique-lance\\\/\",\"url\":\"https:\\\/\\\/lasentinelle.dz\\\/index.php\\\/2026\\\/03\\\/31\\\/theatre-national-algerien-un-projet-de-documentation-de-la-memoire-scenique-lance\\\/\",\"name\":\"Th\u00e9\u00e2tre national alg\u00e9rien\u00a0: Un projet de documentation de la m\u00e9moire sc\u00e9nique lanc\u00e9 - La Sentinelle\",\"isPartOf\":{\"@id\":\"https:\\\/\\\/lasentinelle.dz\\\/#website\"},\"primaryImageOfPage\":{\"@id\":\"https:\\\/\\\/lasentinelle.dz\\\/index.php\\\/2026\\\/03\\\/31\\\/theatre-national-algerien-un-projet-de-documentation-de-la-memoire-scenique-lance\\\/#primaryimage\"},\"image\":{\"@id\":\"https:\\\/\\\/lasentinelle.dz\\\/index.php\\\/2026\\\/03\\\/31\\\/theatre-national-algerien-un-projet-de-documentation-de-la-memoire-scenique-lance\\\/#primaryimage\"},\"thumbnailUrl\":\"https:\\\/\\\/lasentinelle.dz\\\/wp-content\\\/uploads\\\/2026\\\/03\\\/rencontre-theatre.jpg\",\"datePublished\":\"2026-03-31T19:32:21+00:00\",\"dateModified\":\"2026-03-31T19:32:22+00:00\",\"breadcrumb\":{\"@id\":\"https:\\\/\\\/lasentinelle.dz\\\/index.php\\\/2026\\\/03\\\/31\\\/theatre-national-algerien-un-projet-de-documentation-de-la-memoire-scenique-lance\\\/#breadcrumb\"},\"inLanguage\":\"fr-FR\",\"potentialAction\":[{\"@type\":\"ReadAction\",\"target\":[\"https:\\\/\\\/lasentinelle.dz\\\/index.php\\\/2026\\\/03\\\/31\\\/theatre-national-algerien-un-projet-de-documentation-de-la-memoire-scenique-lance\\\/\"]}]},{\"@type\":\"ImageObject\",\"inLanguage\":\"fr-FR\",\"@id\":\"https:\\\/\\\/lasentinelle.dz\\\/index.php\\\/2026\\\/03\\\/31\\\/theatre-national-algerien-un-projet-de-documentation-de-la-memoire-scenique-lance\\\/#primaryimage\",\"url\":\"https:\\\/\\\/lasentinelle.dz\\\/wp-content\\\/uploads\\\/2026\\\/03\\\/rencontre-theatre.jpg\",\"contentUrl\":\"https:\\\/\\\/lasentinelle.dz\\\/wp-content\\\/uploads\\\/2026\\\/03\\\/rencontre-theatre.jpg\",\"width\":1600,\"height\":1066},{\"@type\":\"BreadcrumbList\",\"@id\":\"https:\\\/\\\/lasentinelle.dz\\\/index.php\\\/2026\\\/03\\\/31\\\/theatre-national-algerien-un-projet-de-documentation-de-la-memoire-scenique-lance\\\/#breadcrumb\",\"itemListElement\":[{\"@type\":\"ListItem\",\"position\":1,\"name\":\"Accueil\",\"item\":\"https:\\\/\\\/lasentinelle.dz\\\/\"},{\"@type\":\"ListItem\",\"position\":2,\"name\":\"Th\u00e9\u00e2tre national alg\u00e9rien\u00a0: Un projet de documentation de la m\u00e9moire sc\u00e9nique lanc\u00e9\"}]},{\"@type\":\"WebSite\",\"@id\":\"https:\\\/\\\/lasentinelle.dz\\\/#website\",\"url\":\"https:\\\/\\\/lasentinelle.dz\\\/\",\"name\":\"La Sentinelle\",\"description\":\"Quotidien national d&#039;information\",\"publisher\":{\"@id\":\"https:\\\/\\\/lasentinelle.dz\\\/#organization\"},\"potentialAction\":[{\"@type\":\"SearchAction\",\"target\":{\"@type\":\"EntryPoint\",\"urlTemplate\":\"https:\\\/\\\/lasentinelle.dz\\\/?s={search_term_string}\"},\"query-input\":{\"@type\":\"PropertyValueSpecification\",\"valueRequired\":true,\"valueName\":\"search_term_string\"}}],\"inLanguage\":\"fr-FR\"},{\"@type\":\"Organization\",\"@id\":\"https:\\\/\\\/lasentinelle.dz\\\/#organization\",\"name\":\"Quotidien La Sentinelle\",\"url\":\"https:\\\/\\\/lasentinelle.dz\\\/\",\"logo\":{\"@type\":\"ImageObject\",\"inLanguage\":\"fr-FR\",\"@id\":\"https:\\\/\\\/lasentinelle.dz\\\/#\\\/schema\\\/logo\\\/image\\\/\",\"url\":\"https:\\\/\\\/lasentinelle.dz\\\/wp-content\\\/uploads\\\/2021\\\/09\\\/logo-sentinelleSLOGAN-1.png\",\"contentUrl\":\"https:\\\/\\\/lasentinelle.dz\\\/wp-content\\\/uploads\\\/2021\\\/09\\\/logo-sentinelleSLOGAN-1.png\",\"width\":615,\"height\":142,\"caption\":\"Quotidien La Sentinelle\"},\"image\":{\"@id\":\"https:\\\/\\\/lasentinelle.dz\\\/#\\\/schema\\\/logo\\\/image\\\/\"},\"sameAs\":[\"https:\\\/\\\/www.facebook.com\\\/La-Sentinelle-104059864394773\"]},{\"@type\":\"Person\",\"@id\":\"https:\\\/\\\/lasentinelle.dz\\\/#\\\/schema\\\/person\\\/729ee0024f24e0b8c5ec17232f8e8b41\",\"name\":\"admin\",\"image\":{\"@type\":\"ImageObject\",\"inLanguage\":\"fr-FR\",\"@id\":\"https:\\\/\\\/secure.gravatar.com\\\/avatar\\\/4c81fed838786e9b53f540bf46533e750f5d292099ae3b66cfc6fb1982e29df7?s=96&d=mm&r=g\",\"url\":\"https:\\\/\\\/secure.gravatar.com\\\/avatar\\\/4c81fed838786e9b53f540bf46533e750f5d292099ae3b66cfc6fb1982e29df7?s=96&d=mm&r=g\",\"contentUrl\":\"https:\\\/\\\/secure.gravatar.com\\\/avatar\\\/4c81fed838786e9b53f540bf46533e750f5d292099ae3b66cfc6fb1982e29df7?s=96&d=mm&r=g\",\"caption\":\"admin\"},\"description\":\"admin\",\"url\":\"https:\\\/\\\/lasentinelle.dz\\\/author\\\/admin\\\/\"}]}<\/script>\n<!-- \/ Yoast SEO plugin. -->","yoast_head_json":{"title":"Th\u00e9\u00e2tre national alg\u00e9rien\u00a0: Un projet de documentation de la m\u00e9moire sc\u00e9nique lanc\u00e9 - La Sentinelle","robots":{"index":"index","follow":"follow","max-snippet":"max-snippet:-1","max-image-preview":"max-image-preview:large","max-video-preview":"max-video-preview:-1"},"canonical":"https:\/\/lasentinelle.dz\/index.php\/2026\/03\/31\/theatre-national-algerien-un-projet-de-documentation-de-la-memoire-scenique-lance\/","og_locale":"fr_FR","og_type":"article","og_title":"Th\u00e9\u00e2tre national alg\u00e9rien\u00a0: Un projet de documentation de la m\u00e9moire sc\u00e9nique lanc\u00e9 - La Sentinelle","og_description":"\u00c0 l&rsquo;occasion de la Journ\u00e9e mondiale du th\u00e9\u00e2tre, le Th\u00e9\u00e2tre r\u00e9gional \u00ab Sirat Boum\u00e9diene \u00bb de Sa\u00efda a d\u00e9voil\u00e9 jeudi","og_url":"https:\/\/lasentinelle.dz\/index.php\/2026\/03\/31\/theatre-national-algerien-un-projet-de-documentation-de-la-memoire-scenique-lance\/","og_site_name":"La Sentinelle","article_publisher":"https:\/\/www.facebook.com\/La-Sentinelle-104059864394773","article_published_time":"2026-03-31T19:32:21+00:00","article_modified_time":"2026-03-31T19:32:22+00:00","og_image":[{"width":1600,"height":1066,"url":"https:\/\/lasentinelle.dz\/wp-content\/uploads\/2026\/03\/rencontre-theatre.jpg","type":"image\/jpeg"}],"author":"admin","twitter_card":"summary_large_image","twitter_misc":{"\u00c9crit par":"admin","Dur\u00e9e de lecture estim\u00e9e":"3 minutes"},"schema":{"@context":"https:\/\/schema.org","@graph":[{"@type":"Article","@id":"https:\/\/lasentinelle.dz\/index.php\/2026\/03\/31\/theatre-national-algerien-un-projet-de-documentation-de-la-memoire-scenique-lance\/#article","isPartOf":{"@id":"https:\/\/lasentinelle.dz\/index.php\/2026\/03\/31\/theatre-national-algerien-un-projet-de-documentation-de-la-memoire-scenique-lance\/"},"author":{"name":"admin","@id":"https:\/\/lasentinelle.dz\/#\/schema\/person\/729ee0024f24e0b8c5ec17232f8e8b41"},"headline":"Th\u00e9\u00e2tre national alg\u00e9rien\u00a0: Un projet de documentation de la m\u00e9moire sc\u00e9nique lanc\u00e9","datePublished":"2026-03-31T19:32:21+00:00","dateModified":"2026-03-31T19:32:22+00:00","mainEntityOfPage":{"@id":"https:\/\/lasentinelle.dz\/index.php\/2026\/03\/31\/theatre-national-algerien-un-projet-de-documentation-de-la-memoire-scenique-lance\/"},"wordCount":663,"commentCount":0,"publisher":{"@id":"https:\/\/lasentinelle.dz\/#organization"},"image":{"@id":"https:\/\/lasentinelle.dz\/index.php\/2026\/03\/31\/theatre-national-algerien-un-projet-de-documentation-de-la-memoire-scenique-lance\/#primaryimage"},"thumbnailUrl":"https:\/\/lasentinelle.dz\/wp-content\/uploads\/2026\/03\/rencontre-theatre.jpg","articleSection":["Culture"],"inLanguage":"fr-FR","potentialAction":[{"@type":"CommentAction","name":"Comment","target":["https:\/\/lasentinelle.dz\/index.php\/2026\/03\/31\/theatre-national-algerien-un-projet-de-documentation-de-la-memoire-scenique-lance\/#respond"]}]},{"@type":"WebPage","@id":"https:\/\/lasentinelle.dz\/index.php\/2026\/03\/31\/theatre-national-algerien-un-projet-de-documentation-de-la-memoire-scenique-lance\/","url":"https:\/\/lasentinelle.dz\/index.php\/2026\/03\/31\/theatre-national-algerien-un-projet-de-documentation-de-la-memoire-scenique-lance\/","name":"Th\u00e9\u00e2tre national alg\u00e9rien\u00a0: Un projet de documentation de la m\u00e9moire sc\u00e9nique lanc\u00e9 - La Sentinelle","isPartOf":{"@id":"https:\/\/lasentinelle.dz\/#website"},"primaryImageOfPage":{"@id":"https:\/\/lasentinelle.dz\/index.php\/2026\/03\/31\/theatre-national-algerien-un-projet-de-documentation-de-la-memoire-scenique-lance\/#primaryimage"},"image":{"@id":"https:\/\/lasentinelle.dz\/index.php\/2026\/03\/31\/theatre-national-algerien-un-projet-de-documentation-de-la-memoire-scenique-lance\/#primaryimage"},"thumbnailUrl":"https:\/\/lasentinelle.dz\/wp-content\/uploads\/2026\/03\/rencontre-theatre.jpg","datePublished":"2026-03-31T19:32:21+00:00","dateModified":"2026-03-31T19:32:22+00:00","breadcrumb":{"@id":"https:\/\/lasentinelle.dz\/index.php\/2026\/03\/31\/theatre-national-algerien-un-projet-de-documentation-de-la-memoire-scenique-lance\/#breadcrumb"},"inLanguage":"fr-FR","potentialAction":[{"@type":"ReadAction","target":["https:\/\/lasentinelle.dz\/index.php\/2026\/03\/31\/theatre-national-algerien-un-projet-de-documentation-de-la-memoire-scenique-lance\/"]}]},{"@type":"ImageObject","inLanguage":"fr-FR","@id":"https:\/\/lasentinelle.dz\/index.php\/2026\/03\/31\/theatre-national-algerien-un-projet-de-documentation-de-la-memoire-scenique-lance\/#primaryimage","url":"https:\/\/lasentinelle.dz\/wp-content\/uploads\/2026\/03\/rencontre-theatre.jpg","contentUrl":"https:\/\/lasentinelle.dz\/wp-content\/uploads\/2026\/03\/rencontre-theatre.jpg","width":1600,"height":1066},{"@type":"BreadcrumbList","@id":"https:\/\/lasentinelle.dz\/index.php\/2026\/03\/31\/theatre-national-algerien-un-projet-de-documentation-de-la-memoire-scenique-lance\/#breadcrumb","itemListElement":[{"@type":"ListItem","position":1,"name":"Accueil","item":"https:\/\/lasentinelle.dz\/"},{"@type":"ListItem","position":2,"name":"Th\u00e9\u00e2tre national alg\u00e9rien\u00a0: Un projet de documentation de la m\u00e9moire sc\u00e9nique lanc\u00e9"}]},{"@type":"WebSite","@id":"https:\/\/lasentinelle.dz\/#website","url":"https:\/\/lasentinelle.dz\/","name":"La Sentinelle","description":"Quotidien national d&#039;information","publisher":{"@id":"https:\/\/lasentinelle.dz\/#organization"},"potentialAction":[{"@type":"SearchAction","target":{"@type":"EntryPoint","urlTemplate":"https:\/\/lasentinelle.dz\/?s={search_term_string}"},"query-input":{"@type":"PropertyValueSpecification","valueRequired":true,"valueName":"search_term_string"}}],"inLanguage":"fr-FR"},{"@type":"Organization","@id":"https:\/\/lasentinelle.dz\/#organization","name":"Quotidien La Sentinelle","url":"https:\/\/lasentinelle.dz\/","logo":{"@type":"ImageObject","inLanguage":"fr-FR","@id":"https:\/\/lasentinelle.dz\/#\/schema\/logo\/image\/","url":"https:\/\/lasentinelle.dz\/wp-content\/uploads\/2021\/09\/logo-sentinelleSLOGAN-1.png","contentUrl":"https:\/\/lasentinelle.dz\/wp-content\/uploads\/2021\/09\/logo-sentinelleSLOGAN-1.png","width":615,"height":142,"caption":"Quotidien La Sentinelle"},"image":{"@id":"https:\/\/lasentinelle.dz\/#\/schema\/logo\/image\/"},"sameAs":["https:\/\/www.facebook.com\/La-Sentinelle-104059864394773"]},{"@type":"Person","@id":"https:\/\/lasentinelle.dz\/#\/schema\/person\/729ee0024f24e0b8c5ec17232f8e8b41","name":"admin","image":{"@type":"ImageObject","inLanguage":"fr-FR","@id":"https:\/\/secure.gravatar.com\/avatar\/4c81fed838786e9b53f540bf46533e750f5d292099ae3b66cfc6fb1982e29df7?s=96&d=mm&r=g","url":"https:\/\/secure.gravatar.com\/avatar\/4c81fed838786e9b53f540bf46533e750f5d292099ae3b66cfc6fb1982e29df7?s=96&d=mm&r=g","contentUrl":"https:\/\/secure.gravatar.com\/avatar\/4c81fed838786e9b53f540bf46533e750f5d292099ae3b66cfc6fb1982e29df7?s=96&d=mm&r=g","caption":"admin"},"description":"admin","url":"https:\/\/lasentinelle.dz\/author\/admin\/"}]}},"_links":{"self":[{"href":"https:\/\/lasentinelle.dz\/index.php\/wp-json\/wp\/v2\/posts\/84625","targetHints":{"allow":["GET"]}}],"collection":[{"href":"https:\/\/lasentinelle.dz\/index.php\/wp-json\/wp\/v2\/posts"}],"about":[{"href":"https:\/\/lasentinelle.dz\/index.php\/wp-json\/wp\/v2\/types\/post"}],"author":[{"embeddable":true,"href":"https:\/\/lasentinelle.dz\/index.php\/wp-json\/wp\/v2\/users\/6"}],"replies":[{"embeddable":true,"href":"https:\/\/lasentinelle.dz\/index.php\/wp-json\/wp\/v2\/comments?post=84625"}],"version-history":[{"count":1,"href":"https:\/\/lasentinelle.dz\/index.php\/wp-json\/wp\/v2\/posts\/84625\/revisions"}],"predecessor-version":[{"id":84627,"href":"https:\/\/lasentinelle.dz\/index.php\/wp-json\/wp\/v2\/posts\/84625\/revisions\/84627"}],"wp:featuredmedia":[{"embeddable":true,"href":"https:\/\/lasentinelle.dz\/index.php\/wp-json\/wp\/v2\/media\/84626"}],"wp:attachment":[{"href":"https:\/\/lasentinelle.dz\/index.php\/wp-json\/wp\/v2\/media?parent=84625"}],"wp:term":[{"taxonomy":"category","embeddable":true,"href":"https:\/\/lasentinelle.dz\/index.php\/wp-json\/wp\/v2\/categories?post=84625"},{"taxonomy":"post_tag","embeddable":true,"href":"https:\/\/lasentinelle.dz\/index.php\/wp-json\/wp\/v2\/tags?post=84625"}],"curies":[{"name":"wp","href":"https:\/\/api.w.org\/{rel}","templated":true}]}}