{"id":84862,"date":"2026-04-04T19:28:46","date_gmt":"2026-04-04T18:28:46","guid":{"rendered":"https:\/\/lasentinelle.dz\/?p=84862"},"modified":"2026-04-04T19:28:47","modified_gmt":"2026-04-04T18:28:47","slug":"reprise-de-la-liaison-aerienne-alger-el-meniaa-par-gros-porteur","status":"publish","type":"post","link":"https:\/\/lasentinelle.dz\/index.php\/2026\/04\/04\/reprise-de-la-liaison-aerienne-alger-el-meniaa-par-gros-porteur\/","title":{"rendered":"Reprise de la liaison a\u00e9rienne Alger-El Meniaa par gros porteur"},"content":{"rendered":"\n<p>Un avion gros-porteur a atterri, vendredi, \u00e0 l&rsquo;a\u00e9roport d&rsquo;El-Meniaa en provenance d&rsquo;Alger, marquant une reprise de cette liaison a\u00e9rienne int\u00e9rieure avec de gros appareils, apr\u00e8s une interruption de plusieurs ann\u00e9es, a-t-on appris samedi aupr\u00e8s des services de la wilaya. Entrant dans le cadre de l&rsquo;am\u00e9lioration des prestations de transport a\u00e9rien, cette desserte a \u00e9t\u00e9 assur\u00e9e avec un avion de type Boeing-733, d&rsquo;une capacit\u00e9 de 148 places, en provenance d&rsquo;Alger, a-t-on indiqu\u00e9. La reprise de cette desserte a\u00e9rienne, avec l&rsquo;accueil de l&rsquo;appareil \u00e0 l&rsquo;a\u00e9roport par les autorit\u00e9s de la wilaya, \u00e0 leur t\u00eate le wali d&rsquo;El-Meniaa, Mokhtar Benmalek, traduit les efforts d\u00e9ploy\u00e9s pour le renforcement du r\u00e9seau de transport a\u00e9rien vers les destinations du sud du pays. Plusieurs passagers ont salu\u00e9 cette reprise allant dans le sens de l&rsquo;am\u00e9lioration des conditions de transport et de confort, pour le bien \u00eatre des voyageurs de la wilaya d&rsquo;El-Meniaa et des autres passagers \u00e0 destination des r\u00e9gions du Grand Sud.<\/p>\n\n\n\n<p>Le programme de vols pr\u00e9voit d\u00e9sormais deux dessertes hebdomadaires Alger-El Meniaa, assur\u00e9es sur un appareil Boeing, en plus des autres liaisons r\u00e9guli\u00e8res assur\u00e9es avec des a\u00e9ronefs de petite capacit\u00e9, susceptibles d&rsquo;impulser la dynamique de transport a\u00e9rien dans la r\u00e9gion, ont soulign\u00e9 les m\u00eames services de la wilaya.<\/p>\n\n\n\n<p>APS<\/p>\n","protected":false},"excerpt":{"rendered":"<p>Un avion gros-porteur a atterri, vendredi, \u00e0 l&rsquo;a\u00e9roport d&rsquo;El-Meniaa en provenance d&rsquo;Alger, marquant une reprise de cette liaison a\u00e9rienne int\u00e9rieure<\/p>\n","protected":false},"author":6,"featured_media":84863,"comment_status":"open","ping_status":"closed","sticky":false,"template":"","format":"standard","meta":{"colormag_page_container_layout":"default_layout","colormag_page_sidebar_layout":"default_layout","om_disable_all_campaigns":false,"_monsterinsights_skip_tracking":false,"_monsterinsights_sitenote_active":false,"_monsterinsights_sitenote_note":"","_monsterinsights_sitenote_category":0,"footnotes":"","_wpscppro_dont_share_socialmedia":false,"_wpscppro_custom_social_share_image":0,"_facebook_share_type":"default","_twitter_share_type":"default","_linkedin_share_type":"default","_pinterest_share_type":"default","_linkedin_share_type_page":"","_instagram_share_type":"default","_medium_share_type":"default","_threads_share_type":"default","_google_business_share_type":"default","_selected_social_profile":[],"_wpsp_enable_custom_social_template":false,"_wpsp_social_scheduling":{"enabled":false,"datetime":null,"platforms":[],"status":"template_only","dateOption":"today","timeOption":"now","customDays":"","customHours":"","customDate":"","customTime":"","schedulingType":"absolute"},"_wpsp_active_default_template":true},"categories":[27],"tags":[],"class_list":["post-84862","post","type-post","status-publish","format-standard","has-post-thumbnail","hentry","category-actualite"],"aioseo_notices":[],"yoast_head":"<!-- This site is optimized with the Yoast SEO plugin v27.5 - https:\/\/yoast.com\/product\/yoast-seo-wordpress\/ -->\n<title>Reprise de la liaison a\u00e9rienne Alger-El Meniaa par gros porteur - La Sentinelle<\/title>\n<meta name=\"robots\" content=\"index, follow, max-snippet:-1, max-image-preview:large, max-video-preview:-1\" \/>\n<link rel=\"canonical\" href=\"https:\/\/lasentinelle.dz\/index.php\/2026\/04\/04\/reprise-de-la-liaison-aerienne-alger-el-meniaa-par-gros-porteur\/\" \/>\n<meta property=\"og:locale\" content=\"fr_FR\" \/>\n<meta property=\"og:type\" content=\"article\" \/>\n<meta property=\"og:title\" content=\"Reprise de la liaison a\u00e9rienne Alger-El Meniaa par gros porteur - La Sentinelle\" \/>\n<meta property=\"og:description\" content=\"Un avion gros-porteur a atterri, vendredi, \u00e0 l&rsquo;a\u00e9roport d&rsquo;El-Meniaa en provenance d&rsquo;Alger, marquant une reprise de cette liaison a\u00e9rienne int\u00e9rieure\" \/>\n<meta property=\"og:url\" content=\"https:\/\/lasentinelle.dz\/index.php\/2026\/04\/04\/reprise-de-la-liaison-aerienne-alger-el-meniaa-par-gros-porteur\/\" \/>\n<meta property=\"og:site_name\" content=\"La Sentinelle\" \/>\n<meta property=\"article:publisher\" content=\"https:\/\/www.facebook.com\/La-Sentinelle-104059864394773\" \/>\n<meta property=\"article:published_time\" content=\"2026-04-04T18:28:46+00:00\" \/>\n<meta property=\"article:modified_time\" content=\"2026-04-04T18:28:47+00:00\" \/>\n<meta property=\"og:image\" content=\"https:\/\/lasentinelle.dz\/wp-content\/uploads\/2026\/04\/air-algerie-menea.jpg\" \/>\n\t<meta property=\"og:image:width\" content=\"2000\" \/>\n\t<meta property=\"og:image:height\" content=\"934\" \/>\n\t<meta property=\"og:image:type\" content=\"image\/jpeg\" \/>\n<meta name=\"author\" content=\"admin\" \/>\n<meta name=\"twitter:card\" content=\"summary_large_image\" \/>\n<meta name=\"twitter:label1\" content=\"\u00c9crit par\" \/>\n\t<meta name=\"twitter:data1\" content=\"admin\" \/>\n\t<meta name=\"twitter:label2\" content=\"Dur\u00e9e de lecture estim\u00e9e\" \/>\n\t<meta name=\"twitter:data2\" content=\"2 minutes\" \/>\n<script type=\"application\/ld+json\" class=\"yoast-schema-graph\">{\"@context\":\"https:\\\/\\\/schema.org\",\"@graph\":[{\"@type\":\"Article\",\"@id\":\"https:\\\/\\\/lasentinelle.dz\\\/index.php\\\/2026\\\/04\\\/04\\\/reprise-de-la-liaison-aerienne-alger-el-meniaa-par-gros-porteur\\\/#article\",\"isPartOf\":{\"@id\":\"https:\\\/\\\/lasentinelle.dz\\\/index.php\\\/2026\\\/04\\\/04\\\/reprise-de-la-liaison-aerienne-alger-el-meniaa-par-gros-porteur\\\/\"},\"author\":{\"name\":\"admin\",\"@id\":\"https:\\\/\\\/lasentinelle.dz\\\/#\\\/schema\\\/person\\\/729ee0024f24e0b8c5ec17232f8e8b41\"},\"headline\":\"Reprise de la liaison a\u00e9rienne Alger-El Meniaa par gros porteur\",\"datePublished\":\"2026-04-04T18:28:46+00:00\",\"dateModified\":\"2026-04-04T18:28:47+00:00\",\"mainEntityOfPage\":{\"@id\":\"https:\\\/\\\/lasentinelle.dz\\\/index.php\\\/2026\\\/04\\\/04\\\/reprise-de-la-liaison-aerienne-alger-el-meniaa-par-gros-porteur\\\/\"},\"wordCount\":252,\"commentCount\":0,\"publisher\":{\"@id\":\"https:\\\/\\\/lasentinelle.dz\\\/#organization\"},\"image\":{\"@id\":\"https:\\\/\\\/lasentinelle.dz\\\/index.php\\\/2026\\\/04\\\/04\\\/reprise-de-la-liaison-aerienne-alger-el-meniaa-par-gros-porteur\\\/#primaryimage\"},\"thumbnailUrl\":\"https:\\\/\\\/lasentinelle.dz\\\/wp-content\\\/uploads\\\/2026\\\/04\\\/air-algerie-menea.jpg\",\"articleSection\":[\"Actualit\u00e9\"],\"inLanguage\":\"fr-FR\",\"potentialAction\":[{\"@type\":\"CommentAction\",\"name\":\"Comment\",\"target\":[\"https:\\\/\\\/lasentinelle.dz\\\/index.php\\\/2026\\\/04\\\/04\\\/reprise-de-la-liaison-aerienne-alger-el-meniaa-par-gros-porteur\\\/#respond\"]}]},{\"@type\":\"WebPage\",\"@id\":\"https:\\\/\\\/lasentinelle.dz\\\/index.php\\\/2026\\\/04\\\/04\\\/reprise-de-la-liaison-aerienne-alger-el-meniaa-par-gros-porteur\\\/\",\"url\":\"https:\\\/\\\/lasentinelle.dz\\\/index.php\\\/2026\\\/04\\\/04\\\/reprise-de-la-liaison-aerienne-alger-el-meniaa-par-gros-porteur\\\/\",\"name\":\"Reprise de la liaison a\u00e9rienne Alger-El Meniaa par gros porteur - La Sentinelle\",\"isPartOf\":{\"@id\":\"https:\\\/\\\/lasentinelle.dz\\\/#website\"},\"primaryImageOfPage\":{\"@id\":\"https:\\\/\\\/lasentinelle.dz\\\/index.php\\\/2026\\\/04\\\/04\\\/reprise-de-la-liaison-aerienne-alger-el-meniaa-par-gros-porteur\\\/#primaryimage\"},\"image\":{\"@id\":\"https:\\\/\\\/lasentinelle.dz\\\/index.php\\\/2026\\\/04\\\/04\\\/reprise-de-la-liaison-aerienne-alger-el-meniaa-par-gros-porteur\\\/#primaryimage\"},\"thumbnailUrl\":\"https:\\\/\\\/lasentinelle.dz\\\/wp-content\\\/uploads\\\/2026\\\/04\\\/air-algerie-menea.jpg\",\"datePublished\":\"2026-04-04T18:28:46+00:00\",\"dateModified\":\"2026-04-04T18:28:47+00:00\",\"breadcrumb\":{\"@id\":\"https:\\\/\\\/lasentinelle.dz\\\/index.php\\\/2026\\\/04\\\/04\\\/reprise-de-la-liaison-aerienne-alger-el-meniaa-par-gros-porteur\\\/#breadcrumb\"},\"inLanguage\":\"fr-FR\",\"potentialAction\":[{\"@type\":\"ReadAction\",\"target\":[\"https:\\\/\\\/lasentinelle.dz\\\/index.php\\\/2026\\\/04\\\/04\\\/reprise-de-la-liaison-aerienne-alger-el-meniaa-par-gros-porteur\\\/\"]}]},{\"@type\":\"ImageObject\",\"inLanguage\":\"fr-FR\",\"@id\":\"https:\\\/\\\/lasentinelle.dz\\\/index.php\\\/2026\\\/04\\\/04\\\/reprise-de-la-liaison-aerienne-alger-el-meniaa-par-gros-porteur\\\/#primaryimage\",\"url\":\"https:\\\/\\\/lasentinelle.dz\\\/wp-content\\\/uploads\\\/2026\\\/04\\\/air-algerie-menea.jpg\",\"contentUrl\":\"https:\\\/\\\/lasentinelle.dz\\\/wp-content\\\/uploads\\\/2026\\\/04\\\/air-algerie-menea.jpg\",\"width\":2000,\"height\":934},{\"@type\":\"BreadcrumbList\",\"@id\":\"https:\\\/\\\/lasentinelle.dz\\\/index.php\\\/2026\\\/04\\\/04\\\/reprise-de-la-liaison-aerienne-alger-el-meniaa-par-gros-porteur\\\/#breadcrumb\",\"itemListElement\":[{\"@type\":\"ListItem\",\"position\":1,\"name\":\"Accueil\",\"item\":\"https:\\\/\\\/lasentinelle.dz\\\/\"},{\"@type\":\"ListItem\",\"position\":2,\"name\":\"Reprise de la liaison a\u00e9rienne Alger-El Meniaa par gros porteur\"}]},{\"@type\":\"WebSite\",\"@id\":\"https:\\\/\\\/lasentinelle.dz\\\/#website\",\"url\":\"https:\\\/\\\/lasentinelle.dz\\\/\",\"name\":\"La Sentinelle\",\"description\":\"Quotidien national d&#039;information\",\"publisher\":{\"@id\":\"https:\\\/\\\/lasentinelle.dz\\\/#organization\"},\"potentialAction\":[{\"@type\":\"SearchAction\",\"target\":{\"@type\":\"EntryPoint\",\"urlTemplate\":\"https:\\\/\\\/lasentinelle.dz\\\/?s={search_term_string}\"},\"query-input\":{\"@type\":\"PropertyValueSpecification\",\"valueRequired\":true,\"valueName\":\"search_term_string\"}}],\"inLanguage\":\"fr-FR\"},{\"@type\":\"Organization\",\"@id\":\"https:\\\/\\\/lasentinelle.dz\\\/#organization\",\"name\":\"Quotidien La Sentinelle\",\"url\":\"https:\\\/\\\/lasentinelle.dz\\\/\",\"logo\":{\"@type\":\"ImageObject\",\"inLanguage\":\"fr-FR\",\"@id\":\"https:\\\/\\\/lasentinelle.dz\\\/#\\\/schema\\\/logo\\\/image\\\/\",\"url\":\"https:\\\/\\\/lasentinelle.dz\\\/wp-content\\\/uploads\\\/2021\\\/09\\\/logo-sentinelleSLOGAN-1.png\",\"contentUrl\":\"https:\\\/\\\/lasentinelle.dz\\\/wp-content\\\/uploads\\\/2021\\\/09\\\/logo-sentinelleSLOGAN-1.png\",\"width\":615,\"height\":142,\"caption\":\"Quotidien La Sentinelle\"},\"image\":{\"@id\":\"https:\\\/\\\/lasentinelle.dz\\\/#\\\/schema\\\/logo\\\/image\\\/\"},\"sameAs\":[\"https:\\\/\\\/www.facebook.com\\\/La-Sentinelle-104059864394773\"]},{\"@type\":\"Person\",\"@id\":\"https:\\\/\\\/lasentinelle.dz\\\/#\\\/schema\\\/person\\\/729ee0024f24e0b8c5ec17232f8e8b41\",\"name\":\"admin\",\"image\":{\"@type\":\"ImageObject\",\"inLanguage\":\"fr-FR\",\"@id\":\"https:\\\/\\\/secure.gravatar.com\\\/avatar\\\/4c81fed838786e9b53f540bf46533e750f5d292099ae3b66cfc6fb1982e29df7?s=96&d=mm&r=g\",\"url\":\"https:\\\/\\\/secure.gravatar.com\\\/avatar\\\/4c81fed838786e9b53f540bf46533e750f5d292099ae3b66cfc6fb1982e29df7?s=96&d=mm&r=g\",\"contentUrl\":\"https:\\\/\\\/secure.gravatar.com\\\/avatar\\\/4c81fed838786e9b53f540bf46533e750f5d292099ae3b66cfc6fb1982e29df7?s=96&d=mm&r=g\",\"caption\":\"admin\"},\"description\":\"admin\",\"url\":\"https:\\\/\\\/lasentinelle.dz\\\/author\\\/admin\\\/\"}]}<\/script>\n<!-- \/ Yoast SEO plugin. -->","yoast_head_json":{"title":"Reprise de la liaison a\u00e9rienne Alger-El Meniaa par gros porteur - La Sentinelle","robots":{"index":"index","follow":"follow","max-snippet":"max-snippet:-1","max-image-preview":"max-image-preview:large","max-video-preview":"max-video-preview:-1"},"canonical":"https:\/\/lasentinelle.dz\/index.php\/2026\/04\/04\/reprise-de-la-liaison-aerienne-alger-el-meniaa-par-gros-porteur\/","og_locale":"fr_FR","og_type":"article","og_title":"Reprise de la liaison a\u00e9rienne Alger-El Meniaa par gros porteur - La Sentinelle","og_description":"Un avion gros-porteur a atterri, vendredi, \u00e0 l&rsquo;a\u00e9roport d&rsquo;El-Meniaa en provenance d&rsquo;Alger, marquant une reprise de cette liaison a\u00e9rienne int\u00e9rieure","og_url":"https:\/\/lasentinelle.dz\/index.php\/2026\/04\/04\/reprise-de-la-liaison-aerienne-alger-el-meniaa-par-gros-porteur\/","og_site_name":"La Sentinelle","article_publisher":"https:\/\/www.facebook.com\/La-Sentinelle-104059864394773","article_published_time":"2026-04-04T18:28:46+00:00","article_modified_time":"2026-04-04T18:28:47+00:00","og_image":[{"width":2000,"height":934,"url":"https:\/\/lasentinelle.dz\/wp-content\/uploads\/2026\/04\/air-algerie-menea.jpg","type":"image\/jpeg"}],"author":"admin","twitter_card":"summary_large_image","twitter_misc":{"\u00c9crit par":"admin","Dur\u00e9e de lecture estim\u00e9e":"2 minutes"},"schema":{"@context":"https:\/\/schema.org","@graph":[{"@type":"Article","@id":"https:\/\/lasentinelle.dz\/index.php\/2026\/04\/04\/reprise-de-la-liaison-aerienne-alger-el-meniaa-par-gros-porteur\/#article","isPartOf":{"@id":"https:\/\/lasentinelle.dz\/index.php\/2026\/04\/04\/reprise-de-la-liaison-aerienne-alger-el-meniaa-par-gros-porteur\/"},"author":{"name":"admin","@id":"https:\/\/lasentinelle.dz\/#\/schema\/person\/729ee0024f24e0b8c5ec17232f8e8b41"},"headline":"Reprise de la liaison a\u00e9rienne Alger-El Meniaa par gros porteur","datePublished":"2026-04-04T18:28:46+00:00","dateModified":"2026-04-04T18:28:47+00:00","mainEntityOfPage":{"@id":"https:\/\/lasentinelle.dz\/index.php\/2026\/04\/04\/reprise-de-la-liaison-aerienne-alger-el-meniaa-par-gros-porteur\/"},"wordCount":252,"commentCount":0,"publisher":{"@id":"https:\/\/lasentinelle.dz\/#organization"},"image":{"@id":"https:\/\/lasentinelle.dz\/index.php\/2026\/04\/04\/reprise-de-la-liaison-aerienne-alger-el-meniaa-par-gros-porteur\/#primaryimage"},"thumbnailUrl":"https:\/\/lasentinelle.dz\/wp-content\/uploads\/2026\/04\/air-algerie-menea.jpg","articleSection":["Actualit\u00e9"],"inLanguage":"fr-FR","potentialAction":[{"@type":"CommentAction","name":"Comment","target":["https:\/\/lasentinelle.dz\/index.php\/2026\/04\/04\/reprise-de-la-liaison-aerienne-alger-el-meniaa-par-gros-porteur\/#respond"]}]},{"@type":"WebPage","@id":"https:\/\/lasentinelle.dz\/index.php\/2026\/04\/04\/reprise-de-la-liaison-aerienne-alger-el-meniaa-par-gros-porteur\/","url":"https:\/\/lasentinelle.dz\/index.php\/2026\/04\/04\/reprise-de-la-liaison-aerienne-alger-el-meniaa-par-gros-porteur\/","name":"Reprise de la liaison a\u00e9rienne Alger-El Meniaa par gros porteur - La Sentinelle","isPartOf":{"@id":"https:\/\/lasentinelle.dz\/#website"},"primaryImageOfPage":{"@id":"https:\/\/lasentinelle.dz\/index.php\/2026\/04\/04\/reprise-de-la-liaison-aerienne-alger-el-meniaa-par-gros-porteur\/#primaryimage"},"image":{"@id":"https:\/\/lasentinelle.dz\/index.php\/2026\/04\/04\/reprise-de-la-liaison-aerienne-alger-el-meniaa-par-gros-porteur\/#primaryimage"},"thumbnailUrl":"https:\/\/lasentinelle.dz\/wp-content\/uploads\/2026\/04\/air-algerie-menea.jpg","datePublished":"2026-04-04T18:28:46+00:00","dateModified":"2026-04-04T18:28:47+00:00","breadcrumb":{"@id":"https:\/\/lasentinelle.dz\/index.php\/2026\/04\/04\/reprise-de-la-liaison-aerienne-alger-el-meniaa-par-gros-porteur\/#breadcrumb"},"inLanguage":"fr-FR","potentialAction":[{"@type":"ReadAction","target":["https:\/\/lasentinelle.dz\/index.php\/2026\/04\/04\/reprise-de-la-liaison-aerienne-alger-el-meniaa-par-gros-porteur\/"]}]},{"@type":"ImageObject","inLanguage":"fr-FR","@id":"https:\/\/lasentinelle.dz\/index.php\/2026\/04\/04\/reprise-de-la-liaison-aerienne-alger-el-meniaa-par-gros-porteur\/#primaryimage","url":"https:\/\/lasentinelle.dz\/wp-content\/uploads\/2026\/04\/air-algerie-menea.jpg","contentUrl":"https:\/\/lasentinelle.dz\/wp-content\/uploads\/2026\/04\/air-algerie-menea.jpg","width":2000,"height":934},{"@type":"BreadcrumbList","@id":"https:\/\/lasentinelle.dz\/index.php\/2026\/04\/04\/reprise-de-la-liaison-aerienne-alger-el-meniaa-par-gros-porteur\/#breadcrumb","itemListElement":[{"@type":"ListItem","position":1,"name":"Accueil","item":"https:\/\/lasentinelle.dz\/"},{"@type":"ListItem","position":2,"name":"Reprise de la liaison a\u00e9rienne Alger-El Meniaa par gros porteur"}]},{"@type":"WebSite","@id":"https:\/\/lasentinelle.dz\/#website","url":"https:\/\/lasentinelle.dz\/","name":"La Sentinelle","description":"Quotidien national d&#039;information","publisher":{"@id":"https:\/\/lasentinelle.dz\/#organization"},"potentialAction":[{"@type":"SearchAction","target":{"@type":"EntryPoint","urlTemplate":"https:\/\/lasentinelle.dz\/?s={search_term_string}"},"query-input":{"@type":"PropertyValueSpecification","valueRequired":true,"valueName":"search_term_string"}}],"inLanguage":"fr-FR"},{"@type":"Organization","@id":"https:\/\/lasentinelle.dz\/#organization","name":"Quotidien La Sentinelle","url":"https:\/\/lasentinelle.dz\/","logo":{"@type":"ImageObject","inLanguage":"fr-FR","@id":"https:\/\/lasentinelle.dz\/#\/schema\/logo\/image\/","url":"https:\/\/lasentinelle.dz\/wp-content\/uploads\/2021\/09\/logo-sentinelleSLOGAN-1.png","contentUrl":"https:\/\/lasentinelle.dz\/wp-content\/uploads\/2021\/09\/logo-sentinelleSLOGAN-1.png","width":615,"height":142,"caption":"Quotidien La Sentinelle"},"image":{"@id":"https:\/\/lasentinelle.dz\/#\/schema\/logo\/image\/"},"sameAs":["https:\/\/www.facebook.com\/La-Sentinelle-104059864394773"]},{"@type":"Person","@id":"https:\/\/lasentinelle.dz\/#\/schema\/person\/729ee0024f24e0b8c5ec17232f8e8b41","name":"admin","image":{"@type":"ImageObject","inLanguage":"fr-FR","@id":"https:\/\/secure.gravatar.com\/avatar\/4c81fed838786e9b53f540bf46533e750f5d292099ae3b66cfc6fb1982e29df7?s=96&d=mm&r=g","url":"https:\/\/secure.gravatar.com\/avatar\/4c81fed838786e9b53f540bf46533e750f5d292099ae3b66cfc6fb1982e29df7?s=96&d=mm&r=g","contentUrl":"https:\/\/secure.gravatar.com\/avatar\/4c81fed838786e9b53f540bf46533e750f5d292099ae3b66cfc6fb1982e29df7?s=96&d=mm&r=g","caption":"admin"},"description":"admin","url":"https:\/\/lasentinelle.dz\/author\/admin\/"}]}},"_links":{"self":[{"href":"https:\/\/lasentinelle.dz\/index.php\/wp-json\/wp\/v2\/posts\/84862","targetHints":{"allow":["GET"]}}],"collection":[{"href":"https:\/\/lasentinelle.dz\/index.php\/wp-json\/wp\/v2\/posts"}],"about":[{"href":"https:\/\/lasentinelle.dz\/index.php\/wp-json\/wp\/v2\/types\/post"}],"author":[{"embeddable":true,"href":"https:\/\/lasentinelle.dz\/index.php\/wp-json\/wp\/v2\/users\/6"}],"replies":[{"embeddable":true,"href":"https:\/\/lasentinelle.dz\/index.php\/wp-json\/wp\/v2\/comments?post=84862"}],"version-history":[{"count":1,"href":"https:\/\/lasentinelle.dz\/index.php\/wp-json\/wp\/v2\/posts\/84862\/revisions"}],"predecessor-version":[{"id":84864,"href":"https:\/\/lasentinelle.dz\/index.php\/wp-json\/wp\/v2\/posts\/84862\/revisions\/84864"}],"wp:featuredmedia":[{"embeddable":true,"href":"https:\/\/lasentinelle.dz\/index.php\/wp-json\/wp\/v2\/media\/84863"}],"wp:attachment":[{"href":"https:\/\/lasentinelle.dz\/index.php\/wp-json\/wp\/v2\/media?parent=84862"}],"wp:term":[{"taxonomy":"category","embeddable":true,"href":"https:\/\/lasentinelle.dz\/index.php\/wp-json\/wp\/v2\/categories?post=84862"},{"taxonomy":"post_tag","embeddable":true,"href":"https:\/\/lasentinelle.dz\/index.php\/wp-json\/wp\/v2\/tags?post=84862"}],"curies":[{"name":"wp","href":"https:\/\/api.w.org\/{rel}","templated":true}]}}