{"id":84871,"date":"2026-04-04T19:33:11","date_gmt":"2026-04-04T18:33:11","guid":{"rendered":"https:\/\/lasentinelle.dz\/?p=84871"},"modified":"2026-04-04T19:33:12","modified_gmt":"2026-04-04T18:33:12","slug":"les-bilans-moral-et-financier-adoptes-le-coa-valide-ses-comptes-et-trace-sa-feuille-de-route-pour-2026","status":"publish","type":"post","link":"https:\/\/lasentinelle.dz\/index.php\/2026\/04\/04\/les-bilans-moral-et-financier-adoptes-le-coa-valide-ses-comptes-et-trace-sa-feuille-de-route-pour-2026\/","title":{"rendered":"Les bilans moral et financier adopt\u00e9s\u00a0: Le COA valide ses comptes et trace sa feuille de route pour 2026"},"content":{"rendered":"\n<p>Le Comit\u00e9 olympique et sportif alg\u00e9rien (COA) a tenu samedi \u00e0 Alger sa session ordinaire d&rsquo;assembl\u00e9e g\u00e9n\u00e9rale, r\u00e9unissant \u00e0 l&rsquo;h\u00f4tel El Djaza\u00efr 62 membres repr\u00e9sentant 18 f\u00e9d\u00e9rations olympiques sur les 94 que compte l&rsquo;instance. Les bilans moral et financier de l&rsquo;exercice 2025 ont \u00e9t\u00e9 adopt\u00e9s \u00e0 l&rsquo;unanimit\u00e9, tout comme le plan d&rsquo;activit\u00e9 et le budget pr\u00e9visionnel pour l&rsquo;ann\u00e9e en cours. Pr\u00e9sidant les travaux, Abderrahmane Hammad a dress\u00e9 un bilan des r\u00e9alisations de l&rsquo;institution au cours de l&rsquo;ann\u00e9e \u00e9coul\u00e9e, ax\u00e9 sur la gestion des ressources humaines et mat\u00e9rielles et sur les performances des athl\u00e8tes alg\u00e9riens dans les grandes comp\u00e9titions continentales et mondiales. Il a notamment cit\u00e9 les Jeux de la solidarit\u00e9 islamique \u00e0 Riyad, les Jeux africains de la Jeunesse \u00e0 Luanda et les Jeux africains scolaires organis\u00e9s \u00e0 Annaba, autant de rendez-vous o\u00f9 le drapeau national a \u00e9t\u00e9 d\u00e9fendu avec honneur. Le pr\u00e9sident du COA a \u00e9galement salu\u00e9 les athl\u00e8tes alg\u00e9riens d&rsquo;ores et d\u00e9j\u00e0 qualifi\u00e9s pour les Jeux olympiques de la Jeunesse (JOJ-2026) pr\u00e9vus \u00e0 Dakar, au S\u00e9n\u00e9gal, avant de d\u00e9tailler les m\u00e9canismes mis en place pour soutenir leur pr\u00e9paration. \u00ab Le COA continuera \u00e0 accompagner les athl\u00e8tes et ses f\u00e9d\u00e9rations afin de r\u00e9pondre \u00e0 toutes leurs dol\u00e9ances pour porter haut le drapeau national, \u00e0 travers la mise en place d&rsquo;un m\u00e9canisme de primes de pr\u00e9paration \u00bb, a-t-il d\u00e9clar\u00e9. Il a pr\u00e9cis\u00e9 qu&rsquo;un bar\u00e8me de primes a \u00e9t\u00e9 instaur\u00e9 pour les jeunes sportifs en pr\u00e9paration des comp\u00e9titions continentales et internationales, compl\u00e9t\u00e9 par les dotations du Comit\u00e9 international olympique (CIO) et de l&rsquo;Association des Comit\u00e9s nationaux olympiques africains (ACNOA). Ces dispositifs visent \u00e9galement \u00e0 pr\u00e9parer dans les meilleures conditions les athl\u00e8tes d&rsquo;\u00e9lite engag\u00e9s dans la perspective des Jeux m\u00e9diterran\u00e9ens, pr\u00e9vus du 21 ao\u00fbt au 3 septembre \u00e0 Tarente, en Italie.<\/p>\n\n\n\n<p>Parmi les chantiers mis en avant, Abderrahmane Hammad a insist\u00e9 sur la transformation num\u00e9rique compl\u00e8te de l&rsquo;institution, l&rsquo;am\u00e9lioration de la gestion administrative et le renforcement de la communication sur les r\u00e9seaux sociaux, notamment pour assurer un meilleur suivi des athl\u00e8tes aupr\u00e8s du grand public. L&rsquo;assembl\u00e9e g\u00e9n\u00e9rale a r\u00e9uni, outre les membres de l&rsquo;ex\u00e9cutif du COA et les repr\u00e9sentants des f\u00e9d\u00e9rations olympiques et non olympiques, plusieurs personnalit\u00e9s du monde sportif, parmi lesquelles le pr\u00e9sident de l&rsquo;Association des Comit\u00e9s nationaux olympiques africains, Mustapha Berraf.<\/p>\n\n\n\n<p><em>Moncef D.<\/em><\/p>\n","protected":false},"excerpt":{"rendered":"<p>Le Comit\u00e9 olympique et sportif alg\u00e9rien (COA) a tenu samedi \u00e0 Alger sa session ordinaire d&rsquo;assembl\u00e9e g\u00e9n\u00e9rale, r\u00e9unissant \u00e0 l&rsquo;h\u00f4tel<\/p>\n","protected":false},"author":6,"featured_media":84872,"comment_status":"open","ping_status":"closed","sticky":false,"template":"","format":"standard","meta":{"colormag_page_container_layout":"default_layout","colormag_page_sidebar_layout":"default_layout","om_disable_all_campaigns":false,"_monsterinsights_skip_tracking":false,"_monsterinsights_sitenote_active":false,"_monsterinsights_sitenote_note":"","_monsterinsights_sitenote_category":0,"footnotes":"","_wpscppro_dont_share_socialmedia":false,"_wpscppro_custom_social_share_image":0,"_facebook_share_type":"default","_twitter_share_type":"default","_linkedin_share_type":"default","_pinterest_share_type":"default","_linkedin_share_type_page":"","_instagram_share_type":"default","_medium_share_type":"default","_threads_share_type":"default","_google_business_share_type":"default","_selected_social_profile":[],"_wpsp_enable_custom_social_template":false,"_wpsp_social_scheduling":{"enabled":false,"datetime":null,"platforms":[],"status":"template_only","dateOption":"today","timeOption":"now","customDays":"","customHours":"","customDate":"","customTime":"","schedulingType":"absolute"},"_wpsp_active_default_template":true},"categories":[33],"tags":[],"class_list":["post-84871","post","type-post","status-publish","format-standard","has-post-thumbnail","hentry","category-sports"],"aioseo_notices":[],"yoast_head":"<!-- This site is optimized with the Yoast SEO plugin v27.5 - https:\/\/yoast.com\/product\/yoast-seo-wordpress\/ -->\n<title>Les bilans moral et financier adopt\u00e9s\u00a0: Le COA valide ses comptes et trace sa feuille de route pour 2026 - La Sentinelle<\/title>\n<meta name=\"robots\" content=\"index, follow, max-snippet:-1, max-image-preview:large, max-video-preview:-1\" \/>\n<link rel=\"canonical\" href=\"https:\/\/lasentinelle.dz\/index.php\/2026\/04\/04\/les-bilans-moral-et-financier-adoptes-le-coa-valide-ses-comptes-et-trace-sa-feuille-de-route-pour-2026\/\" \/>\n<meta property=\"og:locale\" content=\"fr_FR\" \/>\n<meta property=\"og:type\" content=\"article\" \/>\n<meta property=\"og:title\" content=\"Les bilans moral et financier adopt\u00e9s\u00a0: Le COA valide ses comptes et trace sa feuille de route pour 2026 - La Sentinelle\" \/>\n<meta property=\"og:description\" content=\"Le Comit\u00e9 olympique et sportif alg\u00e9rien (COA) a tenu samedi \u00e0 Alger sa session ordinaire d&rsquo;assembl\u00e9e g\u00e9n\u00e9rale, r\u00e9unissant \u00e0 l&rsquo;h\u00f4tel\" \/>\n<meta property=\"og:url\" content=\"https:\/\/lasentinelle.dz\/index.php\/2026\/04\/04\/les-bilans-moral-et-financier-adoptes-le-coa-valide-ses-comptes-et-trace-sa-feuille-de-route-pour-2026\/\" \/>\n<meta property=\"og:site_name\" content=\"La Sentinelle\" \/>\n<meta property=\"article:publisher\" content=\"https:\/\/www.facebook.com\/La-Sentinelle-104059864394773\" \/>\n<meta property=\"article:published_time\" content=\"2026-04-04T18:33:11+00:00\" \/>\n<meta property=\"article:modified_time\" content=\"2026-04-04T18:33:12+00:00\" \/>\n<meta property=\"og:image\" content=\"https:\/\/lasentinelle.dz\/wp-content\/uploads\/2026\/04\/coa.jpg\" \/>\n\t<meta property=\"og:image:width\" content=\"1280\" \/>\n\t<meta property=\"og:image:height\" content=\"789\" \/>\n\t<meta property=\"og:image:type\" content=\"image\/jpeg\" \/>\n<meta name=\"author\" content=\"admin\" \/>\n<meta name=\"twitter:card\" content=\"summary_large_image\" \/>\n<meta name=\"twitter:label1\" content=\"\u00c9crit par\" \/>\n\t<meta name=\"twitter:data1\" content=\"admin\" \/>\n\t<meta name=\"twitter:label2\" content=\"Dur\u00e9e de lecture estim\u00e9e\" \/>\n\t<meta name=\"twitter:data2\" content=\"3 minutes\" \/>\n<script type=\"application\/ld+json\" class=\"yoast-schema-graph\">{\"@context\":\"https:\\\/\\\/schema.org\",\"@graph\":[{\"@type\":\"Article\",\"@id\":\"https:\\\/\\\/lasentinelle.dz\\\/index.php\\\/2026\\\/04\\\/04\\\/les-bilans-moral-et-financier-adoptes-le-coa-valide-ses-comptes-et-trace-sa-feuille-de-route-pour-2026\\\/#article\",\"isPartOf\":{\"@id\":\"https:\\\/\\\/lasentinelle.dz\\\/index.php\\\/2026\\\/04\\\/04\\\/les-bilans-moral-et-financier-adoptes-le-coa-valide-ses-comptes-et-trace-sa-feuille-de-route-pour-2026\\\/\"},\"author\":{\"name\":\"admin\",\"@id\":\"https:\\\/\\\/lasentinelle.dz\\\/#\\\/schema\\\/person\\\/729ee0024f24e0b8c5ec17232f8e8b41\"},\"headline\":\"Les bilans moral et financier adopt\u00e9s\u00a0: Le COA valide ses comptes et trace sa feuille de route pour 2026\",\"datePublished\":\"2026-04-04T18:33:11+00:00\",\"dateModified\":\"2026-04-04T18:33:12+00:00\",\"mainEntityOfPage\":{\"@id\":\"https:\\\/\\\/lasentinelle.dz\\\/index.php\\\/2026\\\/04\\\/04\\\/les-bilans-moral-et-financier-adoptes-le-coa-valide-ses-comptes-et-trace-sa-feuille-de-route-pour-2026\\\/\"},\"wordCount\":463,\"commentCount\":0,\"publisher\":{\"@id\":\"https:\\\/\\\/lasentinelle.dz\\\/#organization\"},\"image\":{\"@id\":\"https:\\\/\\\/lasentinelle.dz\\\/index.php\\\/2026\\\/04\\\/04\\\/les-bilans-moral-et-financier-adoptes-le-coa-valide-ses-comptes-et-trace-sa-feuille-de-route-pour-2026\\\/#primaryimage\"},\"thumbnailUrl\":\"https:\\\/\\\/lasentinelle.dz\\\/wp-content\\\/uploads\\\/2026\\\/04\\\/coa.jpg\",\"articleSection\":[\"Sports\"],\"inLanguage\":\"fr-FR\",\"potentialAction\":[{\"@type\":\"CommentAction\",\"name\":\"Comment\",\"target\":[\"https:\\\/\\\/lasentinelle.dz\\\/index.php\\\/2026\\\/04\\\/04\\\/les-bilans-moral-et-financier-adoptes-le-coa-valide-ses-comptes-et-trace-sa-feuille-de-route-pour-2026\\\/#respond\"]}]},{\"@type\":\"WebPage\",\"@id\":\"https:\\\/\\\/lasentinelle.dz\\\/index.php\\\/2026\\\/04\\\/04\\\/les-bilans-moral-et-financier-adoptes-le-coa-valide-ses-comptes-et-trace-sa-feuille-de-route-pour-2026\\\/\",\"url\":\"https:\\\/\\\/lasentinelle.dz\\\/index.php\\\/2026\\\/04\\\/04\\\/les-bilans-moral-et-financier-adoptes-le-coa-valide-ses-comptes-et-trace-sa-feuille-de-route-pour-2026\\\/\",\"name\":\"Les bilans moral et financier adopt\u00e9s\u00a0: Le COA valide ses comptes et trace sa feuille de route pour 2026 - La Sentinelle\",\"isPartOf\":{\"@id\":\"https:\\\/\\\/lasentinelle.dz\\\/#website\"},\"primaryImageOfPage\":{\"@id\":\"https:\\\/\\\/lasentinelle.dz\\\/index.php\\\/2026\\\/04\\\/04\\\/les-bilans-moral-et-financier-adoptes-le-coa-valide-ses-comptes-et-trace-sa-feuille-de-route-pour-2026\\\/#primaryimage\"},\"image\":{\"@id\":\"https:\\\/\\\/lasentinelle.dz\\\/index.php\\\/2026\\\/04\\\/04\\\/les-bilans-moral-et-financier-adoptes-le-coa-valide-ses-comptes-et-trace-sa-feuille-de-route-pour-2026\\\/#primaryimage\"},\"thumbnailUrl\":\"https:\\\/\\\/lasentinelle.dz\\\/wp-content\\\/uploads\\\/2026\\\/04\\\/coa.jpg\",\"datePublished\":\"2026-04-04T18:33:11+00:00\",\"dateModified\":\"2026-04-04T18:33:12+00:00\",\"breadcrumb\":{\"@id\":\"https:\\\/\\\/lasentinelle.dz\\\/index.php\\\/2026\\\/04\\\/04\\\/les-bilans-moral-et-financier-adoptes-le-coa-valide-ses-comptes-et-trace-sa-feuille-de-route-pour-2026\\\/#breadcrumb\"},\"inLanguage\":\"fr-FR\",\"potentialAction\":[{\"@type\":\"ReadAction\",\"target\":[\"https:\\\/\\\/lasentinelle.dz\\\/index.php\\\/2026\\\/04\\\/04\\\/les-bilans-moral-et-financier-adoptes-le-coa-valide-ses-comptes-et-trace-sa-feuille-de-route-pour-2026\\\/\"]}]},{\"@type\":\"ImageObject\",\"inLanguage\":\"fr-FR\",\"@id\":\"https:\\\/\\\/lasentinelle.dz\\\/index.php\\\/2026\\\/04\\\/04\\\/les-bilans-moral-et-financier-adoptes-le-coa-valide-ses-comptes-et-trace-sa-feuille-de-route-pour-2026\\\/#primaryimage\",\"url\":\"https:\\\/\\\/lasentinelle.dz\\\/wp-content\\\/uploads\\\/2026\\\/04\\\/coa.jpg\",\"contentUrl\":\"https:\\\/\\\/lasentinelle.dz\\\/wp-content\\\/uploads\\\/2026\\\/04\\\/coa.jpg\",\"width\":1280,\"height\":789},{\"@type\":\"BreadcrumbList\",\"@id\":\"https:\\\/\\\/lasentinelle.dz\\\/index.php\\\/2026\\\/04\\\/04\\\/les-bilans-moral-et-financier-adoptes-le-coa-valide-ses-comptes-et-trace-sa-feuille-de-route-pour-2026\\\/#breadcrumb\",\"itemListElement\":[{\"@type\":\"ListItem\",\"position\":1,\"name\":\"Accueil\",\"item\":\"https:\\\/\\\/lasentinelle.dz\\\/\"},{\"@type\":\"ListItem\",\"position\":2,\"name\":\"Les bilans moral et financier adopt\u00e9s\u00a0: Le COA valide ses comptes et trace sa feuille de route pour 2026\"}]},{\"@type\":\"WebSite\",\"@id\":\"https:\\\/\\\/lasentinelle.dz\\\/#website\",\"url\":\"https:\\\/\\\/lasentinelle.dz\\\/\",\"name\":\"La Sentinelle\",\"description\":\"Quotidien national d&#039;information\",\"publisher\":{\"@id\":\"https:\\\/\\\/lasentinelle.dz\\\/#organization\"},\"potentialAction\":[{\"@type\":\"SearchAction\",\"target\":{\"@type\":\"EntryPoint\",\"urlTemplate\":\"https:\\\/\\\/lasentinelle.dz\\\/?s={search_term_string}\"},\"query-input\":{\"@type\":\"PropertyValueSpecification\",\"valueRequired\":true,\"valueName\":\"search_term_string\"}}],\"inLanguage\":\"fr-FR\"},{\"@type\":\"Organization\",\"@id\":\"https:\\\/\\\/lasentinelle.dz\\\/#organization\",\"name\":\"Quotidien La Sentinelle\",\"url\":\"https:\\\/\\\/lasentinelle.dz\\\/\",\"logo\":{\"@type\":\"ImageObject\",\"inLanguage\":\"fr-FR\",\"@id\":\"https:\\\/\\\/lasentinelle.dz\\\/#\\\/schema\\\/logo\\\/image\\\/\",\"url\":\"https:\\\/\\\/lasentinelle.dz\\\/wp-content\\\/uploads\\\/2021\\\/09\\\/logo-sentinelleSLOGAN-1.png\",\"contentUrl\":\"https:\\\/\\\/lasentinelle.dz\\\/wp-content\\\/uploads\\\/2021\\\/09\\\/logo-sentinelleSLOGAN-1.png\",\"width\":615,\"height\":142,\"caption\":\"Quotidien La Sentinelle\"},\"image\":{\"@id\":\"https:\\\/\\\/lasentinelle.dz\\\/#\\\/schema\\\/logo\\\/image\\\/\"},\"sameAs\":[\"https:\\\/\\\/www.facebook.com\\\/La-Sentinelle-104059864394773\"]},{\"@type\":\"Person\",\"@id\":\"https:\\\/\\\/lasentinelle.dz\\\/#\\\/schema\\\/person\\\/729ee0024f24e0b8c5ec17232f8e8b41\",\"name\":\"admin\",\"image\":{\"@type\":\"ImageObject\",\"inLanguage\":\"fr-FR\",\"@id\":\"https:\\\/\\\/secure.gravatar.com\\\/avatar\\\/4c81fed838786e9b53f540bf46533e750f5d292099ae3b66cfc6fb1982e29df7?s=96&d=mm&r=g\",\"url\":\"https:\\\/\\\/secure.gravatar.com\\\/avatar\\\/4c81fed838786e9b53f540bf46533e750f5d292099ae3b66cfc6fb1982e29df7?s=96&d=mm&r=g\",\"contentUrl\":\"https:\\\/\\\/secure.gravatar.com\\\/avatar\\\/4c81fed838786e9b53f540bf46533e750f5d292099ae3b66cfc6fb1982e29df7?s=96&d=mm&r=g\",\"caption\":\"admin\"},\"description\":\"admin\",\"url\":\"https:\\\/\\\/lasentinelle.dz\\\/author\\\/admin\\\/\"}]}<\/script>\n<!-- \/ Yoast SEO plugin. -->","yoast_head_json":{"title":"Les bilans moral et financier adopt\u00e9s\u00a0: Le COA valide ses comptes et trace sa feuille de route pour 2026 - La Sentinelle","robots":{"index":"index","follow":"follow","max-snippet":"max-snippet:-1","max-image-preview":"max-image-preview:large","max-video-preview":"max-video-preview:-1"},"canonical":"https:\/\/lasentinelle.dz\/index.php\/2026\/04\/04\/les-bilans-moral-et-financier-adoptes-le-coa-valide-ses-comptes-et-trace-sa-feuille-de-route-pour-2026\/","og_locale":"fr_FR","og_type":"article","og_title":"Les bilans moral et financier adopt\u00e9s\u00a0: Le COA valide ses comptes et trace sa feuille de route pour 2026 - La Sentinelle","og_description":"Le Comit\u00e9 olympique et sportif alg\u00e9rien (COA) a tenu samedi \u00e0 Alger sa session ordinaire d&rsquo;assembl\u00e9e g\u00e9n\u00e9rale, r\u00e9unissant \u00e0 l&rsquo;h\u00f4tel","og_url":"https:\/\/lasentinelle.dz\/index.php\/2026\/04\/04\/les-bilans-moral-et-financier-adoptes-le-coa-valide-ses-comptes-et-trace-sa-feuille-de-route-pour-2026\/","og_site_name":"La Sentinelle","article_publisher":"https:\/\/www.facebook.com\/La-Sentinelle-104059864394773","article_published_time":"2026-04-04T18:33:11+00:00","article_modified_time":"2026-04-04T18:33:12+00:00","og_image":[{"width":1280,"height":789,"url":"https:\/\/lasentinelle.dz\/wp-content\/uploads\/2026\/04\/coa.jpg","type":"image\/jpeg"}],"author":"admin","twitter_card":"summary_large_image","twitter_misc":{"\u00c9crit par":"admin","Dur\u00e9e de lecture estim\u00e9e":"3 minutes"},"schema":{"@context":"https:\/\/schema.org","@graph":[{"@type":"Article","@id":"https:\/\/lasentinelle.dz\/index.php\/2026\/04\/04\/les-bilans-moral-et-financier-adoptes-le-coa-valide-ses-comptes-et-trace-sa-feuille-de-route-pour-2026\/#article","isPartOf":{"@id":"https:\/\/lasentinelle.dz\/index.php\/2026\/04\/04\/les-bilans-moral-et-financier-adoptes-le-coa-valide-ses-comptes-et-trace-sa-feuille-de-route-pour-2026\/"},"author":{"name":"admin","@id":"https:\/\/lasentinelle.dz\/#\/schema\/person\/729ee0024f24e0b8c5ec17232f8e8b41"},"headline":"Les bilans moral et financier adopt\u00e9s\u00a0: Le COA valide ses comptes et trace sa feuille de route pour 2026","datePublished":"2026-04-04T18:33:11+00:00","dateModified":"2026-04-04T18:33:12+00:00","mainEntityOfPage":{"@id":"https:\/\/lasentinelle.dz\/index.php\/2026\/04\/04\/les-bilans-moral-et-financier-adoptes-le-coa-valide-ses-comptes-et-trace-sa-feuille-de-route-pour-2026\/"},"wordCount":463,"commentCount":0,"publisher":{"@id":"https:\/\/lasentinelle.dz\/#organization"},"image":{"@id":"https:\/\/lasentinelle.dz\/index.php\/2026\/04\/04\/les-bilans-moral-et-financier-adoptes-le-coa-valide-ses-comptes-et-trace-sa-feuille-de-route-pour-2026\/#primaryimage"},"thumbnailUrl":"https:\/\/lasentinelle.dz\/wp-content\/uploads\/2026\/04\/coa.jpg","articleSection":["Sports"],"inLanguage":"fr-FR","potentialAction":[{"@type":"CommentAction","name":"Comment","target":["https:\/\/lasentinelle.dz\/index.php\/2026\/04\/04\/les-bilans-moral-et-financier-adoptes-le-coa-valide-ses-comptes-et-trace-sa-feuille-de-route-pour-2026\/#respond"]}]},{"@type":"WebPage","@id":"https:\/\/lasentinelle.dz\/index.php\/2026\/04\/04\/les-bilans-moral-et-financier-adoptes-le-coa-valide-ses-comptes-et-trace-sa-feuille-de-route-pour-2026\/","url":"https:\/\/lasentinelle.dz\/index.php\/2026\/04\/04\/les-bilans-moral-et-financier-adoptes-le-coa-valide-ses-comptes-et-trace-sa-feuille-de-route-pour-2026\/","name":"Les bilans moral et financier adopt\u00e9s\u00a0: Le COA valide ses comptes et trace sa feuille de route pour 2026 - La Sentinelle","isPartOf":{"@id":"https:\/\/lasentinelle.dz\/#website"},"primaryImageOfPage":{"@id":"https:\/\/lasentinelle.dz\/index.php\/2026\/04\/04\/les-bilans-moral-et-financier-adoptes-le-coa-valide-ses-comptes-et-trace-sa-feuille-de-route-pour-2026\/#primaryimage"},"image":{"@id":"https:\/\/lasentinelle.dz\/index.php\/2026\/04\/04\/les-bilans-moral-et-financier-adoptes-le-coa-valide-ses-comptes-et-trace-sa-feuille-de-route-pour-2026\/#primaryimage"},"thumbnailUrl":"https:\/\/lasentinelle.dz\/wp-content\/uploads\/2026\/04\/coa.jpg","datePublished":"2026-04-04T18:33:11+00:00","dateModified":"2026-04-04T18:33:12+00:00","breadcrumb":{"@id":"https:\/\/lasentinelle.dz\/index.php\/2026\/04\/04\/les-bilans-moral-et-financier-adoptes-le-coa-valide-ses-comptes-et-trace-sa-feuille-de-route-pour-2026\/#breadcrumb"},"inLanguage":"fr-FR","potentialAction":[{"@type":"ReadAction","target":["https:\/\/lasentinelle.dz\/index.php\/2026\/04\/04\/les-bilans-moral-et-financier-adoptes-le-coa-valide-ses-comptes-et-trace-sa-feuille-de-route-pour-2026\/"]}]},{"@type":"ImageObject","inLanguage":"fr-FR","@id":"https:\/\/lasentinelle.dz\/index.php\/2026\/04\/04\/les-bilans-moral-et-financier-adoptes-le-coa-valide-ses-comptes-et-trace-sa-feuille-de-route-pour-2026\/#primaryimage","url":"https:\/\/lasentinelle.dz\/wp-content\/uploads\/2026\/04\/coa.jpg","contentUrl":"https:\/\/lasentinelle.dz\/wp-content\/uploads\/2026\/04\/coa.jpg","width":1280,"height":789},{"@type":"BreadcrumbList","@id":"https:\/\/lasentinelle.dz\/index.php\/2026\/04\/04\/les-bilans-moral-et-financier-adoptes-le-coa-valide-ses-comptes-et-trace-sa-feuille-de-route-pour-2026\/#breadcrumb","itemListElement":[{"@type":"ListItem","position":1,"name":"Accueil","item":"https:\/\/lasentinelle.dz\/"},{"@type":"ListItem","position":2,"name":"Les bilans moral et financier adopt\u00e9s\u00a0: Le COA valide ses comptes et trace sa feuille de route pour 2026"}]},{"@type":"WebSite","@id":"https:\/\/lasentinelle.dz\/#website","url":"https:\/\/lasentinelle.dz\/","name":"La Sentinelle","description":"Quotidien national d&#039;information","publisher":{"@id":"https:\/\/lasentinelle.dz\/#organization"},"potentialAction":[{"@type":"SearchAction","target":{"@type":"EntryPoint","urlTemplate":"https:\/\/lasentinelle.dz\/?s={search_term_string}"},"query-input":{"@type":"PropertyValueSpecification","valueRequired":true,"valueName":"search_term_string"}}],"inLanguage":"fr-FR"},{"@type":"Organization","@id":"https:\/\/lasentinelle.dz\/#organization","name":"Quotidien La Sentinelle","url":"https:\/\/lasentinelle.dz\/","logo":{"@type":"ImageObject","inLanguage":"fr-FR","@id":"https:\/\/lasentinelle.dz\/#\/schema\/logo\/image\/","url":"https:\/\/lasentinelle.dz\/wp-content\/uploads\/2021\/09\/logo-sentinelleSLOGAN-1.png","contentUrl":"https:\/\/lasentinelle.dz\/wp-content\/uploads\/2021\/09\/logo-sentinelleSLOGAN-1.png","width":615,"height":142,"caption":"Quotidien La Sentinelle"},"image":{"@id":"https:\/\/lasentinelle.dz\/#\/schema\/logo\/image\/"},"sameAs":["https:\/\/www.facebook.com\/La-Sentinelle-104059864394773"]},{"@type":"Person","@id":"https:\/\/lasentinelle.dz\/#\/schema\/person\/729ee0024f24e0b8c5ec17232f8e8b41","name":"admin","image":{"@type":"ImageObject","inLanguage":"fr-FR","@id":"https:\/\/secure.gravatar.com\/avatar\/4c81fed838786e9b53f540bf46533e750f5d292099ae3b66cfc6fb1982e29df7?s=96&d=mm&r=g","url":"https:\/\/secure.gravatar.com\/avatar\/4c81fed838786e9b53f540bf46533e750f5d292099ae3b66cfc6fb1982e29df7?s=96&d=mm&r=g","contentUrl":"https:\/\/secure.gravatar.com\/avatar\/4c81fed838786e9b53f540bf46533e750f5d292099ae3b66cfc6fb1982e29df7?s=96&d=mm&r=g","caption":"admin"},"description":"admin","url":"https:\/\/lasentinelle.dz\/author\/admin\/"}]}},"_links":{"self":[{"href":"https:\/\/lasentinelle.dz\/index.php\/wp-json\/wp\/v2\/posts\/84871","targetHints":{"allow":["GET"]}}],"collection":[{"href":"https:\/\/lasentinelle.dz\/index.php\/wp-json\/wp\/v2\/posts"}],"about":[{"href":"https:\/\/lasentinelle.dz\/index.php\/wp-json\/wp\/v2\/types\/post"}],"author":[{"embeddable":true,"href":"https:\/\/lasentinelle.dz\/index.php\/wp-json\/wp\/v2\/users\/6"}],"replies":[{"embeddable":true,"href":"https:\/\/lasentinelle.dz\/index.php\/wp-json\/wp\/v2\/comments?post=84871"}],"version-history":[{"count":1,"href":"https:\/\/lasentinelle.dz\/index.php\/wp-json\/wp\/v2\/posts\/84871\/revisions"}],"predecessor-version":[{"id":84873,"href":"https:\/\/lasentinelle.dz\/index.php\/wp-json\/wp\/v2\/posts\/84871\/revisions\/84873"}],"wp:featuredmedia":[{"embeddable":true,"href":"https:\/\/lasentinelle.dz\/index.php\/wp-json\/wp\/v2\/media\/84872"}],"wp:attachment":[{"href":"https:\/\/lasentinelle.dz\/index.php\/wp-json\/wp\/v2\/media?parent=84871"}],"wp:term":[{"taxonomy":"category","embeddable":true,"href":"https:\/\/lasentinelle.dz\/index.php\/wp-json\/wp\/v2\/categories?post=84871"},{"taxonomy":"post_tag","embeddable":true,"href":"https:\/\/lasentinelle.dz\/index.php\/wp-json\/wp\/v2\/tags?post=84871"}],"curies":[{"name":"wp","href":"https:\/\/api.w.org\/{rel}","templated":true}]}}