{"id":84874,"date":"2026-04-04T19:34:12","date_gmt":"2026-04-04T18:34:12","guid":{"rendered":"https:\/\/lasentinelle.dz\/?p=84874"},"modified":"2026-04-04T19:34:13","modified_gmt":"2026-04-04T18:34:13","slug":"coupe-du-monde-de-gymnastique-kaylia-nemour-vise-lor-au-caire","status":"publish","type":"post","link":"https:\/\/lasentinelle.dz\/index.php\/2026\/04\/04\/coupe-du-monde-de-gymnastique-kaylia-nemour-vise-lor-au-caire\/","title":{"rendered":"Coupe du monde de gymnastique\u00a0: Kaylia Nemour vise l&rsquo;or au Caire"},"content":{"rendered":"\n<p>La reine des barres asym\u00e9triques a frapp\u00e9 fort d\u00e8s son entr\u00e9e en piste. Kaylia Nemour s&rsquo;est brillamment qualifi\u00e9e vendredi pour la finale de sa sp\u00e9cialit\u00e9 de pr\u00e9dilection lors de la quatri\u00e8me \u00e9tape de la Coupe du monde de gymnastique artistique f\u00e9minine qui se d\u00e9roule au Caire, en \u00c9gypte.<\/p>\n\n\n\n<p>La championne olympique 2024 a domin\u00e9 les qualifications avec une autorit\u00e9 impressionnante, affichant une note de 15.266 qui rel\u00e8gue ses adversaires \u00e0 plus d&rsquo;un point. Un \u00e9cart consid\u00e9rable dans un sport o\u00f9 les centi\u00e8mes font souvent la diff\u00e9rence, et qui t\u00e9moigne de l&rsquo;\u00e9tat de gr\u00e2ce actuel de la prodige alg\u00e9rienne. Derri\u00e8re elle, la hi\u00e9rarchie s&rsquo;\u00e9tablit avec les deux chinoises Qiu Qiyuan, cr\u00e9dit\u00e9e de 14.000 points, et Jiang Shuting qui compl\u00e8te le podium provisoire avec 13.733. Ce large foss\u00e9 technique entre Nemour et ses poursuivantes confirme, si besoin \u00e9tait, que l&rsquo;Alg\u00e9rienne \u00e9volue d\u00e9sormais dans une dimension \u00e0 part sur cet agr\u00e8s. Depuis son sacre olympique \u00e0 Paris en 2024, Nemour, qui repr\u00e9sente fi\u00e8rement les couleurs de l&rsquo;Alg\u00e9rie, n&rsquo;a cess\u00e9 de repousser les limites de l&rsquo;exercice aux barres asym\u00e9triques, encha\u00eenant les \u00e9l\u00e9ments de haute difficult\u00e9 avec une fluidit\u00e9 et une pr\u00e9cision qui forcent l&rsquo;admiration des sp\u00e9cialistes. La finale, programm\u00e9e dimanche dans la capitale \u00e9gyptienne, s&rsquo;annonce comme une formalit\u00e9 pour Kaylia Nemour, qui part avec les faveurs du pronostic. Toutefois, dans un sport o\u00f9 la moindre imperfection peut co\u00fbter cher, rien n&rsquo;est jamais acquis avant le dernier salut au jury. La gymnaste alg\u00e9rienne devra reproduire son niveau de performance des qualifications, voire l&rsquo;am\u00e9liorer, pour s&rsquo;assurer de monter sur la plus haute marche du podium et enrichir son palmar\u00e8s d\u00e9j\u00e0 \u00e9tincelant d&rsquo;une nouvelle m\u00e9daille d&rsquo;or en Coupe du monde.<\/p>\n\n\n\n<p>Cette \u00e9tape cairote rev\u00eat une importance particuli\u00e8re dans le calendrier de la saison. Elle constitue en effet la derni\u00e8re sortie internationale pour les gymnastes alg\u00e9riennes avant les Championnats d&rsquo;Afrique, rendez-vous continental majeur pr\u00e9vu \u00e0 partir du 21 avril prochain au Cameroun. Cette comp\u00e9tition africaine repr\u00e9sente un enjeu de taille pour l&rsquo;Alg\u00e9rie, qui ambitionne de confirmer sa domination sur le continent et de glaner un maximum de titres. Le passage par Le Caire offre donc l&rsquo;occasion id\u00e9ale de peaufiner les derniers r\u00e9glages, d&rsquo;aff\u00fbter la forme physique et de tester les routines dans des conditions de comp\u00e9tition r\u00e9elles avant l&rsquo;\u00e9ch\u00e9ance camerounaise.<\/p>\n\n\n\n<p>Le contexte de cette \u00e9tape du Caire s&rsquo;inscrit par ailleurs dans une saison particuli\u00e8re pour le circuit mondial de gymnastique. La F\u00e9d\u00e9ration internationale de gymnastique a r\u00e9cemment d\u00fb r\u00e9am\u00e9nager le calendrier de la Coupe du monde 2026 suite \u00e0 l&rsquo;annulation de la manche de Doha. Cette modification a entra\u00een\u00e9 un ajustement des r\u00e8gles de classement : d\u00e9sormais, seuls les trois meilleurs r\u00e9sultats de chaque gymnaste seront retenus pour \u00e9tablir le classement final par appareil. Un syst\u00e8me qui avantage les athl\u00e8tes r\u00e9guli\u00e8res et performantes, profil dans lequel Kaylia Nemour s&rsquo;inscrit parfaitement.<\/p>\n\n\n\n<p>La participation alg\u00e9rienne dans la capitale \u00e9gyptienne intervient ainsi \u00e0 un moment cl\u00e9 de la saison, dans une dynamique r\u00e9solument positive. L&rsquo;\u00e9quipe alg\u00e9rienne de gymnastique artistique f\u00e9minine, port\u00e9e par son fer de lance Kaylia Nemour, affiche des ambitions \u00e9lev\u00e9es et entend aborder les prochaines \u00e9ch\u00e9ances continentales dans les meilleures conditions possibles. Rendez-vous dimanche pour la finale des barres asym\u00e9triques, o\u00f9 Kaylia Nemour tentera d&rsquo;ajouter une nouvelle ligne dor\u00e9e \u00e0 son palmar\u00e8s d\u00e9j\u00e0 impressionnant.<\/p>\n\n\n\n<p>M. Dahleb<\/p>\n","protected":false},"excerpt":{"rendered":"<p>La reine des barres asym\u00e9triques a frapp\u00e9 fort d\u00e8s son entr\u00e9e en piste. Kaylia Nemour s&rsquo;est brillamment qualifi\u00e9e vendredi pour<\/p>\n","protected":false},"author":6,"featured_media":77299,"comment_status":"open","ping_status":"closed","sticky":false,"template":"","format":"standard","meta":{"colormag_page_container_layout":"default_layout","colormag_page_sidebar_layout":"default_layout","om_disable_all_campaigns":false,"_monsterinsights_skip_tracking":false,"_monsterinsights_sitenote_active":false,"_monsterinsights_sitenote_note":"","_monsterinsights_sitenote_category":0,"footnotes":"","_wpscppro_dont_share_socialmedia":false,"_wpscppro_custom_social_share_image":0,"_facebook_share_type":"default","_twitter_share_type":"default","_linkedin_share_type":"default","_pinterest_share_type":"default","_linkedin_share_type_page":"","_instagram_share_type":"default","_medium_share_type":"default","_threads_share_type":"default","_google_business_share_type":"default","_selected_social_profile":[],"_wpsp_enable_custom_social_template":false,"_wpsp_social_scheduling":{"enabled":false,"datetime":null,"platforms":[],"status":"template_only","dateOption":"today","timeOption":"now","customDays":"","customHours":"","customDate":"","customTime":"","schedulingType":"absolute"},"_wpsp_active_default_template":true},"categories":[33],"tags":[],"class_list":["post-84874","post","type-post","status-publish","format-standard","has-post-thumbnail","hentry","category-sports"],"aioseo_notices":[],"yoast_head":"<!-- This site is optimized with the Yoast SEO plugin v27.5 - https:\/\/yoast.com\/product\/yoast-seo-wordpress\/ -->\n<title>Coupe du monde de gymnastique\u00a0: Kaylia Nemour vise l&rsquo;or au Caire - La Sentinelle<\/title>\n<meta name=\"robots\" content=\"index, follow, max-snippet:-1, max-image-preview:large, max-video-preview:-1\" \/>\n<link rel=\"canonical\" href=\"https:\/\/lasentinelle.dz\/index.php\/2026\/04\/04\/coupe-du-monde-de-gymnastique-kaylia-nemour-vise-lor-au-caire\/\" \/>\n<meta property=\"og:locale\" content=\"fr_FR\" \/>\n<meta property=\"og:type\" content=\"article\" \/>\n<meta property=\"og:title\" content=\"Coupe du monde de gymnastique\u00a0: Kaylia Nemour vise l&rsquo;or au Caire - La Sentinelle\" \/>\n<meta property=\"og:description\" content=\"La reine des barres asym\u00e9triques a frapp\u00e9 fort d\u00e8s son entr\u00e9e en piste. Kaylia Nemour s&rsquo;est brillamment qualifi\u00e9e vendredi pour\" \/>\n<meta property=\"og:url\" content=\"https:\/\/lasentinelle.dz\/index.php\/2026\/04\/04\/coupe-du-monde-de-gymnastique-kaylia-nemour-vise-lor-au-caire\/\" \/>\n<meta property=\"og:site_name\" content=\"La Sentinelle\" \/>\n<meta property=\"article:publisher\" content=\"https:\/\/www.facebook.com\/La-Sentinelle-104059864394773\" \/>\n<meta property=\"article:published_time\" content=\"2026-04-04T18:34:12+00:00\" \/>\n<meta property=\"article:modified_time\" content=\"2026-04-04T18:34:13+00:00\" \/>\n<meta property=\"og:image\" content=\"https:\/\/lasentinelle.dz\/wp-content\/uploads\/2025\/12\/nemour.jpeg\" \/>\n\t<meta property=\"og:image:width\" content=\"800\" \/>\n\t<meta property=\"og:image:height\" content=\"500\" \/>\n\t<meta property=\"og:image:type\" content=\"image\/jpeg\" \/>\n<meta name=\"author\" content=\"admin\" \/>\n<meta name=\"twitter:card\" content=\"summary_large_image\" \/>\n<meta name=\"twitter:label1\" content=\"\u00c9crit par\" \/>\n\t<meta name=\"twitter:data1\" content=\"admin\" \/>\n\t<meta name=\"twitter:label2\" content=\"Dur\u00e9e de lecture estim\u00e9e\" \/>\n\t<meta name=\"twitter:data2\" content=\"3 minutes\" \/>\n<script type=\"application\/ld+json\" class=\"yoast-schema-graph\">{\"@context\":\"https:\\\/\\\/schema.org\",\"@graph\":[{\"@type\":\"Article\",\"@id\":\"https:\\\/\\\/lasentinelle.dz\\\/index.php\\\/2026\\\/04\\\/04\\\/coupe-du-monde-de-gymnastique-kaylia-nemour-vise-lor-au-caire\\\/#article\",\"isPartOf\":{\"@id\":\"https:\\\/\\\/lasentinelle.dz\\\/index.php\\\/2026\\\/04\\\/04\\\/coupe-du-monde-de-gymnastique-kaylia-nemour-vise-lor-au-caire\\\/\"},\"author\":{\"name\":\"admin\",\"@id\":\"https:\\\/\\\/lasentinelle.dz\\\/#\\\/schema\\\/person\\\/729ee0024f24e0b8c5ec17232f8e8b41\"},\"headline\":\"Coupe du monde de gymnastique\u00a0: Kaylia Nemour vise l&rsquo;or au Caire\",\"datePublished\":\"2026-04-04T18:34:12+00:00\",\"dateModified\":\"2026-04-04T18:34:13+00:00\",\"mainEntityOfPage\":{\"@id\":\"https:\\\/\\\/lasentinelle.dz\\\/index.php\\\/2026\\\/04\\\/04\\\/coupe-du-monde-de-gymnastique-kaylia-nemour-vise-lor-au-caire\\\/\"},\"wordCount\":638,\"commentCount\":0,\"publisher\":{\"@id\":\"https:\\\/\\\/lasentinelle.dz\\\/#organization\"},\"image\":{\"@id\":\"https:\\\/\\\/lasentinelle.dz\\\/index.php\\\/2026\\\/04\\\/04\\\/coupe-du-monde-de-gymnastique-kaylia-nemour-vise-lor-au-caire\\\/#primaryimage\"},\"thumbnailUrl\":\"https:\\\/\\\/lasentinelle.dz\\\/wp-content\\\/uploads\\\/2025\\\/12\\\/nemour.jpeg\",\"articleSection\":[\"Sports\"],\"inLanguage\":\"fr-FR\",\"potentialAction\":[{\"@type\":\"CommentAction\",\"name\":\"Comment\",\"target\":[\"https:\\\/\\\/lasentinelle.dz\\\/index.php\\\/2026\\\/04\\\/04\\\/coupe-du-monde-de-gymnastique-kaylia-nemour-vise-lor-au-caire\\\/#respond\"]}]},{\"@type\":\"WebPage\",\"@id\":\"https:\\\/\\\/lasentinelle.dz\\\/index.php\\\/2026\\\/04\\\/04\\\/coupe-du-monde-de-gymnastique-kaylia-nemour-vise-lor-au-caire\\\/\",\"url\":\"https:\\\/\\\/lasentinelle.dz\\\/index.php\\\/2026\\\/04\\\/04\\\/coupe-du-monde-de-gymnastique-kaylia-nemour-vise-lor-au-caire\\\/\",\"name\":\"Coupe du monde de gymnastique\u00a0: Kaylia Nemour vise l&rsquo;or au Caire - La Sentinelle\",\"isPartOf\":{\"@id\":\"https:\\\/\\\/lasentinelle.dz\\\/#website\"},\"primaryImageOfPage\":{\"@id\":\"https:\\\/\\\/lasentinelle.dz\\\/index.php\\\/2026\\\/04\\\/04\\\/coupe-du-monde-de-gymnastique-kaylia-nemour-vise-lor-au-caire\\\/#primaryimage\"},\"image\":{\"@id\":\"https:\\\/\\\/lasentinelle.dz\\\/index.php\\\/2026\\\/04\\\/04\\\/coupe-du-monde-de-gymnastique-kaylia-nemour-vise-lor-au-caire\\\/#primaryimage\"},\"thumbnailUrl\":\"https:\\\/\\\/lasentinelle.dz\\\/wp-content\\\/uploads\\\/2025\\\/12\\\/nemour.jpeg\",\"datePublished\":\"2026-04-04T18:34:12+00:00\",\"dateModified\":\"2026-04-04T18:34:13+00:00\",\"breadcrumb\":{\"@id\":\"https:\\\/\\\/lasentinelle.dz\\\/index.php\\\/2026\\\/04\\\/04\\\/coupe-du-monde-de-gymnastique-kaylia-nemour-vise-lor-au-caire\\\/#breadcrumb\"},\"inLanguage\":\"fr-FR\",\"potentialAction\":[{\"@type\":\"ReadAction\",\"target\":[\"https:\\\/\\\/lasentinelle.dz\\\/index.php\\\/2026\\\/04\\\/04\\\/coupe-du-monde-de-gymnastique-kaylia-nemour-vise-lor-au-caire\\\/\"]}]},{\"@type\":\"ImageObject\",\"inLanguage\":\"fr-FR\",\"@id\":\"https:\\\/\\\/lasentinelle.dz\\\/index.php\\\/2026\\\/04\\\/04\\\/coupe-du-monde-de-gymnastique-kaylia-nemour-vise-lor-au-caire\\\/#primaryimage\",\"url\":\"https:\\\/\\\/lasentinelle.dz\\\/wp-content\\\/uploads\\\/2025\\\/12\\\/nemour.jpeg\",\"contentUrl\":\"https:\\\/\\\/lasentinelle.dz\\\/wp-content\\\/uploads\\\/2025\\\/12\\\/nemour.jpeg\",\"width\":800,\"height\":500},{\"@type\":\"BreadcrumbList\",\"@id\":\"https:\\\/\\\/lasentinelle.dz\\\/index.php\\\/2026\\\/04\\\/04\\\/coupe-du-monde-de-gymnastique-kaylia-nemour-vise-lor-au-caire\\\/#breadcrumb\",\"itemListElement\":[{\"@type\":\"ListItem\",\"position\":1,\"name\":\"Accueil\",\"item\":\"https:\\\/\\\/lasentinelle.dz\\\/\"},{\"@type\":\"ListItem\",\"position\":2,\"name\":\"Coupe du monde de gymnastique\u00a0: Kaylia Nemour vise l&rsquo;or au Caire\"}]},{\"@type\":\"WebSite\",\"@id\":\"https:\\\/\\\/lasentinelle.dz\\\/#website\",\"url\":\"https:\\\/\\\/lasentinelle.dz\\\/\",\"name\":\"La Sentinelle\",\"description\":\"Quotidien national d&#039;information\",\"publisher\":{\"@id\":\"https:\\\/\\\/lasentinelle.dz\\\/#organization\"},\"potentialAction\":[{\"@type\":\"SearchAction\",\"target\":{\"@type\":\"EntryPoint\",\"urlTemplate\":\"https:\\\/\\\/lasentinelle.dz\\\/?s={search_term_string}\"},\"query-input\":{\"@type\":\"PropertyValueSpecification\",\"valueRequired\":true,\"valueName\":\"search_term_string\"}}],\"inLanguage\":\"fr-FR\"},{\"@type\":\"Organization\",\"@id\":\"https:\\\/\\\/lasentinelle.dz\\\/#organization\",\"name\":\"Quotidien La Sentinelle\",\"url\":\"https:\\\/\\\/lasentinelle.dz\\\/\",\"logo\":{\"@type\":\"ImageObject\",\"inLanguage\":\"fr-FR\",\"@id\":\"https:\\\/\\\/lasentinelle.dz\\\/#\\\/schema\\\/logo\\\/image\\\/\",\"url\":\"https:\\\/\\\/lasentinelle.dz\\\/wp-content\\\/uploads\\\/2021\\\/09\\\/logo-sentinelleSLOGAN-1.png\",\"contentUrl\":\"https:\\\/\\\/lasentinelle.dz\\\/wp-content\\\/uploads\\\/2021\\\/09\\\/logo-sentinelleSLOGAN-1.png\",\"width\":615,\"height\":142,\"caption\":\"Quotidien La Sentinelle\"},\"image\":{\"@id\":\"https:\\\/\\\/lasentinelle.dz\\\/#\\\/schema\\\/logo\\\/image\\\/\"},\"sameAs\":[\"https:\\\/\\\/www.facebook.com\\\/La-Sentinelle-104059864394773\"]},{\"@type\":\"Person\",\"@id\":\"https:\\\/\\\/lasentinelle.dz\\\/#\\\/schema\\\/person\\\/729ee0024f24e0b8c5ec17232f8e8b41\",\"name\":\"admin\",\"image\":{\"@type\":\"ImageObject\",\"inLanguage\":\"fr-FR\",\"@id\":\"https:\\\/\\\/secure.gravatar.com\\\/avatar\\\/4c81fed838786e9b53f540bf46533e750f5d292099ae3b66cfc6fb1982e29df7?s=96&d=mm&r=g\",\"url\":\"https:\\\/\\\/secure.gravatar.com\\\/avatar\\\/4c81fed838786e9b53f540bf46533e750f5d292099ae3b66cfc6fb1982e29df7?s=96&d=mm&r=g\",\"contentUrl\":\"https:\\\/\\\/secure.gravatar.com\\\/avatar\\\/4c81fed838786e9b53f540bf46533e750f5d292099ae3b66cfc6fb1982e29df7?s=96&d=mm&r=g\",\"caption\":\"admin\"},\"description\":\"admin\",\"url\":\"https:\\\/\\\/lasentinelle.dz\\\/author\\\/admin\\\/\"}]}<\/script>\n<!-- \/ Yoast SEO plugin. -->","yoast_head_json":{"title":"Coupe du monde de gymnastique\u00a0: Kaylia Nemour vise l&rsquo;or au Caire - La Sentinelle","robots":{"index":"index","follow":"follow","max-snippet":"max-snippet:-1","max-image-preview":"max-image-preview:large","max-video-preview":"max-video-preview:-1"},"canonical":"https:\/\/lasentinelle.dz\/index.php\/2026\/04\/04\/coupe-du-monde-de-gymnastique-kaylia-nemour-vise-lor-au-caire\/","og_locale":"fr_FR","og_type":"article","og_title":"Coupe du monde de gymnastique\u00a0: Kaylia Nemour vise l&rsquo;or au Caire - La Sentinelle","og_description":"La reine des barres asym\u00e9triques a frapp\u00e9 fort d\u00e8s son entr\u00e9e en piste. Kaylia Nemour s&rsquo;est brillamment qualifi\u00e9e vendredi pour","og_url":"https:\/\/lasentinelle.dz\/index.php\/2026\/04\/04\/coupe-du-monde-de-gymnastique-kaylia-nemour-vise-lor-au-caire\/","og_site_name":"La Sentinelle","article_publisher":"https:\/\/www.facebook.com\/La-Sentinelle-104059864394773","article_published_time":"2026-04-04T18:34:12+00:00","article_modified_time":"2026-04-04T18:34:13+00:00","og_image":[{"width":800,"height":500,"url":"https:\/\/lasentinelle.dz\/wp-content\/uploads\/2025\/12\/nemour.jpeg","type":"image\/jpeg"}],"author":"admin","twitter_card":"summary_large_image","twitter_misc":{"\u00c9crit par":"admin","Dur\u00e9e de lecture estim\u00e9e":"3 minutes"},"schema":{"@context":"https:\/\/schema.org","@graph":[{"@type":"Article","@id":"https:\/\/lasentinelle.dz\/index.php\/2026\/04\/04\/coupe-du-monde-de-gymnastique-kaylia-nemour-vise-lor-au-caire\/#article","isPartOf":{"@id":"https:\/\/lasentinelle.dz\/index.php\/2026\/04\/04\/coupe-du-monde-de-gymnastique-kaylia-nemour-vise-lor-au-caire\/"},"author":{"name":"admin","@id":"https:\/\/lasentinelle.dz\/#\/schema\/person\/729ee0024f24e0b8c5ec17232f8e8b41"},"headline":"Coupe du monde de gymnastique\u00a0: Kaylia Nemour vise l&rsquo;or au Caire","datePublished":"2026-04-04T18:34:12+00:00","dateModified":"2026-04-04T18:34:13+00:00","mainEntityOfPage":{"@id":"https:\/\/lasentinelle.dz\/index.php\/2026\/04\/04\/coupe-du-monde-de-gymnastique-kaylia-nemour-vise-lor-au-caire\/"},"wordCount":638,"commentCount":0,"publisher":{"@id":"https:\/\/lasentinelle.dz\/#organization"},"image":{"@id":"https:\/\/lasentinelle.dz\/index.php\/2026\/04\/04\/coupe-du-monde-de-gymnastique-kaylia-nemour-vise-lor-au-caire\/#primaryimage"},"thumbnailUrl":"https:\/\/lasentinelle.dz\/wp-content\/uploads\/2025\/12\/nemour.jpeg","articleSection":["Sports"],"inLanguage":"fr-FR","potentialAction":[{"@type":"CommentAction","name":"Comment","target":["https:\/\/lasentinelle.dz\/index.php\/2026\/04\/04\/coupe-du-monde-de-gymnastique-kaylia-nemour-vise-lor-au-caire\/#respond"]}]},{"@type":"WebPage","@id":"https:\/\/lasentinelle.dz\/index.php\/2026\/04\/04\/coupe-du-monde-de-gymnastique-kaylia-nemour-vise-lor-au-caire\/","url":"https:\/\/lasentinelle.dz\/index.php\/2026\/04\/04\/coupe-du-monde-de-gymnastique-kaylia-nemour-vise-lor-au-caire\/","name":"Coupe du monde de gymnastique\u00a0: Kaylia Nemour vise l&rsquo;or au Caire - La Sentinelle","isPartOf":{"@id":"https:\/\/lasentinelle.dz\/#website"},"primaryImageOfPage":{"@id":"https:\/\/lasentinelle.dz\/index.php\/2026\/04\/04\/coupe-du-monde-de-gymnastique-kaylia-nemour-vise-lor-au-caire\/#primaryimage"},"image":{"@id":"https:\/\/lasentinelle.dz\/index.php\/2026\/04\/04\/coupe-du-monde-de-gymnastique-kaylia-nemour-vise-lor-au-caire\/#primaryimage"},"thumbnailUrl":"https:\/\/lasentinelle.dz\/wp-content\/uploads\/2025\/12\/nemour.jpeg","datePublished":"2026-04-04T18:34:12+00:00","dateModified":"2026-04-04T18:34:13+00:00","breadcrumb":{"@id":"https:\/\/lasentinelle.dz\/index.php\/2026\/04\/04\/coupe-du-monde-de-gymnastique-kaylia-nemour-vise-lor-au-caire\/#breadcrumb"},"inLanguage":"fr-FR","potentialAction":[{"@type":"ReadAction","target":["https:\/\/lasentinelle.dz\/index.php\/2026\/04\/04\/coupe-du-monde-de-gymnastique-kaylia-nemour-vise-lor-au-caire\/"]}]},{"@type":"ImageObject","inLanguage":"fr-FR","@id":"https:\/\/lasentinelle.dz\/index.php\/2026\/04\/04\/coupe-du-monde-de-gymnastique-kaylia-nemour-vise-lor-au-caire\/#primaryimage","url":"https:\/\/lasentinelle.dz\/wp-content\/uploads\/2025\/12\/nemour.jpeg","contentUrl":"https:\/\/lasentinelle.dz\/wp-content\/uploads\/2025\/12\/nemour.jpeg","width":800,"height":500},{"@type":"BreadcrumbList","@id":"https:\/\/lasentinelle.dz\/index.php\/2026\/04\/04\/coupe-du-monde-de-gymnastique-kaylia-nemour-vise-lor-au-caire\/#breadcrumb","itemListElement":[{"@type":"ListItem","position":1,"name":"Accueil","item":"https:\/\/lasentinelle.dz\/"},{"@type":"ListItem","position":2,"name":"Coupe du monde de gymnastique\u00a0: Kaylia Nemour vise l&rsquo;or au Caire"}]},{"@type":"WebSite","@id":"https:\/\/lasentinelle.dz\/#website","url":"https:\/\/lasentinelle.dz\/","name":"La Sentinelle","description":"Quotidien national d&#039;information","publisher":{"@id":"https:\/\/lasentinelle.dz\/#organization"},"potentialAction":[{"@type":"SearchAction","target":{"@type":"EntryPoint","urlTemplate":"https:\/\/lasentinelle.dz\/?s={search_term_string}"},"query-input":{"@type":"PropertyValueSpecification","valueRequired":true,"valueName":"search_term_string"}}],"inLanguage":"fr-FR"},{"@type":"Organization","@id":"https:\/\/lasentinelle.dz\/#organization","name":"Quotidien La Sentinelle","url":"https:\/\/lasentinelle.dz\/","logo":{"@type":"ImageObject","inLanguage":"fr-FR","@id":"https:\/\/lasentinelle.dz\/#\/schema\/logo\/image\/","url":"https:\/\/lasentinelle.dz\/wp-content\/uploads\/2021\/09\/logo-sentinelleSLOGAN-1.png","contentUrl":"https:\/\/lasentinelle.dz\/wp-content\/uploads\/2021\/09\/logo-sentinelleSLOGAN-1.png","width":615,"height":142,"caption":"Quotidien La Sentinelle"},"image":{"@id":"https:\/\/lasentinelle.dz\/#\/schema\/logo\/image\/"},"sameAs":["https:\/\/www.facebook.com\/La-Sentinelle-104059864394773"]},{"@type":"Person","@id":"https:\/\/lasentinelle.dz\/#\/schema\/person\/729ee0024f24e0b8c5ec17232f8e8b41","name":"admin","image":{"@type":"ImageObject","inLanguage":"fr-FR","@id":"https:\/\/secure.gravatar.com\/avatar\/4c81fed838786e9b53f540bf46533e750f5d292099ae3b66cfc6fb1982e29df7?s=96&d=mm&r=g","url":"https:\/\/secure.gravatar.com\/avatar\/4c81fed838786e9b53f540bf46533e750f5d292099ae3b66cfc6fb1982e29df7?s=96&d=mm&r=g","contentUrl":"https:\/\/secure.gravatar.com\/avatar\/4c81fed838786e9b53f540bf46533e750f5d292099ae3b66cfc6fb1982e29df7?s=96&d=mm&r=g","caption":"admin"},"description":"admin","url":"https:\/\/lasentinelle.dz\/author\/admin\/"}]}},"_links":{"self":[{"href":"https:\/\/lasentinelle.dz\/index.php\/wp-json\/wp\/v2\/posts\/84874","targetHints":{"allow":["GET"]}}],"collection":[{"href":"https:\/\/lasentinelle.dz\/index.php\/wp-json\/wp\/v2\/posts"}],"about":[{"href":"https:\/\/lasentinelle.dz\/index.php\/wp-json\/wp\/v2\/types\/post"}],"author":[{"embeddable":true,"href":"https:\/\/lasentinelle.dz\/index.php\/wp-json\/wp\/v2\/users\/6"}],"replies":[{"embeddable":true,"href":"https:\/\/lasentinelle.dz\/index.php\/wp-json\/wp\/v2\/comments?post=84874"}],"version-history":[{"count":2,"href":"https:\/\/lasentinelle.dz\/index.php\/wp-json\/wp\/v2\/posts\/84874\/revisions"}],"predecessor-version":[{"id":84876,"href":"https:\/\/lasentinelle.dz\/index.php\/wp-json\/wp\/v2\/posts\/84874\/revisions\/84876"}],"wp:featuredmedia":[{"embeddable":true,"href":"https:\/\/lasentinelle.dz\/index.php\/wp-json\/wp\/v2\/media\/77299"}],"wp:attachment":[{"href":"https:\/\/lasentinelle.dz\/index.php\/wp-json\/wp\/v2\/media?parent=84874"}],"wp:term":[{"taxonomy":"category","embeddable":true,"href":"https:\/\/lasentinelle.dz\/index.php\/wp-json\/wp\/v2\/categories?post=84874"},{"taxonomy":"post_tag","embeddable":true,"href":"https:\/\/lasentinelle.dz\/index.php\/wp-json\/wp\/v2\/tags?post=84874"}],"curies":[{"name":"wp","href":"https:\/\/api.w.org\/{rel}","templated":true}]}}