{"id":84884,"date":"2026-04-04T19:39:05","date_gmt":"2026-04-04T18:39:05","guid":{"rendered":"https:\/\/lasentinelle.dz\/?p=84884"},"modified":"2026-04-04T19:39:06","modified_gmt":"2026-04-04T18:39:06","slug":"exposition-conscience-numerique-quand-lart-se-reinvente-a-lere-du-pixel","status":"publish","type":"post","link":"https:\/\/lasentinelle.dz\/index.php\/2026\/04\/04\/exposition-conscience-numerique-quand-lart-se-reinvente-a-lere-du-pixel\/","title":{"rendered":"Exposition \u00ab Conscience num\u00e9rique \u00bb\u00a0: Quand l&rsquo;art se r\u00e9invente \u00e0 l&rsquo;\u00e8re du pixel"},"content":{"rendered":"\n<p>Le rideau s&rsquo;est lev\u00e9, jeudi, sur une exposition pas tout \u00e0 fait comme les autres. Au Palais de la culture Moufdi Zakaria, le collectif \u00ab Conscience num\u00e9rique \u00bb a investi l\u2019espace pour y d\u00e9ployer un univers visuel o\u00f9 la technologie se fond dans la cr\u00e9ation artistique, et o\u00f9 l&rsquo;intelligence artificielle devient pinceau. Jusqu&rsquo;au 2 mai prochain, ce rendez-vous d&rsquo;un genre nouveau promet de bousculer les habitudes du public alg\u00e9rois et d&rsquo;ouvrir grand les portes d&rsquo;une r\u00e9flexion sur ce que l&rsquo;art peut encore inventer. \u00c0 l&rsquo;origine de cette initiative, un nom : Nazim Laksi. Graphiste de formation, dipl\u00f4m\u00e9 de l&rsquo;\u00c9cole sup\u00e9rieure des beaux-arts d&rsquo;Alger, ce fils de Mohamed Laksi \u2014 artiste autodidacte aux multiples talents \u2014 a grandi dans un univers o\u00f9 la cr\u00e9ation \u00e9tait une seconde nature. Aujourd&rsquo;hui immerg\u00e9 dans l&rsquo;art num\u00e9rique, il s&rsquo;est impos\u00e9 ces derni\u00e8res ann\u00e9es comme l&rsquo;une des voix les plus singuli\u00e8res de la sc\u00e8ne visuelle alg\u00e9rienne, notamment gr\u00e2ce \u00e0 son exposition remarqu\u00e9e \u00ab G\u00e9r\u00e9 au pr\u00e9sent \u00bb, qui avait d\u00e9j\u00e0 r\u00e9v\u00e9l\u00e9 son obsession pour les nouvelles formes d&rsquo;expression. Avec \u00ab Conscience num\u00e9rique \u00bb, il franchit une nouvelle \u00e9tape et convie autour de lui une constellation d&rsquo;artistes confirm\u00e9s, dans ce qu&rsquo;il imagine volontiers comme un laboratoire d&rsquo;id\u00e9es lumineux, un espace de rencontre entre les cr\u00e9ateurs et le public, entre la pens\u00e9e et l&rsquo;image.<\/p>\n\n\n\n<p>Car l&rsquo;ambition du projet va bien au-del\u00e0 d&rsquo;une simple exposition collective. Nazim Laksi l&rsquo;a dit clairement lors de l&rsquo;inauguration : il s&rsquo;agit de r\u00e9unir des innovateurs, de provoquer la rencontre, de faire jaillir l&rsquo;\u00e9tincelle du d\u00e9bat. \u00c0 ses c\u00f4t\u00e9s, l&rsquo;artiste et enseignante Nour Chiraz assure la coordination du projet et anime les sessions de discussion pr\u00e9vues tout au long de la manifestation. Ensemble, ils ont con\u00e7u un programme dense et ouvert, o\u00f9 les \u0153uvres expos\u00e9es ne constituent que le point de d\u00e9part d&rsquo;une conversation plus large sur l&rsquo;art, la technologie et leurs horizons communs.<\/p>\n\n\n\n<p>Parmi les temps forts annonc\u00e9s, les projections en mapping 3D promettent une exp\u00e9rience sensorielle immersive, o\u00f9 les murs eux-m\u00eames deviennent toiles vivantes. Cette technique de projection lumineuse tridimensionnelle, encore peu exploit\u00e9e dans l&rsquo;espace culturel alg\u00e9rien, transforme radicalement le rapport du spectateur \u00e0 l&rsquo;\u0153uvre : on ne regarde plus, on entre dedans. C&rsquo;est pr\u00e9cis\u00e9ment ce d\u00e9cloisonnement que recherche Nazim Laksi, lui qui n&rsquo;a de cesse d&rsquo;explorer comment l&rsquo;intelligence artificielle peut nourrir un imaginaire in\u00e9dit, g\u00e9n\u00e9rer des mondes visuels que la main seule ne saurait concevoir, et repousser les fronti\u00e8res du sensible.<\/p>\n\n\n\n<p>Au-del\u00e0 des projections et des installations, \u00ab Conscience num\u00e9rique \u00bb s&rsquo;articule \u00e9galement autour d&rsquo;un programme de conf\u00e9rences et de tables rondes, auxquelles sont convi\u00e9s des cr\u00e9ateurs venus d&rsquo;horizons vari\u00e9s. Ces \u00e9changes, pens\u00e9s comme un prolongement naturel des \u0153uvres, visent \u00e0 ancrer la manifestation dans une dynamique intellectuelle durable, bien au-del\u00e0 du seul vernissage. C&rsquo;est cette volont\u00e9 de conjuguer le faire et le penser, le montrer et le d\u00e9battre, qui conf\u00e8re \u00e0 l&rsquo;\u00e9v\u00e9nement une densit\u00e9 rare dans le paysage culturel local.<\/p>\n\n\n\n<p>En choisissant le Palais de la culture \u2014 lieu embl\u00e9matique et fr\u00e9quent\u00e9 \u2014 comme \u00e9crin pour cette aventure collective, Nazim Laksi envoie aussi un signal clair : l&rsquo;art num\u00e9rique n&rsquo;est pas r\u00e9serv\u00e9 aux initi\u00e9s ni confin\u00e9 aux espaces branch\u00e9s. Il m\u00e9rite la m\u00eame visibilit\u00e9, le m\u00eame s\u00e9rieux, la m\u00eame curiosit\u00e9 que n&rsquo;importe quelle autre forme d&rsquo;expression.<\/p>\n\n\n\n<p>M.S.<\/p>\n","protected":false},"excerpt":{"rendered":"<p>Le rideau s&rsquo;est lev\u00e9, jeudi, sur une exposition pas tout \u00e0 fait comme les autres. Au Palais de la culture<\/p>\n","protected":false},"author":6,"featured_media":84885,"comment_status":"open","ping_status":"closed","sticky":false,"template":"","format":"standard","meta":{"colormag_page_container_layout":"default_layout","colormag_page_sidebar_layout":"default_layout","om_disable_all_campaigns":false,"_monsterinsights_skip_tracking":false,"_monsterinsights_sitenote_active":false,"_monsterinsights_sitenote_note":"","_monsterinsights_sitenote_category":0,"footnotes":"","_wpscppro_dont_share_socialmedia":false,"_wpscppro_custom_social_share_image":0,"_facebook_share_type":"default","_twitter_share_type":"default","_linkedin_share_type":"default","_pinterest_share_type":"default","_linkedin_share_type_page":"","_instagram_share_type":"default","_medium_share_type":"default","_threads_share_type":"default","_google_business_share_type":"default","_selected_social_profile":[],"_wpsp_enable_custom_social_template":false,"_wpsp_social_scheduling":{"enabled":false,"datetime":null,"platforms":[],"status":"template_only","dateOption":"today","timeOption":"now","customDays":"","customHours":"","customDate":"","customTime":"","schedulingType":"absolute"},"_wpsp_active_default_template":true},"categories":[36],"tags":[],"class_list":["post-84884","post","type-post","status-publish","format-standard","has-post-thumbnail","hentry","category-culture"],"aioseo_notices":[],"yoast_head":"<!-- This site is optimized with the Yoast SEO plugin v27.5 - https:\/\/yoast.com\/product\/yoast-seo-wordpress\/ -->\n<title>Exposition \u00ab Conscience num\u00e9rique \u00bb\u00a0: Quand l&rsquo;art se r\u00e9invente \u00e0 l&rsquo;\u00e8re du pixel - La Sentinelle<\/title>\n<meta name=\"robots\" content=\"index, follow, max-snippet:-1, max-image-preview:large, max-video-preview:-1\" \/>\n<link rel=\"canonical\" href=\"https:\/\/lasentinelle.dz\/index.php\/2026\/04\/04\/exposition-conscience-numerique-quand-lart-se-reinvente-a-lere-du-pixel\/\" \/>\n<meta property=\"og:locale\" content=\"fr_FR\" \/>\n<meta property=\"og:type\" content=\"article\" \/>\n<meta property=\"og:title\" content=\"Exposition \u00ab Conscience num\u00e9rique \u00bb\u00a0: Quand l&rsquo;art se r\u00e9invente \u00e0 l&rsquo;\u00e8re du pixel - La Sentinelle\" \/>\n<meta property=\"og:description\" content=\"Le rideau s&rsquo;est lev\u00e9, jeudi, sur une exposition pas tout \u00e0 fait comme les autres. Au Palais de la culture\" \/>\n<meta property=\"og:url\" content=\"https:\/\/lasentinelle.dz\/index.php\/2026\/04\/04\/exposition-conscience-numerique-quand-lart-se-reinvente-a-lere-du-pixel\/\" \/>\n<meta property=\"og:site_name\" content=\"La Sentinelle\" \/>\n<meta property=\"article:publisher\" content=\"https:\/\/www.facebook.com\/La-Sentinelle-104059864394773\" \/>\n<meta property=\"article:published_time\" content=\"2026-04-04T18:39:05+00:00\" \/>\n<meta property=\"article:modified_time\" content=\"2026-04-04T18:39:06+00:00\" \/>\n<meta property=\"og:image\" content=\"https:\/\/lasentinelle.dz\/wp-content\/uploads\/2026\/04\/expo.jpg\" \/>\n\t<meta property=\"og:image:width\" content=\"2048\" \/>\n\t<meta property=\"og:image:height\" content=\"1536\" \/>\n\t<meta property=\"og:image:type\" content=\"image\/jpeg\" \/>\n<meta name=\"author\" content=\"admin\" \/>\n<meta name=\"twitter:card\" content=\"summary_large_image\" \/>\n<meta name=\"twitter:label1\" content=\"\u00c9crit par\" \/>\n\t<meta name=\"twitter:data1\" content=\"admin\" \/>\n\t<meta name=\"twitter:label2\" content=\"Dur\u00e9e de lecture estim\u00e9e\" \/>\n\t<meta name=\"twitter:data2\" content=\"3 minutes\" \/>\n<script type=\"application\/ld+json\" class=\"yoast-schema-graph\">{\"@context\":\"https:\\\/\\\/schema.org\",\"@graph\":[{\"@type\":\"Article\",\"@id\":\"https:\\\/\\\/lasentinelle.dz\\\/index.php\\\/2026\\\/04\\\/04\\\/exposition-conscience-numerique-quand-lart-se-reinvente-a-lere-du-pixel\\\/#article\",\"isPartOf\":{\"@id\":\"https:\\\/\\\/lasentinelle.dz\\\/index.php\\\/2026\\\/04\\\/04\\\/exposition-conscience-numerique-quand-lart-se-reinvente-a-lere-du-pixel\\\/\"},\"author\":{\"name\":\"admin\",\"@id\":\"https:\\\/\\\/lasentinelle.dz\\\/#\\\/schema\\\/person\\\/729ee0024f24e0b8c5ec17232f8e8b41\"},\"headline\":\"Exposition \u00ab Conscience num\u00e9rique \u00bb\u00a0: Quand l&rsquo;art se r\u00e9invente \u00e0 l&rsquo;\u00e8re du pixel\",\"datePublished\":\"2026-04-04T18:39:05+00:00\",\"dateModified\":\"2026-04-04T18:39:06+00:00\",\"mainEntityOfPage\":{\"@id\":\"https:\\\/\\\/lasentinelle.dz\\\/index.php\\\/2026\\\/04\\\/04\\\/exposition-conscience-numerique-quand-lart-se-reinvente-a-lere-du-pixel\\\/\"},\"wordCount\":640,\"commentCount\":0,\"publisher\":{\"@id\":\"https:\\\/\\\/lasentinelle.dz\\\/#organization\"},\"image\":{\"@id\":\"https:\\\/\\\/lasentinelle.dz\\\/index.php\\\/2026\\\/04\\\/04\\\/exposition-conscience-numerique-quand-lart-se-reinvente-a-lere-du-pixel\\\/#primaryimage\"},\"thumbnailUrl\":\"https:\\\/\\\/lasentinelle.dz\\\/wp-content\\\/uploads\\\/2026\\\/04\\\/expo.jpg\",\"articleSection\":[\"Culture\"],\"inLanguage\":\"fr-FR\",\"potentialAction\":[{\"@type\":\"CommentAction\",\"name\":\"Comment\",\"target\":[\"https:\\\/\\\/lasentinelle.dz\\\/index.php\\\/2026\\\/04\\\/04\\\/exposition-conscience-numerique-quand-lart-se-reinvente-a-lere-du-pixel\\\/#respond\"]}]},{\"@type\":\"WebPage\",\"@id\":\"https:\\\/\\\/lasentinelle.dz\\\/index.php\\\/2026\\\/04\\\/04\\\/exposition-conscience-numerique-quand-lart-se-reinvente-a-lere-du-pixel\\\/\",\"url\":\"https:\\\/\\\/lasentinelle.dz\\\/index.php\\\/2026\\\/04\\\/04\\\/exposition-conscience-numerique-quand-lart-se-reinvente-a-lere-du-pixel\\\/\",\"name\":\"Exposition \u00ab Conscience num\u00e9rique \u00bb\u00a0: Quand l&rsquo;art se r\u00e9invente \u00e0 l&rsquo;\u00e8re du pixel - La Sentinelle\",\"isPartOf\":{\"@id\":\"https:\\\/\\\/lasentinelle.dz\\\/#website\"},\"primaryImageOfPage\":{\"@id\":\"https:\\\/\\\/lasentinelle.dz\\\/index.php\\\/2026\\\/04\\\/04\\\/exposition-conscience-numerique-quand-lart-se-reinvente-a-lere-du-pixel\\\/#primaryimage\"},\"image\":{\"@id\":\"https:\\\/\\\/lasentinelle.dz\\\/index.php\\\/2026\\\/04\\\/04\\\/exposition-conscience-numerique-quand-lart-se-reinvente-a-lere-du-pixel\\\/#primaryimage\"},\"thumbnailUrl\":\"https:\\\/\\\/lasentinelle.dz\\\/wp-content\\\/uploads\\\/2026\\\/04\\\/expo.jpg\",\"datePublished\":\"2026-04-04T18:39:05+00:00\",\"dateModified\":\"2026-04-04T18:39:06+00:00\",\"breadcrumb\":{\"@id\":\"https:\\\/\\\/lasentinelle.dz\\\/index.php\\\/2026\\\/04\\\/04\\\/exposition-conscience-numerique-quand-lart-se-reinvente-a-lere-du-pixel\\\/#breadcrumb\"},\"inLanguage\":\"fr-FR\",\"potentialAction\":[{\"@type\":\"ReadAction\",\"target\":[\"https:\\\/\\\/lasentinelle.dz\\\/index.php\\\/2026\\\/04\\\/04\\\/exposition-conscience-numerique-quand-lart-se-reinvente-a-lere-du-pixel\\\/\"]}]},{\"@type\":\"ImageObject\",\"inLanguage\":\"fr-FR\",\"@id\":\"https:\\\/\\\/lasentinelle.dz\\\/index.php\\\/2026\\\/04\\\/04\\\/exposition-conscience-numerique-quand-lart-se-reinvente-a-lere-du-pixel\\\/#primaryimage\",\"url\":\"https:\\\/\\\/lasentinelle.dz\\\/wp-content\\\/uploads\\\/2026\\\/04\\\/expo.jpg\",\"contentUrl\":\"https:\\\/\\\/lasentinelle.dz\\\/wp-content\\\/uploads\\\/2026\\\/04\\\/expo.jpg\",\"width\":2048,\"height\":1536},{\"@type\":\"BreadcrumbList\",\"@id\":\"https:\\\/\\\/lasentinelle.dz\\\/index.php\\\/2026\\\/04\\\/04\\\/exposition-conscience-numerique-quand-lart-se-reinvente-a-lere-du-pixel\\\/#breadcrumb\",\"itemListElement\":[{\"@type\":\"ListItem\",\"position\":1,\"name\":\"Accueil\",\"item\":\"https:\\\/\\\/lasentinelle.dz\\\/\"},{\"@type\":\"ListItem\",\"position\":2,\"name\":\"Exposition \u00ab Conscience num\u00e9rique \u00bb\u00a0: Quand l&rsquo;art se r\u00e9invente \u00e0 l&rsquo;\u00e8re du pixel\"}]},{\"@type\":\"WebSite\",\"@id\":\"https:\\\/\\\/lasentinelle.dz\\\/#website\",\"url\":\"https:\\\/\\\/lasentinelle.dz\\\/\",\"name\":\"La Sentinelle\",\"description\":\"Quotidien national d&#039;information\",\"publisher\":{\"@id\":\"https:\\\/\\\/lasentinelle.dz\\\/#organization\"},\"potentialAction\":[{\"@type\":\"SearchAction\",\"target\":{\"@type\":\"EntryPoint\",\"urlTemplate\":\"https:\\\/\\\/lasentinelle.dz\\\/?s={search_term_string}\"},\"query-input\":{\"@type\":\"PropertyValueSpecification\",\"valueRequired\":true,\"valueName\":\"search_term_string\"}}],\"inLanguage\":\"fr-FR\"},{\"@type\":\"Organization\",\"@id\":\"https:\\\/\\\/lasentinelle.dz\\\/#organization\",\"name\":\"Quotidien La Sentinelle\",\"url\":\"https:\\\/\\\/lasentinelle.dz\\\/\",\"logo\":{\"@type\":\"ImageObject\",\"inLanguage\":\"fr-FR\",\"@id\":\"https:\\\/\\\/lasentinelle.dz\\\/#\\\/schema\\\/logo\\\/image\\\/\",\"url\":\"https:\\\/\\\/lasentinelle.dz\\\/wp-content\\\/uploads\\\/2021\\\/09\\\/logo-sentinelleSLOGAN-1.png\",\"contentUrl\":\"https:\\\/\\\/lasentinelle.dz\\\/wp-content\\\/uploads\\\/2021\\\/09\\\/logo-sentinelleSLOGAN-1.png\",\"width\":615,\"height\":142,\"caption\":\"Quotidien La Sentinelle\"},\"image\":{\"@id\":\"https:\\\/\\\/lasentinelle.dz\\\/#\\\/schema\\\/logo\\\/image\\\/\"},\"sameAs\":[\"https:\\\/\\\/www.facebook.com\\\/La-Sentinelle-104059864394773\"]},{\"@type\":\"Person\",\"@id\":\"https:\\\/\\\/lasentinelle.dz\\\/#\\\/schema\\\/person\\\/729ee0024f24e0b8c5ec17232f8e8b41\",\"name\":\"admin\",\"image\":{\"@type\":\"ImageObject\",\"inLanguage\":\"fr-FR\",\"@id\":\"https:\\\/\\\/secure.gravatar.com\\\/avatar\\\/4c81fed838786e9b53f540bf46533e750f5d292099ae3b66cfc6fb1982e29df7?s=96&d=mm&r=g\",\"url\":\"https:\\\/\\\/secure.gravatar.com\\\/avatar\\\/4c81fed838786e9b53f540bf46533e750f5d292099ae3b66cfc6fb1982e29df7?s=96&d=mm&r=g\",\"contentUrl\":\"https:\\\/\\\/secure.gravatar.com\\\/avatar\\\/4c81fed838786e9b53f540bf46533e750f5d292099ae3b66cfc6fb1982e29df7?s=96&d=mm&r=g\",\"caption\":\"admin\"},\"description\":\"admin\",\"url\":\"https:\\\/\\\/lasentinelle.dz\\\/author\\\/admin\\\/\"}]}<\/script>\n<!-- \/ Yoast SEO plugin. -->","yoast_head_json":{"title":"Exposition \u00ab Conscience num\u00e9rique \u00bb\u00a0: Quand l&rsquo;art se r\u00e9invente \u00e0 l&rsquo;\u00e8re du pixel - La Sentinelle","robots":{"index":"index","follow":"follow","max-snippet":"max-snippet:-1","max-image-preview":"max-image-preview:large","max-video-preview":"max-video-preview:-1"},"canonical":"https:\/\/lasentinelle.dz\/index.php\/2026\/04\/04\/exposition-conscience-numerique-quand-lart-se-reinvente-a-lere-du-pixel\/","og_locale":"fr_FR","og_type":"article","og_title":"Exposition \u00ab Conscience num\u00e9rique \u00bb\u00a0: Quand l&rsquo;art se r\u00e9invente \u00e0 l&rsquo;\u00e8re du pixel - La Sentinelle","og_description":"Le rideau s&rsquo;est lev\u00e9, jeudi, sur une exposition pas tout \u00e0 fait comme les autres. Au Palais de la culture","og_url":"https:\/\/lasentinelle.dz\/index.php\/2026\/04\/04\/exposition-conscience-numerique-quand-lart-se-reinvente-a-lere-du-pixel\/","og_site_name":"La Sentinelle","article_publisher":"https:\/\/www.facebook.com\/La-Sentinelle-104059864394773","article_published_time":"2026-04-04T18:39:05+00:00","article_modified_time":"2026-04-04T18:39:06+00:00","og_image":[{"width":2048,"height":1536,"url":"https:\/\/lasentinelle.dz\/wp-content\/uploads\/2026\/04\/expo.jpg","type":"image\/jpeg"}],"author":"admin","twitter_card":"summary_large_image","twitter_misc":{"\u00c9crit par":"admin","Dur\u00e9e de lecture estim\u00e9e":"3 minutes"},"schema":{"@context":"https:\/\/schema.org","@graph":[{"@type":"Article","@id":"https:\/\/lasentinelle.dz\/index.php\/2026\/04\/04\/exposition-conscience-numerique-quand-lart-se-reinvente-a-lere-du-pixel\/#article","isPartOf":{"@id":"https:\/\/lasentinelle.dz\/index.php\/2026\/04\/04\/exposition-conscience-numerique-quand-lart-se-reinvente-a-lere-du-pixel\/"},"author":{"name":"admin","@id":"https:\/\/lasentinelle.dz\/#\/schema\/person\/729ee0024f24e0b8c5ec17232f8e8b41"},"headline":"Exposition \u00ab Conscience num\u00e9rique \u00bb\u00a0: Quand l&rsquo;art se r\u00e9invente \u00e0 l&rsquo;\u00e8re du pixel","datePublished":"2026-04-04T18:39:05+00:00","dateModified":"2026-04-04T18:39:06+00:00","mainEntityOfPage":{"@id":"https:\/\/lasentinelle.dz\/index.php\/2026\/04\/04\/exposition-conscience-numerique-quand-lart-se-reinvente-a-lere-du-pixel\/"},"wordCount":640,"commentCount":0,"publisher":{"@id":"https:\/\/lasentinelle.dz\/#organization"},"image":{"@id":"https:\/\/lasentinelle.dz\/index.php\/2026\/04\/04\/exposition-conscience-numerique-quand-lart-se-reinvente-a-lere-du-pixel\/#primaryimage"},"thumbnailUrl":"https:\/\/lasentinelle.dz\/wp-content\/uploads\/2026\/04\/expo.jpg","articleSection":["Culture"],"inLanguage":"fr-FR","potentialAction":[{"@type":"CommentAction","name":"Comment","target":["https:\/\/lasentinelle.dz\/index.php\/2026\/04\/04\/exposition-conscience-numerique-quand-lart-se-reinvente-a-lere-du-pixel\/#respond"]}]},{"@type":"WebPage","@id":"https:\/\/lasentinelle.dz\/index.php\/2026\/04\/04\/exposition-conscience-numerique-quand-lart-se-reinvente-a-lere-du-pixel\/","url":"https:\/\/lasentinelle.dz\/index.php\/2026\/04\/04\/exposition-conscience-numerique-quand-lart-se-reinvente-a-lere-du-pixel\/","name":"Exposition \u00ab Conscience num\u00e9rique \u00bb\u00a0: Quand l&rsquo;art se r\u00e9invente \u00e0 l&rsquo;\u00e8re du pixel - La Sentinelle","isPartOf":{"@id":"https:\/\/lasentinelle.dz\/#website"},"primaryImageOfPage":{"@id":"https:\/\/lasentinelle.dz\/index.php\/2026\/04\/04\/exposition-conscience-numerique-quand-lart-se-reinvente-a-lere-du-pixel\/#primaryimage"},"image":{"@id":"https:\/\/lasentinelle.dz\/index.php\/2026\/04\/04\/exposition-conscience-numerique-quand-lart-se-reinvente-a-lere-du-pixel\/#primaryimage"},"thumbnailUrl":"https:\/\/lasentinelle.dz\/wp-content\/uploads\/2026\/04\/expo.jpg","datePublished":"2026-04-04T18:39:05+00:00","dateModified":"2026-04-04T18:39:06+00:00","breadcrumb":{"@id":"https:\/\/lasentinelle.dz\/index.php\/2026\/04\/04\/exposition-conscience-numerique-quand-lart-se-reinvente-a-lere-du-pixel\/#breadcrumb"},"inLanguage":"fr-FR","potentialAction":[{"@type":"ReadAction","target":["https:\/\/lasentinelle.dz\/index.php\/2026\/04\/04\/exposition-conscience-numerique-quand-lart-se-reinvente-a-lere-du-pixel\/"]}]},{"@type":"ImageObject","inLanguage":"fr-FR","@id":"https:\/\/lasentinelle.dz\/index.php\/2026\/04\/04\/exposition-conscience-numerique-quand-lart-se-reinvente-a-lere-du-pixel\/#primaryimage","url":"https:\/\/lasentinelle.dz\/wp-content\/uploads\/2026\/04\/expo.jpg","contentUrl":"https:\/\/lasentinelle.dz\/wp-content\/uploads\/2026\/04\/expo.jpg","width":2048,"height":1536},{"@type":"BreadcrumbList","@id":"https:\/\/lasentinelle.dz\/index.php\/2026\/04\/04\/exposition-conscience-numerique-quand-lart-se-reinvente-a-lere-du-pixel\/#breadcrumb","itemListElement":[{"@type":"ListItem","position":1,"name":"Accueil","item":"https:\/\/lasentinelle.dz\/"},{"@type":"ListItem","position":2,"name":"Exposition \u00ab Conscience num\u00e9rique \u00bb\u00a0: Quand l&rsquo;art se r\u00e9invente \u00e0 l&rsquo;\u00e8re du pixel"}]},{"@type":"WebSite","@id":"https:\/\/lasentinelle.dz\/#website","url":"https:\/\/lasentinelle.dz\/","name":"La Sentinelle","description":"Quotidien national d&#039;information","publisher":{"@id":"https:\/\/lasentinelle.dz\/#organization"},"potentialAction":[{"@type":"SearchAction","target":{"@type":"EntryPoint","urlTemplate":"https:\/\/lasentinelle.dz\/?s={search_term_string}"},"query-input":{"@type":"PropertyValueSpecification","valueRequired":true,"valueName":"search_term_string"}}],"inLanguage":"fr-FR"},{"@type":"Organization","@id":"https:\/\/lasentinelle.dz\/#organization","name":"Quotidien La Sentinelle","url":"https:\/\/lasentinelle.dz\/","logo":{"@type":"ImageObject","inLanguage":"fr-FR","@id":"https:\/\/lasentinelle.dz\/#\/schema\/logo\/image\/","url":"https:\/\/lasentinelle.dz\/wp-content\/uploads\/2021\/09\/logo-sentinelleSLOGAN-1.png","contentUrl":"https:\/\/lasentinelle.dz\/wp-content\/uploads\/2021\/09\/logo-sentinelleSLOGAN-1.png","width":615,"height":142,"caption":"Quotidien La Sentinelle"},"image":{"@id":"https:\/\/lasentinelle.dz\/#\/schema\/logo\/image\/"},"sameAs":["https:\/\/www.facebook.com\/La-Sentinelle-104059864394773"]},{"@type":"Person","@id":"https:\/\/lasentinelle.dz\/#\/schema\/person\/729ee0024f24e0b8c5ec17232f8e8b41","name":"admin","image":{"@type":"ImageObject","inLanguage":"fr-FR","@id":"https:\/\/secure.gravatar.com\/avatar\/4c81fed838786e9b53f540bf46533e750f5d292099ae3b66cfc6fb1982e29df7?s=96&d=mm&r=g","url":"https:\/\/secure.gravatar.com\/avatar\/4c81fed838786e9b53f540bf46533e750f5d292099ae3b66cfc6fb1982e29df7?s=96&d=mm&r=g","contentUrl":"https:\/\/secure.gravatar.com\/avatar\/4c81fed838786e9b53f540bf46533e750f5d292099ae3b66cfc6fb1982e29df7?s=96&d=mm&r=g","caption":"admin"},"description":"admin","url":"https:\/\/lasentinelle.dz\/author\/admin\/"}]}},"_links":{"self":[{"href":"https:\/\/lasentinelle.dz\/index.php\/wp-json\/wp\/v2\/posts\/84884","targetHints":{"allow":["GET"]}}],"collection":[{"href":"https:\/\/lasentinelle.dz\/index.php\/wp-json\/wp\/v2\/posts"}],"about":[{"href":"https:\/\/lasentinelle.dz\/index.php\/wp-json\/wp\/v2\/types\/post"}],"author":[{"embeddable":true,"href":"https:\/\/lasentinelle.dz\/index.php\/wp-json\/wp\/v2\/users\/6"}],"replies":[{"embeddable":true,"href":"https:\/\/lasentinelle.dz\/index.php\/wp-json\/wp\/v2\/comments?post=84884"}],"version-history":[{"count":2,"href":"https:\/\/lasentinelle.dz\/index.php\/wp-json\/wp\/v2\/posts\/84884\/revisions"}],"predecessor-version":[{"id":84887,"href":"https:\/\/lasentinelle.dz\/index.php\/wp-json\/wp\/v2\/posts\/84884\/revisions\/84887"}],"wp:featuredmedia":[{"embeddable":true,"href":"https:\/\/lasentinelle.dz\/index.php\/wp-json\/wp\/v2\/media\/84885"}],"wp:attachment":[{"href":"https:\/\/lasentinelle.dz\/index.php\/wp-json\/wp\/v2\/media?parent=84884"}],"wp:term":[{"taxonomy":"category","embeddable":true,"href":"https:\/\/lasentinelle.dz\/index.php\/wp-json\/wp\/v2\/categories?post=84884"},{"taxonomy":"post_tag","embeddable":true,"href":"https:\/\/lasentinelle.dz\/index.php\/wp-json\/wp\/v2\/tags?post=84884"}],"curies":[{"name":"wp","href":"https:\/\/api.w.org\/{rel}","templated":true}]}}