{"id":84888,"date":"2026-04-04T19:40:00","date_gmt":"2026-04-04T18:40:00","guid":{"rendered":"https:\/\/lasentinelle.dz\/?p=84888"},"modified":"2026-04-04T19:40:00","modified_gmt":"2026-04-04T18:40:00","slug":"premiers-debats-au-salon-du-livre-de-raffour-le-roman-algerien-gardien-de-la-memoire-nationale","status":"publish","type":"post","link":"https:\/\/lasentinelle.dz\/index.php\/2026\/04\/04\/premiers-debats-au-salon-du-livre-de-raffour-le-roman-algerien-gardien-de-la-memoire-nationale\/","title":{"rendered":"Premiers d\u00e9bats au Salon du livre de Raffour\u00a0: Le roman alg\u00e9rien, gardien de la m\u00e9moire nationale"},"content":{"rendered":"\n<p>Le village de Raffour, dans la commune de M&rsquo;Chedallah \u00e0 Bouira, accueille depuis jeudi le premier Salon national du livre \u00ab\u00a0Sahel Valley\u00a0\u00bb, une manifestation qui a d&#8217;embl\u00e9e plac\u00e9 la question de la m\u00e9moire au c\u0153ur des d\u00e9bats. Vendredi, \u00e9crivains et romanciers r\u00e9unis lors d&rsquo;une conf\u00e9rence ont unanimement soulign\u00e9 le r\u00f4le essentiel du roman alg\u00e9rien dans la pr\u00e9servation et la transmission de l&rsquo;histoire nationale. Pour ces auteurs, la litt\u00e9rature constitue bien plus qu&rsquo;un simple art narratif : elle est un vecteur m\u00e9moriel indispensable pour transmettre aux jeunes g\u00e9n\u00e9rations les valeurs et les combats qui ont forg\u00e9 l&rsquo;Alg\u00e9rie contemporaine.<\/p>\n\n\n\n<p>La romanci\u00e8re Hiba Tayda a ouvert les \u00e9changes en mettant en lumi\u00e8re l&rsquo;importance capitale du roman alg\u00e9rien dans l&rsquo;\u00e9criture de l&rsquo;histoire du pays et la sauvegarde de la m\u00e9moire collective. Intervenant devant un public nombreux compos\u00e9 d&rsquo;\u00e9crivains, d&rsquo;universitaires venus de Bouira et d&rsquo;autres wilayas, elle a rappel\u00e9 que durant la guerre de lib\u00e9ration nationale, le roman a repr\u00e9sent\u00e9 \u00ab\u00a0un outil important\u00a0\u00bb gr\u00e2ce auquel \u00ab\u00a0le patrimoine historique a \u00e9t\u00e9 archiv\u00e9 par l&rsquo;\u00e9criture qui a pr\u00e9serv\u00e9 la m\u00e9moire des martyrs, des moudjahidine, et des hauts faits de combats\u00a0\u00bb. Cette dimension documentaire de la litt\u00e9rature, souvent n\u00e9glig\u00e9e au profit de sa valeur esth\u00e9tique, prend tout son sens dans le contexte alg\u00e9rien o\u00f9 les t\u00e9moignages \u00e9crits ont permis de fixer pour l&rsquo;\u00e9ternit\u00e9 des \u00e9v\u00e9nements qui auraient pu sombrer dans l&rsquo;oubli. Poursuivant son propos, Hiba Tayda a insist\u00e9 sur la fonction testimoniale de l&rsquo;\u00e9criture romanesque. \u00ab\u00a0Retracer des faits d&rsquo;une bataille, d&rsquo;une embuscade, relayer des t\u00e9moignages de moudjahidine sur la guerre de lib\u00e9ration nationale, par l&rsquo;\u00e9criture, aide \u00e0 pr\u00e9server notre histoire et la transmettre aux g\u00e9n\u00e9rations futures\u00a0\u00bb, a-t-elle affirm\u00e9. Cette vision du roman comme archive vivante fait \u00e9cho \u00e0 une longue tradition litt\u00e9raire alg\u00e9rienne o\u00f9 les auteurs, de Mouloud Feraoun \u00e0 Mohammed Dib, ont conjugu\u00e9 exigence litt\u00e9raire et t\u00e9moignage historique, cr\u00e9ant ainsi une \u0153uvre \u00e0 la fois artistique et m\u00e9morielle.<\/p>\n\n\n\n<p>L&rsquo;\u00e9crivaine et romanci\u00e8re Farida Sahoui, dont plusieurs ouvrages litt\u00e9raires sont pr\u00e9sent\u00e9s au Salon \u00ab\u00a0Sahel Valley\u00a0\u00bb, a abond\u00e9 dans le m\u00eame sens en confirmant \u00ab\u00a0le r\u00f4le pr\u00e9pond\u00e9rant que joue le roman dans la pr\u00e9servation de l&rsquo;histoire, de m\u00eame que la culture et les traditions locales\u00a0\u00bb. Son intervention a permis d&rsquo;\u00e9largir la r\u00e9flexion au-del\u00e0 de la seule dimension historique pour englober l&rsquo;ensemble du patrimoine culturel alg\u00e9rien. Pour elle, le roman constitue un r\u00e9ceptacle o\u00f9 se conservent non seulement les grands \u00e9v\u00e9nements de l&rsquo;histoire nationale, mais aussi les pratiques quotidiennes, les traditions orales, les modes de vie qui font l&rsquo;identit\u00e9 des diff\u00e9rentes r\u00e9gions du pays. Cette approche anthropologique de la litt\u00e9rature rejoint les pr\u00e9occupations actuelles de sauvegarde du patrimoine immat\u00e9riel.<\/p>\n\n\n\n<p>Le succ\u00e8s public du Salon t\u00e9moigne de l&rsquo;app\u00e9tit des Alg\u00e9riens pour le livre et la culture. D\u00e8s son deuxi\u00e8me jour, \u00ab\u00a0Sahel Valley\u00a0\u00bb a attir\u00e9 un public nombreux, dont plusieurs visiteurs venus des wilayas limitrophes, notamment B\u00e9jaia et Tizi Ouzou, pour d\u00e9couvrir la grande exposition d\u00e9di\u00e9e au livre. L&rsquo;\u00e9v\u00e9nement r\u00e9unit trente \u00e9crivains, auteurs et romanciers, parmi lesquels figure Djilali Amrani, figure embl\u00e9matique de la litt\u00e9rature alg\u00e9rienne dont la pr\u00e9sence conf\u00e8re au Salon une l\u00e9gitimit\u00e9 symbolique forte. Le programme de la manifestation s&rsquo;est distingu\u00e9 par sa richesse et sa diversit\u00e9. D\u00e8s le premier jour, jeudi, plusieurs conf\u00e9rences sur des th\u00e8mes vari\u00e9s li\u00e9s \u00e0 la litt\u00e9rature ont \u00e9t\u00e9 anim\u00e9es par des \u00e9crivains de renom, \u00e0 l&rsquo;image d&rsquo;Amine Zaoui, intellectuel et romancier reconnu pour ses prises de position et ses r\u00e9flexions sur la soci\u00e9t\u00e9 alg\u00e9rienne. Ces rencontres ont permis d&rsquo;ouvrir le d\u00e9bat sur des questions essentielles touchant \u00e0 la cr\u00e9ation litt\u00e9raire, \u00e0 son r\u00f4le social et \u00e0 ses d\u00e9fis contemporains. Au-del\u00e0 des conf\u00e9rences destin\u00e9es aux adultes, le Salon a \u00e9galement fait la part belle aux jeunes lecteurs en proposant des ateliers de formation sp\u00e9cialement con\u00e7us pour les enfants et les \u00e9coliers. Cette attention port\u00e9e au jeune public s&rsquo;inscrit dans la logique m\u00eame des d\u00e9bats sur la transmission m\u00e9morielle \u00e9voqu\u00e9s par les intervenants : comment transmettre l&rsquo;histoire et les valeurs si l&rsquo;on ne cultive pas d\u00e8s le plus jeune \u00e2ge le go\u00fbt de la lecture et de la litt\u00e9rature ? Ces ateliers constituent ainsi un prolongement pratique des r\u00e9flexions th\u00e9oriques d\u00e9velopp\u00e9es lors des conf\u00e9rences.<\/p>\n\n\n\n<p>Cette premi\u00e8re \u00e9dition du Salon national du livre \u00ab\u00a0Sahel Valley\u00a0\u00bb a \u00e9t\u00e9 initi\u00e9e par l&rsquo;association culturelle locale \u00ab\u00a0Imghane\u00a0\u00bb en collaboration avec la direction de la culture de la wilaya de Bouira.<\/p>\n\n\n\n<p>Mohand Seghir<\/p>\n","protected":false},"excerpt":{"rendered":"<p>Le village de Raffour, dans la commune de M&rsquo;Chedallah \u00e0 Bouira, accueille depuis jeudi le premier Salon national du livre<\/p>\n","protected":false},"author":6,"featured_media":70786,"comment_status":"open","ping_status":"closed","sticky":false,"template":"","format":"standard","meta":{"colormag_page_container_layout":"default_layout","colormag_page_sidebar_layout":"default_layout","om_disable_all_campaigns":false,"_monsterinsights_skip_tracking":false,"_monsterinsights_sitenote_active":false,"_monsterinsights_sitenote_note":"","_monsterinsights_sitenote_category":0,"footnotes":"","_wpscppro_dont_share_socialmedia":false,"_wpscppro_custom_social_share_image":0,"_facebook_share_type":"default","_twitter_share_type":"default","_linkedin_share_type":"default","_pinterest_share_type":"default","_linkedin_share_type_page":"","_instagram_share_type":"default","_medium_share_type":"default","_threads_share_type":"default","_google_business_share_type":"default","_selected_social_profile":[],"_wpsp_enable_custom_social_template":false,"_wpsp_social_scheduling":{"enabled":false,"datetime":null,"platforms":[],"status":"template_only","dateOption":"today","timeOption":"now","customDays":"","customHours":"","customDate":"","customTime":"","schedulingType":"absolute"},"_wpsp_active_default_template":true},"categories":[36],"tags":[],"class_list":["post-84888","post","type-post","status-publish","format-standard","has-post-thumbnail","hentry","category-culture"],"aioseo_notices":[],"yoast_head":"<!-- This site is optimized with the Yoast SEO plugin v27.5 - https:\/\/yoast.com\/product\/yoast-seo-wordpress\/ -->\n<title>Premiers d\u00e9bats au Salon du livre de Raffour\u00a0: Le roman alg\u00e9rien, gardien de la m\u00e9moire nationale - La Sentinelle<\/title>\n<meta name=\"robots\" content=\"index, follow, max-snippet:-1, max-image-preview:large, max-video-preview:-1\" \/>\n<link rel=\"canonical\" href=\"https:\/\/lasentinelle.dz\/index.php\/2026\/04\/04\/premiers-debats-au-salon-du-livre-de-raffour-le-roman-algerien-gardien-de-la-memoire-nationale\/\" \/>\n<meta property=\"og:locale\" content=\"fr_FR\" \/>\n<meta property=\"og:type\" content=\"article\" \/>\n<meta property=\"og:title\" content=\"Premiers d\u00e9bats au Salon du livre de Raffour\u00a0: Le roman alg\u00e9rien, gardien de la m\u00e9moire nationale - La Sentinelle\" \/>\n<meta property=\"og:description\" content=\"Le village de Raffour, dans la commune de M&rsquo;Chedallah \u00e0 Bouira, accueille depuis jeudi le premier Salon national du livre\" \/>\n<meta property=\"og:url\" content=\"https:\/\/lasentinelle.dz\/index.php\/2026\/04\/04\/premiers-debats-au-salon-du-livre-de-raffour-le-roman-algerien-gardien-de-la-memoire-nationale\/\" \/>\n<meta property=\"og:site_name\" content=\"La Sentinelle\" \/>\n<meta property=\"article:publisher\" content=\"https:\/\/www.facebook.com\/La-Sentinelle-104059864394773\" \/>\n<meta property=\"article:published_time\" content=\"2026-04-04T18:40:00+00:00\" \/>\n<meta property=\"og:image\" content=\"https:\/\/lasentinelle.dz\/wp-content\/uploads\/2025\/07\/livre-1.jpg\" \/>\n\t<meta property=\"og:image:width\" content=\"630\" \/>\n\t<meta property=\"og:image:height\" content=\"315\" \/>\n\t<meta property=\"og:image:type\" content=\"image\/jpeg\" \/>\n<meta name=\"author\" content=\"admin\" \/>\n<meta name=\"twitter:card\" content=\"summary_large_image\" \/>\n<meta name=\"twitter:label1\" content=\"\u00c9crit par\" \/>\n\t<meta name=\"twitter:data1\" content=\"admin\" \/>\n\t<meta name=\"twitter:label2\" content=\"Dur\u00e9e de lecture estim\u00e9e\" \/>\n\t<meta name=\"twitter:data2\" content=\"4 minutes\" \/>\n<script type=\"application\/ld+json\" class=\"yoast-schema-graph\">{\"@context\":\"https:\\\/\\\/schema.org\",\"@graph\":[{\"@type\":\"Article\",\"@id\":\"https:\\\/\\\/lasentinelle.dz\\\/index.php\\\/2026\\\/04\\\/04\\\/premiers-debats-au-salon-du-livre-de-raffour-le-roman-algerien-gardien-de-la-memoire-nationale\\\/#article\",\"isPartOf\":{\"@id\":\"https:\\\/\\\/lasentinelle.dz\\\/index.php\\\/2026\\\/04\\\/04\\\/premiers-debats-au-salon-du-livre-de-raffour-le-roman-algerien-gardien-de-la-memoire-nationale\\\/\"},\"author\":{\"name\":\"admin\",\"@id\":\"https:\\\/\\\/lasentinelle.dz\\\/#\\\/schema\\\/person\\\/729ee0024f24e0b8c5ec17232f8e8b41\"},\"headline\":\"Premiers d\u00e9bats au Salon du livre de Raffour\u00a0: Le roman alg\u00e9rien, gardien de la m\u00e9moire nationale\",\"datePublished\":\"2026-04-04T18:40:00+00:00\",\"mainEntityOfPage\":{\"@id\":\"https:\\\/\\\/lasentinelle.dz\\\/index.php\\\/2026\\\/04\\\/04\\\/premiers-debats-au-salon-du-livre-de-raffour-le-roman-algerien-gardien-de-la-memoire-nationale\\\/\"},\"wordCount\":863,\"commentCount\":0,\"publisher\":{\"@id\":\"https:\\\/\\\/lasentinelle.dz\\\/#organization\"},\"image\":{\"@id\":\"https:\\\/\\\/lasentinelle.dz\\\/index.php\\\/2026\\\/04\\\/04\\\/premiers-debats-au-salon-du-livre-de-raffour-le-roman-algerien-gardien-de-la-memoire-nationale\\\/#primaryimage\"},\"thumbnailUrl\":\"https:\\\/\\\/lasentinelle.dz\\\/wp-content\\\/uploads\\\/2025\\\/07\\\/livre-1.jpg\",\"articleSection\":[\"Culture\"],\"inLanguage\":\"fr-FR\",\"potentialAction\":[{\"@type\":\"CommentAction\",\"name\":\"Comment\",\"target\":[\"https:\\\/\\\/lasentinelle.dz\\\/index.php\\\/2026\\\/04\\\/04\\\/premiers-debats-au-salon-du-livre-de-raffour-le-roman-algerien-gardien-de-la-memoire-nationale\\\/#respond\"]}]},{\"@type\":\"WebPage\",\"@id\":\"https:\\\/\\\/lasentinelle.dz\\\/index.php\\\/2026\\\/04\\\/04\\\/premiers-debats-au-salon-du-livre-de-raffour-le-roman-algerien-gardien-de-la-memoire-nationale\\\/\",\"url\":\"https:\\\/\\\/lasentinelle.dz\\\/index.php\\\/2026\\\/04\\\/04\\\/premiers-debats-au-salon-du-livre-de-raffour-le-roman-algerien-gardien-de-la-memoire-nationale\\\/\",\"name\":\"Premiers d\u00e9bats au Salon du livre de Raffour\u00a0: Le roman alg\u00e9rien, gardien de la m\u00e9moire nationale - La Sentinelle\",\"isPartOf\":{\"@id\":\"https:\\\/\\\/lasentinelle.dz\\\/#website\"},\"primaryImageOfPage\":{\"@id\":\"https:\\\/\\\/lasentinelle.dz\\\/index.php\\\/2026\\\/04\\\/04\\\/premiers-debats-au-salon-du-livre-de-raffour-le-roman-algerien-gardien-de-la-memoire-nationale\\\/#primaryimage\"},\"image\":{\"@id\":\"https:\\\/\\\/lasentinelle.dz\\\/index.php\\\/2026\\\/04\\\/04\\\/premiers-debats-au-salon-du-livre-de-raffour-le-roman-algerien-gardien-de-la-memoire-nationale\\\/#primaryimage\"},\"thumbnailUrl\":\"https:\\\/\\\/lasentinelle.dz\\\/wp-content\\\/uploads\\\/2025\\\/07\\\/livre-1.jpg\",\"datePublished\":\"2026-04-04T18:40:00+00:00\",\"breadcrumb\":{\"@id\":\"https:\\\/\\\/lasentinelle.dz\\\/index.php\\\/2026\\\/04\\\/04\\\/premiers-debats-au-salon-du-livre-de-raffour-le-roman-algerien-gardien-de-la-memoire-nationale\\\/#breadcrumb\"},\"inLanguage\":\"fr-FR\",\"potentialAction\":[{\"@type\":\"ReadAction\",\"target\":[\"https:\\\/\\\/lasentinelle.dz\\\/index.php\\\/2026\\\/04\\\/04\\\/premiers-debats-au-salon-du-livre-de-raffour-le-roman-algerien-gardien-de-la-memoire-nationale\\\/\"]}]},{\"@type\":\"ImageObject\",\"inLanguage\":\"fr-FR\",\"@id\":\"https:\\\/\\\/lasentinelle.dz\\\/index.php\\\/2026\\\/04\\\/04\\\/premiers-debats-au-salon-du-livre-de-raffour-le-roman-algerien-gardien-de-la-memoire-nationale\\\/#primaryimage\",\"url\":\"https:\\\/\\\/lasentinelle.dz\\\/wp-content\\\/uploads\\\/2025\\\/07\\\/livre-1.jpg\",\"contentUrl\":\"https:\\\/\\\/lasentinelle.dz\\\/wp-content\\\/uploads\\\/2025\\\/07\\\/livre-1.jpg\",\"width\":630,\"height\":315},{\"@type\":\"BreadcrumbList\",\"@id\":\"https:\\\/\\\/lasentinelle.dz\\\/index.php\\\/2026\\\/04\\\/04\\\/premiers-debats-au-salon-du-livre-de-raffour-le-roman-algerien-gardien-de-la-memoire-nationale\\\/#breadcrumb\",\"itemListElement\":[{\"@type\":\"ListItem\",\"position\":1,\"name\":\"Accueil\",\"item\":\"https:\\\/\\\/lasentinelle.dz\\\/\"},{\"@type\":\"ListItem\",\"position\":2,\"name\":\"Premiers d\u00e9bats au Salon du livre de Raffour\u00a0: Le roman alg\u00e9rien, gardien de la m\u00e9moire nationale\"}]},{\"@type\":\"WebSite\",\"@id\":\"https:\\\/\\\/lasentinelle.dz\\\/#website\",\"url\":\"https:\\\/\\\/lasentinelle.dz\\\/\",\"name\":\"La Sentinelle\",\"description\":\"Quotidien national d&#039;information\",\"publisher\":{\"@id\":\"https:\\\/\\\/lasentinelle.dz\\\/#organization\"},\"potentialAction\":[{\"@type\":\"SearchAction\",\"target\":{\"@type\":\"EntryPoint\",\"urlTemplate\":\"https:\\\/\\\/lasentinelle.dz\\\/?s={search_term_string}\"},\"query-input\":{\"@type\":\"PropertyValueSpecification\",\"valueRequired\":true,\"valueName\":\"search_term_string\"}}],\"inLanguage\":\"fr-FR\"},{\"@type\":\"Organization\",\"@id\":\"https:\\\/\\\/lasentinelle.dz\\\/#organization\",\"name\":\"Quotidien La Sentinelle\",\"url\":\"https:\\\/\\\/lasentinelle.dz\\\/\",\"logo\":{\"@type\":\"ImageObject\",\"inLanguage\":\"fr-FR\",\"@id\":\"https:\\\/\\\/lasentinelle.dz\\\/#\\\/schema\\\/logo\\\/image\\\/\",\"url\":\"https:\\\/\\\/lasentinelle.dz\\\/wp-content\\\/uploads\\\/2021\\\/09\\\/logo-sentinelleSLOGAN-1.png\",\"contentUrl\":\"https:\\\/\\\/lasentinelle.dz\\\/wp-content\\\/uploads\\\/2021\\\/09\\\/logo-sentinelleSLOGAN-1.png\",\"width\":615,\"height\":142,\"caption\":\"Quotidien La Sentinelle\"},\"image\":{\"@id\":\"https:\\\/\\\/lasentinelle.dz\\\/#\\\/schema\\\/logo\\\/image\\\/\"},\"sameAs\":[\"https:\\\/\\\/www.facebook.com\\\/La-Sentinelle-104059864394773\"]},{\"@type\":\"Person\",\"@id\":\"https:\\\/\\\/lasentinelle.dz\\\/#\\\/schema\\\/person\\\/729ee0024f24e0b8c5ec17232f8e8b41\",\"name\":\"admin\",\"image\":{\"@type\":\"ImageObject\",\"inLanguage\":\"fr-FR\",\"@id\":\"https:\\\/\\\/secure.gravatar.com\\\/avatar\\\/4c81fed838786e9b53f540bf46533e750f5d292099ae3b66cfc6fb1982e29df7?s=96&d=mm&r=g\",\"url\":\"https:\\\/\\\/secure.gravatar.com\\\/avatar\\\/4c81fed838786e9b53f540bf46533e750f5d292099ae3b66cfc6fb1982e29df7?s=96&d=mm&r=g\",\"contentUrl\":\"https:\\\/\\\/secure.gravatar.com\\\/avatar\\\/4c81fed838786e9b53f540bf46533e750f5d292099ae3b66cfc6fb1982e29df7?s=96&d=mm&r=g\",\"caption\":\"admin\"},\"description\":\"admin\",\"url\":\"https:\\\/\\\/lasentinelle.dz\\\/author\\\/admin\\\/\"}]}<\/script>\n<!-- \/ Yoast SEO plugin. -->","yoast_head_json":{"title":"Premiers d\u00e9bats au Salon du livre de Raffour\u00a0: Le roman alg\u00e9rien, gardien de la m\u00e9moire nationale - La Sentinelle","robots":{"index":"index","follow":"follow","max-snippet":"max-snippet:-1","max-image-preview":"max-image-preview:large","max-video-preview":"max-video-preview:-1"},"canonical":"https:\/\/lasentinelle.dz\/index.php\/2026\/04\/04\/premiers-debats-au-salon-du-livre-de-raffour-le-roman-algerien-gardien-de-la-memoire-nationale\/","og_locale":"fr_FR","og_type":"article","og_title":"Premiers d\u00e9bats au Salon du livre de Raffour\u00a0: Le roman alg\u00e9rien, gardien de la m\u00e9moire nationale - La Sentinelle","og_description":"Le village de Raffour, dans la commune de M&rsquo;Chedallah \u00e0 Bouira, accueille depuis jeudi le premier Salon national du livre","og_url":"https:\/\/lasentinelle.dz\/index.php\/2026\/04\/04\/premiers-debats-au-salon-du-livre-de-raffour-le-roman-algerien-gardien-de-la-memoire-nationale\/","og_site_name":"La Sentinelle","article_publisher":"https:\/\/www.facebook.com\/La-Sentinelle-104059864394773","article_published_time":"2026-04-04T18:40:00+00:00","og_image":[{"width":630,"height":315,"url":"https:\/\/lasentinelle.dz\/wp-content\/uploads\/2025\/07\/livre-1.jpg","type":"image\/jpeg"}],"author":"admin","twitter_card":"summary_large_image","twitter_misc":{"\u00c9crit par":"admin","Dur\u00e9e de lecture estim\u00e9e":"4 minutes"},"schema":{"@context":"https:\/\/schema.org","@graph":[{"@type":"Article","@id":"https:\/\/lasentinelle.dz\/index.php\/2026\/04\/04\/premiers-debats-au-salon-du-livre-de-raffour-le-roman-algerien-gardien-de-la-memoire-nationale\/#article","isPartOf":{"@id":"https:\/\/lasentinelle.dz\/index.php\/2026\/04\/04\/premiers-debats-au-salon-du-livre-de-raffour-le-roman-algerien-gardien-de-la-memoire-nationale\/"},"author":{"name":"admin","@id":"https:\/\/lasentinelle.dz\/#\/schema\/person\/729ee0024f24e0b8c5ec17232f8e8b41"},"headline":"Premiers d\u00e9bats au Salon du livre de Raffour\u00a0: Le roman alg\u00e9rien, gardien de la m\u00e9moire nationale","datePublished":"2026-04-04T18:40:00+00:00","mainEntityOfPage":{"@id":"https:\/\/lasentinelle.dz\/index.php\/2026\/04\/04\/premiers-debats-au-salon-du-livre-de-raffour-le-roman-algerien-gardien-de-la-memoire-nationale\/"},"wordCount":863,"commentCount":0,"publisher":{"@id":"https:\/\/lasentinelle.dz\/#organization"},"image":{"@id":"https:\/\/lasentinelle.dz\/index.php\/2026\/04\/04\/premiers-debats-au-salon-du-livre-de-raffour-le-roman-algerien-gardien-de-la-memoire-nationale\/#primaryimage"},"thumbnailUrl":"https:\/\/lasentinelle.dz\/wp-content\/uploads\/2025\/07\/livre-1.jpg","articleSection":["Culture"],"inLanguage":"fr-FR","potentialAction":[{"@type":"CommentAction","name":"Comment","target":["https:\/\/lasentinelle.dz\/index.php\/2026\/04\/04\/premiers-debats-au-salon-du-livre-de-raffour-le-roman-algerien-gardien-de-la-memoire-nationale\/#respond"]}]},{"@type":"WebPage","@id":"https:\/\/lasentinelle.dz\/index.php\/2026\/04\/04\/premiers-debats-au-salon-du-livre-de-raffour-le-roman-algerien-gardien-de-la-memoire-nationale\/","url":"https:\/\/lasentinelle.dz\/index.php\/2026\/04\/04\/premiers-debats-au-salon-du-livre-de-raffour-le-roman-algerien-gardien-de-la-memoire-nationale\/","name":"Premiers d\u00e9bats au Salon du livre de Raffour\u00a0: Le roman alg\u00e9rien, gardien de la m\u00e9moire nationale - La Sentinelle","isPartOf":{"@id":"https:\/\/lasentinelle.dz\/#website"},"primaryImageOfPage":{"@id":"https:\/\/lasentinelle.dz\/index.php\/2026\/04\/04\/premiers-debats-au-salon-du-livre-de-raffour-le-roman-algerien-gardien-de-la-memoire-nationale\/#primaryimage"},"image":{"@id":"https:\/\/lasentinelle.dz\/index.php\/2026\/04\/04\/premiers-debats-au-salon-du-livre-de-raffour-le-roman-algerien-gardien-de-la-memoire-nationale\/#primaryimage"},"thumbnailUrl":"https:\/\/lasentinelle.dz\/wp-content\/uploads\/2025\/07\/livre-1.jpg","datePublished":"2026-04-04T18:40:00+00:00","breadcrumb":{"@id":"https:\/\/lasentinelle.dz\/index.php\/2026\/04\/04\/premiers-debats-au-salon-du-livre-de-raffour-le-roman-algerien-gardien-de-la-memoire-nationale\/#breadcrumb"},"inLanguage":"fr-FR","potentialAction":[{"@type":"ReadAction","target":["https:\/\/lasentinelle.dz\/index.php\/2026\/04\/04\/premiers-debats-au-salon-du-livre-de-raffour-le-roman-algerien-gardien-de-la-memoire-nationale\/"]}]},{"@type":"ImageObject","inLanguage":"fr-FR","@id":"https:\/\/lasentinelle.dz\/index.php\/2026\/04\/04\/premiers-debats-au-salon-du-livre-de-raffour-le-roman-algerien-gardien-de-la-memoire-nationale\/#primaryimage","url":"https:\/\/lasentinelle.dz\/wp-content\/uploads\/2025\/07\/livre-1.jpg","contentUrl":"https:\/\/lasentinelle.dz\/wp-content\/uploads\/2025\/07\/livre-1.jpg","width":630,"height":315},{"@type":"BreadcrumbList","@id":"https:\/\/lasentinelle.dz\/index.php\/2026\/04\/04\/premiers-debats-au-salon-du-livre-de-raffour-le-roman-algerien-gardien-de-la-memoire-nationale\/#breadcrumb","itemListElement":[{"@type":"ListItem","position":1,"name":"Accueil","item":"https:\/\/lasentinelle.dz\/"},{"@type":"ListItem","position":2,"name":"Premiers d\u00e9bats au Salon du livre de Raffour\u00a0: Le roman alg\u00e9rien, gardien de la m\u00e9moire nationale"}]},{"@type":"WebSite","@id":"https:\/\/lasentinelle.dz\/#website","url":"https:\/\/lasentinelle.dz\/","name":"La Sentinelle","description":"Quotidien national d&#039;information","publisher":{"@id":"https:\/\/lasentinelle.dz\/#organization"},"potentialAction":[{"@type":"SearchAction","target":{"@type":"EntryPoint","urlTemplate":"https:\/\/lasentinelle.dz\/?s={search_term_string}"},"query-input":{"@type":"PropertyValueSpecification","valueRequired":true,"valueName":"search_term_string"}}],"inLanguage":"fr-FR"},{"@type":"Organization","@id":"https:\/\/lasentinelle.dz\/#organization","name":"Quotidien La Sentinelle","url":"https:\/\/lasentinelle.dz\/","logo":{"@type":"ImageObject","inLanguage":"fr-FR","@id":"https:\/\/lasentinelle.dz\/#\/schema\/logo\/image\/","url":"https:\/\/lasentinelle.dz\/wp-content\/uploads\/2021\/09\/logo-sentinelleSLOGAN-1.png","contentUrl":"https:\/\/lasentinelle.dz\/wp-content\/uploads\/2021\/09\/logo-sentinelleSLOGAN-1.png","width":615,"height":142,"caption":"Quotidien La Sentinelle"},"image":{"@id":"https:\/\/lasentinelle.dz\/#\/schema\/logo\/image\/"},"sameAs":["https:\/\/www.facebook.com\/La-Sentinelle-104059864394773"]},{"@type":"Person","@id":"https:\/\/lasentinelle.dz\/#\/schema\/person\/729ee0024f24e0b8c5ec17232f8e8b41","name":"admin","image":{"@type":"ImageObject","inLanguage":"fr-FR","@id":"https:\/\/secure.gravatar.com\/avatar\/4c81fed838786e9b53f540bf46533e750f5d292099ae3b66cfc6fb1982e29df7?s=96&d=mm&r=g","url":"https:\/\/secure.gravatar.com\/avatar\/4c81fed838786e9b53f540bf46533e750f5d292099ae3b66cfc6fb1982e29df7?s=96&d=mm&r=g","contentUrl":"https:\/\/secure.gravatar.com\/avatar\/4c81fed838786e9b53f540bf46533e750f5d292099ae3b66cfc6fb1982e29df7?s=96&d=mm&r=g","caption":"admin"},"description":"admin","url":"https:\/\/lasentinelle.dz\/author\/admin\/"}]}},"_links":{"self":[{"href":"https:\/\/lasentinelle.dz\/index.php\/wp-json\/wp\/v2\/posts\/84888","targetHints":{"allow":["GET"]}}],"collection":[{"href":"https:\/\/lasentinelle.dz\/index.php\/wp-json\/wp\/v2\/posts"}],"about":[{"href":"https:\/\/lasentinelle.dz\/index.php\/wp-json\/wp\/v2\/types\/post"}],"author":[{"embeddable":true,"href":"https:\/\/lasentinelle.dz\/index.php\/wp-json\/wp\/v2\/users\/6"}],"replies":[{"embeddable":true,"href":"https:\/\/lasentinelle.dz\/index.php\/wp-json\/wp\/v2\/comments?post=84888"}],"version-history":[{"count":1,"href":"https:\/\/lasentinelle.dz\/index.php\/wp-json\/wp\/v2\/posts\/84888\/revisions"}],"predecessor-version":[{"id":84889,"href":"https:\/\/lasentinelle.dz\/index.php\/wp-json\/wp\/v2\/posts\/84888\/revisions\/84889"}],"wp:featuredmedia":[{"embeddable":true,"href":"https:\/\/lasentinelle.dz\/index.php\/wp-json\/wp\/v2\/media\/70786"}],"wp:attachment":[{"href":"https:\/\/lasentinelle.dz\/index.php\/wp-json\/wp\/v2\/media?parent=84888"}],"wp:term":[{"taxonomy":"category","embeddable":true,"href":"https:\/\/lasentinelle.dz\/index.php\/wp-json\/wp\/v2\/categories?post=84888"},{"taxonomy":"post_tag","embeddable":true,"href":"https:\/\/lasentinelle.dz\/index.php\/wp-json\/wp\/v2\/tags?post=84888"}],"curies":[{"name":"wp","href":"https:\/\/api.w.org\/{rel}","templated":true}]}}