{"id":84898,"date":"2026-04-04T19:44:02","date_gmt":"2026-04-04T18:44:02","guid":{"rendered":"https:\/\/lasentinelle.dz\/?p=84898"},"modified":"2026-04-04T19:44:03","modified_gmt":"2026-04-04T18:44:03","slug":"liban-les-forces-doccupation-sionistes-detruisent-un-pont-dans-lest-du-pays","status":"publish","type":"post","link":"https:\/\/lasentinelle.dz\/index.php\/2026\/04\/04\/liban-les-forces-doccupation-sionistes-detruisent-un-pont-dans-lest-du-pays\/","title":{"rendered":"Liban\u00a0: Les forces d&rsquo;occupation sionistes d\u00e9truisent un pont dans l&rsquo;est du pays"},"content":{"rendered":"\n<p>Les forces d&rsquo;occupation sionistes ont d\u00e9truit un pont dans l&rsquo;est du Liban vendredi, ont rapport\u00e9 les m\u00e9dias officiels. Trois Casques bleus de la Force int\u00e9rimaire des Nations unies au Liban (Finul) ont par ailleurs \u00e9t\u00e9 bless\u00e9s dans le sud, au moment o\u00f9 de nouveaux bombardements sionistes ont vis\u00e9 Beyrouth. Des avions de guerre de l&rsquo;arm\u00e9e d\u00a0\u00bboccupation sioniste ont vis\u00e9 vendredi le pont qui relie Sohmor \u00e0 Machghara, entra\u00eenant sa destruction, a indiqu\u00e9 l&rsquo;Agence nationale d&rsquo;information (Ani, officielle. Deux personnes sont \u00e9galement tomb\u00e9es en martyres \u00e0 Sohmor et 15 autres bless\u00e9es dans une frappe sioniste survenue \u00ab\u00a0alors que des fid\u00e8les quittaient la mosqu\u00e9e de la ville\u00a0\u00bb apr\u00e8s la pri\u00e8re du vendredi, selon le minist\u00e8re libanais de la Sant\u00e9. En d\u00e9pit de l&rsquo;accord de cessez-le-feu en vigueur depuis fin novembre 2024, l&rsquo;arm\u00e9e sioniste poursuit ses agressions contre le Liban, faisant des centaines de martyrs et de bless\u00e9s. Le cessez-le-feu stipulait que les forces sionistes devaient retirer leurs forces du Sud-Liban. Or, l&rsquo;arm\u00e9e sioniste maintient cinq avant-postes sur le territoire libanais, une mesure critiqu\u00e9e par les autorit\u00e9s libanaises qui exigent la fin de ce d\u00e9ploiement.&nbsp; La guerre a fait plus de 1 400 morts au Liban, selon un dernier bilan du minist\u00e8re libanais de la Sant\u00e9. Les bombes isra\u00e9liennes ont en outre bless\u00e9 4 294 personnes, soit 156 de plus en 24 heures. La guerre au Liban a de plus provoqu\u00e9 la mort de 126 enfants et fait 441 bless\u00e9s parmi eux. Le secteur de la sant\u00e9 a \u00e9t\u00e9 particuli\u00e8rement touch\u00e9, avec 54 morts, 142 bless\u00e9s, 71 v\u00e9hicules d\u00e9truits et 6 h\u00f4pitaux ferm\u00e9s.<\/p>\n\n\n\n<p>R.I.<\/p>\n","protected":false},"excerpt":{"rendered":"<p>Les forces d&rsquo;occupation sionistes ont d\u00e9truit un pont dans l&rsquo;est du Liban vendredi, ont rapport\u00e9 les m\u00e9dias officiels. Trois Casques<\/p>\n","protected":false},"author":6,"featured_media":84899,"comment_status":"open","ping_status":"closed","sticky":false,"template":"","format":"standard","meta":{"colormag_page_container_layout":"default_layout","colormag_page_sidebar_layout":"default_layout","om_disable_all_campaigns":false,"_monsterinsights_skip_tracking":false,"_monsterinsights_sitenote_active":false,"_monsterinsights_sitenote_note":"","_monsterinsights_sitenote_category":0,"footnotes":"","_wpscppro_dont_share_socialmedia":false,"_wpscppro_custom_social_share_image":0,"_facebook_share_type":"default","_twitter_share_type":"default","_linkedin_share_type":"default","_pinterest_share_type":"default","_linkedin_share_type_page":"","_instagram_share_type":"default","_medium_share_type":"default","_threads_share_type":"default","_google_business_share_type":"default","_selected_social_profile":[],"_wpsp_enable_custom_social_template":false,"_wpsp_social_scheduling":{"enabled":false,"datetime":null,"platforms":[],"status":"template_only","dateOption":"today","timeOption":"now","customDays":"","customHours":"","customDate":"","customTime":"","schedulingType":"absolute"},"_wpsp_active_default_template":true},"categories":[37],"tags":[],"class_list":["post-84898","post","type-post","status-publish","format-standard","has-post-thumbnail","hentry","category-monde"],"aioseo_notices":[],"yoast_head":"<!-- This site is optimized with the Yoast SEO plugin v27.5 - https:\/\/yoast.com\/product\/yoast-seo-wordpress\/ -->\n<title>Liban\u00a0: Les forces d&rsquo;occupation sionistes d\u00e9truisent un pont dans l&rsquo;est du pays - La Sentinelle<\/title>\n<meta name=\"robots\" content=\"index, follow, max-snippet:-1, max-image-preview:large, max-video-preview:-1\" \/>\n<link rel=\"canonical\" href=\"https:\/\/lasentinelle.dz\/index.php\/2026\/04\/04\/liban-les-forces-doccupation-sionistes-detruisent-un-pont-dans-lest-du-pays\/\" \/>\n<meta property=\"og:locale\" content=\"fr_FR\" \/>\n<meta property=\"og:type\" content=\"article\" \/>\n<meta property=\"og:title\" content=\"Liban\u00a0: Les forces d&rsquo;occupation sionistes d\u00e9truisent un pont dans l&rsquo;est du pays - La Sentinelle\" \/>\n<meta property=\"og:description\" content=\"Les forces d&rsquo;occupation sionistes ont d\u00e9truit un pont dans l&rsquo;est du Liban vendredi, ont rapport\u00e9 les m\u00e9dias officiels. Trois Casques\" \/>\n<meta property=\"og:url\" content=\"https:\/\/lasentinelle.dz\/index.php\/2026\/04\/04\/liban-les-forces-doccupation-sionistes-detruisent-un-pont-dans-lest-du-pays\/\" \/>\n<meta property=\"og:site_name\" content=\"La Sentinelle\" \/>\n<meta property=\"article:publisher\" content=\"https:\/\/www.facebook.com\/La-Sentinelle-104059864394773\" \/>\n<meta property=\"article:published_time\" content=\"2026-04-04T18:44:02+00:00\" \/>\n<meta property=\"article:modified_time\" content=\"2026-04-04T18:44:03+00:00\" \/>\n<meta property=\"og:image\" content=\"https:\/\/lasentinelle.dz\/wp-content\/uploads\/2026\/04\/pont-liban.jpg\" \/>\n\t<meta property=\"og:image:width\" content=\"780\" \/>\n\t<meta property=\"og:image:height\" content=\"470\" \/>\n\t<meta property=\"og:image:type\" content=\"image\/jpeg\" \/>\n<meta name=\"author\" content=\"admin\" \/>\n<meta name=\"twitter:card\" content=\"summary_large_image\" \/>\n<meta name=\"twitter:label1\" content=\"\u00c9crit par\" \/>\n\t<meta name=\"twitter:data1\" content=\"admin\" \/>\n\t<meta name=\"twitter:label2\" content=\"Dur\u00e9e de lecture estim\u00e9e\" \/>\n\t<meta name=\"twitter:data2\" content=\"2 minutes\" \/>\n<script type=\"application\/ld+json\" class=\"yoast-schema-graph\">{\"@context\":\"https:\\\/\\\/schema.org\",\"@graph\":[{\"@type\":\"Article\",\"@id\":\"https:\\\/\\\/lasentinelle.dz\\\/index.php\\\/2026\\\/04\\\/04\\\/liban-les-forces-doccupation-sionistes-detruisent-un-pont-dans-lest-du-pays\\\/#article\",\"isPartOf\":{\"@id\":\"https:\\\/\\\/lasentinelle.dz\\\/index.php\\\/2026\\\/04\\\/04\\\/liban-les-forces-doccupation-sionistes-detruisent-un-pont-dans-lest-du-pays\\\/\"},\"author\":{\"name\":\"admin\",\"@id\":\"https:\\\/\\\/lasentinelle.dz\\\/#\\\/schema\\\/person\\\/729ee0024f24e0b8c5ec17232f8e8b41\"},\"headline\":\"Liban\u00a0: Les forces d&rsquo;occupation sionistes d\u00e9truisent un pont dans l&rsquo;est du pays\",\"datePublished\":\"2026-04-04T18:44:02+00:00\",\"dateModified\":\"2026-04-04T18:44:03+00:00\",\"mainEntityOfPage\":{\"@id\":\"https:\\\/\\\/lasentinelle.dz\\\/index.php\\\/2026\\\/04\\\/04\\\/liban-les-forces-doccupation-sionistes-detruisent-un-pont-dans-lest-du-pays\\\/\"},\"wordCount\":302,\"commentCount\":0,\"publisher\":{\"@id\":\"https:\\\/\\\/lasentinelle.dz\\\/#organization\"},\"image\":{\"@id\":\"https:\\\/\\\/lasentinelle.dz\\\/index.php\\\/2026\\\/04\\\/04\\\/liban-les-forces-doccupation-sionistes-detruisent-un-pont-dans-lest-du-pays\\\/#primaryimage\"},\"thumbnailUrl\":\"https:\\\/\\\/lasentinelle.dz\\\/wp-content\\\/uploads\\\/2026\\\/04\\\/pont-liban.jpg\",\"articleSection\":[\"Monde\"],\"inLanguage\":\"fr-FR\",\"potentialAction\":[{\"@type\":\"CommentAction\",\"name\":\"Comment\",\"target\":[\"https:\\\/\\\/lasentinelle.dz\\\/index.php\\\/2026\\\/04\\\/04\\\/liban-les-forces-doccupation-sionistes-detruisent-un-pont-dans-lest-du-pays\\\/#respond\"]}]},{\"@type\":\"WebPage\",\"@id\":\"https:\\\/\\\/lasentinelle.dz\\\/index.php\\\/2026\\\/04\\\/04\\\/liban-les-forces-doccupation-sionistes-detruisent-un-pont-dans-lest-du-pays\\\/\",\"url\":\"https:\\\/\\\/lasentinelle.dz\\\/index.php\\\/2026\\\/04\\\/04\\\/liban-les-forces-doccupation-sionistes-detruisent-un-pont-dans-lest-du-pays\\\/\",\"name\":\"Liban\u00a0: Les forces d&rsquo;occupation sionistes d\u00e9truisent un pont dans l&rsquo;est du pays - La Sentinelle\",\"isPartOf\":{\"@id\":\"https:\\\/\\\/lasentinelle.dz\\\/#website\"},\"primaryImageOfPage\":{\"@id\":\"https:\\\/\\\/lasentinelle.dz\\\/index.php\\\/2026\\\/04\\\/04\\\/liban-les-forces-doccupation-sionistes-detruisent-un-pont-dans-lest-du-pays\\\/#primaryimage\"},\"image\":{\"@id\":\"https:\\\/\\\/lasentinelle.dz\\\/index.php\\\/2026\\\/04\\\/04\\\/liban-les-forces-doccupation-sionistes-detruisent-un-pont-dans-lest-du-pays\\\/#primaryimage\"},\"thumbnailUrl\":\"https:\\\/\\\/lasentinelle.dz\\\/wp-content\\\/uploads\\\/2026\\\/04\\\/pont-liban.jpg\",\"datePublished\":\"2026-04-04T18:44:02+00:00\",\"dateModified\":\"2026-04-04T18:44:03+00:00\",\"breadcrumb\":{\"@id\":\"https:\\\/\\\/lasentinelle.dz\\\/index.php\\\/2026\\\/04\\\/04\\\/liban-les-forces-doccupation-sionistes-detruisent-un-pont-dans-lest-du-pays\\\/#breadcrumb\"},\"inLanguage\":\"fr-FR\",\"potentialAction\":[{\"@type\":\"ReadAction\",\"target\":[\"https:\\\/\\\/lasentinelle.dz\\\/index.php\\\/2026\\\/04\\\/04\\\/liban-les-forces-doccupation-sionistes-detruisent-un-pont-dans-lest-du-pays\\\/\"]}]},{\"@type\":\"ImageObject\",\"inLanguage\":\"fr-FR\",\"@id\":\"https:\\\/\\\/lasentinelle.dz\\\/index.php\\\/2026\\\/04\\\/04\\\/liban-les-forces-doccupation-sionistes-detruisent-un-pont-dans-lest-du-pays\\\/#primaryimage\",\"url\":\"https:\\\/\\\/lasentinelle.dz\\\/wp-content\\\/uploads\\\/2026\\\/04\\\/pont-liban.jpg\",\"contentUrl\":\"https:\\\/\\\/lasentinelle.dz\\\/wp-content\\\/uploads\\\/2026\\\/04\\\/pont-liban.jpg\",\"width\":780,\"height\":470},{\"@type\":\"BreadcrumbList\",\"@id\":\"https:\\\/\\\/lasentinelle.dz\\\/index.php\\\/2026\\\/04\\\/04\\\/liban-les-forces-doccupation-sionistes-detruisent-un-pont-dans-lest-du-pays\\\/#breadcrumb\",\"itemListElement\":[{\"@type\":\"ListItem\",\"position\":1,\"name\":\"Accueil\",\"item\":\"https:\\\/\\\/lasentinelle.dz\\\/\"},{\"@type\":\"ListItem\",\"position\":2,\"name\":\"Liban\u00a0: Les forces d&rsquo;occupation sionistes d\u00e9truisent un pont dans l&rsquo;est du pays\"}]},{\"@type\":\"WebSite\",\"@id\":\"https:\\\/\\\/lasentinelle.dz\\\/#website\",\"url\":\"https:\\\/\\\/lasentinelle.dz\\\/\",\"name\":\"La Sentinelle\",\"description\":\"Quotidien national d&#039;information\",\"publisher\":{\"@id\":\"https:\\\/\\\/lasentinelle.dz\\\/#organization\"},\"potentialAction\":[{\"@type\":\"SearchAction\",\"target\":{\"@type\":\"EntryPoint\",\"urlTemplate\":\"https:\\\/\\\/lasentinelle.dz\\\/?s={search_term_string}\"},\"query-input\":{\"@type\":\"PropertyValueSpecification\",\"valueRequired\":true,\"valueName\":\"search_term_string\"}}],\"inLanguage\":\"fr-FR\"},{\"@type\":\"Organization\",\"@id\":\"https:\\\/\\\/lasentinelle.dz\\\/#organization\",\"name\":\"Quotidien La Sentinelle\",\"url\":\"https:\\\/\\\/lasentinelle.dz\\\/\",\"logo\":{\"@type\":\"ImageObject\",\"inLanguage\":\"fr-FR\",\"@id\":\"https:\\\/\\\/lasentinelle.dz\\\/#\\\/schema\\\/logo\\\/image\\\/\",\"url\":\"https:\\\/\\\/lasentinelle.dz\\\/wp-content\\\/uploads\\\/2021\\\/09\\\/logo-sentinelleSLOGAN-1.png\",\"contentUrl\":\"https:\\\/\\\/lasentinelle.dz\\\/wp-content\\\/uploads\\\/2021\\\/09\\\/logo-sentinelleSLOGAN-1.png\",\"width\":615,\"height\":142,\"caption\":\"Quotidien La Sentinelle\"},\"image\":{\"@id\":\"https:\\\/\\\/lasentinelle.dz\\\/#\\\/schema\\\/logo\\\/image\\\/\"},\"sameAs\":[\"https:\\\/\\\/www.facebook.com\\\/La-Sentinelle-104059864394773\"]},{\"@type\":\"Person\",\"@id\":\"https:\\\/\\\/lasentinelle.dz\\\/#\\\/schema\\\/person\\\/729ee0024f24e0b8c5ec17232f8e8b41\",\"name\":\"admin\",\"image\":{\"@type\":\"ImageObject\",\"inLanguage\":\"fr-FR\",\"@id\":\"https:\\\/\\\/secure.gravatar.com\\\/avatar\\\/4c81fed838786e9b53f540bf46533e750f5d292099ae3b66cfc6fb1982e29df7?s=96&d=mm&r=g\",\"url\":\"https:\\\/\\\/secure.gravatar.com\\\/avatar\\\/4c81fed838786e9b53f540bf46533e750f5d292099ae3b66cfc6fb1982e29df7?s=96&d=mm&r=g\",\"contentUrl\":\"https:\\\/\\\/secure.gravatar.com\\\/avatar\\\/4c81fed838786e9b53f540bf46533e750f5d292099ae3b66cfc6fb1982e29df7?s=96&d=mm&r=g\",\"caption\":\"admin\"},\"description\":\"admin\",\"url\":\"https:\\\/\\\/lasentinelle.dz\\\/author\\\/admin\\\/\"}]}<\/script>\n<!-- \/ Yoast SEO plugin. -->","yoast_head_json":{"title":"Liban\u00a0: Les forces d&rsquo;occupation sionistes d\u00e9truisent un pont dans l&rsquo;est du pays - La Sentinelle","robots":{"index":"index","follow":"follow","max-snippet":"max-snippet:-1","max-image-preview":"max-image-preview:large","max-video-preview":"max-video-preview:-1"},"canonical":"https:\/\/lasentinelle.dz\/index.php\/2026\/04\/04\/liban-les-forces-doccupation-sionistes-detruisent-un-pont-dans-lest-du-pays\/","og_locale":"fr_FR","og_type":"article","og_title":"Liban\u00a0: Les forces d&rsquo;occupation sionistes d\u00e9truisent un pont dans l&rsquo;est du pays - La Sentinelle","og_description":"Les forces d&rsquo;occupation sionistes ont d\u00e9truit un pont dans l&rsquo;est du Liban vendredi, ont rapport\u00e9 les m\u00e9dias officiels. Trois Casques","og_url":"https:\/\/lasentinelle.dz\/index.php\/2026\/04\/04\/liban-les-forces-doccupation-sionistes-detruisent-un-pont-dans-lest-du-pays\/","og_site_name":"La Sentinelle","article_publisher":"https:\/\/www.facebook.com\/La-Sentinelle-104059864394773","article_published_time":"2026-04-04T18:44:02+00:00","article_modified_time":"2026-04-04T18:44:03+00:00","og_image":[{"width":780,"height":470,"url":"https:\/\/lasentinelle.dz\/wp-content\/uploads\/2026\/04\/pont-liban.jpg","type":"image\/jpeg"}],"author":"admin","twitter_card":"summary_large_image","twitter_misc":{"\u00c9crit par":"admin","Dur\u00e9e de lecture estim\u00e9e":"2 minutes"},"schema":{"@context":"https:\/\/schema.org","@graph":[{"@type":"Article","@id":"https:\/\/lasentinelle.dz\/index.php\/2026\/04\/04\/liban-les-forces-doccupation-sionistes-detruisent-un-pont-dans-lest-du-pays\/#article","isPartOf":{"@id":"https:\/\/lasentinelle.dz\/index.php\/2026\/04\/04\/liban-les-forces-doccupation-sionistes-detruisent-un-pont-dans-lest-du-pays\/"},"author":{"name":"admin","@id":"https:\/\/lasentinelle.dz\/#\/schema\/person\/729ee0024f24e0b8c5ec17232f8e8b41"},"headline":"Liban\u00a0: Les forces d&rsquo;occupation sionistes d\u00e9truisent un pont dans l&rsquo;est du pays","datePublished":"2026-04-04T18:44:02+00:00","dateModified":"2026-04-04T18:44:03+00:00","mainEntityOfPage":{"@id":"https:\/\/lasentinelle.dz\/index.php\/2026\/04\/04\/liban-les-forces-doccupation-sionistes-detruisent-un-pont-dans-lest-du-pays\/"},"wordCount":302,"commentCount":0,"publisher":{"@id":"https:\/\/lasentinelle.dz\/#organization"},"image":{"@id":"https:\/\/lasentinelle.dz\/index.php\/2026\/04\/04\/liban-les-forces-doccupation-sionistes-detruisent-un-pont-dans-lest-du-pays\/#primaryimage"},"thumbnailUrl":"https:\/\/lasentinelle.dz\/wp-content\/uploads\/2026\/04\/pont-liban.jpg","articleSection":["Monde"],"inLanguage":"fr-FR","potentialAction":[{"@type":"CommentAction","name":"Comment","target":["https:\/\/lasentinelle.dz\/index.php\/2026\/04\/04\/liban-les-forces-doccupation-sionistes-detruisent-un-pont-dans-lest-du-pays\/#respond"]}]},{"@type":"WebPage","@id":"https:\/\/lasentinelle.dz\/index.php\/2026\/04\/04\/liban-les-forces-doccupation-sionistes-detruisent-un-pont-dans-lest-du-pays\/","url":"https:\/\/lasentinelle.dz\/index.php\/2026\/04\/04\/liban-les-forces-doccupation-sionistes-detruisent-un-pont-dans-lest-du-pays\/","name":"Liban\u00a0: Les forces d&rsquo;occupation sionistes d\u00e9truisent un pont dans l&rsquo;est du pays - La Sentinelle","isPartOf":{"@id":"https:\/\/lasentinelle.dz\/#website"},"primaryImageOfPage":{"@id":"https:\/\/lasentinelle.dz\/index.php\/2026\/04\/04\/liban-les-forces-doccupation-sionistes-detruisent-un-pont-dans-lest-du-pays\/#primaryimage"},"image":{"@id":"https:\/\/lasentinelle.dz\/index.php\/2026\/04\/04\/liban-les-forces-doccupation-sionistes-detruisent-un-pont-dans-lest-du-pays\/#primaryimage"},"thumbnailUrl":"https:\/\/lasentinelle.dz\/wp-content\/uploads\/2026\/04\/pont-liban.jpg","datePublished":"2026-04-04T18:44:02+00:00","dateModified":"2026-04-04T18:44:03+00:00","breadcrumb":{"@id":"https:\/\/lasentinelle.dz\/index.php\/2026\/04\/04\/liban-les-forces-doccupation-sionistes-detruisent-un-pont-dans-lest-du-pays\/#breadcrumb"},"inLanguage":"fr-FR","potentialAction":[{"@type":"ReadAction","target":["https:\/\/lasentinelle.dz\/index.php\/2026\/04\/04\/liban-les-forces-doccupation-sionistes-detruisent-un-pont-dans-lest-du-pays\/"]}]},{"@type":"ImageObject","inLanguage":"fr-FR","@id":"https:\/\/lasentinelle.dz\/index.php\/2026\/04\/04\/liban-les-forces-doccupation-sionistes-detruisent-un-pont-dans-lest-du-pays\/#primaryimage","url":"https:\/\/lasentinelle.dz\/wp-content\/uploads\/2026\/04\/pont-liban.jpg","contentUrl":"https:\/\/lasentinelle.dz\/wp-content\/uploads\/2026\/04\/pont-liban.jpg","width":780,"height":470},{"@type":"BreadcrumbList","@id":"https:\/\/lasentinelle.dz\/index.php\/2026\/04\/04\/liban-les-forces-doccupation-sionistes-detruisent-un-pont-dans-lest-du-pays\/#breadcrumb","itemListElement":[{"@type":"ListItem","position":1,"name":"Accueil","item":"https:\/\/lasentinelle.dz\/"},{"@type":"ListItem","position":2,"name":"Liban\u00a0: Les forces d&rsquo;occupation sionistes d\u00e9truisent un pont dans l&rsquo;est du pays"}]},{"@type":"WebSite","@id":"https:\/\/lasentinelle.dz\/#website","url":"https:\/\/lasentinelle.dz\/","name":"La Sentinelle","description":"Quotidien national d&#039;information","publisher":{"@id":"https:\/\/lasentinelle.dz\/#organization"},"potentialAction":[{"@type":"SearchAction","target":{"@type":"EntryPoint","urlTemplate":"https:\/\/lasentinelle.dz\/?s={search_term_string}"},"query-input":{"@type":"PropertyValueSpecification","valueRequired":true,"valueName":"search_term_string"}}],"inLanguage":"fr-FR"},{"@type":"Organization","@id":"https:\/\/lasentinelle.dz\/#organization","name":"Quotidien La Sentinelle","url":"https:\/\/lasentinelle.dz\/","logo":{"@type":"ImageObject","inLanguage":"fr-FR","@id":"https:\/\/lasentinelle.dz\/#\/schema\/logo\/image\/","url":"https:\/\/lasentinelle.dz\/wp-content\/uploads\/2021\/09\/logo-sentinelleSLOGAN-1.png","contentUrl":"https:\/\/lasentinelle.dz\/wp-content\/uploads\/2021\/09\/logo-sentinelleSLOGAN-1.png","width":615,"height":142,"caption":"Quotidien La Sentinelle"},"image":{"@id":"https:\/\/lasentinelle.dz\/#\/schema\/logo\/image\/"},"sameAs":["https:\/\/www.facebook.com\/La-Sentinelle-104059864394773"]},{"@type":"Person","@id":"https:\/\/lasentinelle.dz\/#\/schema\/person\/729ee0024f24e0b8c5ec17232f8e8b41","name":"admin","image":{"@type":"ImageObject","inLanguage":"fr-FR","@id":"https:\/\/secure.gravatar.com\/avatar\/4c81fed838786e9b53f540bf46533e750f5d292099ae3b66cfc6fb1982e29df7?s=96&d=mm&r=g","url":"https:\/\/secure.gravatar.com\/avatar\/4c81fed838786e9b53f540bf46533e750f5d292099ae3b66cfc6fb1982e29df7?s=96&d=mm&r=g","contentUrl":"https:\/\/secure.gravatar.com\/avatar\/4c81fed838786e9b53f540bf46533e750f5d292099ae3b66cfc6fb1982e29df7?s=96&d=mm&r=g","caption":"admin"},"description":"admin","url":"https:\/\/lasentinelle.dz\/author\/admin\/"}]}},"_links":{"self":[{"href":"https:\/\/lasentinelle.dz\/index.php\/wp-json\/wp\/v2\/posts\/84898","targetHints":{"allow":["GET"]}}],"collection":[{"href":"https:\/\/lasentinelle.dz\/index.php\/wp-json\/wp\/v2\/posts"}],"about":[{"href":"https:\/\/lasentinelle.dz\/index.php\/wp-json\/wp\/v2\/types\/post"}],"author":[{"embeddable":true,"href":"https:\/\/lasentinelle.dz\/index.php\/wp-json\/wp\/v2\/users\/6"}],"replies":[{"embeddable":true,"href":"https:\/\/lasentinelle.dz\/index.php\/wp-json\/wp\/v2\/comments?post=84898"}],"version-history":[{"count":2,"href":"https:\/\/lasentinelle.dz\/index.php\/wp-json\/wp\/v2\/posts\/84898\/revisions"}],"predecessor-version":[{"id":84901,"href":"https:\/\/lasentinelle.dz\/index.php\/wp-json\/wp\/v2\/posts\/84898\/revisions\/84901"}],"wp:featuredmedia":[{"embeddable":true,"href":"https:\/\/lasentinelle.dz\/index.php\/wp-json\/wp\/v2\/media\/84899"}],"wp:attachment":[{"href":"https:\/\/lasentinelle.dz\/index.php\/wp-json\/wp\/v2\/media?parent=84898"}],"wp:term":[{"taxonomy":"category","embeddable":true,"href":"https:\/\/lasentinelle.dz\/index.php\/wp-json\/wp\/v2\/categories?post=84898"},{"taxonomy":"post_tag","embeddable":true,"href":"https:\/\/lasentinelle.dz\/index.php\/wp-json\/wp\/v2\/tags?post=84898"}],"curies":[{"name":"wp","href":"https:\/\/api.w.org\/{rel}","templated":true}]}}