{"id":84911,"date":"2026-04-04T19:50:45","date_gmt":"2026-04-04T18:50:45","guid":{"rendered":"https:\/\/lasentinelle.dz\/?p=84911"},"modified":"2026-04-04T19:50:46","modified_gmt":"2026-04-04T18:50:46","slug":"yacine-el-mahdi-oualid-a-sidi-bel-abbes-la-mecanisation-comme-levier-de-la-revolution-cerealiere","status":"publish","type":"post","link":"https:\/\/lasentinelle.dz\/index.php\/2026\/04\/04\/yacine-el-mahdi-oualid-a-sidi-bel-abbes-la-mecanisation-comme-levier-de-la-revolution-cerealiere\/","title":{"rendered":"Yacine El-Mahdi Oualid \u00e0 Sidi-Bel-Abb\u00e8s\u00a0: La m\u00e9canisation comme levier de la r\u00e9volution c\u00e9r\u00e9ali\u00e8re"},"content":{"rendered":"\n<p>C&rsquo;est dans la salle de conf\u00e9rences de l&rsquo;Universit\u00e9 Djilali-Liab\u00e8s que le ministre de l&rsquo;Agriculture, du D\u00e9veloppement rural et de la P\u00eache, Yacine El-Mahdi Oualid, a donn\u00e9 le coup d&rsquo;envoi, samedi, d&rsquo;une session de formation destin\u00e9e aux conducteurs de moissonneuses-batteuses et aux techniciens de l&rsquo;Entreprise de d\u00e9veloppement des cultures agricoles strat\u00e9giques (DCAS). Une initiative qui s&rsquo;inscrit dans la politique nationale de modernisation du secteur agricole, alors que l&rsquo;Alg\u00e9rie cherche \u00e0 r\u00e9duire sa d\u00e9pendance aux importations c\u00e9r\u00e9ali\u00e8res. Devant 124 professionnels r\u00e9unis pour cette formation de trois jours, le ministre a formul\u00e9 un diagnostic sans ambages. Investir dans la m\u00e9canisation et \u00e9lever le niveau de comp\u00e9tence des acteurs du secteur constituent, selon lui, les deux piliers incontournables d&rsquo;une relance agricole durable. \u00ab Cela contribuera \u00e0 am\u00e9liorer la productivit\u00e9 en passant de 15 quintaux par hectare pour les c\u00e9r\u00e9ales \u00e0 30 quintaux par hectare \u00bb, a-t-il d\u00e9clar\u00e9, fixant ainsi un objectif concret qui traduit la volont\u00e9 de doubler les rendements nationaux dans un contexte de pression alimentaire mondiale. Le programme p\u00e9dagogique, encadr\u00e9 par des sp\u00e9cialistes de l&rsquo;Entreprise nationale de production de mat\u00e9riels de r\u00e9colte SAMPO, allie th\u00e9orie et pratique. Les participants approfondiront leurs connaissances sur les techniques et la conduite des engins de r\u00e9colte avant de passer \u00e0 des exercices pratiques au sein m\u00eame de l&rsquo;entreprise. Une approche terrain qui tranche avec les formations exclusivement acad\u00e9miques et que le ministre a pr\u00e9sent\u00e9e comme un mod\u00e8le \u00e0 g\u00e9n\u00e9raliser.<\/p>\n\n\n\n<p>La visite de travail et d&rsquo;inspection du ministre, conduite aux c\u00f4t\u00e9s du wali Kamel Hadji, ne s&rsquo;est pas arr\u00eat\u00e9e l\u00e0. Oualid a \u00e9galement inspect\u00e9 le Centre d&rsquo;excellence alg\u00e9ro-italien pour l&rsquo;innovation agricole, vitrine d&rsquo;un partenariat technologique dont Sidi-Bel-Abb\u00e8s entend tirer profit pour moderniser ses \u00e9quipements. Une rencontre avec les agriculteurs de la wilaya et un expos\u00e9 sur le bilan des activit\u00e9s des p\u00e9rim\u00e8tres agricoles de la r\u00e9gion devaient clore ce d\u00e9placement minist\u00e9riel.<\/p>\n\n\n\n<p>Sabrina Aziouez<\/p>\n","protected":false},"excerpt":{"rendered":"<p>C&rsquo;est dans la salle de conf\u00e9rences de l&rsquo;Universit\u00e9 Djilali-Liab\u00e8s que le ministre de l&rsquo;Agriculture, du D\u00e9veloppement rural et de la<\/p>\n","protected":false},"author":6,"featured_media":65755,"comment_status":"open","ping_status":"closed","sticky":false,"template":"","format":"standard","meta":{"colormag_page_container_layout":"default_layout","colormag_page_sidebar_layout":"default_layout","om_disable_all_campaigns":false,"_monsterinsights_skip_tracking":false,"_monsterinsights_sitenote_active":false,"_monsterinsights_sitenote_note":"","_monsterinsights_sitenote_category":0,"footnotes":"","_wpscppro_dont_share_socialmedia":false,"_wpscppro_custom_social_share_image":0,"_facebook_share_type":"default","_twitter_share_type":"default","_linkedin_share_type":"default","_pinterest_share_type":"default","_linkedin_share_type_page":"","_instagram_share_type":"default","_medium_share_type":"default","_threads_share_type":"default","_google_business_share_type":"default","_selected_social_profile":[],"_wpsp_enable_custom_social_template":false,"_wpsp_social_scheduling":{"enabled":false,"datetime":null,"platforms":[],"status":"template_only","dateOption":"today","timeOption":"now","customDays":"","customHours":"","customDate":"","customTime":"","schedulingType":"absolute"},"_wpsp_active_default_template":true},"categories":[29],"tags":[],"class_list":["post-84911","post","type-post","status-publish","format-standard","has-post-thumbnail","hentry","category-economie"],"aioseo_notices":[],"yoast_head":"<!-- This site is optimized with the Yoast SEO plugin v27.5 - https:\/\/yoast.com\/product\/yoast-seo-wordpress\/ -->\n<title>Yacine El-Mahdi Oualid \u00e0 Sidi-Bel-Abb\u00e8s\u00a0: La m\u00e9canisation comme levier de la r\u00e9volution c\u00e9r\u00e9ali\u00e8re - La Sentinelle<\/title>\n<meta name=\"robots\" content=\"index, follow, max-snippet:-1, max-image-preview:large, max-video-preview:-1\" \/>\n<link rel=\"canonical\" href=\"https:\/\/lasentinelle.dz\/index.php\/2026\/04\/04\/yacine-el-mahdi-oualid-a-sidi-bel-abbes-la-mecanisation-comme-levier-de-la-revolution-cerealiere\/\" \/>\n<meta property=\"og:locale\" content=\"fr_FR\" \/>\n<meta property=\"og:type\" content=\"article\" \/>\n<meta property=\"og:title\" content=\"Yacine El-Mahdi Oualid \u00e0 Sidi-Bel-Abb\u00e8s\u00a0: La m\u00e9canisation comme levier de la r\u00e9volution c\u00e9r\u00e9ali\u00e8re - La Sentinelle\" \/>\n<meta property=\"og:description\" content=\"C&rsquo;est dans la salle de conf\u00e9rences de l&rsquo;Universit\u00e9 Djilali-Liab\u00e8s que le ministre de l&rsquo;Agriculture, du D\u00e9veloppement rural et de la\" \/>\n<meta property=\"og:url\" content=\"https:\/\/lasentinelle.dz\/index.php\/2026\/04\/04\/yacine-el-mahdi-oualid-a-sidi-bel-abbes-la-mecanisation-comme-levier-de-la-revolution-cerealiere\/\" \/>\n<meta property=\"og:site_name\" content=\"La Sentinelle\" \/>\n<meta property=\"article:publisher\" content=\"https:\/\/www.facebook.com\/La-Sentinelle-104059864394773\" \/>\n<meta property=\"article:published_time\" content=\"2026-04-04T18:50:45+00:00\" \/>\n<meta property=\"article:modified_time\" content=\"2026-04-04T18:50:46+00:00\" \/>\n<meta property=\"og:image\" content=\"https:\/\/lasentinelle.dz\/wp-content\/uploads\/2025\/04\/cereales.jpg\" \/>\n\t<meta property=\"og:image:width\" content=\"855\" \/>\n\t<meta property=\"og:image:height\" content=\"516\" \/>\n\t<meta property=\"og:image:type\" content=\"image\/jpeg\" \/>\n<meta name=\"author\" content=\"admin\" \/>\n<meta name=\"twitter:card\" content=\"summary_large_image\" \/>\n<meta name=\"twitter:label1\" content=\"\u00c9crit par\" \/>\n\t<meta name=\"twitter:data1\" content=\"admin\" \/>\n\t<meta name=\"twitter:label2\" content=\"Dur\u00e9e de lecture estim\u00e9e\" \/>\n\t<meta name=\"twitter:data2\" content=\"2 minutes\" \/>\n<script type=\"application\/ld+json\" class=\"yoast-schema-graph\">{\"@context\":\"https:\\\/\\\/schema.org\",\"@graph\":[{\"@type\":\"Article\",\"@id\":\"https:\\\/\\\/lasentinelle.dz\\\/index.php\\\/2026\\\/04\\\/04\\\/yacine-el-mahdi-oualid-a-sidi-bel-abbes-la-mecanisation-comme-levier-de-la-revolution-cerealiere\\\/#article\",\"isPartOf\":{\"@id\":\"https:\\\/\\\/lasentinelle.dz\\\/index.php\\\/2026\\\/04\\\/04\\\/yacine-el-mahdi-oualid-a-sidi-bel-abbes-la-mecanisation-comme-levier-de-la-revolution-cerealiere\\\/\"},\"author\":{\"name\":\"admin\",\"@id\":\"https:\\\/\\\/lasentinelle.dz\\\/#\\\/schema\\\/person\\\/729ee0024f24e0b8c5ec17232f8e8b41\"},\"headline\":\"Yacine El-Mahdi Oualid \u00e0 Sidi-Bel-Abb\u00e8s\u00a0: La m\u00e9canisation comme levier de la r\u00e9volution c\u00e9r\u00e9ali\u00e8re\",\"datePublished\":\"2026-04-04T18:50:45+00:00\",\"dateModified\":\"2026-04-04T18:50:46+00:00\",\"mainEntityOfPage\":{\"@id\":\"https:\\\/\\\/lasentinelle.dz\\\/index.php\\\/2026\\\/04\\\/04\\\/yacine-el-mahdi-oualid-a-sidi-bel-abbes-la-mecanisation-comme-levier-de-la-revolution-cerealiere\\\/\"},\"wordCount\":375,\"commentCount\":0,\"publisher\":{\"@id\":\"https:\\\/\\\/lasentinelle.dz\\\/#organization\"},\"image\":{\"@id\":\"https:\\\/\\\/lasentinelle.dz\\\/index.php\\\/2026\\\/04\\\/04\\\/yacine-el-mahdi-oualid-a-sidi-bel-abbes-la-mecanisation-comme-levier-de-la-revolution-cerealiere\\\/#primaryimage\"},\"thumbnailUrl\":\"https:\\\/\\\/lasentinelle.dz\\\/wp-content\\\/uploads\\\/2025\\\/04\\\/cereales.jpg\",\"articleSection\":[\"\u00c9conomie\"],\"inLanguage\":\"fr-FR\",\"potentialAction\":[{\"@type\":\"CommentAction\",\"name\":\"Comment\",\"target\":[\"https:\\\/\\\/lasentinelle.dz\\\/index.php\\\/2026\\\/04\\\/04\\\/yacine-el-mahdi-oualid-a-sidi-bel-abbes-la-mecanisation-comme-levier-de-la-revolution-cerealiere\\\/#respond\"]}]},{\"@type\":\"WebPage\",\"@id\":\"https:\\\/\\\/lasentinelle.dz\\\/index.php\\\/2026\\\/04\\\/04\\\/yacine-el-mahdi-oualid-a-sidi-bel-abbes-la-mecanisation-comme-levier-de-la-revolution-cerealiere\\\/\",\"url\":\"https:\\\/\\\/lasentinelle.dz\\\/index.php\\\/2026\\\/04\\\/04\\\/yacine-el-mahdi-oualid-a-sidi-bel-abbes-la-mecanisation-comme-levier-de-la-revolution-cerealiere\\\/\",\"name\":\"Yacine El-Mahdi Oualid \u00e0 Sidi-Bel-Abb\u00e8s\u00a0: La m\u00e9canisation comme levier de la r\u00e9volution c\u00e9r\u00e9ali\u00e8re - La Sentinelle\",\"isPartOf\":{\"@id\":\"https:\\\/\\\/lasentinelle.dz\\\/#website\"},\"primaryImageOfPage\":{\"@id\":\"https:\\\/\\\/lasentinelle.dz\\\/index.php\\\/2026\\\/04\\\/04\\\/yacine-el-mahdi-oualid-a-sidi-bel-abbes-la-mecanisation-comme-levier-de-la-revolution-cerealiere\\\/#primaryimage\"},\"image\":{\"@id\":\"https:\\\/\\\/lasentinelle.dz\\\/index.php\\\/2026\\\/04\\\/04\\\/yacine-el-mahdi-oualid-a-sidi-bel-abbes-la-mecanisation-comme-levier-de-la-revolution-cerealiere\\\/#primaryimage\"},\"thumbnailUrl\":\"https:\\\/\\\/lasentinelle.dz\\\/wp-content\\\/uploads\\\/2025\\\/04\\\/cereales.jpg\",\"datePublished\":\"2026-04-04T18:50:45+00:00\",\"dateModified\":\"2026-04-04T18:50:46+00:00\",\"breadcrumb\":{\"@id\":\"https:\\\/\\\/lasentinelle.dz\\\/index.php\\\/2026\\\/04\\\/04\\\/yacine-el-mahdi-oualid-a-sidi-bel-abbes-la-mecanisation-comme-levier-de-la-revolution-cerealiere\\\/#breadcrumb\"},\"inLanguage\":\"fr-FR\",\"potentialAction\":[{\"@type\":\"ReadAction\",\"target\":[\"https:\\\/\\\/lasentinelle.dz\\\/index.php\\\/2026\\\/04\\\/04\\\/yacine-el-mahdi-oualid-a-sidi-bel-abbes-la-mecanisation-comme-levier-de-la-revolution-cerealiere\\\/\"]}]},{\"@type\":\"ImageObject\",\"inLanguage\":\"fr-FR\",\"@id\":\"https:\\\/\\\/lasentinelle.dz\\\/index.php\\\/2026\\\/04\\\/04\\\/yacine-el-mahdi-oualid-a-sidi-bel-abbes-la-mecanisation-comme-levier-de-la-revolution-cerealiere\\\/#primaryimage\",\"url\":\"https:\\\/\\\/lasentinelle.dz\\\/wp-content\\\/uploads\\\/2025\\\/04\\\/cereales.jpg\",\"contentUrl\":\"https:\\\/\\\/lasentinelle.dz\\\/wp-content\\\/uploads\\\/2025\\\/04\\\/cereales.jpg\",\"width\":855,\"height\":516},{\"@type\":\"BreadcrumbList\",\"@id\":\"https:\\\/\\\/lasentinelle.dz\\\/index.php\\\/2026\\\/04\\\/04\\\/yacine-el-mahdi-oualid-a-sidi-bel-abbes-la-mecanisation-comme-levier-de-la-revolution-cerealiere\\\/#breadcrumb\",\"itemListElement\":[{\"@type\":\"ListItem\",\"position\":1,\"name\":\"Accueil\",\"item\":\"https:\\\/\\\/lasentinelle.dz\\\/\"},{\"@type\":\"ListItem\",\"position\":2,\"name\":\"Yacine El-Mahdi Oualid \u00e0 Sidi-Bel-Abb\u00e8s\u00a0: La m\u00e9canisation comme levier de la r\u00e9volution c\u00e9r\u00e9ali\u00e8re\"}]},{\"@type\":\"WebSite\",\"@id\":\"https:\\\/\\\/lasentinelle.dz\\\/#website\",\"url\":\"https:\\\/\\\/lasentinelle.dz\\\/\",\"name\":\"La Sentinelle\",\"description\":\"Quotidien national d&#039;information\",\"publisher\":{\"@id\":\"https:\\\/\\\/lasentinelle.dz\\\/#organization\"},\"potentialAction\":[{\"@type\":\"SearchAction\",\"target\":{\"@type\":\"EntryPoint\",\"urlTemplate\":\"https:\\\/\\\/lasentinelle.dz\\\/?s={search_term_string}\"},\"query-input\":{\"@type\":\"PropertyValueSpecification\",\"valueRequired\":true,\"valueName\":\"search_term_string\"}}],\"inLanguage\":\"fr-FR\"},{\"@type\":\"Organization\",\"@id\":\"https:\\\/\\\/lasentinelle.dz\\\/#organization\",\"name\":\"Quotidien La Sentinelle\",\"url\":\"https:\\\/\\\/lasentinelle.dz\\\/\",\"logo\":{\"@type\":\"ImageObject\",\"inLanguage\":\"fr-FR\",\"@id\":\"https:\\\/\\\/lasentinelle.dz\\\/#\\\/schema\\\/logo\\\/image\\\/\",\"url\":\"https:\\\/\\\/lasentinelle.dz\\\/wp-content\\\/uploads\\\/2021\\\/09\\\/logo-sentinelleSLOGAN-1.png\",\"contentUrl\":\"https:\\\/\\\/lasentinelle.dz\\\/wp-content\\\/uploads\\\/2021\\\/09\\\/logo-sentinelleSLOGAN-1.png\",\"width\":615,\"height\":142,\"caption\":\"Quotidien La Sentinelle\"},\"image\":{\"@id\":\"https:\\\/\\\/lasentinelle.dz\\\/#\\\/schema\\\/logo\\\/image\\\/\"},\"sameAs\":[\"https:\\\/\\\/www.facebook.com\\\/La-Sentinelle-104059864394773\"]},{\"@type\":\"Person\",\"@id\":\"https:\\\/\\\/lasentinelle.dz\\\/#\\\/schema\\\/person\\\/729ee0024f24e0b8c5ec17232f8e8b41\",\"name\":\"admin\",\"image\":{\"@type\":\"ImageObject\",\"inLanguage\":\"fr-FR\",\"@id\":\"https:\\\/\\\/secure.gravatar.com\\\/avatar\\\/4c81fed838786e9b53f540bf46533e750f5d292099ae3b66cfc6fb1982e29df7?s=96&d=mm&r=g\",\"url\":\"https:\\\/\\\/secure.gravatar.com\\\/avatar\\\/4c81fed838786e9b53f540bf46533e750f5d292099ae3b66cfc6fb1982e29df7?s=96&d=mm&r=g\",\"contentUrl\":\"https:\\\/\\\/secure.gravatar.com\\\/avatar\\\/4c81fed838786e9b53f540bf46533e750f5d292099ae3b66cfc6fb1982e29df7?s=96&d=mm&r=g\",\"caption\":\"admin\"},\"description\":\"admin\",\"url\":\"https:\\\/\\\/lasentinelle.dz\\\/author\\\/admin\\\/\"}]}<\/script>\n<!-- \/ Yoast SEO plugin. -->","yoast_head_json":{"title":"Yacine El-Mahdi Oualid \u00e0 Sidi-Bel-Abb\u00e8s\u00a0: La m\u00e9canisation comme levier de la r\u00e9volution c\u00e9r\u00e9ali\u00e8re - La Sentinelle","robots":{"index":"index","follow":"follow","max-snippet":"max-snippet:-1","max-image-preview":"max-image-preview:large","max-video-preview":"max-video-preview:-1"},"canonical":"https:\/\/lasentinelle.dz\/index.php\/2026\/04\/04\/yacine-el-mahdi-oualid-a-sidi-bel-abbes-la-mecanisation-comme-levier-de-la-revolution-cerealiere\/","og_locale":"fr_FR","og_type":"article","og_title":"Yacine El-Mahdi Oualid \u00e0 Sidi-Bel-Abb\u00e8s\u00a0: La m\u00e9canisation comme levier de la r\u00e9volution c\u00e9r\u00e9ali\u00e8re - La Sentinelle","og_description":"C&rsquo;est dans la salle de conf\u00e9rences de l&rsquo;Universit\u00e9 Djilali-Liab\u00e8s que le ministre de l&rsquo;Agriculture, du D\u00e9veloppement rural et de la","og_url":"https:\/\/lasentinelle.dz\/index.php\/2026\/04\/04\/yacine-el-mahdi-oualid-a-sidi-bel-abbes-la-mecanisation-comme-levier-de-la-revolution-cerealiere\/","og_site_name":"La Sentinelle","article_publisher":"https:\/\/www.facebook.com\/La-Sentinelle-104059864394773","article_published_time":"2026-04-04T18:50:45+00:00","article_modified_time":"2026-04-04T18:50:46+00:00","og_image":[{"width":855,"height":516,"url":"https:\/\/lasentinelle.dz\/wp-content\/uploads\/2025\/04\/cereales.jpg","type":"image\/jpeg"}],"author":"admin","twitter_card":"summary_large_image","twitter_misc":{"\u00c9crit par":"admin","Dur\u00e9e de lecture estim\u00e9e":"2 minutes"},"schema":{"@context":"https:\/\/schema.org","@graph":[{"@type":"Article","@id":"https:\/\/lasentinelle.dz\/index.php\/2026\/04\/04\/yacine-el-mahdi-oualid-a-sidi-bel-abbes-la-mecanisation-comme-levier-de-la-revolution-cerealiere\/#article","isPartOf":{"@id":"https:\/\/lasentinelle.dz\/index.php\/2026\/04\/04\/yacine-el-mahdi-oualid-a-sidi-bel-abbes-la-mecanisation-comme-levier-de-la-revolution-cerealiere\/"},"author":{"name":"admin","@id":"https:\/\/lasentinelle.dz\/#\/schema\/person\/729ee0024f24e0b8c5ec17232f8e8b41"},"headline":"Yacine El-Mahdi Oualid \u00e0 Sidi-Bel-Abb\u00e8s\u00a0: La m\u00e9canisation comme levier de la r\u00e9volution c\u00e9r\u00e9ali\u00e8re","datePublished":"2026-04-04T18:50:45+00:00","dateModified":"2026-04-04T18:50:46+00:00","mainEntityOfPage":{"@id":"https:\/\/lasentinelle.dz\/index.php\/2026\/04\/04\/yacine-el-mahdi-oualid-a-sidi-bel-abbes-la-mecanisation-comme-levier-de-la-revolution-cerealiere\/"},"wordCount":375,"commentCount":0,"publisher":{"@id":"https:\/\/lasentinelle.dz\/#organization"},"image":{"@id":"https:\/\/lasentinelle.dz\/index.php\/2026\/04\/04\/yacine-el-mahdi-oualid-a-sidi-bel-abbes-la-mecanisation-comme-levier-de-la-revolution-cerealiere\/#primaryimage"},"thumbnailUrl":"https:\/\/lasentinelle.dz\/wp-content\/uploads\/2025\/04\/cereales.jpg","articleSection":["\u00c9conomie"],"inLanguage":"fr-FR","potentialAction":[{"@type":"CommentAction","name":"Comment","target":["https:\/\/lasentinelle.dz\/index.php\/2026\/04\/04\/yacine-el-mahdi-oualid-a-sidi-bel-abbes-la-mecanisation-comme-levier-de-la-revolution-cerealiere\/#respond"]}]},{"@type":"WebPage","@id":"https:\/\/lasentinelle.dz\/index.php\/2026\/04\/04\/yacine-el-mahdi-oualid-a-sidi-bel-abbes-la-mecanisation-comme-levier-de-la-revolution-cerealiere\/","url":"https:\/\/lasentinelle.dz\/index.php\/2026\/04\/04\/yacine-el-mahdi-oualid-a-sidi-bel-abbes-la-mecanisation-comme-levier-de-la-revolution-cerealiere\/","name":"Yacine El-Mahdi Oualid \u00e0 Sidi-Bel-Abb\u00e8s\u00a0: La m\u00e9canisation comme levier de la r\u00e9volution c\u00e9r\u00e9ali\u00e8re - La Sentinelle","isPartOf":{"@id":"https:\/\/lasentinelle.dz\/#website"},"primaryImageOfPage":{"@id":"https:\/\/lasentinelle.dz\/index.php\/2026\/04\/04\/yacine-el-mahdi-oualid-a-sidi-bel-abbes-la-mecanisation-comme-levier-de-la-revolution-cerealiere\/#primaryimage"},"image":{"@id":"https:\/\/lasentinelle.dz\/index.php\/2026\/04\/04\/yacine-el-mahdi-oualid-a-sidi-bel-abbes-la-mecanisation-comme-levier-de-la-revolution-cerealiere\/#primaryimage"},"thumbnailUrl":"https:\/\/lasentinelle.dz\/wp-content\/uploads\/2025\/04\/cereales.jpg","datePublished":"2026-04-04T18:50:45+00:00","dateModified":"2026-04-04T18:50:46+00:00","breadcrumb":{"@id":"https:\/\/lasentinelle.dz\/index.php\/2026\/04\/04\/yacine-el-mahdi-oualid-a-sidi-bel-abbes-la-mecanisation-comme-levier-de-la-revolution-cerealiere\/#breadcrumb"},"inLanguage":"fr-FR","potentialAction":[{"@type":"ReadAction","target":["https:\/\/lasentinelle.dz\/index.php\/2026\/04\/04\/yacine-el-mahdi-oualid-a-sidi-bel-abbes-la-mecanisation-comme-levier-de-la-revolution-cerealiere\/"]}]},{"@type":"ImageObject","inLanguage":"fr-FR","@id":"https:\/\/lasentinelle.dz\/index.php\/2026\/04\/04\/yacine-el-mahdi-oualid-a-sidi-bel-abbes-la-mecanisation-comme-levier-de-la-revolution-cerealiere\/#primaryimage","url":"https:\/\/lasentinelle.dz\/wp-content\/uploads\/2025\/04\/cereales.jpg","contentUrl":"https:\/\/lasentinelle.dz\/wp-content\/uploads\/2025\/04\/cereales.jpg","width":855,"height":516},{"@type":"BreadcrumbList","@id":"https:\/\/lasentinelle.dz\/index.php\/2026\/04\/04\/yacine-el-mahdi-oualid-a-sidi-bel-abbes-la-mecanisation-comme-levier-de-la-revolution-cerealiere\/#breadcrumb","itemListElement":[{"@type":"ListItem","position":1,"name":"Accueil","item":"https:\/\/lasentinelle.dz\/"},{"@type":"ListItem","position":2,"name":"Yacine El-Mahdi Oualid \u00e0 Sidi-Bel-Abb\u00e8s\u00a0: La m\u00e9canisation comme levier de la r\u00e9volution c\u00e9r\u00e9ali\u00e8re"}]},{"@type":"WebSite","@id":"https:\/\/lasentinelle.dz\/#website","url":"https:\/\/lasentinelle.dz\/","name":"La Sentinelle","description":"Quotidien national d&#039;information","publisher":{"@id":"https:\/\/lasentinelle.dz\/#organization"},"potentialAction":[{"@type":"SearchAction","target":{"@type":"EntryPoint","urlTemplate":"https:\/\/lasentinelle.dz\/?s={search_term_string}"},"query-input":{"@type":"PropertyValueSpecification","valueRequired":true,"valueName":"search_term_string"}}],"inLanguage":"fr-FR"},{"@type":"Organization","@id":"https:\/\/lasentinelle.dz\/#organization","name":"Quotidien La Sentinelle","url":"https:\/\/lasentinelle.dz\/","logo":{"@type":"ImageObject","inLanguage":"fr-FR","@id":"https:\/\/lasentinelle.dz\/#\/schema\/logo\/image\/","url":"https:\/\/lasentinelle.dz\/wp-content\/uploads\/2021\/09\/logo-sentinelleSLOGAN-1.png","contentUrl":"https:\/\/lasentinelle.dz\/wp-content\/uploads\/2021\/09\/logo-sentinelleSLOGAN-1.png","width":615,"height":142,"caption":"Quotidien La Sentinelle"},"image":{"@id":"https:\/\/lasentinelle.dz\/#\/schema\/logo\/image\/"},"sameAs":["https:\/\/www.facebook.com\/La-Sentinelle-104059864394773"]},{"@type":"Person","@id":"https:\/\/lasentinelle.dz\/#\/schema\/person\/729ee0024f24e0b8c5ec17232f8e8b41","name":"admin","image":{"@type":"ImageObject","inLanguage":"fr-FR","@id":"https:\/\/secure.gravatar.com\/avatar\/4c81fed838786e9b53f540bf46533e750f5d292099ae3b66cfc6fb1982e29df7?s=96&d=mm&r=g","url":"https:\/\/secure.gravatar.com\/avatar\/4c81fed838786e9b53f540bf46533e750f5d292099ae3b66cfc6fb1982e29df7?s=96&d=mm&r=g","contentUrl":"https:\/\/secure.gravatar.com\/avatar\/4c81fed838786e9b53f540bf46533e750f5d292099ae3b66cfc6fb1982e29df7?s=96&d=mm&r=g","caption":"admin"},"description":"admin","url":"https:\/\/lasentinelle.dz\/author\/admin\/"}]}},"_links":{"self":[{"href":"https:\/\/lasentinelle.dz\/index.php\/wp-json\/wp\/v2\/posts\/84911","targetHints":{"allow":["GET"]}}],"collection":[{"href":"https:\/\/lasentinelle.dz\/index.php\/wp-json\/wp\/v2\/posts"}],"about":[{"href":"https:\/\/lasentinelle.dz\/index.php\/wp-json\/wp\/v2\/types\/post"}],"author":[{"embeddable":true,"href":"https:\/\/lasentinelle.dz\/index.php\/wp-json\/wp\/v2\/users\/6"}],"replies":[{"embeddable":true,"href":"https:\/\/lasentinelle.dz\/index.php\/wp-json\/wp\/v2\/comments?post=84911"}],"version-history":[{"count":1,"href":"https:\/\/lasentinelle.dz\/index.php\/wp-json\/wp\/v2\/posts\/84911\/revisions"}],"predecessor-version":[{"id":84912,"href":"https:\/\/lasentinelle.dz\/index.php\/wp-json\/wp\/v2\/posts\/84911\/revisions\/84912"}],"wp:featuredmedia":[{"embeddable":true,"href":"https:\/\/lasentinelle.dz\/index.php\/wp-json\/wp\/v2\/media\/65755"}],"wp:attachment":[{"href":"https:\/\/lasentinelle.dz\/index.php\/wp-json\/wp\/v2\/media?parent=84911"}],"wp:term":[{"taxonomy":"category","embeddable":true,"href":"https:\/\/lasentinelle.dz\/index.php\/wp-json\/wp\/v2\/categories?post=84911"},{"taxonomy":"post_tag","embeddable":true,"href":"https:\/\/lasentinelle.dz\/index.php\/wp-json\/wp\/v2\/tags?post=84911"}],"curies":[{"name":"wp","href":"https:\/\/api.w.org\/{rel}","templated":true}]}}